{"id":80866,"date":"2026-03-16T09:35:10","date_gmt":"2026-03-16T09:35:10","guid":{"rendered":"https:\/\/transportjournal.com\/2026\/03\/16\/le-depart-a-la-retraite-de-john-lauer-chez-matson-en-juillet\/"},"modified":"2026-03-16T09:35:10","modified_gmt":"2026-03-16T09:35:10","slug":"le-depart-a-la-retraite-de-john-lauer-chez-matson-en-juillet","status":"publish","type":"post","link":"https:\/\/transportjournal.com\/fr\/2026\/03\/16\/le-depart-a-la-retraite-de-john-lauer-chez-matson-en-juillet\/","title":{"rendered":"Le d\u00e9part \u00e0 la retraite de John Lauer chez Matson en juillet"},"content":{"rendered":"<p>Matson, Inc. a annonc\u00e9 que John Lauer (\u00e0 gauche), Vice-Pr\u00e9sident Ex\u00e9cutif et Directeur Commercial, prendra sa retraite le 1er juillet 2026. Lauer a dirig\u00e9 les activit\u00e9s de vente, de marketing, de tarification et de service client de l&#8217;entreprise au cours des 19 derni\u00e8res ann\u00e9es. Pendant cette p\u00e9riode, il a contribu\u00e9 de mani\u00e8re significative \u00e0 l&#8217;\u00e9volution des processus commerciaux.<\/p>\n<p>Chris Scott (\u00e0 droite), l&#8217;actuel Vice-Pr\u00e9sident Senior des Services Transpacifiques et des Tarifs d&#8217;Entreprise, succ\u00e9dera \u00e0 Lauer en tant que Vice-Pr\u00e9sident Ex\u00e9cutif et Directeur Commercial apr\u00e8s son d\u00e9part. Matt Cox, Pr\u00e9sident et Directeur G\u00e9n\u00e9ral de Matson, a salu\u00e9 le style de leadership de Lauer et a soulign\u00e9 son influence sur le d\u00e9veloppement de l&#8217;entreprise. \u00ab John est un mod\u00e8le de leadership chez Matson. Il incarne des valeurs telles que le travail d&#8217;\u00e9quipe, le respect mutuel et l&#8217;int\u00e9grit\u00e9 \u00bb, a d\u00e9clar\u00e9 Cox.<\/p>\n<p>Lauer a notamment renforc\u00e9 la position de Matson en tant que fournisseur de premier plan sur les march\u00e9s cl\u00e9s de l&#8217;entreprise et a favoris\u00e9 la croissance internationale. Cela inclut l&#8217;expansion des services acc\u00e9l\u00e9r\u00e9s entre la Chine et la c\u00f4te ouest des \u00c9tats-Unis, ainsi que le lancement de services de l&#8217;entreprise sur de nouveaux march\u00e9s en Asie. De plus, il a promu des initiatives technologiques pour d\u00e9velopper de nouveaux outils de gestion visant \u00e0 am\u00e9liorer la prise de d\u00e9cision strat\u00e9gique.<\/p>\n<p>Cox s&#8217;est \u00e9galement exprim\u00e9 sur la planification de la succession et a soulign\u00e9 que Scott, gr\u00e2ce \u00e0 ses 34 ann\u00e9es d&#8217;exp\u00e9rience dans le secteur, est bien pr\u00e9par\u00e9 pour ce nouveau r\u00f4le. Scott a commenc\u00e9 sa carri\u00e8re en 1992 dans le domaine du transport et de la logistique et a rejoint Matson en 1995 en tant qu&#8217;agent de service client. Il a occup\u00e9 divers postes de direction au sein de l&#8217;entreprise et a \u00e9t\u00e9 promu Vice-Pr\u00e9sident Senior des services transpacifiques en f\u00e9vrier 2021.<\/p>\n<p>Dans ce poste, il sera remplac\u00e9 par Tony Crisafulli, l&#8217;actuel Directeur du Commerce dans le domaine des Services Transpacifiques. Il a rejoint Matson l&#8217;ann\u00e9e derni\u00e8re et, dans son nouveau r\u00f4le, il dirigera les activit\u00e9s commerciales pour les services de l&#8217;entreprise en Chine et rendra compte \u00e0 Scott.<\/p>\n<p>Matson a \u00e9t\u00e9 fond\u00e9e en 1882 et est un fournisseur de services de transport maritime et de logistique. L&#8217;entreprise propose des services de transport maritime essentiels pour Hawa\u00ef, l&#8217;Alaska et Guam, ainsi que pour d&#8217;autres \u00e9conomies insulaires en Micron\u00e9sie. Matson exploite \u00e9galement des services acc\u00e9l\u00e9r\u00e9s de la Chine vers Long Beach, en Californie, et offre des services d&#8217;exportation internationale de l&#8217;Alaska vers l&#8217;Asie.<\/p>\n<p>&nbsp;<\/p>\n<p><a href=\"https:\/\/www.matson.com\/\" target=\"_blank\" rel=\"noopener noreferrer\">www.matson.com<\/a><\/p>\n<p>&nbsp;<\/p>\n","protected":false},"excerpt":{"rendered":"<p>Matson, Inc. a annonc\u00e9 que John Lauer prendra sa retraite le 1er juillet 2026 et que Chris Scott le remplacera en tant qu&rsquo;EVP et CCO.<\/p>\n","protected":false},"author":12,"featured_media":80864,"comment_status":"open","ping_status":"","sticky":false,"template":"","format":"standard","meta":{"_acf_changed":false,"footnotes":""},"categories":[1590,1579,1583],"tags":[27187,27188,27189,22040,27190,3353,3354,5136,27191,2123,27192,3776,27193,2279,2280,27194,27195,27196,27197,2821,27198,27199,1831,2282,5054,27200,27201,27202,27203,27204,27205,27206,3379,27207,27208,27209,27210,27211,27212,2829,27213,27214,27215,27216,27217,27218,15629,27219,2106,27220,27221,27222,27223,27224,5698,3808,27225],"class_list":["post-80866","post","type-post","status-publish","format-standard","has-post-thumbnail","hentry","category-ameriques","category-personnes-et-entreprises","category-transport-maritime-et-ports","tag-corporate-development-matson","tag-customer-service-matson","tag-depart-lauer","tag-deutsch-matson","tag-developpement-dentreprise-matson","tag-digitalisierung-logistik","tag-digitalization-logistics","tag-fachkraeftemangel-transport","tag-freight-transport-hawaii","tag-gestion-de-la-chaine-dapprovisionnement","tag-hafenbetrieb-kalifornien","tag-industrie-du-transport-usa","tag-initiatives-technologiques-logistique","tag-international-logistics","tag-internationale-logistik","tag-kundenservice-matson","tag-lauer-retirement","tag-lauer-ruhestand","tag-leadership-matson","tag-logistics-providers","tag-logistics-sector-asia","tag-logistikbranche-asien","tag-logistikdienstleister","tag-logistique-internationale","tag-logistique-maritime","tag-maritime-logistics-francais-matson","tag-maritime-logistik-english-matson","tag-market-share-matson","tag-marktanteil-matson","tag-matson-fuehrung","tag-matson-leadership","tag-nachfolgeplanung-matson","tag-numerisation-logistique","tag-ocean-transportation-services","tag-operations-portuaires-californie","tag-part-de-marche-matson","tag-penurie-de-competences-transport","tag-planification-de-la-succession-matson","tag-port-operations-california","tag-prestataires-logistiques","tag-secteur-logistique-asie","tag-seefrachttransport-hawaii","tag-seetransport-dienstleistungen","tag-service-client-matson","tag-services-de-transport-maritime","tag-services-transpacifiques","tag-skills-shortage-transport","tag-succession-planning-matson","tag-supply-chain-management","tag-technological-initiatives-logistics","tag-technologische-initiativen-logistik","tag-transpacific-services","tag-transpazifische-dienste","tag-transport-de-fret-hawaii","tag-transportation-industry-usa","tag-transportwirtschaft-usa","tag-unternehmensentwicklung-matson"],"acf":[],"yoast_head":"<!-- This site is optimized with the Yoast SEO plugin v27.3 - https:\/\/yoast.com\/product\/yoast-seo-wordpress\/ -->\n<title>Le d\u00e9part \u00e0 la retraite de John Lauer chez Matson en juillet - ITJ | International Transport Journal<\/title>\n<meta name=\"robots\" content=\"index, follow, max-snippet:-1, max-image-preview:large, max-video-preview:-1\" \/>\n<link rel=\"canonical\" href=\"https:\/\/transportjournal.com\/fr\/2026\/03\/16\/le-depart-a-la-retraite-de-john-lauer-chez-matson-en-juillet\/\" \/>\n<meta property=\"og:locale\" content=\"fr_FR\" \/>\n<meta property=\"og:type\" content=\"article\" \/>\n<meta property=\"og:title\" content=\"Le d\u00e9part \u00e0 la retraite de John Lauer chez Matson en juillet - ITJ | International Transport Journal\" \/>\n<meta property=\"og:description\" content=\"Matson, Inc. a annonc\u00e9 que John Lauer prendra sa retraite le 1er juillet 2026 et que Chris Scott le remplacera en tant qu&#039;EVP et CCO.\" \/>\n<meta property=\"og:url\" content=\"https:\/\/transportjournal.com\/fr\/2026\/03\/16\/le-depart-a-la-retraite-de-john-lauer-chez-matson-en-juillet\/\" \/>\n<meta property=\"og:site_name\" content=\"ITJ | International Transport Journal\" \/>\n<meta property=\"article:published_time\" content=\"2026-03-16T09:35:10+00:00\" \/>\n<meta property=\"og:image\" content=\"https:\/\/transportjournal.com\/wp-content\/uploads\/sites\/2\/2026\/03\/Matson_Inc___Lauer_Retirement-aspect-ratio-1400-788.jpg\" \/>\n\t<meta property=\"og:image:width\" content=\"510\" \/>\n\t<meta property=\"og:image:height\" content=\"287\" \/>\n\t<meta property=\"og:image:type\" content=\"image\/jpeg\" \/>\n<meta name=\"author\" content=\"Andreas Haug\" \/>\n<meta name=\"twitter:card\" content=\"summary_large_image\" \/>\n<meta name=\"twitter:label1\" content=\"\u00c9crit par\" \/>\n\t<meta name=\"twitter:data1\" content=\"Andreas Haug\" \/>\n\t<meta name=\"twitter:label2\" content=\"Dur\u00e9e de lecture estim\u00e9e\" \/>\n\t<meta name=\"twitter:data2\" content=\"2 minutes\" \/>\n<script type=\"application\/ld+json\" class=\"yoast-schema-graph\">{\"@context\":\"https:\\\/\\\/schema.org\",\"@graph\":[{\"@type\":\"Article\",\"@id\":\"https:\\\/\\\/transportjournal.com\\\/fr\\\/2026\\\/03\\\/16\\\/le-depart-a-la-retraite-de-john-lauer-chez-matson-en-juillet\\\/#article\",\"isPartOf\":{\"@id\":\"https:\\\/\\\/transportjournal.com\\\/fr\\\/2026\\\/03\\\/16\\\/le-depart-a-la-retraite-de-john-lauer-chez-matson-en-juillet\\\/\"},\"author\":{\"name\":\"Andreas Haug\",\"@id\":\"https:\\\/\\\/transportjournal.com\\\/fr\\\/#\\\/schema\\\/person\\\/cf538b3157f15afd7589245a4b3dbd25\"},\"headline\":\"Le d\u00e9part \u00e0 la retraite de John Lauer chez Matson en juillet\",\"datePublished\":\"2026-03-16T09:35:10+00:00\",\"mainEntityOfPage\":{\"@id\":\"https:\\\/\\\/transportjournal.com\\\/fr\\\/2026\\\/03\\\/16\\\/le-depart-a-la-retraite-de-john-lauer-chez-matson-en-juillet\\\/\"},\"wordCount\":482,\"commentCount\":0,\"publisher\":{\"@id\":\"https:\\\/\\\/transportjournal.com\\\/fr\\\/#organization\"},\"image\":{\"@id\":\"https:\\\/\\\/transportjournal.com\\\/fr\\\/2026\\\/03\\\/16\\\/le-depart-a-la-retraite-de-john-lauer-chez-matson-en-juillet\\\/#primaryimage\"},\"thumbnailUrl\":\"https:\\\/\\\/transportjournal.com\\\/wp-content\\\/uploads\\\/sites\\\/2\\\/2026\\\/03\\\/Matson_Inc___Lauer_Retirement-aspect-ratio-1400-788.jpg\",\"keywords\":[\"corporate development Matson\",\"customer service Matson\",\"d\u00e9part Lauer\",\"Deutsch Matson\",\"d\u00e9veloppement d'entreprise Matson\",\"Digitalisierung Logistik\",\"digitalization logistics\",\"Fachkr\u00e4ftemangel Transport\",\"freight transport Hawaii\",\"gestion de la cha\u00eene d'approvisionnement\",\"Hafenbetrieb Kalifornien\",\"industrie du transport USA\",\"initiatives technologiques logistique\",\"international logistics\",\"internationale Logistik\",\"Kundenservice Matson\",\"Lauer retirement\",\"Lauer Ruhestand\",\"leadership Matson\",\"logistics providers\",\"logistics sector Asia\",\"Logistikbranche Asien\",\"Logistikdienstleister\",\"logistique internationale\",\"logistique maritime\",\"maritime logistics Fran\u00e7ais Matson\",\"maritime Logistik English Matson\",\"market share Matson\",\"Marktanteil Matson\",\"Matson F\u00fchrung\",\"Matson leadership\",\"Nachfolgeplanung Matson\",\"num\u00e9risation logistique\",\"ocean transportation services\",\"op\u00e9rations portuaires Californie\",\"part de march\u00e9 Matson\",\"p\u00e9nurie de comp\u00e9tences transport\",\"planification de la succession Matson\",\"port operations California\",\"prestataires logistiques\",\"secteur logistique Asie\",\"Seefrachttransport Hawaii\",\"Seetransport Dienstleistungen\",\"service client Matson\",\"services de transport maritime\",\"services transpacifiques\",\"skills shortage transport\",\"succession planning Matson\",\"Supply Chain Management\",\"technological initiatives logistics\",\"technologische Initiativen Logistik\",\"Transpacific services\",\"Transpazifische Dienste\",\"transport de fret Hawaii\",\"transportation industry USA\",\"Transportwirtschaft USA\",\"Unternehmensentwicklung Matson\"],\"articleSection\":[\"Am\u00e9riques\",\"Personnes et entreprises\",\"Transport maritime et ports\"],\"inLanguage\":\"fr-FR\",\"potentialAction\":[{\"@type\":\"CommentAction\",\"name\":\"Comment\",\"target\":[\"https:\\\/\\\/transportjournal.com\\\/fr\\\/2026\\\/03\\\/16\\\/le-depart-a-la-retraite-de-john-lauer-chez-matson-en-juillet\\\/#respond\"]}]},{\"@type\":\"WebPage\",\"@id\":\"https:\\\/\\\/transportjournal.com\\\/fr\\\/2026\\\/03\\\/16\\\/le-depart-a-la-retraite-de-john-lauer-chez-matson-en-juillet\\\/\",\"url\":\"https:\\\/\\\/transportjournal.com\\\/fr\\\/2026\\\/03\\\/16\\\/le-depart-a-la-retraite-de-john-lauer-chez-matson-en-juillet\\\/\",\"name\":\"Le d\u00e9part \u00e0 la retraite de John Lauer chez Matson en juillet - ITJ | International Transport Journal\",\"isPartOf\":{\"@id\":\"https:\\\/\\\/transportjournal.com\\\/fr\\\/#website\"},\"primaryImageOfPage\":{\"@id\":\"https:\\\/\\\/transportjournal.com\\\/fr\\\/2026\\\/03\\\/16\\\/le-depart-a-la-retraite-de-john-lauer-chez-matson-en-juillet\\\/#primaryimage\"},\"image\":{\"@id\":\"https:\\\/\\\/transportjournal.com\\\/fr\\\/2026\\\/03\\\/16\\\/le-depart-a-la-retraite-de-john-lauer-chez-matson-en-juillet\\\/#primaryimage\"},\"thumbnailUrl\":\"https:\\\/\\\/transportjournal.com\\\/wp-content\\\/uploads\\\/sites\\\/2\\\/2026\\\/03\\\/Matson_Inc___Lauer_Retirement-aspect-ratio-1400-788.jpg\",\"datePublished\":\"2026-03-16T09:35:10+00:00\",\"breadcrumb\":{\"@id\":\"https:\\\/\\\/transportjournal.com\\\/fr\\\/2026\\\/03\\\/16\\\/le-depart-a-la-retraite-de-john-lauer-chez-matson-en-juillet\\\/#breadcrumb\"},\"inLanguage\":\"fr-FR\",\"potentialAction\":[{\"@type\":\"ReadAction\",\"target\":[\"https:\\\/\\\/transportjournal.com\\\/fr\\\/2026\\\/03\\\/16\\\/le-depart-a-la-retraite-de-john-lauer-chez-matson-en-juillet\\\/\"]}]},{\"@type\":\"ImageObject\",\"inLanguage\":\"fr-FR\",\"@id\":\"https:\\\/\\\/transportjournal.com\\\/fr\\\/2026\\\/03\\\/16\\\/le-depart-a-la-retraite-de-john-lauer-chez-matson-en-juillet\\\/#primaryimage\",\"url\":\"https:\\\/\\\/transportjournal.com\\\/wp-content\\\/uploads\\\/sites\\\/2\\\/2026\\\/03\\\/Matson_Inc___Lauer_Retirement-aspect-ratio-1400-788.jpg\",\"contentUrl\":\"https:\\\/\\\/transportjournal.com\\\/wp-content\\\/uploads\\\/sites\\\/2\\\/2026\\\/03\\\/Matson_Inc___Lauer_Retirement-aspect-ratio-1400-788.jpg\",\"width\":510,\"height\":287},{\"@type\":\"BreadcrumbList\",\"@id\":\"https:\\\/\\\/transportjournal.com\\\/fr\\\/2026\\\/03\\\/16\\\/le-depart-a-la-retraite-de-john-lauer-chez-matson-en-juillet\\\/#breadcrumb\",\"itemListElement\":[{\"@type\":\"ListItem\",\"position\":1,\"name\":\"Startseite\",\"item\":\"https:\\\/\\\/transportjournal.com\\\/fr\\\/\"},{\"@type\":\"ListItem\",\"position\":2,\"name\":\"Le d\u00e9part \u00e0 la retraite de John Lauer chez Matson en juillet\"}]},{\"@type\":\"WebSite\",\"@id\":\"https:\\\/\\\/transportjournal.com\\\/fr\\\/#website\",\"url\":\"https:\\\/\\\/transportjournal.com\\\/fr\\\/\",\"name\":\"ITJ | International Transport Journal\",\"description\":\"Restez inform\u00e9 des derni\u00e8res nouvelles mondiales dans les secteurs du transport, de la logistique et de la cha\u00eene d'approvisionnement. Transport Journal fournit des informations d'experts, des analyses et des mises \u00e0 jour sur le transport maritime, l'aviation, l'intermodalit\u00e9 et l'exp\u00e9dition. \",\"publisher\":{\"@id\":\"https:\\\/\\\/transportjournal.com\\\/fr\\\/#organization\"},\"potentialAction\":[{\"@type\":\"SearchAction\",\"target\":{\"@type\":\"EntryPoint\",\"urlTemplate\":\"https:\\\/\\\/transportjournal.com\\\/fr\\\/?s={search_term_string}\"},\"query-input\":{\"@type\":\"PropertyValueSpecification\",\"valueRequired\":true,\"valueName\":\"search_term_string\"}}],\"inLanguage\":\"fr-FR\"},{\"@type\":\"Organization\",\"@id\":\"https:\\\/\\\/transportjournal.com\\\/fr\\\/#organization\",\"name\":\"Groupe Logismedia AG\",\"alternateName\":\"Logismedia Group AG\",\"url\":\"https:\\\/\\\/transportjournal.com\\\/fr\\\/\",\"logo\":{\"@type\":\"ImageObject\",\"inLanguage\":\"fr-FR\",\"@id\":\"https:\\\/\\\/transportjournal.com\\\/fr\\\/#\\\/schema\\\/logo\\\/image\\\/\",\"url\":\"https:\\\/\\\/transportjournal.com\\\/wp-content\\\/uploads\\\/sites\\\/2\\\/2025\\\/09\\\/Logo_ITJ.png\",\"contentUrl\":\"https:\\\/\\\/transportjournal.com\\\/wp-content\\\/uploads\\\/sites\\\/2\\\/2025\\\/09\\\/Logo_ITJ.png\",\"width\":799,\"height\":326,\"caption\":\"Groupe Logismedia AG\"},\"image\":{\"@id\":\"https:\\\/\\\/transportjournal.com\\\/fr\\\/#\\\/schema\\\/logo\\\/image\\\/\"},\"sameAs\":[\"https:\\\/\\\/www.linkedin.com\\\/company\\\/56456496\\\/admin\\\/dashboard\\\/\",\"https:\\\/\\\/www.instagram.com\\\/logismediagroup\\\/\",\"https:\\\/\\\/www.youtube.com\\\/@LogiamediaGroupAG\"]},{\"@type\":\"Person\",\"@id\":\"https:\\\/\\\/transportjournal.com\\\/fr\\\/#\\\/schema\\\/person\\\/cf538b3157f15afd7589245a4b3dbd25\",\"name\":\"Andreas Haug\",\"url\":\"https:\\\/\\\/transportjournal.com\\\/fr\\\/author\\\/andreas\\\/\"}]}<\/script>\n<!-- \/ Yoast SEO plugin. -->","yoast_head_json":{"title":"Le d\u00e9part \u00e0 la retraite de John Lauer chez Matson en juillet - ITJ | International Transport Journal","robots":{"index":"index","follow":"follow","max-snippet":"max-snippet:-1","max-image-preview":"max-image-preview:large","max-video-preview":"max-video-preview:-1"},"canonical":"https:\/\/transportjournal.com\/fr\/2026\/03\/16\/le-depart-a-la-retraite-de-john-lauer-chez-matson-en-juillet\/","og_locale":"fr_FR","og_type":"article","og_title":"Le d\u00e9part \u00e0 la retraite de John Lauer chez Matson en juillet - ITJ | International Transport Journal","og_description":"Matson, Inc. a annonc\u00e9 que John Lauer prendra sa retraite le 1er juillet 2026 et que Chris Scott le remplacera en tant qu'EVP et CCO.","og_url":"https:\/\/transportjournal.com\/fr\/2026\/03\/16\/le-depart-a-la-retraite-de-john-lauer-chez-matson-en-juillet\/","og_site_name":"ITJ | International Transport Journal","article_published_time":"2026-03-16T09:35:10+00:00","og_image":[{"width":510,"height":287,"url":"https:\/\/transportjournal.com\/wp-content\/uploads\/sites\/2\/2026\/03\/Matson_Inc___Lauer_Retirement-aspect-ratio-1400-788.jpg","type":"image\/jpeg"}],"author":"Andreas Haug","twitter_card":"summary_large_image","twitter_misc":{"\u00c9crit par":"Andreas Haug","Dur\u00e9e de lecture estim\u00e9e":"2 minutes"},"schema":{"@context":"https:\/\/schema.org","@graph":[{"@type":"Article","@id":"https:\/\/transportjournal.com\/fr\/2026\/03\/16\/le-depart-a-la-retraite-de-john-lauer-chez-matson-en-juillet\/#article","isPartOf":{"@id":"https:\/\/transportjournal.com\/fr\/2026\/03\/16\/le-depart-a-la-retraite-de-john-lauer-chez-matson-en-juillet\/"},"author":{"name":"Andreas Haug","@id":"https:\/\/transportjournal.com\/fr\/#\/schema\/person\/cf538b3157f15afd7589245a4b3dbd25"},"headline":"Le d\u00e9part \u00e0 la retraite de John Lauer chez Matson en juillet","datePublished":"2026-03-16T09:35:10+00:00","mainEntityOfPage":{"@id":"https:\/\/transportjournal.com\/fr\/2026\/03\/16\/le-depart-a-la-retraite-de-john-lauer-chez-matson-en-juillet\/"},"wordCount":482,"commentCount":0,"publisher":{"@id":"https:\/\/transportjournal.com\/fr\/#organization"},"image":{"@id":"https:\/\/transportjournal.com\/fr\/2026\/03\/16\/le-depart-a-la-retraite-de-john-lauer-chez-matson-en-juillet\/#primaryimage"},"thumbnailUrl":"https:\/\/transportjournal.com\/wp-content\/uploads\/sites\/2\/2026\/03\/Matson_Inc___Lauer_Retirement-aspect-ratio-1400-788.jpg","keywords":["corporate development Matson","customer service Matson","d\u00e9part Lauer","Deutsch Matson","d\u00e9veloppement d'entreprise Matson","Digitalisierung Logistik","digitalization logistics","Fachkr\u00e4ftemangel Transport","freight transport Hawaii","gestion de la cha\u00eene d'approvisionnement","Hafenbetrieb Kalifornien","industrie du transport USA","initiatives technologiques logistique","international logistics","internationale Logistik","Kundenservice Matson","Lauer retirement","Lauer Ruhestand","leadership Matson","logistics providers","logistics sector Asia","Logistikbranche Asien","Logistikdienstleister","logistique internationale","logistique maritime","maritime logistics Fran\u00e7ais Matson","maritime Logistik English Matson","market share Matson","Marktanteil Matson","Matson F\u00fchrung","Matson leadership","Nachfolgeplanung Matson","num\u00e9risation logistique","ocean transportation services","op\u00e9rations portuaires Californie","part de march\u00e9 Matson","p\u00e9nurie de comp\u00e9tences transport","planification de la succession Matson","port operations California","prestataires logistiques","secteur logistique Asie","Seefrachttransport Hawaii","Seetransport Dienstleistungen","service client Matson","services de transport maritime","services transpacifiques","skills shortage transport","succession planning Matson","Supply Chain Management","technological initiatives logistics","technologische Initiativen Logistik","Transpacific services","Transpazifische Dienste","transport de fret Hawaii","transportation industry USA","Transportwirtschaft USA","Unternehmensentwicklung Matson"],"articleSection":["Am\u00e9riques","Personnes et entreprises","Transport maritime et ports"],"inLanguage":"fr-FR","potentialAction":[{"@type":"CommentAction","name":"Comment","target":["https:\/\/transportjournal.com\/fr\/2026\/03\/16\/le-depart-a-la-retraite-de-john-lauer-chez-matson-en-juillet\/#respond"]}]},{"@type":"WebPage","@id":"https:\/\/transportjournal.com\/fr\/2026\/03\/16\/le-depart-a-la-retraite-de-john-lauer-chez-matson-en-juillet\/","url":"https:\/\/transportjournal.com\/fr\/2026\/03\/16\/le-depart-a-la-retraite-de-john-lauer-chez-matson-en-juillet\/","name":"Le d\u00e9part \u00e0 la retraite de John Lauer chez Matson en juillet - ITJ | International Transport Journal","isPartOf":{"@id":"https:\/\/transportjournal.com\/fr\/#website"},"primaryImageOfPage":{"@id":"https:\/\/transportjournal.com\/fr\/2026\/03\/16\/le-depart-a-la-retraite-de-john-lauer-chez-matson-en-juillet\/#primaryimage"},"image":{"@id":"https:\/\/transportjournal.com\/fr\/2026\/03\/16\/le-depart-a-la-retraite-de-john-lauer-chez-matson-en-juillet\/#primaryimage"},"thumbnailUrl":"https:\/\/transportjournal.com\/wp-content\/uploads\/sites\/2\/2026\/03\/Matson_Inc___Lauer_Retirement-aspect-ratio-1400-788.jpg","datePublished":"2026-03-16T09:35:10+00:00","breadcrumb":{"@id":"https:\/\/transportjournal.com\/fr\/2026\/03\/16\/le-depart-a-la-retraite-de-john-lauer-chez-matson-en-juillet\/#breadcrumb"},"inLanguage":"fr-FR","potentialAction":[{"@type":"ReadAction","target":["https:\/\/transportjournal.com\/fr\/2026\/03\/16\/le-depart-a-la-retraite-de-john-lauer-chez-matson-en-juillet\/"]}]},{"@type":"ImageObject","inLanguage":"fr-FR","@id":"https:\/\/transportjournal.com\/fr\/2026\/03\/16\/le-depart-a-la-retraite-de-john-lauer-chez-matson-en-juillet\/#primaryimage","url":"https:\/\/transportjournal.com\/wp-content\/uploads\/sites\/2\/2026\/03\/Matson_Inc___Lauer_Retirement-aspect-ratio-1400-788.jpg","contentUrl":"https:\/\/transportjournal.com\/wp-content\/uploads\/sites\/2\/2026\/03\/Matson_Inc___Lauer_Retirement-aspect-ratio-1400-788.jpg","width":510,"height":287},{"@type":"BreadcrumbList","@id":"https:\/\/transportjournal.com\/fr\/2026\/03\/16\/le-depart-a-la-retraite-de-john-lauer-chez-matson-en-juillet\/#breadcrumb","itemListElement":[{"@type":"ListItem","position":1,"name":"Startseite","item":"https:\/\/transportjournal.com\/fr\/"},{"@type":"ListItem","position":2,"name":"Le d\u00e9part \u00e0 la retraite de John Lauer chez Matson en juillet"}]},{"@type":"WebSite","@id":"https:\/\/transportjournal.com\/fr\/#website","url":"https:\/\/transportjournal.com\/fr\/","name":"ITJ | International Transport Journal","description":"Restez inform\u00e9 des derni\u00e8res nouvelles mondiales dans les secteurs du transport, de la logistique et de la cha\u00eene d'approvisionnement. Transport Journal fournit des informations d'experts, des analyses et des mises \u00e0 jour sur le transport maritime, l'aviation, l'intermodalit\u00e9 et l'exp\u00e9dition. ","publisher":{"@id":"https:\/\/transportjournal.com\/fr\/#organization"},"potentialAction":[{"@type":"SearchAction","target":{"@type":"EntryPoint","urlTemplate":"https:\/\/transportjournal.com\/fr\/?s={search_term_string}"},"query-input":{"@type":"PropertyValueSpecification","valueRequired":true,"valueName":"search_term_string"}}],"inLanguage":"fr-FR"},{"@type":"Organization","@id":"https:\/\/transportjournal.com\/fr\/#organization","name":"Groupe Logismedia AG","alternateName":"Logismedia Group AG","url":"https:\/\/transportjournal.com\/fr\/","logo":{"@type":"ImageObject","inLanguage":"fr-FR","@id":"https:\/\/transportjournal.com\/fr\/#\/schema\/logo\/image\/","url":"https:\/\/transportjournal.com\/wp-content\/uploads\/sites\/2\/2025\/09\/Logo_ITJ.png","contentUrl":"https:\/\/transportjournal.com\/wp-content\/uploads\/sites\/2\/2025\/09\/Logo_ITJ.png","width":799,"height":326,"caption":"Groupe Logismedia AG"},"image":{"@id":"https:\/\/transportjournal.com\/fr\/#\/schema\/logo\/image\/"},"sameAs":["https:\/\/www.linkedin.com\/company\/56456496\/admin\/dashboard\/","https:\/\/www.instagram.com\/logismediagroup\/","https:\/\/www.youtube.com\/@LogiamediaGroupAG"]},{"@type":"Person","@id":"https:\/\/transportjournal.com\/fr\/#\/schema\/person\/cf538b3157f15afd7589245a4b3dbd25","name":"Andreas Haug","url":"https:\/\/transportjournal.com\/fr\/author\/andreas\/"}]}},"_links":{"self":[{"href":"https:\/\/transportjournal.com\/fr\/wp-json\/wp\/v2\/posts\/80866","targetHints":{"allow":["GET"]}}],"collection":[{"href":"https:\/\/transportjournal.com\/fr\/wp-json\/wp\/v2\/posts"}],"about":[{"href":"https:\/\/transportjournal.com\/fr\/wp-json\/wp\/v2\/types\/post"}],"author":[{"embeddable":true,"href":"https:\/\/transportjournal.com\/fr\/wp-json\/wp\/v2\/users\/12"}],"replies":[{"embeddable":true,"href":"https:\/\/transportjournal.com\/fr\/wp-json\/wp\/v2\/comments?post=80866"}],"version-history":[{"count":0,"href":"https:\/\/transportjournal.com\/fr\/wp-json\/wp\/v2\/posts\/80866\/revisions"}],"wp:featuredmedia":[{"embeddable":true,"href":"https:\/\/transportjournal.com\/fr\/wp-json\/wp\/v2\/media\/80864"}],"wp:attachment":[{"href":"https:\/\/transportjournal.com\/fr\/wp-json\/wp\/v2\/media?parent=80866"}],"wp:term":[{"taxonomy":"category","embeddable":true,"href":"https:\/\/transportjournal.com\/fr\/wp-json\/wp\/v2\/categories?post=80866"},{"taxonomy":"post_tag","embeddable":true,"href":"https:\/\/transportjournal.com\/fr\/wp-json\/wp\/v2\/tags?post=80866"}],"curies":[{"name":"wp","href":"https:\/\/api.w.org\/{rel}","templated":true}]}}