{"id":80851,"date":"2026-03-13T14:42:08","date_gmt":"2026-03-13T14:42:08","guid":{"rendered":"https:\/\/transportjournal.com\/2026\/03\/13\/cooperation-entre-maersk-et-east-west-intermodal\/"},"modified":"2026-03-13T16:15:10","modified_gmt":"2026-03-13T15:15:10","slug":"cooperation-entre-maersk-et-east-west-intermodal","status":"publish","type":"post","link":"https:\/\/transportjournal.com\/fr\/2026\/03\/13\/cooperation-entre-maersk-et-east-west-intermodal\/","title":{"rendered":"Coop\u00e9ration entre Maersk et East-West Intermodal"},"content":{"rendered":"<p>La logistique intermodale en Hongrie orientale est renforc\u00e9e par une nouvelle coop\u00e9ration entre East-West Intermodal Logistics Plc. (EWG) et AP Moller \u2013 Maersk, comme l&#8217;a r\u00e9cemment rapport\u00e9 le portail d&#8217;actualit\u00e9s Port Technology International. Lors d&#8217;une c\u00e9r\u00e9monie au terminal intermodal EWG \u00e0 F\u00e9nyeslitke, des repr\u00e9sentants des deux entreprises ont sign\u00e9 un accord \u00e0 long terme pour l&#8217;introduction de services de d\u00e9p\u00f4t de conteneurs et de services de port sec.<\/p>\n<h3>\u00c9tablissement d&#8217;une op\u00e9ration de port sec<\/h3>\n<p>Avec cet accord, Maersk pr\u00e9voit d&#8217;\u00e9tablir une op\u00e9ration de port sec au terminal. Le concept, selon l&#8217;article, pr\u00e9voit de transf\u00e9rer certaines fonctions des ports maritimes vers le terminal int\u00e9rieur. Cela devrait permettre \u00e0 l&#8217;installation de devenir une composante du r\u00e9seau logistique de Maersk.<\/p>\n<p>Les pr\u00e9paratifs pour le projet ont commenc\u00e9 en 2025. Dans les mois pr\u00e9c\u00e9dant la signature de l&#8217;accord, des planifications op\u00e9rationnelles ainsi que des \u00e9valuations des risques ont \u00e9t\u00e9 r\u00e9alis\u00e9es, selon Port Technology International, afin d&#8217;assurer la mise en \u0153uvre du port sec.<\/p>\n<p><a href=\"https:\/\/www.maersk.com\/\" target=\"_blank\" rel=\"noopener noreferrer\">www.maersk.com<\/a><\/p>\n","protected":false},"excerpt":{"rendered":"<p>La coop\u00e9ration entre East-West Intermodal Logistics Plc. et AP Moller \u2013 Maersk vise \u00e0 renforcer la logistique intermodale dans l&rsquo;est de la Hongrie par la cr\u00e9ation d&rsquo;une op\u00e9ration de terminal sec.<\/p>\n","protected":false},"author":10,"featured_media":80849,"comment_status":"open","ping_status":"","sticky":false,"template":"","format":"standard","meta":{"_acf_changed":false,"footnotes":""},"categories":[1581,1587],"tags":[27163,27164,2207,27165,27166,27167,4019,2695,2696,27168,27169,5443,27170,27171,21401,1889,27172,2909,27173,3682,3683,27174,2912,2914,27175,3330,2133,1831,3335,2919,27176,5454,2717,27177,2925,27178,27179,3602,27180,2929,27181,2148,3345,27182,21421,3295,27183,2237,1857,5460,27184,2839,1837,27185,27186],"class_list":["post-80851","post","type-post","status-publish","format-standard","has-post-thumbnail","hentry","category-expedition-et-logistique","category-leurope","tag-accord-a-long-terme","tag-binnenterminal","tag-chaine-dapprovisionnement","tag-container-depot","tag-containerdepot","tag-depot-de-conteneurs","tag-deutsch-maersk","tag-digitalisierung","tag-digitalization","tag-dry-port","tag-dry-port-services-francais-maersk","tag-durabilite","tag-east-west-intermodal","tag-eastern-hungary","tag-evaluations-des-risques","tag-fachkraeftemangel","tag-fenyeslitke","tag-hafenbetrieb","tag-hongrie-orientale","tag-infrastructure","tag-infrastruktur","tag-inland-terminal","tag-intermodal-logistics","tag-intermodale-logistik","tag-langfristige-vereinbarung","tag-logistics-network","tag-logistics-service-providers","tag-logistikdienstleister","tag-logistiknetzwerk","tag-logistique-intermodale","tag-long-term-agreement","tag-nachhaltigkeit","tag-numerisation","tag-operational-planning","tag-operations-portuaires","tag-operative-planungen","tag-ostungarn","tag-penurie-de-competences","tag-planification-operationnelle","tag-port-operations","tag-port-sec","tag-prestataires-de-services-logistiques","tag-reseau-logistique","tag-risikobewertungen","tag-risk-assessments","tag-secteur-du-transport","tag-services-de-port-sec","tag-skills-shortage","tag-supply-chain","tag-sustainability","tag-terminal-interieur","tag-transportation-industry","tag-transportwirtschaft","tag-trockenhafen","tag-trockenhafendienstleistungen-english-maersk"],"acf":[],"yoast_head":"<!-- This site is optimized with the Yoast SEO plugin v27.3 - https:\/\/yoast.com\/product\/yoast-seo-wordpress\/ -->\n<title>Coop\u00e9ration entre Maersk et East-West Intermodal - ITJ | International Transport Journal<\/title>\n<meta name=\"robots\" content=\"index, follow, max-snippet:-1, max-image-preview:large, max-video-preview:-1\" \/>\n<link rel=\"canonical\" href=\"https:\/\/transportjournal.com\/fr\/2026\/03\/13\/cooperation-entre-maersk-et-east-west-intermodal\/\" \/>\n<meta property=\"og:locale\" content=\"fr_FR\" \/>\n<meta property=\"og:type\" content=\"article\" \/>\n<meta property=\"og:title\" content=\"Coop\u00e9ration entre Maersk et East-West Intermodal - ITJ | International Transport Journal\" \/>\n<meta property=\"og:description\" content=\"La coop\u00e9ration entre East-West Intermodal Logistics Plc. et AP Moller \u2013 Maersk vise \u00e0 renforcer la logistique intermodale dans l&#039;est de la Hongrie par la cr\u00e9ation d&#039;une op\u00e9ration de terminal sec.\" \/>\n<meta property=\"og:url\" content=\"https:\/\/transportjournal.com\/fr\/2026\/03\/13\/cooperation-entre-maersk-et-east-west-intermodal\/\" \/>\n<meta property=\"og:site_name\" content=\"ITJ | International Transport Journal\" \/>\n<meta property=\"article:published_time\" content=\"2026-03-13T14:42:08+00:00\" \/>\n<meta property=\"article:modified_time\" content=\"2026-03-13T15:15:10+00:00\" \/>\n<meta property=\"og:image\" content=\"https:\/\/transportjournal.com\/wp-content\/uploads\/sites\/2\/2026\/03\/AdobeStock_196131517-1-scaled-aspect-ratio-1400-788.jpeg\" \/>\n\t<meta property=\"og:image:width\" content=\"1802\" \/>\n\t<meta property=\"og:image:height\" content=\"1014\" \/>\n\t<meta property=\"og:image:type\" content=\"image\/jpeg\" \/>\n<meta name=\"author\" content=\"Jeremy Soland\" \/>\n<meta name=\"twitter:card\" content=\"summary_large_image\" \/>\n<meta name=\"twitter:label1\" content=\"\u00c9crit par\" \/>\n\t<meta name=\"twitter:data1\" content=\"Jeremy Soland\" \/>\n\t<meta name=\"twitter:label2\" content=\"Dur\u00e9e de lecture estim\u00e9e\" \/>\n\t<meta name=\"twitter:data2\" content=\"1 minute\" \/>\n<script type=\"application\/ld+json\" class=\"yoast-schema-graph\">{\"@context\":\"https:\\\/\\\/schema.org\",\"@graph\":[{\"@type\":\"Article\",\"@id\":\"https:\\\/\\\/transportjournal.com\\\/fr\\\/2026\\\/03\\\/13\\\/cooperation-entre-maersk-et-east-west-intermodal\\\/#article\",\"isPartOf\":{\"@id\":\"https:\\\/\\\/transportjournal.com\\\/fr\\\/2026\\\/03\\\/13\\\/cooperation-entre-maersk-et-east-west-intermodal\\\/\"},\"author\":{\"name\":\"Jeremy Soland\",\"@id\":\"https:\\\/\\\/transportjournal.com\\\/fr\\\/#\\\/schema\\\/person\\\/41d36b5474b623392fa613e97e2363fa\"},\"headline\":\"Coop\u00e9ration entre Maersk et East-West Intermodal\",\"datePublished\":\"2026-03-13T14:42:08+00:00\",\"dateModified\":\"2026-03-13T15:15:10+00:00\",\"mainEntityOfPage\":{\"@id\":\"https:\\\/\\\/transportjournal.com\\\/fr\\\/2026\\\/03\\\/13\\\/cooperation-entre-maersk-et-east-west-intermodal\\\/\"},\"wordCount\":197,\"commentCount\":0,\"publisher\":{\"@id\":\"https:\\\/\\\/transportjournal.com\\\/fr\\\/#organization\"},\"image\":{\"@id\":\"https:\\\/\\\/transportjournal.com\\\/fr\\\/2026\\\/03\\\/13\\\/cooperation-entre-maersk-et-east-west-intermodal\\\/#primaryimage\"},\"thumbnailUrl\":\"https:\\\/\\\/transportjournal.com\\\/wp-content\\\/uploads\\\/sites\\\/2\\\/2026\\\/03\\\/AdobeStock_196131517-1-scaled-aspect-ratio-1400-788.jpeg\",\"keywords\":[\"accord \u00e0 long terme\",\"Binnenterminal\",\"cha\u00eene d'approvisionnement\",\"container depot\",\"Containerdepot\",\"d\u00e9p\u00f4t de conteneurs\",\"Deutsch Maersk\",\"Digitalisierung\",\"digitalization\",\"dry port\",\"dry port services Fran\u00e7ais Maersk\",\"durabilit\u00e9\",\"East-West Intermodal\",\"Eastern Hungary\",\"\u00e9valuations des risques\",\"Fachkr\u00e4ftemangel\",\"F\u00e9nyeslitke\",\"Hafenbetrieb\",\"Hongrie orientale\",\"infrastructure\",\"Infrastruktur\",\"inland terminal\",\"intermodal logistics\",\"intermodale Logistik\",\"langfristige Vereinbarung\",\"logistics network\",\"logistics service providers\",\"Logistikdienstleister\",\"Logistiknetzwerk\",\"logistique intermodale\",\"long-term agreement\",\"Nachhaltigkeit\",\"num\u00e9risation\",\"operational planning\",\"op\u00e9rations portuaires\",\"operative Planungen\",\"Ostungarn\",\"p\u00e9nurie de comp\u00e9tences\",\"planification op\u00e9rationnelle\",\"port operations\",\"port sec\",\"prestataires de services logistiques\",\"r\u00e9seau logistique\",\"Risikobewertungen\",\"risk assessments\",\"secteur du transport\",\"services de port sec\",\"skills shortage\",\"Supply Chain\",\"sustainability\",\"terminal int\u00e9rieur\",\"transportation industry\",\"Transportwirtschaft\",\"Trockenhafen\",\"Trockenhafendienstleistungen English Maersk\"],\"articleSection\":[\"Exp\u00e9dition de fret et logistique\",\"L'Europe\"],\"inLanguage\":\"fr-FR\",\"potentialAction\":[{\"@type\":\"CommentAction\",\"name\":\"Comment\",\"target\":[\"https:\\\/\\\/transportjournal.com\\\/fr\\\/2026\\\/03\\\/13\\\/cooperation-entre-maersk-et-east-west-intermodal\\\/#respond\"]}]},{\"@type\":\"WebPage\",\"@id\":\"https:\\\/\\\/transportjournal.com\\\/fr\\\/2026\\\/03\\\/13\\\/cooperation-entre-maersk-et-east-west-intermodal\\\/\",\"url\":\"https:\\\/\\\/transportjournal.com\\\/fr\\\/2026\\\/03\\\/13\\\/cooperation-entre-maersk-et-east-west-intermodal\\\/\",\"name\":\"Coop\u00e9ration entre Maersk et East-West Intermodal - ITJ | International Transport Journal\",\"isPartOf\":{\"@id\":\"https:\\\/\\\/transportjournal.com\\\/fr\\\/#website\"},\"primaryImageOfPage\":{\"@id\":\"https:\\\/\\\/transportjournal.com\\\/fr\\\/2026\\\/03\\\/13\\\/cooperation-entre-maersk-et-east-west-intermodal\\\/#primaryimage\"},\"image\":{\"@id\":\"https:\\\/\\\/transportjournal.com\\\/fr\\\/2026\\\/03\\\/13\\\/cooperation-entre-maersk-et-east-west-intermodal\\\/#primaryimage\"},\"thumbnailUrl\":\"https:\\\/\\\/transportjournal.com\\\/wp-content\\\/uploads\\\/sites\\\/2\\\/2026\\\/03\\\/AdobeStock_196131517-1-scaled-aspect-ratio-1400-788.jpeg\",\"datePublished\":\"2026-03-13T14:42:08+00:00\",\"dateModified\":\"2026-03-13T15:15:10+00:00\",\"breadcrumb\":{\"@id\":\"https:\\\/\\\/transportjournal.com\\\/fr\\\/2026\\\/03\\\/13\\\/cooperation-entre-maersk-et-east-west-intermodal\\\/#breadcrumb\"},\"inLanguage\":\"fr-FR\",\"potentialAction\":[{\"@type\":\"ReadAction\",\"target\":[\"https:\\\/\\\/transportjournal.com\\\/fr\\\/2026\\\/03\\\/13\\\/cooperation-entre-maersk-et-east-west-intermodal\\\/\"]}]},{\"@type\":\"ImageObject\",\"inLanguage\":\"fr-FR\",\"@id\":\"https:\\\/\\\/transportjournal.com\\\/fr\\\/2026\\\/03\\\/13\\\/cooperation-entre-maersk-et-east-west-intermodal\\\/#primaryimage\",\"url\":\"https:\\\/\\\/transportjournal.com\\\/wp-content\\\/uploads\\\/sites\\\/2\\\/2026\\\/03\\\/AdobeStock_196131517-1-scaled-aspect-ratio-1400-788.jpeg\",\"contentUrl\":\"https:\\\/\\\/transportjournal.com\\\/wp-content\\\/uploads\\\/sites\\\/2\\\/2026\\\/03\\\/AdobeStock_196131517-1-scaled-aspect-ratio-1400-788.jpeg\",\"width\":1802,\"height\":1014},{\"@type\":\"BreadcrumbList\",\"@id\":\"https:\\\/\\\/transportjournal.com\\\/fr\\\/2026\\\/03\\\/13\\\/cooperation-entre-maersk-et-east-west-intermodal\\\/#breadcrumb\",\"itemListElement\":[{\"@type\":\"ListItem\",\"position\":1,\"name\":\"Startseite\",\"item\":\"https:\\\/\\\/transportjournal.com\\\/fr\\\/\"},{\"@type\":\"ListItem\",\"position\":2,\"name\":\"Coop\u00e9ration entre Maersk et East-West Intermodal\"}]},{\"@type\":\"WebSite\",\"@id\":\"https:\\\/\\\/transportjournal.com\\\/fr\\\/#website\",\"url\":\"https:\\\/\\\/transportjournal.com\\\/fr\\\/\",\"name\":\"ITJ | International Transport Journal\",\"description\":\"Restez inform\u00e9 des derni\u00e8res nouvelles mondiales dans les secteurs du transport, de la logistique et de la cha\u00eene d'approvisionnement. Transport Journal fournit des informations d'experts, des analyses et des mises \u00e0 jour sur le transport maritime, l'aviation, l'intermodalit\u00e9 et l'exp\u00e9dition. \",\"publisher\":{\"@id\":\"https:\\\/\\\/transportjournal.com\\\/fr\\\/#organization\"},\"potentialAction\":[{\"@type\":\"SearchAction\",\"target\":{\"@type\":\"EntryPoint\",\"urlTemplate\":\"https:\\\/\\\/transportjournal.com\\\/fr\\\/?s={search_term_string}\"},\"query-input\":{\"@type\":\"PropertyValueSpecification\",\"valueRequired\":true,\"valueName\":\"search_term_string\"}}],\"inLanguage\":\"fr-FR\"},{\"@type\":\"Organization\",\"@id\":\"https:\\\/\\\/transportjournal.com\\\/fr\\\/#organization\",\"name\":\"Groupe Logismedia AG\",\"alternateName\":\"Logismedia Group AG\",\"url\":\"https:\\\/\\\/transportjournal.com\\\/fr\\\/\",\"logo\":{\"@type\":\"ImageObject\",\"inLanguage\":\"fr-FR\",\"@id\":\"https:\\\/\\\/transportjournal.com\\\/fr\\\/#\\\/schema\\\/logo\\\/image\\\/\",\"url\":\"https:\\\/\\\/transportjournal.com\\\/wp-content\\\/uploads\\\/sites\\\/2\\\/2025\\\/09\\\/Logo_ITJ.png\",\"contentUrl\":\"https:\\\/\\\/transportjournal.com\\\/wp-content\\\/uploads\\\/sites\\\/2\\\/2025\\\/09\\\/Logo_ITJ.png\",\"width\":799,\"height\":326,\"caption\":\"Groupe Logismedia AG\"},\"image\":{\"@id\":\"https:\\\/\\\/transportjournal.com\\\/fr\\\/#\\\/schema\\\/logo\\\/image\\\/\"},\"sameAs\":[\"https:\\\/\\\/www.linkedin.com\\\/company\\\/56456496\\\/admin\\\/dashboard\\\/\",\"https:\\\/\\\/www.instagram.com\\\/logismediagroup\\\/\",\"https:\\\/\\\/www.youtube.com\\\/@LogiamediaGroupAG\"]},{\"@type\":\"Person\",\"@id\":\"https:\\\/\\\/transportjournal.com\\\/fr\\\/#\\\/schema\\\/person\\\/41d36b5474b623392fa613e97e2363fa\",\"name\":\"Jeremy Soland\",\"url\":\"https:\\\/\\\/transportjournal.com\\\/fr\\\/author\\\/jeremy\\\/\"}]}<\/script>\n<!-- \/ Yoast SEO plugin. -->","yoast_head_json":{"title":"Coop\u00e9ration entre Maersk et East-West Intermodal - ITJ | International Transport Journal","robots":{"index":"index","follow":"follow","max-snippet":"max-snippet:-1","max-image-preview":"max-image-preview:large","max-video-preview":"max-video-preview:-1"},"canonical":"https:\/\/transportjournal.com\/fr\/2026\/03\/13\/cooperation-entre-maersk-et-east-west-intermodal\/","og_locale":"fr_FR","og_type":"article","og_title":"Coop\u00e9ration entre Maersk et East-West Intermodal - ITJ | International Transport Journal","og_description":"La coop\u00e9ration entre East-West Intermodal Logistics Plc. et AP Moller \u2013 Maersk vise \u00e0 renforcer la logistique intermodale dans l'est de la Hongrie par la cr\u00e9ation d'une op\u00e9ration de terminal sec.","og_url":"https:\/\/transportjournal.com\/fr\/2026\/03\/13\/cooperation-entre-maersk-et-east-west-intermodal\/","og_site_name":"ITJ | International Transport Journal","article_published_time":"2026-03-13T14:42:08+00:00","article_modified_time":"2026-03-13T15:15:10+00:00","og_image":[{"width":1802,"height":1014,"url":"https:\/\/transportjournal.com\/wp-content\/uploads\/sites\/2\/2026\/03\/AdobeStock_196131517-1-scaled-aspect-ratio-1400-788.jpeg","type":"image\/jpeg"}],"author":"Jeremy Soland","twitter_card":"summary_large_image","twitter_misc":{"\u00c9crit par":"Jeremy Soland","Dur\u00e9e de lecture estim\u00e9e":"1 minute"},"schema":{"@context":"https:\/\/schema.org","@graph":[{"@type":"Article","@id":"https:\/\/transportjournal.com\/fr\/2026\/03\/13\/cooperation-entre-maersk-et-east-west-intermodal\/#article","isPartOf":{"@id":"https:\/\/transportjournal.com\/fr\/2026\/03\/13\/cooperation-entre-maersk-et-east-west-intermodal\/"},"author":{"name":"Jeremy Soland","@id":"https:\/\/transportjournal.com\/fr\/#\/schema\/person\/41d36b5474b623392fa613e97e2363fa"},"headline":"Coop\u00e9ration entre Maersk et East-West Intermodal","datePublished":"2026-03-13T14:42:08+00:00","dateModified":"2026-03-13T15:15:10+00:00","mainEntityOfPage":{"@id":"https:\/\/transportjournal.com\/fr\/2026\/03\/13\/cooperation-entre-maersk-et-east-west-intermodal\/"},"wordCount":197,"commentCount":0,"publisher":{"@id":"https:\/\/transportjournal.com\/fr\/#organization"},"image":{"@id":"https:\/\/transportjournal.com\/fr\/2026\/03\/13\/cooperation-entre-maersk-et-east-west-intermodal\/#primaryimage"},"thumbnailUrl":"https:\/\/transportjournal.com\/wp-content\/uploads\/sites\/2\/2026\/03\/AdobeStock_196131517-1-scaled-aspect-ratio-1400-788.jpeg","keywords":["accord \u00e0 long terme","Binnenterminal","cha\u00eene d'approvisionnement","container depot","Containerdepot","d\u00e9p\u00f4t de conteneurs","Deutsch Maersk","Digitalisierung","digitalization","dry port","dry port services Fran\u00e7ais Maersk","durabilit\u00e9","East-West Intermodal","Eastern Hungary","\u00e9valuations des risques","Fachkr\u00e4ftemangel","F\u00e9nyeslitke","Hafenbetrieb","Hongrie orientale","infrastructure","Infrastruktur","inland terminal","intermodal logistics","intermodale Logistik","langfristige Vereinbarung","logistics network","logistics service providers","Logistikdienstleister","Logistiknetzwerk","logistique intermodale","long-term agreement","Nachhaltigkeit","num\u00e9risation","operational planning","op\u00e9rations portuaires","operative Planungen","Ostungarn","p\u00e9nurie de comp\u00e9tences","planification op\u00e9rationnelle","port operations","port sec","prestataires de services logistiques","r\u00e9seau logistique","Risikobewertungen","risk assessments","secteur du transport","services de port sec","skills shortage","Supply Chain","sustainability","terminal int\u00e9rieur","transportation industry","Transportwirtschaft","Trockenhafen","Trockenhafendienstleistungen English Maersk"],"articleSection":["Exp\u00e9dition de fret et logistique","L'Europe"],"inLanguage":"fr-FR","potentialAction":[{"@type":"CommentAction","name":"Comment","target":["https:\/\/transportjournal.com\/fr\/2026\/03\/13\/cooperation-entre-maersk-et-east-west-intermodal\/#respond"]}]},{"@type":"WebPage","@id":"https:\/\/transportjournal.com\/fr\/2026\/03\/13\/cooperation-entre-maersk-et-east-west-intermodal\/","url":"https:\/\/transportjournal.com\/fr\/2026\/03\/13\/cooperation-entre-maersk-et-east-west-intermodal\/","name":"Coop\u00e9ration entre Maersk et East-West Intermodal - ITJ | International Transport Journal","isPartOf":{"@id":"https:\/\/transportjournal.com\/fr\/#website"},"primaryImageOfPage":{"@id":"https:\/\/transportjournal.com\/fr\/2026\/03\/13\/cooperation-entre-maersk-et-east-west-intermodal\/#primaryimage"},"image":{"@id":"https:\/\/transportjournal.com\/fr\/2026\/03\/13\/cooperation-entre-maersk-et-east-west-intermodal\/#primaryimage"},"thumbnailUrl":"https:\/\/transportjournal.com\/wp-content\/uploads\/sites\/2\/2026\/03\/AdobeStock_196131517-1-scaled-aspect-ratio-1400-788.jpeg","datePublished":"2026-03-13T14:42:08+00:00","dateModified":"2026-03-13T15:15:10+00:00","breadcrumb":{"@id":"https:\/\/transportjournal.com\/fr\/2026\/03\/13\/cooperation-entre-maersk-et-east-west-intermodal\/#breadcrumb"},"inLanguage":"fr-FR","potentialAction":[{"@type":"ReadAction","target":["https:\/\/transportjournal.com\/fr\/2026\/03\/13\/cooperation-entre-maersk-et-east-west-intermodal\/"]}]},{"@type":"ImageObject","inLanguage":"fr-FR","@id":"https:\/\/transportjournal.com\/fr\/2026\/03\/13\/cooperation-entre-maersk-et-east-west-intermodal\/#primaryimage","url":"https:\/\/transportjournal.com\/wp-content\/uploads\/sites\/2\/2026\/03\/AdobeStock_196131517-1-scaled-aspect-ratio-1400-788.jpeg","contentUrl":"https:\/\/transportjournal.com\/wp-content\/uploads\/sites\/2\/2026\/03\/AdobeStock_196131517-1-scaled-aspect-ratio-1400-788.jpeg","width":1802,"height":1014},{"@type":"BreadcrumbList","@id":"https:\/\/transportjournal.com\/fr\/2026\/03\/13\/cooperation-entre-maersk-et-east-west-intermodal\/#breadcrumb","itemListElement":[{"@type":"ListItem","position":1,"name":"Startseite","item":"https:\/\/transportjournal.com\/fr\/"},{"@type":"ListItem","position":2,"name":"Coop\u00e9ration entre Maersk et East-West Intermodal"}]},{"@type":"WebSite","@id":"https:\/\/transportjournal.com\/fr\/#website","url":"https:\/\/transportjournal.com\/fr\/","name":"ITJ | International Transport Journal","description":"Restez inform\u00e9 des derni\u00e8res nouvelles mondiales dans les secteurs du transport, de la logistique et de la cha\u00eene d'approvisionnement. Transport Journal fournit des informations d'experts, des analyses et des mises \u00e0 jour sur le transport maritime, l'aviation, l'intermodalit\u00e9 et l'exp\u00e9dition. ","publisher":{"@id":"https:\/\/transportjournal.com\/fr\/#organization"},"potentialAction":[{"@type":"SearchAction","target":{"@type":"EntryPoint","urlTemplate":"https:\/\/transportjournal.com\/fr\/?s={search_term_string}"},"query-input":{"@type":"PropertyValueSpecification","valueRequired":true,"valueName":"search_term_string"}}],"inLanguage":"fr-FR"},{"@type":"Organization","@id":"https:\/\/transportjournal.com\/fr\/#organization","name":"Groupe Logismedia AG","alternateName":"Logismedia Group AG","url":"https:\/\/transportjournal.com\/fr\/","logo":{"@type":"ImageObject","inLanguage":"fr-FR","@id":"https:\/\/transportjournal.com\/fr\/#\/schema\/logo\/image\/","url":"https:\/\/transportjournal.com\/wp-content\/uploads\/sites\/2\/2025\/09\/Logo_ITJ.png","contentUrl":"https:\/\/transportjournal.com\/wp-content\/uploads\/sites\/2\/2025\/09\/Logo_ITJ.png","width":799,"height":326,"caption":"Groupe Logismedia AG"},"image":{"@id":"https:\/\/transportjournal.com\/fr\/#\/schema\/logo\/image\/"},"sameAs":["https:\/\/www.linkedin.com\/company\/56456496\/admin\/dashboard\/","https:\/\/www.instagram.com\/logismediagroup\/","https:\/\/www.youtube.com\/@LogiamediaGroupAG"]},{"@type":"Person","@id":"https:\/\/transportjournal.com\/fr\/#\/schema\/person\/41d36b5474b623392fa613e97e2363fa","name":"Jeremy Soland","url":"https:\/\/transportjournal.com\/fr\/author\/jeremy\/"}]}},"_links":{"self":[{"href":"https:\/\/transportjournal.com\/fr\/wp-json\/wp\/v2\/posts\/80851","targetHints":{"allow":["GET"]}}],"collection":[{"href":"https:\/\/transportjournal.com\/fr\/wp-json\/wp\/v2\/posts"}],"about":[{"href":"https:\/\/transportjournal.com\/fr\/wp-json\/wp\/v2\/types\/post"}],"author":[{"embeddable":true,"href":"https:\/\/transportjournal.com\/fr\/wp-json\/wp\/v2\/users\/10"}],"replies":[{"embeddable":true,"href":"https:\/\/transportjournal.com\/fr\/wp-json\/wp\/v2\/comments?post=80851"}],"version-history":[{"count":1,"href":"https:\/\/transportjournal.com\/fr\/wp-json\/wp\/v2\/posts\/80851\/revisions"}],"predecessor-version":[{"id":80858,"href":"https:\/\/transportjournal.com\/fr\/wp-json\/wp\/v2\/posts\/80851\/revisions\/80858"}],"wp:featuredmedia":[{"embeddable":true,"href":"https:\/\/transportjournal.com\/fr\/wp-json\/wp\/v2\/media\/80849"}],"wp:attachment":[{"href":"https:\/\/transportjournal.com\/fr\/wp-json\/wp\/v2\/media?parent=80851"}],"wp:term":[{"taxonomy":"category","embeddable":true,"href":"https:\/\/transportjournal.com\/fr\/wp-json\/wp\/v2\/categories?post=80851"},{"taxonomy":"post_tag","embeddable":true,"href":"https:\/\/transportjournal.com\/fr\/wp-json\/wp\/v2\/tags?post=80851"}],"curies":[{"name":"wp","href":"https:\/\/api.w.org\/{rel}","templated":true}]}}