{"id":80805,"date":"2026-03-13T12:44:12","date_gmt":"2026-03-13T12:44:12","guid":{"rendered":"https:\/\/transportjournal.com\/2026\/03\/13\/lactivite-des-commandes-de-vehicules-utilitaires-aux-etats-unis-augmente\/"},"modified":"2026-03-13T12:44:12","modified_gmt":"2026-03-13T12:44:12","slug":"lactivite-des-commandes-de-vehicules-utilitaires-aux-etats-unis-augmente","status":"publish","type":"post","link":"https:\/\/transportjournal.com\/fr\/2026\/03\/13\/lactivite-des-commandes-de-vehicules-utilitaires-aux-etats-unis-augmente\/","title":{"rendered":"L&rsquo;activit\u00e9 des commandes de v\u00e9hicules utilitaires aux \u00c9tats-Unis augmente"},"content":{"rendered":"<p>L&#8217;activit\u00e9 de commande dans le secteur des poids lourds montre des signes de reprise, indiquant un optimisme croissant pour l&#8217;ann\u00e9e 2026, selon ACT Research. Selon la derni\u00e8re publication du North American Commercial Vehicle OUTLOOK, la situation des commandes pour la classe 8 s&#8217;est am\u00e9lior\u00e9e en janvier 2026. Les commandes se sont \u00e9lev\u00e9es \u00e0 30 800 unit\u00e9s, ce qui repr\u00e9sente une augmentation de 20 % par rapport \u00e0 l&#8217;ann\u00e9e pr\u00e9c\u00e9dente. Pour f\u00e9vrier, des commandes pr\u00e9liminaires de 46 200 unit\u00e9s ont \u00e9t\u00e9 signal\u00e9es, repr\u00e9sentant une augmentation de 156 % par rapport \u00e0 l&#8217;ann\u00e9e pr\u00e9c\u00e9dente.<\/p>\n<h3>Causes de l&#8217;augmentation des commandes<\/h3>\n<p>Ken Vieth, pr\u00e9sident et analyste senior d&#8217;ACT, attribue l&#8217;augmentation des commandes \u00e0 plusieurs facteurs. Il souligne que l&#8217;augmentation des tarifs de fret spot a renforc\u00e9 la confiance des flottes bien financ\u00e9es. Ces flottes s&#8217;attendent \u00e0 une am\u00e9lioration des conditions du march\u00e9 en 2026, ce qui est consid\u00e9r\u00e9 comme un facteur d\u00e9terminant pour l&#8217;activit\u00e9 de commande en hausse. Vieth note que la reprise est principalement due \u00e0 des facteurs d&#8217;offre et non \u00e0 une demande accrue. Cela est attribu\u00e9 aux effets d&#8217;une r\u00e9duction de capacit\u00e9 qui a dur\u00e9 plus de trois ans.<\/p>\n<p>De plus, Vieth souligne l&#8217;importance de la clarification des American Trucking Associations concernant la r\u00e9glementation NOx de l&#8217;EPA. Cette annonce a renforc\u00e9 la confiance sur le march\u00e9 et a contribu\u00e9 \u00e0 la relance des activit\u00e9s de commande.<\/p>\n<p><a href=\"https:\/\/www.actresearch.net\/\" target=\"_blank\" rel=\"noopener noreferrer\">www.actresearch.net<\/a><\/p>\n","protected":false},"excerpt":{"rendered":"<p>L&rsquo;activit\u00e9 des commandes dans le secteur des poids lourds se redresse, ce qui indique des conditions de march\u00e9 optimistes et des investissements croissants dans la technologie.<\/p>\n","protected":false},"author":10,"featured_media":80803,"comment_status":"open","ping_status":"","sticky":false,"template":"","format":"standard","meta":{"_acf_changed":false,"footnotes":""},"categories":[1590,1580],"tags":[1921,27057,27058,15209,27059,27060,27061,27062,17794,27063,27064,27065,27066,27067,27068,27069,27070,27071,27072,4598,4601,27073,4604,17800,15219,3776,4606,27074,3787,2381,27075,27076,27077,27078,27079,27080,27081,27082,27083,27084,3796,27085,27086,27087,27088,1930,27089,27090,27091,27092,5698,27093,3808,27094],"class_list":["post-80805","post","type-post","status-publish","format-standard","has-post-thumbnail","hentry","category-ameriques","category-intermodal-route","tag-act-research","tag-activite-de-commande-vehicules-utilitaires","tag-american-trucking-associations","tag-automotive-industry","tag-bestellaktivitaet-nutzfahrzeuge","tag-bestellungen-nutzfahrzeuge","tag-bestellzahlen-februar-2026","tag-bestellzahlen-januar-2026","tag-camions-lourds","tag-capacity-reduction","tag-chiffres-de-commandes-fevrier-2026","tag-chiffres-de-commandes-janvier-2026","tag-commandes-de-vehicules","tag-conditions-du-marche-2026","tag-confiance-des-flottes","tag-deutsch-nutzfahrzeuge","tag-erholung-nutzfahrzeugmarkt","tag-fahrzeugindustrie","tag-fleet-confidence","tag-fleet-management","tag-flottenmanagement","tag-flottenvertrauen","tag-gestion-de-flotte","tag-heavy-duty-trucks","tag-industrie-automobile","tag-industrie-du-transport-usa","tag-infrastructure-de-transport","tag-kapazitaetsabbau","tag-logistics-providers-usa","tag-logistikdienstleister-usa","tag-market-conditions-2026","tag-market-optimism","tag-marktbedingungen-2026","tag-marktoptimismus","tag-nox-regulation","tag-nox-regelung","tag-optimisme-du-marche","tag-order-activity-commercial-vehicles","tag-order-numbers-february-2026","tag-order-numbers-january-2026","tag-prestataires-logistiques-usa","tag-recovery-commercial-vehicle-market","tag-reduction-de-capacite","tag-reglementation-nox","tag-reprise-du-marche-des-vehicules-utilitaires","tag-schwere-nutzfahrzeuge","tag-spot-freight-rates","tag-spotfrachttarife","tag-tarifs-de-fret-spot","tag-transport-infrastructure-francais-vehicules-utilitaires","tag-transportation-industry-usa","tag-transportinfrastruktur-english-commercial-vehicles","tag-transportwirtschaft-usa","tag-vehicle-orders"],"acf":[],"yoast_head":"<!-- This site is optimized with the Yoast SEO plugin v27.3 - https:\/\/yoast.com\/product\/yoast-seo-wordpress\/ -->\n<title>L&#8217;activit\u00e9 des commandes de v\u00e9hicules utilitaires aux \u00c9tats-Unis augmente - ITJ | International Transport Journal<\/title>\n<meta name=\"robots\" content=\"index, follow, max-snippet:-1, max-image-preview:large, max-video-preview:-1\" \/>\n<link rel=\"canonical\" href=\"https:\/\/transportjournal.com\/fr\/2026\/03\/13\/lactivite-des-commandes-de-vehicules-utilitaires-aux-etats-unis-augmente\/\" \/>\n<meta property=\"og:locale\" content=\"fr_FR\" \/>\n<meta property=\"og:type\" content=\"article\" \/>\n<meta property=\"og:title\" content=\"L&#8217;activit\u00e9 des commandes de v\u00e9hicules utilitaires aux \u00c9tats-Unis augmente - ITJ | International Transport Journal\" \/>\n<meta property=\"og:description\" content=\"L&#039;activit\u00e9 des commandes dans le secteur des poids lourds se redresse, ce qui indique des conditions de march\u00e9 optimistes et des investissements croissants dans la technologie.\" \/>\n<meta property=\"og:url\" content=\"https:\/\/transportjournal.com\/fr\/2026\/03\/13\/lactivite-des-commandes-de-vehicules-utilitaires-aux-etats-unis-augmente\/\" \/>\n<meta property=\"og:site_name\" content=\"ITJ | International Transport Journal\" \/>\n<meta property=\"article:published_time\" content=\"2026-03-13T12:44:12+00:00\" \/>\n<meta property=\"og:image\" content=\"https:\/\/transportjournal.com\/wp-content\/uploads\/sites\/2\/2026\/03\/AdobeStock_70565024-3-scaled-aspect-ratio-1400-788-scaled-1.jpeg\" \/>\n\t<meta property=\"og:image:width\" content=\"2560\" \/>\n\t<meta property=\"og:image:height\" content=\"1441\" \/>\n\t<meta property=\"og:image:type\" content=\"image\/jpeg\" \/>\n<meta name=\"author\" content=\"Jeremy Soland\" \/>\n<meta name=\"twitter:card\" content=\"summary_large_image\" \/>\n<meta name=\"twitter:label1\" content=\"\u00c9crit par\" \/>\n\t<meta name=\"twitter:data1\" content=\"Jeremy Soland\" \/>\n\t<meta name=\"twitter:label2\" content=\"Dur\u00e9e de lecture estim\u00e9e\" \/>\n\t<meta name=\"twitter:data2\" content=\"1 minute\" \/>\n<script type=\"application\/ld+json\" class=\"yoast-schema-graph\">{\"@context\":\"https:\\\/\\\/schema.org\",\"@graph\":[{\"@type\":\"Article\",\"@id\":\"https:\\\/\\\/transportjournal.com\\\/fr\\\/2026\\\/03\\\/13\\\/lactivite-des-commandes-de-vehicules-utilitaires-aux-etats-unis-augmente\\\/#article\",\"isPartOf\":{\"@id\":\"https:\\\/\\\/transportjournal.com\\\/fr\\\/2026\\\/03\\\/13\\\/lactivite-des-commandes-de-vehicules-utilitaires-aux-etats-unis-augmente\\\/\"},\"author\":{\"name\":\"Jeremy Soland\",\"@id\":\"https:\\\/\\\/transportjournal.com\\\/fr\\\/#\\\/schema\\\/person\\\/41d36b5474b623392fa613e97e2363fa\"},\"headline\":\"L&rsquo;activit\u00e9 des commandes de v\u00e9hicules utilitaires aux \u00c9tats-Unis augmente\",\"datePublished\":\"2026-03-13T12:44:12+00:00\",\"mainEntityOfPage\":{\"@id\":\"https:\\\/\\\/transportjournal.com\\\/fr\\\/2026\\\/03\\\/13\\\/lactivite-des-commandes-de-vehicules-utilitaires-aux-etats-unis-augmente\\\/\"},\"wordCount\":260,\"commentCount\":0,\"publisher\":{\"@id\":\"https:\\\/\\\/transportjournal.com\\\/fr\\\/#organization\"},\"image\":{\"@id\":\"https:\\\/\\\/transportjournal.com\\\/fr\\\/2026\\\/03\\\/13\\\/lactivite-des-commandes-de-vehicules-utilitaires-aux-etats-unis-augmente\\\/#primaryimage\"},\"thumbnailUrl\":\"https:\\\/\\\/transportjournal.com\\\/wp-content\\\/uploads\\\/sites\\\/2\\\/2026\\\/03\\\/AdobeStock_70565024-3-scaled-aspect-ratio-1400-788-scaled-1.jpeg\",\"keywords\":[\"ACT Research\",\"activit\u00e9 de commande v\u00e9hicules utilitaires\",\"American Trucking Associations\",\"automotive industry\",\"Bestellaktivit\u00e4t Nutzfahrzeuge\",\"Bestellungen Nutzfahrzeuge\",\"Bestellzahlen Februar 2026\",\"Bestellzahlen Januar 2026\",\"camions lourds\",\"capacity reduction\",\"chiffres de commandes f\u00e9vrier 2026\",\"chiffres de commandes janvier 2026\",\"commandes de v\u00e9hicules\",\"conditions du march\u00e9 2026\",\"confiance des flottes\",\"Deutsch Nutzfahrzeuge\",\"Erholung Nutzfahrzeugmarkt\",\"Fahrzeugindustrie\",\"fleet confidence\",\"fleet management\",\"Flottenmanagement\",\"Flottenvertrauen\",\"gestion de flotte\",\"heavy-duty trucks\",\"industrie automobile\",\"industrie du transport USA\",\"infrastructure de transport\",\"Kapazit\u00e4tsabbau\",\"logistics providers USA\",\"Logistikdienstleister USA\",\"market conditions 2026\",\"market optimism\",\"Marktbedingungen 2026\",\"Marktoptimismus\",\"NOx regulation\",\"NOx-Regelung\",\"optimisme du march\u00e9\",\"order activity commercial vehicles\",\"order numbers February 2026\",\"order numbers January 2026\",\"prestataires logistiques USA\",\"recovery commercial vehicle market\",\"r\u00e9duction de capacit\u00e9\",\"r\u00e9glementation NOx\",\"reprise du march\u00e9 des v\u00e9hicules utilitaires\",\"schwere Nutzfahrzeuge\",\"spot freight rates\",\"Spotfrachttarife\",\"tarifs de fret spot\",\"transport infrastructure Fran\u00e7ais v\u00e9hicules utilitaires\",\"transportation industry USA\",\"Transportinfrastruktur English commercial vehicles\",\"Transportwirtschaft USA\",\"vehicle orders\"],\"articleSection\":[\"Am\u00e9riques\",\"Intermodal \\\/ Route\"],\"inLanguage\":\"fr-FR\",\"potentialAction\":[{\"@type\":\"CommentAction\",\"name\":\"Comment\",\"target\":[\"https:\\\/\\\/transportjournal.com\\\/fr\\\/2026\\\/03\\\/13\\\/lactivite-des-commandes-de-vehicules-utilitaires-aux-etats-unis-augmente\\\/#respond\"]}]},{\"@type\":\"WebPage\",\"@id\":\"https:\\\/\\\/transportjournal.com\\\/fr\\\/2026\\\/03\\\/13\\\/lactivite-des-commandes-de-vehicules-utilitaires-aux-etats-unis-augmente\\\/\",\"url\":\"https:\\\/\\\/transportjournal.com\\\/fr\\\/2026\\\/03\\\/13\\\/lactivite-des-commandes-de-vehicules-utilitaires-aux-etats-unis-augmente\\\/\",\"name\":\"L&#8217;activit\u00e9 des commandes de v\u00e9hicules utilitaires aux \u00c9tats-Unis augmente - ITJ | International Transport Journal\",\"isPartOf\":{\"@id\":\"https:\\\/\\\/transportjournal.com\\\/fr\\\/#website\"},\"primaryImageOfPage\":{\"@id\":\"https:\\\/\\\/transportjournal.com\\\/fr\\\/2026\\\/03\\\/13\\\/lactivite-des-commandes-de-vehicules-utilitaires-aux-etats-unis-augmente\\\/#primaryimage\"},\"image\":{\"@id\":\"https:\\\/\\\/transportjournal.com\\\/fr\\\/2026\\\/03\\\/13\\\/lactivite-des-commandes-de-vehicules-utilitaires-aux-etats-unis-augmente\\\/#primaryimage\"},\"thumbnailUrl\":\"https:\\\/\\\/transportjournal.com\\\/wp-content\\\/uploads\\\/sites\\\/2\\\/2026\\\/03\\\/AdobeStock_70565024-3-scaled-aspect-ratio-1400-788-scaled-1.jpeg\",\"datePublished\":\"2026-03-13T12:44:12+00:00\",\"breadcrumb\":{\"@id\":\"https:\\\/\\\/transportjournal.com\\\/fr\\\/2026\\\/03\\\/13\\\/lactivite-des-commandes-de-vehicules-utilitaires-aux-etats-unis-augmente\\\/#breadcrumb\"},\"inLanguage\":\"fr-FR\",\"potentialAction\":[{\"@type\":\"ReadAction\",\"target\":[\"https:\\\/\\\/transportjournal.com\\\/fr\\\/2026\\\/03\\\/13\\\/lactivite-des-commandes-de-vehicules-utilitaires-aux-etats-unis-augmente\\\/\"]}]},{\"@type\":\"ImageObject\",\"inLanguage\":\"fr-FR\",\"@id\":\"https:\\\/\\\/transportjournal.com\\\/fr\\\/2026\\\/03\\\/13\\\/lactivite-des-commandes-de-vehicules-utilitaires-aux-etats-unis-augmente\\\/#primaryimage\",\"url\":\"https:\\\/\\\/transportjournal.com\\\/wp-content\\\/uploads\\\/sites\\\/2\\\/2026\\\/03\\\/AdobeStock_70565024-3-scaled-aspect-ratio-1400-788-scaled-1.jpeg\",\"contentUrl\":\"https:\\\/\\\/transportjournal.com\\\/wp-content\\\/uploads\\\/sites\\\/2\\\/2026\\\/03\\\/AdobeStock_70565024-3-scaled-aspect-ratio-1400-788-scaled-1.jpeg\",\"width\":2560,\"height\":1441},{\"@type\":\"BreadcrumbList\",\"@id\":\"https:\\\/\\\/transportjournal.com\\\/fr\\\/2026\\\/03\\\/13\\\/lactivite-des-commandes-de-vehicules-utilitaires-aux-etats-unis-augmente\\\/#breadcrumb\",\"itemListElement\":[{\"@type\":\"ListItem\",\"position\":1,\"name\":\"Startseite\",\"item\":\"https:\\\/\\\/transportjournal.com\\\/fr\\\/\"},{\"@type\":\"ListItem\",\"position\":2,\"name\":\"L&rsquo;activit\u00e9 des commandes de v\u00e9hicules utilitaires aux \u00c9tats-Unis augmente\"}]},{\"@type\":\"WebSite\",\"@id\":\"https:\\\/\\\/transportjournal.com\\\/fr\\\/#website\",\"url\":\"https:\\\/\\\/transportjournal.com\\\/fr\\\/\",\"name\":\"ITJ | International Transport Journal\",\"description\":\"Restez inform\u00e9 des derni\u00e8res nouvelles mondiales dans les secteurs du transport, de la logistique et de la cha\u00eene d'approvisionnement. Transport Journal fournit des informations d'experts, des analyses et des mises \u00e0 jour sur le transport maritime, l'aviation, l'intermodalit\u00e9 et l'exp\u00e9dition. \",\"publisher\":{\"@id\":\"https:\\\/\\\/transportjournal.com\\\/fr\\\/#organization\"},\"potentialAction\":[{\"@type\":\"SearchAction\",\"target\":{\"@type\":\"EntryPoint\",\"urlTemplate\":\"https:\\\/\\\/transportjournal.com\\\/fr\\\/?s={search_term_string}\"},\"query-input\":{\"@type\":\"PropertyValueSpecification\",\"valueRequired\":true,\"valueName\":\"search_term_string\"}}],\"inLanguage\":\"fr-FR\"},{\"@type\":\"Organization\",\"@id\":\"https:\\\/\\\/transportjournal.com\\\/fr\\\/#organization\",\"name\":\"Groupe Logismedia AG\",\"alternateName\":\"Logismedia Group AG\",\"url\":\"https:\\\/\\\/transportjournal.com\\\/fr\\\/\",\"logo\":{\"@type\":\"ImageObject\",\"inLanguage\":\"fr-FR\",\"@id\":\"https:\\\/\\\/transportjournal.com\\\/fr\\\/#\\\/schema\\\/logo\\\/image\\\/\",\"url\":\"https:\\\/\\\/transportjournal.com\\\/wp-content\\\/uploads\\\/sites\\\/2\\\/2025\\\/09\\\/Logo_ITJ.png\",\"contentUrl\":\"https:\\\/\\\/transportjournal.com\\\/wp-content\\\/uploads\\\/sites\\\/2\\\/2025\\\/09\\\/Logo_ITJ.png\",\"width\":799,\"height\":326,\"caption\":\"Groupe Logismedia AG\"},\"image\":{\"@id\":\"https:\\\/\\\/transportjournal.com\\\/fr\\\/#\\\/schema\\\/logo\\\/image\\\/\"},\"sameAs\":[\"https:\\\/\\\/www.linkedin.com\\\/company\\\/56456496\\\/admin\\\/dashboard\\\/\",\"https:\\\/\\\/www.instagram.com\\\/logismediagroup\\\/\",\"https:\\\/\\\/www.youtube.com\\\/@LogiamediaGroupAG\"]},{\"@type\":\"Person\",\"@id\":\"https:\\\/\\\/transportjournal.com\\\/fr\\\/#\\\/schema\\\/person\\\/41d36b5474b623392fa613e97e2363fa\",\"name\":\"Jeremy Soland\",\"url\":\"https:\\\/\\\/transportjournal.com\\\/fr\\\/author\\\/jeremy\\\/\"}]}<\/script>\n<!-- \/ Yoast SEO plugin. -->","yoast_head_json":{"title":"L&#8217;activit\u00e9 des commandes de v\u00e9hicules utilitaires aux \u00c9tats-Unis augmente - ITJ | International Transport Journal","robots":{"index":"index","follow":"follow","max-snippet":"max-snippet:-1","max-image-preview":"max-image-preview:large","max-video-preview":"max-video-preview:-1"},"canonical":"https:\/\/transportjournal.com\/fr\/2026\/03\/13\/lactivite-des-commandes-de-vehicules-utilitaires-aux-etats-unis-augmente\/","og_locale":"fr_FR","og_type":"article","og_title":"L&#8217;activit\u00e9 des commandes de v\u00e9hicules utilitaires aux \u00c9tats-Unis augmente - ITJ | International Transport Journal","og_description":"L'activit\u00e9 des commandes dans le secteur des poids lourds se redresse, ce qui indique des conditions de march\u00e9 optimistes et des investissements croissants dans la technologie.","og_url":"https:\/\/transportjournal.com\/fr\/2026\/03\/13\/lactivite-des-commandes-de-vehicules-utilitaires-aux-etats-unis-augmente\/","og_site_name":"ITJ | International Transport Journal","article_published_time":"2026-03-13T12:44:12+00:00","og_image":[{"width":2560,"height":1441,"url":"https:\/\/transportjournal.com\/wp-content\/uploads\/sites\/2\/2026\/03\/AdobeStock_70565024-3-scaled-aspect-ratio-1400-788-scaled-1.jpeg","type":"image\/jpeg"}],"author":"Jeremy Soland","twitter_card":"summary_large_image","twitter_misc":{"\u00c9crit par":"Jeremy Soland","Dur\u00e9e de lecture estim\u00e9e":"1 minute"},"schema":{"@context":"https:\/\/schema.org","@graph":[{"@type":"Article","@id":"https:\/\/transportjournal.com\/fr\/2026\/03\/13\/lactivite-des-commandes-de-vehicules-utilitaires-aux-etats-unis-augmente\/#article","isPartOf":{"@id":"https:\/\/transportjournal.com\/fr\/2026\/03\/13\/lactivite-des-commandes-de-vehicules-utilitaires-aux-etats-unis-augmente\/"},"author":{"name":"Jeremy Soland","@id":"https:\/\/transportjournal.com\/fr\/#\/schema\/person\/41d36b5474b623392fa613e97e2363fa"},"headline":"L&rsquo;activit\u00e9 des commandes de v\u00e9hicules utilitaires aux \u00c9tats-Unis augmente","datePublished":"2026-03-13T12:44:12+00:00","mainEntityOfPage":{"@id":"https:\/\/transportjournal.com\/fr\/2026\/03\/13\/lactivite-des-commandes-de-vehicules-utilitaires-aux-etats-unis-augmente\/"},"wordCount":260,"commentCount":0,"publisher":{"@id":"https:\/\/transportjournal.com\/fr\/#organization"},"image":{"@id":"https:\/\/transportjournal.com\/fr\/2026\/03\/13\/lactivite-des-commandes-de-vehicules-utilitaires-aux-etats-unis-augmente\/#primaryimage"},"thumbnailUrl":"https:\/\/transportjournal.com\/wp-content\/uploads\/sites\/2\/2026\/03\/AdobeStock_70565024-3-scaled-aspect-ratio-1400-788-scaled-1.jpeg","keywords":["ACT Research","activit\u00e9 de commande v\u00e9hicules utilitaires","American Trucking Associations","automotive industry","Bestellaktivit\u00e4t Nutzfahrzeuge","Bestellungen Nutzfahrzeuge","Bestellzahlen Februar 2026","Bestellzahlen Januar 2026","camions lourds","capacity reduction","chiffres de commandes f\u00e9vrier 2026","chiffres de commandes janvier 2026","commandes de v\u00e9hicules","conditions du march\u00e9 2026","confiance des flottes","Deutsch Nutzfahrzeuge","Erholung Nutzfahrzeugmarkt","Fahrzeugindustrie","fleet confidence","fleet management","Flottenmanagement","Flottenvertrauen","gestion de flotte","heavy-duty trucks","industrie automobile","industrie du transport USA","infrastructure de transport","Kapazit\u00e4tsabbau","logistics providers USA","Logistikdienstleister USA","market conditions 2026","market optimism","Marktbedingungen 2026","Marktoptimismus","NOx regulation","NOx-Regelung","optimisme du march\u00e9","order activity commercial vehicles","order numbers February 2026","order numbers January 2026","prestataires logistiques USA","recovery commercial vehicle market","r\u00e9duction de capacit\u00e9","r\u00e9glementation NOx","reprise du march\u00e9 des v\u00e9hicules utilitaires","schwere Nutzfahrzeuge","spot freight rates","Spotfrachttarife","tarifs de fret spot","transport infrastructure Fran\u00e7ais v\u00e9hicules utilitaires","transportation industry USA","Transportinfrastruktur English commercial vehicles","Transportwirtschaft USA","vehicle orders"],"articleSection":["Am\u00e9riques","Intermodal \/ Route"],"inLanguage":"fr-FR","potentialAction":[{"@type":"CommentAction","name":"Comment","target":["https:\/\/transportjournal.com\/fr\/2026\/03\/13\/lactivite-des-commandes-de-vehicules-utilitaires-aux-etats-unis-augmente\/#respond"]}]},{"@type":"WebPage","@id":"https:\/\/transportjournal.com\/fr\/2026\/03\/13\/lactivite-des-commandes-de-vehicules-utilitaires-aux-etats-unis-augmente\/","url":"https:\/\/transportjournal.com\/fr\/2026\/03\/13\/lactivite-des-commandes-de-vehicules-utilitaires-aux-etats-unis-augmente\/","name":"L&#8217;activit\u00e9 des commandes de v\u00e9hicules utilitaires aux \u00c9tats-Unis augmente - ITJ | International Transport Journal","isPartOf":{"@id":"https:\/\/transportjournal.com\/fr\/#website"},"primaryImageOfPage":{"@id":"https:\/\/transportjournal.com\/fr\/2026\/03\/13\/lactivite-des-commandes-de-vehicules-utilitaires-aux-etats-unis-augmente\/#primaryimage"},"image":{"@id":"https:\/\/transportjournal.com\/fr\/2026\/03\/13\/lactivite-des-commandes-de-vehicules-utilitaires-aux-etats-unis-augmente\/#primaryimage"},"thumbnailUrl":"https:\/\/transportjournal.com\/wp-content\/uploads\/sites\/2\/2026\/03\/AdobeStock_70565024-3-scaled-aspect-ratio-1400-788-scaled-1.jpeg","datePublished":"2026-03-13T12:44:12+00:00","breadcrumb":{"@id":"https:\/\/transportjournal.com\/fr\/2026\/03\/13\/lactivite-des-commandes-de-vehicules-utilitaires-aux-etats-unis-augmente\/#breadcrumb"},"inLanguage":"fr-FR","potentialAction":[{"@type":"ReadAction","target":["https:\/\/transportjournal.com\/fr\/2026\/03\/13\/lactivite-des-commandes-de-vehicules-utilitaires-aux-etats-unis-augmente\/"]}]},{"@type":"ImageObject","inLanguage":"fr-FR","@id":"https:\/\/transportjournal.com\/fr\/2026\/03\/13\/lactivite-des-commandes-de-vehicules-utilitaires-aux-etats-unis-augmente\/#primaryimage","url":"https:\/\/transportjournal.com\/wp-content\/uploads\/sites\/2\/2026\/03\/AdobeStock_70565024-3-scaled-aspect-ratio-1400-788-scaled-1.jpeg","contentUrl":"https:\/\/transportjournal.com\/wp-content\/uploads\/sites\/2\/2026\/03\/AdobeStock_70565024-3-scaled-aspect-ratio-1400-788-scaled-1.jpeg","width":2560,"height":1441},{"@type":"BreadcrumbList","@id":"https:\/\/transportjournal.com\/fr\/2026\/03\/13\/lactivite-des-commandes-de-vehicules-utilitaires-aux-etats-unis-augmente\/#breadcrumb","itemListElement":[{"@type":"ListItem","position":1,"name":"Startseite","item":"https:\/\/transportjournal.com\/fr\/"},{"@type":"ListItem","position":2,"name":"L&rsquo;activit\u00e9 des commandes de v\u00e9hicules utilitaires aux \u00c9tats-Unis augmente"}]},{"@type":"WebSite","@id":"https:\/\/transportjournal.com\/fr\/#website","url":"https:\/\/transportjournal.com\/fr\/","name":"ITJ | International Transport Journal","description":"Restez inform\u00e9 des derni\u00e8res nouvelles mondiales dans les secteurs du transport, de la logistique et de la cha\u00eene d'approvisionnement. Transport Journal fournit des informations d'experts, des analyses et des mises \u00e0 jour sur le transport maritime, l'aviation, l'intermodalit\u00e9 et l'exp\u00e9dition. ","publisher":{"@id":"https:\/\/transportjournal.com\/fr\/#organization"},"potentialAction":[{"@type":"SearchAction","target":{"@type":"EntryPoint","urlTemplate":"https:\/\/transportjournal.com\/fr\/?s={search_term_string}"},"query-input":{"@type":"PropertyValueSpecification","valueRequired":true,"valueName":"search_term_string"}}],"inLanguage":"fr-FR"},{"@type":"Organization","@id":"https:\/\/transportjournal.com\/fr\/#organization","name":"Groupe Logismedia AG","alternateName":"Logismedia Group AG","url":"https:\/\/transportjournal.com\/fr\/","logo":{"@type":"ImageObject","inLanguage":"fr-FR","@id":"https:\/\/transportjournal.com\/fr\/#\/schema\/logo\/image\/","url":"https:\/\/transportjournal.com\/wp-content\/uploads\/sites\/2\/2025\/09\/Logo_ITJ.png","contentUrl":"https:\/\/transportjournal.com\/wp-content\/uploads\/sites\/2\/2025\/09\/Logo_ITJ.png","width":799,"height":326,"caption":"Groupe Logismedia AG"},"image":{"@id":"https:\/\/transportjournal.com\/fr\/#\/schema\/logo\/image\/"},"sameAs":["https:\/\/www.linkedin.com\/company\/56456496\/admin\/dashboard\/","https:\/\/www.instagram.com\/logismediagroup\/","https:\/\/www.youtube.com\/@LogiamediaGroupAG"]},{"@type":"Person","@id":"https:\/\/transportjournal.com\/fr\/#\/schema\/person\/41d36b5474b623392fa613e97e2363fa","name":"Jeremy Soland","url":"https:\/\/transportjournal.com\/fr\/author\/jeremy\/"}]}},"_links":{"self":[{"href":"https:\/\/transportjournal.com\/fr\/wp-json\/wp\/v2\/posts\/80805","targetHints":{"allow":["GET"]}}],"collection":[{"href":"https:\/\/transportjournal.com\/fr\/wp-json\/wp\/v2\/posts"}],"about":[{"href":"https:\/\/transportjournal.com\/fr\/wp-json\/wp\/v2\/types\/post"}],"author":[{"embeddable":true,"href":"https:\/\/transportjournal.com\/fr\/wp-json\/wp\/v2\/users\/10"}],"replies":[{"embeddable":true,"href":"https:\/\/transportjournal.com\/fr\/wp-json\/wp\/v2\/comments?post=80805"}],"version-history":[{"count":0,"href":"https:\/\/transportjournal.com\/fr\/wp-json\/wp\/v2\/posts\/80805\/revisions"}],"wp:featuredmedia":[{"embeddable":true,"href":"https:\/\/transportjournal.com\/fr\/wp-json\/wp\/v2\/media\/80803"}],"wp:attachment":[{"href":"https:\/\/transportjournal.com\/fr\/wp-json\/wp\/v2\/media?parent=80805"}],"wp:term":[{"taxonomy":"category","embeddable":true,"href":"https:\/\/transportjournal.com\/fr\/wp-json\/wp\/v2\/categories?post=80805"},{"taxonomy":"post_tag","embeddable":true,"href":"https:\/\/transportjournal.com\/fr\/wp-json\/wp\/v2\/tags?post=80805"}],"curies":[{"name":"wp","href":"https:\/\/api.w.org\/{rel}","templated":true}]}}