{"id":80766,"date":"2026-03-13T11:02:19","date_gmt":"2026-03-13T11:02:19","guid":{"rendered":"https:\/\/transportjournal.com\/2026\/03\/13\/logistec-acquiert-le-logistics-park-dubuque\/"},"modified":"2026-03-13T11:02:19","modified_gmt":"2026-03-13T11:02:19","slug":"logistec-acquiert-le-logistics-park-dubuque","status":"publish","type":"post","link":"https:\/\/transportjournal.com\/fr\/2026\/03\/13\/logistec-acquiert-le-logistics-park-dubuque\/","title":{"rendered":"Logistec acquiert le Logistics Park Dubuque"},"content":{"rendered":"<p>Logistec a annonc\u00e9 l&#8217;acquisition du Logistics Park Dubuque (LPD) de Travero afin d&#8217;\u00e9largir son r\u00e9seau de voies navigables int\u00e9rieures aux \u00c9tats-Unis et de cr\u00e9er de nouvelles connexions de march\u00e9. Le site est situ\u00e9 \u00e0 East Dubuque, dans l&#8217;Illinois, le long du Haut Mississippi, et propose une vari\u00e9t\u00e9 de services.<\/p>\n<p>L&#8217;acquisition de LPD permet \u00e0 Logistec d&#8217;\u00e9tendre sa port\u00e9e dans le c\u0153ur industriel et agricole des \u00c9tats-Unis. L&#8217;entreprise, dont le si\u00e8ge est \u00e0 Montr\u00e9al, offre des services sp\u00e9cialis\u00e9s pour la manutention de marchandises en vrac, de marchandises unitaires et de conteneurs, ainsi que des solutions logistiques, y compris le transport et le stockage, dans son r\u00e9seau nord-am\u00e9ricain de 63 ports et 86 terminaux. Le PDG Sean Pierce souligne que la connexion du terminal avec le r\u00e9seau existant am\u00e9liore l&#8217;efficacit\u00e9 et l&#8217;acc\u00e8s aux march\u00e9s \u00e9mergents pour les clients de la r\u00e9gion du Midwest.<\/p>\n<p>LPD est un terminal multimodal de 100 hectares, sp\u00e9cialis\u00e9 dans la manutention, le stockage et le chargement de marchandises en vrac et de marchandises unitaires. Le site offre un acc\u00e8s direct au transport ferroviaire via CN Rail ainsi qu&#8217;\u00e0 la navigation int\u00e9rieure sur le Haut Mississippi. Parmi les clients de LPD figurent des fabricants am\u00e9ricains de premier plan dans les secteurs de l&#8217;agriculture, de l&#8217;acier, de la fabrication et de l&#8217;\u00e9nergie.<\/p>\n<p>Lisha Coffey, pr\u00e9sidente de Travero, souligne l&#8217;importance du terminal pour les cha\u00eenes d&#8217;approvisionnement r\u00e9gionales et la communaut\u00e9. \u00ab LPD a un solide bilan et une \u00e9quipe d\u00e9vou\u00e9e. Nous sommes fiers du r\u00f4le que l&#8217;\u00e9tablissement a jou\u00e9 pour soutenir nos clients \u00bb, d\u00e9clare Coffey. Elle souligne que le transfert \u00e0 Logistec est une d\u00e9cision strat\u00e9gique, car l&#8217;entreprise poss\u00e8de l&#8217;expertise n\u00e9cessaire pour exploiter et d\u00e9velopper des terminaux logistiques.<\/p>\n<p>Cette acquisition fait suite \u00e0 un accord r\u00e9cent de Logistec pour l&#8217;acquisition du terminal IPA \u00e0 Altamira, au Mexique.<\/p>\n<p>&nbsp;<\/p>\n<p><a href=\"https:\/\/www.logistec.com\/\" target=\"_blank\" rel=\"noopener noreferrer\">www.logistec.com<\/a><\/p>\n<p>&nbsp;<\/p>\n<p><a href=\"https:\/\/www.travero.com\/\" target=\"_blank\" rel=\"noopener noreferrer\">www.travero.com<\/a><\/p>\n<p>&nbsp;<\/p>\n","protected":false},"excerpt":{"rendered":"<p>Logistec a acquis le Logistics Park Dubuque pour \u00e9largir son r\u00e9seau aux \u00c9tats-Unis et am\u00e9liorer l&rsquo;efficacit\u00e9 pour ses clients dans la r\u00e9gion du Midwest.<\/p>\n","protected":false},"author":12,"featured_media":80764,"comment_status":"open","ping_status":"","sticky":false,"template":"","format":"standard","meta":{"_acf_changed":false,"footnotes":""},"categories":[1590,1581,1580,1583],"tags":[26921,26922,26923,26924,26925,26926,26927,11555,26928,26263,3739,2115,2116,26929,2122,26930,26931,3745,2075,26932,26933,2373,26934,26935,26936,26937,16399,26938,26939,26940,26941,26942,26943,26944,26945,26946,3157,2145,26947,26948,11585,11586,26949,26950,26951,5119,26952,26953,26954,26955,18446,26956,18447,26957,26958,26287,26959,26960,26961],"class_list":["post-80766","post","type-post","status-publish","format-standard","has-post-thumbnail","hentry","category-ameriques","category-expedition-et-logistique","category-intermodal-route","category-transport-maritime-et-ports","tag-acquisition-lpd","tag-agriculture-logistics","tag-akquisition-lpd","tag-binnenschifffahrt-oberer-mississippi","tag-binnenwasserstrassen-usa","tag-breakbulk-loading","tag-bulk-handling-services","tag-chaines-dapprovisionnement-regionales","tag-chargement-de-marchandises","tag-deutsch-logistec","tag-developpement-des-infrastructures","tag-digitalisierung-in-der-logistik","tag-digitalization-in-logistics","tag-expansion-de-terminal","tag-fachkraeftemangel-logistik","tag-industrial-markets-usa","tag-industrielle-maerkte-usa","tag-infrastructure-development","tag-infrastrukturentwicklung","tag-inland-shipping-upper-mississippi","tag-inland-waterways-usa","tag-labor-shortage-logistics","tag-landwirtschaft-logistik","tag-logistics-park-dubuque","tag-logistics-service-providers-north-america","tag-logistikdienstleister-nordamerika","tag-logistique-agricole","tag-logistique-region-midwest","tag-lpd-acquisition","tag-marches-industriels-usa","tag-midwest-region-logistics","tag-midwest-region-logistik","tag-multimodal-terminal","tag-multimodaler-terminal","tag-nachhaltige-logistikloesungen-english-logistec","tag-navigation-interieure-mississippi-superieur","tag-numerisation-dans-la-logistique","tag-penurie-de-main-doeuvre-logistique","tag-prestataires-de-services-logistiques-amerique-du-nord","tag-rail-transport-cn-rail","tag-regional-supply-chains","tag-regionale-lieferketten","tag-schienenverkehr-cn-rail","tag-schuettgut-handhabung","tag-services-de-manutention-en-vrac","tag-solutions-logistiques-durables","tag-stahlindustrie-transport","tag-steel-industry-transport","tag-stueckgut-verladung","tag-sustainable-logistics-solutions-francais-logistec","tag-terminal-expansion","tag-terminal-multimodal","tag-terminalerweiterung","tag-transport-et-stockage","tag-transport-ferroviaire-cn-rail","tag-transport-industrie-de-lacier","tag-transport-und-lagerung","tag-transportation-and-storage","tag-voies-navigables-interieures-usa"],"acf":[],"yoast_head":"<!-- This site is optimized with the Yoast SEO plugin v27.3 - https:\/\/yoast.com\/product\/yoast-seo-wordpress\/ -->\n<title>Logistec acquiert le Logistics Park Dubuque - ITJ | International Transport Journal<\/title>\n<meta name=\"robots\" content=\"index, follow, max-snippet:-1, max-image-preview:large, max-video-preview:-1\" \/>\n<link rel=\"canonical\" href=\"https:\/\/transportjournal.com\/fr\/2026\/03\/13\/logistec-acquiert-le-logistics-park-dubuque\/\" \/>\n<meta property=\"og:locale\" content=\"fr_FR\" \/>\n<meta property=\"og:type\" content=\"article\" \/>\n<meta property=\"og:title\" content=\"Logistec acquiert le Logistics Park Dubuque - ITJ | International Transport Journal\" \/>\n<meta property=\"og:description\" content=\"Logistec a acquis le Logistics Park Dubuque pour \u00e9largir son r\u00e9seau aux \u00c9tats-Unis et am\u00e9liorer l&#039;efficacit\u00e9 pour ses clients dans la r\u00e9gion du Midwest.\" \/>\n<meta property=\"og:url\" content=\"https:\/\/transportjournal.com\/fr\/2026\/03\/13\/logistec-acquiert-le-logistics-park-dubuque\/\" \/>\n<meta property=\"og:site_name\" content=\"ITJ | International Transport Journal\" \/>\n<meta property=\"article:published_time\" content=\"2026-03-13T11:02:19+00:00\" \/>\n<meta property=\"og:image\" content=\"https:\/\/transportjournal.com\/wp-content\/uploads\/sites\/2\/2026\/03\/Logistec-lpd-aerial-20240623-3179-980x551-1.jpg\" \/>\n\t<meta property=\"og:image:width\" content=\"980\" \/>\n\t<meta property=\"og:image:height\" content=\"551\" \/>\n\t<meta property=\"og:image:type\" content=\"image\/jpeg\" \/>\n<meta name=\"author\" content=\"Andreas Haug\" \/>\n<meta name=\"twitter:card\" content=\"summary_large_image\" \/>\n<meta name=\"twitter:label1\" content=\"\u00c9crit par\" \/>\n\t<meta name=\"twitter:data1\" content=\"Andreas Haug\" \/>\n\t<meta name=\"twitter:label2\" content=\"Dur\u00e9e de lecture estim\u00e9e\" \/>\n\t<meta name=\"twitter:data2\" content=\"2 minutes\" \/>\n<script type=\"application\/ld+json\" class=\"yoast-schema-graph\">{\"@context\":\"https:\\\/\\\/schema.org\",\"@graph\":[{\"@type\":\"Article\",\"@id\":\"https:\\\/\\\/transportjournal.com\\\/fr\\\/2026\\\/03\\\/13\\\/logistec-acquiert-le-logistics-park-dubuque\\\/#article\",\"isPartOf\":{\"@id\":\"https:\\\/\\\/transportjournal.com\\\/fr\\\/2026\\\/03\\\/13\\\/logistec-acquiert-le-logistics-park-dubuque\\\/\"},\"author\":{\"name\":\"Andreas Haug\",\"@id\":\"https:\\\/\\\/transportjournal.com\\\/fr\\\/#\\\/schema\\\/person\\\/cf538b3157f15afd7589245a4b3dbd25\"},\"headline\":\"Logistec acquiert le Logistics Park Dubuque\",\"datePublished\":\"2026-03-13T11:02:19+00:00\",\"mainEntityOfPage\":{\"@id\":\"https:\\\/\\\/transportjournal.com\\\/fr\\\/2026\\\/03\\\/13\\\/logistec-acquiert-le-logistics-park-dubuque\\\/\"},\"wordCount\":352,\"commentCount\":0,\"publisher\":{\"@id\":\"https:\\\/\\\/transportjournal.com\\\/fr\\\/#organization\"},\"image\":{\"@id\":\"https:\\\/\\\/transportjournal.com\\\/fr\\\/2026\\\/03\\\/13\\\/logistec-acquiert-le-logistics-park-dubuque\\\/#primaryimage\"},\"thumbnailUrl\":\"https:\\\/\\\/transportjournal.com\\\/wp-content\\\/uploads\\\/sites\\\/2\\\/2026\\\/03\\\/Logistec-lpd-aerial-20240623-3179-980x551-1.jpg\",\"keywords\":[\"acquisition LPD\",\"agriculture logistics\",\"Akquisition LPD\",\"Binnenschifffahrt Oberer Mississippi\",\"Binnenwasserstra\u00dfen USA\",\"breakbulk loading\",\"bulk handling services\",\"cha\u00eenes d'approvisionnement r\u00e9gionales\",\"chargement de marchandises\",\"Deutsch LOGISTEC\",\"d\u00e9veloppement des infrastructures\",\"Digitalisierung in der Logistik\",\"digitalization in logistics\",\"expansion de terminal\",\"Fachkr\u00e4ftemangel Logistik\",\"industrial markets USA\",\"industrielle M\u00e4rkte USA\",\"infrastructure development\",\"Infrastrukturentwicklung\",\"inland shipping Upper Mississippi\",\"inland waterways USA\",\"labor shortage logistics\",\"Landwirtschaft Logistik\",\"Logistics Park Dubuque\",\"logistics service providers North America\",\"Logistikdienstleister Nordamerika\",\"logistique agricole\",\"logistique r\u00e9gion Midwest\",\"LPD acquisition\",\"march\u00e9s industriels USA\",\"Midwest region logistics\",\"Midwest-Region Logistik\",\"multimodal terminal\",\"multimodaler Terminal\",\"nachhaltige Logistikl\u00f6sungen English LOGISTEC\",\"navigation int\u00e9rieure Mississippi sup\u00e9rieur\",\"num\u00e9risation dans la logistique\",\"p\u00e9nurie de main-d'\u0153uvre logistique\",\"prestataires de services logistiques Am\u00e9rique du Nord\",\"rail transport CN Rail\",\"regional supply chains\",\"regionale Lieferketten\",\"Schienenverkehr CN Rail\",\"Sch\u00fcttgut Handhabung\",\"services de manutention en vrac\",\"solutions logistiques durables\",\"Stahlindustrie Transport\",\"steel industry transport\",\"St\u00fcckgut Verladung\",\"sustainable logistics solutions Fran\u00e7ais LOGISTEC\",\"terminal expansion\",\"terminal multimodal\",\"Terminalerweiterung\",\"transport et stockage\",\"transport ferroviaire CN Rail\",\"transport industrie de l'acier\",\"Transport und Lagerung\",\"transportation and storage\",\"voies navigables int\u00e9rieures USA\"],\"articleSection\":[\"Am\u00e9riques\",\"Exp\u00e9dition de fret et logistique\",\"Intermodal \\\/ Route\",\"Transport maritime et ports\"],\"inLanguage\":\"fr-FR\",\"potentialAction\":[{\"@type\":\"CommentAction\",\"name\":\"Comment\",\"target\":[\"https:\\\/\\\/transportjournal.com\\\/fr\\\/2026\\\/03\\\/13\\\/logistec-acquiert-le-logistics-park-dubuque\\\/#respond\"]}]},{\"@type\":\"WebPage\",\"@id\":\"https:\\\/\\\/transportjournal.com\\\/fr\\\/2026\\\/03\\\/13\\\/logistec-acquiert-le-logistics-park-dubuque\\\/\",\"url\":\"https:\\\/\\\/transportjournal.com\\\/fr\\\/2026\\\/03\\\/13\\\/logistec-acquiert-le-logistics-park-dubuque\\\/\",\"name\":\"Logistec acquiert le Logistics Park Dubuque - ITJ | International Transport Journal\",\"isPartOf\":{\"@id\":\"https:\\\/\\\/transportjournal.com\\\/fr\\\/#website\"},\"primaryImageOfPage\":{\"@id\":\"https:\\\/\\\/transportjournal.com\\\/fr\\\/2026\\\/03\\\/13\\\/logistec-acquiert-le-logistics-park-dubuque\\\/#primaryimage\"},\"image\":{\"@id\":\"https:\\\/\\\/transportjournal.com\\\/fr\\\/2026\\\/03\\\/13\\\/logistec-acquiert-le-logistics-park-dubuque\\\/#primaryimage\"},\"thumbnailUrl\":\"https:\\\/\\\/transportjournal.com\\\/wp-content\\\/uploads\\\/sites\\\/2\\\/2026\\\/03\\\/Logistec-lpd-aerial-20240623-3179-980x551-1.jpg\",\"datePublished\":\"2026-03-13T11:02:19+00:00\",\"breadcrumb\":{\"@id\":\"https:\\\/\\\/transportjournal.com\\\/fr\\\/2026\\\/03\\\/13\\\/logistec-acquiert-le-logistics-park-dubuque\\\/#breadcrumb\"},\"inLanguage\":\"fr-FR\",\"potentialAction\":[{\"@type\":\"ReadAction\",\"target\":[\"https:\\\/\\\/transportjournal.com\\\/fr\\\/2026\\\/03\\\/13\\\/logistec-acquiert-le-logistics-park-dubuque\\\/\"]}]},{\"@type\":\"ImageObject\",\"inLanguage\":\"fr-FR\",\"@id\":\"https:\\\/\\\/transportjournal.com\\\/fr\\\/2026\\\/03\\\/13\\\/logistec-acquiert-le-logistics-park-dubuque\\\/#primaryimage\",\"url\":\"https:\\\/\\\/transportjournal.com\\\/wp-content\\\/uploads\\\/sites\\\/2\\\/2026\\\/03\\\/Logistec-lpd-aerial-20240623-3179-980x551-1.jpg\",\"contentUrl\":\"https:\\\/\\\/transportjournal.com\\\/wp-content\\\/uploads\\\/sites\\\/2\\\/2026\\\/03\\\/Logistec-lpd-aerial-20240623-3179-980x551-1.jpg\",\"width\":980,\"height\":551},{\"@type\":\"BreadcrumbList\",\"@id\":\"https:\\\/\\\/transportjournal.com\\\/fr\\\/2026\\\/03\\\/13\\\/logistec-acquiert-le-logistics-park-dubuque\\\/#breadcrumb\",\"itemListElement\":[{\"@type\":\"ListItem\",\"position\":1,\"name\":\"Startseite\",\"item\":\"https:\\\/\\\/transportjournal.com\\\/fr\\\/\"},{\"@type\":\"ListItem\",\"position\":2,\"name\":\"Logistec acquiert le Logistics Park Dubuque\"}]},{\"@type\":\"WebSite\",\"@id\":\"https:\\\/\\\/transportjournal.com\\\/fr\\\/#website\",\"url\":\"https:\\\/\\\/transportjournal.com\\\/fr\\\/\",\"name\":\"ITJ | International Transport Journal\",\"description\":\"Restez inform\u00e9 des derni\u00e8res nouvelles mondiales dans les secteurs du transport, de la logistique et de la cha\u00eene d'approvisionnement. Transport Journal fournit des informations d'experts, des analyses et des mises \u00e0 jour sur le transport maritime, l'aviation, l'intermodalit\u00e9 et l'exp\u00e9dition. \",\"publisher\":{\"@id\":\"https:\\\/\\\/transportjournal.com\\\/fr\\\/#organization\"},\"potentialAction\":[{\"@type\":\"SearchAction\",\"target\":{\"@type\":\"EntryPoint\",\"urlTemplate\":\"https:\\\/\\\/transportjournal.com\\\/fr\\\/?s={search_term_string}\"},\"query-input\":{\"@type\":\"PropertyValueSpecification\",\"valueRequired\":true,\"valueName\":\"search_term_string\"}}],\"inLanguage\":\"fr-FR\"},{\"@type\":\"Organization\",\"@id\":\"https:\\\/\\\/transportjournal.com\\\/fr\\\/#organization\",\"name\":\"Groupe Logismedia AG\",\"alternateName\":\"Logismedia Group AG\",\"url\":\"https:\\\/\\\/transportjournal.com\\\/fr\\\/\",\"logo\":{\"@type\":\"ImageObject\",\"inLanguage\":\"fr-FR\",\"@id\":\"https:\\\/\\\/transportjournal.com\\\/fr\\\/#\\\/schema\\\/logo\\\/image\\\/\",\"url\":\"https:\\\/\\\/transportjournal.com\\\/wp-content\\\/uploads\\\/sites\\\/2\\\/2025\\\/09\\\/Logo_ITJ.png\",\"contentUrl\":\"https:\\\/\\\/transportjournal.com\\\/wp-content\\\/uploads\\\/sites\\\/2\\\/2025\\\/09\\\/Logo_ITJ.png\",\"width\":799,\"height\":326,\"caption\":\"Groupe Logismedia AG\"},\"image\":{\"@id\":\"https:\\\/\\\/transportjournal.com\\\/fr\\\/#\\\/schema\\\/logo\\\/image\\\/\"},\"sameAs\":[\"https:\\\/\\\/www.linkedin.com\\\/company\\\/56456496\\\/admin\\\/dashboard\\\/\",\"https:\\\/\\\/www.instagram.com\\\/logismediagroup\\\/\",\"https:\\\/\\\/www.youtube.com\\\/@LogiamediaGroupAG\"]},{\"@type\":\"Person\",\"@id\":\"https:\\\/\\\/transportjournal.com\\\/fr\\\/#\\\/schema\\\/person\\\/cf538b3157f15afd7589245a4b3dbd25\",\"name\":\"Andreas Haug\",\"url\":\"https:\\\/\\\/transportjournal.com\\\/fr\\\/author\\\/andreas\\\/\"}]}<\/script>\n<!-- \/ Yoast SEO plugin. -->","yoast_head_json":{"title":"Logistec acquiert le Logistics Park Dubuque - ITJ | International Transport Journal","robots":{"index":"index","follow":"follow","max-snippet":"max-snippet:-1","max-image-preview":"max-image-preview:large","max-video-preview":"max-video-preview:-1"},"canonical":"https:\/\/transportjournal.com\/fr\/2026\/03\/13\/logistec-acquiert-le-logistics-park-dubuque\/","og_locale":"fr_FR","og_type":"article","og_title":"Logistec acquiert le Logistics Park Dubuque - ITJ | International Transport Journal","og_description":"Logistec a acquis le Logistics Park Dubuque pour \u00e9largir son r\u00e9seau aux \u00c9tats-Unis et am\u00e9liorer l'efficacit\u00e9 pour ses clients dans la r\u00e9gion du Midwest.","og_url":"https:\/\/transportjournal.com\/fr\/2026\/03\/13\/logistec-acquiert-le-logistics-park-dubuque\/","og_site_name":"ITJ | International Transport Journal","article_published_time":"2026-03-13T11:02:19+00:00","og_image":[{"width":980,"height":551,"url":"https:\/\/transportjournal.com\/wp-content\/uploads\/sites\/2\/2026\/03\/Logistec-lpd-aerial-20240623-3179-980x551-1.jpg","type":"image\/jpeg"}],"author":"Andreas Haug","twitter_card":"summary_large_image","twitter_misc":{"\u00c9crit par":"Andreas Haug","Dur\u00e9e de lecture estim\u00e9e":"2 minutes"},"schema":{"@context":"https:\/\/schema.org","@graph":[{"@type":"Article","@id":"https:\/\/transportjournal.com\/fr\/2026\/03\/13\/logistec-acquiert-le-logistics-park-dubuque\/#article","isPartOf":{"@id":"https:\/\/transportjournal.com\/fr\/2026\/03\/13\/logistec-acquiert-le-logistics-park-dubuque\/"},"author":{"name":"Andreas Haug","@id":"https:\/\/transportjournal.com\/fr\/#\/schema\/person\/cf538b3157f15afd7589245a4b3dbd25"},"headline":"Logistec acquiert le Logistics Park Dubuque","datePublished":"2026-03-13T11:02:19+00:00","mainEntityOfPage":{"@id":"https:\/\/transportjournal.com\/fr\/2026\/03\/13\/logistec-acquiert-le-logistics-park-dubuque\/"},"wordCount":352,"commentCount":0,"publisher":{"@id":"https:\/\/transportjournal.com\/fr\/#organization"},"image":{"@id":"https:\/\/transportjournal.com\/fr\/2026\/03\/13\/logistec-acquiert-le-logistics-park-dubuque\/#primaryimage"},"thumbnailUrl":"https:\/\/transportjournal.com\/wp-content\/uploads\/sites\/2\/2026\/03\/Logistec-lpd-aerial-20240623-3179-980x551-1.jpg","keywords":["acquisition LPD","agriculture logistics","Akquisition LPD","Binnenschifffahrt Oberer Mississippi","Binnenwasserstra\u00dfen USA","breakbulk loading","bulk handling services","cha\u00eenes d'approvisionnement r\u00e9gionales","chargement de marchandises","Deutsch LOGISTEC","d\u00e9veloppement des infrastructures","Digitalisierung in der Logistik","digitalization in logistics","expansion de terminal","Fachkr\u00e4ftemangel Logistik","industrial markets USA","industrielle M\u00e4rkte USA","infrastructure development","Infrastrukturentwicklung","inland shipping Upper Mississippi","inland waterways USA","labor shortage logistics","Landwirtschaft Logistik","Logistics Park Dubuque","logistics service providers North America","Logistikdienstleister Nordamerika","logistique agricole","logistique r\u00e9gion Midwest","LPD acquisition","march\u00e9s industriels USA","Midwest region logistics","Midwest-Region Logistik","multimodal terminal","multimodaler Terminal","nachhaltige Logistikl\u00f6sungen English LOGISTEC","navigation int\u00e9rieure Mississippi sup\u00e9rieur","num\u00e9risation dans la logistique","p\u00e9nurie de main-d'\u0153uvre logistique","prestataires de services logistiques Am\u00e9rique du Nord","rail transport CN Rail","regional supply chains","regionale Lieferketten","Schienenverkehr CN Rail","Sch\u00fcttgut Handhabung","services de manutention en vrac","solutions logistiques durables","Stahlindustrie Transport","steel industry transport","St\u00fcckgut Verladung","sustainable logistics solutions Fran\u00e7ais LOGISTEC","terminal expansion","terminal multimodal","Terminalerweiterung","transport et stockage","transport ferroviaire CN Rail","transport industrie de l'acier","Transport und Lagerung","transportation and storage","voies navigables int\u00e9rieures USA"],"articleSection":["Am\u00e9riques","Exp\u00e9dition de fret et logistique","Intermodal \/ Route","Transport maritime et ports"],"inLanguage":"fr-FR","potentialAction":[{"@type":"CommentAction","name":"Comment","target":["https:\/\/transportjournal.com\/fr\/2026\/03\/13\/logistec-acquiert-le-logistics-park-dubuque\/#respond"]}]},{"@type":"WebPage","@id":"https:\/\/transportjournal.com\/fr\/2026\/03\/13\/logistec-acquiert-le-logistics-park-dubuque\/","url":"https:\/\/transportjournal.com\/fr\/2026\/03\/13\/logistec-acquiert-le-logistics-park-dubuque\/","name":"Logistec acquiert le Logistics Park Dubuque - ITJ | International Transport Journal","isPartOf":{"@id":"https:\/\/transportjournal.com\/fr\/#website"},"primaryImageOfPage":{"@id":"https:\/\/transportjournal.com\/fr\/2026\/03\/13\/logistec-acquiert-le-logistics-park-dubuque\/#primaryimage"},"image":{"@id":"https:\/\/transportjournal.com\/fr\/2026\/03\/13\/logistec-acquiert-le-logistics-park-dubuque\/#primaryimage"},"thumbnailUrl":"https:\/\/transportjournal.com\/wp-content\/uploads\/sites\/2\/2026\/03\/Logistec-lpd-aerial-20240623-3179-980x551-1.jpg","datePublished":"2026-03-13T11:02:19+00:00","breadcrumb":{"@id":"https:\/\/transportjournal.com\/fr\/2026\/03\/13\/logistec-acquiert-le-logistics-park-dubuque\/#breadcrumb"},"inLanguage":"fr-FR","potentialAction":[{"@type":"ReadAction","target":["https:\/\/transportjournal.com\/fr\/2026\/03\/13\/logistec-acquiert-le-logistics-park-dubuque\/"]}]},{"@type":"ImageObject","inLanguage":"fr-FR","@id":"https:\/\/transportjournal.com\/fr\/2026\/03\/13\/logistec-acquiert-le-logistics-park-dubuque\/#primaryimage","url":"https:\/\/transportjournal.com\/wp-content\/uploads\/sites\/2\/2026\/03\/Logistec-lpd-aerial-20240623-3179-980x551-1.jpg","contentUrl":"https:\/\/transportjournal.com\/wp-content\/uploads\/sites\/2\/2026\/03\/Logistec-lpd-aerial-20240623-3179-980x551-1.jpg","width":980,"height":551},{"@type":"BreadcrumbList","@id":"https:\/\/transportjournal.com\/fr\/2026\/03\/13\/logistec-acquiert-le-logistics-park-dubuque\/#breadcrumb","itemListElement":[{"@type":"ListItem","position":1,"name":"Startseite","item":"https:\/\/transportjournal.com\/fr\/"},{"@type":"ListItem","position":2,"name":"Logistec acquiert le Logistics Park Dubuque"}]},{"@type":"WebSite","@id":"https:\/\/transportjournal.com\/fr\/#website","url":"https:\/\/transportjournal.com\/fr\/","name":"ITJ | International Transport Journal","description":"Restez inform\u00e9 des derni\u00e8res nouvelles mondiales dans les secteurs du transport, de la logistique et de la cha\u00eene d'approvisionnement. Transport Journal fournit des informations d'experts, des analyses et des mises \u00e0 jour sur le transport maritime, l'aviation, l'intermodalit\u00e9 et l'exp\u00e9dition. ","publisher":{"@id":"https:\/\/transportjournal.com\/fr\/#organization"},"potentialAction":[{"@type":"SearchAction","target":{"@type":"EntryPoint","urlTemplate":"https:\/\/transportjournal.com\/fr\/?s={search_term_string}"},"query-input":{"@type":"PropertyValueSpecification","valueRequired":true,"valueName":"search_term_string"}}],"inLanguage":"fr-FR"},{"@type":"Organization","@id":"https:\/\/transportjournal.com\/fr\/#organization","name":"Groupe Logismedia AG","alternateName":"Logismedia Group AG","url":"https:\/\/transportjournal.com\/fr\/","logo":{"@type":"ImageObject","inLanguage":"fr-FR","@id":"https:\/\/transportjournal.com\/fr\/#\/schema\/logo\/image\/","url":"https:\/\/transportjournal.com\/wp-content\/uploads\/sites\/2\/2025\/09\/Logo_ITJ.png","contentUrl":"https:\/\/transportjournal.com\/wp-content\/uploads\/sites\/2\/2025\/09\/Logo_ITJ.png","width":799,"height":326,"caption":"Groupe Logismedia AG"},"image":{"@id":"https:\/\/transportjournal.com\/fr\/#\/schema\/logo\/image\/"},"sameAs":["https:\/\/www.linkedin.com\/company\/56456496\/admin\/dashboard\/","https:\/\/www.instagram.com\/logismediagroup\/","https:\/\/www.youtube.com\/@LogiamediaGroupAG"]},{"@type":"Person","@id":"https:\/\/transportjournal.com\/fr\/#\/schema\/person\/cf538b3157f15afd7589245a4b3dbd25","name":"Andreas Haug","url":"https:\/\/transportjournal.com\/fr\/author\/andreas\/"}]}},"_links":{"self":[{"href":"https:\/\/transportjournal.com\/fr\/wp-json\/wp\/v2\/posts\/80766","targetHints":{"allow":["GET"]}}],"collection":[{"href":"https:\/\/transportjournal.com\/fr\/wp-json\/wp\/v2\/posts"}],"about":[{"href":"https:\/\/transportjournal.com\/fr\/wp-json\/wp\/v2\/types\/post"}],"author":[{"embeddable":true,"href":"https:\/\/transportjournal.com\/fr\/wp-json\/wp\/v2\/users\/12"}],"replies":[{"embeddable":true,"href":"https:\/\/transportjournal.com\/fr\/wp-json\/wp\/v2\/comments?post=80766"}],"version-history":[{"count":0,"href":"https:\/\/transportjournal.com\/fr\/wp-json\/wp\/v2\/posts\/80766\/revisions"}],"wp:featuredmedia":[{"embeddable":true,"href":"https:\/\/transportjournal.com\/fr\/wp-json\/wp\/v2\/media\/80764"}],"wp:attachment":[{"href":"https:\/\/transportjournal.com\/fr\/wp-json\/wp\/v2\/media?parent=80766"}],"wp:term":[{"taxonomy":"category","embeddable":true,"href":"https:\/\/transportjournal.com\/fr\/wp-json\/wp\/v2\/categories?post=80766"},{"taxonomy":"post_tag","embeddable":true,"href":"https:\/\/transportjournal.com\/fr\/wp-json\/wp\/v2\/tags?post=80766"}],"curies":[{"name":"wp","href":"https:\/\/api.w.org\/{rel}","templated":true}]}}