{"id":80758,"date":"2026-03-13T11:00:54","date_gmt":"2026-03-13T11:00:54","guid":{"rendered":"https:\/\/transportjournal.com\/2026\/03\/13\/feteia-oltra-reagit-aux-tensions-geopolitiques\/"},"modified":"2026-03-13T11:00:54","modified_gmt":"2026-03-13T11:00:54","slug":"feteia-oltra-reagit-aux-tensions-geopolitiques","status":"publish","type":"post","link":"https:\/\/transportjournal.com\/fr\/2026\/03\/13\/feteia-oltra-reagit-aux-tensions-geopolitiques\/","title":{"rendered":"Feteia-Oltra r\u00e9agit aux tensions g\u00e9opolitiques"},"content":{"rendered":"<p>La f\u00e9d\u00e9ration espagnole des transporteurs Feteia-Oltra surveille les impacts de l&#8217;escalade g\u00e9opolitique au Moyen-Orient sur les cha\u00eenes d&#8217;approvisionnement internationales et a mis en place des mesures suppl\u00e9mentaires pour observer la situation. Les incertitudes croissantes sur le march\u00e9 de l&#8217;\u00e9nergie et des transports compliquent actuellement la planification des processus logistiques mondiaux.<\/p>\n<p>Le conseil d&#8217;administration de l&#8217;organisation s&#8217;est r\u00e9uni avec des associations r\u00e9gionales de transporteurs de toute l&#8217;Espagne pour analyser les d\u00e9veloppements r\u00e9cents dans le commerce mondial et les d\u00e9fis op\u00e9rationnels. Les co\u00fbts de transport en hausse, la volatilit\u00e9 des prix de l&#8217;\u00e9nergie ainsi que l&#8217;incertitude croissante concernant les d\u00e9lais et les itin\u00e9raires de transit ont \u00e9t\u00e9 particuli\u00e8rement discut\u00e9s.<\/p>\n<p>Groupe de travail pour des r\u00e9actions plus rapides<\/p>\n<p>En r\u00e9ponse \u00e0 la situation, Feteia-Oltra a cr\u00e9\u00e9 un groupe de travail qui surveille en continu les d\u00e9veloppements internationaux et \u00e9change des informations avec les autorit\u00e9s, les organisations sectorielles et les partenaires. L&#8217;objectif est de fournir aux entreprises des informations de march\u00e9 actuelles pour des d\u00e9cisions op\u00e9rationnelles.<\/p>\n<p>Les transporteurs soutiennent actuellement les entreprises dans l&#8217;adaptation de leurs cha\u00eenes d&#8217;approvisionnement en examinant des voies de transport alternatives et en ajustant en permanence les processus logistiques afin de maintenir le commerce international.<\/p>\n<p><a href=\"http:\/\/www.feteia.org\" target=\"_blank\" rel=\"noopener noreferrer\">www.feteia.org<\/a><\/p>\n","protected":false},"excerpt":{"rendered":"<p>La f\u00e9d\u00e9ration espagnole des transporteurs Feteia-Oltra a cr\u00e9\u00e9 un groupe de travail pour aider les entreprises \u00e0 adapter leurs cha\u00eenes d&rsquo;approvisionnement aux \u00e9volutions g\u00e9opolitiques.<\/p>\n","protected":false},"author":14,"featured_media":80756,"comment_status":"open","ping_status":"","sticky":false,"template":"","format":"standard","meta":{"_acf_changed":false,"footnotes":""},"categories":[1581],"tags":[14761,26898,26899,26900,21089,26901,26902,26903,3739,2355,2356,2122,26904,5225,5226,2123,12668,12669,2125,26905,3745,2075,21103,21106,26906,26907,8486,26908,16615,26909,8487,12675,26910,26911,4132,4134,4135,26912,26913,2145,2148,26914,8495,2394,26915,14796,2106,26916,2295,24745,24746,26917,2155,26918,1837,26919,26920],"class_list":["post-80758","post","type-post","status-publish","format-standard","has-post-thumbnail","hentry","category-expedition-et-logistique","tag-ajustements-de-la-chaine-dapprovisionnement","tag-alternative-transport-routes","tag-alternative-transportwege","tag-associations-de-transport","tag-chaines-dapprovisionnement-internationales","tag-couts-de-transport","tag-defis-operationnels","tag-deutsch-feteia-oltra","tag-developpement-des-infrastructures","tag-digital-logistics-solutions","tag-digitale-logistikloesungen","tag-fachkraeftemangel-logistik","tag-freight-associations","tag-geopolitical-tensions","tag-geopolitische-spannungen","tag-gestion-de-la-chaine-dapprovisionnement","tag-global-logistics","tag-globale-logistik","tag-industrie-du-transport","tag-informations-de-marche","tag-infrastructure-development","tag-infrastrukturentwicklung","tag-international-supply-chains","tag-internationale-lieferketten","tag-itineraires-de-transport-alternatifs","tag-lieferkettenanpassung","tag-logistics-processes","tag-logistics-service-providers-francais-feteia-oltra","tag-logistics-workforce-shortage","tag-logistikdienstleister-english-feteia-oltra","tag-logistikprozesse","tag-logistique-mondiale","tag-market-information","tag-marktinformationen","tag-middle-east","tag-moyen-orient","tag-naher-osten","tag-operational-challenges","tag-operative-herausforderungen","tag-penurie-de-main-doeuvre-logistique","tag-prestataires-de-services-logistiques","tag-prix-de-lenergie-volatils","tag-processus-logistiques","tag-solutions-logistiques-numeriques","tag-speditionsverbaende","tag-supply-chain-adjustments","tag-supply-chain-management","tag-temps-de-transit","tag-tensions-geopolitiques","tag-transit-times","tag-transitzeiten","tag-transport-costs","tag-transport-industry","tag-transportkosten","tag-transportwirtschaft","tag-volatile-energiepreise","tag-volatile-energy-prices"],"acf":[],"yoast_head":"<!-- This site is optimized with the Yoast SEO plugin v27.3 - https:\/\/yoast.com\/product\/yoast-seo-wordpress\/ -->\n<title>Feteia-Oltra r\u00e9agit aux tensions g\u00e9opolitiques - ITJ | International Transport Journal<\/title>\n<meta name=\"robots\" content=\"index, follow, max-snippet:-1, max-image-preview:large, max-video-preview:-1\" \/>\n<link rel=\"canonical\" href=\"https:\/\/transportjournal.com\/fr\/2026\/03\/13\/feteia-oltra-reagit-aux-tensions-geopolitiques\/\" \/>\n<meta property=\"og:locale\" content=\"fr_FR\" \/>\n<meta property=\"og:type\" content=\"article\" \/>\n<meta property=\"og:title\" content=\"Feteia-Oltra r\u00e9agit aux tensions g\u00e9opolitiques - ITJ | International Transport Journal\" \/>\n<meta property=\"og:description\" content=\"La f\u00e9d\u00e9ration espagnole des transporteurs Feteia-Oltra a cr\u00e9\u00e9 un groupe de travail pour aider les entreprises \u00e0 adapter leurs cha\u00eenes d&#039;approvisionnement aux \u00e9volutions g\u00e9opolitiques.\" \/>\n<meta property=\"og:url\" content=\"https:\/\/transportjournal.com\/fr\/2026\/03\/13\/feteia-oltra-reagit-aux-tensions-geopolitiques\/\" \/>\n<meta property=\"og:site_name\" content=\"ITJ | International Transport Journal\" \/>\n<meta property=\"article:published_time\" content=\"2026-03-13T11:00:54+00:00\" \/>\n<meta property=\"og:image\" content=\"https:\/\/transportjournal.com\/wp-content\/uploads\/sites\/2\/2026\/03\/Geopolitik_Supply_chain_Adobe_Stock-bakhtiarzein_82516786-scaled-aspect-ratio-1400-788-scaled-1.jpeg\" \/>\n\t<meta property=\"og:image:width\" content=\"2560\" \/>\n\t<meta property=\"og:image:height\" content=\"1441\" \/>\n\t<meta property=\"og:image:type\" content=\"image\/jpeg\" \/>\n<meta name=\"author\" content=\"Gyan Sharan\" \/>\n<meta name=\"twitter:card\" content=\"summary_large_image\" \/>\n<meta name=\"twitter:label1\" content=\"\u00c9crit par\" \/>\n\t<meta name=\"twitter:data1\" content=\"Gyan Sharan\" \/>\n\t<meta name=\"twitter:label2\" content=\"Dur\u00e9e de lecture estim\u00e9e\" \/>\n\t<meta name=\"twitter:data2\" content=\"1 minute\" \/>\n<script type=\"application\/ld+json\" class=\"yoast-schema-graph\">{\"@context\":\"https:\\\/\\\/schema.org\",\"@graph\":[{\"@type\":\"Article\",\"@id\":\"https:\\\/\\\/transportjournal.com\\\/fr\\\/2026\\\/03\\\/13\\\/feteia-oltra-reagit-aux-tensions-geopolitiques\\\/#article\",\"isPartOf\":{\"@id\":\"https:\\\/\\\/transportjournal.com\\\/fr\\\/2026\\\/03\\\/13\\\/feteia-oltra-reagit-aux-tensions-geopolitiques\\\/\"},\"author\":{\"name\":\"Gyan Sharan\",\"@id\":\"https:\\\/\\\/transportjournal.com\\\/fr\\\/#\\\/schema\\\/person\\\/13a9fc605c753db60ef7750a229cd042\"},\"headline\":\"Feteia-Oltra r\u00e9agit aux tensions g\u00e9opolitiques\",\"datePublished\":\"2026-03-13T11:00:54+00:00\",\"mainEntityOfPage\":{\"@id\":\"https:\\\/\\\/transportjournal.com\\\/fr\\\/2026\\\/03\\\/13\\\/feteia-oltra-reagit-aux-tensions-geopolitiques\\\/\"},\"wordCount\":239,\"commentCount\":0,\"publisher\":{\"@id\":\"https:\\\/\\\/transportjournal.com\\\/fr\\\/#organization\"},\"image\":{\"@id\":\"https:\\\/\\\/transportjournal.com\\\/fr\\\/2026\\\/03\\\/13\\\/feteia-oltra-reagit-aux-tensions-geopolitiques\\\/#primaryimage\"},\"thumbnailUrl\":\"https:\\\/\\\/transportjournal.com\\\/wp-content\\\/uploads\\\/sites\\\/2\\\/2026\\\/03\\\/Geopolitik_Supply_chain_Adobe_Stock-bakhtiarzein_82516786-scaled-aspect-ratio-1400-788-scaled-1.jpeg\",\"keywords\":[\"ajustements de la cha\u00eene d'approvisionnement\",\"alternative transport routes\",\"alternative Transportwege\",\"associations de transport\",\"cha\u00eenes d'approvisionnement internationales\",\"co\u00fbts de transport\",\"d\u00e9fis op\u00e9rationnels\",\"Deutsch Feteia-Oltra\",\"d\u00e9veloppement des infrastructures\",\"digital logistics solutions\",\"digitale Logistikl\u00f6sungen\",\"Fachkr\u00e4ftemangel Logistik\",\"freight associations\",\"geopolitical tensions\",\"geopolitische Spannungen\",\"gestion de la cha\u00eene d'approvisionnement\",\"global logistics\",\"globale Logistik\",\"industrie du transport\",\"informations de march\u00e9\",\"infrastructure development\",\"Infrastrukturentwicklung\",\"international supply chains\",\"internationale Lieferketten\",\"itin\u00e9raires de transport alternatifs\",\"Lieferkettenanpassung\",\"logistics processes\",\"logistics service providers Fran\u00e7ais Feteia-Oltra\",\"logistics workforce shortage\",\"Logistikdienstleister English Feteia-Oltra\",\"Logistikprozesse\",\"logistique mondiale\",\"market information\",\"Marktinformationen\",\"Middle East\",\"Moyen-Orient\",\"Naher Osten\",\"operational challenges\",\"operative Herausforderungen\",\"p\u00e9nurie de main-d'\u0153uvre logistique\",\"prestataires de services logistiques\",\"prix de l'\u00e9nergie volatils\",\"processus logistiques\",\"solutions logistiques num\u00e9riques\",\"Speditionsverb\u00e4nde\",\"supply chain adjustments\",\"Supply Chain Management\",\"temps de transit\",\"tensions g\u00e9opolitiques\",\"transit times\",\"Transitzeiten\",\"transport costs\",\"transport industry\",\"Transportkosten\",\"Transportwirtschaft\",\"volatile Energiepreise\",\"volatile energy prices\"],\"articleSection\":[\"Exp\u00e9dition de fret et logistique\"],\"inLanguage\":\"fr-FR\",\"potentialAction\":[{\"@type\":\"CommentAction\",\"name\":\"Comment\",\"target\":[\"https:\\\/\\\/transportjournal.com\\\/fr\\\/2026\\\/03\\\/13\\\/feteia-oltra-reagit-aux-tensions-geopolitiques\\\/#respond\"]}]},{\"@type\":\"WebPage\",\"@id\":\"https:\\\/\\\/transportjournal.com\\\/fr\\\/2026\\\/03\\\/13\\\/feteia-oltra-reagit-aux-tensions-geopolitiques\\\/\",\"url\":\"https:\\\/\\\/transportjournal.com\\\/fr\\\/2026\\\/03\\\/13\\\/feteia-oltra-reagit-aux-tensions-geopolitiques\\\/\",\"name\":\"Feteia-Oltra r\u00e9agit aux tensions g\u00e9opolitiques - ITJ | International Transport Journal\",\"isPartOf\":{\"@id\":\"https:\\\/\\\/transportjournal.com\\\/fr\\\/#website\"},\"primaryImageOfPage\":{\"@id\":\"https:\\\/\\\/transportjournal.com\\\/fr\\\/2026\\\/03\\\/13\\\/feteia-oltra-reagit-aux-tensions-geopolitiques\\\/#primaryimage\"},\"image\":{\"@id\":\"https:\\\/\\\/transportjournal.com\\\/fr\\\/2026\\\/03\\\/13\\\/feteia-oltra-reagit-aux-tensions-geopolitiques\\\/#primaryimage\"},\"thumbnailUrl\":\"https:\\\/\\\/transportjournal.com\\\/wp-content\\\/uploads\\\/sites\\\/2\\\/2026\\\/03\\\/Geopolitik_Supply_chain_Adobe_Stock-bakhtiarzein_82516786-scaled-aspect-ratio-1400-788-scaled-1.jpeg\",\"datePublished\":\"2026-03-13T11:00:54+00:00\",\"breadcrumb\":{\"@id\":\"https:\\\/\\\/transportjournal.com\\\/fr\\\/2026\\\/03\\\/13\\\/feteia-oltra-reagit-aux-tensions-geopolitiques\\\/#breadcrumb\"},\"inLanguage\":\"fr-FR\",\"potentialAction\":[{\"@type\":\"ReadAction\",\"target\":[\"https:\\\/\\\/transportjournal.com\\\/fr\\\/2026\\\/03\\\/13\\\/feteia-oltra-reagit-aux-tensions-geopolitiques\\\/\"]}]},{\"@type\":\"ImageObject\",\"inLanguage\":\"fr-FR\",\"@id\":\"https:\\\/\\\/transportjournal.com\\\/fr\\\/2026\\\/03\\\/13\\\/feteia-oltra-reagit-aux-tensions-geopolitiques\\\/#primaryimage\",\"url\":\"https:\\\/\\\/transportjournal.com\\\/wp-content\\\/uploads\\\/sites\\\/2\\\/2026\\\/03\\\/Geopolitik_Supply_chain_Adobe_Stock-bakhtiarzein_82516786-scaled-aspect-ratio-1400-788-scaled-1.jpeg\",\"contentUrl\":\"https:\\\/\\\/transportjournal.com\\\/wp-content\\\/uploads\\\/sites\\\/2\\\/2026\\\/03\\\/Geopolitik_Supply_chain_Adobe_Stock-bakhtiarzein_82516786-scaled-aspect-ratio-1400-788-scaled-1.jpeg\",\"width\":2560,\"height\":1441},{\"@type\":\"BreadcrumbList\",\"@id\":\"https:\\\/\\\/transportjournal.com\\\/fr\\\/2026\\\/03\\\/13\\\/feteia-oltra-reagit-aux-tensions-geopolitiques\\\/#breadcrumb\",\"itemListElement\":[{\"@type\":\"ListItem\",\"position\":1,\"name\":\"Startseite\",\"item\":\"https:\\\/\\\/transportjournal.com\\\/fr\\\/\"},{\"@type\":\"ListItem\",\"position\":2,\"name\":\"Feteia-Oltra r\u00e9agit aux tensions g\u00e9opolitiques\"}]},{\"@type\":\"WebSite\",\"@id\":\"https:\\\/\\\/transportjournal.com\\\/fr\\\/#website\",\"url\":\"https:\\\/\\\/transportjournal.com\\\/fr\\\/\",\"name\":\"ITJ | International Transport Journal\",\"description\":\"Restez inform\u00e9 des derni\u00e8res nouvelles mondiales dans les secteurs du transport, de la logistique et de la cha\u00eene d'approvisionnement. Transport Journal fournit des informations d'experts, des analyses et des mises \u00e0 jour sur le transport maritime, l'aviation, l'intermodalit\u00e9 et l'exp\u00e9dition. \",\"publisher\":{\"@id\":\"https:\\\/\\\/transportjournal.com\\\/fr\\\/#organization\"},\"potentialAction\":[{\"@type\":\"SearchAction\",\"target\":{\"@type\":\"EntryPoint\",\"urlTemplate\":\"https:\\\/\\\/transportjournal.com\\\/fr\\\/?s={search_term_string}\"},\"query-input\":{\"@type\":\"PropertyValueSpecification\",\"valueRequired\":true,\"valueName\":\"search_term_string\"}}],\"inLanguage\":\"fr-FR\"},{\"@type\":\"Organization\",\"@id\":\"https:\\\/\\\/transportjournal.com\\\/fr\\\/#organization\",\"name\":\"Groupe Logismedia AG\",\"alternateName\":\"Logismedia Group AG\",\"url\":\"https:\\\/\\\/transportjournal.com\\\/fr\\\/\",\"logo\":{\"@type\":\"ImageObject\",\"inLanguage\":\"fr-FR\",\"@id\":\"https:\\\/\\\/transportjournal.com\\\/fr\\\/#\\\/schema\\\/logo\\\/image\\\/\",\"url\":\"https:\\\/\\\/transportjournal.com\\\/wp-content\\\/uploads\\\/sites\\\/2\\\/2025\\\/09\\\/Logo_ITJ.png\",\"contentUrl\":\"https:\\\/\\\/transportjournal.com\\\/wp-content\\\/uploads\\\/sites\\\/2\\\/2025\\\/09\\\/Logo_ITJ.png\",\"width\":799,\"height\":326,\"caption\":\"Groupe Logismedia AG\"},\"image\":{\"@id\":\"https:\\\/\\\/transportjournal.com\\\/fr\\\/#\\\/schema\\\/logo\\\/image\\\/\"},\"sameAs\":[\"https:\\\/\\\/www.linkedin.com\\\/company\\\/56456496\\\/admin\\\/dashboard\\\/\",\"https:\\\/\\\/www.instagram.com\\\/logismediagroup\\\/\",\"https:\\\/\\\/www.youtube.com\\\/@LogiamediaGroupAG\"]},{\"@type\":\"Person\",\"@id\":\"https:\\\/\\\/transportjournal.com\\\/fr\\\/#\\\/schema\\\/person\\\/13a9fc605c753db60ef7750a229cd042\",\"name\":\"Gyan Sharan\",\"url\":\"https:\\\/\\\/transportjournal.com\\\/fr\\\/author\\\/gyan\\\/\"}]}<\/script>\n<!-- \/ Yoast SEO plugin. -->","yoast_head_json":{"title":"Feteia-Oltra r\u00e9agit aux tensions g\u00e9opolitiques - ITJ | International Transport Journal","robots":{"index":"index","follow":"follow","max-snippet":"max-snippet:-1","max-image-preview":"max-image-preview:large","max-video-preview":"max-video-preview:-1"},"canonical":"https:\/\/transportjournal.com\/fr\/2026\/03\/13\/feteia-oltra-reagit-aux-tensions-geopolitiques\/","og_locale":"fr_FR","og_type":"article","og_title":"Feteia-Oltra r\u00e9agit aux tensions g\u00e9opolitiques - ITJ | International Transport Journal","og_description":"La f\u00e9d\u00e9ration espagnole des transporteurs Feteia-Oltra a cr\u00e9\u00e9 un groupe de travail pour aider les entreprises \u00e0 adapter leurs cha\u00eenes d'approvisionnement aux \u00e9volutions g\u00e9opolitiques.","og_url":"https:\/\/transportjournal.com\/fr\/2026\/03\/13\/feteia-oltra-reagit-aux-tensions-geopolitiques\/","og_site_name":"ITJ | International Transport Journal","article_published_time":"2026-03-13T11:00:54+00:00","og_image":[{"width":2560,"height":1441,"url":"https:\/\/transportjournal.com\/wp-content\/uploads\/sites\/2\/2026\/03\/Geopolitik_Supply_chain_Adobe_Stock-bakhtiarzein_82516786-scaled-aspect-ratio-1400-788-scaled-1.jpeg","type":"image\/jpeg"}],"author":"Gyan Sharan","twitter_card":"summary_large_image","twitter_misc":{"\u00c9crit par":"Gyan Sharan","Dur\u00e9e de lecture estim\u00e9e":"1 minute"},"schema":{"@context":"https:\/\/schema.org","@graph":[{"@type":"Article","@id":"https:\/\/transportjournal.com\/fr\/2026\/03\/13\/feteia-oltra-reagit-aux-tensions-geopolitiques\/#article","isPartOf":{"@id":"https:\/\/transportjournal.com\/fr\/2026\/03\/13\/feteia-oltra-reagit-aux-tensions-geopolitiques\/"},"author":{"name":"Gyan Sharan","@id":"https:\/\/transportjournal.com\/fr\/#\/schema\/person\/13a9fc605c753db60ef7750a229cd042"},"headline":"Feteia-Oltra r\u00e9agit aux tensions g\u00e9opolitiques","datePublished":"2026-03-13T11:00:54+00:00","mainEntityOfPage":{"@id":"https:\/\/transportjournal.com\/fr\/2026\/03\/13\/feteia-oltra-reagit-aux-tensions-geopolitiques\/"},"wordCount":239,"commentCount":0,"publisher":{"@id":"https:\/\/transportjournal.com\/fr\/#organization"},"image":{"@id":"https:\/\/transportjournal.com\/fr\/2026\/03\/13\/feteia-oltra-reagit-aux-tensions-geopolitiques\/#primaryimage"},"thumbnailUrl":"https:\/\/transportjournal.com\/wp-content\/uploads\/sites\/2\/2026\/03\/Geopolitik_Supply_chain_Adobe_Stock-bakhtiarzein_82516786-scaled-aspect-ratio-1400-788-scaled-1.jpeg","keywords":["ajustements de la cha\u00eene d'approvisionnement","alternative transport routes","alternative Transportwege","associations de transport","cha\u00eenes d'approvisionnement internationales","co\u00fbts de transport","d\u00e9fis op\u00e9rationnels","Deutsch Feteia-Oltra","d\u00e9veloppement des infrastructures","digital logistics solutions","digitale Logistikl\u00f6sungen","Fachkr\u00e4ftemangel Logistik","freight associations","geopolitical tensions","geopolitische Spannungen","gestion de la cha\u00eene d'approvisionnement","global logistics","globale Logistik","industrie du transport","informations de march\u00e9","infrastructure development","Infrastrukturentwicklung","international supply chains","internationale Lieferketten","itin\u00e9raires de transport alternatifs","Lieferkettenanpassung","logistics processes","logistics service providers Fran\u00e7ais Feteia-Oltra","logistics workforce shortage","Logistikdienstleister English Feteia-Oltra","Logistikprozesse","logistique mondiale","market information","Marktinformationen","Middle East","Moyen-Orient","Naher Osten","operational challenges","operative Herausforderungen","p\u00e9nurie de main-d'\u0153uvre logistique","prestataires de services logistiques","prix de l'\u00e9nergie volatils","processus logistiques","solutions logistiques num\u00e9riques","Speditionsverb\u00e4nde","supply chain adjustments","Supply Chain Management","temps de transit","tensions g\u00e9opolitiques","transit times","Transitzeiten","transport costs","transport industry","Transportkosten","Transportwirtschaft","volatile Energiepreise","volatile energy prices"],"articleSection":["Exp\u00e9dition de fret et logistique"],"inLanguage":"fr-FR","potentialAction":[{"@type":"CommentAction","name":"Comment","target":["https:\/\/transportjournal.com\/fr\/2026\/03\/13\/feteia-oltra-reagit-aux-tensions-geopolitiques\/#respond"]}]},{"@type":"WebPage","@id":"https:\/\/transportjournal.com\/fr\/2026\/03\/13\/feteia-oltra-reagit-aux-tensions-geopolitiques\/","url":"https:\/\/transportjournal.com\/fr\/2026\/03\/13\/feteia-oltra-reagit-aux-tensions-geopolitiques\/","name":"Feteia-Oltra r\u00e9agit aux tensions g\u00e9opolitiques - ITJ | International Transport Journal","isPartOf":{"@id":"https:\/\/transportjournal.com\/fr\/#website"},"primaryImageOfPage":{"@id":"https:\/\/transportjournal.com\/fr\/2026\/03\/13\/feteia-oltra-reagit-aux-tensions-geopolitiques\/#primaryimage"},"image":{"@id":"https:\/\/transportjournal.com\/fr\/2026\/03\/13\/feteia-oltra-reagit-aux-tensions-geopolitiques\/#primaryimage"},"thumbnailUrl":"https:\/\/transportjournal.com\/wp-content\/uploads\/sites\/2\/2026\/03\/Geopolitik_Supply_chain_Adobe_Stock-bakhtiarzein_82516786-scaled-aspect-ratio-1400-788-scaled-1.jpeg","datePublished":"2026-03-13T11:00:54+00:00","breadcrumb":{"@id":"https:\/\/transportjournal.com\/fr\/2026\/03\/13\/feteia-oltra-reagit-aux-tensions-geopolitiques\/#breadcrumb"},"inLanguage":"fr-FR","potentialAction":[{"@type":"ReadAction","target":["https:\/\/transportjournal.com\/fr\/2026\/03\/13\/feteia-oltra-reagit-aux-tensions-geopolitiques\/"]}]},{"@type":"ImageObject","inLanguage":"fr-FR","@id":"https:\/\/transportjournal.com\/fr\/2026\/03\/13\/feteia-oltra-reagit-aux-tensions-geopolitiques\/#primaryimage","url":"https:\/\/transportjournal.com\/wp-content\/uploads\/sites\/2\/2026\/03\/Geopolitik_Supply_chain_Adobe_Stock-bakhtiarzein_82516786-scaled-aspect-ratio-1400-788-scaled-1.jpeg","contentUrl":"https:\/\/transportjournal.com\/wp-content\/uploads\/sites\/2\/2026\/03\/Geopolitik_Supply_chain_Adobe_Stock-bakhtiarzein_82516786-scaled-aspect-ratio-1400-788-scaled-1.jpeg","width":2560,"height":1441},{"@type":"BreadcrumbList","@id":"https:\/\/transportjournal.com\/fr\/2026\/03\/13\/feteia-oltra-reagit-aux-tensions-geopolitiques\/#breadcrumb","itemListElement":[{"@type":"ListItem","position":1,"name":"Startseite","item":"https:\/\/transportjournal.com\/fr\/"},{"@type":"ListItem","position":2,"name":"Feteia-Oltra r\u00e9agit aux tensions g\u00e9opolitiques"}]},{"@type":"WebSite","@id":"https:\/\/transportjournal.com\/fr\/#website","url":"https:\/\/transportjournal.com\/fr\/","name":"ITJ | International Transport Journal","description":"Restez inform\u00e9 des derni\u00e8res nouvelles mondiales dans les secteurs du transport, de la logistique et de la cha\u00eene d'approvisionnement. Transport Journal fournit des informations d'experts, des analyses et des mises \u00e0 jour sur le transport maritime, l'aviation, l'intermodalit\u00e9 et l'exp\u00e9dition. ","publisher":{"@id":"https:\/\/transportjournal.com\/fr\/#organization"},"potentialAction":[{"@type":"SearchAction","target":{"@type":"EntryPoint","urlTemplate":"https:\/\/transportjournal.com\/fr\/?s={search_term_string}"},"query-input":{"@type":"PropertyValueSpecification","valueRequired":true,"valueName":"search_term_string"}}],"inLanguage":"fr-FR"},{"@type":"Organization","@id":"https:\/\/transportjournal.com\/fr\/#organization","name":"Groupe Logismedia AG","alternateName":"Logismedia Group AG","url":"https:\/\/transportjournal.com\/fr\/","logo":{"@type":"ImageObject","inLanguage":"fr-FR","@id":"https:\/\/transportjournal.com\/fr\/#\/schema\/logo\/image\/","url":"https:\/\/transportjournal.com\/wp-content\/uploads\/sites\/2\/2025\/09\/Logo_ITJ.png","contentUrl":"https:\/\/transportjournal.com\/wp-content\/uploads\/sites\/2\/2025\/09\/Logo_ITJ.png","width":799,"height":326,"caption":"Groupe Logismedia AG"},"image":{"@id":"https:\/\/transportjournal.com\/fr\/#\/schema\/logo\/image\/"},"sameAs":["https:\/\/www.linkedin.com\/company\/56456496\/admin\/dashboard\/","https:\/\/www.instagram.com\/logismediagroup\/","https:\/\/www.youtube.com\/@LogiamediaGroupAG"]},{"@type":"Person","@id":"https:\/\/transportjournal.com\/fr\/#\/schema\/person\/13a9fc605c753db60ef7750a229cd042","name":"Gyan Sharan","url":"https:\/\/transportjournal.com\/fr\/author\/gyan\/"}]}},"_links":{"self":[{"href":"https:\/\/transportjournal.com\/fr\/wp-json\/wp\/v2\/posts\/80758","targetHints":{"allow":["GET"]}}],"collection":[{"href":"https:\/\/transportjournal.com\/fr\/wp-json\/wp\/v2\/posts"}],"about":[{"href":"https:\/\/transportjournal.com\/fr\/wp-json\/wp\/v2\/types\/post"}],"author":[{"embeddable":true,"href":"https:\/\/transportjournal.com\/fr\/wp-json\/wp\/v2\/users\/14"}],"replies":[{"embeddable":true,"href":"https:\/\/transportjournal.com\/fr\/wp-json\/wp\/v2\/comments?post=80758"}],"version-history":[{"count":0,"href":"https:\/\/transportjournal.com\/fr\/wp-json\/wp\/v2\/posts\/80758\/revisions"}],"wp:featuredmedia":[{"embeddable":true,"href":"https:\/\/transportjournal.com\/fr\/wp-json\/wp\/v2\/media\/80756"}],"wp:attachment":[{"href":"https:\/\/transportjournal.com\/fr\/wp-json\/wp\/v2\/media?parent=80758"}],"wp:term":[{"taxonomy":"category","embeddable":true,"href":"https:\/\/transportjournal.com\/fr\/wp-json\/wp\/v2\/categories?post=80758"},{"taxonomy":"post_tag","embeddable":true,"href":"https:\/\/transportjournal.com\/fr\/wp-json\/wp\/v2\/tags?post=80758"}],"curies":[{"name":"wp","href":"https:\/\/api.w.org\/{rel}","templated":true}]}}