{"id":80750,"date":"2026-03-13T10:36:09","date_gmt":"2026-03-13T10:36:09","guid":{"rendered":"https:\/\/transportjournal.com\/2026\/03\/13\/entrepot-regional-pour-les-pieces-de-rechange-dun-fournisseur-denergie\/"},"modified":"2026-03-13T10:36:09","modified_gmt":"2026-03-13T10:36:09","slug":"entrepot-regional-pour-les-pieces-de-rechange-dun-fournisseur-denergie","status":"publish","type":"post","link":"https:\/\/transportjournal.com\/fr\/2026\/03\/13\/entrepot-regional-pour-les-pieces-de-rechange-dun-fournisseur-denergie\/","title":{"rendered":"Entrep\u00f4t r\u00e9gional pour les pi\u00e8ces de rechange d&rsquo;un fournisseur d&rsquo;\u00e9nergie"},"content":{"rendered":"<p>La Mainova AG a annonc\u00e9 la construction d&#8217;un nouvel entrep\u00f4t r\u00e9gional \u00e0 l&#8217;est de Francfort, afin de centraliser la logistique des pi\u00e8ces de rechange pr\u00e9c\u00e9demment d\u00e9centralis\u00e9e. L&#8217;objectif de cette mesure est d&#8217;augmenter la disponibilit\u00e9 des pi\u00e8ces de rechange pour l&#8217;infrastructure technique et de simplifier les processus logistiques. Le nouvel entrep\u00f4t r\u00e9gional sera r\u00e9alis\u00e9 par Jungheinrich. Les deux entreprises ont d\u00e9j\u00e0 collabor\u00e9 avec succ\u00e8s ces derni\u00e8res ann\u00e9es, Jungheinrich ayant mis en \u0153uvre deux projets d&#8217;entrep\u00f4t plus petits pour Mainova en 2022. Le nouvel entrep\u00f4t r\u00e9gional devrait \u00eatre mis en service en mars 2027.<\/p>\n<h3>Structure d&#8217;entrep\u00f4t efficace pour les pi\u00e8ces de rechange<\/h3>\n<p>Il comprend un entrep\u00f4t \u00e0 all\u00e9es \u00e9troites avec environ 6 200 emplacements pour palettes et une hauteur allant jusqu&#8217;\u00e0 17,1 m. Cette solution d&#8217;entrep\u00f4t est sp\u00e9cialement con\u00e7ue pour le fournisseur d&#8217;\u00e9nergie, qui alimente plus d&#8217;un million de personnes en \u00e9lectricit\u00e9, gaz, chaleur et eau. Pour les processus de stockage et de pr\u00e9l\u00e8vement, deux chariots \u00e9l\u00e9vateurs \u00e0 trois roues Jungheinrich EKX 516 seront utilis\u00e9s, qui, gr\u00e2ce \u00e0 leur grande pr\u00e9cision de positionnement et \u00e0 leur technologie de conduite \u00e9conome en \u00e9nergie, fonctionnent de mani\u00e8re \u00e9conomique m\u00eame \u00e0 de grandes hauteurs de levage.<\/p>\n<p>L&#8217;entrep\u00f4t \u00e0 palettes sera compl\u00e9t\u00e9 par un entrep\u00f4t de petites pi\u00e8ces d&#8217;une hauteur de stockage de 7,5 m. Au total, onze modules de levage verticaux de Jungheinrich assureront une pr\u00e9paration compacte des commandes et des temps d&#8217;acc\u00e8s courts, ce qui est crucial pour la fourniture rapide de pi\u00e8ces de rechange, en particulier en cas de grande diversit\u00e9 d&#8217;articles.<\/p>\n<p>De plus, un entrep\u00f4t \u00e0 all\u00e9es larges sera int\u00e9gr\u00e9 dans le nouveau complexe de halls. La manutention sera effectu\u00e9e par un chariot \u00e9l\u00e9vateur \u00e0 contrepoids \u00e9lectrique EFG 425k. Dans une partie du hall de 10 m de haut, un syst\u00e8me de rayonnage \u00e0 palettes \u00e0 double profondeur sera \u00e9galement install\u00e9, qui sera \u00e9galement exploit\u00e9 avec l&#8217;EFG en utilisant des fourches t\u00e9lescopiques.<\/p>\n<p>Pour le stockage de marchandises longues, un rayonnage \u00e0 bras cantilever sera install\u00e9 \u00e0 la fois dans le nouveau b\u00e2timent et dans un hall existant adjacent. Alors que le rayonnage \u00e0 bras cantilever dans le nouveau b\u00e2timent sera \u00e9galement desservi par l&#8217;EFG 425k, Jungheinrich, en tant qu&#8217;entrepreneur g\u00e9n\u00e9ral, fournira un v\u00e9hicule sp\u00e9cial de Hubtex pour la manutention des rayonnages \u00e0 bras cantilever dans le hall existant, afin d&#8217;int\u00e9grer \u00e9galement ce domaine de mani\u00e8re transparente dans le concept global.<\/p>\n<p>Une zone s\u00e9par\u00e9e pour le stockage de mati\u00e8res dangereuses sera \u00e9galement am\u00e9nag\u00e9e dans le nouveau hall, o\u00f9 des mat\u00e9riaux tels que des huiles et des peintures seront stock\u00e9s. Au total, trois sections de hall nouvellement connect\u00e9es, d&#8217;une hauteur de 25, 10 et 5 m, ainsi qu&#8217;un hall existant suppl\u00e9mentaire, seront \u00e9quip\u00e9es de techniques de stockage. Les sections de hall sont con\u00e7ues de mani\u00e8re \u00e0 garantir un flux de mat\u00e9riaux continu sans interruptions structurelles.<\/p>\n<p>Leonid Feldman, chef de projet et ing\u00e9nieur civil chez Mainova AG, d\u00e9clare : \u00ab Avec le nouvel entrep\u00f4t r\u00e9gional, nous augmentons consid\u00e9rablement l&#8217;efficacit\u00e9 et la fiabilit\u00e9 de notre logistique de pi\u00e8ces de rechange tout en optimisant l&#8217;utilisation du terrain disponible. \u00bb<\/p>\n<p>&nbsp;<\/p>\n<p><a href=\"https:\/\/www.jungheinrich.com\/\" target=\"_blank\" rel=\"noopener noreferrer\">www.jungheinrich.com<\/a><\/p>\n<p>&nbsp;<\/p>\n<p><a href=\"https:\/\/www.mainova.de\/\" target=\"_blank\" rel=\"noopener noreferrer\">www.mainova.de<\/a><\/p>\n<p>&nbsp;<\/p>\n","protected":false},"excerpt":{"rendered":"<p>Mainova AG pr\u00e9voit la construction d&rsquo;un nouvel entrep\u00f4t r\u00e9gional \u00e0 Francfort afin de centraliser la logistique des pi\u00e8ces de rechange et d&rsquo;am\u00e9liorer la disponibilit\u00e9 ainsi que l&rsquo;efficacit\u00e9.<\/p>\n","protected":false},"author":12,"featured_media":80748,"comment_status":"open","ping_status":"","sticky":false,"template":"","format":"standard","meta":{"_acf_changed":false,"footnotes":""},"categories":[9092,1581,1584,1587],"tags":[26856,26857,26858,26859,26860,26861,26862,26863,26864,26865,26866,26867,26868,26869,26870,5727,26871,26872,26873,26874,26875,26876,26877,15481,26878,11601,26879,9714,26880,2131,8486,8487,2136,26881,26882,26883,26884,8495,15487,26885,26886,26887,26888,15489,26889,26890,26891,26892,26893,26894,26895,26896,5750,26897],"class_list":["post-80750","post","type-post","status-publish","format-standard","has-post-thumbnail","hentry","category-deutschland","category-expedition-et-logistique","category-intralogistique","category-leurope","tag-approvisionnement-en-pieces-de-rechange","tag-bauingenieur-english-regional-warehouse","tag-civil-engineer-francais-entrepot-regional","tag-deutsch-regionallager","tag-efficient-storage-solution","tag-effiziente-lagerloesung","tag-energieversorger","tag-energy-supplier","tag-ersatzteilversorgung","tag-eu-weites-ausschreibungsverfahren","tag-eu-wide-tendering-process","tag-exigences-de-stockage","tag-fiabilite-dapprovisionnement","tag-fournisseur-denergie","tag-gefahrstofflager","tag-gestion-dentrepot","tag-hazardous-materials-storage","tag-hubtechnik","tag-infrastructure-technique","tag-ingenieur-civil","tag-integrated-system","tag-integriertes-system","tag-jungheinrich","tag-kleinteilelager","tag-lageranforderungen","tag-lagerlogistik","tag-lagerstruktur","tag-lagerverwaltung","tag-lifting-technology","tag-logistics","tag-logistics-processes","tag-logistikprozesse","tag-logistique","tag-mainova-ag","tag-palettenlager","tag-pallet-storage","tag-procedure-dappel-doffres-a-lechelle-de-lue","tag-processus-logistiques","tag-small-parts-storage","tag-solution-de-stockage-efficace","tag-spare-parts-supply","tag-stockage-de-matieres-dangereuses","tag-stockage-de-palettes","tag-stockage-de-petites-pieces","tag-storage-requirements","tag-structure-dentrepot","tag-supply-reliability","tag-systeme-integre","tag-technical-infrastructure","tag-technische-infrastruktur","tag-technologie-de-levage","tag-versorgungszuverlaessigkeit","tag-warehouse-management","tag-warehouse-structure"],"acf":[],"yoast_head":"<!-- This site is optimized with the Yoast SEO plugin v27.3 - https:\/\/yoast.com\/product\/yoast-seo-wordpress\/ -->\n<title>Entrep\u00f4t r\u00e9gional pour les pi\u00e8ces de rechange d&#8217;un fournisseur d&#8217;\u00e9nergie - ITJ | International Transport Journal<\/title>\n<meta name=\"robots\" content=\"index, follow, max-snippet:-1, max-image-preview:large, max-video-preview:-1\" \/>\n<link rel=\"canonical\" href=\"https:\/\/transportjournal.com\/fr\/2026\/03\/13\/entrepot-regional-pour-les-pieces-de-rechange-dun-fournisseur-denergie\/\" \/>\n<meta property=\"og:locale\" content=\"fr_FR\" \/>\n<meta property=\"og:type\" content=\"article\" \/>\n<meta property=\"og:title\" content=\"Entrep\u00f4t r\u00e9gional pour les pi\u00e8ces de rechange d&#8217;un fournisseur d&#8217;\u00e9nergie - ITJ | International Transport Journal\" \/>\n<meta property=\"og:description\" content=\"Mainova AG pr\u00e9voit la construction d&#039;un nouvel entrep\u00f4t r\u00e9gional \u00e0 Francfort afin de centraliser la logistique des pi\u00e8ces de rechange et d&#039;am\u00e9liorer la disponibilit\u00e9 ainsi que l&#039;efficacit\u00e9.\" \/>\n<meta property=\"og:url\" content=\"https:\/\/transportjournal.com\/fr\/2026\/03\/13\/entrepot-regional-pour-les-pieces-de-rechange-dun-fournisseur-denergie\/\" \/>\n<meta property=\"og:site_name\" content=\"ITJ | International Transport Journal\" \/>\n<meta property=\"article:published_time\" content=\"2026-03-13T10:36:09+00:00\" \/>\n<meta property=\"og:image\" content=\"https:\/\/transportjournal.com\/wp-content\/uploads\/sites\/2\/2026\/03\/Jungheinrich-picture-mainova-aspect-ratio-1400-788.jpg\" \/>\n\t<meta property=\"og:image:width\" content=\"1422\" \/>\n\t<meta property=\"og:image:height\" content=\"800\" \/>\n\t<meta property=\"og:image:type\" content=\"image\/jpeg\" \/>\n<meta name=\"author\" content=\"Andreas Haug\" \/>\n<meta name=\"twitter:card\" content=\"summary_large_image\" \/>\n<meta name=\"twitter:label1\" content=\"\u00c9crit par\" \/>\n\t<meta name=\"twitter:data1\" content=\"Andreas Haug\" \/>\n\t<meta name=\"twitter:label2\" content=\"Dur\u00e9e de lecture estim\u00e9e\" \/>\n\t<meta name=\"twitter:data2\" content=\"3 minutes\" \/>\n<script type=\"application\/ld+json\" class=\"yoast-schema-graph\">{\"@context\":\"https:\\\/\\\/schema.org\",\"@graph\":[{\"@type\":\"Article\",\"@id\":\"https:\\\/\\\/transportjournal.com\\\/fr\\\/2026\\\/03\\\/13\\\/entrepot-regional-pour-les-pieces-de-rechange-dun-fournisseur-denergie\\\/#article\",\"isPartOf\":{\"@id\":\"https:\\\/\\\/transportjournal.com\\\/fr\\\/2026\\\/03\\\/13\\\/entrepot-regional-pour-les-pieces-de-rechange-dun-fournisseur-denergie\\\/\"},\"author\":{\"name\":\"Andreas Haug\",\"@id\":\"https:\\\/\\\/transportjournal.com\\\/fr\\\/#\\\/schema\\\/person\\\/cf538b3157f15afd7589245a4b3dbd25\"},\"headline\":\"Entrep\u00f4t r\u00e9gional pour les pi\u00e8ces de rechange d&rsquo;un fournisseur d&rsquo;\u00e9nergie\",\"datePublished\":\"2026-03-13T10:36:09+00:00\",\"mainEntityOfPage\":{\"@id\":\"https:\\\/\\\/transportjournal.com\\\/fr\\\/2026\\\/03\\\/13\\\/entrepot-regional-pour-les-pieces-de-rechange-dun-fournisseur-denergie\\\/\"},\"wordCount\":592,\"commentCount\":0,\"publisher\":{\"@id\":\"https:\\\/\\\/transportjournal.com\\\/fr\\\/#organization\"},\"image\":{\"@id\":\"https:\\\/\\\/transportjournal.com\\\/fr\\\/2026\\\/03\\\/13\\\/entrepot-regional-pour-les-pieces-de-rechange-dun-fournisseur-denergie\\\/#primaryimage\"},\"thumbnailUrl\":\"https:\\\/\\\/transportjournal.com\\\/wp-content\\\/uploads\\\/sites\\\/2\\\/2026\\\/03\\\/Jungheinrich-picture-mainova-aspect-ratio-1400-788.jpg\",\"keywords\":[\"approvisionnement en pi\u00e8ces de rechange\",\"Bauingenieur English Regional warehouse\",\"civil engineer Fran\u00e7ais Entrep\u00f4t r\u00e9gional\",\"Deutsch Regionallager\",\"efficient storage solution\",\"effiziente Lagerl\u00f6sung\",\"Energieversorger\",\"energy supplier\",\"Ersatzteilversorgung\",\"EU-weites Ausschreibungsverfahren\",\"EU-wide tendering process\",\"exigences de stockage\",\"fiabilit\u00e9 d'approvisionnement\",\"fournisseur d'\u00e9nergie\",\"Gefahrstofflager\",\"gestion d'entrep\u00f4t\",\"hazardous materials storage\",\"Hubtechnik\",\"infrastructure technique\",\"ing\u00e9nieur civil\",\"integrated system\",\"integriertes System\",\"Jungheinrich\",\"Kleinteilelager\",\"Lageranforderungen\",\"Lagerlogistik\",\"Lagerstruktur\",\"Lagerverwaltung\",\"lifting technology\",\"logistics\",\"logistics processes\",\"Logistikprozesse\",\"logistique\",\"Mainova AG\",\"Palettenlager\",\"pallet storage\",\"proc\u00e9dure d'appel d'offres \u00e0 l'\u00e9chelle de l'UE\",\"processus logistiques\",\"small parts storage\",\"solution de stockage efficace\",\"spare parts supply\",\"stockage de mati\u00e8res dangereuses\",\"stockage de palettes\",\"stockage de petites pi\u00e8ces\",\"storage requirements\",\"structure d'entrep\u00f4t\",\"supply reliability\",\"syst\u00e8me int\u00e9gr\u00e9\",\"technical infrastructure\",\"technische Infrastruktur\",\"technologie de levage\",\"Versorgungszuverl\u00e4ssigkeit\",\"warehouse management\",\"warehouse structure\"],\"articleSection\":[\"Deutschland\",\"Exp\u00e9dition de fret et logistique\",\"Intralogistique\",\"L'Europe\"],\"inLanguage\":\"fr-FR\",\"potentialAction\":[{\"@type\":\"CommentAction\",\"name\":\"Comment\",\"target\":[\"https:\\\/\\\/transportjournal.com\\\/fr\\\/2026\\\/03\\\/13\\\/entrepot-regional-pour-les-pieces-de-rechange-dun-fournisseur-denergie\\\/#respond\"]}]},{\"@type\":\"WebPage\",\"@id\":\"https:\\\/\\\/transportjournal.com\\\/fr\\\/2026\\\/03\\\/13\\\/entrepot-regional-pour-les-pieces-de-rechange-dun-fournisseur-denergie\\\/\",\"url\":\"https:\\\/\\\/transportjournal.com\\\/fr\\\/2026\\\/03\\\/13\\\/entrepot-regional-pour-les-pieces-de-rechange-dun-fournisseur-denergie\\\/\",\"name\":\"Entrep\u00f4t r\u00e9gional pour les pi\u00e8ces de rechange d&#8217;un fournisseur d&#8217;\u00e9nergie - ITJ | International Transport Journal\",\"isPartOf\":{\"@id\":\"https:\\\/\\\/transportjournal.com\\\/fr\\\/#website\"},\"primaryImageOfPage\":{\"@id\":\"https:\\\/\\\/transportjournal.com\\\/fr\\\/2026\\\/03\\\/13\\\/entrepot-regional-pour-les-pieces-de-rechange-dun-fournisseur-denergie\\\/#primaryimage\"},\"image\":{\"@id\":\"https:\\\/\\\/transportjournal.com\\\/fr\\\/2026\\\/03\\\/13\\\/entrepot-regional-pour-les-pieces-de-rechange-dun-fournisseur-denergie\\\/#primaryimage\"},\"thumbnailUrl\":\"https:\\\/\\\/transportjournal.com\\\/wp-content\\\/uploads\\\/sites\\\/2\\\/2026\\\/03\\\/Jungheinrich-picture-mainova-aspect-ratio-1400-788.jpg\",\"datePublished\":\"2026-03-13T10:36:09+00:00\",\"breadcrumb\":{\"@id\":\"https:\\\/\\\/transportjournal.com\\\/fr\\\/2026\\\/03\\\/13\\\/entrepot-regional-pour-les-pieces-de-rechange-dun-fournisseur-denergie\\\/#breadcrumb\"},\"inLanguage\":\"fr-FR\",\"potentialAction\":[{\"@type\":\"ReadAction\",\"target\":[\"https:\\\/\\\/transportjournal.com\\\/fr\\\/2026\\\/03\\\/13\\\/entrepot-regional-pour-les-pieces-de-rechange-dun-fournisseur-denergie\\\/\"]}]},{\"@type\":\"ImageObject\",\"inLanguage\":\"fr-FR\",\"@id\":\"https:\\\/\\\/transportjournal.com\\\/fr\\\/2026\\\/03\\\/13\\\/entrepot-regional-pour-les-pieces-de-rechange-dun-fournisseur-denergie\\\/#primaryimage\",\"url\":\"https:\\\/\\\/transportjournal.com\\\/wp-content\\\/uploads\\\/sites\\\/2\\\/2026\\\/03\\\/Jungheinrich-picture-mainova-aspect-ratio-1400-788.jpg\",\"contentUrl\":\"https:\\\/\\\/transportjournal.com\\\/wp-content\\\/uploads\\\/sites\\\/2\\\/2026\\\/03\\\/Jungheinrich-picture-mainova-aspect-ratio-1400-788.jpg\",\"width\":1422,\"height\":800},{\"@type\":\"BreadcrumbList\",\"@id\":\"https:\\\/\\\/transportjournal.com\\\/fr\\\/2026\\\/03\\\/13\\\/entrepot-regional-pour-les-pieces-de-rechange-dun-fournisseur-denergie\\\/#breadcrumb\",\"itemListElement\":[{\"@type\":\"ListItem\",\"position\":1,\"name\":\"Startseite\",\"item\":\"https:\\\/\\\/transportjournal.com\\\/fr\\\/\"},{\"@type\":\"ListItem\",\"position\":2,\"name\":\"Entrep\u00f4t r\u00e9gional pour les pi\u00e8ces de rechange d&rsquo;un fournisseur d&rsquo;\u00e9nergie\"}]},{\"@type\":\"WebSite\",\"@id\":\"https:\\\/\\\/transportjournal.com\\\/fr\\\/#website\",\"url\":\"https:\\\/\\\/transportjournal.com\\\/fr\\\/\",\"name\":\"ITJ | International Transport Journal\",\"description\":\"Restez inform\u00e9 des derni\u00e8res nouvelles mondiales dans les secteurs du transport, de la logistique et de la cha\u00eene d'approvisionnement. Transport Journal fournit des informations d'experts, des analyses et des mises \u00e0 jour sur le transport maritime, l'aviation, l'intermodalit\u00e9 et l'exp\u00e9dition. \",\"publisher\":{\"@id\":\"https:\\\/\\\/transportjournal.com\\\/fr\\\/#organization\"},\"potentialAction\":[{\"@type\":\"SearchAction\",\"target\":{\"@type\":\"EntryPoint\",\"urlTemplate\":\"https:\\\/\\\/transportjournal.com\\\/fr\\\/?s={search_term_string}\"},\"query-input\":{\"@type\":\"PropertyValueSpecification\",\"valueRequired\":true,\"valueName\":\"search_term_string\"}}],\"inLanguage\":\"fr-FR\"},{\"@type\":\"Organization\",\"@id\":\"https:\\\/\\\/transportjournal.com\\\/fr\\\/#organization\",\"name\":\"Groupe Logismedia AG\",\"alternateName\":\"Logismedia Group AG\",\"url\":\"https:\\\/\\\/transportjournal.com\\\/fr\\\/\",\"logo\":{\"@type\":\"ImageObject\",\"inLanguage\":\"fr-FR\",\"@id\":\"https:\\\/\\\/transportjournal.com\\\/fr\\\/#\\\/schema\\\/logo\\\/image\\\/\",\"url\":\"https:\\\/\\\/transportjournal.com\\\/wp-content\\\/uploads\\\/sites\\\/2\\\/2025\\\/09\\\/Logo_ITJ.png\",\"contentUrl\":\"https:\\\/\\\/transportjournal.com\\\/wp-content\\\/uploads\\\/sites\\\/2\\\/2025\\\/09\\\/Logo_ITJ.png\",\"width\":799,\"height\":326,\"caption\":\"Groupe Logismedia AG\"},\"image\":{\"@id\":\"https:\\\/\\\/transportjournal.com\\\/fr\\\/#\\\/schema\\\/logo\\\/image\\\/\"},\"sameAs\":[\"https:\\\/\\\/www.linkedin.com\\\/company\\\/56456496\\\/admin\\\/dashboard\\\/\",\"https:\\\/\\\/www.instagram.com\\\/logismediagroup\\\/\",\"https:\\\/\\\/www.youtube.com\\\/@LogiamediaGroupAG\"]},{\"@type\":\"Person\",\"@id\":\"https:\\\/\\\/transportjournal.com\\\/fr\\\/#\\\/schema\\\/person\\\/cf538b3157f15afd7589245a4b3dbd25\",\"name\":\"Andreas Haug\",\"url\":\"https:\\\/\\\/transportjournal.com\\\/fr\\\/author\\\/andreas\\\/\"}]}<\/script>\n<!-- \/ Yoast SEO plugin. -->","yoast_head_json":{"title":"Entrep\u00f4t r\u00e9gional pour les pi\u00e8ces de rechange d&#8217;un fournisseur d&#8217;\u00e9nergie - ITJ | International Transport Journal","robots":{"index":"index","follow":"follow","max-snippet":"max-snippet:-1","max-image-preview":"max-image-preview:large","max-video-preview":"max-video-preview:-1"},"canonical":"https:\/\/transportjournal.com\/fr\/2026\/03\/13\/entrepot-regional-pour-les-pieces-de-rechange-dun-fournisseur-denergie\/","og_locale":"fr_FR","og_type":"article","og_title":"Entrep\u00f4t r\u00e9gional pour les pi\u00e8ces de rechange d&#8217;un fournisseur d&#8217;\u00e9nergie - ITJ | International Transport Journal","og_description":"Mainova AG pr\u00e9voit la construction d'un nouvel entrep\u00f4t r\u00e9gional \u00e0 Francfort afin de centraliser la logistique des pi\u00e8ces de rechange et d'am\u00e9liorer la disponibilit\u00e9 ainsi que l'efficacit\u00e9.","og_url":"https:\/\/transportjournal.com\/fr\/2026\/03\/13\/entrepot-regional-pour-les-pieces-de-rechange-dun-fournisseur-denergie\/","og_site_name":"ITJ | International Transport Journal","article_published_time":"2026-03-13T10:36:09+00:00","og_image":[{"width":1422,"height":800,"url":"https:\/\/transportjournal.com\/wp-content\/uploads\/sites\/2\/2026\/03\/Jungheinrich-picture-mainova-aspect-ratio-1400-788.jpg","type":"image\/jpeg"}],"author":"Andreas Haug","twitter_card":"summary_large_image","twitter_misc":{"\u00c9crit par":"Andreas Haug","Dur\u00e9e de lecture estim\u00e9e":"3 minutes"},"schema":{"@context":"https:\/\/schema.org","@graph":[{"@type":"Article","@id":"https:\/\/transportjournal.com\/fr\/2026\/03\/13\/entrepot-regional-pour-les-pieces-de-rechange-dun-fournisseur-denergie\/#article","isPartOf":{"@id":"https:\/\/transportjournal.com\/fr\/2026\/03\/13\/entrepot-regional-pour-les-pieces-de-rechange-dun-fournisseur-denergie\/"},"author":{"name":"Andreas Haug","@id":"https:\/\/transportjournal.com\/fr\/#\/schema\/person\/cf538b3157f15afd7589245a4b3dbd25"},"headline":"Entrep\u00f4t r\u00e9gional pour les pi\u00e8ces de rechange d&rsquo;un fournisseur d&rsquo;\u00e9nergie","datePublished":"2026-03-13T10:36:09+00:00","mainEntityOfPage":{"@id":"https:\/\/transportjournal.com\/fr\/2026\/03\/13\/entrepot-regional-pour-les-pieces-de-rechange-dun-fournisseur-denergie\/"},"wordCount":592,"commentCount":0,"publisher":{"@id":"https:\/\/transportjournal.com\/fr\/#organization"},"image":{"@id":"https:\/\/transportjournal.com\/fr\/2026\/03\/13\/entrepot-regional-pour-les-pieces-de-rechange-dun-fournisseur-denergie\/#primaryimage"},"thumbnailUrl":"https:\/\/transportjournal.com\/wp-content\/uploads\/sites\/2\/2026\/03\/Jungheinrich-picture-mainova-aspect-ratio-1400-788.jpg","keywords":["approvisionnement en pi\u00e8ces de rechange","Bauingenieur English Regional warehouse","civil engineer Fran\u00e7ais Entrep\u00f4t r\u00e9gional","Deutsch Regionallager","efficient storage solution","effiziente Lagerl\u00f6sung","Energieversorger","energy supplier","Ersatzteilversorgung","EU-weites Ausschreibungsverfahren","EU-wide tendering process","exigences de stockage","fiabilit\u00e9 d'approvisionnement","fournisseur d'\u00e9nergie","Gefahrstofflager","gestion d'entrep\u00f4t","hazardous materials storage","Hubtechnik","infrastructure technique","ing\u00e9nieur civil","integrated system","integriertes System","Jungheinrich","Kleinteilelager","Lageranforderungen","Lagerlogistik","Lagerstruktur","Lagerverwaltung","lifting technology","logistics","logistics processes","Logistikprozesse","logistique","Mainova AG","Palettenlager","pallet storage","proc\u00e9dure d'appel d'offres \u00e0 l'\u00e9chelle de l'UE","processus logistiques","small parts storage","solution de stockage efficace","spare parts supply","stockage de mati\u00e8res dangereuses","stockage de palettes","stockage de petites pi\u00e8ces","storage requirements","structure d'entrep\u00f4t","supply reliability","syst\u00e8me int\u00e9gr\u00e9","technical infrastructure","technische Infrastruktur","technologie de levage","Versorgungszuverl\u00e4ssigkeit","warehouse management","warehouse structure"],"articleSection":["Deutschland","Exp\u00e9dition de fret et logistique","Intralogistique","L'Europe"],"inLanguage":"fr-FR","potentialAction":[{"@type":"CommentAction","name":"Comment","target":["https:\/\/transportjournal.com\/fr\/2026\/03\/13\/entrepot-regional-pour-les-pieces-de-rechange-dun-fournisseur-denergie\/#respond"]}]},{"@type":"WebPage","@id":"https:\/\/transportjournal.com\/fr\/2026\/03\/13\/entrepot-regional-pour-les-pieces-de-rechange-dun-fournisseur-denergie\/","url":"https:\/\/transportjournal.com\/fr\/2026\/03\/13\/entrepot-regional-pour-les-pieces-de-rechange-dun-fournisseur-denergie\/","name":"Entrep\u00f4t r\u00e9gional pour les pi\u00e8ces de rechange d&#8217;un fournisseur d&#8217;\u00e9nergie - ITJ | International Transport Journal","isPartOf":{"@id":"https:\/\/transportjournal.com\/fr\/#website"},"primaryImageOfPage":{"@id":"https:\/\/transportjournal.com\/fr\/2026\/03\/13\/entrepot-regional-pour-les-pieces-de-rechange-dun-fournisseur-denergie\/#primaryimage"},"image":{"@id":"https:\/\/transportjournal.com\/fr\/2026\/03\/13\/entrepot-regional-pour-les-pieces-de-rechange-dun-fournisseur-denergie\/#primaryimage"},"thumbnailUrl":"https:\/\/transportjournal.com\/wp-content\/uploads\/sites\/2\/2026\/03\/Jungheinrich-picture-mainova-aspect-ratio-1400-788.jpg","datePublished":"2026-03-13T10:36:09+00:00","breadcrumb":{"@id":"https:\/\/transportjournal.com\/fr\/2026\/03\/13\/entrepot-regional-pour-les-pieces-de-rechange-dun-fournisseur-denergie\/#breadcrumb"},"inLanguage":"fr-FR","potentialAction":[{"@type":"ReadAction","target":["https:\/\/transportjournal.com\/fr\/2026\/03\/13\/entrepot-regional-pour-les-pieces-de-rechange-dun-fournisseur-denergie\/"]}]},{"@type":"ImageObject","inLanguage":"fr-FR","@id":"https:\/\/transportjournal.com\/fr\/2026\/03\/13\/entrepot-regional-pour-les-pieces-de-rechange-dun-fournisseur-denergie\/#primaryimage","url":"https:\/\/transportjournal.com\/wp-content\/uploads\/sites\/2\/2026\/03\/Jungheinrich-picture-mainova-aspect-ratio-1400-788.jpg","contentUrl":"https:\/\/transportjournal.com\/wp-content\/uploads\/sites\/2\/2026\/03\/Jungheinrich-picture-mainova-aspect-ratio-1400-788.jpg","width":1422,"height":800},{"@type":"BreadcrumbList","@id":"https:\/\/transportjournal.com\/fr\/2026\/03\/13\/entrepot-regional-pour-les-pieces-de-rechange-dun-fournisseur-denergie\/#breadcrumb","itemListElement":[{"@type":"ListItem","position":1,"name":"Startseite","item":"https:\/\/transportjournal.com\/fr\/"},{"@type":"ListItem","position":2,"name":"Entrep\u00f4t r\u00e9gional pour les pi\u00e8ces de rechange d&rsquo;un fournisseur d&rsquo;\u00e9nergie"}]},{"@type":"WebSite","@id":"https:\/\/transportjournal.com\/fr\/#website","url":"https:\/\/transportjournal.com\/fr\/","name":"ITJ | International Transport Journal","description":"Restez inform\u00e9 des derni\u00e8res nouvelles mondiales dans les secteurs du transport, de la logistique et de la cha\u00eene d'approvisionnement. Transport Journal fournit des informations d'experts, des analyses et des mises \u00e0 jour sur le transport maritime, l'aviation, l'intermodalit\u00e9 et l'exp\u00e9dition. ","publisher":{"@id":"https:\/\/transportjournal.com\/fr\/#organization"},"potentialAction":[{"@type":"SearchAction","target":{"@type":"EntryPoint","urlTemplate":"https:\/\/transportjournal.com\/fr\/?s={search_term_string}"},"query-input":{"@type":"PropertyValueSpecification","valueRequired":true,"valueName":"search_term_string"}}],"inLanguage":"fr-FR"},{"@type":"Organization","@id":"https:\/\/transportjournal.com\/fr\/#organization","name":"Groupe Logismedia AG","alternateName":"Logismedia Group AG","url":"https:\/\/transportjournal.com\/fr\/","logo":{"@type":"ImageObject","inLanguage":"fr-FR","@id":"https:\/\/transportjournal.com\/fr\/#\/schema\/logo\/image\/","url":"https:\/\/transportjournal.com\/wp-content\/uploads\/sites\/2\/2025\/09\/Logo_ITJ.png","contentUrl":"https:\/\/transportjournal.com\/wp-content\/uploads\/sites\/2\/2025\/09\/Logo_ITJ.png","width":799,"height":326,"caption":"Groupe Logismedia AG"},"image":{"@id":"https:\/\/transportjournal.com\/fr\/#\/schema\/logo\/image\/"},"sameAs":["https:\/\/www.linkedin.com\/company\/56456496\/admin\/dashboard\/","https:\/\/www.instagram.com\/logismediagroup\/","https:\/\/www.youtube.com\/@LogiamediaGroupAG"]},{"@type":"Person","@id":"https:\/\/transportjournal.com\/fr\/#\/schema\/person\/cf538b3157f15afd7589245a4b3dbd25","name":"Andreas Haug","url":"https:\/\/transportjournal.com\/fr\/author\/andreas\/"}]}},"_links":{"self":[{"href":"https:\/\/transportjournal.com\/fr\/wp-json\/wp\/v2\/posts\/80750","targetHints":{"allow":["GET"]}}],"collection":[{"href":"https:\/\/transportjournal.com\/fr\/wp-json\/wp\/v2\/posts"}],"about":[{"href":"https:\/\/transportjournal.com\/fr\/wp-json\/wp\/v2\/types\/post"}],"author":[{"embeddable":true,"href":"https:\/\/transportjournal.com\/fr\/wp-json\/wp\/v2\/users\/12"}],"replies":[{"embeddable":true,"href":"https:\/\/transportjournal.com\/fr\/wp-json\/wp\/v2\/comments?post=80750"}],"version-history":[{"count":0,"href":"https:\/\/transportjournal.com\/fr\/wp-json\/wp\/v2\/posts\/80750\/revisions"}],"wp:featuredmedia":[{"embeddable":true,"href":"https:\/\/transportjournal.com\/fr\/wp-json\/wp\/v2\/media\/80748"}],"wp:attachment":[{"href":"https:\/\/transportjournal.com\/fr\/wp-json\/wp\/v2\/media?parent=80750"}],"wp:term":[{"taxonomy":"category","embeddable":true,"href":"https:\/\/transportjournal.com\/fr\/wp-json\/wp\/v2\/categories?post=80750"},{"taxonomy":"post_tag","embeddable":true,"href":"https:\/\/transportjournal.com\/fr\/wp-json\/wp\/v2\/tags?post=80750"}],"curies":[{"name":"wp","href":"https:\/\/api.w.org\/{rel}","templated":true}]}}