{"id":80742,"date":"2026-03-13T10:10:27","date_gmt":"2026-03-13T10:10:27","guid":{"rendered":"https:\/\/transportjournal.com\/2026\/03\/13\/mitsubishi-logisnext-americas-sera-renomme\/"},"modified":"2026-03-13T10:10:27","modified_gmt":"2026-03-13T10:10:27","slug":"mitsubishi-logisnext-americas-sera-renomme","status":"publish","type":"post","link":"https:\/\/transportjournal.com\/fr\/2026\/03\/13\/mitsubishi-logisnext-americas-sera-renomme\/","title":{"rendered":"Mitsubishi Logisnext Americas sera renomm\u00e9"},"content":{"rendered":"<p>Mitsubishi Logisnext Americas sera renomm\u00e9e Logisnext Americas afin de promouvoir une vision unifi\u00e9e pour la manutention des mat\u00e9riaux. Ce changement de nom, qui entrera en vigueur le 30 avril 2026, fait partie d&#8217;une transformation globale de l&#8217;entreprise, qui se d\u00e9roule sous le slogan \u00ab Logisnext Vision 2035 \u00bb. La renaming vise \u00e0 renforcer l&#8217;orientation mondiale de l&#8217;entreprise et \u00e0 r\u00e9pondre aux besoins changeants des clients.<\/p>\n<p>Dans le cadre de cette transition, Mitsubishi Logisnext Americas a \u00e9tabli un partenariat avec Japan Industrial Partners (JIP) pour soutenir une croissance durable et une cr\u00e9ation de valeur \u00e0 long terme. Berry Mansfield, pr\u00e9sident de Mitsubishi Logisnext Americas, souligne que cette annonce refl\u00e8te les progr\u00e8s de l&#8217;entreprise, tout en maintenant les valeurs fondamentales et la fiabilit\u00e9 sur lesquelles les clients comptent depuis des d\u00e9cennies.<\/p>\n<p>La gamme de produits existante des chariots \u00e9l\u00e9vateurs Mitsubishi sera commercialis\u00e9e sous le nouveau nom Logisnext Forklifts. Ce changement de nom vise \u00e0 souligner la fiabilit\u00e9 des produits et le respect des normes de performance mondiales. De plus, l&#8217;offre de solutions sera \u00e9largie pour r\u00e9pondre aux exigences actuelles de la manutention des mat\u00e9riaux.<\/p>\n<p>L&#8217;organisation attache une grande importance \u00e0 la stabilit\u00e9 et \u00e0 la continuit\u00e9 pour ses distributeurs et clients pendant la transition. Toutes les structures de soutien et de service existantes resteront en place pour garantir un fonctionnement sans heurts. Les clients et partenaires peuvent s&#8217;attendre \u00e0 une exp\u00e9rience fluide, car Logisnext Americas continuera \u00e0 fournir les produits et services familiers.<\/p>\n<p>Mitsubishi Logisnext Americas poss\u00e8de plus de 100 ans d&#8217;exp\u00e9rience dans la manutention des mat\u00e9riaux et propose des solutions technologiques allant de l&#8217;automatisation au soutien complet des flottes. L&#8217;entreprise a son si\u00e8ge \u00e0 Houston, au Texas, et commercialise des produits sous cinq marques leaders, dont les chariots \u00e9l\u00e9vateurs Mitsubishi et les produits d&#8217;automatisation Jungheinrich.<\/p>\n<p>&nbsp;<\/p>\n<p><a href=\"https:\/\/www.logisnextamericas.com\/\" target=\"_blank\" rel=\"noopener noreferrer\">www.logisnextamericas.com<\/a><\/p>\n<p>&nbsp;<\/p>\n","protected":false},"excerpt":{"rendered":"<p>Mitsubishi Logisnext Americas sera renomm\u00e9 le 30 avril 2026 pour promouvoir une vision unifi\u00e9e de la manutention des mat\u00e9riaux sous le slogan \u00ab Logisnext Vision 2035 \u00bb. <\/p>\n","protected":false},"author":12,"featured_media":80740,"comment_status":"open","ping_status":"","sticky":false,"template":"","format":"standard","meta":{"_acf_changed":false,"footnotes":""},"categories":[1590,1584,1579],"tags":[3668,3669,3670,26831,4041,2995,8440,26832,2695,2696,1889,26833,26834,26835,6786,6788,26836,26837,26838,26839,2125,3682,3683,26840,8452,26841,26842,2133,1831,6792,6795,22399,3015,26843,2717,3602,2148,26844,26845,26846,26847,8462,2237,26848,26849,26850,26851,3029,26852,26853,26854,26855],"class_list":["post-80742","post","type-post","status-publish","format-standard","has-post-thumbnail","hentry","category-ameriques","category-intralogistique","category-personnes-et-entreprises","tag-automation","tag-automatisation","tag-automatisierung","tag-changement-de-nom","tag-chariots-elevateurs","tag-croissance-durable","tag-customer-service","tag-deutsch-mitsubishi-logisnext","tag-digitalisierung","tag-digitalization","tag-fachkraeftemangel","tag-fiabilite","tag-fleet-support","tag-flottenunterstuetzung","tag-forklifts","tag-gabelstapler","tag-gamme-de-produits","tag-global-performance-standards","tag-globale-leistungsstandards","tag-houston-texas","tag-industrie-du-transport","tag-infrastructure","tag-infrastruktur","tag-japan-industrial-partners","tag-kundenservice","tag-logisnext-americas","tag-logisnext-vision-2035","tag-logistics-service-providers","tag-logistikdienstleister","tag-manutention-de-materiel","tag-material-handling","tag-materialhandhabung","tag-nachhaltiges-wachstum","tag-normes-de-performance-mondiales","tag-numerisation","tag-penurie-de-competences","tag-prestataires-de-services-logistiques","tag-product-line","tag-produktlinie","tag-rebranding","tag-reliability","tag-service-client","tag-skills-shortage","tag-stabilitaet","tag-stabilite","tag-stability","tag-support-de-flotte","tag-sustainable-growth","tag-transport-industry-francais-mitsubishi-logisnext","tag-transportwirtschaft-english-mitsubishi-logisnext","tag-umbenennung","tag-zuverlaessigkeit"],"acf":[],"yoast_head":"<!-- This site is optimized with the Yoast SEO plugin v27.3 - https:\/\/yoast.com\/product\/yoast-seo-wordpress\/ -->\n<title>Mitsubishi Logisnext Americas sera renomm\u00e9 - ITJ | International Transport Journal<\/title>\n<meta name=\"robots\" content=\"index, follow, max-snippet:-1, max-image-preview:large, max-video-preview:-1\" \/>\n<link rel=\"canonical\" href=\"https:\/\/transportjournal.com\/fr\/2026\/03\/13\/mitsubishi-logisnext-americas-sera-renomme\/\" \/>\n<meta property=\"og:locale\" content=\"fr_FR\" \/>\n<meta property=\"og:type\" content=\"article\" \/>\n<meta property=\"og:title\" content=\"Mitsubishi Logisnext Americas sera renomm\u00e9 - ITJ | International Transport Journal\" \/>\n<meta property=\"og:description\" content=\"Mitsubishi Logisnext Americas sera renomm\u00e9 le 30 avril 2026 pour promouvoir une vision unifi\u00e9e de la manutention des mat\u00e9riaux sous le slogan \u00ab Logisnext Vision 2035 \u00bb.\" \/>\n<meta property=\"og:url\" content=\"https:\/\/transportjournal.com\/fr\/2026\/03\/13\/mitsubishi-logisnext-americas-sera-renomme\/\" \/>\n<meta property=\"og:site_name\" content=\"ITJ | International Transport Journal\" \/>\n<meta property=\"article:published_time\" content=\"2026-03-13T10:10:27+00:00\" \/>\n<meta property=\"og:image\" content=\"https:\/\/transportjournal.com\/wp-content\/uploads\/sites\/2\/2026\/03\/Logisnext-hbj172-1050x350-1-aspect-ratio-1400-788.webp\" \/>\n\t<meta property=\"og:image:width\" content=\"705\" \/>\n\t<meta property=\"og:image:height\" content=\"397\" \/>\n\t<meta property=\"og:image:type\" content=\"image\/webp\" \/>\n<meta name=\"author\" content=\"Andreas Haug\" \/>\n<meta name=\"twitter:card\" content=\"summary_large_image\" \/>\n<meta name=\"twitter:label1\" content=\"\u00c9crit par\" \/>\n\t<meta name=\"twitter:data1\" content=\"Andreas Haug\" \/>\n\t<meta name=\"twitter:label2\" content=\"Dur\u00e9e de lecture estim\u00e9e\" \/>\n\t<meta name=\"twitter:data2\" content=\"2 minutes\" \/>\n<script type=\"application\/ld+json\" class=\"yoast-schema-graph\">{\"@context\":\"https:\\\/\\\/schema.org\",\"@graph\":[{\"@type\":\"Article\",\"@id\":\"https:\\\/\\\/transportjournal.com\\\/fr\\\/2026\\\/03\\\/13\\\/mitsubishi-logisnext-americas-sera-renomme\\\/#article\",\"isPartOf\":{\"@id\":\"https:\\\/\\\/transportjournal.com\\\/fr\\\/2026\\\/03\\\/13\\\/mitsubishi-logisnext-americas-sera-renomme\\\/\"},\"author\":{\"name\":\"Andreas Haug\",\"@id\":\"https:\\\/\\\/transportjournal.com\\\/fr\\\/#\\\/schema\\\/person\\\/cf538b3157f15afd7589245a4b3dbd25\"},\"headline\":\"Mitsubishi Logisnext Americas sera renomm\u00e9\",\"datePublished\":\"2026-03-13T10:10:27+00:00\",\"mainEntityOfPage\":{\"@id\":\"https:\\\/\\\/transportjournal.com\\\/fr\\\/2026\\\/03\\\/13\\\/mitsubishi-logisnext-americas-sera-renomme\\\/\"},\"wordCount\":321,\"commentCount\":0,\"publisher\":{\"@id\":\"https:\\\/\\\/transportjournal.com\\\/fr\\\/#organization\"},\"image\":{\"@id\":\"https:\\\/\\\/transportjournal.com\\\/fr\\\/2026\\\/03\\\/13\\\/mitsubishi-logisnext-americas-sera-renomme\\\/#primaryimage\"},\"thumbnailUrl\":\"https:\\\/\\\/transportjournal.com\\\/wp-content\\\/uploads\\\/sites\\\/2\\\/2026\\\/03\\\/Logisnext-hbj172-1050x350-1-aspect-ratio-1400-788.webp\",\"keywords\":[\"automation\",\"automatisation\",\"Automatisierung\",\"changement de nom\",\"chariots \u00e9l\u00e9vateurs\",\"croissance durable\",\"customer service\",\"Deutsch Mitsubishi Logisnext\",\"Digitalisierung\",\"digitalization\",\"Fachkr\u00e4ftemangel\",\"fiabilit\u00e9\",\"fleet support\",\"Flottenunterst\u00fctzung\",\"forklifts\",\"Gabelstapler\",\"gamme de produits\",\"global performance standards\",\"globale Leistungsstandards\",\"Houston Texas\",\"industrie du transport\",\"infrastructure\",\"Infrastruktur\",\"Japan Industrial Partners\",\"Kundenservice\",\"Logisnext Americas\",\"Logisnext Vision 2035\",\"logistics service providers\",\"Logistikdienstleister\",\"manutention de mat\u00e9riel\",\"material handling\",\"Materialhandhabung\",\"nachhaltiges Wachstum\",\"normes de performance mondiales\",\"num\u00e9risation\",\"p\u00e9nurie de comp\u00e9tences\",\"prestataires de services logistiques\",\"product line\",\"Produktlinie\",\"rebranding\",\"reliability\",\"service client\",\"skills shortage\",\"Stabilit\u00e4t\",\"stabilit\u00e9\",\"stability\",\"support de flotte\",\"sustainable growth\",\"transport industry Fran\u00e7ais Mitsubishi Logisnext\",\"Transportwirtschaft English Mitsubishi Logisnext\",\"Umbenennung\",\"Zuverl\u00e4ssigkeit\"],\"articleSection\":[\"Am\u00e9riques\",\"Intralogistique\",\"Personnes et entreprises\"],\"inLanguage\":\"fr-FR\",\"potentialAction\":[{\"@type\":\"CommentAction\",\"name\":\"Comment\",\"target\":[\"https:\\\/\\\/transportjournal.com\\\/fr\\\/2026\\\/03\\\/13\\\/mitsubishi-logisnext-americas-sera-renomme\\\/#respond\"]}]},{\"@type\":\"WebPage\",\"@id\":\"https:\\\/\\\/transportjournal.com\\\/fr\\\/2026\\\/03\\\/13\\\/mitsubishi-logisnext-americas-sera-renomme\\\/\",\"url\":\"https:\\\/\\\/transportjournal.com\\\/fr\\\/2026\\\/03\\\/13\\\/mitsubishi-logisnext-americas-sera-renomme\\\/\",\"name\":\"Mitsubishi Logisnext Americas sera renomm\u00e9 - ITJ | International Transport Journal\",\"isPartOf\":{\"@id\":\"https:\\\/\\\/transportjournal.com\\\/fr\\\/#website\"},\"primaryImageOfPage\":{\"@id\":\"https:\\\/\\\/transportjournal.com\\\/fr\\\/2026\\\/03\\\/13\\\/mitsubishi-logisnext-americas-sera-renomme\\\/#primaryimage\"},\"image\":{\"@id\":\"https:\\\/\\\/transportjournal.com\\\/fr\\\/2026\\\/03\\\/13\\\/mitsubishi-logisnext-americas-sera-renomme\\\/#primaryimage\"},\"thumbnailUrl\":\"https:\\\/\\\/transportjournal.com\\\/wp-content\\\/uploads\\\/sites\\\/2\\\/2026\\\/03\\\/Logisnext-hbj172-1050x350-1-aspect-ratio-1400-788.webp\",\"datePublished\":\"2026-03-13T10:10:27+00:00\",\"breadcrumb\":{\"@id\":\"https:\\\/\\\/transportjournal.com\\\/fr\\\/2026\\\/03\\\/13\\\/mitsubishi-logisnext-americas-sera-renomme\\\/#breadcrumb\"},\"inLanguage\":\"fr-FR\",\"potentialAction\":[{\"@type\":\"ReadAction\",\"target\":[\"https:\\\/\\\/transportjournal.com\\\/fr\\\/2026\\\/03\\\/13\\\/mitsubishi-logisnext-americas-sera-renomme\\\/\"]}]},{\"@type\":\"ImageObject\",\"inLanguage\":\"fr-FR\",\"@id\":\"https:\\\/\\\/transportjournal.com\\\/fr\\\/2026\\\/03\\\/13\\\/mitsubishi-logisnext-americas-sera-renomme\\\/#primaryimage\",\"url\":\"https:\\\/\\\/transportjournal.com\\\/wp-content\\\/uploads\\\/sites\\\/2\\\/2026\\\/03\\\/Logisnext-hbj172-1050x350-1-aspect-ratio-1400-788.webp\",\"contentUrl\":\"https:\\\/\\\/transportjournal.com\\\/wp-content\\\/uploads\\\/sites\\\/2\\\/2026\\\/03\\\/Logisnext-hbj172-1050x350-1-aspect-ratio-1400-788.webp\",\"width\":705,\"height\":397},{\"@type\":\"BreadcrumbList\",\"@id\":\"https:\\\/\\\/transportjournal.com\\\/fr\\\/2026\\\/03\\\/13\\\/mitsubishi-logisnext-americas-sera-renomme\\\/#breadcrumb\",\"itemListElement\":[{\"@type\":\"ListItem\",\"position\":1,\"name\":\"Startseite\",\"item\":\"https:\\\/\\\/transportjournal.com\\\/fr\\\/\"},{\"@type\":\"ListItem\",\"position\":2,\"name\":\"Mitsubishi Logisnext Americas sera renomm\u00e9\"}]},{\"@type\":\"WebSite\",\"@id\":\"https:\\\/\\\/transportjournal.com\\\/fr\\\/#website\",\"url\":\"https:\\\/\\\/transportjournal.com\\\/fr\\\/\",\"name\":\"ITJ | International Transport Journal\",\"description\":\"Restez inform\u00e9 des derni\u00e8res nouvelles mondiales dans les secteurs du transport, de la logistique et de la cha\u00eene d'approvisionnement. Transport Journal fournit des informations d'experts, des analyses et des mises \u00e0 jour sur le transport maritime, l'aviation, l'intermodalit\u00e9 et l'exp\u00e9dition. \",\"publisher\":{\"@id\":\"https:\\\/\\\/transportjournal.com\\\/fr\\\/#organization\"},\"potentialAction\":[{\"@type\":\"SearchAction\",\"target\":{\"@type\":\"EntryPoint\",\"urlTemplate\":\"https:\\\/\\\/transportjournal.com\\\/fr\\\/?s={search_term_string}\"},\"query-input\":{\"@type\":\"PropertyValueSpecification\",\"valueRequired\":true,\"valueName\":\"search_term_string\"}}],\"inLanguage\":\"fr-FR\"},{\"@type\":\"Organization\",\"@id\":\"https:\\\/\\\/transportjournal.com\\\/fr\\\/#organization\",\"name\":\"Groupe Logismedia AG\",\"alternateName\":\"Logismedia Group AG\",\"url\":\"https:\\\/\\\/transportjournal.com\\\/fr\\\/\",\"logo\":{\"@type\":\"ImageObject\",\"inLanguage\":\"fr-FR\",\"@id\":\"https:\\\/\\\/transportjournal.com\\\/fr\\\/#\\\/schema\\\/logo\\\/image\\\/\",\"url\":\"https:\\\/\\\/transportjournal.com\\\/wp-content\\\/uploads\\\/sites\\\/2\\\/2025\\\/09\\\/Logo_ITJ.png\",\"contentUrl\":\"https:\\\/\\\/transportjournal.com\\\/wp-content\\\/uploads\\\/sites\\\/2\\\/2025\\\/09\\\/Logo_ITJ.png\",\"width\":799,\"height\":326,\"caption\":\"Groupe Logismedia AG\"},\"image\":{\"@id\":\"https:\\\/\\\/transportjournal.com\\\/fr\\\/#\\\/schema\\\/logo\\\/image\\\/\"},\"sameAs\":[\"https:\\\/\\\/www.linkedin.com\\\/company\\\/56456496\\\/admin\\\/dashboard\\\/\",\"https:\\\/\\\/www.instagram.com\\\/logismediagroup\\\/\",\"https:\\\/\\\/www.youtube.com\\\/@LogiamediaGroupAG\"]},{\"@type\":\"Person\",\"@id\":\"https:\\\/\\\/transportjournal.com\\\/fr\\\/#\\\/schema\\\/person\\\/cf538b3157f15afd7589245a4b3dbd25\",\"name\":\"Andreas Haug\",\"url\":\"https:\\\/\\\/transportjournal.com\\\/fr\\\/author\\\/andreas\\\/\"}]}<\/script>\n<!-- \/ Yoast SEO plugin. -->","yoast_head_json":{"title":"Mitsubishi Logisnext Americas sera renomm\u00e9 - ITJ | International Transport Journal","robots":{"index":"index","follow":"follow","max-snippet":"max-snippet:-1","max-image-preview":"max-image-preview:large","max-video-preview":"max-video-preview:-1"},"canonical":"https:\/\/transportjournal.com\/fr\/2026\/03\/13\/mitsubishi-logisnext-americas-sera-renomme\/","og_locale":"fr_FR","og_type":"article","og_title":"Mitsubishi Logisnext Americas sera renomm\u00e9 - ITJ | International Transport Journal","og_description":"Mitsubishi Logisnext Americas sera renomm\u00e9 le 30 avril 2026 pour promouvoir une vision unifi\u00e9e de la manutention des mat\u00e9riaux sous le slogan \u00ab Logisnext Vision 2035 \u00bb.","og_url":"https:\/\/transportjournal.com\/fr\/2026\/03\/13\/mitsubishi-logisnext-americas-sera-renomme\/","og_site_name":"ITJ | International Transport Journal","article_published_time":"2026-03-13T10:10:27+00:00","og_image":[{"width":705,"height":397,"url":"https:\/\/transportjournal.com\/wp-content\/uploads\/sites\/2\/2026\/03\/Logisnext-hbj172-1050x350-1-aspect-ratio-1400-788.webp","type":"image\/webp"}],"author":"Andreas Haug","twitter_card":"summary_large_image","twitter_misc":{"\u00c9crit par":"Andreas Haug","Dur\u00e9e de lecture estim\u00e9e":"2 minutes"},"schema":{"@context":"https:\/\/schema.org","@graph":[{"@type":"Article","@id":"https:\/\/transportjournal.com\/fr\/2026\/03\/13\/mitsubishi-logisnext-americas-sera-renomme\/#article","isPartOf":{"@id":"https:\/\/transportjournal.com\/fr\/2026\/03\/13\/mitsubishi-logisnext-americas-sera-renomme\/"},"author":{"name":"Andreas Haug","@id":"https:\/\/transportjournal.com\/fr\/#\/schema\/person\/cf538b3157f15afd7589245a4b3dbd25"},"headline":"Mitsubishi Logisnext Americas sera renomm\u00e9","datePublished":"2026-03-13T10:10:27+00:00","mainEntityOfPage":{"@id":"https:\/\/transportjournal.com\/fr\/2026\/03\/13\/mitsubishi-logisnext-americas-sera-renomme\/"},"wordCount":321,"commentCount":0,"publisher":{"@id":"https:\/\/transportjournal.com\/fr\/#organization"},"image":{"@id":"https:\/\/transportjournal.com\/fr\/2026\/03\/13\/mitsubishi-logisnext-americas-sera-renomme\/#primaryimage"},"thumbnailUrl":"https:\/\/transportjournal.com\/wp-content\/uploads\/sites\/2\/2026\/03\/Logisnext-hbj172-1050x350-1-aspect-ratio-1400-788.webp","keywords":["automation","automatisation","Automatisierung","changement de nom","chariots \u00e9l\u00e9vateurs","croissance durable","customer service","Deutsch Mitsubishi Logisnext","Digitalisierung","digitalization","Fachkr\u00e4ftemangel","fiabilit\u00e9","fleet support","Flottenunterst\u00fctzung","forklifts","Gabelstapler","gamme de produits","global performance standards","globale Leistungsstandards","Houston Texas","industrie du transport","infrastructure","Infrastruktur","Japan Industrial Partners","Kundenservice","Logisnext Americas","Logisnext Vision 2035","logistics service providers","Logistikdienstleister","manutention de mat\u00e9riel","material handling","Materialhandhabung","nachhaltiges Wachstum","normes de performance mondiales","num\u00e9risation","p\u00e9nurie de comp\u00e9tences","prestataires de services logistiques","product line","Produktlinie","rebranding","reliability","service client","skills shortage","Stabilit\u00e4t","stabilit\u00e9","stability","support de flotte","sustainable growth","transport industry Fran\u00e7ais Mitsubishi Logisnext","Transportwirtschaft English Mitsubishi Logisnext","Umbenennung","Zuverl\u00e4ssigkeit"],"articleSection":["Am\u00e9riques","Intralogistique","Personnes et entreprises"],"inLanguage":"fr-FR","potentialAction":[{"@type":"CommentAction","name":"Comment","target":["https:\/\/transportjournal.com\/fr\/2026\/03\/13\/mitsubishi-logisnext-americas-sera-renomme\/#respond"]}]},{"@type":"WebPage","@id":"https:\/\/transportjournal.com\/fr\/2026\/03\/13\/mitsubishi-logisnext-americas-sera-renomme\/","url":"https:\/\/transportjournal.com\/fr\/2026\/03\/13\/mitsubishi-logisnext-americas-sera-renomme\/","name":"Mitsubishi Logisnext Americas sera renomm\u00e9 - ITJ | International Transport Journal","isPartOf":{"@id":"https:\/\/transportjournal.com\/fr\/#website"},"primaryImageOfPage":{"@id":"https:\/\/transportjournal.com\/fr\/2026\/03\/13\/mitsubishi-logisnext-americas-sera-renomme\/#primaryimage"},"image":{"@id":"https:\/\/transportjournal.com\/fr\/2026\/03\/13\/mitsubishi-logisnext-americas-sera-renomme\/#primaryimage"},"thumbnailUrl":"https:\/\/transportjournal.com\/wp-content\/uploads\/sites\/2\/2026\/03\/Logisnext-hbj172-1050x350-1-aspect-ratio-1400-788.webp","datePublished":"2026-03-13T10:10:27+00:00","breadcrumb":{"@id":"https:\/\/transportjournal.com\/fr\/2026\/03\/13\/mitsubishi-logisnext-americas-sera-renomme\/#breadcrumb"},"inLanguage":"fr-FR","potentialAction":[{"@type":"ReadAction","target":["https:\/\/transportjournal.com\/fr\/2026\/03\/13\/mitsubishi-logisnext-americas-sera-renomme\/"]}]},{"@type":"ImageObject","inLanguage":"fr-FR","@id":"https:\/\/transportjournal.com\/fr\/2026\/03\/13\/mitsubishi-logisnext-americas-sera-renomme\/#primaryimage","url":"https:\/\/transportjournal.com\/wp-content\/uploads\/sites\/2\/2026\/03\/Logisnext-hbj172-1050x350-1-aspect-ratio-1400-788.webp","contentUrl":"https:\/\/transportjournal.com\/wp-content\/uploads\/sites\/2\/2026\/03\/Logisnext-hbj172-1050x350-1-aspect-ratio-1400-788.webp","width":705,"height":397},{"@type":"BreadcrumbList","@id":"https:\/\/transportjournal.com\/fr\/2026\/03\/13\/mitsubishi-logisnext-americas-sera-renomme\/#breadcrumb","itemListElement":[{"@type":"ListItem","position":1,"name":"Startseite","item":"https:\/\/transportjournal.com\/fr\/"},{"@type":"ListItem","position":2,"name":"Mitsubishi Logisnext Americas sera renomm\u00e9"}]},{"@type":"WebSite","@id":"https:\/\/transportjournal.com\/fr\/#website","url":"https:\/\/transportjournal.com\/fr\/","name":"ITJ | International Transport Journal","description":"Restez inform\u00e9 des derni\u00e8res nouvelles mondiales dans les secteurs du transport, de la logistique et de la cha\u00eene d'approvisionnement. Transport Journal fournit des informations d'experts, des analyses et des mises \u00e0 jour sur le transport maritime, l'aviation, l'intermodalit\u00e9 et l'exp\u00e9dition. ","publisher":{"@id":"https:\/\/transportjournal.com\/fr\/#organization"},"potentialAction":[{"@type":"SearchAction","target":{"@type":"EntryPoint","urlTemplate":"https:\/\/transportjournal.com\/fr\/?s={search_term_string}"},"query-input":{"@type":"PropertyValueSpecification","valueRequired":true,"valueName":"search_term_string"}}],"inLanguage":"fr-FR"},{"@type":"Organization","@id":"https:\/\/transportjournal.com\/fr\/#organization","name":"Groupe Logismedia AG","alternateName":"Logismedia Group AG","url":"https:\/\/transportjournal.com\/fr\/","logo":{"@type":"ImageObject","inLanguage":"fr-FR","@id":"https:\/\/transportjournal.com\/fr\/#\/schema\/logo\/image\/","url":"https:\/\/transportjournal.com\/wp-content\/uploads\/sites\/2\/2025\/09\/Logo_ITJ.png","contentUrl":"https:\/\/transportjournal.com\/wp-content\/uploads\/sites\/2\/2025\/09\/Logo_ITJ.png","width":799,"height":326,"caption":"Groupe Logismedia AG"},"image":{"@id":"https:\/\/transportjournal.com\/fr\/#\/schema\/logo\/image\/"},"sameAs":["https:\/\/www.linkedin.com\/company\/56456496\/admin\/dashboard\/","https:\/\/www.instagram.com\/logismediagroup\/","https:\/\/www.youtube.com\/@LogiamediaGroupAG"]},{"@type":"Person","@id":"https:\/\/transportjournal.com\/fr\/#\/schema\/person\/cf538b3157f15afd7589245a4b3dbd25","name":"Andreas Haug","url":"https:\/\/transportjournal.com\/fr\/author\/andreas\/"}]}},"_links":{"self":[{"href":"https:\/\/transportjournal.com\/fr\/wp-json\/wp\/v2\/posts\/80742","targetHints":{"allow":["GET"]}}],"collection":[{"href":"https:\/\/transportjournal.com\/fr\/wp-json\/wp\/v2\/posts"}],"about":[{"href":"https:\/\/transportjournal.com\/fr\/wp-json\/wp\/v2\/types\/post"}],"author":[{"embeddable":true,"href":"https:\/\/transportjournal.com\/fr\/wp-json\/wp\/v2\/users\/12"}],"replies":[{"embeddable":true,"href":"https:\/\/transportjournal.com\/fr\/wp-json\/wp\/v2\/comments?post=80742"}],"version-history":[{"count":0,"href":"https:\/\/transportjournal.com\/fr\/wp-json\/wp\/v2\/posts\/80742\/revisions"}],"wp:featuredmedia":[{"embeddable":true,"href":"https:\/\/transportjournal.com\/fr\/wp-json\/wp\/v2\/media\/80740"}],"wp:attachment":[{"href":"https:\/\/transportjournal.com\/fr\/wp-json\/wp\/v2\/media?parent=80742"}],"wp:term":[{"taxonomy":"category","embeddable":true,"href":"https:\/\/transportjournal.com\/fr\/wp-json\/wp\/v2\/categories?post=80742"},{"taxonomy":"post_tag","embeddable":true,"href":"https:\/\/transportjournal.com\/fr\/wp-json\/wp\/v2\/tags?post=80742"}],"curies":[{"name":"wp","href":"https:\/\/api.w.org\/{rel}","templated":true}]}}