{"id":80695,"date":"2026-03-13T08:09:49","date_gmt":"2026-03-13T08:09:49","guid":{"rendered":"https:\/\/transportjournal.com\/2026\/03\/13\/le-fondateur-damerijet-est-decede\/"},"modified":"2026-03-13T08:09:49","modified_gmt":"2026-03-13T08:09:49","slug":"le-fondateur-damerijet-est-decede","status":"publish","type":"post","link":"https:\/\/transportjournal.com\/fr\/2026\/03\/13\/le-fondateur-damerijet-est-decede\/","title":{"rendered":"Le fondateur d&rsquo;Amerijet est d\u00e9c\u00e9d\u00e9"},"content":{"rendered":"<p>David Bassett, le fondateur d&#8217;Amerijet International Airlines bas\u00e9 \u00e0 Miami, est d\u00e9c\u00e9d\u00e9. Bassett, qui a cr\u00e9\u00e9 l&#8217;entreprise en 1974, l&#8217;a dirig\u00e9e pendant plus de quatre d\u00e9cennies et l&#8217;a d\u00e9velopp\u00e9e d&#8217;une petite entreprise de taxi a\u00e9rien \u00e0 une importante compagnie a\u00e9rienne de fret international, desservant les march\u00e9s des Cara\u00efbes ainsi que d&#8217;Am\u00e9rique centrale et du Sud.<\/p>\n<p>Dans les premi\u00e8res ann\u00e9es, Bassett n&#8217;\u00e9tait pas seulement le fondateur, mais aussi le pilote qui pilotait lui-m\u00eame les avions et construisait l&#8217;entreprise \u00e0 travers chaque vol. Gr\u00e2ce \u00e0 sa vision et \u00e0 sa pers\u00e9v\u00e9rance, il a cr\u00e9\u00e9 une entreprise reconnue comme un nom de confiance aux \u00c9tats-Unis et dans les Am\u00e9riques. Sa passion pour l&#8217;aviation a commenc\u00e9 d\u00e8s son enfance en Guyane, o\u00f9 sa famille \u00e9tait missionnaire. C&#8217;est l\u00e0 qu&#8217;il a appris \u00e0 piloter et \u00e0 aider \u00e0 r\u00e9parer des avions sur des pistes isol\u00e9es.<\/p>\n<p>Apr\u00e8s son passage dans l&#8217;US Air Force, Bassett est retourn\u00e9 en Floride du Sud pour poursuivre ses ambitions entrepreneuriales dans l&#8217;aviation. Dans les ann\u00e9es 1970, lorsque Amerijet a \u00e9t\u00e9 fond\u00e9e, la majorit\u00e9 des marchandises \u00e9taient encore transport\u00e9es dans les soutes des avions de passagers. Bassett a rapidement reconnu le besoin d&#8217;un service de fret fiable et a construit Amerijet pour desservir des march\u00e9s r\u00e9gionaux sp\u00e9cialis\u00e9s.<\/p>\n<p>Ce qui a commenc\u00e9 comme des services de charter professionnels s&#8217;est rapidement d\u00e9velopp\u00e9 sous la direction de Bassett. En 1976, l&#8217;entreprise est devenue un fournisseur de fret pur et a soutenu la croissance des services de messagerie express. \u00c0 la fin des ann\u00e9es 1970 et au d\u00e9but des ann\u00e9es 1980, Amerijet a \u00e9largi ses op\u00e9rations et a commenc\u00e9 \u00e0 conclure des contrats avec de grandes entreprises de messagerie telles que Purolator, FedEx, UPS, DHL et Airborne Express.<\/p>\n<p>En 1982, Bassett a acquis le contr\u00f4le total de l&#8217;entreprise, qui a continu\u00e9 \u00e0 d\u00e9velopper sa flotte et ses capacit\u00e9s logistiques. En 1987, le si\u00e8ge social a \u00e9t\u00e9 \u00e9tabli \u00e0 l&#8217;a\u00e9roport international de Miami, d&#8217;o\u00f9 Amerijet a construit un solide r\u00e9seau de fret reliant les Cara\u00efbes, le Mexique, l&#8217;Am\u00e9rique centrale et l&#8217;Am\u00e9rique du Sud.<\/p>\n<p>Le style de leadership de Bassett \u00e9tait marqu\u00e9 par le mentorat et la cr\u00e9ation d&#8217;opportunit\u00e9s. Il a investi dans ses employ\u00e9s et a encourag\u00e9 leur d\u00e9veloppement professionnel. Beaucoup de ceux qui sont arriv\u00e9s t\u00f4t dans leur carri\u00e8re chez Amerijet ont pu construire des carri\u00e8res \u00e0 long terme sous sa direction. Avec sa femme Kandee, il a cr\u00e9\u00e9 une culture d&#8217;entreprise fond\u00e9e sur la loyaut\u00e9, le respect et un v\u00e9ritable int\u00e9r\u00eat pour les employ\u00e9s.<\/p>\n<p>Les contributions de Bassett \u00e0 l&#8217;aviation ont \u00e9t\u00e9 reconnues \u00e0 plusieurs reprises. En 2013, il a re\u00e7u le Wright Brothers Memorial Award pour ses contributions tout au long de sa vie \u00e0 la s\u00e9curit\u00e9 de l&#8217;aviation commerciale. Auparavant, il avait \u00e9t\u00e9 r\u00e9compens\u00e9 en 2007 par le Juan Trippe Award, qui a salu\u00e9 ses contributions significatives au d\u00e9veloppement de l&#8217;aviation internationale.<\/p>\n<p>&nbsp;<\/p>\n<p><a href=\"https:\/\/amerijet.com\/\" target=\"_blank\" rel=\"noopener noreferrer\">www.amerijet.com<\/a><\/p>\n<p>&nbsp;<\/p>\n","protected":false},"excerpt":{"rendered":"<p>David Bassett, fondateur d&rsquo;Amerijet International Airlines, est d\u00e9c\u00e9d\u00e9 et laisse un h\u00e9ritage significatif dans l&rsquo;aviation.<\/p>\n","protected":false},"author":12,"featured_media":80693,"comment_status":"open","ping_status":"","sticky":false,"template":"","format":"standard","meta":{"_acf_changed":false,"footnotes":""},"categories":[1590,1582,1579],"tags":[6016,26648,11219,26649,4363,26650,23810,13850,9819,13851,4376,9822,26651,26652,26653,23812,1996,26654,9832,26655,26656,2125,26657,26658,26659,13865,26660,2131,2134,2136,26661,4387,26662,26663,26664,26665,6034,26666,23823,26667,26668,26669,11241,11243,2155,1837,26670,26671],"class_list":["post-80695","post","type-post","status-publish","format-standard","has-post-thumbnail","hentry","category-ameriques","category-fret-aerien","category-personnes-et-entreprises","tag-aeroport-international-de-miami","tag-air-taxi-service","tag-amerique-du-sud","tag-aviation","tag-aviation-community","tag-aviation-pioneer","tag-berufliche-entwicklung","tag-caraibes","tag-cargo-airline","tag-caribbean","tag-communaute-aeronautique","tag-compagnie-aerienne-de-fret","tag-courier-services","tag-david-bassett","tag-deutsch-amerijet","tag-developpement-professionnel","tag-dhl","tag-fedex","tag-frachtfluggesellschaft","tag-frachtservice","tag-freight-service","tag-industrie-du-transport","tag-juan-trippe-award","tag-juan-trippe-award-english-amerijet","tag-juan-trippe-award-francais-amerijet","tag-karibik","tag-kurierdienste","tag-logistics","tag-logistik","tag-logistique","tag-luftfahrt","tag-luftfahrtgemeinschaft","tag-luftfahrtpionier","tag-lufttaxi-betrieb","tag-mentorat","tag-mentorship","tag-miami-international-airport","tag-pionnier-de-laviation","tag-professional-development","tag-service-de-fret","tag-service-de-taxi-aerien","tag-services-de-messagerie","tag-south-america","tag-suedamerika","tag-transport-industry","tag-transportwirtschaft","tag-ups","tag-wright-brothers-memorial-award"],"acf":[],"yoast_head":"<!-- This site is optimized with the Yoast SEO plugin v27.3 - https:\/\/yoast.com\/product\/yoast-seo-wordpress\/ -->\n<title>Le fondateur d&#8217;Amerijet est d\u00e9c\u00e9d\u00e9 - ITJ | International Transport Journal<\/title>\n<meta name=\"robots\" content=\"index, follow, max-snippet:-1, max-image-preview:large, max-video-preview:-1\" \/>\n<link rel=\"canonical\" href=\"https:\/\/transportjournal.com\/fr\/2026\/03\/13\/le-fondateur-damerijet-est-decede\/\" \/>\n<meta property=\"og:locale\" content=\"fr_FR\" \/>\n<meta property=\"og:type\" content=\"article\" \/>\n<meta property=\"og:title\" content=\"Le fondateur d&#8217;Amerijet est d\u00e9c\u00e9d\u00e9 - ITJ | International Transport Journal\" \/>\n<meta property=\"og:description\" content=\"David Bassett, fondateur d&#039;Amerijet International Airlines, est d\u00e9c\u00e9d\u00e9 et laisse un h\u00e9ritage significatif dans l&#039;aviation.\" \/>\n<meta property=\"og:url\" content=\"https:\/\/transportjournal.com\/fr\/2026\/03\/13\/le-fondateur-damerijet-est-decede\/\" \/>\n<meta property=\"og:site_name\" content=\"ITJ | International Transport Journal\" \/>\n<meta property=\"article:published_time\" content=\"2026-03-13T08:09:49+00:00\" \/>\n<meta property=\"og:image\" content=\"https:\/\/transportjournal.com\/wp-content\/uploads\/sites\/2\/2026\/03\/Amerijet-dave-aspect-ratio-1400-788.webp\" \/>\n\t<meta property=\"og:image:width\" content=\"889\" \/>\n\t<meta property=\"og:image:height\" content=\"500\" \/>\n\t<meta property=\"og:image:type\" content=\"image\/webp\" \/>\n<meta name=\"author\" content=\"Andreas Haug\" \/>\n<meta name=\"twitter:card\" content=\"summary_large_image\" \/>\n<meta name=\"twitter:label1\" content=\"\u00c9crit par\" \/>\n\t<meta name=\"twitter:data1\" content=\"Andreas Haug\" \/>\n\t<meta name=\"twitter:label2\" content=\"Dur\u00e9e de lecture estim\u00e9e\" \/>\n\t<meta name=\"twitter:data2\" content=\"3 minutes\" \/>\n<script type=\"application\/ld+json\" class=\"yoast-schema-graph\">{\"@context\":\"https:\\\/\\\/schema.org\",\"@graph\":[{\"@type\":\"Article\",\"@id\":\"https:\\\/\\\/transportjournal.com\\\/fr\\\/2026\\\/03\\\/13\\\/le-fondateur-damerijet-est-decede\\\/#article\",\"isPartOf\":{\"@id\":\"https:\\\/\\\/transportjournal.com\\\/fr\\\/2026\\\/03\\\/13\\\/le-fondateur-damerijet-est-decede\\\/\"},\"author\":{\"name\":\"Andreas Haug\",\"@id\":\"https:\\\/\\\/transportjournal.com\\\/fr\\\/#\\\/schema\\\/person\\\/cf538b3157f15afd7589245a4b3dbd25\"},\"headline\":\"Le fondateur d&rsquo;Amerijet est d\u00e9c\u00e9d\u00e9\",\"datePublished\":\"2026-03-13T08:09:49+00:00\",\"mainEntityOfPage\":{\"@id\":\"https:\\\/\\\/transportjournal.com\\\/fr\\\/2026\\\/03\\\/13\\\/le-fondateur-damerijet-est-decede\\\/\"},\"wordCount\":543,\"commentCount\":0,\"publisher\":{\"@id\":\"https:\\\/\\\/transportjournal.com\\\/fr\\\/#organization\"},\"image\":{\"@id\":\"https:\\\/\\\/transportjournal.com\\\/fr\\\/2026\\\/03\\\/13\\\/le-fondateur-damerijet-est-decede\\\/#primaryimage\"},\"thumbnailUrl\":\"https:\\\/\\\/transportjournal.com\\\/wp-content\\\/uploads\\\/sites\\\/2\\\/2026\\\/03\\\/Amerijet-dave-aspect-ratio-1400-788.webp\",\"keywords\":[\"a\u00e9roport international de Miami\",\"air taxi service\",\"Am\u00e9rique du Sud\",\"aviation\",\"aviation community\",\"aviation pioneer\",\"berufliche Entwicklung\",\"Cara\u00efbes\",\"cargo airline\",\"Caribbean\",\"communaut\u00e9 a\u00e9ronautique\",\"compagnie a\u00e9rienne de fret\",\"courier services\",\"David Bassett\",\"Deutsch Amerijet\",\"d\u00e9veloppement professionnel\",\"DHL\",\"FedEx\",\"Frachtfluggesellschaft\",\"Frachtservice\",\"freight service\",\"industrie du transport\",\"Juan Trippe Award\",\"Juan Trippe Award English Amerijet\",\"Juan Trippe Award Fran\u00e7ais Amerijet\",\"Karibik\",\"Kurierdienste\",\"logistics\",\"Logistik\",\"logistique\",\"Luftfahrt\",\"Luftfahrtgemeinschaft\",\"Luftfahrtpionier\",\"Lufttaxi-Betrieb\",\"mentorat\",\"Mentorship\",\"Miami International Airport\",\"pionnier de l'aviation\",\"professional development\",\"service de fret\",\"service de taxi a\u00e9rien\",\"services de messagerie\",\"South America\",\"S\u00fcdamerika\",\"transport industry\",\"Transportwirtschaft\",\"UPS\",\"Wright Brothers Memorial Award\"],\"articleSection\":[\"Am\u00e9riques\",\"Fret a\u00e9rien\",\"Personnes et entreprises\"],\"inLanguage\":\"fr-FR\",\"potentialAction\":[{\"@type\":\"CommentAction\",\"name\":\"Comment\",\"target\":[\"https:\\\/\\\/transportjournal.com\\\/fr\\\/2026\\\/03\\\/13\\\/le-fondateur-damerijet-est-decede\\\/#respond\"]}]},{\"@type\":\"WebPage\",\"@id\":\"https:\\\/\\\/transportjournal.com\\\/fr\\\/2026\\\/03\\\/13\\\/le-fondateur-damerijet-est-decede\\\/\",\"url\":\"https:\\\/\\\/transportjournal.com\\\/fr\\\/2026\\\/03\\\/13\\\/le-fondateur-damerijet-est-decede\\\/\",\"name\":\"Le fondateur d&#8217;Amerijet est d\u00e9c\u00e9d\u00e9 - ITJ | International Transport Journal\",\"isPartOf\":{\"@id\":\"https:\\\/\\\/transportjournal.com\\\/fr\\\/#website\"},\"primaryImageOfPage\":{\"@id\":\"https:\\\/\\\/transportjournal.com\\\/fr\\\/2026\\\/03\\\/13\\\/le-fondateur-damerijet-est-decede\\\/#primaryimage\"},\"image\":{\"@id\":\"https:\\\/\\\/transportjournal.com\\\/fr\\\/2026\\\/03\\\/13\\\/le-fondateur-damerijet-est-decede\\\/#primaryimage\"},\"thumbnailUrl\":\"https:\\\/\\\/transportjournal.com\\\/wp-content\\\/uploads\\\/sites\\\/2\\\/2026\\\/03\\\/Amerijet-dave-aspect-ratio-1400-788.webp\",\"datePublished\":\"2026-03-13T08:09:49+00:00\",\"breadcrumb\":{\"@id\":\"https:\\\/\\\/transportjournal.com\\\/fr\\\/2026\\\/03\\\/13\\\/le-fondateur-damerijet-est-decede\\\/#breadcrumb\"},\"inLanguage\":\"fr-FR\",\"potentialAction\":[{\"@type\":\"ReadAction\",\"target\":[\"https:\\\/\\\/transportjournal.com\\\/fr\\\/2026\\\/03\\\/13\\\/le-fondateur-damerijet-est-decede\\\/\"]}]},{\"@type\":\"ImageObject\",\"inLanguage\":\"fr-FR\",\"@id\":\"https:\\\/\\\/transportjournal.com\\\/fr\\\/2026\\\/03\\\/13\\\/le-fondateur-damerijet-est-decede\\\/#primaryimage\",\"url\":\"https:\\\/\\\/transportjournal.com\\\/wp-content\\\/uploads\\\/sites\\\/2\\\/2026\\\/03\\\/Amerijet-dave-aspect-ratio-1400-788.webp\",\"contentUrl\":\"https:\\\/\\\/transportjournal.com\\\/wp-content\\\/uploads\\\/sites\\\/2\\\/2026\\\/03\\\/Amerijet-dave-aspect-ratio-1400-788.webp\",\"width\":889,\"height\":500},{\"@type\":\"BreadcrumbList\",\"@id\":\"https:\\\/\\\/transportjournal.com\\\/fr\\\/2026\\\/03\\\/13\\\/le-fondateur-damerijet-est-decede\\\/#breadcrumb\",\"itemListElement\":[{\"@type\":\"ListItem\",\"position\":1,\"name\":\"Startseite\",\"item\":\"https:\\\/\\\/transportjournal.com\\\/fr\\\/\"},{\"@type\":\"ListItem\",\"position\":2,\"name\":\"Le fondateur d&rsquo;Amerijet est d\u00e9c\u00e9d\u00e9\"}]},{\"@type\":\"WebSite\",\"@id\":\"https:\\\/\\\/transportjournal.com\\\/fr\\\/#website\",\"url\":\"https:\\\/\\\/transportjournal.com\\\/fr\\\/\",\"name\":\"ITJ | International Transport Journal\",\"description\":\"Restez inform\u00e9 des derni\u00e8res nouvelles mondiales dans les secteurs du transport, de la logistique et de la cha\u00eene d'approvisionnement. Transport Journal fournit des informations d'experts, des analyses et des mises \u00e0 jour sur le transport maritime, l'aviation, l'intermodalit\u00e9 et l'exp\u00e9dition. \",\"publisher\":{\"@id\":\"https:\\\/\\\/transportjournal.com\\\/fr\\\/#organization\"},\"potentialAction\":[{\"@type\":\"SearchAction\",\"target\":{\"@type\":\"EntryPoint\",\"urlTemplate\":\"https:\\\/\\\/transportjournal.com\\\/fr\\\/?s={search_term_string}\"},\"query-input\":{\"@type\":\"PropertyValueSpecification\",\"valueRequired\":true,\"valueName\":\"search_term_string\"}}],\"inLanguage\":\"fr-FR\"},{\"@type\":\"Organization\",\"@id\":\"https:\\\/\\\/transportjournal.com\\\/fr\\\/#organization\",\"name\":\"Groupe Logismedia AG\",\"alternateName\":\"Logismedia Group AG\",\"url\":\"https:\\\/\\\/transportjournal.com\\\/fr\\\/\",\"logo\":{\"@type\":\"ImageObject\",\"inLanguage\":\"fr-FR\",\"@id\":\"https:\\\/\\\/transportjournal.com\\\/fr\\\/#\\\/schema\\\/logo\\\/image\\\/\",\"url\":\"https:\\\/\\\/transportjournal.com\\\/wp-content\\\/uploads\\\/sites\\\/2\\\/2025\\\/09\\\/Logo_ITJ.png\",\"contentUrl\":\"https:\\\/\\\/transportjournal.com\\\/wp-content\\\/uploads\\\/sites\\\/2\\\/2025\\\/09\\\/Logo_ITJ.png\",\"width\":799,\"height\":326,\"caption\":\"Groupe Logismedia AG\"},\"image\":{\"@id\":\"https:\\\/\\\/transportjournal.com\\\/fr\\\/#\\\/schema\\\/logo\\\/image\\\/\"},\"sameAs\":[\"https:\\\/\\\/www.linkedin.com\\\/company\\\/56456496\\\/admin\\\/dashboard\\\/\",\"https:\\\/\\\/www.instagram.com\\\/logismediagroup\\\/\",\"https:\\\/\\\/www.youtube.com\\\/@LogiamediaGroupAG\"]},{\"@type\":\"Person\",\"@id\":\"https:\\\/\\\/transportjournal.com\\\/fr\\\/#\\\/schema\\\/person\\\/cf538b3157f15afd7589245a4b3dbd25\",\"name\":\"Andreas Haug\",\"url\":\"https:\\\/\\\/transportjournal.com\\\/fr\\\/author\\\/andreas\\\/\"}]}<\/script>\n<!-- \/ Yoast SEO plugin. -->","yoast_head_json":{"title":"Le fondateur d&#8217;Amerijet est d\u00e9c\u00e9d\u00e9 - ITJ | International Transport Journal","robots":{"index":"index","follow":"follow","max-snippet":"max-snippet:-1","max-image-preview":"max-image-preview:large","max-video-preview":"max-video-preview:-1"},"canonical":"https:\/\/transportjournal.com\/fr\/2026\/03\/13\/le-fondateur-damerijet-est-decede\/","og_locale":"fr_FR","og_type":"article","og_title":"Le fondateur d&#8217;Amerijet est d\u00e9c\u00e9d\u00e9 - ITJ | International Transport Journal","og_description":"David Bassett, fondateur d'Amerijet International Airlines, est d\u00e9c\u00e9d\u00e9 et laisse un h\u00e9ritage significatif dans l'aviation.","og_url":"https:\/\/transportjournal.com\/fr\/2026\/03\/13\/le-fondateur-damerijet-est-decede\/","og_site_name":"ITJ | International Transport Journal","article_published_time":"2026-03-13T08:09:49+00:00","og_image":[{"width":889,"height":500,"url":"https:\/\/transportjournal.com\/wp-content\/uploads\/sites\/2\/2026\/03\/Amerijet-dave-aspect-ratio-1400-788.webp","type":"image\/webp"}],"author":"Andreas Haug","twitter_card":"summary_large_image","twitter_misc":{"\u00c9crit par":"Andreas Haug","Dur\u00e9e de lecture estim\u00e9e":"3 minutes"},"schema":{"@context":"https:\/\/schema.org","@graph":[{"@type":"Article","@id":"https:\/\/transportjournal.com\/fr\/2026\/03\/13\/le-fondateur-damerijet-est-decede\/#article","isPartOf":{"@id":"https:\/\/transportjournal.com\/fr\/2026\/03\/13\/le-fondateur-damerijet-est-decede\/"},"author":{"name":"Andreas Haug","@id":"https:\/\/transportjournal.com\/fr\/#\/schema\/person\/cf538b3157f15afd7589245a4b3dbd25"},"headline":"Le fondateur d&rsquo;Amerijet est d\u00e9c\u00e9d\u00e9","datePublished":"2026-03-13T08:09:49+00:00","mainEntityOfPage":{"@id":"https:\/\/transportjournal.com\/fr\/2026\/03\/13\/le-fondateur-damerijet-est-decede\/"},"wordCount":543,"commentCount":0,"publisher":{"@id":"https:\/\/transportjournal.com\/fr\/#organization"},"image":{"@id":"https:\/\/transportjournal.com\/fr\/2026\/03\/13\/le-fondateur-damerijet-est-decede\/#primaryimage"},"thumbnailUrl":"https:\/\/transportjournal.com\/wp-content\/uploads\/sites\/2\/2026\/03\/Amerijet-dave-aspect-ratio-1400-788.webp","keywords":["a\u00e9roport international de Miami","air taxi service","Am\u00e9rique du Sud","aviation","aviation community","aviation pioneer","berufliche Entwicklung","Cara\u00efbes","cargo airline","Caribbean","communaut\u00e9 a\u00e9ronautique","compagnie a\u00e9rienne de fret","courier services","David Bassett","Deutsch Amerijet","d\u00e9veloppement professionnel","DHL","FedEx","Frachtfluggesellschaft","Frachtservice","freight service","industrie du transport","Juan Trippe Award","Juan Trippe Award English Amerijet","Juan Trippe Award Fran\u00e7ais Amerijet","Karibik","Kurierdienste","logistics","Logistik","logistique","Luftfahrt","Luftfahrtgemeinschaft","Luftfahrtpionier","Lufttaxi-Betrieb","mentorat","Mentorship","Miami International Airport","pionnier de l'aviation","professional development","service de fret","service de taxi a\u00e9rien","services de messagerie","South America","S\u00fcdamerika","transport industry","Transportwirtschaft","UPS","Wright Brothers Memorial Award"],"articleSection":["Am\u00e9riques","Fret a\u00e9rien","Personnes et entreprises"],"inLanguage":"fr-FR","potentialAction":[{"@type":"CommentAction","name":"Comment","target":["https:\/\/transportjournal.com\/fr\/2026\/03\/13\/le-fondateur-damerijet-est-decede\/#respond"]}]},{"@type":"WebPage","@id":"https:\/\/transportjournal.com\/fr\/2026\/03\/13\/le-fondateur-damerijet-est-decede\/","url":"https:\/\/transportjournal.com\/fr\/2026\/03\/13\/le-fondateur-damerijet-est-decede\/","name":"Le fondateur d&#8217;Amerijet est d\u00e9c\u00e9d\u00e9 - ITJ | International Transport Journal","isPartOf":{"@id":"https:\/\/transportjournal.com\/fr\/#website"},"primaryImageOfPage":{"@id":"https:\/\/transportjournal.com\/fr\/2026\/03\/13\/le-fondateur-damerijet-est-decede\/#primaryimage"},"image":{"@id":"https:\/\/transportjournal.com\/fr\/2026\/03\/13\/le-fondateur-damerijet-est-decede\/#primaryimage"},"thumbnailUrl":"https:\/\/transportjournal.com\/wp-content\/uploads\/sites\/2\/2026\/03\/Amerijet-dave-aspect-ratio-1400-788.webp","datePublished":"2026-03-13T08:09:49+00:00","breadcrumb":{"@id":"https:\/\/transportjournal.com\/fr\/2026\/03\/13\/le-fondateur-damerijet-est-decede\/#breadcrumb"},"inLanguage":"fr-FR","potentialAction":[{"@type":"ReadAction","target":["https:\/\/transportjournal.com\/fr\/2026\/03\/13\/le-fondateur-damerijet-est-decede\/"]}]},{"@type":"ImageObject","inLanguage":"fr-FR","@id":"https:\/\/transportjournal.com\/fr\/2026\/03\/13\/le-fondateur-damerijet-est-decede\/#primaryimage","url":"https:\/\/transportjournal.com\/wp-content\/uploads\/sites\/2\/2026\/03\/Amerijet-dave-aspect-ratio-1400-788.webp","contentUrl":"https:\/\/transportjournal.com\/wp-content\/uploads\/sites\/2\/2026\/03\/Amerijet-dave-aspect-ratio-1400-788.webp","width":889,"height":500},{"@type":"BreadcrumbList","@id":"https:\/\/transportjournal.com\/fr\/2026\/03\/13\/le-fondateur-damerijet-est-decede\/#breadcrumb","itemListElement":[{"@type":"ListItem","position":1,"name":"Startseite","item":"https:\/\/transportjournal.com\/fr\/"},{"@type":"ListItem","position":2,"name":"Le fondateur d&rsquo;Amerijet est d\u00e9c\u00e9d\u00e9"}]},{"@type":"WebSite","@id":"https:\/\/transportjournal.com\/fr\/#website","url":"https:\/\/transportjournal.com\/fr\/","name":"ITJ | International Transport Journal","description":"Restez inform\u00e9 des derni\u00e8res nouvelles mondiales dans les secteurs du transport, de la logistique et de la cha\u00eene d'approvisionnement. Transport Journal fournit des informations d'experts, des analyses et des mises \u00e0 jour sur le transport maritime, l'aviation, l'intermodalit\u00e9 et l'exp\u00e9dition. ","publisher":{"@id":"https:\/\/transportjournal.com\/fr\/#organization"},"potentialAction":[{"@type":"SearchAction","target":{"@type":"EntryPoint","urlTemplate":"https:\/\/transportjournal.com\/fr\/?s={search_term_string}"},"query-input":{"@type":"PropertyValueSpecification","valueRequired":true,"valueName":"search_term_string"}}],"inLanguage":"fr-FR"},{"@type":"Organization","@id":"https:\/\/transportjournal.com\/fr\/#organization","name":"Groupe Logismedia AG","alternateName":"Logismedia Group AG","url":"https:\/\/transportjournal.com\/fr\/","logo":{"@type":"ImageObject","inLanguage":"fr-FR","@id":"https:\/\/transportjournal.com\/fr\/#\/schema\/logo\/image\/","url":"https:\/\/transportjournal.com\/wp-content\/uploads\/sites\/2\/2025\/09\/Logo_ITJ.png","contentUrl":"https:\/\/transportjournal.com\/wp-content\/uploads\/sites\/2\/2025\/09\/Logo_ITJ.png","width":799,"height":326,"caption":"Groupe Logismedia AG"},"image":{"@id":"https:\/\/transportjournal.com\/fr\/#\/schema\/logo\/image\/"},"sameAs":["https:\/\/www.linkedin.com\/company\/56456496\/admin\/dashboard\/","https:\/\/www.instagram.com\/logismediagroup\/","https:\/\/www.youtube.com\/@LogiamediaGroupAG"]},{"@type":"Person","@id":"https:\/\/transportjournal.com\/fr\/#\/schema\/person\/cf538b3157f15afd7589245a4b3dbd25","name":"Andreas Haug","url":"https:\/\/transportjournal.com\/fr\/author\/andreas\/"}]}},"_links":{"self":[{"href":"https:\/\/transportjournal.com\/fr\/wp-json\/wp\/v2\/posts\/80695","targetHints":{"allow":["GET"]}}],"collection":[{"href":"https:\/\/transportjournal.com\/fr\/wp-json\/wp\/v2\/posts"}],"about":[{"href":"https:\/\/transportjournal.com\/fr\/wp-json\/wp\/v2\/types\/post"}],"author":[{"embeddable":true,"href":"https:\/\/transportjournal.com\/fr\/wp-json\/wp\/v2\/users\/12"}],"replies":[{"embeddable":true,"href":"https:\/\/transportjournal.com\/fr\/wp-json\/wp\/v2\/comments?post=80695"}],"version-history":[{"count":0,"href":"https:\/\/transportjournal.com\/fr\/wp-json\/wp\/v2\/posts\/80695\/revisions"}],"wp:featuredmedia":[{"embeddable":true,"href":"https:\/\/transportjournal.com\/fr\/wp-json\/wp\/v2\/media\/80693"}],"wp:attachment":[{"href":"https:\/\/transportjournal.com\/fr\/wp-json\/wp\/v2\/media?parent=80695"}],"wp:term":[{"taxonomy":"category","embeddable":true,"href":"https:\/\/transportjournal.com\/fr\/wp-json\/wp\/v2\/categories?post=80695"},{"taxonomy":"post_tag","embeddable":true,"href":"https:\/\/transportjournal.com\/fr\/wp-json\/wp\/v2\/tags?post=80695"}],"curies":[{"name":"wp","href":"https:\/\/api.w.org\/{rel}","templated":true}]}}