{"id":80679,"date":"2026-03-13T07:57:08","date_gmt":"2026-03-13T07:57:08","guid":{"rendered":"https:\/\/transportjournal.com\/2026\/03\/13\/efw-modernise-un-a330-pour-apal\/"},"modified":"2026-03-13T11:05:32","modified_gmt":"2026-03-13T10:05:32","slug":"efw-modernise-un-a330-pour-apal","status":"publish","type":"post","link":"https:\/\/transportjournal.com\/fr\/2026\/03\/13\/efw-modernise-un-a330-pour-apal\/","title":{"rendered":"EFW modernise un A330 pour APAL"},"content":{"rendered":"<p>Les Elbe Flugzeugwerke (EFW) ont sign\u00e9 un contrat avec le Asia Pacific Aviation Leasing Group (APAL) de Hong Kong pour convertir un Airbus A330-300 d&#8217;avion de passagers en avion de fret. La conversion de l&#8217;appareil aura lieu au deuxi\u00e8me trimestre 2026 dans l&#8217;un des sites de conversion du r\u00e9seau EFW. La planification technique ainsi que la certification du projet seront r\u00e9alis\u00e9es au si\u00e8ge social \u00e0 Dresde.<\/p>\n<h3>Collaboration pour la modernisation de la flotte<\/h3>\n<p>Hong Wei Zhao, PDG d&#8217;APAL, s&#8217;est exprim\u00e9 positivement sur la collaboration avec EFW et a soulign\u00e9 l&#8217;importance de l&#8217;expertise de l&#8217;entreprise dans la conversion d&#8217;avions de fret. Ce partenariat est crucial pour la modernisation de la flotte d&#8217;APAL et pour s&#8217;adapter aux exigences croissantes du march\u00e9 chinois du fret. Zhao a d\u00e9clar\u00e9 que l&#8217;entreprise pr\u00e9voit d&#8217;investir des ressources suppl\u00e9mentaires dans ce march\u00e9 afin d&#8217;offrir \u00e0 ses clients des solutions de fret innovantes.<\/p>\n<p>Jordi Boto, PDG d&#8217;EFW, a mis en avant le r\u00f4le de l&#8217;Airbus A330P2F dans le segment des avions de fret de taille moyenne et a soulign\u00e9 le soutien d&#8217;APAL dans le d\u00e9veloppement de leur flotte de fret avec cette solution.<\/p>\n<p>EFW, un coentreprise de ST Engineering et Airbus, est sp\u00e9cialis\u00e9e dans la conversion d&#8217;avions de passagers en avions de fret et poss\u00e8de plus de 20 ans d&#8217;exp\u00e9rience dans ce domaine. L&#8217;entreprise emploie environ 2 000 personnes et a plus de 40 clients de conversion dans le monde, y compris des transporteurs express majeurs ainsi que des entreprises de fret et de transport combin\u00e9.<\/p>\n<p>&nbsp;<\/p>\n<p><a href=\"http:\/\/www.apalg.com\/\" target=\"_blank\" rel=\"noopener noreferrer\">www.apalg.com<\/a><\/p>\n<p>&nbsp;<\/p>\n<p><a href=\"https:\/\/www.elbeflugzeugwerke.com\/\" target=\"_blank\" rel=\"noopener noreferrer\">www.elbeflugzeugwerke.com<\/a><\/p>\n<p>&nbsp;<\/p>\n","protected":false},"excerpt":{"rendered":"<p>Les Elbe Flugzeugwerke ont sign\u00e9 un contrat pour la conversion d&rsquo;un Airbus A330-300 avec le groupe Asia Pacific Aviation Leasing afin de desservir le march\u00e9 du fret.<\/p>\n","protected":false},"author":12,"featured_media":80677,"comment_status":"open","ping_status":"","sticky":false,"template":"","format":"standard","meta":{"_acf_changed":false,"footnotes":""},"categories":[1586,9092,1582,1587],"tags":[2252,26585,26586,26587,4373,3398,3402,9821,26588,26589,26590,26591,26592,16016,16017,26593,26594,26595,8938,2419,9827,2421,9831,3417,4286,7924,4289,26596,26597,26598,2277,2125,26599,26600,26601,4392,2634,26602,3427,6417,9575,26603,26604,8586,4304,26605,26606,26607,2448,2155,1837,26608,6423,26609],"class_list":["post-80679","post","type-post","status-publish","format-standard","has-post-thumbnail","hentry","category-asie-pacifique","category-deutschland","category-fret-aerien","category-leurope","tag-air-freight-industry","tag-airbus-a330p2f","tag-aircraft-modification-certification","tag-apal","tag-aviation-technology","tag-avion-cargo","tag-cargo-aircraft","tag-cargo-fleet","tag-certification-de-modification-davion","tag-chinese-cargo-market","tag-coentreprise-st-engineering","tag-conversion-passager-en-fret","tag-deutsch-airbus-a330","tag-dresde","tag-dresden","tag-efw","tag-efw-modification-sites","tag-efw-technical-planning","tag-fachkraeftemangel-luftfahrt","tag-fleet-modernization","tag-flotte-de-fret","tag-flottenmodernisierung","tag-frachtflotte","tag-frachtflugzeug","tag-frachtloesungen","tag-frachtmarkt-china","tag-freight-solutions","tag-hong-kong","tag-hong-kong-francais-airbus-a330","tag-hongkong-english-airbus-a330","tag-industrie-du-fret-aerien","tag-industrie-du-transport","tag-innovative-frachtloesungen","tag-innovative-freight-solutions","tag-joint-venture-st-engineering","tag-luftfahrttechnik","tag-luftfrachtindustrie","tag-marche-du-fret-chinois","tag-modernisation-de-flotte","tag-passenger-to-freighter-conversion","tag-penurie-de-main-doeuvre-aeronautique","tag-planification-technique-efw","tag-sites-de-modification-efw","tag-skilled-labor-shortage-aviation","tag-solutions-de-fret","tag-solutions-de-fret-innovantes","tag-st-engineering-joint-venture","tag-technische-planung-efw","tag-technologie-aeronautique","tag-transport-industry","tag-transportwirtschaft","tag-umrueststandorte-efw","tag-umruestung-passagierflugzeug","tag-zertifizierung-flugzeugumbau"],"acf":[],"yoast_head":"<!-- This site is optimized with the Yoast SEO plugin v27.3 - https:\/\/yoast.com\/product\/yoast-seo-wordpress\/ -->\n<title>EFW modernise un A330 pour APAL - ITJ | International Transport Journal<\/title>\n<meta name=\"robots\" content=\"index, follow, max-snippet:-1, max-image-preview:large, max-video-preview:-1\" \/>\n<link rel=\"canonical\" href=\"https:\/\/transportjournal.com\/fr\/2026\/03\/13\/efw-modernise-un-a330-pour-apal\/\" \/>\n<meta property=\"og:locale\" content=\"fr_FR\" \/>\n<meta property=\"og:type\" content=\"article\" \/>\n<meta property=\"og:title\" content=\"EFW modernise un A330 pour APAL - ITJ | International Transport Journal\" \/>\n<meta property=\"og:description\" content=\"Les Elbe Flugzeugwerke ont sign\u00e9 un contrat pour la conversion d&#039;un Airbus A330-300 avec le groupe Asia Pacific Aviation Leasing afin de desservir le march\u00e9 du fret.\" \/>\n<meta property=\"og:url\" content=\"https:\/\/transportjournal.com\/fr\/2026\/03\/13\/efw-modernise-un-a330-pour-apal\/\" \/>\n<meta property=\"og:site_name\" content=\"ITJ | International Transport Journal\" \/>\n<meta property=\"article:published_time\" content=\"2026-03-13T07:57:08+00:00\" \/>\n<meta property=\"article:modified_time\" content=\"2026-03-13T10:05:32+00:00\" \/>\n<meta property=\"og:image\" content=\"https:\/\/transportjournal.com\/wp-content\/uploads\/sites\/2\/2026\/03\/APAL-banner1-aspect-ratio-1400-788.jpg\" \/>\n\t<meta property=\"og:image:width\" content=\"959\" \/>\n\t<meta property=\"og:image:height\" content=\"540\" \/>\n\t<meta property=\"og:image:type\" content=\"image\/jpeg\" \/>\n<meta name=\"author\" content=\"Andreas Haug\" \/>\n<meta name=\"twitter:card\" content=\"summary_large_image\" \/>\n<meta name=\"twitter:label1\" content=\"\u00c9crit par\" \/>\n\t<meta name=\"twitter:data1\" content=\"Andreas Haug\" \/>\n\t<meta name=\"twitter:label2\" content=\"Dur\u00e9e de lecture estim\u00e9e\" \/>\n\t<meta name=\"twitter:data2\" content=\"1 minute\" \/>\n<script type=\"application\/ld+json\" class=\"yoast-schema-graph\">{\"@context\":\"https:\\\/\\\/schema.org\",\"@graph\":[{\"@type\":\"Article\",\"@id\":\"https:\\\/\\\/transportjournal.com\\\/fr\\\/2026\\\/03\\\/13\\\/efw-modernise-un-a330-pour-apal\\\/#article\",\"isPartOf\":{\"@id\":\"https:\\\/\\\/transportjournal.com\\\/fr\\\/2026\\\/03\\\/13\\\/efw-modernise-un-a330-pour-apal\\\/\"},\"author\":{\"name\":\"Andreas Haug\",\"@id\":\"https:\\\/\\\/transportjournal.com\\\/fr\\\/#\\\/schema\\\/person\\\/cf538b3157f15afd7589245a4b3dbd25\"},\"headline\":\"EFW modernise un A330 pour APAL\",\"datePublished\":\"2026-03-13T07:57:08+00:00\",\"dateModified\":\"2026-03-13T10:05:32+00:00\",\"mainEntityOfPage\":{\"@id\":\"https:\\\/\\\/transportjournal.com\\\/fr\\\/2026\\\/03\\\/13\\\/efw-modernise-un-a330-pour-apal\\\/\"},\"wordCount\":293,\"commentCount\":0,\"publisher\":{\"@id\":\"https:\\\/\\\/transportjournal.com\\\/fr\\\/#organization\"},\"image\":{\"@id\":\"https:\\\/\\\/transportjournal.com\\\/fr\\\/2026\\\/03\\\/13\\\/efw-modernise-un-a330-pour-apal\\\/#primaryimage\"},\"thumbnailUrl\":\"https:\\\/\\\/transportjournal.com\\\/wp-content\\\/uploads\\\/sites\\\/2\\\/2026\\\/03\\\/APAL-banner1-aspect-ratio-1400-788.jpg\",\"keywords\":[\"air freight industry\",\"Airbus A330P2F\",\"aircraft modification certification\",\"APAL\",\"aviation technology\",\"avion cargo\",\"cargo aircraft\",\"cargo fleet\",\"certification de modification d'avion\",\"Chinese cargo market\",\"coentreprise ST Engineering\",\"conversion passager en fret\",\"Deutsch Airbus A330\",\"Dresde\",\"Dresden\",\"EFW\",\"EFW modification sites\",\"EFW technical planning\",\"Fachkr\u00e4ftemangel Luftfahrt\",\"fleet modernization\",\"flotte de fret\",\"Flottenmodernisierung\",\"Frachtflotte\",\"Frachtflugzeug\",\"Frachtl\u00f6sungen\",\"Frachtmarkt China\",\"freight solutions\",\"Hong Kong\",\"Hong Kong Fran\u00e7ais Airbus A330\",\"Hongkong English Airbus A330\",\"industrie du fret a\u00e9rien\",\"industrie du transport\",\"innovative Frachtl\u00f6sungen\",\"innovative freight solutions\",\"Joint Venture ST Engineering\",\"Luftfahrttechnik\",\"Luftfrachtindustrie\",\"march\u00e9 du fret chinois\",\"modernisation de flotte\",\"passenger-to-freighter conversion\",\"p\u00e9nurie de main-d'\u0153uvre a\u00e9ronautique\",\"planification technique EFW\",\"sites de modification EFW\",\"skilled labor shortage aviation\",\"solutions de fret\",\"solutions de fret innovantes\",\"ST Engineering joint venture\",\"technische Planung EFW\",\"technologie a\u00e9ronautique\",\"transport industry\",\"Transportwirtschaft\",\"Umr\u00fcststandorte EFW\",\"Umr\u00fcstung Passagierflugzeug\",\"Zertifizierung Flugzeugumbau\"],\"articleSection\":[\"Asie\\\/Pacifique\",\"Deutschland\",\"Fret a\u00e9rien\",\"L'Europe\"],\"inLanguage\":\"fr-FR\",\"potentialAction\":[{\"@type\":\"CommentAction\",\"name\":\"Comment\",\"target\":[\"https:\\\/\\\/transportjournal.com\\\/fr\\\/2026\\\/03\\\/13\\\/efw-modernise-un-a330-pour-apal\\\/#respond\"]}]},{\"@type\":\"WebPage\",\"@id\":\"https:\\\/\\\/transportjournal.com\\\/fr\\\/2026\\\/03\\\/13\\\/efw-modernise-un-a330-pour-apal\\\/\",\"url\":\"https:\\\/\\\/transportjournal.com\\\/fr\\\/2026\\\/03\\\/13\\\/efw-modernise-un-a330-pour-apal\\\/\",\"name\":\"EFW modernise un A330 pour APAL - ITJ | International Transport Journal\",\"isPartOf\":{\"@id\":\"https:\\\/\\\/transportjournal.com\\\/fr\\\/#website\"},\"primaryImageOfPage\":{\"@id\":\"https:\\\/\\\/transportjournal.com\\\/fr\\\/2026\\\/03\\\/13\\\/efw-modernise-un-a330-pour-apal\\\/#primaryimage\"},\"image\":{\"@id\":\"https:\\\/\\\/transportjournal.com\\\/fr\\\/2026\\\/03\\\/13\\\/efw-modernise-un-a330-pour-apal\\\/#primaryimage\"},\"thumbnailUrl\":\"https:\\\/\\\/transportjournal.com\\\/wp-content\\\/uploads\\\/sites\\\/2\\\/2026\\\/03\\\/APAL-banner1-aspect-ratio-1400-788.jpg\",\"datePublished\":\"2026-03-13T07:57:08+00:00\",\"dateModified\":\"2026-03-13T10:05:32+00:00\",\"breadcrumb\":{\"@id\":\"https:\\\/\\\/transportjournal.com\\\/fr\\\/2026\\\/03\\\/13\\\/efw-modernise-un-a330-pour-apal\\\/#breadcrumb\"},\"inLanguage\":\"fr-FR\",\"potentialAction\":[{\"@type\":\"ReadAction\",\"target\":[\"https:\\\/\\\/transportjournal.com\\\/fr\\\/2026\\\/03\\\/13\\\/efw-modernise-un-a330-pour-apal\\\/\"]}]},{\"@type\":\"ImageObject\",\"inLanguage\":\"fr-FR\",\"@id\":\"https:\\\/\\\/transportjournal.com\\\/fr\\\/2026\\\/03\\\/13\\\/efw-modernise-un-a330-pour-apal\\\/#primaryimage\",\"url\":\"https:\\\/\\\/transportjournal.com\\\/wp-content\\\/uploads\\\/sites\\\/2\\\/2026\\\/03\\\/APAL-banner1-aspect-ratio-1400-788.jpg\",\"contentUrl\":\"https:\\\/\\\/transportjournal.com\\\/wp-content\\\/uploads\\\/sites\\\/2\\\/2026\\\/03\\\/APAL-banner1-aspect-ratio-1400-788.jpg\",\"width\":959,\"height\":540},{\"@type\":\"BreadcrumbList\",\"@id\":\"https:\\\/\\\/transportjournal.com\\\/fr\\\/2026\\\/03\\\/13\\\/efw-modernise-un-a330-pour-apal\\\/#breadcrumb\",\"itemListElement\":[{\"@type\":\"ListItem\",\"position\":1,\"name\":\"Startseite\",\"item\":\"https:\\\/\\\/transportjournal.com\\\/fr\\\/\"},{\"@type\":\"ListItem\",\"position\":2,\"name\":\"EFW modernise un A330 pour APAL\"}]},{\"@type\":\"WebSite\",\"@id\":\"https:\\\/\\\/transportjournal.com\\\/fr\\\/#website\",\"url\":\"https:\\\/\\\/transportjournal.com\\\/fr\\\/\",\"name\":\"ITJ | International Transport Journal\",\"description\":\"Restez inform\u00e9 des derni\u00e8res nouvelles mondiales dans les secteurs du transport, de la logistique et de la cha\u00eene d'approvisionnement. Transport Journal fournit des informations d'experts, des analyses et des mises \u00e0 jour sur le transport maritime, l'aviation, l'intermodalit\u00e9 et l'exp\u00e9dition. \",\"publisher\":{\"@id\":\"https:\\\/\\\/transportjournal.com\\\/fr\\\/#organization\"},\"potentialAction\":[{\"@type\":\"SearchAction\",\"target\":{\"@type\":\"EntryPoint\",\"urlTemplate\":\"https:\\\/\\\/transportjournal.com\\\/fr\\\/?s={search_term_string}\"},\"query-input\":{\"@type\":\"PropertyValueSpecification\",\"valueRequired\":true,\"valueName\":\"search_term_string\"}}],\"inLanguage\":\"fr-FR\"},{\"@type\":\"Organization\",\"@id\":\"https:\\\/\\\/transportjournal.com\\\/fr\\\/#organization\",\"name\":\"Groupe Logismedia AG\",\"alternateName\":\"Logismedia Group AG\",\"url\":\"https:\\\/\\\/transportjournal.com\\\/fr\\\/\",\"logo\":{\"@type\":\"ImageObject\",\"inLanguage\":\"fr-FR\",\"@id\":\"https:\\\/\\\/transportjournal.com\\\/fr\\\/#\\\/schema\\\/logo\\\/image\\\/\",\"url\":\"https:\\\/\\\/transportjournal.com\\\/wp-content\\\/uploads\\\/sites\\\/2\\\/2025\\\/09\\\/Logo_ITJ.png\",\"contentUrl\":\"https:\\\/\\\/transportjournal.com\\\/wp-content\\\/uploads\\\/sites\\\/2\\\/2025\\\/09\\\/Logo_ITJ.png\",\"width\":799,\"height\":326,\"caption\":\"Groupe Logismedia AG\"},\"image\":{\"@id\":\"https:\\\/\\\/transportjournal.com\\\/fr\\\/#\\\/schema\\\/logo\\\/image\\\/\"},\"sameAs\":[\"https:\\\/\\\/www.linkedin.com\\\/company\\\/56456496\\\/admin\\\/dashboard\\\/\",\"https:\\\/\\\/www.instagram.com\\\/logismediagroup\\\/\",\"https:\\\/\\\/www.youtube.com\\\/@LogiamediaGroupAG\"]},{\"@type\":\"Person\",\"@id\":\"https:\\\/\\\/transportjournal.com\\\/fr\\\/#\\\/schema\\\/person\\\/cf538b3157f15afd7589245a4b3dbd25\",\"name\":\"Andreas Haug\",\"url\":\"https:\\\/\\\/transportjournal.com\\\/fr\\\/author\\\/andreas\\\/\"}]}<\/script>\n<!-- \/ Yoast SEO plugin. -->","yoast_head_json":{"title":"EFW modernise un A330 pour APAL - ITJ | International Transport Journal","robots":{"index":"index","follow":"follow","max-snippet":"max-snippet:-1","max-image-preview":"max-image-preview:large","max-video-preview":"max-video-preview:-1"},"canonical":"https:\/\/transportjournal.com\/fr\/2026\/03\/13\/efw-modernise-un-a330-pour-apal\/","og_locale":"fr_FR","og_type":"article","og_title":"EFW modernise un A330 pour APAL - ITJ | International Transport Journal","og_description":"Les Elbe Flugzeugwerke ont sign\u00e9 un contrat pour la conversion d'un Airbus A330-300 avec le groupe Asia Pacific Aviation Leasing afin de desservir le march\u00e9 du fret.","og_url":"https:\/\/transportjournal.com\/fr\/2026\/03\/13\/efw-modernise-un-a330-pour-apal\/","og_site_name":"ITJ | International Transport Journal","article_published_time":"2026-03-13T07:57:08+00:00","article_modified_time":"2026-03-13T10:05:32+00:00","og_image":[{"width":959,"height":540,"url":"https:\/\/transportjournal.com\/wp-content\/uploads\/sites\/2\/2026\/03\/APAL-banner1-aspect-ratio-1400-788.jpg","type":"image\/jpeg"}],"author":"Andreas Haug","twitter_card":"summary_large_image","twitter_misc":{"\u00c9crit par":"Andreas Haug","Dur\u00e9e de lecture estim\u00e9e":"1 minute"},"schema":{"@context":"https:\/\/schema.org","@graph":[{"@type":"Article","@id":"https:\/\/transportjournal.com\/fr\/2026\/03\/13\/efw-modernise-un-a330-pour-apal\/#article","isPartOf":{"@id":"https:\/\/transportjournal.com\/fr\/2026\/03\/13\/efw-modernise-un-a330-pour-apal\/"},"author":{"name":"Andreas Haug","@id":"https:\/\/transportjournal.com\/fr\/#\/schema\/person\/cf538b3157f15afd7589245a4b3dbd25"},"headline":"EFW modernise un A330 pour APAL","datePublished":"2026-03-13T07:57:08+00:00","dateModified":"2026-03-13T10:05:32+00:00","mainEntityOfPage":{"@id":"https:\/\/transportjournal.com\/fr\/2026\/03\/13\/efw-modernise-un-a330-pour-apal\/"},"wordCount":293,"commentCount":0,"publisher":{"@id":"https:\/\/transportjournal.com\/fr\/#organization"},"image":{"@id":"https:\/\/transportjournal.com\/fr\/2026\/03\/13\/efw-modernise-un-a330-pour-apal\/#primaryimage"},"thumbnailUrl":"https:\/\/transportjournal.com\/wp-content\/uploads\/sites\/2\/2026\/03\/APAL-banner1-aspect-ratio-1400-788.jpg","keywords":["air freight industry","Airbus A330P2F","aircraft modification certification","APAL","aviation technology","avion cargo","cargo aircraft","cargo fleet","certification de modification d'avion","Chinese cargo market","coentreprise ST Engineering","conversion passager en fret","Deutsch Airbus A330","Dresde","Dresden","EFW","EFW modification sites","EFW technical planning","Fachkr\u00e4ftemangel Luftfahrt","fleet modernization","flotte de fret","Flottenmodernisierung","Frachtflotte","Frachtflugzeug","Frachtl\u00f6sungen","Frachtmarkt China","freight solutions","Hong Kong","Hong Kong Fran\u00e7ais Airbus A330","Hongkong English Airbus A330","industrie du fret a\u00e9rien","industrie du transport","innovative Frachtl\u00f6sungen","innovative freight solutions","Joint Venture ST Engineering","Luftfahrttechnik","Luftfrachtindustrie","march\u00e9 du fret chinois","modernisation de flotte","passenger-to-freighter conversion","p\u00e9nurie de main-d'\u0153uvre a\u00e9ronautique","planification technique EFW","sites de modification EFW","skilled labor shortage aviation","solutions de fret","solutions de fret innovantes","ST Engineering joint venture","technische Planung EFW","technologie a\u00e9ronautique","transport industry","Transportwirtschaft","Umr\u00fcststandorte EFW","Umr\u00fcstung Passagierflugzeug","Zertifizierung Flugzeugumbau"],"articleSection":["Asie\/Pacifique","Deutschland","Fret a\u00e9rien","L'Europe"],"inLanguage":"fr-FR","potentialAction":[{"@type":"CommentAction","name":"Comment","target":["https:\/\/transportjournal.com\/fr\/2026\/03\/13\/efw-modernise-un-a330-pour-apal\/#respond"]}]},{"@type":"WebPage","@id":"https:\/\/transportjournal.com\/fr\/2026\/03\/13\/efw-modernise-un-a330-pour-apal\/","url":"https:\/\/transportjournal.com\/fr\/2026\/03\/13\/efw-modernise-un-a330-pour-apal\/","name":"EFW modernise un A330 pour APAL - ITJ | International Transport Journal","isPartOf":{"@id":"https:\/\/transportjournal.com\/fr\/#website"},"primaryImageOfPage":{"@id":"https:\/\/transportjournal.com\/fr\/2026\/03\/13\/efw-modernise-un-a330-pour-apal\/#primaryimage"},"image":{"@id":"https:\/\/transportjournal.com\/fr\/2026\/03\/13\/efw-modernise-un-a330-pour-apal\/#primaryimage"},"thumbnailUrl":"https:\/\/transportjournal.com\/wp-content\/uploads\/sites\/2\/2026\/03\/APAL-banner1-aspect-ratio-1400-788.jpg","datePublished":"2026-03-13T07:57:08+00:00","dateModified":"2026-03-13T10:05:32+00:00","breadcrumb":{"@id":"https:\/\/transportjournal.com\/fr\/2026\/03\/13\/efw-modernise-un-a330-pour-apal\/#breadcrumb"},"inLanguage":"fr-FR","potentialAction":[{"@type":"ReadAction","target":["https:\/\/transportjournal.com\/fr\/2026\/03\/13\/efw-modernise-un-a330-pour-apal\/"]}]},{"@type":"ImageObject","inLanguage":"fr-FR","@id":"https:\/\/transportjournal.com\/fr\/2026\/03\/13\/efw-modernise-un-a330-pour-apal\/#primaryimage","url":"https:\/\/transportjournal.com\/wp-content\/uploads\/sites\/2\/2026\/03\/APAL-banner1-aspect-ratio-1400-788.jpg","contentUrl":"https:\/\/transportjournal.com\/wp-content\/uploads\/sites\/2\/2026\/03\/APAL-banner1-aspect-ratio-1400-788.jpg","width":959,"height":540},{"@type":"BreadcrumbList","@id":"https:\/\/transportjournal.com\/fr\/2026\/03\/13\/efw-modernise-un-a330-pour-apal\/#breadcrumb","itemListElement":[{"@type":"ListItem","position":1,"name":"Startseite","item":"https:\/\/transportjournal.com\/fr\/"},{"@type":"ListItem","position":2,"name":"EFW modernise un A330 pour APAL"}]},{"@type":"WebSite","@id":"https:\/\/transportjournal.com\/fr\/#website","url":"https:\/\/transportjournal.com\/fr\/","name":"ITJ | International Transport Journal","description":"Restez inform\u00e9 des derni\u00e8res nouvelles mondiales dans les secteurs du transport, de la logistique et de la cha\u00eene d'approvisionnement. Transport Journal fournit des informations d'experts, des analyses et des mises \u00e0 jour sur le transport maritime, l'aviation, l'intermodalit\u00e9 et l'exp\u00e9dition. ","publisher":{"@id":"https:\/\/transportjournal.com\/fr\/#organization"},"potentialAction":[{"@type":"SearchAction","target":{"@type":"EntryPoint","urlTemplate":"https:\/\/transportjournal.com\/fr\/?s={search_term_string}"},"query-input":{"@type":"PropertyValueSpecification","valueRequired":true,"valueName":"search_term_string"}}],"inLanguage":"fr-FR"},{"@type":"Organization","@id":"https:\/\/transportjournal.com\/fr\/#organization","name":"Groupe Logismedia AG","alternateName":"Logismedia Group AG","url":"https:\/\/transportjournal.com\/fr\/","logo":{"@type":"ImageObject","inLanguage":"fr-FR","@id":"https:\/\/transportjournal.com\/fr\/#\/schema\/logo\/image\/","url":"https:\/\/transportjournal.com\/wp-content\/uploads\/sites\/2\/2025\/09\/Logo_ITJ.png","contentUrl":"https:\/\/transportjournal.com\/wp-content\/uploads\/sites\/2\/2025\/09\/Logo_ITJ.png","width":799,"height":326,"caption":"Groupe Logismedia AG"},"image":{"@id":"https:\/\/transportjournal.com\/fr\/#\/schema\/logo\/image\/"},"sameAs":["https:\/\/www.linkedin.com\/company\/56456496\/admin\/dashboard\/","https:\/\/www.instagram.com\/logismediagroup\/","https:\/\/www.youtube.com\/@LogiamediaGroupAG"]},{"@type":"Person","@id":"https:\/\/transportjournal.com\/fr\/#\/schema\/person\/cf538b3157f15afd7589245a4b3dbd25","name":"Andreas Haug","url":"https:\/\/transportjournal.com\/fr\/author\/andreas\/"}]}},"_links":{"self":[{"href":"https:\/\/transportjournal.com\/fr\/wp-json\/wp\/v2\/posts\/80679","targetHints":{"allow":["GET"]}}],"collection":[{"href":"https:\/\/transportjournal.com\/fr\/wp-json\/wp\/v2\/posts"}],"about":[{"href":"https:\/\/transportjournal.com\/fr\/wp-json\/wp\/v2\/types\/post"}],"author":[{"embeddable":true,"href":"https:\/\/transportjournal.com\/fr\/wp-json\/wp\/v2\/users\/12"}],"replies":[{"embeddable":true,"href":"https:\/\/transportjournal.com\/fr\/wp-json\/wp\/v2\/comments?post=80679"}],"version-history":[{"count":1,"href":"https:\/\/transportjournal.com\/fr\/wp-json\/wp\/v2\/posts\/80679\/revisions"}],"predecessor-version":[{"id":80718,"href":"https:\/\/transportjournal.com\/fr\/wp-json\/wp\/v2\/posts\/80679\/revisions\/80718"}],"wp:featuredmedia":[{"embeddable":true,"href":"https:\/\/transportjournal.com\/fr\/wp-json\/wp\/v2\/media\/80677"}],"wp:attachment":[{"href":"https:\/\/transportjournal.com\/fr\/wp-json\/wp\/v2\/media?parent=80679"}],"wp:term":[{"taxonomy":"category","embeddable":true,"href":"https:\/\/transportjournal.com\/fr\/wp-json\/wp\/v2\/categories?post=80679"},{"taxonomy":"post_tag","embeddable":true,"href":"https:\/\/transportjournal.com\/fr\/wp-json\/wp\/v2\/tags?post=80679"}],"curies":[{"name":"wp","href":"https:\/\/api.w.org\/{rel}","templated":true}]}}