{"id":80663,"date":"2026-03-12T15:03:00","date_gmt":"2026-03-12T15:03:00","guid":{"rendered":"https:\/\/transportjournal.com\/2026\/03\/12\/transnatur-change-de-partenaire-dans-la-region-de-stuttgart\/"},"modified":"2026-03-12T15:03:00","modified_gmt":"2026-03-12T15:03:00","slug":"transnatur-change-de-partenaire-dans-la-region-de-stuttgart","status":"publish","type":"post","link":"https:\/\/transportjournal.com\/fr\/2026\/03\/12\/transnatur-change-de-partenaire-dans-la-region-de-stuttgart\/","title":{"rendered":"Transnatur change de partenaire dans la r\u00e9gion de Stuttgart"},"content":{"rendered":"<p>La Transnatur Group a r\u00e9cemment \u00e9tabli une nouvelle collaboration avec la soci\u00e9t\u00e9 de transport et de logistique L. Wackler Wwe. Nachf. GmbH. La coop\u00e9ration couvre la r\u00e9gion de Stuttgart, dans l&#8217;ouest de l&#8217;Allemagne.<\/p>\n<p>Wackler a \u00e9t\u00e9 fond\u00e9e il y a plus de 100 ans et est aujourd&#8217;hui dirig\u00e9e par la famille d&#8217;entrepreneurs en cinqui\u00e8me g\u00e9n\u00e9ration. Le si\u00e8ge de l&#8217;entreprise est situ\u00e9 \u00e0 G\u00f6ppingen, \u00e0 environ 50 km de Stuttgart. Wackler dispose d&#8217;environ 100 000 m<sup>2<\/sup> d&#8217;espace de stockage et emploie 270 collaborateurs.<\/p>\n<p>Avec cette nouvelle collaboration, la Transnatur Group souhaite s\u00e9curiser et d\u00e9velopper ses transports existants dans cette r\u00e9gion fortement industrialis\u00e9e et \u00e9conomiquement dynamique. La r\u00e9gion de Stuttgart est un site important de l&#8217;industrie automobile et technologique europ\u00e9enne. De nombreuses entreprises des secteurs automobile et informatique y sont implant\u00e9es, ce qui rend une structure logistique performante particuli\u00e8rement significative.<\/p>\n<p>Le service quotidien d&#8217;exportation et d&#8217;importation doit \u00eatre maintenu avec des temps de transit optimaux. La Transnatur Group est convaincue que cette collaboration permettra aux deux entreprises de garantir un haut niveau de service tout en ouvrant de nouvelles opportunit\u00e9s commerciales dans la r\u00e9gion.<\/p>\n<p><a href=\"http:\/\/www.transnatur.com\" target=\"_blank\" rel=\"noopener noreferrer\">www.transnatur.com<\/a><\/p>\n<p><a href=\"https:\/\/www.wackler.de\" target=\"_blank\" rel=\"noopener noreferrer\">www.wackler.de<\/a><\/p>\n","protected":false},"excerpt":{"rendered":"<p>Le groupe Transnatur a lanc\u00e9 une coop\u00e9ration avec la L. Wackler Wwe. Nachf. GmbH pour optimiser et d\u00e9velopper les services logistiques dans la r\u00e9gion de Stuttgart.<\/p>\n","protected":false},"author":14,"featured_media":80661,"comment_status":"open","ping_status":"","sticky":false,"template":"","format":"standard","meta":{"_acf_changed":false,"footnotes":""},"categories":[1581,1580,1587],"tags":[26511,26512,5246,26513,3353,3354,26514,26515,26516,26517,2122,26518,2123,26519,26520,3328,3994,26521,26522,26523,5256,4000,2821,26524,26525,1831,26526,3336,26527,3379,3339,3340,2479,26528,26529,26530,26531,26532,13807,26533,2339,26534,2106,26535,26536,26537,26538,26539,26540,26541,26542,26543,26544],"class_list":["post-80663","post","type-post","status-publish","format-standard","has-post-thumbnail","hentry","category-expedition-et-logistique","category-intermodal-route","category-leurope","tag-automobilindustrie-stuttgart","tag-automotive-industry-stuttgart","tag-cooperation-logistique","tag-deutsch-transnatur","tag-digitalisierung-logistik","tag-digitalization-logistics","tag-dynamique-economique-stuttgart","tag-economic-dynamics-stuttgart","tag-entreprises-de-logistique-allemagne","tag-espace-dentreposage-goeppingen","tag-fachkraeftemangel-logistik","tag-fournisseurs-de-logistique","tag-gestion-de-la-chaine-dapprovisionnement","tag-import-export-stuttgart","tag-industrie-automobile-stuttgart","tag-infrastructure-logistique","tag-infrastruktur-logistik","tag-kooperation-logistik","tag-lagerflaeche-goeppingen","tag-logistics-companies-germany","tag-logistics-cooperation","tag-logistics-infrastructure","tag-logistics-providers","tag-logistics-stuttgart","tag-logistik-stuttgart","tag-logistikdienstleister","tag-logistikunternehmen-deutschland","tag-logistique-de-colis-allemagne","tag-logistique-stuttgart","tag-numerisation-logistique","tag-paketlogistik-deutschland","tag-parcel-logistics-germany","tag-penurie-de-competences-logistique","tag-prestataires-de-services-de-transport-stuttgart","tag-rail-freight-stuttgart","tag-regional-logistics-solutions","tag-regionale-logistikloesungen","tag-schienengueterverkehr-stuttgart","tag-secteur-du-transport-allemagne","tag-secteur-technologique-stuttgart","tag-skills-shortage-logistics","tag-solutions-logistiques-regionales","tag-supply-chain-management","tag-technologiebranche-stuttgart","tag-technology-sector-stuttgart","tag-transport-ferroviaire-stuttgart","tag-transport-industry-germany-francais-transnatur","tag-transport-service-providers-stuttgart","tag-transportdienstleister-stuttgart","tag-transportwirtschaft-deutschland-english-transnatur","tag-wackler","tag-warehouse-space-goeppingen","tag-wirtschaftliche-dynamik-stuttgart"],"acf":[],"yoast_head":"<!-- This site is optimized with the Yoast SEO plugin v27.3 - https:\/\/yoast.com\/product\/yoast-seo-wordpress\/ -->\n<title>Transnatur change de partenaire dans la r\u00e9gion de Stuttgart - ITJ | International Transport Journal<\/title>\n<meta name=\"robots\" content=\"index, follow, max-snippet:-1, max-image-preview:large, max-video-preview:-1\" \/>\n<link rel=\"canonical\" href=\"https:\/\/transportjournal.com\/fr\/2026\/03\/12\/transnatur-change-de-partenaire-dans-la-region-de-stuttgart\/\" \/>\n<meta property=\"og:locale\" content=\"fr_FR\" \/>\n<meta property=\"og:type\" content=\"article\" \/>\n<meta property=\"og:title\" content=\"Transnatur change de partenaire dans la r\u00e9gion de Stuttgart - ITJ | International Transport Journal\" \/>\n<meta property=\"og:description\" content=\"Le groupe Transnatur a lanc\u00e9 une coop\u00e9ration avec la L. Wackler Wwe. Nachf. GmbH pour optimiser et d\u00e9velopper les services logistiques dans la r\u00e9gion de Stuttgart.\" \/>\n<meta property=\"og:url\" content=\"https:\/\/transportjournal.com\/fr\/2026\/03\/12\/transnatur-change-de-partenaire-dans-la-region-de-stuttgart\/\" \/>\n<meta property=\"og:site_name\" content=\"ITJ | International Transport Journal\" \/>\n<meta property=\"article:published_time\" content=\"2026-03-12T15:03:00+00:00\" \/>\n<meta property=\"og:image\" content=\"https:\/\/transportjournal.com\/wp-content\/uploads\/sites\/2\/2026\/03\/transnatur-expertos-aduanas-1024x576-1.jpeg\" \/>\n\t<meta property=\"og:image:width\" content=\"1024\" \/>\n\t<meta property=\"og:image:height\" content=\"576\" \/>\n\t<meta property=\"og:image:type\" content=\"image\/jpeg\" \/>\n<meta name=\"author\" content=\"Gyan Sharan\" \/>\n<meta name=\"twitter:card\" content=\"summary_large_image\" \/>\n<meta name=\"twitter:label1\" content=\"\u00c9crit par\" \/>\n\t<meta name=\"twitter:data1\" content=\"Gyan Sharan\" \/>\n\t<meta name=\"twitter:label2\" content=\"Dur\u00e9e de lecture estim\u00e9e\" \/>\n\t<meta name=\"twitter:data2\" content=\"1 minute\" \/>\n<script type=\"application\/ld+json\" class=\"yoast-schema-graph\">{\"@context\":\"https:\\\/\\\/schema.org\",\"@graph\":[{\"@type\":\"Article\",\"@id\":\"https:\\\/\\\/transportjournal.com\\\/fr\\\/2026\\\/03\\\/12\\\/transnatur-change-de-partenaire-dans-la-region-de-stuttgart\\\/#article\",\"isPartOf\":{\"@id\":\"https:\\\/\\\/transportjournal.com\\\/fr\\\/2026\\\/03\\\/12\\\/transnatur-change-de-partenaire-dans-la-region-de-stuttgart\\\/\"},\"author\":{\"name\":\"Gyan Sharan\",\"@id\":\"https:\\\/\\\/transportjournal.com\\\/fr\\\/#\\\/schema\\\/person\\\/13a9fc605c753db60ef7750a229cd042\"},\"headline\":\"Transnatur change de partenaire dans la r\u00e9gion de Stuttgart\",\"datePublished\":\"2026-03-12T15:03:00+00:00\",\"mainEntityOfPage\":{\"@id\":\"https:\\\/\\\/transportjournal.com\\\/fr\\\/2026\\\/03\\\/12\\\/transnatur-change-de-partenaire-dans-la-region-de-stuttgart\\\/\"},\"wordCount\":222,\"commentCount\":0,\"publisher\":{\"@id\":\"https:\\\/\\\/transportjournal.com\\\/fr\\\/#organization\"},\"image\":{\"@id\":\"https:\\\/\\\/transportjournal.com\\\/fr\\\/2026\\\/03\\\/12\\\/transnatur-change-de-partenaire-dans-la-region-de-stuttgart\\\/#primaryimage\"},\"thumbnailUrl\":\"https:\\\/\\\/transportjournal.com\\\/wp-content\\\/uploads\\\/sites\\\/2\\\/2026\\\/03\\\/transnatur-expertos-aduanas-1024x576-1.jpeg\",\"keywords\":[\"Automobilindustrie Stuttgart\",\"automotive industry Stuttgart\",\"coop\u00e9ration logistique\",\"Deutsch Transnatur\",\"Digitalisierung Logistik\",\"digitalization logistics\",\"dynamique \u00e9conomique Stuttgart\",\"economic dynamics Stuttgart\",\"entreprises de logistique Allemagne\",\"espace d'entreposage G\u00f6ppingen\",\"Fachkr\u00e4ftemangel Logistik\",\"fournisseurs de logistique\",\"gestion de la cha\u00eene d'approvisionnement\",\"Import Export Stuttgart\",\"industrie automobile Stuttgart\",\"infrastructure logistique\",\"Infrastruktur Logistik\",\"Kooperation Logistik\",\"Lagerfl\u00e4che G\u00f6ppingen\",\"logistics companies Germany\",\"logistics cooperation\",\"logistics infrastructure\",\"logistics providers\",\"logistics Stuttgart\",\"Logistik Stuttgart\",\"Logistikdienstleister\",\"Logistikunternehmen Deutschland\",\"logistique de colis Allemagne\",\"logistique Stuttgart\",\"num\u00e9risation logistique\",\"Paketlogistik Deutschland\",\"parcel logistics Germany\",\"p\u00e9nurie de comp\u00e9tences logistique\",\"prestataires de services de transport Stuttgart\",\"rail freight Stuttgart\",\"regional logistics solutions\",\"regionale Logistikl\u00f6sungen\",\"Schieneng\u00fcterverkehr Stuttgart\",\"secteur du transport Allemagne\",\"secteur technologique Stuttgart\",\"skills shortage logistics\",\"solutions logistiques r\u00e9gionales\",\"Supply Chain Management\",\"Technologiebranche Stuttgart\",\"technology sector Stuttgart\",\"transport ferroviaire Stuttgart\",\"transport industry Germany Fran\u00e7ais Transnatur\",\"transport service providers Stuttgart\",\"Transportdienstleister Stuttgart\",\"Transportwirtschaft Deutschland English Transnatur\",\"Wackler\",\"warehouse space G\u00f6ppingen\",\"wirtschaftliche Dynamik Stuttgart\"],\"articleSection\":[\"Exp\u00e9dition de fret et logistique\",\"Intermodal \\\/ Route\",\"L'Europe\"],\"inLanguage\":\"fr-FR\",\"potentialAction\":[{\"@type\":\"CommentAction\",\"name\":\"Comment\",\"target\":[\"https:\\\/\\\/transportjournal.com\\\/fr\\\/2026\\\/03\\\/12\\\/transnatur-change-de-partenaire-dans-la-region-de-stuttgart\\\/#respond\"]}]},{\"@type\":\"WebPage\",\"@id\":\"https:\\\/\\\/transportjournal.com\\\/fr\\\/2026\\\/03\\\/12\\\/transnatur-change-de-partenaire-dans-la-region-de-stuttgart\\\/\",\"url\":\"https:\\\/\\\/transportjournal.com\\\/fr\\\/2026\\\/03\\\/12\\\/transnatur-change-de-partenaire-dans-la-region-de-stuttgart\\\/\",\"name\":\"Transnatur change de partenaire dans la r\u00e9gion de Stuttgart - ITJ | International Transport Journal\",\"isPartOf\":{\"@id\":\"https:\\\/\\\/transportjournal.com\\\/fr\\\/#website\"},\"primaryImageOfPage\":{\"@id\":\"https:\\\/\\\/transportjournal.com\\\/fr\\\/2026\\\/03\\\/12\\\/transnatur-change-de-partenaire-dans-la-region-de-stuttgart\\\/#primaryimage\"},\"image\":{\"@id\":\"https:\\\/\\\/transportjournal.com\\\/fr\\\/2026\\\/03\\\/12\\\/transnatur-change-de-partenaire-dans-la-region-de-stuttgart\\\/#primaryimage\"},\"thumbnailUrl\":\"https:\\\/\\\/transportjournal.com\\\/wp-content\\\/uploads\\\/sites\\\/2\\\/2026\\\/03\\\/transnatur-expertos-aduanas-1024x576-1.jpeg\",\"datePublished\":\"2026-03-12T15:03:00+00:00\",\"breadcrumb\":{\"@id\":\"https:\\\/\\\/transportjournal.com\\\/fr\\\/2026\\\/03\\\/12\\\/transnatur-change-de-partenaire-dans-la-region-de-stuttgart\\\/#breadcrumb\"},\"inLanguage\":\"fr-FR\",\"potentialAction\":[{\"@type\":\"ReadAction\",\"target\":[\"https:\\\/\\\/transportjournal.com\\\/fr\\\/2026\\\/03\\\/12\\\/transnatur-change-de-partenaire-dans-la-region-de-stuttgart\\\/\"]}]},{\"@type\":\"ImageObject\",\"inLanguage\":\"fr-FR\",\"@id\":\"https:\\\/\\\/transportjournal.com\\\/fr\\\/2026\\\/03\\\/12\\\/transnatur-change-de-partenaire-dans-la-region-de-stuttgart\\\/#primaryimage\",\"url\":\"https:\\\/\\\/transportjournal.com\\\/wp-content\\\/uploads\\\/sites\\\/2\\\/2026\\\/03\\\/transnatur-expertos-aduanas-1024x576-1.jpeg\",\"contentUrl\":\"https:\\\/\\\/transportjournal.com\\\/wp-content\\\/uploads\\\/sites\\\/2\\\/2026\\\/03\\\/transnatur-expertos-aduanas-1024x576-1.jpeg\",\"width\":1024,\"height\":576},{\"@type\":\"BreadcrumbList\",\"@id\":\"https:\\\/\\\/transportjournal.com\\\/fr\\\/2026\\\/03\\\/12\\\/transnatur-change-de-partenaire-dans-la-region-de-stuttgart\\\/#breadcrumb\",\"itemListElement\":[{\"@type\":\"ListItem\",\"position\":1,\"name\":\"Startseite\",\"item\":\"https:\\\/\\\/transportjournal.com\\\/fr\\\/\"},{\"@type\":\"ListItem\",\"position\":2,\"name\":\"Transnatur change de partenaire dans la r\u00e9gion de Stuttgart\"}]},{\"@type\":\"WebSite\",\"@id\":\"https:\\\/\\\/transportjournal.com\\\/fr\\\/#website\",\"url\":\"https:\\\/\\\/transportjournal.com\\\/fr\\\/\",\"name\":\"ITJ | International Transport Journal\",\"description\":\"Restez inform\u00e9 des derni\u00e8res nouvelles mondiales dans les secteurs du transport, de la logistique et de la cha\u00eene d'approvisionnement. Transport Journal fournit des informations d'experts, des analyses et des mises \u00e0 jour sur le transport maritime, l'aviation, l'intermodalit\u00e9 et l'exp\u00e9dition. \",\"publisher\":{\"@id\":\"https:\\\/\\\/transportjournal.com\\\/fr\\\/#organization\"},\"potentialAction\":[{\"@type\":\"SearchAction\",\"target\":{\"@type\":\"EntryPoint\",\"urlTemplate\":\"https:\\\/\\\/transportjournal.com\\\/fr\\\/?s={search_term_string}\"},\"query-input\":{\"@type\":\"PropertyValueSpecification\",\"valueRequired\":true,\"valueName\":\"search_term_string\"}}],\"inLanguage\":\"fr-FR\"},{\"@type\":\"Organization\",\"@id\":\"https:\\\/\\\/transportjournal.com\\\/fr\\\/#organization\",\"name\":\"Groupe Logismedia AG\",\"alternateName\":\"Logismedia Group AG\",\"url\":\"https:\\\/\\\/transportjournal.com\\\/fr\\\/\",\"logo\":{\"@type\":\"ImageObject\",\"inLanguage\":\"fr-FR\",\"@id\":\"https:\\\/\\\/transportjournal.com\\\/fr\\\/#\\\/schema\\\/logo\\\/image\\\/\",\"url\":\"https:\\\/\\\/transportjournal.com\\\/wp-content\\\/uploads\\\/sites\\\/2\\\/2025\\\/09\\\/Logo_ITJ.png\",\"contentUrl\":\"https:\\\/\\\/transportjournal.com\\\/wp-content\\\/uploads\\\/sites\\\/2\\\/2025\\\/09\\\/Logo_ITJ.png\",\"width\":799,\"height\":326,\"caption\":\"Groupe Logismedia AG\"},\"image\":{\"@id\":\"https:\\\/\\\/transportjournal.com\\\/fr\\\/#\\\/schema\\\/logo\\\/image\\\/\"},\"sameAs\":[\"https:\\\/\\\/www.linkedin.com\\\/company\\\/56456496\\\/admin\\\/dashboard\\\/\",\"https:\\\/\\\/www.instagram.com\\\/logismediagroup\\\/\",\"https:\\\/\\\/www.youtube.com\\\/@LogiamediaGroupAG\"]},{\"@type\":\"Person\",\"@id\":\"https:\\\/\\\/transportjournal.com\\\/fr\\\/#\\\/schema\\\/person\\\/13a9fc605c753db60ef7750a229cd042\",\"name\":\"Gyan Sharan\",\"url\":\"https:\\\/\\\/transportjournal.com\\\/fr\\\/author\\\/gyan\\\/\"}]}<\/script>\n<!-- \/ Yoast SEO plugin. -->","yoast_head_json":{"title":"Transnatur change de partenaire dans la r\u00e9gion de Stuttgart - ITJ | International Transport Journal","robots":{"index":"index","follow":"follow","max-snippet":"max-snippet:-1","max-image-preview":"max-image-preview:large","max-video-preview":"max-video-preview:-1"},"canonical":"https:\/\/transportjournal.com\/fr\/2026\/03\/12\/transnatur-change-de-partenaire-dans-la-region-de-stuttgart\/","og_locale":"fr_FR","og_type":"article","og_title":"Transnatur change de partenaire dans la r\u00e9gion de Stuttgart - ITJ | International Transport Journal","og_description":"Le groupe Transnatur a lanc\u00e9 une coop\u00e9ration avec la L. Wackler Wwe. Nachf. GmbH pour optimiser et d\u00e9velopper les services logistiques dans la r\u00e9gion de Stuttgart.","og_url":"https:\/\/transportjournal.com\/fr\/2026\/03\/12\/transnatur-change-de-partenaire-dans-la-region-de-stuttgart\/","og_site_name":"ITJ | International Transport Journal","article_published_time":"2026-03-12T15:03:00+00:00","og_image":[{"width":1024,"height":576,"url":"https:\/\/transportjournal.com\/wp-content\/uploads\/sites\/2\/2026\/03\/transnatur-expertos-aduanas-1024x576-1.jpeg","type":"image\/jpeg"}],"author":"Gyan Sharan","twitter_card":"summary_large_image","twitter_misc":{"\u00c9crit par":"Gyan Sharan","Dur\u00e9e de lecture estim\u00e9e":"1 minute"},"schema":{"@context":"https:\/\/schema.org","@graph":[{"@type":"Article","@id":"https:\/\/transportjournal.com\/fr\/2026\/03\/12\/transnatur-change-de-partenaire-dans-la-region-de-stuttgart\/#article","isPartOf":{"@id":"https:\/\/transportjournal.com\/fr\/2026\/03\/12\/transnatur-change-de-partenaire-dans-la-region-de-stuttgart\/"},"author":{"name":"Gyan Sharan","@id":"https:\/\/transportjournal.com\/fr\/#\/schema\/person\/13a9fc605c753db60ef7750a229cd042"},"headline":"Transnatur change de partenaire dans la r\u00e9gion de Stuttgart","datePublished":"2026-03-12T15:03:00+00:00","mainEntityOfPage":{"@id":"https:\/\/transportjournal.com\/fr\/2026\/03\/12\/transnatur-change-de-partenaire-dans-la-region-de-stuttgart\/"},"wordCount":222,"commentCount":0,"publisher":{"@id":"https:\/\/transportjournal.com\/fr\/#organization"},"image":{"@id":"https:\/\/transportjournal.com\/fr\/2026\/03\/12\/transnatur-change-de-partenaire-dans-la-region-de-stuttgart\/#primaryimage"},"thumbnailUrl":"https:\/\/transportjournal.com\/wp-content\/uploads\/sites\/2\/2026\/03\/transnatur-expertos-aduanas-1024x576-1.jpeg","keywords":["Automobilindustrie Stuttgart","automotive industry Stuttgart","coop\u00e9ration logistique","Deutsch Transnatur","Digitalisierung Logistik","digitalization logistics","dynamique \u00e9conomique Stuttgart","economic dynamics Stuttgart","entreprises de logistique Allemagne","espace d'entreposage G\u00f6ppingen","Fachkr\u00e4ftemangel Logistik","fournisseurs de logistique","gestion de la cha\u00eene d'approvisionnement","Import Export Stuttgart","industrie automobile Stuttgart","infrastructure logistique","Infrastruktur Logistik","Kooperation Logistik","Lagerfl\u00e4che G\u00f6ppingen","logistics companies Germany","logistics cooperation","logistics infrastructure","logistics providers","logistics Stuttgart","Logistik Stuttgart","Logistikdienstleister","Logistikunternehmen Deutschland","logistique de colis Allemagne","logistique Stuttgart","num\u00e9risation logistique","Paketlogistik Deutschland","parcel logistics Germany","p\u00e9nurie de comp\u00e9tences logistique","prestataires de services de transport Stuttgart","rail freight Stuttgart","regional logistics solutions","regionale Logistikl\u00f6sungen","Schieneng\u00fcterverkehr Stuttgart","secteur du transport Allemagne","secteur technologique Stuttgart","skills shortage logistics","solutions logistiques r\u00e9gionales","Supply Chain Management","Technologiebranche Stuttgart","technology sector Stuttgart","transport ferroviaire Stuttgart","transport industry Germany Fran\u00e7ais Transnatur","transport service providers Stuttgart","Transportdienstleister Stuttgart","Transportwirtschaft Deutschland English Transnatur","Wackler","warehouse space G\u00f6ppingen","wirtschaftliche Dynamik Stuttgart"],"articleSection":["Exp\u00e9dition de fret et logistique","Intermodal \/ Route","L'Europe"],"inLanguage":"fr-FR","potentialAction":[{"@type":"CommentAction","name":"Comment","target":["https:\/\/transportjournal.com\/fr\/2026\/03\/12\/transnatur-change-de-partenaire-dans-la-region-de-stuttgart\/#respond"]}]},{"@type":"WebPage","@id":"https:\/\/transportjournal.com\/fr\/2026\/03\/12\/transnatur-change-de-partenaire-dans-la-region-de-stuttgart\/","url":"https:\/\/transportjournal.com\/fr\/2026\/03\/12\/transnatur-change-de-partenaire-dans-la-region-de-stuttgart\/","name":"Transnatur change de partenaire dans la r\u00e9gion de Stuttgart - ITJ | International Transport Journal","isPartOf":{"@id":"https:\/\/transportjournal.com\/fr\/#website"},"primaryImageOfPage":{"@id":"https:\/\/transportjournal.com\/fr\/2026\/03\/12\/transnatur-change-de-partenaire-dans-la-region-de-stuttgart\/#primaryimage"},"image":{"@id":"https:\/\/transportjournal.com\/fr\/2026\/03\/12\/transnatur-change-de-partenaire-dans-la-region-de-stuttgart\/#primaryimage"},"thumbnailUrl":"https:\/\/transportjournal.com\/wp-content\/uploads\/sites\/2\/2026\/03\/transnatur-expertos-aduanas-1024x576-1.jpeg","datePublished":"2026-03-12T15:03:00+00:00","breadcrumb":{"@id":"https:\/\/transportjournal.com\/fr\/2026\/03\/12\/transnatur-change-de-partenaire-dans-la-region-de-stuttgart\/#breadcrumb"},"inLanguage":"fr-FR","potentialAction":[{"@type":"ReadAction","target":["https:\/\/transportjournal.com\/fr\/2026\/03\/12\/transnatur-change-de-partenaire-dans-la-region-de-stuttgart\/"]}]},{"@type":"ImageObject","inLanguage":"fr-FR","@id":"https:\/\/transportjournal.com\/fr\/2026\/03\/12\/transnatur-change-de-partenaire-dans-la-region-de-stuttgart\/#primaryimage","url":"https:\/\/transportjournal.com\/wp-content\/uploads\/sites\/2\/2026\/03\/transnatur-expertos-aduanas-1024x576-1.jpeg","contentUrl":"https:\/\/transportjournal.com\/wp-content\/uploads\/sites\/2\/2026\/03\/transnatur-expertos-aduanas-1024x576-1.jpeg","width":1024,"height":576},{"@type":"BreadcrumbList","@id":"https:\/\/transportjournal.com\/fr\/2026\/03\/12\/transnatur-change-de-partenaire-dans-la-region-de-stuttgart\/#breadcrumb","itemListElement":[{"@type":"ListItem","position":1,"name":"Startseite","item":"https:\/\/transportjournal.com\/fr\/"},{"@type":"ListItem","position":2,"name":"Transnatur change de partenaire dans la r\u00e9gion de Stuttgart"}]},{"@type":"WebSite","@id":"https:\/\/transportjournal.com\/fr\/#website","url":"https:\/\/transportjournal.com\/fr\/","name":"ITJ | International Transport Journal","description":"Restez inform\u00e9 des derni\u00e8res nouvelles mondiales dans les secteurs du transport, de la logistique et de la cha\u00eene d'approvisionnement. Transport Journal fournit des informations d'experts, des analyses et des mises \u00e0 jour sur le transport maritime, l'aviation, l'intermodalit\u00e9 et l'exp\u00e9dition. ","publisher":{"@id":"https:\/\/transportjournal.com\/fr\/#organization"},"potentialAction":[{"@type":"SearchAction","target":{"@type":"EntryPoint","urlTemplate":"https:\/\/transportjournal.com\/fr\/?s={search_term_string}"},"query-input":{"@type":"PropertyValueSpecification","valueRequired":true,"valueName":"search_term_string"}}],"inLanguage":"fr-FR"},{"@type":"Organization","@id":"https:\/\/transportjournal.com\/fr\/#organization","name":"Groupe Logismedia AG","alternateName":"Logismedia Group AG","url":"https:\/\/transportjournal.com\/fr\/","logo":{"@type":"ImageObject","inLanguage":"fr-FR","@id":"https:\/\/transportjournal.com\/fr\/#\/schema\/logo\/image\/","url":"https:\/\/transportjournal.com\/wp-content\/uploads\/sites\/2\/2025\/09\/Logo_ITJ.png","contentUrl":"https:\/\/transportjournal.com\/wp-content\/uploads\/sites\/2\/2025\/09\/Logo_ITJ.png","width":799,"height":326,"caption":"Groupe Logismedia AG"},"image":{"@id":"https:\/\/transportjournal.com\/fr\/#\/schema\/logo\/image\/"},"sameAs":["https:\/\/www.linkedin.com\/company\/56456496\/admin\/dashboard\/","https:\/\/www.instagram.com\/logismediagroup\/","https:\/\/www.youtube.com\/@LogiamediaGroupAG"]},{"@type":"Person","@id":"https:\/\/transportjournal.com\/fr\/#\/schema\/person\/13a9fc605c753db60ef7750a229cd042","name":"Gyan Sharan","url":"https:\/\/transportjournal.com\/fr\/author\/gyan\/"}]}},"_links":{"self":[{"href":"https:\/\/transportjournal.com\/fr\/wp-json\/wp\/v2\/posts\/80663","targetHints":{"allow":["GET"]}}],"collection":[{"href":"https:\/\/transportjournal.com\/fr\/wp-json\/wp\/v2\/posts"}],"about":[{"href":"https:\/\/transportjournal.com\/fr\/wp-json\/wp\/v2\/types\/post"}],"author":[{"embeddable":true,"href":"https:\/\/transportjournal.com\/fr\/wp-json\/wp\/v2\/users\/14"}],"replies":[{"embeddable":true,"href":"https:\/\/transportjournal.com\/fr\/wp-json\/wp\/v2\/comments?post=80663"}],"version-history":[{"count":0,"href":"https:\/\/transportjournal.com\/fr\/wp-json\/wp\/v2\/posts\/80663\/revisions"}],"wp:featuredmedia":[{"embeddable":true,"href":"https:\/\/transportjournal.com\/fr\/wp-json\/wp\/v2\/media\/80661"}],"wp:attachment":[{"href":"https:\/\/transportjournal.com\/fr\/wp-json\/wp\/v2\/media?parent=80663"}],"wp:term":[{"taxonomy":"category","embeddable":true,"href":"https:\/\/transportjournal.com\/fr\/wp-json\/wp\/v2\/categories?post=80663"},{"taxonomy":"post_tag","embeddable":true,"href":"https:\/\/transportjournal.com\/fr\/wp-json\/wp\/v2\/tags?post=80663"}],"curies":[{"name":"wp","href":"https:\/\/api.w.org\/{rel}","templated":true}]}}