{"id":80655,"date":"2026-03-12T14:13:15","date_gmt":"2026-03-12T14:13:15","guid":{"rendered":"https:\/\/transportjournal.com\/2026\/03\/12\/awery-integre-loutil-co2-connect-de-liata\/"},"modified":"2026-03-12T14:13:15","modified_gmt":"2026-03-12T14:13:15","slug":"awery-integre-loutil-co2-connect-de-liata","status":"publish","type":"post","link":"https:\/\/transportjournal.com\/fr\/2026\/03\/12\/awery-integre-loutil-co2-connect-de-liata\/","title":{"rendered":"Awery int\u00e8gre l&rsquo;outil \u00ab\u00a0CO2 Connect\u00a0\u00bb de l&rsquo;IATA"},"content":{"rendered":"<p>Awery Aviation Software a annonc\u00e9 \u00eatre la premi\u00e8re entreprise \u00e0 int\u00e9grer l&#8217;outil &#8222;CO2 Connect&#8220; de l&#8217;IATA pour le fret dans sa plateforme num\u00e9rique. Cette mesure vise \u00e0 fournir \u00e0 l&#8217;industrie du fret a\u00e9rien des donn\u00e9es d&#8217;\u00e9mission pr\u00e9cises et standardis\u00e9es. L&#8217;int\u00e9gration permettra aux utilisateurs d&#8217;acc\u00e9der directement aux donn\u00e9es d&#8217;\u00e9missions de CO2 sp\u00e9cifiques aux vols dans leurs flux de travail existants.<\/p>\n<p>L&#8217;outil &#8222;CO2 Connect for Cargo&#8220; de l&#8217;IATA a \u00e9t\u00e9 lanc\u00e9 d\u00e9but 2026 et utilise des donn\u00e9es op\u00e9rationnelles des compagnies a\u00e9riennes pour effectuer des calculs d&#8217;\u00e9missions. Des informations telles que la consommation de carburant des types d&#8217;avions ainsi que les facteurs de charge de fret et de passagers sont prises en compte. Cela repr\u00e9sente, selon Awery, un progr\u00e8s, car les calculs ne reposent plus sur des moyennes sectorielles g\u00e9n\u00e9rales, mais sur des donn\u00e9es concr\u00e8tes fournies par plus de 100 compagnies a\u00e9riennes.<\/p>\n<p>Le &#8222;calculateur CO2 Connect&#8220; est conforme, selon l&#8217;entreprise, aux normes internationales, y compris la pratique recommand\u00e9e 1678 de l&#8217;IATA (RP1678), la norme ISO 14083 ainsi que le cadre GLEC 3.2 du Smart Freight Centre.<\/p>\n<p><a href=\"https:\/\/awery.aero\/\" target=\"_blank\" rel=\"noopener noreferrer\">www.awery.aero<\/a><\/p>\n","protected":false},"excerpt":{"rendered":"<p>Awery Aviation Software a annonc\u00e9 l&rsquo;int\u00e9gration de l&rsquo;outil \u00ab\u00a0CO2 Connect\u00a0\u00bb de l&rsquo;IATA pour le fret dans sa plateforme afin de fournir des donn\u00e9es d&rsquo;\u00e9mission plus pr\u00e9cises pour l&rsquo;industrie du fret a\u00e9rien.<\/p>\n","protected":false},"author":10,"featured_media":80653,"comment_status":"open","ping_status":"","sticky":false,"template":"","format":"standard","meta":{"_acf_changed":false,"footnotes":""},"categories":[1582],"tags":[26464,26465,26466,26467,2600,3447,26468,26469,26470,26471,26472,26473,26474,26475,26476,26477,26478,26479,26480,26481,20321,26482,26483,26484,26485,26486,26487,26488,26489,26490,26491,26492,26493,26494,26495,26496,26497,2619,26498,26499,26500,26501,26502,2627,26503,26504,26505,26506,26507,26508,26509,26510,3488],"class_list":["post-80655","post","type-post","status-publish","format-standard","has-post-thumbnail","hentry","category-fret-aerien","tag-air-freight-co2-management","tag-air-freight-efficiency-improvement","tag-air-freight-emissions-data","tag-air-freight-industry-digitalization","tag-air-freight-infrastructure","tag-air-freight-market","tag-air-freight-technology-francais-awery","tag-amelioration-efficacite-fret-aerien","tag-aviation-industry-sustainability","tag-cadre-glec-3-2","tag-calculs-co2-fret","tag-cargo-and-passenger-load-factors","tag-cargo-co2-calculations","tag-co2-connect-for-cargo","tag-co2-connect-fuer-cargo","tag-co2-connect-pour-cargo","tag-co2-emissions-data-air-freight","tag-co2-reduction-aviation","tag-co2-emissionsdaten-luftfracht","tag-co2-reduktion-luftfahrt","tag-deutsch-awery","tag-digital-air-freight-platform","tag-digitale-plattform-luftfracht","tag-digitalisation-secteur-fret-aerien","tag-donnees-demissions-co2-fret-aerien","tag-donnees-demissions-compagnies-aeriennes","tag-donnees-demissions-fret-aerien","tag-durabilite-industrie-aeronautique","tag-emissions-data-airlines","tag-emissionsdaten-fluggesellschaften","tag-facteurs-de-charge-fret-et-passagers","tag-fracht-co2-berechnungen","tag-fracht-und-passagierlastfaktoren","tag-gestion-co2-fret-aerien","tag-glec-framework-3-2","tag-iata-co2-connect-tool","tag-iata-recommended-practice-1678","tag-infrastructure-fret-aerien","tag-iso-14083","tag-luftfahrtindustrie-nachhaltigkeit","tag-luftfracht-co2-management","tag-luftfracht-effizienzsteigerung","tag-luftfracht-emissionsdaten","tag-luftfracht-infrastruktur","tag-luftfracht-markt","tag-luftfrachtbranche-digitalisierung","tag-luftfrachttechnologie-english-awery","tag-marche-fret-aerien","tag-outil-co2-connect-iata","tag-plateforme-numerique-fret-aerien","tag-pratique-recommandee-iata-1678","tag-reduction-co2-aviation","tag-technologie-fret-aerien"],"acf":[],"yoast_head":"<!-- This site is optimized with the Yoast SEO plugin v27.3 - https:\/\/yoast.com\/product\/yoast-seo-wordpress\/ -->\n<title>Awery int\u00e8gre l&#8217;outil &#8222;CO2 Connect&#8220; de l&#8217;IATA - ITJ | International Transport Journal<\/title>\n<meta name=\"robots\" content=\"index, follow, max-snippet:-1, max-image-preview:large, max-video-preview:-1\" \/>\n<link rel=\"canonical\" href=\"https:\/\/transportjournal.com\/fr\/2026\/03\/12\/awery-integre-loutil-co2-connect-de-liata\/\" \/>\n<meta property=\"og:locale\" content=\"fr_FR\" \/>\n<meta property=\"og:type\" content=\"article\" \/>\n<meta property=\"og:title\" content=\"Awery int\u00e8gre l&#8217;outil &#8222;CO2 Connect&#8220; de l&#8217;IATA - ITJ | International Transport Journal\" \/>\n<meta property=\"og:description\" content=\"Awery Aviation Software a annonc\u00e9 l&#039;int\u00e9gration de l&#039;outil &quot;CO2 Connect&quot; de l&#039;IATA pour le fret dans sa plateforme afin de fournir des donn\u00e9es d&#039;\u00e9mission plus pr\u00e9cises pour l&#039;industrie du fret a\u00e9rien.\" \/>\n<meta property=\"og:url\" content=\"https:\/\/transportjournal.com\/fr\/2026\/03\/12\/awery-integre-loutil-co2-connect-de-liata\/\" \/>\n<meta property=\"og:site_name\" content=\"ITJ | International Transport Journal\" \/>\n<meta property=\"article:published_time\" content=\"2026-03-12T14:13:15+00:00\" \/>\n<meta property=\"og:image\" content=\"https:\/\/transportjournal.com\/wp-content\/uploads\/sites\/2\/2026\/03\/Awery-aspect-ratio-1400-788.jpg\" \/>\n\t<meta property=\"og:image:width\" content=\"2560\" \/>\n\t<meta property=\"og:image:height\" content=\"1441\" \/>\n\t<meta property=\"og:image:type\" content=\"image\/jpeg\" \/>\n<meta name=\"author\" content=\"Jeremy Soland\" \/>\n<meta name=\"twitter:card\" content=\"summary_large_image\" \/>\n<meta name=\"twitter:label1\" content=\"\u00c9crit par\" \/>\n\t<meta name=\"twitter:data1\" content=\"Jeremy Soland\" \/>\n\t<meta name=\"twitter:label2\" content=\"Dur\u00e9e de lecture estim\u00e9e\" \/>\n\t<meta name=\"twitter:data2\" content=\"1 minute\" \/>\n<script type=\"application\/ld+json\" class=\"yoast-schema-graph\">{\"@context\":\"https:\\\/\\\/schema.org\",\"@graph\":[{\"@type\":\"Article\",\"@id\":\"https:\\\/\\\/transportjournal.com\\\/fr\\\/2026\\\/03\\\/12\\\/awery-integre-loutil-co2-connect-de-liata\\\/#article\",\"isPartOf\":{\"@id\":\"https:\\\/\\\/transportjournal.com\\\/fr\\\/2026\\\/03\\\/12\\\/awery-integre-loutil-co2-connect-de-liata\\\/\"},\"author\":{\"name\":\"Jeremy Soland\",\"@id\":\"https:\\\/\\\/transportjournal.com\\\/fr\\\/#\\\/schema\\\/person\\\/41d36b5474b623392fa613e97e2363fa\"},\"headline\":\"Awery int\u00e8gre l&rsquo;outil \u00ab\u00a0CO2 Connect\u00a0\u00bb de l&rsquo;IATA\",\"datePublished\":\"2026-03-12T14:13:15+00:00\",\"mainEntityOfPage\":{\"@id\":\"https:\\\/\\\/transportjournal.com\\\/fr\\\/2026\\\/03\\\/12\\\/awery-integre-loutil-co2-connect-de-liata\\\/\"},\"wordCount\":214,\"commentCount\":0,\"publisher\":{\"@id\":\"https:\\\/\\\/transportjournal.com\\\/fr\\\/#organization\"},\"image\":{\"@id\":\"https:\\\/\\\/transportjournal.com\\\/fr\\\/2026\\\/03\\\/12\\\/awery-integre-loutil-co2-connect-de-liata\\\/#primaryimage\"},\"thumbnailUrl\":\"https:\\\/\\\/transportjournal.com\\\/wp-content\\\/uploads\\\/sites\\\/2\\\/2026\\\/03\\\/Awery-aspect-ratio-1400-788.jpg\",\"keywords\":[\"air freight CO2 management\",\"air freight efficiency improvement\",\"air freight emissions data\",\"air freight industry digitalization\",\"air freight infrastructure\",\"air freight market\",\"air freight technology Fran\u00e7ais Awery\",\"am\u00e9lioration efficacit\u00e9 fret a\u00e9rien\",\"aviation industry sustainability\",\"cadre GLEC 3.2\",\"calculs CO2 fret\",\"cargo and passenger load factors\",\"cargo CO2 calculations\",\"CO2 Connect for Cargo\",\"CO2 Connect f\u00fcr Cargo\",\"CO2 Connect pour Cargo\",\"CO2 emissions data air freight\",\"CO2 reduction aviation\",\"CO2-Emissionsdaten Luftfracht\",\"CO2-Reduktion Luftfahrt\",\"Deutsch Awery\",\"digital air freight platform\",\"digitale Plattform Luftfracht\",\"digitalisation secteur fret a\u00e9rien\",\"donn\u00e9es d'\u00e9missions CO2 fret a\u00e9rien\",\"donn\u00e9es d'\u00e9missions compagnies a\u00e9riennes\",\"donn\u00e9es d'\u00e9missions fret a\u00e9rien\",\"durabilit\u00e9 industrie a\u00e9ronautique\",\"emissions data airlines\",\"Emissionsdaten Fluggesellschaften\",\"facteurs de charge fret et passagers\",\"Fracht CO2-Berechnungen\",\"Fracht- und Passagierlastfaktoren\",\"gestion CO2 fret a\u00e9rien\",\"GLEC Framework 3.2\",\"IATA CO2 Connect Tool\",\"IATA Recommended Practice 1678\",\"infrastructure fret a\u00e9rien\",\"ISO 14083\",\"Luftfahrtindustrie Nachhaltigkeit\",\"Luftfracht CO2-Management\",\"Luftfracht Effizienzsteigerung\",\"Luftfracht Emissionsdaten\",\"Luftfracht Infrastruktur\",\"Luftfracht Markt\",\"Luftfrachtbranche Digitalisierung\",\"Luftfrachttechnologie English Awery\",\"march\u00e9 fret a\u00e9rien\",\"outil CO2 Connect IATA\",\"plateforme num\u00e9rique fret a\u00e9rien\",\"pratique recommand\u00e9e IATA 1678\",\"r\u00e9duction CO2 aviation\",\"technologie fret a\u00e9rien\"],\"articleSection\":[\"Fret a\u00e9rien\"],\"inLanguage\":\"fr-FR\",\"potentialAction\":[{\"@type\":\"CommentAction\",\"name\":\"Comment\",\"target\":[\"https:\\\/\\\/transportjournal.com\\\/fr\\\/2026\\\/03\\\/12\\\/awery-integre-loutil-co2-connect-de-liata\\\/#respond\"]}]},{\"@type\":\"WebPage\",\"@id\":\"https:\\\/\\\/transportjournal.com\\\/fr\\\/2026\\\/03\\\/12\\\/awery-integre-loutil-co2-connect-de-liata\\\/\",\"url\":\"https:\\\/\\\/transportjournal.com\\\/fr\\\/2026\\\/03\\\/12\\\/awery-integre-loutil-co2-connect-de-liata\\\/\",\"name\":\"Awery int\u00e8gre l&#8217;outil &#8222;CO2 Connect&#8220; de l&#8217;IATA - ITJ | International Transport Journal\",\"isPartOf\":{\"@id\":\"https:\\\/\\\/transportjournal.com\\\/fr\\\/#website\"},\"primaryImageOfPage\":{\"@id\":\"https:\\\/\\\/transportjournal.com\\\/fr\\\/2026\\\/03\\\/12\\\/awery-integre-loutil-co2-connect-de-liata\\\/#primaryimage\"},\"image\":{\"@id\":\"https:\\\/\\\/transportjournal.com\\\/fr\\\/2026\\\/03\\\/12\\\/awery-integre-loutil-co2-connect-de-liata\\\/#primaryimage\"},\"thumbnailUrl\":\"https:\\\/\\\/transportjournal.com\\\/wp-content\\\/uploads\\\/sites\\\/2\\\/2026\\\/03\\\/Awery-aspect-ratio-1400-788.jpg\",\"datePublished\":\"2026-03-12T14:13:15+00:00\",\"breadcrumb\":{\"@id\":\"https:\\\/\\\/transportjournal.com\\\/fr\\\/2026\\\/03\\\/12\\\/awery-integre-loutil-co2-connect-de-liata\\\/#breadcrumb\"},\"inLanguage\":\"fr-FR\",\"potentialAction\":[{\"@type\":\"ReadAction\",\"target\":[\"https:\\\/\\\/transportjournal.com\\\/fr\\\/2026\\\/03\\\/12\\\/awery-integre-loutil-co2-connect-de-liata\\\/\"]}]},{\"@type\":\"ImageObject\",\"inLanguage\":\"fr-FR\",\"@id\":\"https:\\\/\\\/transportjournal.com\\\/fr\\\/2026\\\/03\\\/12\\\/awery-integre-loutil-co2-connect-de-liata\\\/#primaryimage\",\"url\":\"https:\\\/\\\/transportjournal.com\\\/wp-content\\\/uploads\\\/sites\\\/2\\\/2026\\\/03\\\/Awery-aspect-ratio-1400-788.jpg\",\"contentUrl\":\"https:\\\/\\\/transportjournal.com\\\/wp-content\\\/uploads\\\/sites\\\/2\\\/2026\\\/03\\\/Awery-aspect-ratio-1400-788.jpg\",\"width\":2560,\"height\":1441},{\"@type\":\"BreadcrumbList\",\"@id\":\"https:\\\/\\\/transportjournal.com\\\/fr\\\/2026\\\/03\\\/12\\\/awery-integre-loutil-co2-connect-de-liata\\\/#breadcrumb\",\"itemListElement\":[{\"@type\":\"ListItem\",\"position\":1,\"name\":\"Startseite\",\"item\":\"https:\\\/\\\/transportjournal.com\\\/fr\\\/\"},{\"@type\":\"ListItem\",\"position\":2,\"name\":\"Awery int\u00e8gre l&rsquo;outil \u00ab\u00a0CO2 Connect\u00a0\u00bb de l&rsquo;IATA\"}]},{\"@type\":\"WebSite\",\"@id\":\"https:\\\/\\\/transportjournal.com\\\/fr\\\/#website\",\"url\":\"https:\\\/\\\/transportjournal.com\\\/fr\\\/\",\"name\":\"ITJ | International Transport Journal\",\"description\":\"Restez inform\u00e9 des derni\u00e8res nouvelles mondiales dans les secteurs du transport, de la logistique et de la cha\u00eene d'approvisionnement. Transport Journal fournit des informations d'experts, des analyses et des mises \u00e0 jour sur le transport maritime, l'aviation, l'intermodalit\u00e9 et l'exp\u00e9dition. \",\"publisher\":{\"@id\":\"https:\\\/\\\/transportjournal.com\\\/fr\\\/#organization\"},\"potentialAction\":[{\"@type\":\"SearchAction\",\"target\":{\"@type\":\"EntryPoint\",\"urlTemplate\":\"https:\\\/\\\/transportjournal.com\\\/fr\\\/?s={search_term_string}\"},\"query-input\":{\"@type\":\"PropertyValueSpecification\",\"valueRequired\":true,\"valueName\":\"search_term_string\"}}],\"inLanguage\":\"fr-FR\"},{\"@type\":\"Organization\",\"@id\":\"https:\\\/\\\/transportjournal.com\\\/fr\\\/#organization\",\"name\":\"Groupe Logismedia AG\",\"alternateName\":\"Logismedia Group AG\",\"url\":\"https:\\\/\\\/transportjournal.com\\\/fr\\\/\",\"logo\":{\"@type\":\"ImageObject\",\"inLanguage\":\"fr-FR\",\"@id\":\"https:\\\/\\\/transportjournal.com\\\/fr\\\/#\\\/schema\\\/logo\\\/image\\\/\",\"url\":\"https:\\\/\\\/transportjournal.com\\\/wp-content\\\/uploads\\\/sites\\\/2\\\/2025\\\/09\\\/Logo_ITJ.png\",\"contentUrl\":\"https:\\\/\\\/transportjournal.com\\\/wp-content\\\/uploads\\\/sites\\\/2\\\/2025\\\/09\\\/Logo_ITJ.png\",\"width\":799,\"height\":326,\"caption\":\"Groupe Logismedia AG\"},\"image\":{\"@id\":\"https:\\\/\\\/transportjournal.com\\\/fr\\\/#\\\/schema\\\/logo\\\/image\\\/\"},\"sameAs\":[\"https:\\\/\\\/www.linkedin.com\\\/company\\\/56456496\\\/admin\\\/dashboard\\\/\",\"https:\\\/\\\/www.instagram.com\\\/logismediagroup\\\/\",\"https:\\\/\\\/www.youtube.com\\\/@LogiamediaGroupAG\"]},{\"@type\":\"Person\",\"@id\":\"https:\\\/\\\/transportjournal.com\\\/fr\\\/#\\\/schema\\\/person\\\/41d36b5474b623392fa613e97e2363fa\",\"name\":\"Jeremy Soland\",\"url\":\"https:\\\/\\\/transportjournal.com\\\/fr\\\/author\\\/jeremy\\\/\"}]}<\/script>\n<!-- \/ Yoast SEO plugin. -->","yoast_head_json":{"title":"Awery int\u00e8gre l&#8217;outil &#8222;CO2 Connect&#8220; de l&#8217;IATA - ITJ | International Transport Journal","robots":{"index":"index","follow":"follow","max-snippet":"max-snippet:-1","max-image-preview":"max-image-preview:large","max-video-preview":"max-video-preview:-1"},"canonical":"https:\/\/transportjournal.com\/fr\/2026\/03\/12\/awery-integre-loutil-co2-connect-de-liata\/","og_locale":"fr_FR","og_type":"article","og_title":"Awery int\u00e8gre l&#8217;outil &#8222;CO2 Connect&#8220; de l&#8217;IATA - ITJ | International Transport Journal","og_description":"Awery Aviation Software a annonc\u00e9 l'int\u00e9gration de l'outil \"CO2 Connect\" de l'IATA pour le fret dans sa plateforme afin de fournir des donn\u00e9es d'\u00e9mission plus pr\u00e9cises pour l'industrie du fret a\u00e9rien.","og_url":"https:\/\/transportjournal.com\/fr\/2026\/03\/12\/awery-integre-loutil-co2-connect-de-liata\/","og_site_name":"ITJ | International Transport Journal","article_published_time":"2026-03-12T14:13:15+00:00","og_image":[{"width":2560,"height":1441,"url":"https:\/\/transportjournal.com\/wp-content\/uploads\/sites\/2\/2026\/03\/Awery-aspect-ratio-1400-788.jpg","type":"image\/jpeg"}],"author":"Jeremy Soland","twitter_card":"summary_large_image","twitter_misc":{"\u00c9crit par":"Jeremy Soland","Dur\u00e9e de lecture estim\u00e9e":"1 minute"},"schema":{"@context":"https:\/\/schema.org","@graph":[{"@type":"Article","@id":"https:\/\/transportjournal.com\/fr\/2026\/03\/12\/awery-integre-loutil-co2-connect-de-liata\/#article","isPartOf":{"@id":"https:\/\/transportjournal.com\/fr\/2026\/03\/12\/awery-integre-loutil-co2-connect-de-liata\/"},"author":{"name":"Jeremy Soland","@id":"https:\/\/transportjournal.com\/fr\/#\/schema\/person\/41d36b5474b623392fa613e97e2363fa"},"headline":"Awery int\u00e8gre l&rsquo;outil \u00ab\u00a0CO2 Connect\u00a0\u00bb de l&rsquo;IATA","datePublished":"2026-03-12T14:13:15+00:00","mainEntityOfPage":{"@id":"https:\/\/transportjournal.com\/fr\/2026\/03\/12\/awery-integre-loutil-co2-connect-de-liata\/"},"wordCount":214,"commentCount":0,"publisher":{"@id":"https:\/\/transportjournal.com\/fr\/#organization"},"image":{"@id":"https:\/\/transportjournal.com\/fr\/2026\/03\/12\/awery-integre-loutil-co2-connect-de-liata\/#primaryimage"},"thumbnailUrl":"https:\/\/transportjournal.com\/wp-content\/uploads\/sites\/2\/2026\/03\/Awery-aspect-ratio-1400-788.jpg","keywords":["air freight CO2 management","air freight efficiency improvement","air freight emissions data","air freight industry digitalization","air freight infrastructure","air freight market","air freight technology Fran\u00e7ais Awery","am\u00e9lioration efficacit\u00e9 fret a\u00e9rien","aviation industry sustainability","cadre GLEC 3.2","calculs CO2 fret","cargo and passenger load factors","cargo CO2 calculations","CO2 Connect for Cargo","CO2 Connect f\u00fcr Cargo","CO2 Connect pour Cargo","CO2 emissions data air freight","CO2 reduction aviation","CO2-Emissionsdaten Luftfracht","CO2-Reduktion Luftfahrt","Deutsch Awery","digital air freight platform","digitale Plattform Luftfracht","digitalisation secteur fret a\u00e9rien","donn\u00e9es d'\u00e9missions CO2 fret a\u00e9rien","donn\u00e9es d'\u00e9missions compagnies a\u00e9riennes","donn\u00e9es d'\u00e9missions fret a\u00e9rien","durabilit\u00e9 industrie a\u00e9ronautique","emissions data airlines","Emissionsdaten Fluggesellschaften","facteurs de charge fret et passagers","Fracht CO2-Berechnungen","Fracht- und Passagierlastfaktoren","gestion CO2 fret a\u00e9rien","GLEC Framework 3.2","IATA CO2 Connect Tool","IATA Recommended Practice 1678","infrastructure fret a\u00e9rien","ISO 14083","Luftfahrtindustrie Nachhaltigkeit","Luftfracht CO2-Management","Luftfracht Effizienzsteigerung","Luftfracht Emissionsdaten","Luftfracht Infrastruktur","Luftfracht Markt","Luftfrachtbranche Digitalisierung","Luftfrachttechnologie English Awery","march\u00e9 fret a\u00e9rien","outil CO2 Connect IATA","plateforme num\u00e9rique fret a\u00e9rien","pratique recommand\u00e9e IATA 1678","r\u00e9duction CO2 aviation","technologie fret a\u00e9rien"],"articleSection":["Fret a\u00e9rien"],"inLanguage":"fr-FR","potentialAction":[{"@type":"CommentAction","name":"Comment","target":["https:\/\/transportjournal.com\/fr\/2026\/03\/12\/awery-integre-loutil-co2-connect-de-liata\/#respond"]}]},{"@type":"WebPage","@id":"https:\/\/transportjournal.com\/fr\/2026\/03\/12\/awery-integre-loutil-co2-connect-de-liata\/","url":"https:\/\/transportjournal.com\/fr\/2026\/03\/12\/awery-integre-loutil-co2-connect-de-liata\/","name":"Awery int\u00e8gre l&#8217;outil &#8222;CO2 Connect&#8220; de l&#8217;IATA - ITJ | International Transport Journal","isPartOf":{"@id":"https:\/\/transportjournal.com\/fr\/#website"},"primaryImageOfPage":{"@id":"https:\/\/transportjournal.com\/fr\/2026\/03\/12\/awery-integre-loutil-co2-connect-de-liata\/#primaryimage"},"image":{"@id":"https:\/\/transportjournal.com\/fr\/2026\/03\/12\/awery-integre-loutil-co2-connect-de-liata\/#primaryimage"},"thumbnailUrl":"https:\/\/transportjournal.com\/wp-content\/uploads\/sites\/2\/2026\/03\/Awery-aspect-ratio-1400-788.jpg","datePublished":"2026-03-12T14:13:15+00:00","breadcrumb":{"@id":"https:\/\/transportjournal.com\/fr\/2026\/03\/12\/awery-integre-loutil-co2-connect-de-liata\/#breadcrumb"},"inLanguage":"fr-FR","potentialAction":[{"@type":"ReadAction","target":["https:\/\/transportjournal.com\/fr\/2026\/03\/12\/awery-integre-loutil-co2-connect-de-liata\/"]}]},{"@type":"ImageObject","inLanguage":"fr-FR","@id":"https:\/\/transportjournal.com\/fr\/2026\/03\/12\/awery-integre-loutil-co2-connect-de-liata\/#primaryimage","url":"https:\/\/transportjournal.com\/wp-content\/uploads\/sites\/2\/2026\/03\/Awery-aspect-ratio-1400-788.jpg","contentUrl":"https:\/\/transportjournal.com\/wp-content\/uploads\/sites\/2\/2026\/03\/Awery-aspect-ratio-1400-788.jpg","width":2560,"height":1441},{"@type":"BreadcrumbList","@id":"https:\/\/transportjournal.com\/fr\/2026\/03\/12\/awery-integre-loutil-co2-connect-de-liata\/#breadcrumb","itemListElement":[{"@type":"ListItem","position":1,"name":"Startseite","item":"https:\/\/transportjournal.com\/fr\/"},{"@type":"ListItem","position":2,"name":"Awery int\u00e8gre l&rsquo;outil \u00ab\u00a0CO2 Connect\u00a0\u00bb de l&rsquo;IATA"}]},{"@type":"WebSite","@id":"https:\/\/transportjournal.com\/fr\/#website","url":"https:\/\/transportjournal.com\/fr\/","name":"ITJ | International Transport Journal","description":"Restez inform\u00e9 des derni\u00e8res nouvelles mondiales dans les secteurs du transport, de la logistique et de la cha\u00eene d'approvisionnement. Transport Journal fournit des informations d'experts, des analyses et des mises \u00e0 jour sur le transport maritime, l'aviation, l'intermodalit\u00e9 et l'exp\u00e9dition. ","publisher":{"@id":"https:\/\/transportjournal.com\/fr\/#organization"},"potentialAction":[{"@type":"SearchAction","target":{"@type":"EntryPoint","urlTemplate":"https:\/\/transportjournal.com\/fr\/?s={search_term_string}"},"query-input":{"@type":"PropertyValueSpecification","valueRequired":true,"valueName":"search_term_string"}}],"inLanguage":"fr-FR"},{"@type":"Organization","@id":"https:\/\/transportjournal.com\/fr\/#organization","name":"Groupe Logismedia AG","alternateName":"Logismedia Group AG","url":"https:\/\/transportjournal.com\/fr\/","logo":{"@type":"ImageObject","inLanguage":"fr-FR","@id":"https:\/\/transportjournal.com\/fr\/#\/schema\/logo\/image\/","url":"https:\/\/transportjournal.com\/wp-content\/uploads\/sites\/2\/2025\/09\/Logo_ITJ.png","contentUrl":"https:\/\/transportjournal.com\/wp-content\/uploads\/sites\/2\/2025\/09\/Logo_ITJ.png","width":799,"height":326,"caption":"Groupe Logismedia AG"},"image":{"@id":"https:\/\/transportjournal.com\/fr\/#\/schema\/logo\/image\/"},"sameAs":["https:\/\/www.linkedin.com\/company\/56456496\/admin\/dashboard\/","https:\/\/www.instagram.com\/logismediagroup\/","https:\/\/www.youtube.com\/@LogiamediaGroupAG"]},{"@type":"Person","@id":"https:\/\/transportjournal.com\/fr\/#\/schema\/person\/41d36b5474b623392fa613e97e2363fa","name":"Jeremy Soland","url":"https:\/\/transportjournal.com\/fr\/author\/jeremy\/"}]}},"_links":{"self":[{"href":"https:\/\/transportjournal.com\/fr\/wp-json\/wp\/v2\/posts\/80655","targetHints":{"allow":["GET"]}}],"collection":[{"href":"https:\/\/transportjournal.com\/fr\/wp-json\/wp\/v2\/posts"}],"about":[{"href":"https:\/\/transportjournal.com\/fr\/wp-json\/wp\/v2\/types\/post"}],"author":[{"embeddable":true,"href":"https:\/\/transportjournal.com\/fr\/wp-json\/wp\/v2\/users\/10"}],"replies":[{"embeddable":true,"href":"https:\/\/transportjournal.com\/fr\/wp-json\/wp\/v2\/comments?post=80655"}],"version-history":[{"count":0,"href":"https:\/\/transportjournal.com\/fr\/wp-json\/wp\/v2\/posts\/80655\/revisions"}],"wp:featuredmedia":[{"embeddable":true,"href":"https:\/\/transportjournal.com\/fr\/wp-json\/wp\/v2\/media\/80653"}],"wp:attachment":[{"href":"https:\/\/transportjournal.com\/fr\/wp-json\/wp\/v2\/media?parent=80655"}],"wp:term":[{"taxonomy":"category","embeddable":true,"href":"https:\/\/transportjournal.com\/fr\/wp-json\/wp\/v2\/categories?post=80655"},{"taxonomy":"post_tag","embeddable":true,"href":"https:\/\/transportjournal.com\/fr\/wp-json\/wp\/v2\/tags?post=80655"}],"curies":[{"name":"wp","href":"https:\/\/api.w.org\/{rel}","templated":true}]}}