{"id":80631,"date":"2026-03-12T11:47:26","date_gmt":"2026-03-12T11:47:26","guid":{"rendered":"https:\/\/transportjournal.com\/2026\/03\/12\/novelis-collabore-avec-lineas-dans-le-transport-ferroviaire\/"},"modified":"2026-03-12T11:47:26","modified_gmt":"2026-03-12T11:47:26","slug":"novelis-collabore-avec-lineas-dans-le-transport-ferroviaire","status":"publish","type":"post","link":"https:\/\/transportjournal.com\/fr\/2026\/03\/12\/novelis-collabore-avec-lineas-dans-le-transport-ferroviaire\/","title":{"rendered":"Novelis collabore avec LINEAS dans le transport ferroviaire"},"content":{"rendered":"<p>Novelis a sign\u00e9 un partenariat strat\u00e9gique avec l&#8217;entreprise de transport ferroviaire de marchandises LINEAS pour g\u00e9rer le transport de barres d&#8217;aluminium, de bandes et de d\u00e9chets par rail en Europe. Le contrat pr\u00e9voit que plus de 1 000 trains de marchandises seront utilis\u00e9s chaque ann\u00e9e pour le transport entre les diff\u00e9rents sites de Novelis en Europe, comme l&#8217;indique Novelis.<\/p>\n<h3>Distribution de mat\u00e9riel par rail<\/h3>\n<p>Selon Roland Leder, Vice-Pr\u00e9sident de la cha\u00eene d&#8217;approvisionnement de Novelis Europe, la collaboration avec LINEAS permet une r\u00e9duction significative des \u00e9missions de CO\u2082e. \u00ab Le transport par rail permet d&#8217;\u00e9conomiser environ 78 % des \u00e9missions de CO\u2082e par rapport \u00e0 la route \u00bb, d\u00e9clare Leder.<\/p>\n<p>Le rail joue, selon l&#8217;entreprise, un r\u00f4le central dans le r\u00e9seau logistique de Novelis, car il repr\u00e9sente 95 % du mode de transport principal pour les livraisons de mat\u00e9riel entre les sites de production en Europe. Les longues barres d&#8217;aluminium, qui peuvent peser jusqu&#8217;\u00e0 25 tonnes, sont principalement transport\u00e9es par rail. Cela est principalement d\u00fb aux restrictions de poids pour les transports routiers. Les transports commencent \u00e0 l&#8217;usine Novelis de Nachterstedt et se dirigent vers l&#8217;usine de coentreprise &#8222;Alunorf&#8220; \u00e0 Neuss.<\/p>\n<p>Le site de G\u00f6ttingen sert, selon Novelis, de plaque tournante pour le r\u00e9seau logistique ferroviaire europ\u00e9en de l&#8217;entreprise. C&#8217;est ici que se fait la formation des trains, ce qui doit garantir une distribution efficace des mat\u00e9riaux au sein des sites.<\/p>\n<p><a href=\"https:\/\/de.novelis.com\/\" target=\"_blank\" rel=\"noopener noreferrer\">www.de.novelis.com<\/a><\/p>\n","protected":false},"excerpt":{"rendered":"<p>Novelis a conclu un partenariat avec LINEAS pour g\u00e9rer le transport ferroviaire d&rsquo;aluminium en Europe.<\/p>\n","protected":false},"author":10,"featured_media":80629,"comment_status":"open","ping_status":"","sticky":false,"template":"","format":"standard","meta":{"_acf_changed":false,"footnotes":""},"categories":[9092,1580,1587],"tags":[26358,26359,26360,26361,26362,26363,26364,2115,4521,26365,26366,26367,26368,26369,26370,26371,26372,2125,3682,3683,26373,2131,2133,2134,1831,2136,2622,26374,26375,1800,26376,26377,3157,3566,2148,2193,4264,26378,1916,26379,2641,26380,26381,26382,4345,3852,3125,2155,1837],"class_list":["post-80631","post","type-post","status-publish","format-standard","has-post-thumbnail","hentry","category-deutschland","category-intermodal-route","category-leurope","tag-aluminiumtransport","tag-aluminum-transport","tag-alunorf","tag-bahntransport","tag-coe-emissions","tag-coe-emissionen","tag-deutsch-novelis","tag-digitalisierung-in-der-logistik","tag-digitization-in-logistics","tag-distribution-de-materiel-par-rail","tag-emissions-de-coe","tag-europaeisches-schienenlogistiknetz","tag-european-rail-logistics-network","tag-fachkraeftemangel-in-der-transportbranche","tag-freight-trains-in-europe","tag-goettingen","tag-gueterzuege-in-europa","tag-industrie-du-transport","tag-infrastructure","tag-infrastruktur","tag-lineas","tag-logistics","tag-logistics-service-providers","tag-logistik","tag-logistikdienstleister","tag-logistique","tag-logistique-durable","tag-material-distribution-by-rail","tag-materialverteilung-per-schiene","tag-nachhaltige-logistik","tag-nachhaltiger-transport-english-novelis","tag-nachterstedt","tag-numerisation-dans-la-logistique","tag-penurie-de-main-doeuvre-dans-le-secteur-du-transport","tag-prestataires-de-services-logistiques","tag-rail-freight-transport","tag-rail-transport","tag-reseau-logistique-ferroviaire-europeen","tag-schienengueterverkehr","tag-skills-shortage-in-the-transport-sector","tag-sustainable-logistics","tag-sustainable-transport-francais-novelis","tag-trains-de-marchandises-en-europe","tag-transport-daluminium","tag-transport-durable","tag-transport-ferroviaire","tag-transport-ferroviaire-de-marchandises","tag-transport-industry","tag-transportwirtschaft"],"acf":[],"yoast_head":"<!-- This site is optimized with the Yoast SEO plugin v27.3 - https:\/\/yoast.com\/product\/yoast-seo-wordpress\/ -->\n<title>Novelis collabore avec LINEAS dans le transport ferroviaire - ITJ | International Transport Journal<\/title>\n<meta name=\"robots\" content=\"index, follow, max-snippet:-1, max-image-preview:large, max-video-preview:-1\" \/>\n<link rel=\"canonical\" href=\"https:\/\/transportjournal.com\/fr\/2026\/03\/12\/novelis-collabore-avec-lineas-dans-le-transport-ferroviaire\/\" \/>\n<meta property=\"og:locale\" content=\"fr_FR\" \/>\n<meta property=\"og:type\" content=\"article\" \/>\n<meta property=\"og:title\" content=\"Novelis collabore avec LINEAS dans le transport ferroviaire - ITJ | International Transport Journal\" \/>\n<meta property=\"og:description\" content=\"Novelis a conclu un partenariat avec LINEAS pour g\u00e9rer le transport ferroviaire d&#039;aluminium en Europe.\" \/>\n<meta property=\"og:url\" content=\"https:\/\/transportjournal.com\/fr\/2026\/03\/12\/novelis-collabore-avec-lineas-dans-le-transport-ferroviaire\/\" \/>\n<meta property=\"og:site_name\" content=\"ITJ | International Transport Journal\" \/>\n<meta property=\"article:published_time\" content=\"2026-03-12T11:47:26+00:00\" \/>\n<meta property=\"og:image\" content=\"https:\/\/transportjournal.com\/wp-content\/uploads\/sites\/2\/2026\/03\/da2894f0-fde6-4444-aa61-2a4704833887-aspect-ratio-1400-788.jpg\" \/>\n\t<meta property=\"og:image:width\" content=\"1920\" \/>\n\t<meta property=\"og:image:height\" content=\"1081\" \/>\n\t<meta property=\"og:image:type\" content=\"image\/jpeg\" \/>\n<meta name=\"author\" content=\"Jeremy Soland\" \/>\n<meta name=\"twitter:card\" content=\"summary_large_image\" \/>\n<meta name=\"twitter:label1\" content=\"\u00c9crit par\" \/>\n\t<meta name=\"twitter:data1\" content=\"Jeremy Soland\" \/>\n\t<meta name=\"twitter:label2\" content=\"Dur\u00e9e de lecture estim\u00e9e\" \/>\n\t<meta name=\"twitter:data2\" content=\"1 minute\" \/>\n<script type=\"application\/ld+json\" class=\"yoast-schema-graph\">{\"@context\":\"https:\\\/\\\/schema.org\",\"@graph\":[{\"@type\":\"Article\",\"@id\":\"https:\\\/\\\/transportjournal.com\\\/fr\\\/2026\\\/03\\\/12\\\/novelis-collabore-avec-lineas-dans-le-transport-ferroviaire\\\/#article\",\"isPartOf\":{\"@id\":\"https:\\\/\\\/transportjournal.com\\\/fr\\\/2026\\\/03\\\/12\\\/novelis-collabore-avec-lineas-dans-le-transport-ferroviaire\\\/\"},\"author\":{\"name\":\"Jeremy Soland\",\"@id\":\"https:\\\/\\\/transportjournal.com\\\/fr\\\/#\\\/schema\\\/person\\\/41d36b5474b623392fa613e97e2363fa\"},\"headline\":\"Novelis collabore avec LINEAS dans le transport ferroviaire\",\"datePublished\":\"2026-03-12T11:47:26+00:00\",\"mainEntityOfPage\":{\"@id\":\"https:\\\/\\\/transportjournal.com\\\/fr\\\/2026\\\/03\\\/12\\\/novelis-collabore-avec-lineas-dans-le-transport-ferroviaire\\\/\"},\"wordCount\":264,\"commentCount\":0,\"publisher\":{\"@id\":\"https:\\\/\\\/transportjournal.com\\\/fr\\\/#organization\"},\"image\":{\"@id\":\"https:\\\/\\\/transportjournal.com\\\/fr\\\/2026\\\/03\\\/12\\\/novelis-collabore-avec-lineas-dans-le-transport-ferroviaire\\\/#primaryimage\"},\"thumbnailUrl\":\"https:\\\/\\\/transportjournal.com\\\/wp-content\\\/uploads\\\/sites\\\/2\\\/2026\\\/03\\\/da2894f0-fde6-4444-aa61-2a4704833887-aspect-ratio-1400-788.jpg\",\"keywords\":[\"Aluminiumtransport\",\"aluminum transport\",\"Alunorf\",\"Bahntransport\",\"CO\u2082e emissions\",\"CO\u2082e-Emissionen\",\"Deutsch Novelis\",\"Digitalisierung in der Logistik\",\"digitization in logistics\",\"distribution de mat\u00e9riel par rail\",\"\u00e9missions de CO\u2082e\",\"europ\u00e4isches Schienenlogistiknetz\",\"European rail logistics network\",\"Fachkr\u00e4ftemangel in der Transportbranche\",\"freight trains in Europe\",\"G\u00f6ttingen\",\"G\u00fcterz\u00fcge in Europa\",\"industrie du transport\",\"infrastructure\",\"Infrastruktur\",\"LINEAS\",\"logistics\",\"logistics service providers\",\"Logistik\",\"Logistikdienstleister\",\"logistique\",\"logistique durable\",\"material distribution by rail\",\"Materialverteilung per Schiene\",\"nachhaltige Logistik\",\"nachhaltiger Transport English Novelis\",\"Nachterstedt\",\"num\u00e9risation dans la logistique\",\"p\u00e9nurie de main-d'\u0153uvre dans le secteur du transport\",\"prestataires de services logistiques\",\"rail freight transport\",\"rail transport\",\"r\u00e9seau logistique ferroviaire europ\u00e9en\",\"Schieneng\u00fcterverkehr\",\"skills shortage in the transport sector\",\"sustainable logistics\",\"sustainable transport Fran\u00e7ais Novelis\",\"trains de marchandises en Europe\",\"transport d'aluminium\",\"transport durable\",\"transport ferroviaire\",\"transport ferroviaire de marchandises\",\"transport industry\",\"Transportwirtschaft\"],\"articleSection\":[\"Deutschland\",\"Intermodal \\\/ Route\",\"L'Europe\"],\"inLanguage\":\"fr-FR\",\"potentialAction\":[{\"@type\":\"CommentAction\",\"name\":\"Comment\",\"target\":[\"https:\\\/\\\/transportjournal.com\\\/fr\\\/2026\\\/03\\\/12\\\/novelis-collabore-avec-lineas-dans-le-transport-ferroviaire\\\/#respond\"]}]},{\"@type\":\"WebPage\",\"@id\":\"https:\\\/\\\/transportjournal.com\\\/fr\\\/2026\\\/03\\\/12\\\/novelis-collabore-avec-lineas-dans-le-transport-ferroviaire\\\/\",\"url\":\"https:\\\/\\\/transportjournal.com\\\/fr\\\/2026\\\/03\\\/12\\\/novelis-collabore-avec-lineas-dans-le-transport-ferroviaire\\\/\",\"name\":\"Novelis collabore avec LINEAS dans le transport ferroviaire - ITJ | International Transport Journal\",\"isPartOf\":{\"@id\":\"https:\\\/\\\/transportjournal.com\\\/fr\\\/#website\"},\"primaryImageOfPage\":{\"@id\":\"https:\\\/\\\/transportjournal.com\\\/fr\\\/2026\\\/03\\\/12\\\/novelis-collabore-avec-lineas-dans-le-transport-ferroviaire\\\/#primaryimage\"},\"image\":{\"@id\":\"https:\\\/\\\/transportjournal.com\\\/fr\\\/2026\\\/03\\\/12\\\/novelis-collabore-avec-lineas-dans-le-transport-ferroviaire\\\/#primaryimage\"},\"thumbnailUrl\":\"https:\\\/\\\/transportjournal.com\\\/wp-content\\\/uploads\\\/sites\\\/2\\\/2026\\\/03\\\/da2894f0-fde6-4444-aa61-2a4704833887-aspect-ratio-1400-788.jpg\",\"datePublished\":\"2026-03-12T11:47:26+00:00\",\"breadcrumb\":{\"@id\":\"https:\\\/\\\/transportjournal.com\\\/fr\\\/2026\\\/03\\\/12\\\/novelis-collabore-avec-lineas-dans-le-transport-ferroviaire\\\/#breadcrumb\"},\"inLanguage\":\"fr-FR\",\"potentialAction\":[{\"@type\":\"ReadAction\",\"target\":[\"https:\\\/\\\/transportjournal.com\\\/fr\\\/2026\\\/03\\\/12\\\/novelis-collabore-avec-lineas-dans-le-transport-ferroviaire\\\/\"]}]},{\"@type\":\"ImageObject\",\"inLanguage\":\"fr-FR\",\"@id\":\"https:\\\/\\\/transportjournal.com\\\/fr\\\/2026\\\/03\\\/12\\\/novelis-collabore-avec-lineas-dans-le-transport-ferroviaire\\\/#primaryimage\",\"url\":\"https:\\\/\\\/transportjournal.com\\\/wp-content\\\/uploads\\\/sites\\\/2\\\/2026\\\/03\\\/da2894f0-fde6-4444-aa61-2a4704833887-aspect-ratio-1400-788.jpg\",\"contentUrl\":\"https:\\\/\\\/transportjournal.com\\\/wp-content\\\/uploads\\\/sites\\\/2\\\/2026\\\/03\\\/da2894f0-fde6-4444-aa61-2a4704833887-aspect-ratio-1400-788.jpg\",\"width\":1920,\"height\":1081},{\"@type\":\"BreadcrumbList\",\"@id\":\"https:\\\/\\\/transportjournal.com\\\/fr\\\/2026\\\/03\\\/12\\\/novelis-collabore-avec-lineas-dans-le-transport-ferroviaire\\\/#breadcrumb\",\"itemListElement\":[{\"@type\":\"ListItem\",\"position\":1,\"name\":\"Startseite\",\"item\":\"https:\\\/\\\/transportjournal.com\\\/fr\\\/\"},{\"@type\":\"ListItem\",\"position\":2,\"name\":\"Novelis collabore avec LINEAS dans le transport ferroviaire\"}]},{\"@type\":\"WebSite\",\"@id\":\"https:\\\/\\\/transportjournal.com\\\/fr\\\/#website\",\"url\":\"https:\\\/\\\/transportjournal.com\\\/fr\\\/\",\"name\":\"ITJ | International Transport Journal\",\"description\":\"Restez inform\u00e9 des derni\u00e8res nouvelles mondiales dans les secteurs du transport, de la logistique et de la cha\u00eene d'approvisionnement. Transport Journal fournit des informations d'experts, des analyses et des mises \u00e0 jour sur le transport maritime, l'aviation, l'intermodalit\u00e9 et l'exp\u00e9dition. \",\"publisher\":{\"@id\":\"https:\\\/\\\/transportjournal.com\\\/fr\\\/#organization\"},\"potentialAction\":[{\"@type\":\"SearchAction\",\"target\":{\"@type\":\"EntryPoint\",\"urlTemplate\":\"https:\\\/\\\/transportjournal.com\\\/fr\\\/?s={search_term_string}\"},\"query-input\":{\"@type\":\"PropertyValueSpecification\",\"valueRequired\":true,\"valueName\":\"search_term_string\"}}],\"inLanguage\":\"fr-FR\"},{\"@type\":\"Organization\",\"@id\":\"https:\\\/\\\/transportjournal.com\\\/fr\\\/#organization\",\"name\":\"Groupe Logismedia AG\",\"alternateName\":\"Logismedia Group AG\",\"url\":\"https:\\\/\\\/transportjournal.com\\\/fr\\\/\",\"logo\":{\"@type\":\"ImageObject\",\"inLanguage\":\"fr-FR\",\"@id\":\"https:\\\/\\\/transportjournal.com\\\/fr\\\/#\\\/schema\\\/logo\\\/image\\\/\",\"url\":\"https:\\\/\\\/transportjournal.com\\\/wp-content\\\/uploads\\\/sites\\\/2\\\/2025\\\/09\\\/Logo_ITJ.png\",\"contentUrl\":\"https:\\\/\\\/transportjournal.com\\\/wp-content\\\/uploads\\\/sites\\\/2\\\/2025\\\/09\\\/Logo_ITJ.png\",\"width\":799,\"height\":326,\"caption\":\"Groupe Logismedia AG\"},\"image\":{\"@id\":\"https:\\\/\\\/transportjournal.com\\\/fr\\\/#\\\/schema\\\/logo\\\/image\\\/\"},\"sameAs\":[\"https:\\\/\\\/www.linkedin.com\\\/company\\\/56456496\\\/admin\\\/dashboard\\\/\",\"https:\\\/\\\/www.instagram.com\\\/logismediagroup\\\/\",\"https:\\\/\\\/www.youtube.com\\\/@LogiamediaGroupAG\"]},{\"@type\":\"Person\",\"@id\":\"https:\\\/\\\/transportjournal.com\\\/fr\\\/#\\\/schema\\\/person\\\/41d36b5474b623392fa613e97e2363fa\",\"name\":\"Jeremy Soland\",\"url\":\"https:\\\/\\\/transportjournal.com\\\/fr\\\/author\\\/jeremy\\\/\"}]}<\/script>\n<!-- \/ Yoast SEO plugin. -->","yoast_head_json":{"title":"Novelis collabore avec LINEAS dans le transport ferroviaire - ITJ | International Transport Journal","robots":{"index":"index","follow":"follow","max-snippet":"max-snippet:-1","max-image-preview":"max-image-preview:large","max-video-preview":"max-video-preview:-1"},"canonical":"https:\/\/transportjournal.com\/fr\/2026\/03\/12\/novelis-collabore-avec-lineas-dans-le-transport-ferroviaire\/","og_locale":"fr_FR","og_type":"article","og_title":"Novelis collabore avec LINEAS dans le transport ferroviaire - ITJ | International Transport Journal","og_description":"Novelis a conclu un partenariat avec LINEAS pour g\u00e9rer le transport ferroviaire d'aluminium en Europe.","og_url":"https:\/\/transportjournal.com\/fr\/2026\/03\/12\/novelis-collabore-avec-lineas-dans-le-transport-ferroviaire\/","og_site_name":"ITJ | International Transport Journal","article_published_time":"2026-03-12T11:47:26+00:00","og_image":[{"width":1920,"height":1081,"url":"https:\/\/transportjournal.com\/wp-content\/uploads\/sites\/2\/2026\/03\/da2894f0-fde6-4444-aa61-2a4704833887-aspect-ratio-1400-788.jpg","type":"image\/jpeg"}],"author":"Jeremy Soland","twitter_card":"summary_large_image","twitter_misc":{"\u00c9crit par":"Jeremy Soland","Dur\u00e9e de lecture estim\u00e9e":"1 minute"},"schema":{"@context":"https:\/\/schema.org","@graph":[{"@type":"Article","@id":"https:\/\/transportjournal.com\/fr\/2026\/03\/12\/novelis-collabore-avec-lineas-dans-le-transport-ferroviaire\/#article","isPartOf":{"@id":"https:\/\/transportjournal.com\/fr\/2026\/03\/12\/novelis-collabore-avec-lineas-dans-le-transport-ferroviaire\/"},"author":{"name":"Jeremy Soland","@id":"https:\/\/transportjournal.com\/fr\/#\/schema\/person\/41d36b5474b623392fa613e97e2363fa"},"headline":"Novelis collabore avec LINEAS dans le transport ferroviaire","datePublished":"2026-03-12T11:47:26+00:00","mainEntityOfPage":{"@id":"https:\/\/transportjournal.com\/fr\/2026\/03\/12\/novelis-collabore-avec-lineas-dans-le-transport-ferroviaire\/"},"wordCount":264,"commentCount":0,"publisher":{"@id":"https:\/\/transportjournal.com\/fr\/#organization"},"image":{"@id":"https:\/\/transportjournal.com\/fr\/2026\/03\/12\/novelis-collabore-avec-lineas-dans-le-transport-ferroviaire\/#primaryimage"},"thumbnailUrl":"https:\/\/transportjournal.com\/wp-content\/uploads\/sites\/2\/2026\/03\/da2894f0-fde6-4444-aa61-2a4704833887-aspect-ratio-1400-788.jpg","keywords":["Aluminiumtransport","aluminum transport","Alunorf","Bahntransport","CO\u2082e emissions","CO\u2082e-Emissionen","Deutsch Novelis","Digitalisierung in der Logistik","digitization in logistics","distribution de mat\u00e9riel par rail","\u00e9missions de CO\u2082e","europ\u00e4isches Schienenlogistiknetz","European rail logistics network","Fachkr\u00e4ftemangel in der Transportbranche","freight trains in Europe","G\u00f6ttingen","G\u00fcterz\u00fcge in Europa","industrie du transport","infrastructure","Infrastruktur","LINEAS","logistics","logistics service providers","Logistik","Logistikdienstleister","logistique","logistique durable","material distribution by rail","Materialverteilung per Schiene","nachhaltige Logistik","nachhaltiger Transport English Novelis","Nachterstedt","num\u00e9risation dans la logistique","p\u00e9nurie de main-d'\u0153uvre dans le secteur du transport","prestataires de services logistiques","rail freight transport","rail transport","r\u00e9seau logistique ferroviaire europ\u00e9en","Schieneng\u00fcterverkehr","skills shortage in the transport sector","sustainable logistics","sustainable transport Fran\u00e7ais Novelis","trains de marchandises en Europe","transport d'aluminium","transport durable","transport ferroviaire","transport ferroviaire de marchandises","transport industry","Transportwirtschaft"],"articleSection":["Deutschland","Intermodal \/ Route","L'Europe"],"inLanguage":"fr-FR","potentialAction":[{"@type":"CommentAction","name":"Comment","target":["https:\/\/transportjournal.com\/fr\/2026\/03\/12\/novelis-collabore-avec-lineas-dans-le-transport-ferroviaire\/#respond"]}]},{"@type":"WebPage","@id":"https:\/\/transportjournal.com\/fr\/2026\/03\/12\/novelis-collabore-avec-lineas-dans-le-transport-ferroviaire\/","url":"https:\/\/transportjournal.com\/fr\/2026\/03\/12\/novelis-collabore-avec-lineas-dans-le-transport-ferroviaire\/","name":"Novelis collabore avec LINEAS dans le transport ferroviaire - ITJ | International Transport Journal","isPartOf":{"@id":"https:\/\/transportjournal.com\/fr\/#website"},"primaryImageOfPage":{"@id":"https:\/\/transportjournal.com\/fr\/2026\/03\/12\/novelis-collabore-avec-lineas-dans-le-transport-ferroviaire\/#primaryimage"},"image":{"@id":"https:\/\/transportjournal.com\/fr\/2026\/03\/12\/novelis-collabore-avec-lineas-dans-le-transport-ferroviaire\/#primaryimage"},"thumbnailUrl":"https:\/\/transportjournal.com\/wp-content\/uploads\/sites\/2\/2026\/03\/da2894f0-fde6-4444-aa61-2a4704833887-aspect-ratio-1400-788.jpg","datePublished":"2026-03-12T11:47:26+00:00","breadcrumb":{"@id":"https:\/\/transportjournal.com\/fr\/2026\/03\/12\/novelis-collabore-avec-lineas-dans-le-transport-ferroviaire\/#breadcrumb"},"inLanguage":"fr-FR","potentialAction":[{"@type":"ReadAction","target":["https:\/\/transportjournal.com\/fr\/2026\/03\/12\/novelis-collabore-avec-lineas-dans-le-transport-ferroviaire\/"]}]},{"@type":"ImageObject","inLanguage":"fr-FR","@id":"https:\/\/transportjournal.com\/fr\/2026\/03\/12\/novelis-collabore-avec-lineas-dans-le-transport-ferroviaire\/#primaryimage","url":"https:\/\/transportjournal.com\/wp-content\/uploads\/sites\/2\/2026\/03\/da2894f0-fde6-4444-aa61-2a4704833887-aspect-ratio-1400-788.jpg","contentUrl":"https:\/\/transportjournal.com\/wp-content\/uploads\/sites\/2\/2026\/03\/da2894f0-fde6-4444-aa61-2a4704833887-aspect-ratio-1400-788.jpg","width":1920,"height":1081},{"@type":"BreadcrumbList","@id":"https:\/\/transportjournal.com\/fr\/2026\/03\/12\/novelis-collabore-avec-lineas-dans-le-transport-ferroviaire\/#breadcrumb","itemListElement":[{"@type":"ListItem","position":1,"name":"Startseite","item":"https:\/\/transportjournal.com\/fr\/"},{"@type":"ListItem","position":2,"name":"Novelis collabore avec LINEAS dans le transport ferroviaire"}]},{"@type":"WebSite","@id":"https:\/\/transportjournal.com\/fr\/#website","url":"https:\/\/transportjournal.com\/fr\/","name":"ITJ | International Transport Journal","description":"Restez inform\u00e9 des derni\u00e8res nouvelles mondiales dans les secteurs du transport, de la logistique et de la cha\u00eene d'approvisionnement. Transport Journal fournit des informations d'experts, des analyses et des mises \u00e0 jour sur le transport maritime, l'aviation, l'intermodalit\u00e9 et l'exp\u00e9dition. ","publisher":{"@id":"https:\/\/transportjournal.com\/fr\/#organization"},"potentialAction":[{"@type":"SearchAction","target":{"@type":"EntryPoint","urlTemplate":"https:\/\/transportjournal.com\/fr\/?s={search_term_string}"},"query-input":{"@type":"PropertyValueSpecification","valueRequired":true,"valueName":"search_term_string"}}],"inLanguage":"fr-FR"},{"@type":"Organization","@id":"https:\/\/transportjournal.com\/fr\/#organization","name":"Groupe Logismedia AG","alternateName":"Logismedia Group AG","url":"https:\/\/transportjournal.com\/fr\/","logo":{"@type":"ImageObject","inLanguage":"fr-FR","@id":"https:\/\/transportjournal.com\/fr\/#\/schema\/logo\/image\/","url":"https:\/\/transportjournal.com\/wp-content\/uploads\/sites\/2\/2025\/09\/Logo_ITJ.png","contentUrl":"https:\/\/transportjournal.com\/wp-content\/uploads\/sites\/2\/2025\/09\/Logo_ITJ.png","width":799,"height":326,"caption":"Groupe Logismedia AG"},"image":{"@id":"https:\/\/transportjournal.com\/fr\/#\/schema\/logo\/image\/"},"sameAs":["https:\/\/www.linkedin.com\/company\/56456496\/admin\/dashboard\/","https:\/\/www.instagram.com\/logismediagroup\/","https:\/\/www.youtube.com\/@LogiamediaGroupAG"]},{"@type":"Person","@id":"https:\/\/transportjournal.com\/fr\/#\/schema\/person\/41d36b5474b623392fa613e97e2363fa","name":"Jeremy Soland","url":"https:\/\/transportjournal.com\/fr\/author\/jeremy\/"}]}},"_links":{"self":[{"href":"https:\/\/transportjournal.com\/fr\/wp-json\/wp\/v2\/posts\/80631","targetHints":{"allow":["GET"]}}],"collection":[{"href":"https:\/\/transportjournal.com\/fr\/wp-json\/wp\/v2\/posts"}],"about":[{"href":"https:\/\/transportjournal.com\/fr\/wp-json\/wp\/v2\/types\/post"}],"author":[{"embeddable":true,"href":"https:\/\/transportjournal.com\/fr\/wp-json\/wp\/v2\/users\/10"}],"replies":[{"embeddable":true,"href":"https:\/\/transportjournal.com\/fr\/wp-json\/wp\/v2\/comments?post=80631"}],"version-history":[{"count":0,"href":"https:\/\/transportjournal.com\/fr\/wp-json\/wp\/v2\/posts\/80631\/revisions"}],"wp:featuredmedia":[{"embeddable":true,"href":"https:\/\/transportjournal.com\/fr\/wp-json\/wp\/v2\/media\/80629"}],"wp:attachment":[{"href":"https:\/\/transportjournal.com\/fr\/wp-json\/wp\/v2\/media?parent=80631"}],"wp:term":[{"taxonomy":"category","embeddable":true,"href":"https:\/\/transportjournal.com\/fr\/wp-json\/wp\/v2\/categories?post=80631"},{"taxonomy":"post_tag","embeddable":true,"href":"https:\/\/transportjournal.com\/fr\/wp-json\/wp\/v2\/tags?post=80631"}],"curies":[{"name":"wp","href":"https:\/\/api.w.org\/{rel}","templated":true}]}}