{"id":80623,"date":"2026-03-12T11:51:15","date_gmt":"2026-03-12T11:51:15","guid":{"rendered":"https:\/\/transportjournal.com\/2026\/03\/12\/rapport-dhl-sur-la-connectivite-mondiale\/"},"modified":"2026-03-12T11:51:15","modified_gmt":"2026-03-12T11:51:15","slug":"rapport-dhl-sur-la-connectivite-mondiale","status":"publish","type":"post","link":"https:\/\/transportjournal.com\/fr\/2026\/03\/12\/rapport-dhl-sur-la-connectivite-mondiale\/","title":{"rendered":"Rapport DHL sur la connectivit\u00e9 mondiale"},"content":{"rendered":"<p>Le \u00ab Rapport sur la connectivit\u00e9 mondiale de DHL 2026 \u00bb montre que la mondialisation reste proche de niveaux record malgr\u00e9 les tensions g\u00e9opolitiques, l&#8217;augmentation des droits de douane am\u00e9ricains et les incertitudes concernant les politiques commerciales futures.<\/p>\n<p>Le rapport, \u00e9labor\u00e9 par DHL et la Stern School of Business de l&#8217;Universit\u00e9 de New York, analyse plus de 9 millions de points de donn\u00e9es sur les flux internationaux de commerce, de capital, d&#8217;informations et de personnes. Les r\u00e9sultats montrent que l&#8217;int\u00e9gration \u00e9conomique mondiale reste stable malgr\u00e9 l&#8217;accroissement des tensions politiques.<\/p>\n<p>L&#8217;Afrique gagne en importance dans les r\u00e9seaux mondiaux<\/p>\n<p>Le rapport met en avant une int\u00e9gration croissante dans certaines parties de l&#8217;Afrique subsaharienne. Des pays comme la Namibie et le Mozambique ont enregistr\u00e9 des am\u00e9liorations significatives de leur connectivit\u00e9 mondiale \u00e0 long terme, tandis que le Nigeria et la Zambie ont r\u00e9alis\u00e9 des progr\u00e8s notables depuis 2022. L&#8217;analyse sugg\u00e8re que l&#8217;augmentation des flux commerciaux, des investissements et de la mobilit\u00e9 transfrontali\u00e8re soutient la pr\u00e9sence accrue de la r\u00e9gion sur les march\u00e9s internationaux.<\/p>\n<p>L&#8217;\u00e9tude mesure le degr\u00e9 de connectivit\u00e9 sur une \u00e9chelle de z\u00e9ro \u00e0 100 %. En 2025, le monde a atteint un score de 25 %, \u00e9galant ainsi le record de 2022. Le r\u00e9sultat montre que les flux \u00e9conomiques transfrontaliers continuent de cro\u00eetre malgr\u00e9 les incertitudes g\u00e9opolitiques.<\/p>\n<p>L&#8217;\u00e9tude note \u00e9galement que l&#8217;\u00e9conomie mondiale ne s&#8217;est pas divis\u00e9e en blocs rivaux. Bien que les relations commerciales entre les \u00c9tats-Unis et la Chine se soient affaiblies, la plupart des pays continuent d&#8217;entretenir des partenariats diversifi\u00e9s. Seule une petite partie des flux commerciaux et d&#8217;investissement mondiaux s&#8217;est d\u00e9tourn\u00e9e des rivaux g\u00e9opolitiques ces derni\u00e8res ann\u00e9es.<\/p>\n<p><a href=\"https:\/\/group.dhl.com\" target=\"_blank\" rel=\"noopener noreferrer\">https:\/\/group.dhl.com<\/a><\/p>\n","protected":false},"excerpt":{"rendered":"<p>Le \u00abDHL Global Connectedness Report 2026\u00bb montre que la mondialisation reste stable malgr\u00e9 les tensions g\u00e9opolitiques et les incertitudes commerciales.<\/p>\n","protected":false},"author":14,"featured_media":80621,"comment_status":"open","ping_status":"","sticky":false,"template":"","format":"standard","meta":{"_acf_changed":false,"footnotes":""},"categories":[1581],"tags":[26329,4555,26330,26331,11926,3739,2115,2116,26332,26333,2700,14656,5225,5226,2123,26334,26335,26336,26337,26338,2909,26339,3745,2075,26340,26341,14664,14665,26342,26343,26344,26345,8696,2133,1831,4573,11282,26346,26347,3157,2925,8704,2720,2929,2148,26348,26349,26350,26351,2106,26352,26353,2295,26354,26355,26356,26357],"class_list":["post-80623","post","type-post","status-publish","format-standard","has-post-thumbnail","hentry","category-expedition-et-logistique","tag-afrique-subsaharienne","tag-analyse-de-marche","tag-connectivite-mondiale","tag-cross-border-mobility","tag-deutsch-dhl","tag-developpement-des-infrastructures","tag-digitalisierung-in-der-logistik","tag-digitalization-in-logistics","tag-economic-integration","tag-economic-stability","tag-fachkraeftemangel-in-der-logistik","tag-flux-commerciaux-internationaux","tag-geopolitical-tensions","tag-geopolitische-spannungen","tag-gestion-de-la-chaine-dapprovisionnement","tag-global-connectivity","tag-globale-vernetzung","tag-globalisierung","tag-globalization","tag-grenzueberschreitende-mobilitaet","tag-hafenbetrieb","tag-handelsbeziehungen-usa-china","tag-infrastructure-development","tag-infrastrukturentwicklung","tag-integration-economique","tag-international-partnerships-francais-dhl","tag-international-trade-flows","tag-internationale-handelsstroeme","tag-internationale-partnerschaften-english-dhl","tag-investissements-en-afrique","tag-investitionen-in-afrika","tag-investments-in-africa","tag-labor-shortages-in-logistics","tag-logistics-service-providers","tag-logistikdienstleister","tag-market-analysis","tag-marktanalysen","tag-mobilite-transfrontaliere","tag-mondialisation","tag-numerisation-dans-la-logistique","tag-operations-portuaires","tag-partenariats-internationaux","tag-penurie-de-main-doeuvre-dans-la-logistique","tag-port-operations","tag-prestataires-de-services-logistiques","tag-relations-commerciales-etats-unis-chine","tag-stabilite-economique","tag-sub-saharan-africa","tag-subsahara-afrika","tag-supply-chain-management","tag-tariffs-and-trade-policy","tag-tarifs-et-politique-commerciale","tag-tensions-geopolitiques","tag-us-china-trade-relations","tag-wirtschaftliche-integration","tag-wirtschaftliche-stabilitaet","tag-zoelle-und-handelspolitik"],"acf":[],"yoast_head":"<!-- This site is optimized with the Yoast SEO plugin v27.3 - https:\/\/yoast.com\/product\/yoast-seo-wordpress\/ -->\n<title>Rapport DHL sur la connectivit\u00e9 mondiale - ITJ | International Transport Journal<\/title>\n<meta name=\"robots\" content=\"index, follow, max-snippet:-1, max-image-preview:large, max-video-preview:-1\" \/>\n<link rel=\"canonical\" href=\"https:\/\/transportjournal.com\/fr\/2026\/03\/12\/rapport-dhl-sur-la-connectivite-mondiale\/\" \/>\n<meta property=\"og:locale\" content=\"fr_FR\" \/>\n<meta property=\"og:type\" content=\"article\" \/>\n<meta property=\"og:title\" content=\"Rapport DHL sur la connectivit\u00e9 mondiale - ITJ | International Transport Journal\" \/>\n<meta property=\"og:description\" content=\"Le \u00abDHL Global Connectedness Report 2026\u00bb montre que la mondialisation reste stable malgr\u00e9 les tensions g\u00e9opolitiques et les incertitudes commerciales.\" \/>\n<meta property=\"og:url\" content=\"https:\/\/transportjournal.com\/fr\/2026\/03\/12\/rapport-dhl-sur-la-connectivite-mondiale\/\" \/>\n<meta property=\"og:site_name\" content=\"ITJ | International Transport Journal\" \/>\n<meta property=\"article:published_time\" content=\"2026-03-12T11:51:15+00:00\" \/>\n<meta property=\"og:image\" content=\"https:\/\/transportjournal.com\/wp-content\/uploads\/sites\/2\/2026\/03\/DHL-Global_connectedness_report-2026-cover-scaled-aspect-ratio-1400-788.jpg\" \/>\n\t<meta property=\"og:image:width\" content=\"2367\" \/>\n\t<meta property=\"og:image:height\" content=\"1333\" \/>\n\t<meta property=\"og:image:type\" content=\"image\/jpeg\" \/>\n<meta name=\"author\" content=\"Gyan Sharan\" \/>\n<meta name=\"twitter:card\" content=\"summary_large_image\" \/>\n<meta name=\"twitter:label1\" content=\"\u00c9crit par\" \/>\n\t<meta name=\"twitter:data1\" content=\"Gyan Sharan\" \/>\n\t<meta name=\"twitter:label2\" content=\"Dur\u00e9e de lecture estim\u00e9e\" \/>\n\t<meta name=\"twitter:data2\" content=\"2 minutes\" \/>\n<script type=\"application\/ld+json\" class=\"yoast-schema-graph\">{\"@context\":\"https:\\\/\\\/schema.org\",\"@graph\":[{\"@type\":\"Article\",\"@id\":\"https:\\\/\\\/transportjournal.com\\\/fr\\\/2026\\\/03\\\/12\\\/rapport-dhl-sur-la-connectivite-mondiale\\\/#article\",\"isPartOf\":{\"@id\":\"https:\\\/\\\/transportjournal.com\\\/fr\\\/2026\\\/03\\\/12\\\/rapport-dhl-sur-la-connectivite-mondiale\\\/\"},\"author\":{\"name\":\"Gyan Sharan\",\"@id\":\"https:\\\/\\\/transportjournal.com\\\/fr\\\/#\\\/schema\\\/person\\\/13a9fc605c753db60ef7750a229cd042\"},\"headline\":\"Rapport DHL sur la connectivit\u00e9 mondiale\",\"datePublished\":\"2026-03-12T11:51:15+00:00\",\"mainEntityOfPage\":{\"@id\":\"https:\\\/\\\/transportjournal.com\\\/fr\\\/2026\\\/03\\\/12\\\/rapport-dhl-sur-la-connectivite-mondiale\\\/\"},\"wordCount\":309,\"commentCount\":0,\"publisher\":{\"@id\":\"https:\\\/\\\/transportjournal.com\\\/fr\\\/#organization\"},\"image\":{\"@id\":\"https:\\\/\\\/transportjournal.com\\\/fr\\\/2026\\\/03\\\/12\\\/rapport-dhl-sur-la-connectivite-mondiale\\\/#primaryimage\"},\"thumbnailUrl\":\"https:\\\/\\\/transportjournal.com\\\/wp-content\\\/uploads\\\/sites\\\/2\\\/2026\\\/03\\\/DHL-Global_connectedness_report-2026-cover-scaled-aspect-ratio-1400-788.jpg\",\"keywords\":[\"Afrique subsaharienne\",\"analyse de march\u00e9\",\"connectivit\u00e9 mondiale\",\"cross-border mobility\",\"Deutsch DHL\",\"d\u00e9veloppement des infrastructures\",\"Digitalisierung in der Logistik\",\"digitalization in logistics\",\"economic integration\",\"economic stability\",\"Fachkr\u00e4ftemangel in der Logistik\",\"flux commerciaux internationaux\",\"geopolitical tensions\",\"geopolitische Spannungen\",\"gestion de la cha\u00eene d'approvisionnement\",\"global connectivity\",\"globale Vernetzung\",\"Globalisierung\",\"globalization\",\"grenz\u00fcberschreitende Mobilit\u00e4t\",\"Hafenbetrieb\",\"Handelsbeziehungen USA-China\",\"infrastructure development\",\"Infrastrukturentwicklung\",\"int\u00e9gration \u00e9conomique\",\"international partnerships Fran\u00e7ais DHL\",\"international trade flows\",\"internationale Handelsstr\u00f6me\",\"internationale Partnerschaften English DHL\",\"investissements en Afrique\",\"Investitionen in Afrika\",\"investments in Africa\",\"labor shortages in logistics\",\"logistics service providers\",\"Logistikdienstleister\",\"market analysis\",\"Marktanalysen\",\"mobilit\u00e9 transfrontali\u00e8re\",\"mondialisation\",\"num\u00e9risation dans la logistique\",\"op\u00e9rations portuaires\",\"partenariats internationaux\",\"p\u00e9nurie de main-d'\u0153uvre dans la logistique\",\"port operations\",\"prestataires de services logistiques\",\"relations commerciales \u00c9tats-Unis-Chine\",\"stabilit\u00e9 \u00e9conomique\",\"Sub-Saharan Africa\",\"Subsahara-Afrika\",\"Supply Chain Management\",\"tariffs and trade policy\",\"tarifs et politique commerciale\",\"tensions g\u00e9opolitiques\",\"US-China trade relations\",\"wirtschaftliche Integration\",\"wirtschaftliche Stabilit\u00e4t\",\"Z\u00f6lle und Handelspolitik\"],\"articleSection\":[\"Exp\u00e9dition de fret et logistique\"],\"inLanguage\":\"fr-FR\",\"potentialAction\":[{\"@type\":\"CommentAction\",\"name\":\"Comment\",\"target\":[\"https:\\\/\\\/transportjournal.com\\\/fr\\\/2026\\\/03\\\/12\\\/rapport-dhl-sur-la-connectivite-mondiale\\\/#respond\"]}]},{\"@type\":\"WebPage\",\"@id\":\"https:\\\/\\\/transportjournal.com\\\/fr\\\/2026\\\/03\\\/12\\\/rapport-dhl-sur-la-connectivite-mondiale\\\/\",\"url\":\"https:\\\/\\\/transportjournal.com\\\/fr\\\/2026\\\/03\\\/12\\\/rapport-dhl-sur-la-connectivite-mondiale\\\/\",\"name\":\"Rapport DHL sur la connectivit\u00e9 mondiale - ITJ | International Transport Journal\",\"isPartOf\":{\"@id\":\"https:\\\/\\\/transportjournal.com\\\/fr\\\/#website\"},\"primaryImageOfPage\":{\"@id\":\"https:\\\/\\\/transportjournal.com\\\/fr\\\/2026\\\/03\\\/12\\\/rapport-dhl-sur-la-connectivite-mondiale\\\/#primaryimage\"},\"image\":{\"@id\":\"https:\\\/\\\/transportjournal.com\\\/fr\\\/2026\\\/03\\\/12\\\/rapport-dhl-sur-la-connectivite-mondiale\\\/#primaryimage\"},\"thumbnailUrl\":\"https:\\\/\\\/transportjournal.com\\\/wp-content\\\/uploads\\\/sites\\\/2\\\/2026\\\/03\\\/DHL-Global_connectedness_report-2026-cover-scaled-aspect-ratio-1400-788.jpg\",\"datePublished\":\"2026-03-12T11:51:15+00:00\",\"breadcrumb\":{\"@id\":\"https:\\\/\\\/transportjournal.com\\\/fr\\\/2026\\\/03\\\/12\\\/rapport-dhl-sur-la-connectivite-mondiale\\\/#breadcrumb\"},\"inLanguage\":\"fr-FR\",\"potentialAction\":[{\"@type\":\"ReadAction\",\"target\":[\"https:\\\/\\\/transportjournal.com\\\/fr\\\/2026\\\/03\\\/12\\\/rapport-dhl-sur-la-connectivite-mondiale\\\/\"]}]},{\"@type\":\"ImageObject\",\"inLanguage\":\"fr-FR\",\"@id\":\"https:\\\/\\\/transportjournal.com\\\/fr\\\/2026\\\/03\\\/12\\\/rapport-dhl-sur-la-connectivite-mondiale\\\/#primaryimage\",\"url\":\"https:\\\/\\\/transportjournal.com\\\/wp-content\\\/uploads\\\/sites\\\/2\\\/2026\\\/03\\\/DHL-Global_connectedness_report-2026-cover-scaled-aspect-ratio-1400-788.jpg\",\"contentUrl\":\"https:\\\/\\\/transportjournal.com\\\/wp-content\\\/uploads\\\/sites\\\/2\\\/2026\\\/03\\\/DHL-Global_connectedness_report-2026-cover-scaled-aspect-ratio-1400-788.jpg\",\"width\":2367,\"height\":1333},{\"@type\":\"BreadcrumbList\",\"@id\":\"https:\\\/\\\/transportjournal.com\\\/fr\\\/2026\\\/03\\\/12\\\/rapport-dhl-sur-la-connectivite-mondiale\\\/#breadcrumb\",\"itemListElement\":[{\"@type\":\"ListItem\",\"position\":1,\"name\":\"Startseite\",\"item\":\"https:\\\/\\\/transportjournal.com\\\/fr\\\/\"},{\"@type\":\"ListItem\",\"position\":2,\"name\":\"Rapport DHL sur la connectivit\u00e9 mondiale\"}]},{\"@type\":\"WebSite\",\"@id\":\"https:\\\/\\\/transportjournal.com\\\/fr\\\/#website\",\"url\":\"https:\\\/\\\/transportjournal.com\\\/fr\\\/\",\"name\":\"ITJ | International Transport Journal\",\"description\":\"Restez inform\u00e9 des derni\u00e8res nouvelles mondiales dans les secteurs du transport, de la logistique et de la cha\u00eene d'approvisionnement. Transport Journal fournit des informations d'experts, des analyses et des mises \u00e0 jour sur le transport maritime, l'aviation, l'intermodalit\u00e9 et l'exp\u00e9dition. \",\"publisher\":{\"@id\":\"https:\\\/\\\/transportjournal.com\\\/fr\\\/#organization\"},\"potentialAction\":[{\"@type\":\"SearchAction\",\"target\":{\"@type\":\"EntryPoint\",\"urlTemplate\":\"https:\\\/\\\/transportjournal.com\\\/fr\\\/?s={search_term_string}\"},\"query-input\":{\"@type\":\"PropertyValueSpecification\",\"valueRequired\":true,\"valueName\":\"search_term_string\"}}],\"inLanguage\":\"fr-FR\"},{\"@type\":\"Organization\",\"@id\":\"https:\\\/\\\/transportjournal.com\\\/fr\\\/#organization\",\"name\":\"Groupe Logismedia AG\",\"alternateName\":\"Logismedia Group AG\",\"url\":\"https:\\\/\\\/transportjournal.com\\\/fr\\\/\",\"logo\":{\"@type\":\"ImageObject\",\"inLanguage\":\"fr-FR\",\"@id\":\"https:\\\/\\\/transportjournal.com\\\/fr\\\/#\\\/schema\\\/logo\\\/image\\\/\",\"url\":\"https:\\\/\\\/transportjournal.com\\\/wp-content\\\/uploads\\\/sites\\\/2\\\/2025\\\/09\\\/Logo_ITJ.png\",\"contentUrl\":\"https:\\\/\\\/transportjournal.com\\\/wp-content\\\/uploads\\\/sites\\\/2\\\/2025\\\/09\\\/Logo_ITJ.png\",\"width\":799,\"height\":326,\"caption\":\"Groupe Logismedia AG\"},\"image\":{\"@id\":\"https:\\\/\\\/transportjournal.com\\\/fr\\\/#\\\/schema\\\/logo\\\/image\\\/\"},\"sameAs\":[\"https:\\\/\\\/www.linkedin.com\\\/company\\\/56456496\\\/admin\\\/dashboard\\\/\",\"https:\\\/\\\/www.instagram.com\\\/logismediagroup\\\/\",\"https:\\\/\\\/www.youtube.com\\\/@LogiamediaGroupAG\"]},{\"@type\":\"Person\",\"@id\":\"https:\\\/\\\/transportjournal.com\\\/fr\\\/#\\\/schema\\\/person\\\/13a9fc605c753db60ef7750a229cd042\",\"name\":\"Gyan Sharan\",\"url\":\"https:\\\/\\\/transportjournal.com\\\/fr\\\/author\\\/gyan\\\/\"}]}<\/script>\n<!-- \/ Yoast SEO plugin. -->","yoast_head_json":{"title":"Rapport DHL sur la connectivit\u00e9 mondiale - ITJ | International Transport Journal","robots":{"index":"index","follow":"follow","max-snippet":"max-snippet:-1","max-image-preview":"max-image-preview:large","max-video-preview":"max-video-preview:-1"},"canonical":"https:\/\/transportjournal.com\/fr\/2026\/03\/12\/rapport-dhl-sur-la-connectivite-mondiale\/","og_locale":"fr_FR","og_type":"article","og_title":"Rapport DHL sur la connectivit\u00e9 mondiale - ITJ | International Transport Journal","og_description":"Le \u00abDHL Global Connectedness Report 2026\u00bb montre que la mondialisation reste stable malgr\u00e9 les tensions g\u00e9opolitiques et les incertitudes commerciales.","og_url":"https:\/\/transportjournal.com\/fr\/2026\/03\/12\/rapport-dhl-sur-la-connectivite-mondiale\/","og_site_name":"ITJ | International Transport Journal","article_published_time":"2026-03-12T11:51:15+00:00","og_image":[{"width":2367,"height":1333,"url":"https:\/\/transportjournal.com\/wp-content\/uploads\/sites\/2\/2026\/03\/DHL-Global_connectedness_report-2026-cover-scaled-aspect-ratio-1400-788.jpg","type":"image\/jpeg"}],"author":"Gyan Sharan","twitter_card":"summary_large_image","twitter_misc":{"\u00c9crit par":"Gyan Sharan","Dur\u00e9e de lecture estim\u00e9e":"2 minutes"},"schema":{"@context":"https:\/\/schema.org","@graph":[{"@type":"Article","@id":"https:\/\/transportjournal.com\/fr\/2026\/03\/12\/rapport-dhl-sur-la-connectivite-mondiale\/#article","isPartOf":{"@id":"https:\/\/transportjournal.com\/fr\/2026\/03\/12\/rapport-dhl-sur-la-connectivite-mondiale\/"},"author":{"name":"Gyan Sharan","@id":"https:\/\/transportjournal.com\/fr\/#\/schema\/person\/13a9fc605c753db60ef7750a229cd042"},"headline":"Rapport DHL sur la connectivit\u00e9 mondiale","datePublished":"2026-03-12T11:51:15+00:00","mainEntityOfPage":{"@id":"https:\/\/transportjournal.com\/fr\/2026\/03\/12\/rapport-dhl-sur-la-connectivite-mondiale\/"},"wordCount":309,"commentCount":0,"publisher":{"@id":"https:\/\/transportjournal.com\/fr\/#organization"},"image":{"@id":"https:\/\/transportjournal.com\/fr\/2026\/03\/12\/rapport-dhl-sur-la-connectivite-mondiale\/#primaryimage"},"thumbnailUrl":"https:\/\/transportjournal.com\/wp-content\/uploads\/sites\/2\/2026\/03\/DHL-Global_connectedness_report-2026-cover-scaled-aspect-ratio-1400-788.jpg","keywords":["Afrique subsaharienne","analyse de march\u00e9","connectivit\u00e9 mondiale","cross-border mobility","Deutsch DHL","d\u00e9veloppement des infrastructures","Digitalisierung in der Logistik","digitalization in logistics","economic integration","economic stability","Fachkr\u00e4ftemangel in der Logistik","flux commerciaux internationaux","geopolitical tensions","geopolitische Spannungen","gestion de la cha\u00eene d'approvisionnement","global connectivity","globale Vernetzung","Globalisierung","globalization","grenz\u00fcberschreitende Mobilit\u00e4t","Hafenbetrieb","Handelsbeziehungen USA-China","infrastructure development","Infrastrukturentwicklung","int\u00e9gration \u00e9conomique","international partnerships Fran\u00e7ais DHL","international trade flows","internationale Handelsstr\u00f6me","internationale Partnerschaften English DHL","investissements en Afrique","Investitionen in Afrika","investments in Africa","labor shortages in logistics","logistics service providers","Logistikdienstleister","market analysis","Marktanalysen","mobilit\u00e9 transfrontali\u00e8re","mondialisation","num\u00e9risation dans la logistique","op\u00e9rations portuaires","partenariats internationaux","p\u00e9nurie de main-d'\u0153uvre dans la logistique","port operations","prestataires de services logistiques","relations commerciales \u00c9tats-Unis-Chine","stabilit\u00e9 \u00e9conomique","Sub-Saharan Africa","Subsahara-Afrika","Supply Chain Management","tariffs and trade policy","tarifs et politique commerciale","tensions g\u00e9opolitiques","US-China trade relations","wirtschaftliche Integration","wirtschaftliche Stabilit\u00e4t","Z\u00f6lle und Handelspolitik"],"articleSection":["Exp\u00e9dition de fret et logistique"],"inLanguage":"fr-FR","potentialAction":[{"@type":"CommentAction","name":"Comment","target":["https:\/\/transportjournal.com\/fr\/2026\/03\/12\/rapport-dhl-sur-la-connectivite-mondiale\/#respond"]}]},{"@type":"WebPage","@id":"https:\/\/transportjournal.com\/fr\/2026\/03\/12\/rapport-dhl-sur-la-connectivite-mondiale\/","url":"https:\/\/transportjournal.com\/fr\/2026\/03\/12\/rapport-dhl-sur-la-connectivite-mondiale\/","name":"Rapport DHL sur la connectivit\u00e9 mondiale - ITJ | International Transport Journal","isPartOf":{"@id":"https:\/\/transportjournal.com\/fr\/#website"},"primaryImageOfPage":{"@id":"https:\/\/transportjournal.com\/fr\/2026\/03\/12\/rapport-dhl-sur-la-connectivite-mondiale\/#primaryimage"},"image":{"@id":"https:\/\/transportjournal.com\/fr\/2026\/03\/12\/rapport-dhl-sur-la-connectivite-mondiale\/#primaryimage"},"thumbnailUrl":"https:\/\/transportjournal.com\/wp-content\/uploads\/sites\/2\/2026\/03\/DHL-Global_connectedness_report-2026-cover-scaled-aspect-ratio-1400-788.jpg","datePublished":"2026-03-12T11:51:15+00:00","breadcrumb":{"@id":"https:\/\/transportjournal.com\/fr\/2026\/03\/12\/rapport-dhl-sur-la-connectivite-mondiale\/#breadcrumb"},"inLanguage":"fr-FR","potentialAction":[{"@type":"ReadAction","target":["https:\/\/transportjournal.com\/fr\/2026\/03\/12\/rapport-dhl-sur-la-connectivite-mondiale\/"]}]},{"@type":"ImageObject","inLanguage":"fr-FR","@id":"https:\/\/transportjournal.com\/fr\/2026\/03\/12\/rapport-dhl-sur-la-connectivite-mondiale\/#primaryimage","url":"https:\/\/transportjournal.com\/wp-content\/uploads\/sites\/2\/2026\/03\/DHL-Global_connectedness_report-2026-cover-scaled-aspect-ratio-1400-788.jpg","contentUrl":"https:\/\/transportjournal.com\/wp-content\/uploads\/sites\/2\/2026\/03\/DHL-Global_connectedness_report-2026-cover-scaled-aspect-ratio-1400-788.jpg","width":2367,"height":1333},{"@type":"BreadcrumbList","@id":"https:\/\/transportjournal.com\/fr\/2026\/03\/12\/rapport-dhl-sur-la-connectivite-mondiale\/#breadcrumb","itemListElement":[{"@type":"ListItem","position":1,"name":"Startseite","item":"https:\/\/transportjournal.com\/fr\/"},{"@type":"ListItem","position":2,"name":"Rapport DHL sur la connectivit\u00e9 mondiale"}]},{"@type":"WebSite","@id":"https:\/\/transportjournal.com\/fr\/#website","url":"https:\/\/transportjournal.com\/fr\/","name":"ITJ | International Transport Journal","description":"Restez inform\u00e9 des derni\u00e8res nouvelles mondiales dans les secteurs du transport, de la logistique et de la cha\u00eene d'approvisionnement. Transport Journal fournit des informations d'experts, des analyses et des mises \u00e0 jour sur le transport maritime, l'aviation, l'intermodalit\u00e9 et l'exp\u00e9dition. ","publisher":{"@id":"https:\/\/transportjournal.com\/fr\/#organization"},"potentialAction":[{"@type":"SearchAction","target":{"@type":"EntryPoint","urlTemplate":"https:\/\/transportjournal.com\/fr\/?s={search_term_string}"},"query-input":{"@type":"PropertyValueSpecification","valueRequired":true,"valueName":"search_term_string"}}],"inLanguage":"fr-FR"},{"@type":"Organization","@id":"https:\/\/transportjournal.com\/fr\/#organization","name":"Groupe Logismedia AG","alternateName":"Logismedia Group AG","url":"https:\/\/transportjournal.com\/fr\/","logo":{"@type":"ImageObject","inLanguage":"fr-FR","@id":"https:\/\/transportjournal.com\/fr\/#\/schema\/logo\/image\/","url":"https:\/\/transportjournal.com\/wp-content\/uploads\/sites\/2\/2025\/09\/Logo_ITJ.png","contentUrl":"https:\/\/transportjournal.com\/wp-content\/uploads\/sites\/2\/2025\/09\/Logo_ITJ.png","width":799,"height":326,"caption":"Groupe Logismedia AG"},"image":{"@id":"https:\/\/transportjournal.com\/fr\/#\/schema\/logo\/image\/"},"sameAs":["https:\/\/www.linkedin.com\/company\/56456496\/admin\/dashboard\/","https:\/\/www.instagram.com\/logismediagroup\/","https:\/\/www.youtube.com\/@LogiamediaGroupAG"]},{"@type":"Person","@id":"https:\/\/transportjournal.com\/fr\/#\/schema\/person\/13a9fc605c753db60ef7750a229cd042","name":"Gyan Sharan","url":"https:\/\/transportjournal.com\/fr\/author\/gyan\/"}]}},"_links":{"self":[{"href":"https:\/\/transportjournal.com\/fr\/wp-json\/wp\/v2\/posts\/80623","targetHints":{"allow":["GET"]}}],"collection":[{"href":"https:\/\/transportjournal.com\/fr\/wp-json\/wp\/v2\/posts"}],"about":[{"href":"https:\/\/transportjournal.com\/fr\/wp-json\/wp\/v2\/types\/post"}],"author":[{"embeddable":true,"href":"https:\/\/transportjournal.com\/fr\/wp-json\/wp\/v2\/users\/14"}],"replies":[{"embeddable":true,"href":"https:\/\/transportjournal.com\/fr\/wp-json\/wp\/v2\/comments?post=80623"}],"version-history":[{"count":0,"href":"https:\/\/transportjournal.com\/fr\/wp-json\/wp\/v2\/posts\/80623\/revisions"}],"wp:featuredmedia":[{"embeddable":true,"href":"https:\/\/transportjournal.com\/fr\/wp-json\/wp\/v2\/media\/80621"}],"wp:attachment":[{"href":"https:\/\/transportjournal.com\/fr\/wp-json\/wp\/v2\/media?parent=80623"}],"wp:term":[{"taxonomy":"category","embeddable":true,"href":"https:\/\/transportjournal.com\/fr\/wp-json\/wp\/v2\/categories?post=80623"},{"taxonomy":"post_tag","embeddable":true,"href":"https:\/\/transportjournal.com\/fr\/wp-json\/wp\/v2\/tags?post=80623"}],"curies":[{"name":"wp","href":"https:\/\/api.w.org\/{rel}","templated":true}]}}