{"id":80587,"date":"2026-03-12T09:46:31","date_gmt":"2026-03-12T09:46:31","guid":{"rendered":"https:\/\/transportjournal.com\/2026\/03\/12\/developpement-du-trafic-de-hupac-2025\/"},"modified":"2026-03-12T09:46:31","modified_gmt":"2026-03-12T09:46:31","slug":"developpement-du-trafic-de-hupac-2025","status":"publish","type":"post","link":"https:\/\/transportjournal.com\/fr\/2026\/03\/12\/developpement-du-trafic-de-hupac-2025\/","title":{"rendered":"D\u00e9veloppement du trafic de Hupac 2025"},"content":{"rendered":"<p>La groupe Hupac a transport\u00e9 environ 975&#8217;000 envois routiers dans le transport combin\u00e9 route\/rail en 2025. Cela repr\u00e9sente une augmentation de 4,3 % de son volume de trafic par rapport \u00e0 l&#8217;ann\u00e9e pr\u00e9c\u00e9dente. Malgr\u00e9 des conditions cadres difficiles, l&#8217;entreprise a su maintenir sa position dans le transport combin\u00e9 europ\u00e9en, en particulier sur le corridor TEN-T Rhin\u2013Alpes.<\/p>\n<p>Au total, Hupac a d\u00e9plac\u00e9 environ 1,85 million de TEU dans le transport hinterland continental et maritime. En particulier, le volume dans le transport transalpin \u00e0 travers la Suisse a augment\u00e9 de 4,5 %, soit 24&#8217;100 envois. Des volumes suppl\u00e9mentaires sur la relation Belgique\u2013Italie ont contribu\u00e9 \u00e0 ce r\u00e9sultat.<\/p>\n<p>Cependant, le d\u00e9veloppement s&#8217;est effectu\u00e9 dans des conditions exigeantes. Les chantiers, les d\u00e9viations et les fermetures de lignes ont pes\u00e9 sur la capacit\u00e9 de l&#8217;infrastructure ferroviaire. La fermeture de plusieurs semaines de la ligne de la vall\u00e9e du Rhin en juin a \u00e9t\u00e9 particuli\u00e8rement marquante. N\u00e9anmoins, Hupac a pu transporter des volumes suppl\u00e9mentaires.<\/p>\n<p>Pour l&#8217;ann\u00e9e en cours, l&#8217;entreprise s&#8217;attend \u00e9galement \u00e0 des restrictions dues aux travaux de construction. Les fermetures pr\u00e9vues en Allemagne et en Italie influenceront \u00e0 nouveau le trafic. C&#8217;est pourquoi Hupac travaille avec ses partenaires ferroviaires sur des concepts de d\u00e9viation stables et investit dans des offres de transport plus r\u00e9silientes. L&#8217;objectif reste d&#8217;offrir des solutions fiables pour le transport de marchandises en Europe, malgr\u00e9 les probl\u00e8mes d&#8217;infrastructure.<\/p>\n<p><a href=\"http:\/\/www.hupac.com\" target=\"_blank\" rel=\"noopener noreferrer\">www.hupac.com<\/a><\/p>\n","protected":false},"excerpt":{"rendered":"<p>Le groupe Hupac a augment\u00e9 en 2025 son volume de trafic dans le transport combin\u00e9 de 4,3 % et a transport\u00e9 avec succ\u00e8s un total de 975\u2019000 envois routiers.<\/p>\n","protected":false},"author":14,"featured_media":80585,"comment_status":"open","ping_status":"","sticky":false,"template":"","format":"standard","meta":{"_acf_changed":false,"footnotes":""},"categories":[1645],"tags":[13172,26291,26292,26293,26294,26295,26296,26297,26298,26299,2115,4521,26300,26301,26302,14520,18144,26303,26304,4165,26305,26306,2913,8366,26307,2133,1831,7733,3157,26308,2148,10659,4180,26309,26310,26311,26312,26313,26314,4268,26315,4269,26316,26317,26318,26319,26320,26321,26322,14533,2930,26323,26324,26325,26326,26327,26328],"class_list":["post-80587","post","type-post","status-publish","format-standard","has-post-thumbnail","hentry","category-uncategorized","tag-bahninfrastruktur","tag-baustellen-im-verkehr","tag-chantiers-dans-le-transport","tag-combined-transport","tag-construction-sites-in-transport","tag-corridor-rhin-alpes","tag-croissance-du-trafic-hupac","tag-deutsch-hupac","tag-developpement-du-trafic-2025","tag-deviations-dans-le-transport-de-fret","tag-digitalisierung-in-der-logistik","tag-digitization-in-logistics","tag-diversions-in-freight-transport","tag-envois-routiers","tag-europaeischer-gueterverkehr","tag-european-freight-transport","tag-fachkraeftemangel-in-der-transportwirtschaft","tag-hupac-traffic-growth-francais-hupac","tag-hupac-verkehrswachstum-english-hupac","tag-infrastructure-ferroviaire","tag-infrastructure-issues","tag-infrastrukturprobleme","tag-intermodal-transport","tag-intermodaler-verkehr","tag-kombinierter-verkehr","tag-logistics-service-providers","tag-logistikdienstleister","tag-nachhaltige-transportloesungen","tag-numerisation-dans-la-logistique","tag-penurie-de-main-doeuvre-dans-lindustrie-du-transport","tag-prestataires-de-services-logistiques","tag-problemes-dinfrastructure","tag-rail-infrastructure","tag-restrictions-de-circulation-allemagne","tag-restrictions-de-circulation-italie","tag-rhein-alpen-korridor","tag-rhine-alps-corridor","tag-road-consignments","tag-skilled-labor-shortage-in-transport-industry","tag-solutions-de-transport-durables","tag-strassensendungen","tag-sustainable-transport-solutions","tag-teu-transport","tag-traffic-development-2025","tag-traffic-restrictions-germany","tag-traffic-restrictions-italy","tag-transalpine-transport","tag-transalpiner-verkehr","tag-transport-combine","tag-transport-de-fret-europeen","tag-transport-intermodal","tag-transport-teu","tag-transport-transalpin","tag-umleitungen-im-gueterverkehr","tag-verkehrseinschraenkungen-deutschland","tag-verkehrseinschraenkungen-italien","tag-verkehrsentwicklung-2025"],"acf":[],"yoast_head":"<!-- This site is optimized with the Yoast SEO plugin v27.3 - https:\/\/yoast.com\/product\/yoast-seo-wordpress\/ -->\n<title>D\u00e9veloppement du trafic de Hupac 2025 - ITJ | International Transport Journal<\/title>\n<meta name=\"robots\" content=\"index, follow, max-snippet:-1, max-image-preview:large, max-video-preview:-1\" \/>\n<link rel=\"canonical\" href=\"https:\/\/transportjournal.com\/fr\/2026\/03\/12\/developpement-du-trafic-de-hupac-2025\/\" \/>\n<meta property=\"og:locale\" content=\"fr_FR\" \/>\n<meta property=\"og:type\" content=\"article\" \/>\n<meta property=\"og:title\" content=\"D\u00e9veloppement du trafic de Hupac 2025 - ITJ | International Transport Journal\" \/>\n<meta property=\"og:description\" content=\"Le groupe Hupac a augment\u00e9 en 2025 son volume de trafic dans le transport combin\u00e9 de 4,3 % et a transport\u00e9 avec succ\u00e8s un total de 975\u2019000 envois routiers.\" \/>\n<meta property=\"og:url\" content=\"https:\/\/transportjournal.com\/fr\/2026\/03\/12\/developpement-du-trafic-de-hupac-2025\/\" \/>\n<meta property=\"og:site_name\" content=\"ITJ | International Transport Journal\" \/>\n<meta property=\"article:published_time\" content=\"2026-03-12T09:46:31+00:00\" \/>\n<meta property=\"og:image\" content=\"https:\/\/transportjournal.com\/wp-content\/uploads\/sites\/2\/2026\/03\/Hupac-Verkehrsentwicklung-2025-aspect-ratio-1400-788.jpg\" \/>\n\t<meta property=\"og:image:width\" content=\"1600\" \/>\n\t<meta property=\"og:image:height\" content=\"901\" \/>\n\t<meta property=\"og:image:type\" content=\"image\/jpeg\" \/>\n<meta name=\"author\" content=\"Gyan Sharan\" \/>\n<meta name=\"twitter:card\" content=\"summary_large_image\" \/>\n<meta name=\"twitter:label1\" content=\"\u00c9crit par\" \/>\n\t<meta name=\"twitter:data1\" content=\"Gyan Sharan\" \/>\n\t<meta name=\"twitter:label2\" content=\"Dur\u00e9e de lecture estim\u00e9e\" \/>\n\t<meta name=\"twitter:data2\" content=\"1 minute\" \/>\n<script type=\"application\/ld+json\" class=\"yoast-schema-graph\">{\"@context\":\"https:\\\/\\\/schema.org\",\"@graph\":[{\"@type\":\"Article\",\"@id\":\"https:\\\/\\\/transportjournal.com\\\/fr\\\/2026\\\/03\\\/12\\\/developpement-du-trafic-de-hupac-2025\\\/#article\",\"isPartOf\":{\"@id\":\"https:\\\/\\\/transportjournal.com\\\/fr\\\/2026\\\/03\\\/12\\\/developpement-du-trafic-de-hupac-2025\\\/\"},\"author\":{\"name\":\"Gyan Sharan\",\"@id\":\"https:\\\/\\\/transportjournal.com\\\/fr\\\/#\\\/schema\\\/person\\\/13a9fc605c753db60ef7750a229cd042\"},\"headline\":\"D\u00e9veloppement du trafic de Hupac 2025\",\"datePublished\":\"2026-03-12T09:46:31+00:00\",\"mainEntityOfPage\":{\"@id\":\"https:\\\/\\\/transportjournal.com\\\/fr\\\/2026\\\/03\\\/12\\\/developpement-du-trafic-de-hupac-2025\\\/\"},\"wordCount\":255,\"commentCount\":0,\"publisher\":{\"@id\":\"https:\\\/\\\/transportjournal.com\\\/fr\\\/#organization\"},\"image\":{\"@id\":\"https:\\\/\\\/transportjournal.com\\\/fr\\\/2026\\\/03\\\/12\\\/developpement-du-trafic-de-hupac-2025\\\/#primaryimage\"},\"thumbnailUrl\":\"https:\\\/\\\/transportjournal.com\\\/wp-content\\\/uploads\\\/sites\\\/2\\\/2026\\\/03\\\/Hupac-Verkehrsentwicklung-2025-aspect-ratio-1400-788.jpg\",\"keywords\":[\"Bahninfrastruktur\",\"Baustellen im Verkehr\",\"chantiers dans le transport\",\"combined transport\",\"construction sites in transport\",\"corridor Rhin-Alpes\",\"croissance du trafic Hupac\",\"Deutsch Hupac\",\"d\u00e9veloppement du trafic 2025\",\"d\u00e9viations dans le transport de fret\",\"Digitalisierung in der Logistik\",\"digitization in logistics\",\"diversions in freight transport\",\"envois routiers\",\"europ\u00e4ischer G\u00fcterverkehr\",\"European freight transport\",\"Fachkr\u00e4ftemangel in der Transportwirtschaft\",\"Hupac traffic growth Fran\u00e7ais Hupac\",\"Hupac Verkehrswachstum English Hupac\",\"infrastructure ferroviaire\",\"infrastructure issues\",\"Infrastrukturprobleme\",\"intermodal transport\",\"intermodaler Verkehr\",\"kombinierter Verkehr\",\"logistics service providers\",\"Logistikdienstleister\",\"nachhaltige Transportl\u00f6sungen\",\"num\u00e9risation dans la logistique\",\"p\u00e9nurie de main-d'\u0153uvre dans l'industrie du transport\",\"prestataires de services logistiques\",\"probl\u00e8mes d'infrastructure\",\"rail infrastructure\",\"restrictions de circulation Allemagne\",\"restrictions de circulation Italie\",\"Rhein-Alpen Korridor\",\"Rhine-Alps corridor\",\"road consignments\",\"skilled labor shortage in transport industry\",\"solutions de transport durables\",\"Strassensendungen\",\"sustainable transport solutions\",\"TEU Transport\",\"traffic development 2025\",\"traffic restrictions Germany\",\"traffic restrictions Italy\",\"transalpine transport\",\"transalpiner Verkehr\",\"transport combin\u00e9\",\"transport de fret europ\u00e9en\",\"transport intermodal\",\"transport TEU\",\"transport transalpin\",\"Umleitungen im G\u00fcterverkehr\",\"Verkehrseinschr\u00e4nkungen Deutschland\",\"Verkehrseinschr\u00e4nkungen Italien\",\"Verkehrsentwicklung 2025\"],\"inLanguage\":\"fr-FR\",\"potentialAction\":[{\"@type\":\"CommentAction\",\"name\":\"Comment\",\"target\":[\"https:\\\/\\\/transportjournal.com\\\/fr\\\/2026\\\/03\\\/12\\\/developpement-du-trafic-de-hupac-2025\\\/#respond\"]}]},{\"@type\":\"WebPage\",\"@id\":\"https:\\\/\\\/transportjournal.com\\\/fr\\\/2026\\\/03\\\/12\\\/developpement-du-trafic-de-hupac-2025\\\/\",\"url\":\"https:\\\/\\\/transportjournal.com\\\/fr\\\/2026\\\/03\\\/12\\\/developpement-du-trafic-de-hupac-2025\\\/\",\"name\":\"D\u00e9veloppement du trafic de Hupac 2025 - ITJ | International Transport Journal\",\"isPartOf\":{\"@id\":\"https:\\\/\\\/transportjournal.com\\\/fr\\\/#website\"},\"primaryImageOfPage\":{\"@id\":\"https:\\\/\\\/transportjournal.com\\\/fr\\\/2026\\\/03\\\/12\\\/developpement-du-trafic-de-hupac-2025\\\/#primaryimage\"},\"image\":{\"@id\":\"https:\\\/\\\/transportjournal.com\\\/fr\\\/2026\\\/03\\\/12\\\/developpement-du-trafic-de-hupac-2025\\\/#primaryimage\"},\"thumbnailUrl\":\"https:\\\/\\\/transportjournal.com\\\/wp-content\\\/uploads\\\/sites\\\/2\\\/2026\\\/03\\\/Hupac-Verkehrsentwicklung-2025-aspect-ratio-1400-788.jpg\",\"datePublished\":\"2026-03-12T09:46:31+00:00\",\"breadcrumb\":{\"@id\":\"https:\\\/\\\/transportjournal.com\\\/fr\\\/2026\\\/03\\\/12\\\/developpement-du-trafic-de-hupac-2025\\\/#breadcrumb\"},\"inLanguage\":\"fr-FR\",\"potentialAction\":[{\"@type\":\"ReadAction\",\"target\":[\"https:\\\/\\\/transportjournal.com\\\/fr\\\/2026\\\/03\\\/12\\\/developpement-du-trafic-de-hupac-2025\\\/\"]}]},{\"@type\":\"ImageObject\",\"inLanguage\":\"fr-FR\",\"@id\":\"https:\\\/\\\/transportjournal.com\\\/fr\\\/2026\\\/03\\\/12\\\/developpement-du-trafic-de-hupac-2025\\\/#primaryimage\",\"url\":\"https:\\\/\\\/transportjournal.com\\\/wp-content\\\/uploads\\\/sites\\\/2\\\/2026\\\/03\\\/Hupac-Verkehrsentwicklung-2025-aspect-ratio-1400-788.jpg\",\"contentUrl\":\"https:\\\/\\\/transportjournal.com\\\/wp-content\\\/uploads\\\/sites\\\/2\\\/2026\\\/03\\\/Hupac-Verkehrsentwicklung-2025-aspect-ratio-1400-788.jpg\",\"width\":1600,\"height\":901},{\"@type\":\"BreadcrumbList\",\"@id\":\"https:\\\/\\\/transportjournal.com\\\/fr\\\/2026\\\/03\\\/12\\\/developpement-du-trafic-de-hupac-2025\\\/#breadcrumb\",\"itemListElement\":[{\"@type\":\"ListItem\",\"position\":1,\"name\":\"Startseite\",\"item\":\"https:\\\/\\\/transportjournal.com\\\/fr\\\/\"},{\"@type\":\"ListItem\",\"position\":2,\"name\":\"D\u00e9veloppement du trafic de Hupac 2025\"}]},{\"@type\":\"WebSite\",\"@id\":\"https:\\\/\\\/transportjournal.com\\\/fr\\\/#website\",\"url\":\"https:\\\/\\\/transportjournal.com\\\/fr\\\/\",\"name\":\"ITJ | International Transport Journal\",\"description\":\"Restez inform\u00e9 des derni\u00e8res nouvelles mondiales dans les secteurs du transport, de la logistique et de la cha\u00eene d'approvisionnement. Transport Journal fournit des informations d'experts, des analyses et des mises \u00e0 jour sur le transport maritime, l'aviation, l'intermodalit\u00e9 et l'exp\u00e9dition. \",\"publisher\":{\"@id\":\"https:\\\/\\\/transportjournal.com\\\/fr\\\/#organization\"},\"potentialAction\":[{\"@type\":\"SearchAction\",\"target\":{\"@type\":\"EntryPoint\",\"urlTemplate\":\"https:\\\/\\\/transportjournal.com\\\/fr\\\/?s={search_term_string}\"},\"query-input\":{\"@type\":\"PropertyValueSpecification\",\"valueRequired\":true,\"valueName\":\"search_term_string\"}}],\"inLanguage\":\"fr-FR\"},{\"@type\":\"Organization\",\"@id\":\"https:\\\/\\\/transportjournal.com\\\/fr\\\/#organization\",\"name\":\"Groupe Logismedia AG\",\"alternateName\":\"Logismedia Group AG\",\"url\":\"https:\\\/\\\/transportjournal.com\\\/fr\\\/\",\"logo\":{\"@type\":\"ImageObject\",\"inLanguage\":\"fr-FR\",\"@id\":\"https:\\\/\\\/transportjournal.com\\\/fr\\\/#\\\/schema\\\/logo\\\/image\\\/\",\"url\":\"https:\\\/\\\/transportjournal.com\\\/wp-content\\\/uploads\\\/sites\\\/2\\\/2025\\\/09\\\/Logo_ITJ.png\",\"contentUrl\":\"https:\\\/\\\/transportjournal.com\\\/wp-content\\\/uploads\\\/sites\\\/2\\\/2025\\\/09\\\/Logo_ITJ.png\",\"width\":799,\"height\":326,\"caption\":\"Groupe Logismedia AG\"},\"image\":{\"@id\":\"https:\\\/\\\/transportjournal.com\\\/fr\\\/#\\\/schema\\\/logo\\\/image\\\/\"},\"sameAs\":[\"https:\\\/\\\/www.linkedin.com\\\/company\\\/56456496\\\/admin\\\/dashboard\\\/\",\"https:\\\/\\\/www.instagram.com\\\/logismediagroup\\\/\",\"https:\\\/\\\/www.youtube.com\\\/@LogiamediaGroupAG\"]},{\"@type\":\"Person\",\"@id\":\"https:\\\/\\\/transportjournal.com\\\/fr\\\/#\\\/schema\\\/person\\\/13a9fc605c753db60ef7750a229cd042\",\"name\":\"Gyan Sharan\",\"url\":\"https:\\\/\\\/transportjournal.com\\\/fr\\\/author\\\/gyan\\\/\"}]}<\/script>\n<!-- \/ Yoast SEO plugin. -->","yoast_head_json":{"title":"D\u00e9veloppement du trafic de Hupac 2025 - ITJ | International Transport Journal","robots":{"index":"index","follow":"follow","max-snippet":"max-snippet:-1","max-image-preview":"max-image-preview:large","max-video-preview":"max-video-preview:-1"},"canonical":"https:\/\/transportjournal.com\/fr\/2026\/03\/12\/developpement-du-trafic-de-hupac-2025\/","og_locale":"fr_FR","og_type":"article","og_title":"D\u00e9veloppement du trafic de Hupac 2025 - ITJ | International Transport Journal","og_description":"Le groupe Hupac a augment\u00e9 en 2025 son volume de trafic dans le transport combin\u00e9 de 4,3 % et a transport\u00e9 avec succ\u00e8s un total de 975\u2019000 envois routiers.","og_url":"https:\/\/transportjournal.com\/fr\/2026\/03\/12\/developpement-du-trafic-de-hupac-2025\/","og_site_name":"ITJ | International Transport Journal","article_published_time":"2026-03-12T09:46:31+00:00","og_image":[{"width":1600,"height":901,"url":"https:\/\/transportjournal.com\/wp-content\/uploads\/sites\/2\/2026\/03\/Hupac-Verkehrsentwicklung-2025-aspect-ratio-1400-788.jpg","type":"image\/jpeg"}],"author":"Gyan Sharan","twitter_card":"summary_large_image","twitter_misc":{"\u00c9crit par":"Gyan Sharan","Dur\u00e9e de lecture estim\u00e9e":"1 minute"},"schema":{"@context":"https:\/\/schema.org","@graph":[{"@type":"Article","@id":"https:\/\/transportjournal.com\/fr\/2026\/03\/12\/developpement-du-trafic-de-hupac-2025\/#article","isPartOf":{"@id":"https:\/\/transportjournal.com\/fr\/2026\/03\/12\/developpement-du-trafic-de-hupac-2025\/"},"author":{"name":"Gyan Sharan","@id":"https:\/\/transportjournal.com\/fr\/#\/schema\/person\/13a9fc605c753db60ef7750a229cd042"},"headline":"D\u00e9veloppement du trafic de Hupac 2025","datePublished":"2026-03-12T09:46:31+00:00","mainEntityOfPage":{"@id":"https:\/\/transportjournal.com\/fr\/2026\/03\/12\/developpement-du-trafic-de-hupac-2025\/"},"wordCount":255,"commentCount":0,"publisher":{"@id":"https:\/\/transportjournal.com\/fr\/#organization"},"image":{"@id":"https:\/\/transportjournal.com\/fr\/2026\/03\/12\/developpement-du-trafic-de-hupac-2025\/#primaryimage"},"thumbnailUrl":"https:\/\/transportjournal.com\/wp-content\/uploads\/sites\/2\/2026\/03\/Hupac-Verkehrsentwicklung-2025-aspect-ratio-1400-788.jpg","keywords":["Bahninfrastruktur","Baustellen im Verkehr","chantiers dans le transport","combined transport","construction sites in transport","corridor Rhin-Alpes","croissance du trafic Hupac","Deutsch Hupac","d\u00e9veloppement du trafic 2025","d\u00e9viations dans le transport de fret","Digitalisierung in der Logistik","digitization in logistics","diversions in freight transport","envois routiers","europ\u00e4ischer G\u00fcterverkehr","European freight transport","Fachkr\u00e4ftemangel in der Transportwirtschaft","Hupac traffic growth Fran\u00e7ais Hupac","Hupac Verkehrswachstum English Hupac","infrastructure ferroviaire","infrastructure issues","Infrastrukturprobleme","intermodal transport","intermodaler Verkehr","kombinierter Verkehr","logistics service providers","Logistikdienstleister","nachhaltige Transportl\u00f6sungen","num\u00e9risation dans la logistique","p\u00e9nurie de main-d'\u0153uvre dans l'industrie du transport","prestataires de services logistiques","probl\u00e8mes d'infrastructure","rail infrastructure","restrictions de circulation Allemagne","restrictions de circulation Italie","Rhein-Alpen Korridor","Rhine-Alps corridor","road consignments","skilled labor shortage in transport industry","solutions de transport durables","Strassensendungen","sustainable transport solutions","TEU Transport","traffic development 2025","traffic restrictions Germany","traffic restrictions Italy","transalpine transport","transalpiner Verkehr","transport combin\u00e9","transport de fret europ\u00e9en","transport intermodal","transport TEU","transport transalpin","Umleitungen im G\u00fcterverkehr","Verkehrseinschr\u00e4nkungen Deutschland","Verkehrseinschr\u00e4nkungen Italien","Verkehrsentwicklung 2025"],"inLanguage":"fr-FR","potentialAction":[{"@type":"CommentAction","name":"Comment","target":["https:\/\/transportjournal.com\/fr\/2026\/03\/12\/developpement-du-trafic-de-hupac-2025\/#respond"]}]},{"@type":"WebPage","@id":"https:\/\/transportjournal.com\/fr\/2026\/03\/12\/developpement-du-trafic-de-hupac-2025\/","url":"https:\/\/transportjournal.com\/fr\/2026\/03\/12\/developpement-du-trafic-de-hupac-2025\/","name":"D\u00e9veloppement du trafic de Hupac 2025 - ITJ | International Transport Journal","isPartOf":{"@id":"https:\/\/transportjournal.com\/fr\/#website"},"primaryImageOfPage":{"@id":"https:\/\/transportjournal.com\/fr\/2026\/03\/12\/developpement-du-trafic-de-hupac-2025\/#primaryimage"},"image":{"@id":"https:\/\/transportjournal.com\/fr\/2026\/03\/12\/developpement-du-trafic-de-hupac-2025\/#primaryimage"},"thumbnailUrl":"https:\/\/transportjournal.com\/wp-content\/uploads\/sites\/2\/2026\/03\/Hupac-Verkehrsentwicklung-2025-aspect-ratio-1400-788.jpg","datePublished":"2026-03-12T09:46:31+00:00","breadcrumb":{"@id":"https:\/\/transportjournal.com\/fr\/2026\/03\/12\/developpement-du-trafic-de-hupac-2025\/#breadcrumb"},"inLanguage":"fr-FR","potentialAction":[{"@type":"ReadAction","target":["https:\/\/transportjournal.com\/fr\/2026\/03\/12\/developpement-du-trafic-de-hupac-2025\/"]}]},{"@type":"ImageObject","inLanguage":"fr-FR","@id":"https:\/\/transportjournal.com\/fr\/2026\/03\/12\/developpement-du-trafic-de-hupac-2025\/#primaryimage","url":"https:\/\/transportjournal.com\/wp-content\/uploads\/sites\/2\/2026\/03\/Hupac-Verkehrsentwicklung-2025-aspect-ratio-1400-788.jpg","contentUrl":"https:\/\/transportjournal.com\/wp-content\/uploads\/sites\/2\/2026\/03\/Hupac-Verkehrsentwicklung-2025-aspect-ratio-1400-788.jpg","width":1600,"height":901},{"@type":"BreadcrumbList","@id":"https:\/\/transportjournal.com\/fr\/2026\/03\/12\/developpement-du-trafic-de-hupac-2025\/#breadcrumb","itemListElement":[{"@type":"ListItem","position":1,"name":"Startseite","item":"https:\/\/transportjournal.com\/fr\/"},{"@type":"ListItem","position":2,"name":"D\u00e9veloppement du trafic de Hupac 2025"}]},{"@type":"WebSite","@id":"https:\/\/transportjournal.com\/fr\/#website","url":"https:\/\/transportjournal.com\/fr\/","name":"ITJ | International Transport Journal","description":"Restez inform\u00e9 des derni\u00e8res nouvelles mondiales dans les secteurs du transport, de la logistique et de la cha\u00eene d'approvisionnement. Transport Journal fournit des informations d'experts, des analyses et des mises \u00e0 jour sur le transport maritime, l'aviation, l'intermodalit\u00e9 et l'exp\u00e9dition. ","publisher":{"@id":"https:\/\/transportjournal.com\/fr\/#organization"},"potentialAction":[{"@type":"SearchAction","target":{"@type":"EntryPoint","urlTemplate":"https:\/\/transportjournal.com\/fr\/?s={search_term_string}"},"query-input":{"@type":"PropertyValueSpecification","valueRequired":true,"valueName":"search_term_string"}}],"inLanguage":"fr-FR"},{"@type":"Organization","@id":"https:\/\/transportjournal.com\/fr\/#organization","name":"Groupe Logismedia AG","alternateName":"Logismedia Group AG","url":"https:\/\/transportjournal.com\/fr\/","logo":{"@type":"ImageObject","inLanguage":"fr-FR","@id":"https:\/\/transportjournal.com\/fr\/#\/schema\/logo\/image\/","url":"https:\/\/transportjournal.com\/wp-content\/uploads\/sites\/2\/2025\/09\/Logo_ITJ.png","contentUrl":"https:\/\/transportjournal.com\/wp-content\/uploads\/sites\/2\/2025\/09\/Logo_ITJ.png","width":799,"height":326,"caption":"Groupe Logismedia AG"},"image":{"@id":"https:\/\/transportjournal.com\/fr\/#\/schema\/logo\/image\/"},"sameAs":["https:\/\/www.linkedin.com\/company\/56456496\/admin\/dashboard\/","https:\/\/www.instagram.com\/logismediagroup\/","https:\/\/www.youtube.com\/@LogiamediaGroupAG"]},{"@type":"Person","@id":"https:\/\/transportjournal.com\/fr\/#\/schema\/person\/13a9fc605c753db60ef7750a229cd042","name":"Gyan Sharan","url":"https:\/\/transportjournal.com\/fr\/author\/gyan\/"}]}},"_links":{"self":[{"href":"https:\/\/transportjournal.com\/fr\/wp-json\/wp\/v2\/posts\/80587","targetHints":{"allow":["GET"]}}],"collection":[{"href":"https:\/\/transportjournal.com\/fr\/wp-json\/wp\/v2\/posts"}],"about":[{"href":"https:\/\/transportjournal.com\/fr\/wp-json\/wp\/v2\/types\/post"}],"author":[{"embeddable":true,"href":"https:\/\/transportjournal.com\/fr\/wp-json\/wp\/v2\/users\/14"}],"replies":[{"embeddable":true,"href":"https:\/\/transportjournal.com\/fr\/wp-json\/wp\/v2\/comments?post=80587"}],"version-history":[{"count":0,"href":"https:\/\/transportjournal.com\/fr\/wp-json\/wp\/v2\/posts\/80587\/revisions"}],"wp:featuredmedia":[{"embeddable":true,"href":"https:\/\/transportjournal.com\/fr\/wp-json\/wp\/v2\/media\/80585"}],"wp:attachment":[{"href":"https:\/\/transportjournal.com\/fr\/wp-json\/wp\/v2\/media?parent=80587"}],"wp:term":[{"taxonomy":"category","embeddable":true,"href":"https:\/\/transportjournal.com\/fr\/wp-json\/wp\/v2\/categories?post=80587"},{"taxonomy":"post_tag","embeddable":true,"href":"https:\/\/transportjournal.com\/fr\/wp-json\/wp\/v2\/tags?post=80587"}],"curies":[{"name":"wp","href":"https:\/\/api.w.org\/{rel}","templated":true}]}}