{"id":80537,"date":"2026-03-12T08:47:34","date_gmt":"2026-03-12T08:47:34","guid":{"rendered":"https:\/\/transportjournal.com\/2026\/03\/12\/francfort-et-changi-rejoignent-cargo-iq\/"},"modified":"2026-03-12T10:07:52","modified_gmt":"2026-03-12T09:07:52","slug":"francfort-et-changi-rejoignent-cargo-iq","status":"publish","type":"post","link":"https:\/\/transportjournal.com\/fr\/2026\/03\/12\/francfort-et-changi-rejoignent-cargo-iq\/","title":{"rendered":"Francfort et Changi rejoignent Cargo iQ"},"content":{"rendered":"<p>Cargo iQ a annonc\u00e9 que l&#8217;a\u00e9roport de Francfort et l&#8217;a\u00e9roport de Singapour Changi ont \u00e9t\u00e9 accept\u00e9s en tant que nouveaux membres strat\u00e9giques du World Cargo Symposium de l&#8217;Association internationale du transport a\u00e9rien \u00e0 Lima, au P\u00e9rou. Marie Seco-K\u00f6ppen, directrice g\u00e9n\u00e9rale de Cargo iQ, a expliqu\u00e9 que les deux a\u00e9roports travailleront avec Cargo iQ sur un plan de projet visant \u00e0 d\u00e9finir les exigences et les propositions de valeur.<\/p>\n<h3>Collaboration pour am\u00e9liorer la cha\u00eene d&#8217;approvisionnement du fret a\u00e9rien<\/h3>\n<p>L&#8217;adh\u00e9sion des deux a\u00e9roports permettra \u00e0 Cargo iQ d&#8217;obtenir des informations sur les op\u00e9rations des vols et le traitement des marchandises. Une fois qu&#8217;une proposition de valeur formelle sera d\u00e9velopp\u00e9e, les a\u00e9roports seront &#8222;<span data-olk-copy-source=\"MessageBody\">un membre op\u00e9rationnel du cadre de Cargo iQ<\/span>&#8222;, a d\u00e9clar\u00e9 l&#8217;entreprise. Cela inclut la participation au Master Operating Plan (MOP) de Cargo iQ ainsi que l&#8217;ajustement des d\u00e9finitions de performance. Ces \u00e9tapes font partie d&#8217;une strat\u00e9gie continue visant \u00e0 optimiser la cha\u00eene d&#8217;approvisionnement du fret a\u00e9rien gr\u00e2ce \u00e0 des propositions de valeur communes.<\/p>\n<p><a href=\"https:\/\/www.cargoiq.org\/\" target=\"_blank\" rel=\"noopener noreferrer\">www.cargoiq.org<\/a><\/p>\n","protected":false},"excerpt":{"rendered":"<p>Cargo iQ a annonc\u00e9 que les a\u00e9roports de Francfort et de Singapour Changi sont devenus de nouveaux membres.<\/p>\n","protected":false},"author":10,"featured_media":80535,"comment_status":"open","ping_status":"","sticky":false,"template":"","format":"standard","meta":{"_acf_changed":false,"footnotes":""},"categories":[1590,1586,1582,1587],"tags":[7127,8552,2648,26240,26241,25324,26242,8932,25328,7135,26243,3739,14237,14238,4951,26244,8573,8939,1958,8575,4091,2655,2952,2123,2277,3745,2075,2960,26245,2961,2133,1831,1962,26246,26247,26248,9447,26249,4962,26250,2826,26251,2148,26252,2834,2835,2106,4974,14263,4105,26253,26254,26255],"class_list":["post-80537","post","type-post","status-publish","format-standard","has-post-thumbnail","hentry","category-ameriques","category-asie-pacifique","category-fret-aerien","category-leurope","tag-aeroport-de-changi","tag-aeroport-de-francfort","tag-air-freight","tag-air-freight-industry-francais-cargo-iq","tag-air-freight-optimization","tag-air-freight-supply-chain","tag-association-internationale-du-transport-aerien","tag-cargo-handling","tag-chaine-dapprovisionnement-aerienne","tag-changi-airport","tag-deutsch-cargo-iq","tag-developpement-des-infrastructures","tag-digital-transformation-in-logistics","tag-digitale-transformation-in-der-logistik","tag-durabilite-dans-laviation","tag-flughafen-changi","tag-flughafen-frankfurt","tag-frachtabfertigung","tag-frachttransport","tag-frankfurt-airport","tag-freight-transport","tag-fret-aerien","tag-fret-aerien-international","tag-gestion-de-la-chaine-dapprovisionnement","tag-industrie-du-fret-aerien","tag-infrastructure-development","tag-infrastrukturentwicklung","tag-international-air-freight","tag-international-air-transport-association","tag-internationale-luftfracht","tag-logistics-service-providers","tag-logistikdienstleister","tag-luftfracht","tag-luftfracht-lieferkette","tag-luftfrachtindustrie-english-cargo-iq","tag-luftfrachtoptimierung","tag-manutention-de-fret","tag-master-operating-plan","tag-nachhaltigkeit-in-der-luftfahrt","tag-optimisation-du-fret-aerien","tag-partenariats-strategiques","tag-plan-operationnel-maitre","tag-prestataires-de-services-logistiques","tag-propositions-de-valeur-en-logistique","tag-strategic-partnerships","tag-strategische-partnerschaften","tag-supply-chain-management","tag-sustainability-in-aviation","tag-transformation-numerique-dans-la-logistique","tag-transport-de-fret","tag-value-propositions-in-logistics","tag-wertversprechen-in-der-logistik","tag-world-cargo-symposium"],"acf":[],"yoast_head":"<!-- This site is optimized with the Yoast SEO plugin v27.3 - https:\/\/yoast.com\/product\/yoast-seo-wordpress\/ -->\n<title>Francfort et Changi rejoignent Cargo iQ - ITJ | International Transport Journal<\/title>\n<meta name=\"robots\" content=\"index, follow, max-snippet:-1, max-image-preview:large, max-video-preview:-1\" \/>\n<link rel=\"canonical\" href=\"https:\/\/transportjournal.com\/fr\/2026\/03\/12\/francfort-et-changi-rejoignent-cargo-iq\/\" \/>\n<meta property=\"og:locale\" content=\"fr_FR\" \/>\n<meta property=\"og:type\" content=\"article\" \/>\n<meta property=\"og:title\" content=\"Francfort et Changi rejoignent Cargo iQ - ITJ | International Transport Journal\" \/>\n<meta property=\"og:description\" content=\"Cargo iQ a annonc\u00e9 que les a\u00e9roports de Francfort et de Singapour Changi sont devenus de nouveaux membres.\" \/>\n<meta property=\"og:url\" content=\"https:\/\/transportjournal.com\/fr\/2026\/03\/12\/francfort-et-changi-rejoignent-cargo-iq\/\" \/>\n<meta property=\"og:site_name\" content=\"ITJ | International Transport Journal\" \/>\n<meta property=\"article:published_time\" content=\"2026-03-12T08:47:34+00:00\" \/>\n<meta property=\"article:modified_time\" content=\"2026-03-12T09:07:52+00:00\" \/>\n<meta property=\"og:image\" content=\"https:\/\/transportjournal.com\/wp-content\/uploads\/sites\/2\/2026\/03\/CIQ-Photo-scaled-1-aspect-ratio-1400-788.jpg\" \/>\n\t<meta property=\"og:image:width\" content=\"2048\" \/>\n\t<meta property=\"og:image:height\" content=\"1153\" \/>\n\t<meta property=\"og:image:type\" content=\"image\/jpeg\" \/>\n<meta name=\"author\" content=\"Jeremy Soland\" \/>\n<meta name=\"twitter:card\" content=\"summary_large_image\" \/>\n<meta name=\"twitter:label1\" content=\"\u00c9crit par\" \/>\n\t<meta name=\"twitter:data1\" content=\"Jeremy Soland\" \/>\n\t<meta name=\"twitter:label2\" content=\"Dur\u00e9e de lecture estim\u00e9e\" \/>\n\t<meta name=\"twitter:data2\" content=\"1 minute\" \/>\n<script type=\"application\/ld+json\" class=\"yoast-schema-graph\">{\"@context\":\"https:\\\/\\\/schema.org\",\"@graph\":[{\"@type\":\"Article\",\"@id\":\"https:\\\/\\\/transportjournal.com\\\/fr\\\/2026\\\/03\\\/12\\\/francfort-et-changi-rejoignent-cargo-iq\\\/#article\",\"isPartOf\":{\"@id\":\"https:\\\/\\\/transportjournal.com\\\/fr\\\/2026\\\/03\\\/12\\\/francfort-et-changi-rejoignent-cargo-iq\\\/\"},\"author\":{\"name\":\"Jeremy Soland\",\"@id\":\"https:\\\/\\\/transportjournal.com\\\/fr\\\/#\\\/schema\\\/person\\\/41d36b5474b623392fa613e97e2363fa\"},\"headline\":\"Francfort et Changi rejoignent Cargo iQ\",\"datePublished\":\"2026-03-12T08:47:34+00:00\",\"dateModified\":\"2026-03-12T09:07:52+00:00\",\"mainEntityOfPage\":{\"@id\":\"https:\\\/\\\/transportjournal.com\\\/fr\\\/2026\\\/03\\\/12\\\/francfort-et-changi-rejoignent-cargo-iq\\\/\"},\"wordCount\":205,\"commentCount\":0,\"publisher\":{\"@id\":\"https:\\\/\\\/transportjournal.com\\\/fr\\\/#organization\"},\"image\":{\"@id\":\"https:\\\/\\\/transportjournal.com\\\/fr\\\/2026\\\/03\\\/12\\\/francfort-et-changi-rejoignent-cargo-iq\\\/#primaryimage\"},\"thumbnailUrl\":\"https:\\\/\\\/transportjournal.com\\\/wp-content\\\/uploads\\\/sites\\\/2\\\/2026\\\/03\\\/CIQ-Photo-scaled-1-aspect-ratio-1400-788.jpg\",\"keywords\":[\"a\u00e9roport de Changi\",\"a\u00e9roport de Francfort\",\"air freight\",\"air freight industry Fran\u00e7ais Cargo iQ\",\"air freight optimization\",\"air freight supply chain\",\"Association internationale du transport a\u00e9rien\",\"cargo handling\",\"cha\u00eene d'approvisionnement a\u00e9rienne\",\"Changi Airport\",\"Deutsch Cargo iQ\",\"d\u00e9veloppement des infrastructures\",\"digital transformation in logistics\",\"digitale Transformation in der Logistik\",\"durabilit\u00e9 dans l'aviation\",\"Flughafen Changi\",\"Flughafen Frankfurt\",\"Frachtabfertigung\",\"Frachttransport\",\"Frankfurt Airport\",\"freight transport\",\"fret a\u00e9rien\",\"fret a\u00e9rien international\",\"gestion de la cha\u00eene d'approvisionnement\",\"industrie du fret a\u00e9rien\",\"infrastructure development\",\"Infrastrukturentwicklung\",\"international air freight\",\"International Air Transport Association\",\"internationale Luftfracht\",\"logistics service providers\",\"Logistikdienstleister\",\"Luftfracht\",\"Luftfracht-Lieferkette\",\"Luftfrachtindustrie English Cargo iQ\",\"Luftfrachtoptimierung\",\"manutention de fret\",\"Master Operating Plan\",\"Nachhaltigkeit in der Luftfahrt\",\"optimisation du fret a\u00e9rien\",\"partenariats strat\u00e9giques\",\"plan op\u00e9rationnel ma\u00eetre\",\"prestataires de services logistiques\",\"propositions de valeur en logistique\",\"strategic partnerships\",\"strategische Partnerschaften\",\"Supply Chain Management\",\"sustainability in aviation\",\"transformation num\u00e9rique dans la logistique\",\"transport de fret\",\"value propositions in logistics\",\"Wertversprechen in der Logistik\",\"World Cargo Symposium\"],\"articleSection\":[\"Am\u00e9riques\",\"Asie\\\/Pacifique\",\"Fret a\u00e9rien\",\"L'Europe\"],\"inLanguage\":\"fr-FR\",\"potentialAction\":[{\"@type\":\"CommentAction\",\"name\":\"Comment\",\"target\":[\"https:\\\/\\\/transportjournal.com\\\/fr\\\/2026\\\/03\\\/12\\\/francfort-et-changi-rejoignent-cargo-iq\\\/#respond\"]}]},{\"@type\":\"WebPage\",\"@id\":\"https:\\\/\\\/transportjournal.com\\\/fr\\\/2026\\\/03\\\/12\\\/francfort-et-changi-rejoignent-cargo-iq\\\/\",\"url\":\"https:\\\/\\\/transportjournal.com\\\/fr\\\/2026\\\/03\\\/12\\\/francfort-et-changi-rejoignent-cargo-iq\\\/\",\"name\":\"Francfort et Changi rejoignent Cargo iQ - ITJ | International Transport Journal\",\"isPartOf\":{\"@id\":\"https:\\\/\\\/transportjournal.com\\\/fr\\\/#website\"},\"primaryImageOfPage\":{\"@id\":\"https:\\\/\\\/transportjournal.com\\\/fr\\\/2026\\\/03\\\/12\\\/francfort-et-changi-rejoignent-cargo-iq\\\/#primaryimage\"},\"image\":{\"@id\":\"https:\\\/\\\/transportjournal.com\\\/fr\\\/2026\\\/03\\\/12\\\/francfort-et-changi-rejoignent-cargo-iq\\\/#primaryimage\"},\"thumbnailUrl\":\"https:\\\/\\\/transportjournal.com\\\/wp-content\\\/uploads\\\/sites\\\/2\\\/2026\\\/03\\\/CIQ-Photo-scaled-1-aspect-ratio-1400-788.jpg\",\"datePublished\":\"2026-03-12T08:47:34+00:00\",\"dateModified\":\"2026-03-12T09:07:52+00:00\",\"breadcrumb\":{\"@id\":\"https:\\\/\\\/transportjournal.com\\\/fr\\\/2026\\\/03\\\/12\\\/francfort-et-changi-rejoignent-cargo-iq\\\/#breadcrumb\"},\"inLanguage\":\"fr-FR\",\"potentialAction\":[{\"@type\":\"ReadAction\",\"target\":[\"https:\\\/\\\/transportjournal.com\\\/fr\\\/2026\\\/03\\\/12\\\/francfort-et-changi-rejoignent-cargo-iq\\\/\"]}]},{\"@type\":\"ImageObject\",\"inLanguage\":\"fr-FR\",\"@id\":\"https:\\\/\\\/transportjournal.com\\\/fr\\\/2026\\\/03\\\/12\\\/francfort-et-changi-rejoignent-cargo-iq\\\/#primaryimage\",\"url\":\"https:\\\/\\\/transportjournal.com\\\/wp-content\\\/uploads\\\/sites\\\/2\\\/2026\\\/03\\\/CIQ-Photo-scaled-1-aspect-ratio-1400-788.jpg\",\"contentUrl\":\"https:\\\/\\\/transportjournal.com\\\/wp-content\\\/uploads\\\/sites\\\/2\\\/2026\\\/03\\\/CIQ-Photo-scaled-1-aspect-ratio-1400-788.jpg\",\"width\":2048,\"height\":1153},{\"@type\":\"BreadcrumbList\",\"@id\":\"https:\\\/\\\/transportjournal.com\\\/fr\\\/2026\\\/03\\\/12\\\/francfort-et-changi-rejoignent-cargo-iq\\\/#breadcrumb\",\"itemListElement\":[{\"@type\":\"ListItem\",\"position\":1,\"name\":\"Startseite\",\"item\":\"https:\\\/\\\/transportjournal.com\\\/fr\\\/\"},{\"@type\":\"ListItem\",\"position\":2,\"name\":\"Francfort et Changi rejoignent Cargo iQ\"}]},{\"@type\":\"WebSite\",\"@id\":\"https:\\\/\\\/transportjournal.com\\\/fr\\\/#website\",\"url\":\"https:\\\/\\\/transportjournal.com\\\/fr\\\/\",\"name\":\"ITJ | International Transport Journal\",\"description\":\"Restez inform\u00e9 des derni\u00e8res nouvelles mondiales dans les secteurs du transport, de la logistique et de la cha\u00eene d'approvisionnement. Transport Journal fournit des informations d'experts, des analyses et des mises \u00e0 jour sur le transport maritime, l'aviation, l'intermodalit\u00e9 et l'exp\u00e9dition. \",\"publisher\":{\"@id\":\"https:\\\/\\\/transportjournal.com\\\/fr\\\/#organization\"},\"potentialAction\":[{\"@type\":\"SearchAction\",\"target\":{\"@type\":\"EntryPoint\",\"urlTemplate\":\"https:\\\/\\\/transportjournal.com\\\/fr\\\/?s={search_term_string}\"},\"query-input\":{\"@type\":\"PropertyValueSpecification\",\"valueRequired\":true,\"valueName\":\"search_term_string\"}}],\"inLanguage\":\"fr-FR\"},{\"@type\":\"Organization\",\"@id\":\"https:\\\/\\\/transportjournal.com\\\/fr\\\/#organization\",\"name\":\"Groupe Logismedia AG\",\"alternateName\":\"Logismedia Group AG\",\"url\":\"https:\\\/\\\/transportjournal.com\\\/fr\\\/\",\"logo\":{\"@type\":\"ImageObject\",\"inLanguage\":\"fr-FR\",\"@id\":\"https:\\\/\\\/transportjournal.com\\\/fr\\\/#\\\/schema\\\/logo\\\/image\\\/\",\"url\":\"https:\\\/\\\/transportjournal.com\\\/wp-content\\\/uploads\\\/sites\\\/2\\\/2025\\\/09\\\/Logo_ITJ.png\",\"contentUrl\":\"https:\\\/\\\/transportjournal.com\\\/wp-content\\\/uploads\\\/sites\\\/2\\\/2025\\\/09\\\/Logo_ITJ.png\",\"width\":799,\"height\":326,\"caption\":\"Groupe Logismedia AG\"},\"image\":{\"@id\":\"https:\\\/\\\/transportjournal.com\\\/fr\\\/#\\\/schema\\\/logo\\\/image\\\/\"},\"sameAs\":[\"https:\\\/\\\/www.linkedin.com\\\/company\\\/56456496\\\/admin\\\/dashboard\\\/\",\"https:\\\/\\\/www.instagram.com\\\/logismediagroup\\\/\",\"https:\\\/\\\/www.youtube.com\\\/@LogiamediaGroupAG\"]},{\"@type\":\"Person\",\"@id\":\"https:\\\/\\\/transportjournal.com\\\/fr\\\/#\\\/schema\\\/person\\\/41d36b5474b623392fa613e97e2363fa\",\"name\":\"Jeremy Soland\",\"url\":\"https:\\\/\\\/transportjournal.com\\\/fr\\\/author\\\/jeremy\\\/\"}]}<\/script>\n<!-- \/ Yoast SEO plugin. -->","yoast_head_json":{"title":"Francfort et Changi rejoignent Cargo iQ - ITJ | International Transport Journal","robots":{"index":"index","follow":"follow","max-snippet":"max-snippet:-1","max-image-preview":"max-image-preview:large","max-video-preview":"max-video-preview:-1"},"canonical":"https:\/\/transportjournal.com\/fr\/2026\/03\/12\/francfort-et-changi-rejoignent-cargo-iq\/","og_locale":"fr_FR","og_type":"article","og_title":"Francfort et Changi rejoignent Cargo iQ - ITJ | International Transport Journal","og_description":"Cargo iQ a annonc\u00e9 que les a\u00e9roports de Francfort et de Singapour Changi sont devenus de nouveaux membres.","og_url":"https:\/\/transportjournal.com\/fr\/2026\/03\/12\/francfort-et-changi-rejoignent-cargo-iq\/","og_site_name":"ITJ | International Transport Journal","article_published_time":"2026-03-12T08:47:34+00:00","article_modified_time":"2026-03-12T09:07:52+00:00","og_image":[{"width":2048,"height":1153,"url":"https:\/\/transportjournal.com\/wp-content\/uploads\/sites\/2\/2026\/03\/CIQ-Photo-scaled-1-aspect-ratio-1400-788.jpg","type":"image\/jpeg"}],"author":"Jeremy Soland","twitter_card":"summary_large_image","twitter_misc":{"\u00c9crit par":"Jeremy Soland","Dur\u00e9e de lecture estim\u00e9e":"1 minute"},"schema":{"@context":"https:\/\/schema.org","@graph":[{"@type":"Article","@id":"https:\/\/transportjournal.com\/fr\/2026\/03\/12\/francfort-et-changi-rejoignent-cargo-iq\/#article","isPartOf":{"@id":"https:\/\/transportjournal.com\/fr\/2026\/03\/12\/francfort-et-changi-rejoignent-cargo-iq\/"},"author":{"name":"Jeremy Soland","@id":"https:\/\/transportjournal.com\/fr\/#\/schema\/person\/41d36b5474b623392fa613e97e2363fa"},"headline":"Francfort et Changi rejoignent Cargo iQ","datePublished":"2026-03-12T08:47:34+00:00","dateModified":"2026-03-12T09:07:52+00:00","mainEntityOfPage":{"@id":"https:\/\/transportjournal.com\/fr\/2026\/03\/12\/francfort-et-changi-rejoignent-cargo-iq\/"},"wordCount":205,"commentCount":0,"publisher":{"@id":"https:\/\/transportjournal.com\/fr\/#organization"},"image":{"@id":"https:\/\/transportjournal.com\/fr\/2026\/03\/12\/francfort-et-changi-rejoignent-cargo-iq\/#primaryimage"},"thumbnailUrl":"https:\/\/transportjournal.com\/wp-content\/uploads\/sites\/2\/2026\/03\/CIQ-Photo-scaled-1-aspect-ratio-1400-788.jpg","keywords":["a\u00e9roport de Changi","a\u00e9roport de Francfort","air freight","air freight industry Fran\u00e7ais Cargo iQ","air freight optimization","air freight supply chain","Association internationale du transport a\u00e9rien","cargo handling","cha\u00eene d'approvisionnement a\u00e9rienne","Changi Airport","Deutsch Cargo iQ","d\u00e9veloppement des infrastructures","digital transformation in logistics","digitale Transformation in der Logistik","durabilit\u00e9 dans l'aviation","Flughafen Changi","Flughafen Frankfurt","Frachtabfertigung","Frachttransport","Frankfurt Airport","freight transport","fret a\u00e9rien","fret a\u00e9rien international","gestion de la cha\u00eene d'approvisionnement","industrie du fret a\u00e9rien","infrastructure development","Infrastrukturentwicklung","international air freight","International Air Transport Association","internationale Luftfracht","logistics service providers","Logistikdienstleister","Luftfracht","Luftfracht-Lieferkette","Luftfrachtindustrie English Cargo iQ","Luftfrachtoptimierung","manutention de fret","Master Operating Plan","Nachhaltigkeit in der Luftfahrt","optimisation du fret a\u00e9rien","partenariats strat\u00e9giques","plan op\u00e9rationnel ma\u00eetre","prestataires de services logistiques","propositions de valeur en logistique","strategic partnerships","strategische Partnerschaften","Supply Chain Management","sustainability in aviation","transformation num\u00e9rique dans la logistique","transport de fret","value propositions in logistics","Wertversprechen in der Logistik","World Cargo Symposium"],"articleSection":["Am\u00e9riques","Asie\/Pacifique","Fret a\u00e9rien","L'Europe"],"inLanguage":"fr-FR","potentialAction":[{"@type":"CommentAction","name":"Comment","target":["https:\/\/transportjournal.com\/fr\/2026\/03\/12\/francfort-et-changi-rejoignent-cargo-iq\/#respond"]}]},{"@type":"WebPage","@id":"https:\/\/transportjournal.com\/fr\/2026\/03\/12\/francfort-et-changi-rejoignent-cargo-iq\/","url":"https:\/\/transportjournal.com\/fr\/2026\/03\/12\/francfort-et-changi-rejoignent-cargo-iq\/","name":"Francfort et Changi rejoignent Cargo iQ - ITJ | International Transport Journal","isPartOf":{"@id":"https:\/\/transportjournal.com\/fr\/#website"},"primaryImageOfPage":{"@id":"https:\/\/transportjournal.com\/fr\/2026\/03\/12\/francfort-et-changi-rejoignent-cargo-iq\/#primaryimage"},"image":{"@id":"https:\/\/transportjournal.com\/fr\/2026\/03\/12\/francfort-et-changi-rejoignent-cargo-iq\/#primaryimage"},"thumbnailUrl":"https:\/\/transportjournal.com\/wp-content\/uploads\/sites\/2\/2026\/03\/CIQ-Photo-scaled-1-aspect-ratio-1400-788.jpg","datePublished":"2026-03-12T08:47:34+00:00","dateModified":"2026-03-12T09:07:52+00:00","breadcrumb":{"@id":"https:\/\/transportjournal.com\/fr\/2026\/03\/12\/francfort-et-changi-rejoignent-cargo-iq\/#breadcrumb"},"inLanguage":"fr-FR","potentialAction":[{"@type":"ReadAction","target":["https:\/\/transportjournal.com\/fr\/2026\/03\/12\/francfort-et-changi-rejoignent-cargo-iq\/"]}]},{"@type":"ImageObject","inLanguage":"fr-FR","@id":"https:\/\/transportjournal.com\/fr\/2026\/03\/12\/francfort-et-changi-rejoignent-cargo-iq\/#primaryimage","url":"https:\/\/transportjournal.com\/wp-content\/uploads\/sites\/2\/2026\/03\/CIQ-Photo-scaled-1-aspect-ratio-1400-788.jpg","contentUrl":"https:\/\/transportjournal.com\/wp-content\/uploads\/sites\/2\/2026\/03\/CIQ-Photo-scaled-1-aspect-ratio-1400-788.jpg","width":2048,"height":1153},{"@type":"BreadcrumbList","@id":"https:\/\/transportjournal.com\/fr\/2026\/03\/12\/francfort-et-changi-rejoignent-cargo-iq\/#breadcrumb","itemListElement":[{"@type":"ListItem","position":1,"name":"Startseite","item":"https:\/\/transportjournal.com\/fr\/"},{"@type":"ListItem","position":2,"name":"Francfort et Changi rejoignent Cargo iQ"}]},{"@type":"WebSite","@id":"https:\/\/transportjournal.com\/fr\/#website","url":"https:\/\/transportjournal.com\/fr\/","name":"ITJ | International Transport Journal","description":"Restez inform\u00e9 des derni\u00e8res nouvelles mondiales dans les secteurs du transport, de la logistique et de la cha\u00eene d'approvisionnement. Transport Journal fournit des informations d'experts, des analyses et des mises \u00e0 jour sur le transport maritime, l'aviation, l'intermodalit\u00e9 et l'exp\u00e9dition. ","publisher":{"@id":"https:\/\/transportjournal.com\/fr\/#organization"},"potentialAction":[{"@type":"SearchAction","target":{"@type":"EntryPoint","urlTemplate":"https:\/\/transportjournal.com\/fr\/?s={search_term_string}"},"query-input":{"@type":"PropertyValueSpecification","valueRequired":true,"valueName":"search_term_string"}}],"inLanguage":"fr-FR"},{"@type":"Organization","@id":"https:\/\/transportjournal.com\/fr\/#organization","name":"Groupe Logismedia AG","alternateName":"Logismedia Group AG","url":"https:\/\/transportjournal.com\/fr\/","logo":{"@type":"ImageObject","inLanguage":"fr-FR","@id":"https:\/\/transportjournal.com\/fr\/#\/schema\/logo\/image\/","url":"https:\/\/transportjournal.com\/wp-content\/uploads\/sites\/2\/2025\/09\/Logo_ITJ.png","contentUrl":"https:\/\/transportjournal.com\/wp-content\/uploads\/sites\/2\/2025\/09\/Logo_ITJ.png","width":799,"height":326,"caption":"Groupe Logismedia AG"},"image":{"@id":"https:\/\/transportjournal.com\/fr\/#\/schema\/logo\/image\/"},"sameAs":["https:\/\/www.linkedin.com\/company\/56456496\/admin\/dashboard\/","https:\/\/www.instagram.com\/logismediagroup\/","https:\/\/www.youtube.com\/@LogiamediaGroupAG"]},{"@type":"Person","@id":"https:\/\/transportjournal.com\/fr\/#\/schema\/person\/41d36b5474b623392fa613e97e2363fa","name":"Jeremy Soland","url":"https:\/\/transportjournal.com\/fr\/author\/jeremy\/"}]}},"_links":{"self":[{"href":"https:\/\/transportjournal.com\/fr\/wp-json\/wp\/v2\/posts\/80537","targetHints":{"allow":["GET"]}}],"collection":[{"href":"https:\/\/transportjournal.com\/fr\/wp-json\/wp\/v2\/posts"}],"about":[{"href":"https:\/\/transportjournal.com\/fr\/wp-json\/wp\/v2\/types\/post"}],"author":[{"embeddable":true,"href":"https:\/\/transportjournal.com\/fr\/wp-json\/wp\/v2\/users\/10"}],"replies":[{"embeddable":true,"href":"https:\/\/transportjournal.com\/fr\/wp-json\/wp\/v2\/comments?post=80537"}],"version-history":[{"count":1,"href":"https:\/\/transportjournal.com\/fr\/wp-json\/wp\/v2\/posts\/80537\/revisions"}],"predecessor-version":[{"id":80544,"href":"https:\/\/transportjournal.com\/fr\/wp-json\/wp\/v2\/posts\/80537\/revisions\/80544"}],"wp:featuredmedia":[{"embeddable":true,"href":"https:\/\/transportjournal.com\/fr\/wp-json\/wp\/v2\/media\/80535"}],"wp:attachment":[{"href":"https:\/\/transportjournal.com\/fr\/wp-json\/wp\/v2\/media?parent=80537"}],"wp:term":[{"taxonomy":"category","embeddable":true,"href":"https:\/\/transportjournal.com\/fr\/wp-json\/wp\/v2\/categories?post=80537"},{"taxonomy":"post_tag","embeddable":true,"href":"https:\/\/transportjournal.com\/fr\/wp-json\/wp\/v2\/tags?post=80537"}],"curies":[{"name":"wp","href":"https:\/\/api.w.org\/{rel}","templated":true}]}}