{"id":80470,"date":"2026-03-11T14:01:52","date_gmt":"2026-03-11T14:01:52","guid":{"rendered":"https:\/\/transportjournal.com\/2026\/03\/11\/le-groupe-daher-sous-une-nouvelle-direction\/"},"modified":"2026-03-20T14:25:30","modified_gmt":"2026-03-20T13:25:30","slug":"le-groupe-daher-sous-une-nouvelle-direction","status":"publish","type":"post","link":"https:\/\/transportjournal.com\/fr\/2026\/03\/11\/le-groupe-daher-sous-une-nouvelle-direction\/","title":{"rendered":"Le groupe Daher sous une nouvelle direction"},"content":{"rendered":"<p>Thibault Scaramanga (\u00e0 gauche) sera le nouveau pr\u00e9sident du conseil d&#8217;administration du groupe Daher. L&#8217;actuel vice-pr\u00e9sident, qui repr\u00e9sente la famille Daher au sein du conseil, prendra ses fonctions \u00e0 partir du 31 mars 2026. Parall\u00e8lement, Aymeric Daher (\u00e0 droite) sera nomm\u00e9 directeur g\u00e9n\u00e9ral. Ces changements s&#8217;inscrivent dans le cadre d&#8217;une restructuration globale d\u00e9cid\u00e9e en octobre 2025, visant \u00e0 pr\u00e9parer la prochaine g\u00e9n\u00e9ration de l&#8217;entreprise et \u00e0 d\u00e9velopper le futur plan strat\u00e9gique.<\/p>\n<h3>R\u00e9orientation de la direction de l&#8217;entreprise<\/h3>\n<p>Dans le cadre de la nouvelle organisation, le conseil d&#8217;administration a d\u00e9cid\u00e9 d&#8217;introduire une ex\u00e9cution renforc\u00e9e, compos\u00e9e d&#8217;un directeur g\u00e9n\u00e9ral et d&#8217;un directeur g\u00e9n\u00e9ral d\u00e9l\u00e9gu\u00e9. Cette structure vise \u00e0 favoriser la continuit\u00e9 et la compl\u00e9mentarit\u00e9 dans la direction de l&#8217;entreprise. Le nouveau directeur g\u00e9n\u00e9ral, dont le recrutement est en cours, devra apporter de nouvelles perspectives et exp\u00e9riences \u00e0 l&#8217;entreprise. Aymeric Daher, qui a pr\u00e9c\u00e9demment occup\u00e9 le poste de directeur g\u00e9n\u00e9ral adjoint, assumera le r\u00f4le de directeur g\u00e9n\u00e9ral d\u00e9l\u00e9gu\u00e9 \u00e0 partir du 31 mars 2026.<\/p>\n<p>\u00c0 cette date, Thibault Scaramanga prendra \u00e9galement la direction int\u00e9rimaire de l&#8217;entreprise. Avec Aymeric Daher, il dirigera les affaires jusqu&#8217;\u00e0 l&#8217;arriv\u00e9e du nouveau directeur g\u00e9n\u00e9ral, s&#8217;appuyant sur le soutien de l&#8217;ensemble du comit\u00e9 ex\u00e9cutif.<\/p>\n<p>Didier Kayat, qui fait partie du groupe Daher depuis vingt ans et a \u00e9t\u00e9 PDG pendant les dix derni\u00e8res ann\u00e9es, a d\u00e9cid\u00e9 de se consacrer \u00e0 de nouveaux projets personnels. Conform\u00e9ment au conseil d&#8217;administration, il d\u00e9missionnera de ses fonctions de pr\u00e9sident et de directeur g\u00e9n\u00e9ral le 31 mars 2026. Le conseil d&#8217;administration le remercie pour son engagement et ses contributions au d\u00e9veloppement de Daher, qui a connu une transformation compl\u00e8te sous sa direction. Cela a inclus un renforcement de la pr\u00e9sence internationale, notamment par l&#8217;expansion de toutes les activit\u00e9s sur le continent am\u00e9ricain, ainsi qu&#8217;une croissance continue avec un chiffre d&#8217;affaires de 1,9 milliard d&#8217;euros en 2025. Sous sa direction, le groupe s&#8217;est positionn\u00e9 avec succ\u00e8s et figure d\u00e9sormais parmi les 50 plus grandes entreprises du secteur a\u00e9ronautique dans le monde.<\/p>\n<p>&nbsp;<\/p>\n<p><a href=\"https:\/\/www.daher.com\/\" target=\"_blank\" rel=\"noopener noreferrer\">www.daher.com<\/a><\/p>\n<p>&nbsp;<\/p>\n","protected":false},"excerpt":{"rendered":"<p>Thibault Scaramanga deviendra pr\u00e9sident du conseil d&rsquo;administration du groupe Daher le 31 mars 2026, tandis qu&rsquo;Aymeric Daher sera d\u00e9l\u00e9gu\u00e9 en tant que directeur g\u00e9n\u00e9ral.<\/p>\n","protected":false},"author":12,"featured_media":80468,"comment_status":"open","ping_status":"","sticky":false,"template":"","format":"standard","meta":{"_acf_changed":false,"footnotes":""},"categories":[1581,1587,1579],"tags":[12561,26086,3397,26087,26088,26089,2207,26090,26091,12566,4441,2548,5586,26092,4443,2695,2696,26093,26094,26095,1889,26096,2562,3418,3682,26097,26098,26099,26100,2133,1831,2035,6729,2717,3602,26101,26102,2148,6734,6735,5611,2237,26103,26104,1857,26105,5620,15158,7324,2157,26106],"class_list":["post-80470","post","type-post","status-publish","format-standard","has-post-thumbnail","hentry","category-expedition-et-logistique","category-leurope","category-personnes-et-entreprises","tag-american-continent","tag-amerikanischer-kontinent","tag-aviation-industry","tag-aymeric-daher","tag-board-of-directors","tag-ceo","tag-chaine-dapprovisionnement","tag-comite-executif","tag-conseil-dadministration","tag-continent-americain","tag-corporate-development","tag-corporate-governance","tag-croissance-des-revenus","tag-deutsch-daher-gruppe","tag-developpement-dentreprise","tag-digitalisierung","tag-digitalization","tag-directeur-general","tag-executive-committee","tag-exekutivkomitee","tag-fachkraeftemangel","tag-generaldirektor","tag-gouvernance-dentreprise","tag-industrie-aeronautique","tag-infrastructure","tag-infrastructure-francais-groupe-daher","tag-infrastruktur-english-daher-group","tag-international-presence","tag-internationale-praesenz","tag-logistics-service-providers","tag-logistikdienstleister","tag-luftfahrtbranche","tag-neustrukturierung","tag-numerisation","tag-penurie-de-competences","tag-plan-strategique","tag-presence-internationale","tag-prestataires-de-services-logistiques","tag-restructuration","tag-restructuring","tag-revenue-growth","tag-skills-shortage","tag-strategic-plan","tag-strategischer-plan","tag-supply-chain","tag-thibault-scaramanga","tag-transformation","tag-umsatzwachstum","tag-unternehmensentwicklung","tag-unternehmensfuehrung","tag-verwaltungsrat"],"acf":[],"yoast_head":"<!-- This site is optimized with the Yoast SEO plugin v27.3 - https:\/\/yoast.com\/product\/yoast-seo-wordpress\/ -->\n<title>Le groupe Daher sous une nouvelle direction - ITJ | International Transport Journal<\/title>\n<meta name=\"robots\" content=\"index, follow, max-snippet:-1, max-image-preview:large, max-video-preview:-1\" \/>\n<link rel=\"canonical\" href=\"https:\/\/transportjournal.com\/fr\/2026\/03\/11\/le-groupe-daher-sous-une-nouvelle-direction\/\" \/>\n<meta property=\"og:locale\" content=\"fr_FR\" \/>\n<meta property=\"og:type\" content=\"article\" \/>\n<meta property=\"og:title\" content=\"Le groupe Daher sous une nouvelle direction - ITJ | International Transport Journal\" \/>\n<meta property=\"og:description\" content=\"Thibault Scaramanga deviendra pr\u00e9sident du conseil d&#039;administration du groupe Daher le 31 mars 2026, tandis qu&#039;Aymeric Daher sera d\u00e9l\u00e9gu\u00e9 en tant que directeur g\u00e9n\u00e9ral.\" \/>\n<meta property=\"og:url\" content=\"https:\/\/transportjournal.com\/fr\/2026\/03\/11\/le-groupe-daher-sous-une-nouvelle-direction\/\" \/>\n<meta property=\"og:site_name\" content=\"ITJ | International Transport Journal\" \/>\n<meta property=\"article:published_time\" content=\"2026-03-11T14:01:52+00:00\" \/>\n<meta property=\"article:modified_time\" content=\"2026-03-20T13:25:30+00:00\" \/>\n<meta property=\"og:image\" content=\"https:\/\/transportjournal.com\/wp-content\/uploads\/sites\/2\/2026\/03\/Daher-XoLy0Q-e2O-1200-aspect-ratio-1400-788.webp\" \/>\n\t<meta property=\"og:image:width\" content=\"1142\" \/>\n\t<meta property=\"og:image:height\" content=\"643\" \/>\n\t<meta property=\"og:image:type\" content=\"image\/webp\" \/>\n<meta name=\"author\" content=\"Andreas Haug\" \/>\n<meta name=\"twitter:card\" content=\"summary_large_image\" \/>\n<meta name=\"twitter:label1\" content=\"\u00c9crit par\" \/>\n\t<meta name=\"twitter:data1\" content=\"Andreas Haug\" \/>\n\t<meta name=\"twitter:label2\" content=\"Dur\u00e9e de lecture estim\u00e9e\" \/>\n\t<meta name=\"twitter:data2\" content=\"2 minutes\" \/>\n<script type=\"application\/ld+json\" class=\"yoast-schema-graph\">{\"@context\":\"https:\\\/\\\/schema.org\",\"@graph\":[{\"@type\":\"Article\",\"@id\":\"https:\\\/\\\/transportjournal.com\\\/fr\\\/2026\\\/03\\\/11\\\/le-groupe-daher-sous-une-nouvelle-direction\\\/#article\",\"isPartOf\":{\"@id\":\"https:\\\/\\\/transportjournal.com\\\/fr\\\/2026\\\/03\\\/11\\\/le-groupe-daher-sous-une-nouvelle-direction\\\/\"},\"author\":{\"name\":\"Andreas Haug\",\"@id\":\"https:\\\/\\\/transportjournal.com\\\/fr\\\/#\\\/schema\\\/person\\\/cf538b3157f15afd7589245a4b3dbd25\"},\"headline\":\"Le groupe Daher sous une nouvelle direction\",\"datePublished\":\"2026-03-11T14:01:52+00:00\",\"dateModified\":\"2026-03-20T13:25:30+00:00\",\"mainEntityOfPage\":{\"@id\":\"https:\\\/\\\/transportjournal.com\\\/fr\\\/2026\\\/03\\\/11\\\/le-groupe-daher-sous-une-nouvelle-direction\\\/\"},\"wordCount\":399,\"commentCount\":0,\"publisher\":{\"@id\":\"https:\\\/\\\/transportjournal.com\\\/fr\\\/#organization\"},\"image\":{\"@id\":\"https:\\\/\\\/transportjournal.com\\\/fr\\\/2026\\\/03\\\/11\\\/le-groupe-daher-sous-une-nouvelle-direction\\\/#primaryimage\"},\"thumbnailUrl\":\"https:\\\/\\\/transportjournal.com\\\/wp-content\\\/uploads\\\/sites\\\/2\\\/2026\\\/03\\\/Daher-XoLy0Q-e2O-1200-aspect-ratio-1400-788.webp\",\"keywords\":[\"American continent\",\"amerikanischer Kontinent\",\"aviation industry\",\"Aymeric Daher\",\"board of directors\",\"CEO\",\"cha\u00eene d'approvisionnement\",\"comit\u00e9 ex\u00e9cutif\",\"conseil d'administration\",\"continent am\u00e9ricain\",\"Corporate Development\",\"corporate governance\",\"croissance des revenus\",\"Deutsch Daher-Gruppe\",\"d\u00e9veloppement d'entreprise\",\"Digitalisierung\",\"digitalization\",\"directeur g\u00e9n\u00e9ral\",\"executive committee\",\"Exekutivkomitee\",\"Fachkr\u00e4ftemangel\",\"Generaldirektor\",\"gouvernance d'entreprise\",\"industrie a\u00e9ronautique\",\"infrastructure\",\"infrastructure Fran\u00e7ais Groupe Daher\",\"Infrastruktur English Daher Group\",\"international presence\",\"internationale Pr\u00e4senz\",\"logistics service providers\",\"Logistikdienstleister\",\"Luftfahrtbranche\",\"Neustrukturierung\",\"num\u00e9risation\",\"p\u00e9nurie de comp\u00e9tences\",\"plan strat\u00e9gique\",\"pr\u00e9sence internationale\",\"prestataires de services logistiques\",\"restructuration\",\"restructuring\",\"revenue growth\",\"skills shortage\",\"strategic plan\",\"strategischer Plan\",\"Supply Chain\",\"Thibault Scaramanga\",\"Transformation\",\"Umsatzwachstum\",\"Unternehmensentwicklung\",\"Unternehmensf\u00fchrung\",\"Verwaltungsrat\"],\"articleSection\":[\"Exp\u00e9dition de fret et logistique\",\"L'Europe\",\"Personnes et entreprises\"],\"inLanguage\":\"fr-FR\",\"potentialAction\":[{\"@type\":\"CommentAction\",\"name\":\"Comment\",\"target\":[\"https:\\\/\\\/transportjournal.com\\\/fr\\\/2026\\\/03\\\/11\\\/le-groupe-daher-sous-une-nouvelle-direction\\\/#respond\"]}]},{\"@type\":\"WebPage\",\"@id\":\"https:\\\/\\\/transportjournal.com\\\/fr\\\/2026\\\/03\\\/11\\\/le-groupe-daher-sous-une-nouvelle-direction\\\/\",\"url\":\"https:\\\/\\\/transportjournal.com\\\/fr\\\/2026\\\/03\\\/11\\\/le-groupe-daher-sous-une-nouvelle-direction\\\/\",\"name\":\"Le groupe Daher sous une nouvelle direction - ITJ | International Transport Journal\",\"isPartOf\":{\"@id\":\"https:\\\/\\\/transportjournal.com\\\/fr\\\/#website\"},\"primaryImageOfPage\":{\"@id\":\"https:\\\/\\\/transportjournal.com\\\/fr\\\/2026\\\/03\\\/11\\\/le-groupe-daher-sous-une-nouvelle-direction\\\/#primaryimage\"},\"image\":{\"@id\":\"https:\\\/\\\/transportjournal.com\\\/fr\\\/2026\\\/03\\\/11\\\/le-groupe-daher-sous-une-nouvelle-direction\\\/#primaryimage\"},\"thumbnailUrl\":\"https:\\\/\\\/transportjournal.com\\\/wp-content\\\/uploads\\\/sites\\\/2\\\/2026\\\/03\\\/Daher-XoLy0Q-e2O-1200-aspect-ratio-1400-788.webp\",\"datePublished\":\"2026-03-11T14:01:52+00:00\",\"dateModified\":\"2026-03-20T13:25:30+00:00\",\"breadcrumb\":{\"@id\":\"https:\\\/\\\/transportjournal.com\\\/fr\\\/2026\\\/03\\\/11\\\/le-groupe-daher-sous-une-nouvelle-direction\\\/#breadcrumb\"},\"inLanguage\":\"fr-FR\",\"potentialAction\":[{\"@type\":\"ReadAction\",\"target\":[\"https:\\\/\\\/transportjournal.com\\\/fr\\\/2026\\\/03\\\/11\\\/le-groupe-daher-sous-une-nouvelle-direction\\\/\"]}]},{\"@type\":\"ImageObject\",\"inLanguage\":\"fr-FR\",\"@id\":\"https:\\\/\\\/transportjournal.com\\\/fr\\\/2026\\\/03\\\/11\\\/le-groupe-daher-sous-une-nouvelle-direction\\\/#primaryimage\",\"url\":\"https:\\\/\\\/transportjournal.com\\\/wp-content\\\/uploads\\\/sites\\\/2\\\/2026\\\/03\\\/Daher-XoLy0Q-e2O-1200-aspect-ratio-1400-788.webp\",\"contentUrl\":\"https:\\\/\\\/transportjournal.com\\\/wp-content\\\/uploads\\\/sites\\\/2\\\/2026\\\/03\\\/Daher-XoLy0Q-e2O-1200-aspect-ratio-1400-788.webp\",\"width\":1142,\"height\":643},{\"@type\":\"BreadcrumbList\",\"@id\":\"https:\\\/\\\/transportjournal.com\\\/fr\\\/2026\\\/03\\\/11\\\/le-groupe-daher-sous-une-nouvelle-direction\\\/#breadcrumb\",\"itemListElement\":[{\"@type\":\"ListItem\",\"position\":1,\"name\":\"Startseite\",\"item\":\"https:\\\/\\\/transportjournal.com\\\/fr\\\/\"},{\"@type\":\"ListItem\",\"position\":2,\"name\":\"Le groupe Daher sous une nouvelle direction\"}]},{\"@type\":\"WebSite\",\"@id\":\"https:\\\/\\\/transportjournal.com\\\/fr\\\/#website\",\"url\":\"https:\\\/\\\/transportjournal.com\\\/fr\\\/\",\"name\":\"ITJ | International Transport Journal\",\"description\":\"Restez inform\u00e9 des derni\u00e8res nouvelles mondiales dans les secteurs du transport, de la logistique et de la cha\u00eene d'approvisionnement. Transport Journal fournit des informations d'experts, des analyses et des mises \u00e0 jour sur le transport maritime, l'aviation, l'intermodalit\u00e9 et l'exp\u00e9dition. \",\"publisher\":{\"@id\":\"https:\\\/\\\/transportjournal.com\\\/fr\\\/#organization\"},\"potentialAction\":[{\"@type\":\"SearchAction\",\"target\":{\"@type\":\"EntryPoint\",\"urlTemplate\":\"https:\\\/\\\/transportjournal.com\\\/fr\\\/?s={search_term_string}\"},\"query-input\":{\"@type\":\"PropertyValueSpecification\",\"valueRequired\":true,\"valueName\":\"search_term_string\"}}],\"inLanguage\":\"fr-FR\"},{\"@type\":\"Organization\",\"@id\":\"https:\\\/\\\/transportjournal.com\\\/fr\\\/#organization\",\"name\":\"Groupe Logismedia AG\",\"alternateName\":\"Logismedia Group AG\",\"url\":\"https:\\\/\\\/transportjournal.com\\\/fr\\\/\",\"logo\":{\"@type\":\"ImageObject\",\"inLanguage\":\"fr-FR\",\"@id\":\"https:\\\/\\\/transportjournal.com\\\/fr\\\/#\\\/schema\\\/logo\\\/image\\\/\",\"url\":\"https:\\\/\\\/transportjournal.com\\\/wp-content\\\/uploads\\\/sites\\\/2\\\/2025\\\/09\\\/Logo_ITJ.png\",\"contentUrl\":\"https:\\\/\\\/transportjournal.com\\\/wp-content\\\/uploads\\\/sites\\\/2\\\/2025\\\/09\\\/Logo_ITJ.png\",\"width\":799,\"height\":326,\"caption\":\"Groupe Logismedia AG\"},\"image\":{\"@id\":\"https:\\\/\\\/transportjournal.com\\\/fr\\\/#\\\/schema\\\/logo\\\/image\\\/\"},\"sameAs\":[\"https:\\\/\\\/www.linkedin.com\\\/company\\\/56456496\\\/admin\\\/dashboard\\\/\",\"https:\\\/\\\/www.instagram.com\\\/logismediagroup\\\/\",\"https:\\\/\\\/www.youtube.com\\\/@LogiamediaGroupAG\"]},{\"@type\":\"Person\",\"@id\":\"https:\\\/\\\/transportjournal.com\\\/fr\\\/#\\\/schema\\\/person\\\/cf538b3157f15afd7589245a4b3dbd25\",\"name\":\"Andreas Haug\",\"url\":\"https:\\\/\\\/transportjournal.com\\\/fr\\\/author\\\/andreas\\\/\"}]}<\/script>\n<!-- \/ Yoast SEO plugin. -->","yoast_head_json":{"title":"Le groupe Daher sous une nouvelle direction - ITJ | International Transport Journal","robots":{"index":"index","follow":"follow","max-snippet":"max-snippet:-1","max-image-preview":"max-image-preview:large","max-video-preview":"max-video-preview:-1"},"canonical":"https:\/\/transportjournal.com\/fr\/2026\/03\/11\/le-groupe-daher-sous-une-nouvelle-direction\/","og_locale":"fr_FR","og_type":"article","og_title":"Le groupe Daher sous une nouvelle direction - ITJ | International Transport Journal","og_description":"Thibault Scaramanga deviendra pr\u00e9sident du conseil d'administration du groupe Daher le 31 mars 2026, tandis qu'Aymeric Daher sera d\u00e9l\u00e9gu\u00e9 en tant que directeur g\u00e9n\u00e9ral.","og_url":"https:\/\/transportjournal.com\/fr\/2026\/03\/11\/le-groupe-daher-sous-une-nouvelle-direction\/","og_site_name":"ITJ | International Transport Journal","article_published_time":"2026-03-11T14:01:52+00:00","article_modified_time":"2026-03-20T13:25:30+00:00","og_image":[{"width":1142,"height":643,"url":"https:\/\/transportjournal.com\/wp-content\/uploads\/sites\/2\/2026\/03\/Daher-XoLy0Q-e2O-1200-aspect-ratio-1400-788.webp","type":"image\/webp"}],"author":"Andreas Haug","twitter_card":"summary_large_image","twitter_misc":{"\u00c9crit par":"Andreas Haug","Dur\u00e9e de lecture estim\u00e9e":"2 minutes"},"schema":{"@context":"https:\/\/schema.org","@graph":[{"@type":"Article","@id":"https:\/\/transportjournal.com\/fr\/2026\/03\/11\/le-groupe-daher-sous-une-nouvelle-direction\/#article","isPartOf":{"@id":"https:\/\/transportjournal.com\/fr\/2026\/03\/11\/le-groupe-daher-sous-une-nouvelle-direction\/"},"author":{"name":"Andreas Haug","@id":"https:\/\/transportjournal.com\/fr\/#\/schema\/person\/cf538b3157f15afd7589245a4b3dbd25"},"headline":"Le groupe Daher sous une nouvelle direction","datePublished":"2026-03-11T14:01:52+00:00","dateModified":"2026-03-20T13:25:30+00:00","mainEntityOfPage":{"@id":"https:\/\/transportjournal.com\/fr\/2026\/03\/11\/le-groupe-daher-sous-une-nouvelle-direction\/"},"wordCount":399,"commentCount":0,"publisher":{"@id":"https:\/\/transportjournal.com\/fr\/#organization"},"image":{"@id":"https:\/\/transportjournal.com\/fr\/2026\/03\/11\/le-groupe-daher-sous-une-nouvelle-direction\/#primaryimage"},"thumbnailUrl":"https:\/\/transportjournal.com\/wp-content\/uploads\/sites\/2\/2026\/03\/Daher-XoLy0Q-e2O-1200-aspect-ratio-1400-788.webp","keywords":["American continent","amerikanischer Kontinent","aviation industry","Aymeric Daher","board of directors","CEO","cha\u00eene d'approvisionnement","comit\u00e9 ex\u00e9cutif","conseil d'administration","continent am\u00e9ricain","Corporate Development","corporate governance","croissance des revenus","Deutsch Daher-Gruppe","d\u00e9veloppement d'entreprise","Digitalisierung","digitalization","directeur g\u00e9n\u00e9ral","executive committee","Exekutivkomitee","Fachkr\u00e4ftemangel","Generaldirektor","gouvernance d'entreprise","industrie a\u00e9ronautique","infrastructure","infrastructure Fran\u00e7ais Groupe Daher","Infrastruktur English Daher Group","international presence","internationale Pr\u00e4senz","logistics service providers","Logistikdienstleister","Luftfahrtbranche","Neustrukturierung","num\u00e9risation","p\u00e9nurie de comp\u00e9tences","plan strat\u00e9gique","pr\u00e9sence internationale","prestataires de services logistiques","restructuration","restructuring","revenue growth","skills shortage","strategic plan","strategischer Plan","Supply Chain","Thibault Scaramanga","Transformation","Umsatzwachstum","Unternehmensentwicklung","Unternehmensf\u00fchrung","Verwaltungsrat"],"articleSection":["Exp\u00e9dition de fret et logistique","L'Europe","Personnes et entreprises"],"inLanguage":"fr-FR","potentialAction":[{"@type":"CommentAction","name":"Comment","target":["https:\/\/transportjournal.com\/fr\/2026\/03\/11\/le-groupe-daher-sous-une-nouvelle-direction\/#respond"]}]},{"@type":"WebPage","@id":"https:\/\/transportjournal.com\/fr\/2026\/03\/11\/le-groupe-daher-sous-une-nouvelle-direction\/","url":"https:\/\/transportjournal.com\/fr\/2026\/03\/11\/le-groupe-daher-sous-une-nouvelle-direction\/","name":"Le groupe Daher sous une nouvelle direction - ITJ | International Transport Journal","isPartOf":{"@id":"https:\/\/transportjournal.com\/fr\/#website"},"primaryImageOfPage":{"@id":"https:\/\/transportjournal.com\/fr\/2026\/03\/11\/le-groupe-daher-sous-une-nouvelle-direction\/#primaryimage"},"image":{"@id":"https:\/\/transportjournal.com\/fr\/2026\/03\/11\/le-groupe-daher-sous-une-nouvelle-direction\/#primaryimage"},"thumbnailUrl":"https:\/\/transportjournal.com\/wp-content\/uploads\/sites\/2\/2026\/03\/Daher-XoLy0Q-e2O-1200-aspect-ratio-1400-788.webp","datePublished":"2026-03-11T14:01:52+00:00","dateModified":"2026-03-20T13:25:30+00:00","breadcrumb":{"@id":"https:\/\/transportjournal.com\/fr\/2026\/03\/11\/le-groupe-daher-sous-une-nouvelle-direction\/#breadcrumb"},"inLanguage":"fr-FR","potentialAction":[{"@type":"ReadAction","target":["https:\/\/transportjournal.com\/fr\/2026\/03\/11\/le-groupe-daher-sous-une-nouvelle-direction\/"]}]},{"@type":"ImageObject","inLanguage":"fr-FR","@id":"https:\/\/transportjournal.com\/fr\/2026\/03\/11\/le-groupe-daher-sous-une-nouvelle-direction\/#primaryimage","url":"https:\/\/transportjournal.com\/wp-content\/uploads\/sites\/2\/2026\/03\/Daher-XoLy0Q-e2O-1200-aspect-ratio-1400-788.webp","contentUrl":"https:\/\/transportjournal.com\/wp-content\/uploads\/sites\/2\/2026\/03\/Daher-XoLy0Q-e2O-1200-aspect-ratio-1400-788.webp","width":1142,"height":643},{"@type":"BreadcrumbList","@id":"https:\/\/transportjournal.com\/fr\/2026\/03\/11\/le-groupe-daher-sous-une-nouvelle-direction\/#breadcrumb","itemListElement":[{"@type":"ListItem","position":1,"name":"Startseite","item":"https:\/\/transportjournal.com\/fr\/"},{"@type":"ListItem","position":2,"name":"Le groupe Daher sous une nouvelle direction"}]},{"@type":"WebSite","@id":"https:\/\/transportjournal.com\/fr\/#website","url":"https:\/\/transportjournal.com\/fr\/","name":"ITJ | International Transport Journal","description":"Restez inform\u00e9 des derni\u00e8res nouvelles mondiales dans les secteurs du transport, de la logistique et de la cha\u00eene d'approvisionnement. Transport Journal fournit des informations d'experts, des analyses et des mises \u00e0 jour sur le transport maritime, l'aviation, l'intermodalit\u00e9 et l'exp\u00e9dition. ","publisher":{"@id":"https:\/\/transportjournal.com\/fr\/#organization"},"potentialAction":[{"@type":"SearchAction","target":{"@type":"EntryPoint","urlTemplate":"https:\/\/transportjournal.com\/fr\/?s={search_term_string}"},"query-input":{"@type":"PropertyValueSpecification","valueRequired":true,"valueName":"search_term_string"}}],"inLanguage":"fr-FR"},{"@type":"Organization","@id":"https:\/\/transportjournal.com\/fr\/#organization","name":"Groupe Logismedia AG","alternateName":"Logismedia Group AG","url":"https:\/\/transportjournal.com\/fr\/","logo":{"@type":"ImageObject","inLanguage":"fr-FR","@id":"https:\/\/transportjournal.com\/fr\/#\/schema\/logo\/image\/","url":"https:\/\/transportjournal.com\/wp-content\/uploads\/sites\/2\/2025\/09\/Logo_ITJ.png","contentUrl":"https:\/\/transportjournal.com\/wp-content\/uploads\/sites\/2\/2025\/09\/Logo_ITJ.png","width":799,"height":326,"caption":"Groupe Logismedia AG"},"image":{"@id":"https:\/\/transportjournal.com\/fr\/#\/schema\/logo\/image\/"},"sameAs":["https:\/\/www.linkedin.com\/company\/56456496\/admin\/dashboard\/","https:\/\/www.instagram.com\/logismediagroup\/","https:\/\/www.youtube.com\/@LogiamediaGroupAG"]},{"@type":"Person","@id":"https:\/\/transportjournal.com\/fr\/#\/schema\/person\/cf538b3157f15afd7589245a4b3dbd25","name":"Andreas Haug","url":"https:\/\/transportjournal.com\/fr\/author\/andreas\/"}]}},"_links":{"self":[{"href":"https:\/\/transportjournal.com\/fr\/wp-json\/wp\/v2\/posts\/80470","targetHints":{"allow":["GET"]}}],"collection":[{"href":"https:\/\/transportjournal.com\/fr\/wp-json\/wp\/v2\/posts"}],"about":[{"href":"https:\/\/transportjournal.com\/fr\/wp-json\/wp\/v2\/types\/post"}],"author":[{"embeddable":true,"href":"https:\/\/transportjournal.com\/fr\/wp-json\/wp\/v2\/users\/12"}],"replies":[{"embeddable":true,"href":"https:\/\/transportjournal.com\/fr\/wp-json\/wp\/v2\/comments?post=80470"}],"version-history":[{"count":1,"href":"https:\/\/transportjournal.com\/fr\/wp-json\/wp\/v2\/posts\/80470\/revisions"}],"predecessor-version":[{"id":81949,"href":"https:\/\/transportjournal.com\/fr\/wp-json\/wp\/v2\/posts\/80470\/revisions\/81949"}],"wp:featuredmedia":[{"embeddable":true,"href":"https:\/\/transportjournal.com\/fr\/wp-json\/wp\/v2\/media\/80468"}],"wp:attachment":[{"href":"https:\/\/transportjournal.com\/fr\/wp-json\/wp\/v2\/media?parent=80470"}],"wp:term":[{"taxonomy":"category","embeddable":true,"href":"https:\/\/transportjournal.com\/fr\/wp-json\/wp\/v2\/categories?post=80470"},{"taxonomy":"post_tag","embeddable":true,"href":"https:\/\/transportjournal.com\/fr\/wp-json\/wp\/v2\/tags?post=80470"}],"curies":[{"name":"wp","href":"https:\/\/api.w.org\/{rel}","templated":true}]}}