{"id":80455,"date":"2026-03-11T13:51:47","date_gmt":"2026-03-11T13:51:47","guid":{"rendered":"https:\/\/transportjournal.com\/2026\/03\/11\/jamie-jones-nouveau-directeur-general-de-gtmaritime\/"},"modified":"2026-03-11T15:10:30","modified_gmt":"2026-03-11T14:10:30","slug":"jamie-jones-nouveau-directeur-general-de-gtmaritime","status":"publish","type":"post","link":"https:\/\/transportjournal.com\/fr\/2026\/03\/11\/jamie-jones-nouveau-directeur-general-de-gtmaritime\/","title":{"rendered":"Jamie Jones nouveau directeur g\u00e9n\u00e9ral de GTMaritime"},"content":{"rendered":"<p>GTMaritime a nomm\u00e9 Jamie Jones au poste de nouveau directeur g\u00e9n\u00e9ral. Cette d\u00e9cision repr\u00e9sente une \u00e9tape suppl\u00e9mentaire dans la direction de l&#8217;entreprise britannique, qui se d\u00e9veloppe dans le cadre du groupe Valstone. Jones prend ses fonctions apr\u00e8s une p\u00e9riode de transition durant laquelle il a travaill\u00e9 en \u00e9troite collaboration avec le directeur g\u00e9n\u00e9ral sortant, Chris Judge.<\/p>\n<p>Jamie Jones apporte une vaste exp\u00e9rience dans le domaine de la communication maritime et de la technologie. De plus, il poss\u00e8de une compr\u00e9hension approfondie des d\u00e9fis op\u00e9rationnels, de cybers\u00e9curit\u00e9 et r\u00e9glementaires auxquels sont confront\u00e9es les compagnies maritimes. Au cours de son temps chez GTMaritime, il a collabor\u00e9 \u00e9troitement avec des clients et des partenaires du secteur pour renforcer les voies de communication s\u00e9curis\u00e9es entre les navires et la terre et soutenir la croissance de l&#8217;entreprise.<\/p>\n<h3>Focalisation sur la communication s\u00e9curis\u00e9e et les solutions technologiques<\/h3>\n<p>Dans une d\u00e9claration, Jamie Jones s&#8217;est exprim\u00e9 sur son nouveau r\u00f4le : \u00ab GTMaritime s&#8217;est toujours concentr\u00e9 sur la fourniture de solutions de communication s\u00fbres et fiables pour l&#8217;industrie maritime. Je suis impatient de conduire l&#8217;entreprise vers la prochaine phase. Les compagnies maritimes subissent une pression croissante pour travailler plus efficacement tout en g\u00e9rant des risques cybern\u00e9tiques et r\u00e9glementaires en augmentation. \u00bb<\/p>\n<p>Jones a soulign\u00e9 que l&#8217;objectif de l&#8217;entreprise est d&#8217;aider les clients \u00e0 relever ces d\u00e9fis. Cela doit se faire par la combinaison de solutions de communication fiables avec des technologies plus intelligentes, y compris l&#8217;utilisation cibl\u00e9e de l&#8217;intelligence artificielle. Cela vise \u00e0 am\u00e9liorer la productivit\u00e9 et l&#8217;efficacit\u00e9 op\u00e9rationnelle en mer.<\/p>\n<p>GTMaritime propose des solutions technologiques robustes et des services pour l&#8217;informatique maritime et dessert plus de 17 500 navires dans le monde. L&#8217;entreprise s&#8217;est engag\u00e9e \u00e0 soutenir le secteur maritime en garantissant des connexions s\u00e9curis\u00e9es entre les navires et la terre, m\u00eame dans des conditions difficiles.<\/p>\n<p>&nbsp;<\/p>\n<p><a href=\"https:\/\/gtmaritime.com\/\" target=\"_blank\" rel=\"noopener noreferrer\">www.gtmaritime.com<\/a><\/p>\n","protected":false},"excerpt":{"rendered":"<p>GTMaritime a nomm\u00e9 Jamie Jones nouveau directeur g\u00e9n\u00e9ral pour am\u00e9liorer davantage la communication s\u00e9curis\u00e9e et les solutions technologiques pour l&rsquo;industrie maritime.<\/p>\n","protected":false},"author":12,"featured_media":80453,"comment_status":"open","ping_status":"","sticky":false,"template":"","format":"standard","meta":{"_acf_changed":false,"footnotes":""},"categories":[1587,1579,1583],"tags":[5396,26058,26059,26060,13344,26061,26062,26063,26064,7787,26065,26066,26067,26068,10876,26069,2223,26070,2702,26071,5408,5050,5051,26072,26073,3561,7801,7804,10886,26074,2009,2227,3011,26075,26076,2712,2713,26077,13366,26078,26079,13371,26080,26081,7467,9199,2734,9200,26082,5884,26083,26084,26085],"class_list":["post-80455","post","type-post","status-publish","format-standard","has-post-thumbnail","hentry","category-leurope","category-personnes-et-entreprises","category-transport-maritime-et-ports","tag-artificial-intelligence","tag-betriebseffizienz-auf-see","tag-communication-maritime","tag-communication-navire-terre","tag-compagnies-maritimes","tag-croissance-de-lindustrie-maritime","tag-cyber-security-challenges","tag-cyber-sicherheitsrelevante-herausforderungen","tag-defis-de-cybersecurite","tag-defis-logistiques","tag-deutsch-gtmaritime","tag-digital-transformation-in-shipping","tag-digitale-transformation-in-der-schifffahrt","tag-efficacite-operationnelle-en-mer","tag-gestion-dans-la-logistique","tag-growth-of-the-maritime-industry-francais-gtmaritime","tag-industrie-maritime","tag-informatique-maritime","tag-infrastructure-maritime","tag-infrastruktur-der-maritimen-branche","tag-intelligence-artificielle","tag-international-shipping","tag-internationale-schifffahrt","tag-jamie-jones","tag-kommunikationswege-schiff-land","tag-kuenstliche-intelligenz","tag-logistical-challenges","tag-logistische-herausforderungen","tag-management-in-logistics","tag-maritime-communication","tag-maritime-industrie","tag-maritime-industry","tag-maritime-infrastructure","tag-maritime-it","tag-maritime-kommunikation","tag-maritime-technologie","tag-maritime-technology","tag-operational-efficiency-at-sea","tag-reedereien","tag-secure-communication-solutions","tag-ship-to-shore-communication","tag-shipping-companies","tag-sichere-kommunikationsloesungen","tag-solutions-de-communication-securisees","tag-solutions-technologiques","tag-technological-solutions","tag-technologie-maritime","tag-technologische-loesungen","tag-transformation-numerique-dans-le-transport-maritime","tag-transport-maritime-international","tag-unternehmensfuehrung-in-der-logistik","tag-valstone-group","tag-wachstum-der-maritimen-industrie-english-gtmaritime"],"acf":[],"yoast_head":"<!-- This site is optimized with the Yoast SEO plugin v27.3 - https:\/\/yoast.com\/product\/yoast-seo-wordpress\/ -->\n<title>Jamie Jones nouveau directeur g\u00e9n\u00e9ral de GTMaritime - ITJ | International Transport Journal<\/title>\n<meta name=\"robots\" content=\"index, follow, max-snippet:-1, max-image-preview:large, max-video-preview:-1\" \/>\n<link rel=\"canonical\" href=\"https:\/\/transportjournal.com\/fr\/2026\/03\/11\/jamie-jones-nouveau-directeur-general-de-gtmaritime\/\" \/>\n<meta property=\"og:locale\" content=\"fr_FR\" \/>\n<meta property=\"og:type\" content=\"article\" \/>\n<meta property=\"og:title\" content=\"Jamie Jones nouveau directeur g\u00e9n\u00e9ral de GTMaritime - ITJ | International Transport Journal\" \/>\n<meta property=\"og:description\" content=\"GTMaritime a nomm\u00e9 Jamie Jones nouveau directeur g\u00e9n\u00e9ral pour am\u00e9liorer davantage la communication s\u00e9curis\u00e9e et les solutions technologiques pour l&#039;industrie maritime.\" \/>\n<meta property=\"og:url\" content=\"https:\/\/transportjournal.com\/fr\/2026\/03\/11\/jamie-jones-nouveau-directeur-general-de-gtmaritime\/\" \/>\n<meta property=\"og:site_name\" content=\"ITJ | International Transport Journal\" \/>\n<meta property=\"article:published_time\" content=\"2026-03-11T13:51:47+00:00\" \/>\n<meta property=\"article:modified_time\" content=\"2026-03-11T14:10:30+00:00\" \/>\n<meta property=\"og:image\" content=\"https:\/\/transportjournal.com\/wp-content\/uploads\/sites\/2\/2026\/03\/55140196506_dfa30858cc_o-aspect-ratio-1400-788.jpg\" \/>\n\t<meta property=\"og:image:width\" content=\"2160\" \/>\n\t<meta property=\"og:image:height\" content=\"1216\" \/>\n\t<meta property=\"og:image:type\" content=\"image\/jpeg\" \/>\n<meta name=\"author\" content=\"Andreas Haug\" \/>\n<meta name=\"twitter:card\" content=\"summary_large_image\" \/>\n<meta name=\"twitter:label1\" content=\"\u00c9crit par\" \/>\n\t<meta name=\"twitter:data1\" content=\"Andreas Haug\" \/>\n\t<meta name=\"twitter:label2\" content=\"Dur\u00e9e de lecture estim\u00e9e\" \/>\n\t<meta name=\"twitter:data2\" content=\"2 minutes\" \/>\n<script type=\"application\/ld+json\" class=\"yoast-schema-graph\">{\"@context\":\"https:\\\/\\\/schema.org\",\"@graph\":[{\"@type\":\"Article\",\"@id\":\"https:\\\/\\\/transportjournal.com\\\/fr\\\/2026\\\/03\\\/11\\\/jamie-jones-nouveau-directeur-general-de-gtmaritime\\\/#article\",\"isPartOf\":{\"@id\":\"https:\\\/\\\/transportjournal.com\\\/fr\\\/2026\\\/03\\\/11\\\/jamie-jones-nouveau-directeur-general-de-gtmaritime\\\/\"},\"author\":{\"name\":\"Andreas Haug\",\"@id\":\"https:\\\/\\\/transportjournal.com\\\/fr\\\/#\\\/schema\\\/person\\\/cf538b3157f15afd7589245a4b3dbd25\"},\"headline\":\"Jamie Jones nouveau directeur g\u00e9n\u00e9ral de GTMaritime\",\"datePublished\":\"2026-03-11T13:51:47+00:00\",\"dateModified\":\"2026-03-11T14:10:30+00:00\",\"mainEntityOfPage\":{\"@id\":\"https:\\\/\\\/transportjournal.com\\\/fr\\\/2026\\\/03\\\/11\\\/jamie-jones-nouveau-directeur-general-de-gtmaritime\\\/\"},\"wordCount\":354,\"commentCount\":0,\"publisher\":{\"@id\":\"https:\\\/\\\/transportjournal.com\\\/fr\\\/#organization\"},\"image\":{\"@id\":\"https:\\\/\\\/transportjournal.com\\\/fr\\\/2026\\\/03\\\/11\\\/jamie-jones-nouveau-directeur-general-de-gtmaritime\\\/#primaryimage\"},\"thumbnailUrl\":\"https:\\\/\\\/transportjournal.com\\\/wp-content\\\/uploads\\\/sites\\\/2\\\/2026\\\/03\\\/55140196506_dfa30858cc_o-aspect-ratio-1400-788.jpg\",\"keywords\":[\"artificial intelligence\",\"Betriebseffizienz auf See\",\"communication maritime\",\"communication navire-terre\",\"compagnies maritimes\",\"croissance de l'industrie maritime\",\"cyber security challenges\",\"cyber-sicherheitsrelevante Herausforderungen\",\"d\u00e9fis de cybers\u00e9curit\u00e9\",\"d\u00e9fis logistiques\",\"Deutsch GTMaritime\",\"digital transformation in shipping\",\"digitale Transformation in der Schifffahrt\",\"efficacit\u00e9 op\u00e9rationnelle en mer\",\"gestion dans la logistique\",\"growth of the maritime industry Fran\u00e7ais GTMaritime\",\"industrie maritime\",\"informatique maritime\",\"infrastructure maritime\",\"Infrastruktur der maritimen Branche\",\"intelligence artificielle\",\"international shipping\",\"internationale Schifffahrt\",\"Jamie Jones\",\"Kommunikationswege Schiff Land\",\"K\u00fcnstliche Intelligenz\",\"logistical challenges\",\"logistische Herausforderungen\",\"management in logistics\",\"maritime communication\",\"maritime Industrie\",\"maritime industry\",\"maritime infrastructure\",\"maritime IT\",\"maritime Kommunikation\",\"maritime Technologie\",\"maritime technology\",\"operational efficiency at sea\",\"Reedereien\",\"secure communication solutions\",\"ship-to-shore communication\",\"shipping companies\",\"sichere Kommunikationsl\u00f6sungen\",\"solutions de communication s\u00e9curis\u00e9es\",\"solutions technologiques\",\"technological solutions\",\"technologie maritime\",\"technologische L\u00f6sungen\",\"transformation num\u00e9rique dans le transport maritime\",\"transport maritime international\",\"Unternehmensf\u00fchrung in der Logistik\",\"Valstone Group\",\"Wachstum der maritimen Industrie English GTMaritime\"],\"articleSection\":[\"L'Europe\",\"Personnes et entreprises\",\"Transport maritime et ports\"],\"inLanguage\":\"fr-FR\",\"potentialAction\":[{\"@type\":\"CommentAction\",\"name\":\"Comment\",\"target\":[\"https:\\\/\\\/transportjournal.com\\\/fr\\\/2026\\\/03\\\/11\\\/jamie-jones-nouveau-directeur-general-de-gtmaritime\\\/#respond\"]}]},{\"@type\":\"WebPage\",\"@id\":\"https:\\\/\\\/transportjournal.com\\\/fr\\\/2026\\\/03\\\/11\\\/jamie-jones-nouveau-directeur-general-de-gtmaritime\\\/\",\"url\":\"https:\\\/\\\/transportjournal.com\\\/fr\\\/2026\\\/03\\\/11\\\/jamie-jones-nouveau-directeur-general-de-gtmaritime\\\/\",\"name\":\"Jamie Jones nouveau directeur g\u00e9n\u00e9ral de GTMaritime - ITJ | International Transport Journal\",\"isPartOf\":{\"@id\":\"https:\\\/\\\/transportjournal.com\\\/fr\\\/#website\"},\"primaryImageOfPage\":{\"@id\":\"https:\\\/\\\/transportjournal.com\\\/fr\\\/2026\\\/03\\\/11\\\/jamie-jones-nouveau-directeur-general-de-gtmaritime\\\/#primaryimage\"},\"image\":{\"@id\":\"https:\\\/\\\/transportjournal.com\\\/fr\\\/2026\\\/03\\\/11\\\/jamie-jones-nouveau-directeur-general-de-gtmaritime\\\/#primaryimage\"},\"thumbnailUrl\":\"https:\\\/\\\/transportjournal.com\\\/wp-content\\\/uploads\\\/sites\\\/2\\\/2026\\\/03\\\/55140196506_dfa30858cc_o-aspect-ratio-1400-788.jpg\",\"datePublished\":\"2026-03-11T13:51:47+00:00\",\"dateModified\":\"2026-03-11T14:10:30+00:00\",\"breadcrumb\":{\"@id\":\"https:\\\/\\\/transportjournal.com\\\/fr\\\/2026\\\/03\\\/11\\\/jamie-jones-nouveau-directeur-general-de-gtmaritime\\\/#breadcrumb\"},\"inLanguage\":\"fr-FR\",\"potentialAction\":[{\"@type\":\"ReadAction\",\"target\":[\"https:\\\/\\\/transportjournal.com\\\/fr\\\/2026\\\/03\\\/11\\\/jamie-jones-nouveau-directeur-general-de-gtmaritime\\\/\"]}]},{\"@type\":\"ImageObject\",\"inLanguage\":\"fr-FR\",\"@id\":\"https:\\\/\\\/transportjournal.com\\\/fr\\\/2026\\\/03\\\/11\\\/jamie-jones-nouveau-directeur-general-de-gtmaritime\\\/#primaryimage\",\"url\":\"https:\\\/\\\/transportjournal.com\\\/wp-content\\\/uploads\\\/sites\\\/2\\\/2026\\\/03\\\/55140196506_dfa30858cc_o-aspect-ratio-1400-788.jpg\",\"contentUrl\":\"https:\\\/\\\/transportjournal.com\\\/wp-content\\\/uploads\\\/sites\\\/2\\\/2026\\\/03\\\/55140196506_dfa30858cc_o-aspect-ratio-1400-788.jpg\",\"width\":2160,\"height\":1216},{\"@type\":\"BreadcrumbList\",\"@id\":\"https:\\\/\\\/transportjournal.com\\\/fr\\\/2026\\\/03\\\/11\\\/jamie-jones-nouveau-directeur-general-de-gtmaritime\\\/#breadcrumb\",\"itemListElement\":[{\"@type\":\"ListItem\",\"position\":1,\"name\":\"Startseite\",\"item\":\"https:\\\/\\\/transportjournal.com\\\/fr\\\/\"},{\"@type\":\"ListItem\",\"position\":2,\"name\":\"Jamie Jones nouveau directeur g\u00e9n\u00e9ral de GTMaritime\"}]},{\"@type\":\"WebSite\",\"@id\":\"https:\\\/\\\/transportjournal.com\\\/fr\\\/#website\",\"url\":\"https:\\\/\\\/transportjournal.com\\\/fr\\\/\",\"name\":\"ITJ | International Transport Journal\",\"description\":\"Restez inform\u00e9 des derni\u00e8res nouvelles mondiales dans les secteurs du transport, de la logistique et de la cha\u00eene d'approvisionnement. Transport Journal fournit des informations d'experts, des analyses et des mises \u00e0 jour sur le transport maritime, l'aviation, l'intermodalit\u00e9 et l'exp\u00e9dition. \",\"publisher\":{\"@id\":\"https:\\\/\\\/transportjournal.com\\\/fr\\\/#organization\"},\"potentialAction\":[{\"@type\":\"SearchAction\",\"target\":{\"@type\":\"EntryPoint\",\"urlTemplate\":\"https:\\\/\\\/transportjournal.com\\\/fr\\\/?s={search_term_string}\"},\"query-input\":{\"@type\":\"PropertyValueSpecification\",\"valueRequired\":true,\"valueName\":\"search_term_string\"}}],\"inLanguage\":\"fr-FR\"},{\"@type\":\"Organization\",\"@id\":\"https:\\\/\\\/transportjournal.com\\\/fr\\\/#organization\",\"name\":\"Groupe Logismedia AG\",\"alternateName\":\"Logismedia Group AG\",\"url\":\"https:\\\/\\\/transportjournal.com\\\/fr\\\/\",\"logo\":{\"@type\":\"ImageObject\",\"inLanguage\":\"fr-FR\",\"@id\":\"https:\\\/\\\/transportjournal.com\\\/fr\\\/#\\\/schema\\\/logo\\\/image\\\/\",\"url\":\"https:\\\/\\\/transportjournal.com\\\/wp-content\\\/uploads\\\/sites\\\/2\\\/2025\\\/09\\\/Logo_ITJ.png\",\"contentUrl\":\"https:\\\/\\\/transportjournal.com\\\/wp-content\\\/uploads\\\/sites\\\/2\\\/2025\\\/09\\\/Logo_ITJ.png\",\"width\":799,\"height\":326,\"caption\":\"Groupe Logismedia AG\"},\"image\":{\"@id\":\"https:\\\/\\\/transportjournal.com\\\/fr\\\/#\\\/schema\\\/logo\\\/image\\\/\"},\"sameAs\":[\"https:\\\/\\\/www.linkedin.com\\\/company\\\/56456496\\\/admin\\\/dashboard\\\/\",\"https:\\\/\\\/www.instagram.com\\\/logismediagroup\\\/\",\"https:\\\/\\\/www.youtube.com\\\/@LogiamediaGroupAG\"]},{\"@type\":\"Person\",\"@id\":\"https:\\\/\\\/transportjournal.com\\\/fr\\\/#\\\/schema\\\/person\\\/cf538b3157f15afd7589245a4b3dbd25\",\"name\":\"Andreas Haug\",\"url\":\"https:\\\/\\\/transportjournal.com\\\/fr\\\/author\\\/andreas\\\/\"}]}<\/script>\n<!-- \/ Yoast SEO plugin. -->","yoast_head_json":{"title":"Jamie Jones nouveau directeur g\u00e9n\u00e9ral de GTMaritime - ITJ | International Transport Journal","robots":{"index":"index","follow":"follow","max-snippet":"max-snippet:-1","max-image-preview":"max-image-preview:large","max-video-preview":"max-video-preview:-1"},"canonical":"https:\/\/transportjournal.com\/fr\/2026\/03\/11\/jamie-jones-nouveau-directeur-general-de-gtmaritime\/","og_locale":"fr_FR","og_type":"article","og_title":"Jamie Jones nouveau directeur g\u00e9n\u00e9ral de GTMaritime - ITJ | International Transport Journal","og_description":"GTMaritime a nomm\u00e9 Jamie Jones nouveau directeur g\u00e9n\u00e9ral pour am\u00e9liorer davantage la communication s\u00e9curis\u00e9e et les solutions technologiques pour l'industrie maritime.","og_url":"https:\/\/transportjournal.com\/fr\/2026\/03\/11\/jamie-jones-nouveau-directeur-general-de-gtmaritime\/","og_site_name":"ITJ | International Transport Journal","article_published_time":"2026-03-11T13:51:47+00:00","article_modified_time":"2026-03-11T14:10:30+00:00","og_image":[{"width":2160,"height":1216,"url":"https:\/\/transportjournal.com\/wp-content\/uploads\/sites\/2\/2026\/03\/55140196506_dfa30858cc_o-aspect-ratio-1400-788.jpg","type":"image\/jpeg"}],"author":"Andreas Haug","twitter_card":"summary_large_image","twitter_misc":{"\u00c9crit par":"Andreas Haug","Dur\u00e9e de lecture estim\u00e9e":"2 minutes"},"schema":{"@context":"https:\/\/schema.org","@graph":[{"@type":"Article","@id":"https:\/\/transportjournal.com\/fr\/2026\/03\/11\/jamie-jones-nouveau-directeur-general-de-gtmaritime\/#article","isPartOf":{"@id":"https:\/\/transportjournal.com\/fr\/2026\/03\/11\/jamie-jones-nouveau-directeur-general-de-gtmaritime\/"},"author":{"name":"Andreas Haug","@id":"https:\/\/transportjournal.com\/fr\/#\/schema\/person\/cf538b3157f15afd7589245a4b3dbd25"},"headline":"Jamie Jones nouveau directeur g\u00e9n\u00e9ral de GTMaritime","datePublished":"2026-03-11T13:51:47+00:00","dateModified":"2026-03-11T14:10:30+00:00","mainEntityOfPage":{"@id":"https:\/\/transportjournal.com\/fr\/2026\/03\/11\/jamie-jones-nouveau-directeur-general-de-gtmaritime\/"},"wordCount":354,"commentCount":0,"publisher":{"@id":"https:\/\/transportjournal.com\/fr\/#organization"},"image":{"@id":"https:\/\/transportjournal.com\/fr\/2026\/03\/11\/jamie-jones-nouveau-directeur-general-de-gtmaritime\/#primaryimage"},"thumbnailUrl":"https:\/\/transportjournal.com\/wp-content\/uploads\/sites\/2\/2026\/03\/55140196506_dfa30858cc_o-aspect-ratio-1400-788.jpg","keywords":["artificial intelligence","Betriebseffizienz auf See","communication maritime","communication navire-terre","compagnies maritimes","croissance de l'industrie maritime","cyber security challenges","cyber-sicherheitsrelevante Herausforderungen","d\u00e9fis de cybers\u00e9curit\u00e9","d\u00e9fis logistiques","Deutsch GTMaritime","digital transformation in shipping","digitale Transformation in der Schifffahrt","efficacit\u00e9 op\u00e9rationnelle en mer","gestion dans la logistique","growth of the maritime industry Fran\u00e7ais GTMaritime","industrie maritime","informatique maritime","infrastructure maritime","Infrastruktur der maritimen Branche","intelligence artificielle","international shipping","internationale Schifffahrt","Jamie Jones","Kommunikationswege Schiff Land","K\u00fcnstliche Intelligenz","logistical challenges","logistische Herausforderungen","management in logistics","maritime communication","maritime Industrie","maritime industry","maritime infrastructure","maritime IT","maritime Kommunikation","maritime Technologie","maritime technology","operational efficiency at sea","Reedereien","secure communication solutions","ship-to-shore communication","shipping companies","sichere Kommunikationsl\u00f6sungen","solutions de communication s\u00e9curis\u00e9es","solutions technologiques","technological solutions","technologie maritime","technologische L\u00f6sungen","transformation num\u00e9rique dans le transport maritime","transport maritime international","Unternehmensf\u00fchrung in der Logistik","Valstone Group","Wachstum der maritimen Industrie English GTMaritime"],"articleSection":["L'Europe","Personnes et entreprises","Transport maritime et ports"],"inLanguage":"fr-FR","potentialAction":[{"@type":"CommentAction","name":"Comment","target":["https:\/\/transportjournal.com\/fr\/2026\/03\/11\/jamie-jones-nouveau-directeur-general-de-gtmaritime\/#respond"]}]},{"@type":"WebPage","@id":"https:\/\/transportjournal.com\/fr\/2026\/03\/11\/jamie-jones-nouveau-directeur-general-de-gtmaritime\/","url":"https:\/\/transportjournal.com\/fr\/2026\/03\/11\/jamie-jones-nouveau-directeur-general-de-gtmaritime\/","name":"Jamie Jones nouveau directeur g\u00e9n\u00e9ral de GTMaritime - ITJ | International Transport Journal","isPartOf":{"@id":"https:\/\/transportjournal.com\/fr\/#website"},"primaryImageOfPage":{"@id":"https:\/\/transportjournal.com\/fr\/2026\/03\/11\/jamie-jones-nouveau-directeur-general-de-gtmaritime\/#primaryimage"},"image":{"@id":"https:\/\/transportjournal.com\/fr\/2026\/03\/11\/jamie-jones-nouveau-directeur-general-de-gtmaritime\/#primaryimage"},"thumbnailUrl":"https:\/\/transportjournal.com\/wp-content\/uploads\/sites\/2\/2026\/03\/55140196506_dfa30858cc_o-aspect-ratio-1400-788.jpg","datePublished":"2026-03-11T13:51:47+00:00","dateModified":"2026-03-11T14:10:30+00:00","breadcrumb":{"@id":"https:\/\/transportjournal.com\/fr\/2026\/03\/11\/jamie-jones-nouveau-directeur-general-de-gtmaritime\/#breadcrumb"},"inLanguage":"fr-FR","potentialAction":[{"@type":"ReadAction","target":["https:\/\/transportjournal.com\/fr\/2026\/03\/11\/jamie-jones-nouveau-directeur-general-de-gtmaritime\/"]}]},{"@type":"ImageObject","inLanguage":"fr-FR","@id":"https:\/\/transportjournal.com\/fr\/2026\/03\/11\/jamie-jones-nouveau-directeur-general-de-gtmaritime\/#primaryimage","url":"https:\/\/transportjournal.com\/wp-content\/uploads\/sites\/2\/2026\/03\/55140196506_dfa30858cc_o-aspect-ratio-1400-788.jpg","contentUrl":"https:\/\/transportjournal.com\/wp-content\/uploads\/sites\/2\/2026\/03\/55140196506_dfa30858cc_o-aspect-ratio-1400-788.jpg","width":2160,"height":1216},{"@type":"BreadcrumbList","@id":"https:\/\/transportjournal.com\/fr\/2026\/03\/11\/jamie-jones-nouveau-directeur-general-de-gtmaritime\/#breadcrumb","itemListElement":[{"@type":"ListItem","position":1,"name":"Startseite","item":"https:\/\/transportjournal.com\/fr\/"},{"@type":"ListItem","position":2,"name":"Jamie Jones nouveau directeur g\u00e9n\u00e9ral de GTMaritime"}]},{"@type":"WebSite","@id":"https:\/\/transportjournal.com\/fr\/#website","url":"https:\/\/transportjournal.com\/fr\/","name":"ITJ | International Transport Journal","description":"Restez inform\u00e9 des derni\u00e8res nouvelles mondiales dans les secteurs du transport, de la logistique et de la cha\u00eene d'approvisionnement. Transport Journal fournit des informations d'experts, des analyses et des mises \u00e0 jour sur le transport maritime, l'aviation, l'intermodalit\u00e9 et l'exp\u00e9dition. ","publisher":{"@id":"https:\/\/transportjournal.com\/fr\/#organization"},"potentialAction":[{"@type":"SearchAction","target":{"@type":"EntryPoint","urlTemplate":"https:\/\/transportjournal.com\/fr\/?s={search_term_string}"},"query-input":{"@type":"PropertyValueSpecification","valueRequired":true,"valueName":"search_term_string"}}],"inLanguage":"fr-FR"},{"@type":"Organization","@id":"https:\/\/transportjournal.com\/fr\/#organization","name":"Groupe Logismedia AG","alternateName":"Logismedia Group AG","url":"https:\/\/transportjournal.com\/fr\/","logo":{"@type":"ImageObject","inLanguage":"fr-FR","@id":"https:\/\/transportjournal.com\/fr\/#\/schema\/logo\/image\/","url":"https:\/\/transportjournal.com\/wp-content\/uploads\/sites\/2\/2025\/09\/Logo_ITJ.png","contentUrl":"https:\/\/transportjournal.com\/wp-content\/uploads\/sites\/2\/2025\/09\/Logo_ITJ.png","width":799,"height":326,"caption":"Groupe Logismedia AG"},"image":{"@id":"https:\/\/transportjournal.com\/fr\/#\/schema\/logo\/image\/"},"sameAs":["https:\/\/www.linkedin.com\/company\/56456496\/admin\/dashboard\/","https:\/\/www.instagram.com\/logismediagroup\/","https:\/\/www.youtube.com\/@LogiamediaGroupAG"]},{"@type":"Person","@id":"https:\/\/transportjournal.com\/fr\/#\/schema\/person\/cf538b3157f15afd7589245a4b3dbd25","name":"Andreas Haug","url":"https:\/\/transportjournal.com\/fr\/author\/andreas\/"}]}},"_links":{"self":[{"href":"https:\/\/transportjournal.com\/fr\/wp-json\/wp\/v2\/posts\/80455","targetHints":{"allow":["GET"]}}],"collection":[{"href":"https:\/\/transportjournal.com\/fr\/wp-json\/wp\/v2\/posts"}],"about":[{"href":"https:\/\/transportjournal.com\/fr\/wp-json\/wp\/v2\/types\/post"}],"author":[{"embeddable":true,"href":"https:\/\/transportjournal.com\/fr\/wp-json\/wp\/v2\/users\/12"}],"replies":[{"embeddable":true,"href":"https:\/\/transportjournal.com\/fr\/wp-json\/wp\/v2\/comments?post=80455"}],"version-history":[{"count":2,"href":"https:\/\/transportjournal.com\/fr\/wp-json\/wp\/v2\/posts\/80455\/revisions"}],"predecessor-version":[{"id":80477,"href":"https:\/\/transportjournal.com\/fr\/wp-json\/wp\/v2\/posts\/80455\/revisions\/80477"}],"wp:featuredmedia":[{"embeddable":true,"href":"https:\/\/transportjournal.com\/fr\/wp-json\/wp\/v2\/media\/80453"}],"wp:attachment":[{"href":"https:\/\/transportjournal.com\/fr\/wp-json\/wp\/v2\/media?parent=80455"}],"wp:term":[{"taxonomy":"category","embeddable":true,"href":"https:\/\/transportjournal.com\/fr\/wp-json\/wp\/v2\/categories?post=80455"},{"taxonomy":"post_tag","embeddable":true,"href":"https:\/\/transportjournal.com\/fr\/wp-json\/wp\/v2\/tags?post=80455"}],"curies":[{"name":"wp","href":"https:\/\/api.w.org\/{rel}","templated":true}]}}