{"id":80447,"date":"2026-03-11T13:29:34","date_gmt":"2026-03-11T13:29:34","guid":{"rendered":"https:\/\/transportjournal.com\/2026\/03\/11\/nagel-group-ouvre-un-centre-logistique-a-poznan\/"},"modified":"2026-03-12T10:21:51","modified_gmt":"2026-03-12T09:21:51","slug":"nagel-group-ouvre-un-centre-logistique-a-poznan","status":"publish","type":"post","link":"https:\/\/transportjournal.com\/fr\/2026\/03\/11\/nagel-group-ouvre-un-centre-logistique-a-poznan\/","title":{"rendered":"Nagel-Group ouvre un centre logistique \u00e0 Pozna\u0144"},"content":{"rendered":"<p>Le logisticien alimentaire Nagel-Group pr\u00e9voit l&#8217;ouverture d&#8217;un nouveau site logistique central pr\u00e8s de Pozna\u0144, en Pologne. La construction de ce centre logistique sur mesure fait partie d&#8217;une strat\u00e9gie globale de consolidation et d&#8217;am\u00e9lioration de l&#8217;efficacit\u00e9, pr\u00e9vue pour la premi\u00e8re moiti\u00e9 de l&#8217;ann\u00e9e 2027. Dans le cadre de ce projet, quatre sites existants seront regroup\u00e9s pour cr\u00e9er un n\u0153ud op\u00e9rationnel central.<\/p>\n<h3>Consolidation pour am\u00e9liorer l&#8217;efficacit\u00e9<\/h3>\n<p>Le nouveau centre logistique sera construit dans le Panattoni Park Pozna\u0144 East III. Le d\u00e9veloppeur Panattoni r\u00e9alisera un bien moderne d&#8217;une superficie totale d&#8217;environ 46 000 m\u00b2. Cette nouvelle installation servira \u00e0 l&#8217;avenir de site op\u00e9rationnel central pour la Nagel-Group en Pologne. La fusion des entrep\u00f4ts existants \u00e0 Diamentowa, Kolumba, Robakowo et Wi\u015bniowa en un nouveau site vise \u00e0 accro\u00eetre l&#8217;efficacit\u00e9 op\u00e9rationnelle tout en offrant des trajets courts et un environnement de travail moderne pour les employ\u00e9s.<\/p>\n<p>La nouvelle succursale se distingue par un excellent acc\u00e8s aux autoroutes A2 et S5. Marek Dobrzycki, partenaire chez Panattoni, souligne : \u00ab Le projet BTS de Nagel-Group \u00e0 Pozna\u0144 repr\u00e9sente le prochain chapitre de notre partenariat de longue date, qui a \u00e9volu\u00e9 parall\u00e8lement \u00e0 l&#8217;augmentation des activit\u00e9s de notre partenaire en Pologne. \u00bb<\/p>\n<h3>Espaces logistiques modernes pour diff\u00e9rents domaines de temp\u00e9rature<\/h3>\n<p>Le nouveau centre logistique disposera de pr\u00e8s de 42 000 m\u00b2 d&#8217;espace de stockage et d&#8217;environ 4 500 m\u00b2 d&#8217;espace de bureau, couvrant toutes les exigences de contr\u00f4le de temp\u00e9rature de la logistique alimentaire. Cela inclut des zones pour des produits ultra-frais (0-2\/0-4 \u00b0C), frais (4-7 \u00b0C) et \u00e0 temp\u00e9rature ambiante (16-18 \u00b0C), soutenues par des syst\u00e8mes modernes de contr\u00f4le de temp\u00e9rature. De plus, l&#8217;installation comprendra une surface de Cross-Dock d&#8217;environ 11 000 m\u00b2 et 66 quais de chargement. Au total, 300 places de stationnement pour voitures et 120 pour camions seront disponibles.<\/p>\n<p>Le projet r\u00e9pond \u00e0 des exigences \u00e9lev\u00e9es en mati\u00e8re de durabilit\u00e9 et est certifi\u00e9 selon la norme BREEAM au niveau \u00ab Excellent \u00bb.<\/p>\n<h3>Importance strat\u00e9gique de Pozna\u0144<\/h3>\n<p>Andr\u00e9 Pleines, directeur ex\u00e9cutif immobilier de la Nagel-Group, souligne : \u00ab Avec le nouveau site \u00e0 Pozna\u0144, nous posons les bases d&#8217;une croissance durable suppl\u00e9mentaire en Pologne. La consolidation de quatre succursales existantes en une installation logistique moderne et id\u00e9alement situ\u00e9e augmente notre efficacit\u00e9 et renforce notre performance op\u00e9rationnelle. \u00bb Pozna\u0144 devient ainsi un \u00e9l\u00e9ment central du r\u00e9seau national et europ\u00e9en de la Nagel-Group.<\/p>\n<p>Le march\u00e9 logistique de Pozna\u0144 est l&#8217;un des plus dynamiques en Pologne depuis des ann\u00e9es. L&#8217;excellente infrastructure, la proximit\u00e9 des voies de transport importantes et l&#8217;acc\u00e8s \u00e0 une main-d&#8217;\u0153uvre qualifi\u00e9e font de la r\u00e9gion un site strat\u00e9giquement important sur la carte logistique europ\u00e9enne.<\/p>\n<p>&nbsp;<\/p>\n<p><a href=\"https:\/\/www.nagel-group.com\/\" target=\"_blank\" rel=\"noopener noreferrer\">www.nagel-group.com<\/a><\/p>\n<p>&nbsp;<\/p>\n","protected":false},"excerpt":{"rendered":"<p>La Nagel-Group ouvrira d&rsquo;ici 2027 un centre logistique moderne \u00e0 Pozna\u0144 pour consolider quatre sites et am\u00e9liorer l&rsquo;efficacit\u00e9 op\u00e9rationnelle.<\/p>\n","protected":false},"author":12,"featured_media":80445,"comment_status":"open","ping_status":"","sticky":false,"template":"","format":"standard","meta":{"_acf_changed":false,"footnotes":""},"categories":[9092,1581,1587],"tags":[3268,26016,26017,26018,26019,26020,17947,17948,26021,26022,17950,26023,26024,26025,26026,10082,4232,3274,3275,26027,26028,26029,26030,26031,26032,26033,26034,26035,26036,26037,26038,26039,26040,26041,26042,26043,26044,26045,26046,5112,4257,5738,26047,26048,26049,26050,26051,5119,26052,26053,5120,26054,26055,26056,26057,11880],"class_list":["post-80447","post","type-post","status-publish","format-standard","has-post-thumbnail","hentry","category-deutschland","category-expedition-et-logistique","category-leurope","tag-amelioration-de-lefficacite-logistique","tag-autobahn-a2","tag-autobahn-s5","tag-autoroute-a2","tag-autoroute-s5","tag-bien-etre-des-employes-logistique","tag-breeam-certified","tag-breeam-zertifiziert","tag-central-logistics-locations","tag-centre-logistique-poznan","tag-certifie-breeam","tag-consolidation-de-sites","tag-consolidation-of-sites","tag-cross-dock-area","tag-cross-dock-flaeche","tag-deutsch-nagel-group","tag-efficacite-operationnelle","tag-efficiency-improvement-logistics","tag-effizienzsteigerung-logistik","tag-emplacements-logistiques-centraux","tag-emplacements-logistiques-strategiques","tag-employee-well-being-logistics","tag-food-logistics-europe","tag-highway-a2","tag-highway-s5","tag-konsolidierung-von-standorten","tag-lebensmittellogistik-europa","tag-logistics-center-poznan","tag-logistics-market-poznan","tag-logistics-service-providers-poland","tag-logistikdienstleister-polen","tag-logistikmarkt-poznan","tag-logistikzentrum-poznan","tag-logistique-alimentaire-europe","tag-main-doeuvre-qualifiee","tag-marche-logistique-poznan","tag-mitarbeiterwohlbefinden-logistik","tag-modern-logistics-properties","tag-moderne-logistikimmobilien","tag-nachhaltige-logistikloesungen","tag-operational-efficiency","tag-operative-effizienz","tag-panattoni-park-poznan","tag-prestataires-logistiques-pologne","tag-proprietes-logistiques-modernes","tag-qualified-workforce-francais-nagel-group","tag-qualifizierte-arbeitskraefte-english-nagel-group","tag-solutions-logistiques-durables","tag-strategic-logistics-locations","tag-strategische-logistikstandorte","tag-sustainable-logistics-solutions","tag-temperature-controlled-storage-areas","tag-temperaturkontrollierte-lagerflaechen","tag-zentrale-logistikstandorte","tag-zone-de-cross-dock","tag-zones-de-stockage-a-temperature-controlee"],"acf":[],"yoast_head":"<!-- This site is optimized with the Yoast SEO plugin v27.3 - https:\/\/yoast.com\/product\/yoast-seo-wordpress\/ -->\n<title>Nagel-Group ouvre un centre logistique \u00e0 Pozna\u0144 - ITJ | International Transport Journal<\/title>\n<meta name=\"robots\" content=\"index, follow, max-snippet:-1, max-image-preview:large, max-video-preview:-1\" \/>\n<link rel=\"canonical\" href=\"https:\/\/transportjournal.com\/fr\/2026\/03\/11\/nagel-group-ouvre-un-centre-logistique-a-poznan\/\" \/>\n<meta property=\"og:locale\" content=\"fr_FR\" \/>\n<meta property=\"og:type\" content=\"article\" \/>\n<meta property=\"og:title\" content=\"Nagel-Group ouvre un centre logistique \u00e0 Pozna\u0144 - ITJ | International Transport Journal\" \/>\n<meta property=\"og:description\" content=\"La Nagel-Group ouvrira d&#039;ici 2027 un centre logistique moderne \u00e0 Pozna\u0144 pour consolider quatre sites et am\u00e9liorer l&#039;efficacit\u00e9 op\u00e9rationnelle.\" \/>\n<meta property=\"og:url\" content=\"https:\/\/transportjournal.com\/fr\/2026\/03\/11\/nagel-group-ouvre-un-centre-logistique-a-poznan\/\" \/>\n<meta property=\"og:site_name\" content=\"ITJ | International Transport Journal\" \/>\n<meta property=\"article:published_time\" content=\"2026-03-11T13:29:34+00:00\" \/>\n<meta property=\"article:modified_time\" content=\"2026-03-12T09:21:51+00:00\" \/>\n<meta property=\"og:image\" content=\"https:\/\/transportjournal.com\/wp-content\/uploads\/sites\/2\/2026\/03\/PM_Nagel-Group_-Logistik-Hub-in-Poznan-1536x926-1-aspect-ratio-1400-788.jpg\" \/>\n\t<meta property=\"og:image:width\" content=\"1391\" \/>\n\t<meta property=\"og:image:height\" content=\"783\" \/>\n\t<meta property=\"og:image:type\" content=\"image\/jpeg\" \/>\n<meta name=\"author\" content=\"Andreas Haug\" \/>\n<meta name=\"twitter:card\" content=\"summary_large_image\" \/>\n<meta name=\"twitter:label1\" content=\"\u00c9crit par\" \/>\n\t<meta name=\"twitter:data1\" content=\"Andreas Haug\" \/>\n\t<meta name=\"twitter:label2\" content=\"Dur\u00e9e de lecture estim\u00e9e\" \/>\n\t<meta name=\"twitter:data2\" content=\"2 minutes\" \/>\n<script type=\"application\/ld+json\" class=\"yoast-schema-graph\">{\"@context\":\"https:\\\/\\\/schema.org\",\"@graph\":[{\"@type\":\"Article\",\"@id\":\"https:\\\/\\\/transportjournal.com\\\/fr\\\/2026\\\/03\\\/11\\\/nagel-group-ouvre-un-centre-logistique-a-poznan\\\/#article\",\"isPartOf\":{\"@id\":\"https:\\\/\\\/transportjournal.com\\\/fr\\\/2026\\\/03\\\/11\\\/nagel-group-ouvre-un-centre-logistique-a-poznan\\\/\"},\"author\":{\"name\":\"Andreas Haug\",\"@id\":\"https:\\\/\\\/transportjournal.com\\\/fr\\\/#\\\/schema\\\/person\\\/cf538b3157f15afd7589245a4b3dbd25\"},\"headline\":\"Nagel-Group ouvre un centre logistique \u00e0 Pozna\u0144\",\"datePublished\":\"2026-03-11T13:29:34+00:00\",\"dateModified\":\"2026-03-12T09:21:51+00:00\",\"mainEntityOfPage\":{\"@id\":\"https:\\\/\\\/transportjournal.com\\\/fr\\\/2026\\\/03\\\/11\\\/nagel-group-ouvre-un-centre-logistique-a-poznan\\\/\"},\"wordCount\":485,\"commentCount\":0,\"publisher\":{\"@id\":\"https:\\\/\\\/transportjournal.com\\\/fr\\\/#organization\"},\"image\":{\"@id\":\"https:\\\/\\\/transportjournal.com\\\/fr\\\/2026\\\/03\\\/11\\\/nagel-group-ouvre-un-centre-logistique-a-poznan\\\/#primaryimage\"},\"thumbnailUrl\":\"https:\\\/\\\/transportjournal.com\\\/wp-content\\\/uploads\\\/sites\\\/2\\\/2026\\\/03\\\/PM_Nagel-Group_-Logistik-Hub-in-Poznan-1536x926-1-aspect-ratio-1400-788.jpg\",\"keywords\":[\"am\u00e9lioration de l'efficacit\u00e9 logistique\",\"Autobahn A2\",\"Autobahn S5\",\"autoroute A2\",\"autoroute S5\",\"bien-\u00eatre des employ\u00e9s logistique\",\"BREEAM certified\",\"BREEAM zertifiziert\",\"central logistics locations\",\"centre logistique Pozna\u0144\",\"certifi\u00e9 BREEAM\",\"consolidation de sites\",\"consolidation of sites\",\"cross-dock area\",\"Cross-Dock-Fl\u00e4che\",\"Deutsch Nagel-Group\",\"efficacit\u00e9 op\u00e9rationnelle\",\"efficiency improvement logistics\",\"Effizienzsteigerung Logistik\",\"emplacements logistiques centraux\",\"emplacements logistiques strat\u00e9giques\",\"employee well-being logistics\",\"food logistics Europe\",\"highway A2\",\"highway S5\",\"Konsolidierung von Standorten\",\"Lebensmittellogistik Europa\",\"logistics center Pozna\u0144\",\"logistics market Pozna\u0144\",\"logistics service providers Poland\",\"Logistikdienstleister Polen\",\"Logistikmarkt Pozna\u0144\",\"Logistikzentrum Pozna\u0144\",\"logistique alimentaire Europe\",\"main-d'\u0153uvre qualifi\u00e9e\",\"march\u00e9 logistique Pozna\u0144\",\"Mitarbeiterwohlbefinden Logistik\",\"modern logistics properties\",\"moderne Logistikimmobilien\",\"nachhaltige Logistikl\u00f6sungen\",\"operational efficiency\",\"operative Effizienz\",\"Panattoni Park Pozna\u0144\",\"prestataires logistiques Pologne\",\"propri\u00e9t\u00e9s logistiques modernes\",\"qualified workforce Fran\u00e7ais Nagel-Group\",\"qualifizierte Arbeitskr\u00e4fte English Nagel-Group\",\"solutions logistiques durables\",\"strategic logistics locations\",\"strategische Logistikstandorte\",\"sustainable logistics solutions\",\"temperature-controlled storage areas\",\"temperaturkontrollierte Lagerfl\u00e4chen\",\"zentrale Logistikstandorte\",\"zone de cross-dock\",\"zones de stockage \u00e0 temp\u00e9rature contr\u00f4l\u00e9e\"],\"articleSection\":[\"Deutschland\",\"Exp\u00e9dition de fret et logistique\",\"L'Europe\"],\"inLanguage\":\"fr-FR\",\"potentialAction\":[{\"@type\":\"CommentAction\",\"name\":\"Comment\",\"target\":[\"https:\\\/\\\/transportjournal.com\\\/fr\\\/2026\\\/03\\\/11\\\/nagel-group-ouvre-un-centre-logistique-a-poznan\\\/#respond\"]}]},{\"@type\":\"WebPage\",\"@id\":\"https:\\\/\\\/transportjournal.com\\\/fr\\\/2026\\\/03\\\/11\\\/nagel-group-ouvre-un-centre-logistique-a-poznan\\\/\",\"url\":\"https:\\\/\\\/transportjournal.com\\\/fr\\\/2026\\\/03\\\/11\\\/nagel-group-ouvre-un-centre-logistique-a-poznan\\\/\",\"name\":\"Nagel-Group ouvre un centre logistique \u00e0 Pozna\u0144 - ITJ | International Transport Journal\",\"isPartOf\":{\"@id\":\"https:\\\/\\\/transportjournal.com\\\/fr\\\/#website\"},\"primaryImageOfPage\":{\"@id\":\"https:\\\/\\\/transportjournal.com\\\/fr\\\/2026\\\/03\\\/11\\\/nagel-group-ouvre-un-centre-logistique-a-poznan\\\/#primaryimage\"},\"image\":{\"@id\":\"https:\\\/\\\/transportjournal.com\\\/fr\\\/2026\\\/03\\\/11\\\/nagel-group-ouvre-un-centre-logistique-a-poznan\\\/#primaryimage\"},\"thumbnailUrl\":\"https:\\\/\\\/transportjournal.com\\\/wp-content\\\/uploads\\\/sites\\\/2\\\/2026\\\/03\\\/PM_Nagel-Group_-Logistik-Hub-in-Poznan-1536x926-1-aspect-ratio-1400-788.jpg\",\"datePublished\":\"2026-03-11T13:29:34+00:00\",\"dateModified\":\"2026-03-12T09:21:51+00:00\",\"breadcrumb\":{\"@id\":\"https:\\\/\\\/transportjournal.com\\\/fr\\\/2026\\\/03\\\/11\\\/nagel-group-ouvre-un-centre-logistique-a-poznan\\\/#breadcrumb\"},\"inLanguage\":\"fr-FR\",\"potentialAction\":[{\"@type\":\"ReadAction\",\"target\":[\"https:\\\/\\\/transportjournal.com\\\/fr\\\/2026\\\/03\\\/11\\\/nagel-group-ouvre-un-centre-logistique-a-poznan\\\/\"]}]},{\"@type\":\"ImageObject\",\"inLanguage\":\"fr-FR\",\"@id\":\"https:\\\/\\\/transportjournal.com\\\/fr\\\/2026\\\/03\\\/11\\\/nagel-group-ouvre-un-centre-logistique-a-poznan\\\/#primaryimage\",\"url\":\"https:\\\/\\\/transportjournal.com\\\/wp-content\\\/uploads\\\/sites\\\/2\\\/2026\\\/03\\\/PM_Nagel-Group_-Logistik-Hub-in-Poznan-1536x926-1-aspect-ratio-1400-788.jpg\",\"contentUrl\":\"https:\\\/\\\/transportjournal.com\\\/wp-content\\\/uploads\\\/sites\\\/2\\\/2026\\\/03\\\/PM_Nagel-Group_-Logistik-Hub-in-Poznan-1536x926-1-aspect-ratio-1400-788.jpg\",\"width\":1391,\"height\":783},{\"@type\":\"BreadcrumbList\",\"@id\":\"https:\\\/\\\/transportjournal.com\\\/fr\\\/2026\\\/03\\\/11\\\/nagel-group-ouvre-un-centre-logistique-a-poznan\\\/#breadcrumb\",\"itemListElement\":[{\"@type\":\"ListItem\",\"position\":1,\"name\":\"Startseite\",\"item\":\"https:\\\/\\\/transportjournal.com\\\/fr\\\/\"},{\"@type\":\"ListItem\",\"position\":2,\"name\":\"Nagel-Group ouvre un centre logistique \u00e0 Pozna\u0144\"}]},{\"@type\":\"WebSite\",\"@id\":\"https:\\\/\\\/transportjournal.com\\\/fr\\\/#website\",\"url\":\"https:\\\/\\\/transportjournal.com\\\/fr\\\/\",\"name\":\"ITJ | International Transport Journal\",\"description\":\"Restez inform\u00e9 des derni\u00e8res nouvelles mondiales dans les secteurs du transport, de la logistique et de la cha\u00eene d'approvisionnement. Transport Journal fournit des informations d'experts, des analyses et des mises \u00e0 jour sur le transport maritime, l'aviation, l'intermodalit\u00e9 et l'exp\u00e9dition. \",\"publisher\":{\"@id\":\"https:\\\/\\\/transportjournal.com\\\/fr\\\/#organization\"},\"potentialAction\":[{\"@type\":\"SearchAction\",\"target\":{\"@type\":\"EntryPoint\",\"urlTemplate\":\"https:\\\/\\\/transportjournal.com\\\/fr\\\/?s={search_term_string}\"},\"query-input\":{\"@type\":\"PropertyValueSpecification\",\"valueRequired\":true,\"valueName\":\"search_term_string\"}}],\"inLanguage\":\"fr-FR\"},{\"@type\":\"Organization\",\"@id\":\"https:\\\/\\\/transportjournal.com\\\/fr\\\/#organization\",\"name\":\"Groupe Logismedia AG\",\"alternateName\":\"Logismedia Group AG\",\"url\":\"https:\\\/\\\/transportjournal.com\\\/fr\\\/\",\"logo\":{\"@type\":\"ImageObject\",\"inLanguage\":\"fr-FR\",\"@id\":\"https:\\\/\\\/transportjournal.com\\\/fr\\\/#\\\/schema\\\/logo\\\/image\\\/\",\"url\":\"https:\\\/\\\/transportjournal.com\\\/wp-content\\\/uploads\\\/sites\\\/2\\\/2025\\\/09\\\/Logo_ITJ.png\",\"contentUrl\":\"https:\\\/\\\/transportjournal.com\\\/wp-content\\\/uploads\\\/sites\\\/2\\\/2025\\\/09\\\/Logo_ITJ.png\",\"width\":799,\"height\":326,\"caption\":\"Groupe Logismedia AG\"},\"image\":{\"@id\":\"https:\\\/\\\/transportjournal.com\\\/fr\\\/#\\\/schema\\\/logo\\\/image\\\/\"},\"sameAs\":[\"https:\\\/\\\/www.linkedin.com\\\/company\\\/56456496\\\/admin\\\/dashboard\\\/\",\"https:\\\/\\\/www.instagram.com\\\/logismediagroup\\\/\",\"https:\\\/\\\/www.youtube.com\\\/@LogiamediaGroupAG\"]},{\"@type\":\"Person\",\"@id\":\"https:\\\/\\\/transportjournal.com\\\/fr\\\/#\\\/schema\\\/person\\\/cf538b3157f15afd7589245a4b3dbd25\",\"name\":\"Andreas Haug\",\"url\":\"https:\\\/\\\/transportjournal.com\\\/fr\\\/author\\\/andreas\\\/\"}]}<\/script>\n<!-- \/ Yoast SEO plugin. -->","yoast_head_json":{"title":"Nagel-Group ouvre un centre logistique \u00e0 Pozna\u0144 - ITJ | International Transport Journal","robots":{"index":"index","follow":"follow","max-snippet":"max-snippet:-1","max-image-preview":"max-image-preview:large","max-video-preview":"max-video-preview:-1"},"canonical":"https:\/\/transportjournal.com\/fr\/2026\/03\/11\/nagel-group-ouvre-un-centre-logistique-a-poznan\/","og_locale":"fr_FR","og_type":"article","og_title":"Nagel-Group ouvre un centre logistique \u00e0 Pozna\u0144 - ITJ | International Transport Journal","og_description":"La Nagel-Group ouvrira d'ici 2027 un centre logistique moderne \u00e0 Pozna\u0144 pour consolider quatre sites et am\u00e9liorer l'efficacit\u00e9 op\u00e9rationnelle.","og_url":"https:\/\/transportjournal.com\/fr\/2026\/03\/11\/nagel-group-ouvre-un-centre-logistique-a-poznan\/","og_site_name":"ITJ | International Transport Journal","article_published_time":"2026-03-11T13:29:34+00:00","article_modified_time":"2026-03-12T09:21:51+00:00","og_image":[{"width":1391,"height":783,"url":"https:\/\/transportjournal.com\/wp-content\/uploads\/sites\/2\/2026\/03\/PM_Nagel-Group_-Logistik-Hub-in-Poznan-1536x926-1-aspect-ratio-1400-788.jpg","type":"image\/jpeg"}],"author":"Andreas Haug","twitter_card":"summary_large_image","twitter_misc":{"\u00c9crit par":"Andreas Haug","Dur\u00e9e de lecture estim\u00e9e":"2 minutes"},"schema":{"@context":"https:\/\/schema.org","@graph":[{"@type":"Article","@id":"https:\/\/transportjournal.com\/fr\/2026\/03\/11\/nagel-group-ouvre-un-centre-logistique-a-poznan\/#article","isPartOf":{"@id":"https:\/\/transportjournal.com\/fr\/2026\/03\/11\/nagel-group-ouvre-un-centre-logistique-a-poznan\/"},"author":{"name":"Andreas Haug","@id":"https:\/\/transportjournal.com\/fr\/#\/schema\/person\/cf538b3157f15afd7589245a4b3dbd25"},"headline":"Nagel-Group ouvre un centre logistique \u00e0 Pozna\u0144","datePublished":"2026-03-11T13:29:34+00:00","dateModified":"2026-03-12T09:21:51+00:00","mainEntityOfPage":{"@id":"https:\/\/transportjournal.com\/fr\/2026\/03\/11\/nagel-group-ouvre-un-centre-logistique-a-poznan\/"},"wordCount":485,"commentCount":0,"publisher":{"@id":"https:\/\/transportjournal.com\/fr\/#organization"},"image":{"@id":"https:\/\/transportjournal.com\/fr\/2026\/03\/11\/nagel-group-ouvre-un-centre-logistique-a-poznan\/#primaryimage"},"thumbnailUrl":"https:\/\/transportjournal.com\/wp-content\/uploads\/sites\/2\/2026\/03\/PM_Nagel-Group_-Logistik-Hub-in-Poznan-1536x926-1-aspect-ratio-1400-788.jpg","keywords":["am\u00e9lioration de l'efficacit\u00e9 logistique","Autobahn A2","Autobahn S5","autoroute A2","autoroute S5","bien-\u00eatre des employ\u00e9s logistique","BREEAM certified","BREEAM zertifiziert","central logistics locations","centre logistique Pozna\u0144","certifi\u00e9 BREEAM","consolidation de sites","consolidation of sites","cross-dock area","Cross-Dock-Fl\u00e4che","Deutsch Nagel-Group","efficacit\u00e9 op\u00e9rationnelle","efficiency improvement logistics","Effizienzsteigerung Logistik","emplacements logistiques centraux","emplacements logistiques strat\u00e9giques","employee well-being logistics","food logistics Europe","highway A2","highway S5","Konsolidierung von Standorten","Lebensmittellogistik Europa","logistics center Pozna\u0144","logistics market Pozna\u0144","logistics service providers Poland","Logistikdienstleister Polen","Logistikmarkt Pozna\u0144","Logistikzentrum Pozna\u0144","logistique alimentaire Europe","main-d'\u0153uvre qualifi\u00e9e","march\u00e9 logistique Pozna\u0144","Mitarbeiterwohlbefinden Logistik","modern logistics properties","moderne Logistikimmobilien","nachhaltige Logistikl\u00f6sungen","operational efficiency","operative Effizienz","Panattoni Park Pozna\u0144","prestataires logistiques Pologne","propri\u00e9t\u00e9s logistiques modernes","qualified workforce Fran\u00e7ais Nagel-Group","qualifizierte Arbeitskr\u00e4fte English Nagel-Group","solutions logistiques durables","strategic logistics locations","strategische Logistikstandorte","sustainable logistics solutions","temperature-controlled storage areas","temperaturkontrollierte Lagerfl\u00e4chen","zentrale Logistikstandorte","zone de cross-dock","zones de stockage \u00e0 temp\u00e9rature contr\u00f4l\u00e9e"],"articleSection":["Deutschland","Exp\u00e9dition de fret et logistique","L'Europe"],"inLanguage":"fr-FR","potentialAction":[{"@type":"CommentAction","name":"Comment","target":["https:\/\/transportjournal.com\/fr\/2026\/03\/11\/nagel-group-ouvre-un-centre-logistique-a-poznan\/#respond"]}]},{"@type":"WebPage","@id":"https:\/\/transportjournal.com\/fr\/2026\/03\/11\/nagel-group-ouvre-un-centre-logistique-a-poznan\/","url":"https:\/\/transportjournal.com\/fr\/2026\/03\/11\/nagel-group-ouvre-un-centre-logistique-a-poznan\/","name":"Nagel-Group ouvre un centre logistique \u00e0 Pozna\u0144 - ITJ | International Transport Journal","isPartOf":{"@id":"https:\/\/transportjournal.com\/fr\/#website"},"primaryImageOfPage":{"@id":"https:\/\/transportjournal.com\/fr\/2026\/03\/11\/nagel-group-ouvre-un-centre-logistique-a-poznan\/#primaryimage"},"image":{"@id":"https:\/\/transportjournal.com\/fr\/2026\/03\/11\/nagel-group-ouvre-un-centre-logistique-a-poznan\/#primaryimage"},"thumbnailUrl":"https:\/\/transportjournal.com\/wp-content\/uploads\/sites\/2\/2026\/03\/PM_Nagel-Group_-Logistik-Hub-in-Poznan-1536x926-1-aspect-ratio-1400-788.jpg","datePublished":"2026-03-11T13:29:34+00:00","dateModified":"2026-03-12T09:21:51+00:00","breadcrumb":{"@id":"https:\/\/transportjournal.com\/fr\/2026\/03\/11\/nagel-group-ouvre-un-centre-logistique-a-poznan\/#breadcrumb"},"inLanguage":"fr-FR","potentialAction":[{"@type":"ReadAction","target":["https:\/\/transportjournal.com\/fr\/2026\/03\/11\/nagel-group-ouvre-un-centre-logistique-a-poznan\/"]}]},{"@type":"ImageObject","inLanguage":"fr-FR","@id":"https:\/\/transportjournal.com\/fr\/2026\/03\/11\/nagel-group-ouvre-un-centre-logistique-a-poznan\/#primaryimage","url":"https:\/\/transportjournal.com\/wp-content\/uploads\/sites\/2\/2026\/03\/PM_Nagel-Group_-Logistik-Hub-in-Poznan-1536x926-1-aspect-ratio-1400-788.jpg","contentUrl":"https:\/\/transportjournal.com\/wp-content\/uploads\/sites\/2\/2026\/03\/PM_Nagel-Group_-Logistik-Hub-in-Poznan-1536x926-1-aspect-ratio-1400-788.jpg","width":1391,"height":783},{"@type":"BreadcrumbList","@id":"https:\/\/transportjournal.com\/fr\/2026\/03\/11\/nagel-group-ouvre-un-centre-logistique-a-poznan\/#breadcrumb","itemListElement":[{"@type":"ListItem","position":1,"name":"Startseite","item":"https:\/\/transportjournal.com\/fr\/"},{"@type":"ListItem","position":2,"name":"Nagel-Group ouvre un centre logistique \u00e0 Pozna\u0144"}]},{"@type":"WebSite","@id":"https:\/\/transportjournal.com\/fr\/#website","url":"https:\/\/transportjournal.com\/fr\/","name":"ITJ | International Transport Journal","description":"Restez inform\u00e9 des derni\u00e8res nouvelles mondiales dans les secteurs du transport, de la logistique et de la cha\u00eene d'approvisionnement. Transport Journal fournit des informations d'experts, des analyses et des mises \u00e0 jour sur le transport maritime, l'aviation, l'intermodalit\u00e9 et l'exp\u00e9dition. ","publisher":{"@id":"https:\/\/transportjournal.com\/fr\/#organization"},"potentialAction":[{"@type":"SearchAction","target":{"@type":"EntryPoint","urlTemplate":"https:\/\/transportjournal.com\/fr\/?s={search_term_string}"},"query-input":{"@type":"PropertyValueSpecification","valueRequired":true,"valueName":"search_term_string"}}],"inLanguage":"fr-FR"},{"@type":"Organization","@id":"https:\/\/transportjournal.com\/fr\/#organization","name":"Groupe Logismedia AG","alternateName":"Logismedia Group AG","url":"https:\/\/transportjournal.com\/fr\/","logo":{"@type":"ImageObject","inLanguage":"fr-FR","@id":"https:\/\/transportjournal.com\/fr\/#\/schema\/logo\/image\/","url":"https:\/\/transportjournal.com\/wp-content\/uploads\/sites\/2\/2025\/09\/Logo_ITJ.png","contentUrl":"https:\/\/transportjournal.com\/wp-content\/uploads\/sites\/2\/2025\/09\/Logo_ITJ.png","width":799,"height":326,"caption":"Groupe Logismedia AG"},"image":{"@id":"https:\/\/transportjournal.com\/fr\/#\/schema\/logo\/image\/"},"sameAs":["https:\/\/www.linkedin.com\/company\/56456496\/admin\/dashboard\/","https:\/\/www.instagram.com\/logismediagroup\/","https:\/\/www.youtube.com\/@LogiamediaGroupAG"]},{"@type":"Person","@id":"https:\/\/transportjournal.com\/fr\/#\/schema\/person\/cf538b3157f15afd7589245a4b3dbd25","name":"Andreas Haug","url":"https:\/\/transportjournal.com\/fr\/author\/andreas\/"}]}},"_links":{"self":[{"href":"https:\/\/transportjournal.com\/fr\/wp-json\/wp\/v2\/posts\/80447","targetHints":{"allow":["GET"]}}],"collection":[{"href":"https:\/\/transportjournal.com\/fr\/wp-json\/wp\/v2\/posts"}],"about":[{"href":"https:\/\/transportjournal.com\/fr\/wp-json\/wp\/v2\/types\/post"}],"author":[{"embeddable":true,"href":"https:\/\/transportjournal.com\/fr\/wp-json\/wp\/v2\/users\/12"}],"replies":[{"embeddable":true,"href":"https:\/\/transportjournal.com\/fr\/wp-json\/wp\/v2\/comments?post=80447"}],"version-history":[{"count":2,"href":"https:\/\/transportjournal.com\/fr\/wp-json\/wp\/v2\/posts\/80447\/revisions"}],"predecessor-version":[{"id":80553,"href":"https:\/\/transportjournal.com\/fr\/wp-json\/wp\/v2\/posts\/80447\/revisions\/80553"}],"wp:featuredmedia":[{"embeddable":true,"href":"https:\/\/transportjournal.com\/fr\/wp-json\/wp\/v2\/media\/80445"}],"wp:attachment":[{"href":"https:\/\/transportjournal.com\/fr\/wp-json\/wp\/v2\/media?parent=80447"}],"wp:term":[{"taxonomy":"category","embeddable":true,"href":"https:\/\/transportjournal.com\/fr\/wp-json\/wp\/v2\/categories?post=80447"},{"taxonomy":"post_tag","embeddable":true,"href":"https:\/\/transportjournal.com\/fr\/wp-json\/wp\/v2\/tags?post=80447"}],"curies":[{"name":"wp","href":"https:\/\/api.w.org\/{rel}","templated":true}]}}