{"id":80431,"date":"2026-03-11T12:37:26","date_gmt":"2026-03-11T12:37:26","guid":{"rendered":"https:\/\/transportjournal.com\/2026\/03\/11\/kaercher-sassocie-a-xeneta-pour-des-donnees-de-fret\/"},"modified":"2026-03-11T12:37:26","modified_gmt":"2026-03-11T12:37:26","slug":"kaercher-sassocie-a-xeneta-pour-des-donnees-de-fret","status":"publish","type":"post","link":"https:\/\/transportjournal.com\/fr\/2026\/03\/11\/kaercher-sassocie-a-xeneta-pour-des-donnees-de-fret\/","title":{"rendered":"K\u00e4rcher s&rsquo;associe \u00e0 Xeneta pour des donn\u00e9es de fret"},"content":{"rendered":"<p>K\u00e4rcher a choisi Xeneta comme partenaire pour la fourniture de donn\u00e9es de fret et d&#8217;informations. Cette d\u00e9cision vise \u00e0 analyser les co\u00fbts par rapport au march\u00e9 et \u00e0 soutenir les d\u00e9cisions strat\u00e9giques. L&#8217;entreprise, qui dispose d&#8217;un r\u00e9seau de plus de 100 routes commerciales, souhaite optimiser ses processus logistiques gr\u00e2ce \u00e0 ce partenariat, comme l&#8217;indique Xeneta.<\/p>\n<p>K\u00e4rcher, un fabricant familial bas\u00e9 \u00e0 Winnenden, op\u00e8re dans le domaine de la technologie de nettoyage. Depuis sa cr\u00e9ation en 1935, l&#8217;entreprise s&#8217;est d\u00e9velopp\u00e9e pour devenir un leader mondial, notamment gr\u00e2ce au lancement du premier nettoyeur haute pression \u00e0 eau chaude en Europe en 1950, selon Xeneta. Aujourd&#8217;hui, K\u00e4rcher propose une large gamme de solutions pour le nettoyage et l&#8217;entretien, visant \u00e0 r\u00e9pondre aux besoins des utilisateurs professionnels ainsi que des m\u00e9nages priv\u00e9s.<\/p>\n<h3>Optimisation de la cha\u00eene d&#8217;approvisionnement<\/h3>\n<p>La d\u00e9cision de choisir Xeneta a \u00e9t\u00e9 prise pour r\u00e9pondre \u00e0 des d\u00e9fis sp\u00e9cifiques dans la cha\u00eene d&#8217;approvisionnement. K\u00e4rcher a besoin d&#8217;une analyse des co\u00fbts de transport sur les diff\u00e9rentes routes reliant ses sites de production et de logistique en Europe, en Am\u00e9rique du Nord et en Asie. Cela inclut des sites en Allemagne, en Italie, en Roumanie, en Lettonie, aux \u00c9tats-Unis, au Mexique, au Br\u00e9sil, en Chine, au Vietnam et en Inde.<\/p>\n<p>Le partenariat avec Xeneta doit permettre \u00e0 l&#8217;entreprise d&#8217;am\u00e9liorer les niveaux de service et la fiabilit\u00e9 de ses livraisons. Gr\u00e2ce \u00e0 l&#8217;acc\u00e8s \u00e0 des donn\u00e9es de fret ind\u00e9pendantes, K\u00e4rcher esp\u00e8re \u00e9tablir une base pour les n\u00e9gociations, les analyses et les rapports.<\/p>\n<p><a href=\"https:\/\/www.xeneta.com\/\" target=\"_blank\" rel=\"noopener noreferrer\">www.xeneta.com<\/a><\/p>\n","protected":false},"excerpt":{"rendered":"<p>K\u00e4rcher a choisi Xeneta comme partenaire pour analyser les donn\u00e9es de fret et am\u00e9liorer ainsi l&rsquo;efficacit\u00e9 de ses processus logistiques mondiaux.<\/p>\n","protected":false},"author":10,"featured_media":80429,"comment_status":"open","ping_status":"","sticky":false,"template":"","format":"standard","meta":{"_acf_changed":false,"footnotes":""},"categories":[9092,1587,1583],"tags":[4555,25970,25971,25972,25973,25974,2115,2116,21761,2309,2700,21764,21767,2123,25975,25976,1970,4025,4026,4027,2279,2280,25977,6478,25978,5777,8486,2133,1831,8487,2282,4573,4574,25979,3157,12513,12514,2720,2148,8495,25980,25981,25982,4183,25983,25984,25985,2106,14903,25986,4187,25987,25988,2300],"class_list":["post-80431","post","type-post","status-publish","format-standard","has-post-thumbnail","hentry","category-deutschland","category-leurope","category-transport-maritime-et-ports","tag-analyse-de-marche","tag-analyse-des-couts-de-transport","tag-cleaning-technology","tag-cost-analysis-in-transport","tag-decisions-strategiques-en-logistique","tag-deutsch-kaercher","tag-digitalisierung-in-der-logistik","tag-digitalization-in-logistics","tag-donnees-de-fret","tag-durabilite-dans-le-transport","tag-fachkraeftemangel-in-der-logistik","tag-frachtdaten","tag-freight-data","tag-gestion-de-la-chaine-dapprovisionnement","tag-global-market-leader-francais-kaercher","tag-globale-marktfuehrer-english-kaercher","tag-handelsrouten","tag-infrastructure-en-europe","tag-infrastructure-in-europe","tag-infrastruktur-in-europa","tag-international-logistics","tag-internationale-logistik","tag-kostenanalyse-im-transport","tag-labor-shortage-in-logistics","tag-leader-mondial-du-marche","tag-lieferkette-optimieren","tag-logistics-processes","tag-logistics-service-providers","tag-logistikdienstleister","tag-logistikprozesse","tag-logistique-internationale","tag-market-analysis","tag-marktanalyse","tag-nachhaltigkeit-in-der-transportwirtschaft","tag-numerisation-dans-la-logistique","tag-optimiser-la-chaine-dapprovisionnement","tag-optimize-supply-chain","tag-penurie-de-main-doeuvre-dans-la-logistique","tag-prestataires-de-services-logistiques","tag-processus-logistiques","tag-production-sites-in-europe","tag-produktionsstandorte-in-europa","tag-reinigungstechnologie","tag-routes-commerciales","tag-sites-de-production-en-europe","tag-strategic-decisions-in-logistics","tag-strategische-entscheidungen-in-der-logistik","tag-supply-chain-management","tag-sustainability-in-transportation","tag-technologie-de-nettoyage","tag-trade-routes","tag-transport-cost-analysis","tag-transportkostenanalyse","tag-xeneta"],"acf":[],"yoast_head":"<!-- This site is optimized with the Yoast SEO plugin v27.3 - https:\/\/yoast.com\/product\/yoast-seo-wordpress\/ -->\n<title>K\u00e4rcher s&#8217;associe \u00e0 Xeneta pour des donn\u00e9es de fret - ITJ | International Transport Journal<\/title>\n<meta name=\"robots\" content=\"index, follow, max-snippet:-1, max-image-preview:large, max-video-preview:-1\" \/>\n<link rel=\"canonical\" href=\"https:\/\/transportjournal.com\/fr\/2026\/03\/11\/kaercher-sassocie-a-xeneta-pour-des-donnees-de-fret\/\" \/>\n<meta property=\"og:locale\" content=\"fr_FR\" \/>\n<meta property=\"og:type\" content=\"article\" \/>\n<meta property=\"og:title\" content=\"K\u00e4rcher s&#8217;associe \u00e0 Xeneta pour des donn\u00e9es de fret - ITJ | International Transport Journal\" \/>\n<meta property=\"og:description\" content=\"K\u00e4rcher a choisi Xeneta comme partenaire pour analyser les donn\u00e9es de fret et am\u00e9liorer ainsi l&#039;efficacit\u00e9 de ses processus logistiques mondiaux.\" \/>\n<meta property=\"og:url\" content=\"https:\/\/transportjournal.com\/fr\/2026\/03\/11\/kaercher-sassocie-a-xeneta-pour-des-donnees-de-fret\/\" \/>\n<meta property=\"og:site_name\" content=\"ITJ | International Transport Journal\" \/>\n<meta property=\"article:published_time\" content=\"2026-03-11T12:37:26+00:00\" \/>\n<meta property=\"og:image\" content=\"https:\/\/transportjournal.com\/wp-content\/uploads\/sites\/2\/2026\/03\/AdobeStock_732251735-8-scaled-aspect-ratio-1400-788-scaled-1.jpeg\" \/>\n\t<meta property=\"og:image:width\" content=\"2560\" \/>\n\t<meta property=\"og:image:height\" content=\"1441\" \/>\n\t<meta property=\"og:image:type\" content=\"image\/jpeg\" \/>\n<meta name=\"author\" content=\"Jeremy Soland\" \/>\n<meta name=\"twitter:card\" content=\"summary_large_image\" \/>\n<meta name=\"twitter:label1\" content=\"\u00c9crit par\" \/>\n\t<meta name=\"twitter:data1\" content=\"Jeremy Soland\" \/>\n\t<meta name=\"twitter:label2\" content=\"Dur\u00e9e de lecture estim\u00e9e\" \/>\n\t<meta name=\"twitter:data2\" content=\"1 minute\" \/>\n<script type=\"application\/ld+json\" class=\"yoast-schema-graph\">{\"@context\":\"https:\\\/\\\/schema.org\",\"@graph\":[{\"@type\":\"Article\",\"@id\":\"https:\\\/\\\/transportjournal.com\\\/fr\\\/2026\\\/03\\\/11\\\/kaercher-sassocie-a-xeneta-pour-des-donnees-de-fret\\\/#article\",\"isPartOf\":{\"@id\":\"https:\\\/\\\/transportjournal.com\\\/fr\\\/2026\\\/03\\\/11\\\/kaercher-sassocie-a-xeneta-pour-des-donnees-de-fret\\\/\"},\"author\":{\"name\":\"Jeremy Soland\",\"@id\":\"https:\\\/\\\/transportjournal.com\\\/fr\\\/#\\\/schema\\\/person\\\/41d36b5474b623392fa613e97e2363fa\"},\"headline\":\"K\u00e4rcher s&rsquo;associe \u00e0 Xeneta pour des donn\u00e9es de fret\",\"datePublished\":\"2026-03-11T12:37:26+00:00\",\"mainEntityOfPage\":{\"@id\":\"https:\\\/\\\/transportjournal.com\\\/fr\\\/2026\\\/03\\\/11\\\/kaercher-sassocie-a-xeneta-pour-des-donnees-de-fret\\\/\"},\"wordCount\":299,\"commentCount\":0,\"publisher\":{\"@id\":\"https:\\\/\\\/transportjournal.com\\\/fr\\\/#organization\"},\"image\":{\"@id\":\"https:\\\/\\\/transportjournal.com\\\/fr\\\/2026\\\/03\\\/11\\\/kaercher-sassocie-a-xeneta-pour-des-donnees-de-fret\\\/#primaryimage\"},\"thumbnailUrl\":\"https:\\\/\\\/transportjournal.com\\\/wp-content\\\/uploads\\\/sites\\\/2\\\/2026\\\/03\\\/AdobeStock_732251735-8-scaled-aspect-ratio-1400-788-scaled-1.jpeg\",\"keywords\":[\"analyse de march\u00e9\",\"analyse des co\u00fbts de transport\",\"cleaning technology\",\"cost analysis in transport\",\"d\u00e9cisions strat\u00e9giques en logistique\",\"Deutsch K\u00e4rcher\",\"Digitalisierung in der Logistik\",\"digitalization in logistics\",\"donn\u00e9es de fret\",\"durabilit\u00e9 dans le transport\",\"Fachkr\u00e4ftemangel in der Logistik\",\"Frachtdaten\",\"freight data\",\"gestion de la cha\u00eene d'approvisionnement\",\"global market leader Fran\u00e7ais K\u00e4rcher\",\"globale Marktf\u00fchrer English K\u00e4rcher\",\"Handelsrouten\",\"infrastructure en Europe\",\"infrastructure in Europe\",\"Infrastruktur in Europa\",\"international logistics\",\"internationale Logistik\",\"Kostenanalyse im Transport\",\"labor shortage in logistics\",\"leader mondial du march\u00e9\",\"Lieferkette optimieren\",\"logistics processes\",\"logistics service providers\",\"Logistikdienstleister\",\"Logistikprozesse\",\"logistique internationale\",\"market analysis\",\"Marktanalyse\",\"Nachhaltigkeit in der Transportwirtschaft\",\"num\u00e9risation dans la logistique\",\"optimiser la cha\u00eene d'approvisionnement\",\"optimize supply chain\",\"p\u00e9nurie de main-d'\u0153uvre dans la logistique\",\"prestataires de services logistiques\",\"processus logistiques\",\"production sites in Europe\",\"Produktionsstandorte in Europa\",\"Reinigungstechnologie\",\"routes commerciales\",\"sites de production en Europe\",\"strategic decisions in logistics\",\"strategische Entscheidungen in der Logistik\",\"Supply Chain Management\",\"sustainability in transportation\",\"technologie de nettoyage\",\"trade routes\",\"transport cost analysis\",\"Transportkostenanalyse\",\"Xeneta\"],\"articleSection\":[\"Deutschland\",\"L'Europe\",\"Transport maritime et ports\"],\"inLanguage\":\"fr-FR\",\"potentialAction\":[{\"@type\":\"CommentAction\",\"name\":\"Comment\",\"target\":[\"https:\\\/\\\/transportjournal.com\\\/fr\\\/2026\\\/03\\\/11\\\/kaercher-sassocie-a-xeneta-pour-des-donnees-de-fret\\\/#respond\"]}]},{\"@type\":\"WebPage\",\"@id\":\"https:\\\/\\\/transportjournal.com\\\/fr\\\/2026\\\/03\\\/11\\\/kaercher-sassocie-a-xeneta-pour-des-donnees-de-fret\\\/\",\"url\":\"https:\\\/\\\/transportjournal.com\\\/fr\\\/2026\\\/03\\\/11\\\/kaercher-sassocie-a-xeneta-pour-des-donnees-de-fret\\\/\",\"name\":\"K\u00e4rcher s&#8217;associe \u00e0 Xeneta pour des donn\u00e9es de fret - ITJ | International Transport Journal\",\"isPartOf\":{\"@id\":\"https:\\\/\\\/transportjournal.com\\\/fr\\\/#website\"},\"primaryImageOfPage\":{\"@id\":\"https:\\\/\\\/transportjournal.com\\\/fr\\\/2026\\\/03\\\/11\\\/kaercher-sassocie-a-xeneta-pour-des-donnees-de-fret\\\/#primaryimage\"},\"image\":{\"@id\":\"https:\\\/\\\/transportjournal.com\\\/fr\\\/2026\\\/03\\\/11\\\/kaercher-sassocie-a-xeneta-pour-des-donnees-de-fret\\\/#primaryimage\"},\"thumbnailUrl\":\"https:\\\/\\\/transportjournal.com\\\/wp-content\\\/uploads\\\/sites\\\/2\\\/2026\\\/03\\\/AdobeStock_732251735-8-scaled-aspect-ratio-1400-788-scaled-1.jpeg\",\"datePublished\":\"2026-03-11T12:37:26+00:00\",\"breadcrumb\":{\"@id\":\"https:\\\/\\\/transportjournal.com\\\/fr\\\/2026\\\/03\\\/11\\\/kaercher-sassocie-a-xeneta-pour-des-donnees-de-fret\\\/#breadcrumb\"},\"inLanguage\":\"fr-FR\",\"potentialAction\":[{\"@type\":\"ReadAction\",\"target\":[\"https:\\\/\\\/transportjournal.com\\\/fr\\\/2026\\\/03\\\/11\\\/kaercher-sassocie-a-xeneta-pour-des-donnees-de-fret\\\/\"]}]},{\"@type\":\"ImageObject\",\"inLanguage\":\"fr-FR\",\"@id\":\"https:\\\/\\\/transportjournal.com\\\/fr\\\/2026\\\/03\\\/11\\\/kaercher-sassocie-a-xeneta-pour-des-donnees-de-fret\\\/#primaryimage\",\"url\":\"https:\\\/\\\/transportjournal.com\\\/wp-content\\\/uploads\\\/sites\\\/2\\\/2026\\\/03\\\/AdobeStock_732251735-8-scaled-aspect-ratio-1400-788-scaled-1.jpeg\",\"contentUrl\":\"https:\\\/\\\/transportjournal.com\\\/wp-content\\\/uploads\\\/sites\\\/2\\\/2026\\\/03\\\/AdobeStock_732251735-8-scaled-aspect-ratio-1400-788-scaled-1.jpeg\",\"width\":2560,\"height\":1441},{\"@type\":\"BreadcrumbList\",\"@id\":\"https:\\\/\\\/transportjournal.com\\\/fr\\\/2026\\\/03\\\/11\\\/kaercher-sassocie-a-xeneta-pour-des-donnees-de-fret\\\/#breadcrumb\",\"itemListElement\":[{\"@type\":\"ListItem\",\"position\":1,\"name\":\"Startseite\",\"item\":\"https:\\\/\\\/transportjournal.com\\\/fr\\\/\"},{\"@type\":\"ListItem\",\"position\":2,\"name\":\"K\u00e4rcher s&#8217;associe \u00e0 Xeneta pour des donn\u00e9es de fret\"}]},{\"@type\":\"WebSite\",\"@id\":\"https:\\\/\\\/transportjournal.com\\\/fr\\\/#website\",\"url\":\"https:\\\/\\\/transportjournal.com\\\/fr\\\/\",\"name\":\"ITJ | International Transport Journal\",\"description\":\"Restez inform\u00e9 des derni\u00e8res nouvelles mondiales dans les secteurs du transport, de la logistique et de la cha\u00eene d'approvisionnement. Transport Journal fournit des informations d'experts, des analyses et des mises \u00e0 jour sur le transport maritime, l'aviation, l'intermodalit\u00e9 et l'exp\u00e9dition. \",\"publisher\":{\"@id\":\"https:\\\/\\\/transportjournal.com\\\/fr\\\/#organization\"},\"potentialAction\":[{\"@type\":\"SearchAction\",\"target\":{\"@type\":\"EntryPoint\",\"urlTemplate\":\"https:\\\/\\\/transportjournal.com\\\/fr\\\/?s={search_term_string}\"},\"query-input\":{\"@type\":\"PropertyValueSpecification\",\"valueRequired\":true,\"valueName\":\"search_term_string\"}}],\"inLanguage\":\"fr-FR\"},{\"@type\":\"Organization\",\"@id\":\"https:\\\/\\\/transportjournal.com\\\/fr\\\/#organization\",\"name\":\"Groupe Logismedia AG\",\"alternateName\":\"Logismedia Group AG\",\"url\":\"https:\\\/\\\/transportjournal.com\\\/fr\\\/\",\"logo\":{\"@type\":\"ImageObject\",\"inLanguage\":\"fr-FR\",\"@id\":\"https:\\\/\\\/transportjournal.com\\\/fr\\\/#\\\/schema\\\/logo\\\/image\\\/\",\"url\":\"https:\\\/\\\/transportjournal.com\\\/wp-content\\\/uploads\\\/sites\\\/2\\\/2025\\\/09\\\/Logo_ITJ.png\",\"contentUrl\":\"https:\\\/\\\/transportjournal.com\\\/wp-content\\\/uploads\\\/sites\\\/2\\\/2025\\\/09\\\/Logo_ITJ.png\",\"width\":799,\"height\":326,\"caption\":\"Groupe Logismedia AG\"},\"image\":{\"@id\":\"https:\\\/\\\/transportjournal.com\\\/fr\\\/#\\\/schema\\\/logo\\\/image\\\/\"},\"sameAs\":[\"https:\\\/\\\/www.linkedin.com\\\/company\\\/56456496\\\/admin\\\/dashboard\\\/\",\"https:\\\/\\\/www.instagram.com\\\/logismediagroup\\\/\",\"https:\\\/\\\/www.youtube.com\\\/@LogiamediaGroupAG\"]},{\"@type\":\"Person\",\"@id\":\"https:\\\/\\\/transportjournal.com\\\/fr\\\/#\\\/schema\\\/person\\\/41d36b5474b623392fa613e97e2363fa\",\"name\":\"Jeremy Soland\",\"url\":\"https:\\\/\\\/transportjournal.com\\\/fr\\\/author\\\/jeremy\\\/\"}]}<\/script>\n<!-- \/ Yoast SEO plugin. -->","yoast_head_json":{"title":"K\u00e4rcher s&#8217;associe \u00e0 Xeneta pour des donn\u00e9es de fret - ITJ | International Transport Journal","robots":{"index":"index","follow":"follow","max-snippet":"max-snippet:-1","max-image-preview":"max-image-preview:large","max-video-preview":"max-video-preview:-1"},"canonical":"https:\/\/transportjournal.com\/fr\/2026\/03\/11\/kaercher-sassocie-a-xeneta-pour-des-donnees-de-fret\/","og_locale":"fr_FR","og_type":"article","og_title":"K\u00e4rcher s&#8217;associe \u00e0 Xeneta pour des donn\u00e9es de fret - ITJ | International Transport Journal","og_description":"K\u00e4rcher a choisi Xeneta comme partenaire pour analyser les donn\u00e9es de fret et am\u00e9liorer ainsi l'efficacit\u00e9 de ses processus logistiques mondiaux.","og_url":"https:\/\/transportjournal.com\/fr\/2026\/03\/11\/kaercher-sassocie-a-xeneta-pour-des-donnees-de-fret\/","og_site_name":"ITJ | International Transport Journal","article_published_time":"2026-03-11T12:37:26+00:00","og_image":[{"width":2560,"height":1441,"url":"https:\/\/transportjournal.com\/wp-content\/uploads\/sites\/2\/2026\/03\/AdobeStock_732251735-8-scaled-aspect-ratio-1400-788-scaled-1.jpeg","type":"image\/jpeg"}],"author":"Jeremy Soland","twitter_card":"summary_large_image","twitter_misc":{"\u00c9crit par":"Jeremy Soland","Dur\u00e9e de lecture estim\u00e9e":"1 minute"},"schema":{"@context":"https:\/\/schema.org","@graph":[{"@type":"Article","@id":"https:\/\/transportjournal.com\/fr\/2026\/03\/11\/kaercher-sassocie-a-xeneta-pour-des-donnees-de-fret\/#article","isPartOf":{"@id":"https:\/\/transportjournal.com\/fr\/2026\/03\/11\/kaercher-sassocie-a-xeneta-pour-des-donnees-de-fret\/"},"author":{"name":"Jeremy Soland","@id":"https:\/\/transportjournal.com\/fr\/#\/schema\/person\/41d36b5474b623392fa613e97e2363fa"},"headline":"K\u00e4rcher s&rsquo;associe \u00e0 Xeneta pour des donn\u00e9es de fret","datePublished":"2026-03-11T12:37:26+00:00","mainEntityOfPage":{"@id":"https:\/\/transportjournal.com\/fr\/2026\/03\/11\/kaercher-sassocie-a-xeneta-pour-des-donnees-de-fret\/"},"wordCount":299,"commentCount":0,"publisher":{"@id":"https:\/\/transportjournal.com\/fr\/#organization"},"image":{"@id":"https:\/\/transportjournal.com\/fr\/2026\/03\/11\/kaercher-sassocie-a-xeneta-pour-des-donnees-de-fret\/#primaryimage"},"thumbnailUrl":"https:\/\/transportjournal.com\/wp-content\/uploads\/sites\/2\/2026\/03\/AdobeStock_732251735-8-scaled-aspect-ratio-1400-788-scaled-1.jpeg","keywords":["analyse de march\u00e9","analyse des co\u00fbts de transport","cleaning technology","cost analysis in transport","d\u00e9cisions strat\u00e9giques en logistique","Deutsch K\u00e4rcher","Digitalisierung in der Logistik","digitalization in logistics","donn\u00e9es de fret","durabilit\u00e9 dans le transport","Fachkr\u00e4ftemangel in der Logistik","Frachtdaten","freight data","gestion de la cha\u00eene d'approvisionnement","global market leader Fran\u00e7ais K\u00e4rcher","globale Marktf\u00fchrer English K\u00e4rcher","Handelsrouten","infrastructure en Europe","infrastructure in Europe","Infrastruktur in Europa","international logistics","internationale Logistik","Kostenanalyse im Transport","labor shortage in logistics","leader mondial du march\u00e9","Lieferkette optimieren","logistics processes","logistics service providers","Logistikdienstleister","Logistikprozesse","logistique internationale","market analysis","Marktanalyse","Nachhaltigkeit in der Transportwirtschaft","num\u00e9risation dans la logistique","optimiser la cha\u00eene d'approvisionnement","optimize supply chain","p\u00e9nurie de main-d'\u0153uvre dans la logistique","prestataires de services logistiques","processus logistiques","production sites in Europe","Produktionsstandorte in Europa","Reinigungstechnologie","routes commerciales","sites de production en Europe","strategic decisions in logistics","strategische Entscheidungen in der Logistik","Supply Chain Management","sustainability in transportation","technologie de nettoyage","trade routes","transport cost analysis","Transportkostenanalyse","Xeneta"],"articleSection":["Deutschland","L'Europe","Transport maritime et ports"],"inLanguage":"fr-FR","potentialAction":[{"@type":"CommentAction","name":"Comment","target":["https:\/\/transportjournal.com\/fr\/2026\/03\/11\/kaercher-sassocie-a-xeneta-pour-des-donnees-de-fret\/#respond"]}]},{"@type":"WebPage","@id":"https:\/\/transportjournal.com\/fr\/2026\/03\/11\/kaercher-sassocie-a-xeneta-pour-des-donnees-de-fret\/","url":"https:\/\/transportjournal.com\/fr\/2026\/03\/11\/kaercher-sassocie-a-xeneta-pour-des-donnees-de-fret\/","name":"K\u00e4rcher s&#8217;associe \u00e0 Xeneta pour des donn\u00e9es de fret - ITJ | International Transport Journal","isPartOf":{"@id":"https:\/\/transportjournal.com\/fr\/#website"},"primaryImageOfPage":{"@id":"https:\/\/transportjournal.com\/fr\/2026\/03\/11\/kaercher-sassocie-a-xeneta-pour-des-donnees-de-fret\/#primaryimage"},"image":{"@id":"https:\/\/transportjournal.com\/fr\/2026\/03\/11\/kaercher-sassocie-a-xeneta-pour-des-donnees-de-fret\/#primaryimage"},"thumbnailUrl":"https:\/\/transportjournal.com\/wp-content\/uploads\/sites\/2\/2026\/03\/AdobeStock_732251735-8-scaled-aspect-ratio-1400-788-scaled-1.jpeg","datePublished":"2026-03-11T12:37:26+00:00","breadcrumb":{"@id":"https:\/\/transportjournal.com\/fr\/2026\/03\/11\/kaercher-sassocie-a-xeneta-pour-des-donnees-de-fret\/#breadcrumb"},"inLanguage":"fr-FR","potentialAction":[{"@type":"ReadAction","target":["https:\/\/transportjournal.com\/fr\/2026\/03\/11\/kaercher-sassocie-a-xeneta-pour-des-donnees-de-fret\/"]}]},{"@type":"ImageObject","inLanguage":"fr-FR","@id":"https:\/\/transportjournal.com\/fr\/2026\/03\/11\/kaercher-sassocie-a-xeneta-pour-des-donnees-de-fret\/#primaryimage","url":"https:\/\/transportjournal.com\/wp-content\/uploads\/sites\/2\/2026\/03\/AdobeStock_732251735-8-scaled-aspect-ratio-1400-788-scaled-1.jpeg","contentUrl":"https:\/\/transportjournal.com\/wp-content\/uploads\/sites\/2\/2026\/03\/AdobeStock_732251735-8-scaled-aspect-ratio-1400-788-scaled-1.jpeg","width":2560,"height":1441},{"@type":"BreadcrumbList","@id":"https:\/\/transportjournal.com\/fr\/2026\/03\/11\/kaercher-sassocie-a-xeneta-pour-des-donnees-de-fret\/#breadcrumb","itemListElement":[{"@type":"ListItem","position":1,"name":"Startseite","item":"https:\/\/transportjournal.com\/fr\/"},{"@type":"ListItem","position":2,"name":"K\u00e4rcher s&#8217;associe \u00e0 Xeneta pour des donn\u00e9es de fret"}]},{"@type":"WebSite","@id":"https:\/\/transportjournal.com\/fr\/#website","url":"https:\/\/transportjournal.com\/fr\/","name":"ITJ | International Transport Journal","description":"Restez inform\u00e9 des derni\u00e8res nouvelles mondiales dans les secteurs du transport, de la logistique et de la cha\u00eene d'approvisionnement. Transport Journal fournit des informations d'experts, des analyses et des mises \u00e0 jour sur le transport maritime, l'aviation, l'intermodalit\u00e9 et l'exp\u00e9dition. ","publisher":{"@id":"https:\/\/transportjournal.com\/fr\/#organization"},"potentialAction":[{"@type":"SearchAction","target":{"@type":"EntryPoint","urlTemplate":"https:\/\/transportjournal.com\/fr\/?s={search_term_string}"},"query-input":{"@type":"PropertyValueSpecification","valueRequired":true,"valueName":"search_term_string"}}],"inLanguage":"fr-FR"},{"@type":"Organization","@id":"https:\/\/transportjournal.com\/fr\/#organization","name":"Groupe Logismedia AG","alternateName":"Logismedia Group AG","url":"https:\/\/transportjournal.com\/fr\/","logo":{"@type":"ImageObject","inLanguage":"fr-FR","@id":"https:\/\/transportjournal.com\/fr\/#\/schema\/logo\/image\/","url":"https:\/\/transportjournal.com\/wp-content\/uploads\/sites\/2\/2025\/09\/Logo_ITJ.png","contentUrl":"https:\/\/transportjournal.com\/wp-content\/uploads\/sites\/2\/2025\/09\/Logo_ITJ.png","width":799,"height":326,"caption":"Groupe Logismedia AG"},"image":{"@id":"https:\/\/transportjournal.com\/fr\/#\/schema\/logo\/image\/"},"sameAs":["https:\/\/www.linkedin.com\/company\/56456496\/admin\/dashboard\/","https:\/\/www.instagram.com\/logismediagroup\/","https:\/\/www.youtube.com\/@LogiamediaGroupAG"]},{"@type":"Person","@id":"https:\/\/transportjournal.com\/fr\/#\/schema\/person\/41d36b5474b623392fa613e97e2363fa","name":"Jeremy Soland","url":"https:\/\/transportjournal.com\/fr\/author\/jeremy\/"}]}},"_links":{"self":[{"href":"https:\/\/transportjournal.com\/fr\/wp-json\/wp\/v2\/posts\/80431","targetHints":{"allow":["GET"]}}],"collection":[{"href":"https:\/\/transportjournal.com\/fr\/wp-json\/wp\/v2\/posts"}],"about":[{"href":"https:\/\/transportjournal.com\/fr\/wp-json\/wp\/v2\/types\/post"}],"author":[{"embeddable":true,"href":"https:\/\/transportjournal.com\/fr\/wp-json\/wp\/v2\/users\/10"}],"replies":[{"embeddable":true,"href":"https:\/\/transportjournal.com\/fr\/wp-json\/wp\/v2\/comments?post=80431"}],"version-history":[{"count":0,"href":"https:\/\/transportjournal.com\/fr\/wp-json\/wp\/v2\/posts\/80431\/revisions"}],"wp:featuredmedia":[{"embeddable":true,"href":"https:\/\/transportjournal.com\/fr\/wp-json\/wp\/v2\/media\/80429"}],"wp:attachment":[{"href":"https:\/\/transportjournal.com\/fr\/wp-json\/wp\/v2\/media?parent=80431"}],"wp:term":[{"taxonomy":"category","embeddable":true,"href":"https:\/\/transportjournal.com\/fr\/wp-json\/wp\/v2\/categories?post=80431"},{"taxonomy":"post_tag","embeddable":true,"href":"https:\/\/transportjournal.com\/fr\/wp-json\/wp\/v2\/tags?post=80431"}],"curies":[{"name":"wp","href":"https:\/\/api.w.org\/{rel}","templated":true}]}}