{"id":80409,"date":"2026-03-11T12:29:11","date_gmt":"2026-03-11T12:29:11","guid":{"rendered":"https:\/\/transportjournal.com\/2026\/03\/11\/al-hassan-dirige-la-region-gcc-de-dp-world\/"},"modified":"2026-03-11T13:44:05","modified_gmt":"2026-03-11T12:44:05","slug":"al-hassan-dirige-la-region-gcc-de-dp-world","status":"publish","type":"post","link":"https:\/\/transportjournal.com\/fr\/2026\/03\/11\/al-hassan-dirige-la-region-gcc-de-dp-world\/","title":{"rendered":"Al-Hassan dirige la r\u00e9gion GCC de DP World"},"content":{"rendered":"<p>DP World, un prestataire de services logistiques mondial et op\u00e9rateur d&#8217;infrastructures de cha\u00eene d&#8217;approvisionnement avec des activit\u00e9s dans 69 pays sur tous les continents, a nomm\u00e9 Ahmad Yousef Al-Hassan nouveau PDG et directeur g\u00e9n\u00e9ral de sa r\u00e9gion GCC. Dans ce r\u00f4le, il est responsable des ports, des activit\u00e9s logistiques et de cha\u00eene d&#8217;approvisionnement dans plusieurs march\u00e9s du Golfe Persique. L&#8217;entreprise exploite un portefeuille int\u00e9gr\u00e9 aux \u00c9mirats Arabes Unis, en Arabie Saoudite et \u00e0 Oman.<\/p>\n<p>Focalisation sur le commerce r\u00e9gional et la logistique<\/p>\n<p>Le nouveau PDG doit renforcer les cha\u00eenes d&#8217;approvisionnement int\u00e9gr\u00e9es et d\u00e9velopper des services logistiques qui simplifient les flux commerciaux. Il a d\u00e9clar\u00e9 que \u00ab le commerce est plus interconnect\u00e9 et complexe que jamais, et notre priorit\u00e9 est de transporter les marchandises de nos clients de mani\u00e8re s\u00fbre et efficace. \u00bb L&#8217;entreprise continue de surveiller les d\u00e9veloppements dans le Golfe Persique et dans le d\u00e9troit d&#8217;Hormuz, tout en maintenant les op\u00e9rations dans les installations de Duba\u00ef (EAU).<\/p>\n<p>Les terminaux \u00e0 conteneurs et de marchandises g\u00e9n\u00e9rales du port de Jebel Ali restent enti\u00e8rement op\u00e9rationnels. L&#8217;entreprise collabore \u00e9troitement avec les autorit\u00e9s des EAU, les compagnies maritimes et les partenaires logistiques pour garantir des flux de marchandises stables.<\/p>\n<p>Al-Hassan travaille chez DP World depuis 2010 et a \u00e9t\u00e9 directeur financier de DP World GCC de 2021 \u00e0 2026. Fort de plus de 23 ans d&#8217;exp\u00e9rience dans le secteur, il a travaill\u00e9 \u00e0 Duba\u00ef, Washington DC, Londres et Hong Kong dans les domaines de la logistique, de la tr\u00e9sorerie et de la banque.<\/p>\n<p><a href=\"https:\/\/www.dpworld.com\" target=\"_blank\" rel=\"noopener noreferrer\">www.dpworld.com<\/a><\/p>\n","protected":false},"excerpt":{"rendered":"<p>DP World a nomm\u00e9 Ahmad Yousef Al-Hassan nouveau PDG de l&rsquo;organisation r\u00e9gionale GCC afin d&rsquo;optimiser les cha\u00eenes d&rsquo;approvisionnement et les services logistiques dans le Golfe Persique.<\/p>\n","protected":false},"author":14,"featured_media":80407,"comment_status":"open","ping_status":"","sticky":false,"template":"","format":"standard","meta":{"_acf_changed":false,"footnotes":""},"categories":[1581,1588,1579,1583],"tags":[25947,25948,7947,25949,25950,16524,16526,16846,2115,2116,9628,2700,25951,25952,1958,4091,25953,25954,25955,2909,25956,25957,25958,4128,2664,1831,1847,3157,24395,2925,4923,25959,25960,2929,2481,25961,25962,25963,7962,7963,2682,2731,25964,25965,25397,25966,16547,25967,25968,4105,25969],"class_list":["post-80409","post","type-post","status-publish","format-standard","has-post-thumbnail","hentry","category-expedition-et-logistique","category-moyen-orient","category-personnes-et-entreprises","category-transport-maritime-et-ports","tag-activites-de-chaine-dapprovisionnement","tag-ahmad-yousef-al-hassan","tag-arabie-saoudite","tag-breakbulk-terminals","tag-connectivite-commerciale","tag-container-terminals","tag-containerterminals","tag-deutsch-dp-world","tag-digitalisierung-in-der-logistik","tag-digitalization-in-logistics","tag-dubai","tag-fachkraeftemangel-in-der-logistik","tag-flux-commerciaux-regionaux","tag-flux-de-marchandises","tag-frachttransport","tag-freight-transport","tag-gcc-region","tag-golfe-persique","tag-goods-flows-francais-dp-world","tag-hafenbetrieb","tag-handelsvernetzung","tag-infrastructure-de-chaine-dapprovisionnement","tag-lieferkettenaktivitaeten","tag-logistics-provider","tag-logistics-services","tag-logistikdienstleister","tag-logistikdienstleistungen","tag-numerisation-dans-la-logistique","tag-oman","tag-operations-portuaires","tag-penurie-de-competences-dans-la-logistique","tag-persian-gulf","tag-persischer-golf","tag-port-operations","tag-prestataire-logistique","tag-region-gcc","tag-regional-trade-flows","tag-regionale-handelsstroeme","tag-saudi-arabia","tag-saudi-arabien","tag-services-logistiques","tag-skills-shortage-in-logistics","tag-stueckgutterminals","tag-supply-chain-activities","tag-supply-chain-infrastructure","tag-supply-chain-infrastruktur","tag-terminaux-a-conteneurs","tag-terminaux-de-marchandises","tag-trade-connectivity","tag-transport-de-fret","tag-warenstroeme-english-dp-world"],"acf":[],"yoast_head":"<!-- This site is optimized with the Yoast SEO plugin v27.3 - https:\/\/yoast.com\/product\/yoast-seo-wordpress\/ -->\n<title>Al-Hassan dirige la r\u00e9gion GCC de DP World - ITJ | International Transport Journal<\/title>\n<meta name=\"robots\" content=\"index, follow, max-snippet:-1, max-image-preview:large, max-video-preview:-1\" \/>\n<link rel=\"canonical\" href=\"https:\/\/transportjournal.com\/fr\/2026\/03\/11\/al-hassan-dirige-la-region-gcc-de-dp-world\/\" \/>\n<meta property=\"og:locale\" content=\"fr_FR\" \/>\n<meta property=\"og:type\" content=\"article\" \/>\n<meta property=\"og:title\" content=\"Al-Hassan dirige la r\u00e9gion GCC de DP World - ITJ | International Transport Journal\" \/>\n<meta property=\"og:description\" content=\"DP World a nomm\u00e9 Ahmad Yousef Al-Hassan nouveau PDG de l&#039;organisation r\u00e9gionale GCC afin d&#039;optimiser les cha\u00eenes d&#039;approvisionnement et les services logistiques dans le Golfe Persique.\" \/>\n<meta property=\"og:url\" content=\"https:\/\/transportjournal.com\/fr\/2026\/03\/11\/al-hassan-dirige-la-region-gcc-de-dp-world\/\" \/>\n<meta property=\"og:site_name\" content=\"ITJ | International Transport Journal\" \/>\n<meta property=\"article:published_time\" content=\"2026-03-11T12:29:11+00:00\" \/>\n<meta property=\"article:modified_time\" content=\"2026-03-11T12:44:05+00:00\" \/>\n<meta property=\"og:image\" content=\"https:\/\/transportjournal.com\/wp-content\/uploads\/sites\/2\/2026\/03\/DP-World-Al-Hassan-CEO-GCC-150_74584-aspect-ratio-1400-788.jpg\" \/>\n\t<meta property=\"og:image:width\" content=\"600\" \/>\n\t<meta property=\"og:image:height\" content=\"337\" \/>\n\t<meta property=\"og:image:type\" content=\"image\/jpeg\" \/>\n<meta name=\"author\" content=\"Gyan Sharan\" \/>\n<meta name=\"twitter:card\" content=\"summary_large_image\" \/>\n<meta name=\"twitter:label1\" content=\"\u00c9crit par\" \/>\n\t<meta name=\"twitter:data1\" content=\"Gyan Sharan\" \/>\n\t<meta name=\"twitter:label2\" content=\"Dur\u00e9e de lecture estim\u00e9e\" \/>\n\t<meta name=\"twitter:data2\" content=\"1 minute\" \/>\n<script type=\"application\/ld+json\" class=\"yoast-schema-graph\">{\"@context\":\"https:\\\/\\\/schema.org\",\"@graph\":[{\"@type\":\"Article\",\"@id\":\"https:\\\/\\\/transportjournal.com\\\/fr\\\/2026\\\/03\\\/11\\\/al-hassan-dirige-la-region-gcc-de-dp-world\\\/#article\",\"isPartOf\":{\"@id\":\"https:\\\/\\\/transportjournal.com\\\/fr\\\/2026\\\/03\\\/11\\\/al-hassan-dirige-la-region-gcc-de-dp-world\\\/\"},\"author\":{\"name\":\"Gyan Sharan\",\"@id\":\"https:\\\/\\\/transportjournal.com\\\/fr\\\/#\\\/schema\\\/person\\\/13a9fc605c753db60ef7750a229cd042\"},\"headline\":\"Al-Hassan dirige la r\u00e9gion GCC de DP World\",\"datePublished\":\"2026-03-11T12:29:11+00:00\",\"dateModified\":\"2026-03-11T12:44:05+00:00\",\"mainEntityOfPage\":{\"@id\":\"https:\\\/\\\/transportjournal.com\\\/fr\\\/2026\\\/03\\\/11\\\/al-hassan-dirige-la-region-gcc-de-dp-world\\\/\"},\"wordCount\":289,\"commentCount\":0,\"publisher\":{\"@id\":\"https:\\\/\\\/transportjournal.com\\\/fr\\\/#organization\"},\"image\":{\"@id\":\"https:\\\/\\\/transportjournal.com\\\/fr\\\/2026\\\/03\\\/11\\\/al-hassan-dirige-la-region-gcc-de-dp-world\\\/#primaryimage\"},\"thumbnailUrl\":\"https:\\\/\\\/transportjournal.com\\\/wp-content\\\/uploads\\\/sites\\\/2\\\/2026\\\/03\\\/DP-World-Al-Hassan-CEO-GCC-150_74584-aspect-ratio-1400-788.jpg\",\"keywords\":[\"activit\u00e9s de cha\u00eene d'approvisionnement\",\"Ahmad Yousef Al-Hassan\",\"Arabie Saoudite\",\"breakbulk terminals\",\"connectivit\u00e9 commerciale\",\"container terminals\",\"Containerterminals\",\"Deutsch DP World\",\"Digitalisierung in der Logistik\",\"digitalization in logistics\",\"Dubai\",\"Fachkr\u00e4ftemangel in der Logistik\",\"flux commerciaux r\u00e9gionaux\",\"flux de marchandises\",\"Frachttransport\",\"freight transport\",\"GCC-Region\",\"Golfe Persique\",\"goods flows Fran\u00e7ais DP World\",\"Hafenbetrieb\",\"Handelsvernetzung\",\"infrastructure de cha\u00eene d'approvisionnement\",\"Lieferkettenaktivit\u00e4ten\",\"logistics provider\",\"logistics services\",\"Logistikdienstleister\",\"Logistikdienstleistungen\",\"num\u00e9risation dans la logistique\",\"Oman\",\"op\u00e9rations portuaires\",\"p\u00e9nurie de comp\u00e9tences dans la logistique\",\"Persian Gulf\",\"Persischer Golf\",\"port operations\",\"prestataire logistique\",\"r\u00e9gion GCC\",\"regional trade flows\",\"regionale Handelsstr\u00f6me\",\"Saudi Arabia\",\"Saudi Arabien\",\"services logistiques\",\"skills shortage in logistics\",\"St\u00fcckgutterminals\",\"supply chain activities\",\"supply chain infrastructure\",\"Supply Chain Infrastruktur\",\"terminaux \u00e0 conteneurs\",\"terminaux de marchandises\",\"trade connectivity\",\"transport de fret\",\"Warenstr\u00f6me English DP World\"],\"articleSection\":[\"Exp\u00e9dition de fret et logistique\",\"Moyen-Orient\",\"Personnes et entreprises\",\"Transport maritime et ports\"],\"inLanguage\":\"fr-FR\",\"potentialAction\":[{\"@type\":\"CommentAction\",\"name\":\"Comment\",\"target\":[\"https:\\\/\\\/transportjournal.com\\\/fr\\\/2026\\\/03\\\/11\\\/al-hassan-dirige-la-region-gcc-de-dp-world\\\/#respond\"]}]},{\"@type\":\"WebPage\",\"@id\":\"https:\\\/\\\/transportjournal.com\\\/fr\\\/2026\\\/03\\\/11\\\/al-hassan-dirige-la-region-gcc-de-dp-world\\\/\",\"url\":\"https:\\\/\\\/transportjournal.com\\\/fr\\\/2026\\\/03\\\/11\\\/al-hassan-dirige-la-region-gcc-de-dp-world\\\/\",\"name\":\"Al-Hassan dirige la r\u00e9gion GCC de DP World - ITJ | International Transport Journal\",\"isPartOf\":{\"@id\":\"https:\\\/\\\/transportjournal.com\\\/fr\\\/#website\"},\"primaryImageOfPage\":{\"@id\":\"https:\\\/\\\/transportjournal.com\\\/fr\\\/2026\\\/03\\\/11\\\/al-hassan-dirige-la-region-gcc-de-dp-world\\\/#primaryimage\"},\"image\":{\"@id\":\"https:\\\/\\\/transportjournal.com\\\/fr\\\/2026\\\/03\\\/11\\\/al-hassan-dirige-la-region-gcc-de-dp-world\\\/#primaryimage\"},\"thumbnailUrl\":\"https:\\\/\\\/transportjournal.com\\\/wp-content\\\/uploads\\\/sites\\\/2\\\/2026\\\/03\\\/DP-World-Al-Hassan-CEO-GCC-150_74584-aspect-ratio-1400-788.jpg\",\"datePublished\":\"2026-03-11T12:29:11+00:00\",\"dateModified\":\"2026-03-11T12:44:05+00:00\",\"breadcrumb\":{\"@id\":\"https:\\\/\\\/transportjournal.com\\\/fr\\\/2026\\\/03\\\/11\\\/al-hassan-dirige-la-region-gcc-de-dp-world\\\/#breadcrumb\"},\"inLanguage\":\"fr-FR\",\"potentialAction\":[{\"@type\":\"ReadAction\",\"target\":[\"https:\\\/\\\/transportjournal.com\\\/fr\\\/2026\\\/03\\\/11\\\/al-hassan-dirige-la-region-gcc-de-dp-world\\\/\"]}]},{\"@type\":\"ImageObject\",\"inLanguage\":\"fr-FR\",\"@id\":\"https:\\\/\\\/transportjournal.com\\\/fr\\\/2026\\\/03\\\/11\\\/al-hassan-dirige-la-region-gcc-de-dp-world\\\/#primaryimage\",\"url\":\"https:\\\/\\\/transportjournal.com\\\/wp-content\\\/uploads\\\/sites\\\/2\\\/2026\\\/03\\\/DP-World-Al-Hassan-CEO-GCC-150_74584-aspect-ratio-1400-788.jpg\",\"contentUrl\":\"https:\\\/\\\/transportjournal.com\\\/wp-content\\\/uploads\\\/sites\\\/2\\\/2026\\\/03\\\/DP-World-Al-Hassan-CEO-GCC-150_74584-aspect-ratio-1400-788.jpg\",\"width\":600,\"height\":337},{\"@type\":\"BreadcrumbList\",\"@id\":\"https:\\\/\\\/transportjournal.com\\\/fr\\\/2026\\\/03\\\/11\\\/al-hassan-dirige-la-region-gcc-de-dp-world\\\/#breadcrumb\",\"itemListElement\":[{\"@type\":\"ListItem\",\"position\":1,\"name\":\"Startseite\",\"item\":\"https:\\\/\\\/transportjournal.com\\\/fr\\\/\"},{\"@type\":\"ListItem\",\"position\":2,\"name\":\"Al-Hassan dirige la r\u00e9gion GCC de DP World\"}]},{\"@type\":\"WebSite\",\"@id\":\"https:\\\/\\\/transportjournal.com\\\/fr\\\/#website\",\"url\":\"https:\\\/\\\/transportjournal.com\\\/fr\\\/\",\"name\":\"ITJ | International Transport Journal\",\"description\":\"Restez inform\u00e9 des derni\u00e8res nouvelles mondiales dans les secteurs du transport, de la logistique et de la cha\u00eene d'approvisionnement. Transport Journal fournit des informations d'experts, des analyses et des mises \u00e0 jour sur le transport maritime, l'aviation, l'intermodalit\u00e9 et l'exp\u00e9dition. \",\"publisher\":{\"@id\":\"https:\\\/\\\/transportjournal.com\\\/fr\\\/#organization\"},\"potentialAction\":[{\"@type\":\"SearchAction\",\"target\":{\"@type\":\"EntryPoint\",\"urlTemplate\":\"https:\\\/\\\/transportjournal.com\\\/fr\\\/?s={search_term_string}\"},\"query-input\":{\"@type\":\"PropertyValueSpecification\",\"valueRequired\":true,\"valueName\":\"search_term_string\"}}],\"inLanguage\":\"fr-FR\"},{\"@type\":\"Organization\",\"@id\":\"https:\\\/\\\/transportjournal.com\\\/fr\\\/#organization\",\"name\":\"Groupe Logismedia AG\",\"alternateName\":\"Logismedia Group AG\",\"url\":\"https:\\\/\\\/transportjournal.com\\\/fr\\\/\",\"logo\":{\"@type\":\"ImageObject\",\"inLanguage\":\"fr-FR\",\"@id\":\"https:\\\/\\\/transportjournal.com\\\/fr\\\/#\\\/schema\\\/logo\\\/image\\\/\",\"url\":\"https:\\\/\\\/transportjournal.com\\\/wp-content\\\/uploads\\\/sites\\\/2\\\/2025\\\/09\\\/Logo_ITJ.png\",\"contentUrl\":\"https:\\\/\\\/transportjournal.com\\\/wp-content\\\/uploads\\\/sites\\\/2\\\/2025\\\/09\\\/Logo_ITJ.png\",\"width\":799,\"height\":326,\"caption\":\"Groupe Logismedia AG\"},\"image\":{\"@id\":\"https:\\\/\\\/transportjournal.com\\\/fr\\\/#\\\/schema\\\/logo\\\/image\\\/\"},\"sameAs\":[\"https:\\\/\\\/www.linkedin.com\\\/company\\\/56456496\\\/admin\\\/dashboard\\\/\",\"https:\\\/\\\/www.instagram.com\\\/logismediagroup\\\/\",\"https:\\\/\\\/www.youtube.com\\\/@LogiamediaGroupAG\"]},{\"@type\":\"Person\",\"@id\":\"https:\\\/\\\/transportjournal.com\\\/fr\\\/#\\\/schema\\\/person\\\/13a9fc605c753db60ef7750a229cd042\",\"name\":\"Gyan Sharan\",\"url\":\"https:\\\/\\\/transportjournal.com\\\/fr\\\/author\\\/gyan\\\/\"}]}<\/script>\n<!-- \/ Yoast SEO plugin. -->","yoast_head_json":{"title":"Al-Hassan dirige la r\u00e9gion GCC de DP World - ITJ | International Transport Journal","robots":{"index":"index","follow":"follow","max-snippet":"max-snippet:-1","max-image-preview":"max-image-preview:large","max-video-preview":"max-video-preview:-1"},"canonical":"https:\/\/transportjournal.com\/fr\/2026\/03\/11\/al-hassan-dirige-la-region-gcc-de-dp-world\/","og_locale":"fr_FR","og_type":"article","og_title":"Al-Hassan dirige la r\u00e9gion GCC de DP World - ITJ | International Transport Journal","og_description":"DP World a nomm\u00e9 Ahmad Yousef Al-Hassan nouveau PDG de l'organisation r\u00e9gionale GCC afin d'optimiser les cha\u00eenes d'approvisionnement et les services logistiques dans le Golfe Persique.","og_url":"https:\/\/transportjournal.com\/fr\/2026\/03\/11\/al-hassan-dirige-la-region-gcc-de-dp-world\/","og_site_name":"ITJ | International Transport Journal","article_published_time":"2026-03-11T12:29:11+00:00","article_modified_time":"2026-03-11T12:44:05+00:00","og_image":[{"width":600,"height":337,"url":"https:\/\/transportjournal.com\/wp-content\/uploads\/sites\/2\/2026\/03\/DP-World-Al-Hassan-CEO-GCC-150_74584-aspect-ratio-1400-788.jpg","type":"image\/jpeg"}],"author":"Gyan Sharan","twitter_card":"summary_large_image","twitter_misc":{"\u00c9crit par":"Gyan Sharan","Dur\u00e9e de lecture estim\u00e9e":"1 minute"},"schema":{"@context":"https:\/\/schema.org","@graph":[{"@type":"Article","@id":"https:\/\/transportjournal.com\/fr\/2026\/03\/11\/al-hassan-dirige-la-region-gcc-de-dp-world\/#article","isPartOf":{"@id":"https:\/\/transportjournal.com\/fr\/2026\/03\/11\/al-hassan-dirige-la-region-gcc-de-dp-world\/"},"author":{"name":"Gyan Sharan","@id":"https:\/\/transportjournal.com\/fr\/#\/schema\/person\/13a9fc605c753db60ef7750a229cd042"},"headline":"Al-Hassan dirige la r\u00e9gion GCC de DP World","datePublished":"2026-03-11T12:29:11+00:00","dateModified":"2026-03-11T12:44:05+00:00","mainEntityOfPage":{"@id":"https:\/\/transportjournal.com\/fr\/2026\/03\/11\/al-hassan-dirige-la-region-gcc-de-dp-world\/"},"wordCount":289,"commentCount":0,"publisher":{"@id":"https:\/\/transportjournal.com\/fr\/#organization"},"image":{"@id":"https:\/\/transportjournal.com\/fr\/2026\/03\/11\/al-hassan-dirige-la-region-gcc-de-dp-world\/#primaryimage"},"thumbnailUrl":"https:\/\/transportjournal.com\/wp-content\/uploads\/sites\/2\/2026\/03\/DP-World-Al-Hassan-CEO-GCC-150_74584-aspect-ratio-1400-788.jpg","keywords":["activit\u00e9s de cha\u00eene d'approvisionnement","Ahmad Yousef Al-Hassan","Arabie Saoudite","breakbulk terminals","connectivit\u00e9 commerciale","container terminals","Containerterminals","Deutsch DP World","Digitalisierung in der Logistik","digitalization in logistics","Dubai","Fachkr\u00e4ftemangel in der Logistik","flux commerciaux r\u00e9gionaux","flux de marchandises","Frachttransport","freight transport","GCC-Region","Golfe Persique","goods flows Fran\u00e7ais DP World","Hafenbetrieb","Handelsvernetzung","infrastructure de cha\u00eene d'approvisionnement","Lieferkettenaktivit\u00e4ten","logistics provider","logistics services","Logistikdienstleister","Logistikdienstleistungen","num\u00e9risation dans la logistique","Oman","op\u00e9rations portuaires","p\u00e9nurie de comp\u00e9tences dans la logistique","Persian Gulf","Persischer Golf","port operations","prestataire logistique","r\u00e9gion GCC","regional trade flows","regionale Handelsstr\u00f6me","Saudi Arabia","Saudi Arabien","services logistiques","skills shortage in logistics","St\u00fcckgutterminals","supply chain activities","supply chain infrastructure","Supply Chain Infrastruktur","terminaux \u00e0 conteneurs","terminaux de marchandises","trade connectivity","transport de fret","Warenstr\u00f6me English DP World"],"articleSection":["Exp\u00e9dition de fret et logistique","Moyen-Orient","Personnes et entreprises","Transport maritime et ports"],"inLanguage":"fr-FR","potentialAction":[{"@type":"CommentAction","name":"Comment","target":["https:\/\/transportjournal.com\/fr\/2026\/03\/11\/al-hassan-dirige-la-region-gcc-de-dp-world\/#respond"]}]},{"@type":"WebPage","@id":"https:\/\/transportjournal.com\/fr\/2026\/03\/11\/al-hassan-dirige-la-region-gcc-de-dp-world\/","url":"https:\/\/transportjournal.com\/fr\/2026\/03\/11\/al-hassan-dirige-la-region-gcc-de-dp-world\/","name":"Al-Hassan dirige la r\u00e9gion GCC de DP World - ITJ | International Transport Journal","isPartOf":{"@id":"https:\/\/transportjournal.com\/fr\/#website"},"primaryImageOfPage":{"@id":"https:\/\/transportjournal.com\/fr\/2026\/03\/11\/al-hassan-dirige-la-region-gcc-de-dp-world\/#primaryimage"},"image":{"@id":"https:\/\/transportjournal.com\/fr\/2026\/03\/11\/al-hassan-dirige-la-region-gcc-de-dp-world\/#primaryimage"},"thumbnailUrl":"https:\/\/transportjournal.com\/wp-content\/uploads\/sites\/2\/2026\/03\/DP-World-Al-Hassan-CEO-GCC-150_74584-aspect-ratio-1400-788.jpg","datePublished":"2026-03-11T12:29:11+00:00","dateModified":"2026-03-11T12:44:05+00:00","breadcrumb":{"@id":"https:\/\/transportjournal.com\/fr\/2026\/03\/11\/al-hassan-dirige-la-region-gcc-de-dp-world\/#breadcrumb"},"inLanguage":"fr-FR","potentialAction":[{"@type":"ReadAction","target":["https:\/\/transportjournal.com\/fr\/2026\/03\/11\/al-hassan-dirige-la-region-gcc-de-dp-world\/"]}]},{"@type":"ImageObject","inLanguage":"fr-FR","@id":"https:\/\/transportjournal.com\/fr\/2026\/03\/11\/al-hassan-dirige-la-region-gcc-de-dp-world\/#primaryimage","url":"https:\/\/transportjournal.com\/wp-content\/uploads\/sites\/2\/2026\/03\/DP-World-Al-Hassan-CEO-GCC-150_74584-aspect-ratio-1400-788.jpg","contentUrl":"https:\/\/transportjournal.com\/wp-content\/uploads\/sites\/2\/2026\/03\/DP-World-Al-Hassan-CEO-GCC-150_74584-aspect-ratio-1400-788.jpg","width":600,"height":337},{"@type":"BreadcrumbList","@id":"https:\/\/transportjournal.com\/fr\/2026\/03\/11\/al-hassan-dirige-la-region-gcc-de-dp-world\/#breadcrumb","itemListElement":[{"@type":"ListItem","position":1,"name":"Startseite","item":"https:\/\/transportjournal.com\/fr\/"},{"@type":"ListItem","position":2,"name":"Al-Hassan dirige la r\u00e9gion GCC de DP World"}]},{"@type":"WebSite","@id":"https:\/\/transportjournal.com\/fr\/#website","url":"https:\/\/transportjournal.com\/fr\/","name":"ITJ | International Transport Journal","description":"Restez inform\u00e9 des derni\u00e8res nouvelles mondiales dans les secteurs du transport, de la logistique et de la cha\u00eene d'approvisionnement. Transport Journal fournit des informations d'experts, des analyses et des mises \u00e0 jour sur le transport maritime, l'aviation, l'intermodalit\u00e9 et l'exp\u00e9dition. ","publisher":{"@id":"https:\/\/transportjournal.com\/fr\/#organization"},"potentialAction":[{"@type":"SearchAction","target":{"@type":"EntryPoint","urlTemplate":"https:\/\/transportjournal.com\/fr\/?s={search_term_string}"},"query-input":{"@type":"PropertyValueSpecification","valueRequired":true,"valueName":"search_term_string"}}],"inLanguage":"fr-FR"},{"@type":"Organization","@id":"https:\/\/transportjournal.com\/fr\/#organization","name":"Groupe Logismedia AG","alternateName":"Logismedia Group AG","url":"https:\/\/transportjournal.com\/fr\/","logo":{"@type":"ImageObject","inLanguage":"fr-FR","@id":"https:\/\/transportjournal.com\/fr\/#\/schema\/logo\/image\/","url":"https:\/\/transportjournal.com\/wp-content\/uploads\/sites\/2\/2025\/09\/Logo_ITJ.png","contentUrl":"https:\/\/transportjournal.com\/wp-content\/uploads\/sites\/2\/2025\/09\/Logo_ITJ.png","width":799,"height":326,"caption":"Groupe Logismedia AG"},"image":{"@id":"https:\/\/transportjournal.com\/fr\/#\/schema\/logo\/image\/"},"sameAs":["https:\/\/www.linkedin.com\/company\/56456496\/admin\/dashboard\/","https:\/\/www.instagram.com\/logismediagroup\/","https:\/\/www.youtube.com\/@LogiamediaGroupAG"]},{"@type":"Person","@id":"https:\/\/transportjournal.com\/fr\/#\/schema\/person\/13a9fc605c753db60ef7750a229cd042","name":"Gyan Sharan","url":"https:\/\/transportjournal.com\/fr\/author\/gyan\/"}]}},"_links":{"self":[{"href":"https:\/\/transportjournal.com\/fr\/wp-json\/wp\/v2\/posts\/80409","targetHints":{"allow":["GET"]}}],"collection":[{"href":"https:\/\/transportjournal.com\/fr\/wp-json\/wp\/v2\/posts"}],"about":[{"href":"https:\/\/transportjournal.com\/fr\/wp-json\/wp\/v2\/types\/post"}],"author":[{"embeddable":true,"href":"https:\/\/transportjournal.com\/fr\/wp-json\/wp\/v2\/users\/14"}],"replies":[{"embeddable":true,"href":"https:\/\/transportjournal.com\/fr\/wp-json\/wp\/v2\/comments?post=80409"}],"version-history":[{"count":2,"href":"https:\/\/transportjournal.com\/fr\/wp-json\/wp\/v2\/posts\/80409\/revisions"}],"predecessor-version":[{"id":80423,"href":"https:\/\/transportjournal.com\/fr\/wp-json\/wp\/v2\/posts\/80409\/revisions\/80423"}],"wp:featuredmedia":[{"embeddable":true,"href":"https:\/\/transportjournal.com\/fr\/wp-json\/wp\/v2\/media\/80407"}],"wp:attachment":[{"href":"https:\/\/transportjournal.com\/fr\/wp-json\/wp\/v2\/media?parent=80409"}],"wp:term":[{"taxonomy":"category","embeddable":true,"href":"https:\/\/transportjournal.com\/fr\/wp-json\/wp\/v2\/categories?post=80409"},{"taxonomy":"post_tag","embeddable":true,"href":"https:\/\/transportjournal.com\/fr\/wp-json\/wp\/v2\/tags?post=80409"}],"curies":[{"name":"wp","href":"https:\/\/api.w.org\/{rel}","templated":true}]}}