{"id":80393,"date":"2026-03-11T12:00:52","date_gmt":"2026-03-11T12:00:52","guid":{"rendered":"https:\/\/transportjournal.com\/2026\/03\/11\/energie-solaire-flottante-au-port-de-bilbao\/"},"modified":"2026-03-11T12:00:52","modified_gmt":"2026-03-11T12:00:52","slug":"energie-solaire-flottante-au-port-de-bilbao","status":"publish","type":"post","link":"https:\/\/transportjournal.com\/fr\/2026\/03\/11\/energie-solaire-flottante-au-port-de-bilbao\/","title":{"rendered":"\u00c9nergie solaire flottante au port de Bilbao"},"content":{"rendered":"<p>L&#8217;entreprise Landatu Solar a lanc\u00e9 un projet pilote dans le port de Bilbao pour tester une solution d&#8217;\u00e9nergie solaire flottante. L&#8217;objectif du projet est, selon un communiqu\u00e9 du port, d&#8217;\u00e9valuer la performance de cette technologie dans un environnement maritime r\u00e9el. Lors de la premi\u00e8re phase, des conclusions techniques doivent \u00eatre tir\u00e9es pour le d\u00e9veloppement futur du syst\u00e8me et ses possibilit\u00e9s d&#8217;utilisation dans des environnements offshore.<\/p>\n<p>Le pilote, qui occupe une surface de 12 x 12 m, est ancr\u00e9 dans le dock de Santurtzi. Il se compose d&#8217;une structure en membrane tendue modulaire et d&#8217;un r\u00e9seau, soutenue par un cadre ext\u00e9rieur. Cette construction vise \u00e0 am\u00e9liorer l&#8217;adaptabilit\u00e9 aux charges dynamiques des vagues et \u00e0 permettre l&#8217;utilisation de composants transportables. Cela pourrait, selon le port, r\u00e9duire \u00e0 la fois les temps d&#8217;installation et la complexit\u00e9 logistique.<\/p>\n<h3>Aper\u00e7us des d\u00e9fis de l&#8217;environnement maritime<\/h3>\n<p>Le projet doit fournir des informations sur la mani\u00e8re dont divers facteurs tels que les vagues, le vent, la corrosion et la complexit\u00e9 du syst\u00e8me d&#8217;ancrage influencent la performance de l&#8217;installation solaire flottante. L&#8217;initiative fait partie du &#8222;Seamod-Projet&#8220;, qui se concentre sur des solutions modulaires pour la photovolta\u00efque dans un environnement maritime. La solution pr\u00e9vue est, selon le port, con\u00e7ue pour \u00eatre \u00e9volutive et peut \u00eatre combin\u00e9e avec d&#8217;autres sources d&#8217;\u00e9nergie renouvelable, telles que l&#8217;\u00e9nergie \u00e9olienne offshore. Cela vise \u00e0 exploiter le potentiel de la mer pour soutenir la transition \u00e9nerg\u00e9tique tout en r\u00e9duisant la pression sur les terres agricoles et constructibles.<\/p>\n<p><a href=\"https:\/\/www.bilbaoport.eus\/\" target=\"_blank\" rel=\"noopener noreferrer\">www.bilbaoport.eus<\/a><\/p>\n","protected":false},"excerpt":{"rendered":"<p>Landatu Solar a lanc\u00e9 un projet pilote \u00e0 Bilbao pour tester l&rsquo;efficacit\u00e9 des solutions d&rsquo;\u00e9nergie solaire flottante dans un environnement marin r\u00e9el.<\/p>\n","protected":false},"author":10,"featured_media":80391,"comment_status":"open","ping_status":"","sticky":false,"template":"","format":"standard","meta":{"_acf_changed":false,"footnotes":""},"categories":[1587,1583],"tags":[25899,25900,25901,25902,25903,25904,25905,25906,25907,25908,6983,25909,25910,25911,25912,1807,13862,25913,25914,25915,25916,25917,25918,25919,25920,16145,25921,25922,25923,25924,6994,25925,6996,25926,25927,13874,13875,25928,25929,25930,25931,25932,25933,25934,25935,25936,25937,25938,25939,25940,25941,25942,25943,25944,25945,25946],"class_list":["post-80393","post","type-post","status-publish","format-standard","has-post-thumbnail","hentry","category-leurope","category-transport-maritime-et-ports","tag-adaptabilite-des-installations-solaires","tag-adaptability-of-solar-installations","tag-anchoring-systems","tag-anpassungsfaehigkeit-von-solaranlagen","tag-charges-de-vagues","tag-complexite-logistique","tag-conclusions-techniques","tag-defis-de-lenvironnement-marin","tag-deutsch-schwimmende-solarenergie","tag-efficacite-energetique-dans-les-ports","tag-energie-eolienne-offshore","tag-energieeffizienz-im-hafen","tag-energiewende-im-maritimen-bereich","tag-energy-efficiency-in-ports","tag-energy-transition-in-maritime-sector","tag-erneuerbare-energien","tag-hafen-von-bilbao","tag-herausforderungen-der-meeresumgebung","tag-innovative-energietechnologien-english-floating-solar-energy","tag-innovative-energy-technologies-francais-energie-solaire-flottante","tag-landatu-solar","tag-logistical-complexity","tag-logistische-komplexitaet","tag-marine-environment-challenges","tag-maritime-energy-solutions","tag-maritime-loesungen","tag-modular-membrane-structure","tag-modulare-membranstruktur","tag-nachhaltige-energiequellen","tag-offshore-photovoltaic","tag-offshore-wind-energy","tag-offshore-photovoltaik","tag-offshore-windenergie","tag-photovoltaique-offshore","tag-pilotprojekt-solarenergie","tag-port-de-bilbao","tag-port-of-bilbao","tag-projet-pilote-denergie-solaire","tag-projet-seamod","tag-renewable-energy-solutions","tag-seamod-project","tag-seamod-projekt","tag-solar-energy-pilot-project","tag-solutions-energetiques-maritimes","tag-solutions-energetiques-renouvelables","tag-sources-denergie-durables","tag-structure-en-membrane-modulaire","tag-sustainable-energy-sources","tag-systemes-dancrage","tag-technical-conclusions","tag-technische-schlussfolgerungen","tag-technologies-energetiques-innovantes","tag-transition-energetique-dans-le-secteur-maritime","tag-verankerungssysteme","tag-wave-loads","tag-wellenlasten"],"acf":[],"yoast_head":"<!-- This site is optimized with the Yoast SEO plugin v27.3 - https:\/\/yoast.com\/product\/yoast-seo-wordpress\/ -->\n<title>\u00c9nergie solaire flottante au port de Bilbao - ITJ | International Transport Journal<\/title>\n<meta name=\"robots\" content=\"index, follow, max-snippet:-1, max-image-preview:large, max-video-preview:-1\" \/>\n<link rel=\"canonical\" href=\"https:\/\/transportjournal.com\/fr\/2026\/03\/11\/energie-solaire-flottante-au-port-de-bilbao\/\" \/>\n<meta property=\"og:locale\" content=\"fr_FR\" \/>\n<meta property=\"og:type\" content=\"article\" \/>\n<meta property=\"og:title\" content=\"\u00c9nergie solaire flottante au port de Bilbao - ITJ | International Transport Journal\" \/>\n<meta property=\"og:description\" content=\"Landatu Solar a lanc\u00e9 un projet pilote \u00e0 Bilbao pour tester l&#039;efficacit\u00e9 des solutions d&#039;\u00e9nergie solaire flottante dans un environnement marin r\u00e9el.\" \/>\n<meta property=\"og:url\" content=\"https:\/\/transportjournal.com\/fr\/2026\/03\/11\/energie-solaire-flottante-au-port-de-bilbao\/\" \/>\n<meta property=\"og:site_name\" content=\"ITJ | International Transport Journal\" \/>\n<meta property=\"article:published_time\" content=\"2026-03-11T12:00:52+00:00\" \/>\n<meta property=\"og:image\" content=\"https:\/\/transportjournal.com\/wp-content\/uploads\/sites\/2\/2026\/03\/LandatuSolar_SEAMOD_1-scaled-aspect-ratio-1400-788-scaled-1.jpg\" \/>\n\t<meta property=\"og:image:width\" content=\"2560\" \/>\n\t<meta property=\"og:image:height\" content=\"1441\" \/>\n\t<meta property=\"og:image:type\" content=\"image\/jpeg\" \/>\n<meta name=\"author\" content=\"Jeremy Soland\" \/>\n<meta name=\"twitter:card\" content=\"summary_large_image\" \/>\n<meta name=\"twitter:label1\" content=\"\u00c9crit par\" \/>\n\t<meta name=\"twitter:data1\" content=\"Jeremy Soland\" \/>\n\t<meta name=\"twitter:label2\" content=\"Dur\u00e9e de lecture estim\u00e9e\" \/>\n\t<meta name=\"twitter:data2\" content=\"1 minute\" \/>\n<script type=\"application\/ld+json\" class=\"yoast-schema-graph\">{\"@context\":\"https:\\\/\\\/schema.org\",\"@graph\":[{\"@type\":\"Article\",\"@id\":\"https:\\\/\\\/transportjournal.com\\\/fr\\\/2026\\\/03\\\/11\\\/energie-solaire-flottante-au-port-de-bilbao\\\/#article\",\"isPartOf\":{\"@id\":\"https:\\\/\\\/transportjournal.com\\\/fr\\\/2026\\\/03\\\/11\\\/energie-solaire-flottante-au-port-de-bilbao\\\/\"},\"author\":{\"name\":\"Jeremy Soland\",\"@id\":\"https:\\\/\\\/transportjournal.com\\\/fr\\\/#\\\/schema\\\/person\\\/41d36b5474b623392fa613e97e2363fa\"},\"headline\":\"\u00c9nergie solaire flottante au port de Bilbao\",\"datePublished\":\"2026-03-11T12:00:52+00:00\",\"mainEntityOfPage\":{\"@id\":\"https:\\\/\\\/transportjournal.com\\\/fr\\\/2026\\\/03\\\/11\\\/energie-solaire-flottante-au-port-de-bilbao\\\/\"},\"wordCount\":283,\"commentCount\":0,\"publisher\":{\"@id\":\"https:\\\/\\\/transportjournal.com\\\/fr\\\/#organization\"},\"image\":{\"@id\":\"https:\\\/\\\/transportjournal.com\\\/fr\\\/2026\\\/03\\\/11\\\/energie-solaire-flottante-au-port-de-bilbao\\\/#primaryimage\"},\"thumbnailUrl\":\"https:\\\/\\\/transportjournal.com\\\/wp-content\\\/uploads\\\/sites\\\/2\\\/2026\\\/03\\\/LandatuSolar_SEAMOD_1-scaled-aspect-ratio-1400-788-scaled-1.jpg\",\"keywords\":[\"adaptabilit\u00e9 des installations solaires\",\"adaptability of solar installations\",\"anchoring systems\",\"Anpassungsf\u00e4higkeit von Solaranlagen\",\"charges de vagues\",\"complexit\u00e9 logistique\",\"conclusions techniques\",\"d\u00e9fis de l'environnement marin\",\"Deutsch schwimmende Solarenergie\",\"efficacit\u00e9 \u00e9nerg\u00e9tique dans les ports\",\"\u00e9nergie \u00e9olienne offshore\",\"Energieeffizienz im Hafen\",\"Energiewende im maritimen Bereich\",\"energy efficiency in ports\",\"energy transition in maritime sector\",\"erneuerbare Energien\",\"Hafen von Bilbao\",\"Herausforderungen der Meeresumgebung\",\"innovative Energietechnologien English floating solar energy\",\"innovative energy technologies Fran\u00e7ais \u00e9nergie solaire flottante\",\"Landatu Solar\",\"logistical complexity\",\"logistische Komplexit\u00e4t\",\"marine environment challenges\",\"maritime energy solutions\",\"maritime L\u00f6sungen\",\"modular membrane structure\",\"modulare Membranstruktur\",\"nachhaltige Energiequellen\",\"offshore photovoltaic\",\"offshore wind energy\",\"Offshore-Photovoltaik\",\"Offshore-Windenergie\",\"photovolta\u00efque offshore\",\"Pilotprojekt Solarenergie\",\"port de Bilbao\",\"Port of Bilbao\",\"projet pilote d'\u00e9nergie solaire\",\"projet Seamod\",\"renewable energy solutions\",\"Seamod project\",\"Seamod-Projekt\",\"solar energy pilot project\",\"solutions \u00e9nerg\u00e9tiques maritimes\",\"solutions \u00e9nerg\u00e9tiques renouvelables\",\"sources d'\u00e9nergie durables\",\"structure en membrane modulaire\",\"sustainable energy sources\",\"syst\u00e8mes d'ancrage\",\"technical conclusions\",\"technische Schlussfolgerungen\",\"technologies \u00e9nerg\u00e9tiques innovantes\",\"transition \u00e9nerg\u00e9tique dans le secteur maritime\",\"Verankerungssysteme\",\"wave loads\",\"Wellenlasten\"],\"articleSection\":[\"L'Europe\",\"Transport maritime et ports\"],\"inLanguage\":\"fr-FR\",\"potentialAction\":[{\"@type\":\"CommentAction\",\"name\":\"Comment\",\"target\":[\"https:\\\/\\\/transportjournal.com\\\/fr\\\/2026\\\/03\\\/11\\\/energie-solaire-flottante-au-port-de-bilbao\\\/#respond\"]}]},{\"@type\":\"WebPage\",\"@id\":\"https:\\\/\\\/transportjournal.com\\\/fr\\\/2026\\\/03\\\/11\\\/energie-solaire-flottante-au-port-de-bilbao\\\/\",\"url\":\"https:\\\/\\\/transportjournal.com\\\/fr\\\/2026\\\/03\\\/11\\\/energie-solaire-flottante-au-port-de-bilbao\\\/\",\"name\":\"\u00c9nergie solaire flottante au port de Bilbao - ITJ | International Transport Journal\",\"isPartOf\":{\"@id\":\"https:\\\/\\\/transportjournal.com\\\/fr\\\/#website\"},\"primaryImageOfPage\":{\"@id\":\"https:\\\/\\\/transportjournal.com\\\/fr\\\/2026\\\/03\\\/11\\\/energie-solaire-flottante-au-port-de-bilbao\\\/#primaryimage\"},\"image\":{\"@id\":\"https:\\\/\\\/transportjournal.com\\\/fr\\\/2026\\\/03\\\/11\\\/energie-solaire-flottante-au-port-de-bilbao\\\/#primaryimage\"},\"thumbnailUrl\":\"https:\\\/\\\/transportjournal.com\\\/wp-content\\\/uploads\\\/sites\\\/2\\\/2026\\\/03\\\/LandatuSolar_SEAMOD_1-scaled-aspect-ratio-1400-788-scaled-1.jpg\",\"datePublished\":\"2026-03-11T12:00:52+00:00\",\"breadcrumb\":{\"@id\":\"https:\\\/\\\/transportjournal.com\\\/fr\\\/2026\\\/03\\\/11\\\/energie-solaire-flottante-au-port-de-bilbao\\\/#breadcrumb\"},\"inLanguage\":\"fr-FR\",\"potentialAction\":[{\"@type\":\"ReadAction\",\"target\":[\"https:\\\/\\\/transportjournal.com\\\/fr\\\/2026\\\/03\\\/11\\\/energie-solaire-flottante-au-port-de-bilbao\\\/\"]}]},{\"@type\":\"ImageObject\",\"inLanguage\":\"fr-FR\",\"@id\":\"https:\\\/\\\/transportjournal.com\\\/fr\\\/2026\\\/03\\\/11\\\/energie-solaire-flottante-au-port-de-bilbao\\\/#primaryimage\",\"url\":\"https:\\\/\\\/transportjournal.com\\\/wp-content\\\/uploads\\\/sites\\\/2\\\/2026\\\/03\\\/LandatuSolar_SEAMOD_1-scaled-aspect-ratio-1400-788-scaled-1.jpg\",\"contentUrl\":\"https:\\\/\\\/transportjournal.com\\\/wp-content\\\/uploads\\\/sites\\\/2\\\/2026\\\/03\\\/LandatuSolar_SEAMOD_1-scaled-aspect-ratio-1400-788-scaled-1.jpg\",\"width\":2560,\"height\":1441},{\"@type\":\"BreadcrumbList\",\"@id\":\"https:\\\/\\\/transportjournal.com\\\/fr\\\/2026\\\/03\\\/11\\\/energie-solaire-flottante-au-port-de-bilbao\\\/#breadcrumb\",\"itemListElement\":[{\"@type\":\"ListItem\",\"position\":1,\"name\":\"Startseite\",\"item\":\"https:\\\/\\\/transportjournal.com\\\/fr\\\/\"},{\"@type\":\"ListItem\",\"position\":2,\"name\":\"\u00c9nergie solaire flottante au port de Bilbao\"}]},{\"@type\":\"WebSite\",\"@id\":\"https:\\\/\\\/transportjournal.com\\\/fr\\\/#website\",\"url\":\"https:\\\/\\\/transportjournal.com\\\/fr\\\/\",\"name\":\"ITJ | International Transport Journal\",\"description\":\"Restez inform\u00e9 des derni\u00e8res nouvelles mondiales dans les secteurs du transport, de la logistique et de la cha\u00eene d'approvisionnement. Transport Journal fournit des informations d'experts, des analyses et des mises \u00e0 jour sur le transport maritime, l'aviation, l'intermodalit\u00e9 et l'exp\u00e9dition. \",\"publisher\":{\"@id\":\"https:\\\/\\\/transportjournal.com\\\/fr\\\/#organization\"},\"potentialAction\":[{\"@type\":\"SearchAction\",\"target\":{\"@type\":\"EntryPoint\",\"urlTemplate\":\"https:\\\/\\\/transportjournal.com\\\/fr\\\/?s={search_term_string}\"},\"query-input\":{\"@type\":\"PropertyValueSpecification\",\"valueRequired\":true,\"valueName\":\"search_term_string\"}}],\"inLanguage\":\"fr-FR\"},{\"@type\":\"Organization\",\"@id\":\"https:\\\/\\\/transportjournal.com\\\/fr\\\/#organization\",\"name\":\"Groupe Logismedia AG\",\"alternateName\":\"Logismedia Group AG\",\"url\":\"https:\\\/\\\/transportjournal.com\\\/fr\\\/\",\"logo\":{\"@type\":\"ImageObject\",\"inLanguage\":\"fr-FR\",\"@id\":\"https:\\\/\\\/transportjournal.com\\\/fr\\\/#\\\/schema\\\/logo\\\/image\\\/\",\"url\":\"https:\\\/\\\/transportjournal.com\\\/wp-content\\\/uploads\\\/sites\\\/2\\\/2025\\\/09\\\/Logo_ITJ.png\",\"contentUrl\":\"https:\\\/\\\/transportjournal.com\\\/wp-content\\\/uploads\\\/sites\\\/2\\\/2025\\\/09\\\/Logo_ITJ.png\",\"width\":799,\"height\":326,\"caption\":\"Groupe Logismedia AG\"},\"image\":{\"@id\":\"https:\\\/\\\/transportjournal.com\\\/fr\\\/#\\\/schema\\\/logo\\\/image\\\/\"},\"sameAs\":[\"https:\\\/\\\/www.linkedin.com\\\/company\\\/56456496\\\/admin\\\/dashboard\\\/\",\"https:\\\/\\\/www.instagram.com\\\/logismediagroup\\\/\",\"https:\\\/\\\/www.youtube.com\\\/@LogiamediaGroupAG\"]},{\"@type\":\"Person\",\"@id\":\"https:\\\/\\\/transportjournal.com\\\/fr\\\/#\\\/schema\\\/person\\\/41d36b5474b623392fa613e97e2363fa\",\"name\":\"Jeremy Soland\",\"url\":\"https:\\\/\\\/transportjournal.com\\\/fr\\\/author\\\/jeremy\\\/\"}]}<\/script>\n<!-- \/ Yoast SEO plugin. -->","yoast_head_json":{"title":"\u00c9nergie solaire flottante au port de Bilbao - ITJ | International Transport Journal","robots":{"index":"index","follow":"follow","max-snippet":"max-snippet:-1","max-image-preview":"max-image-preview:large","max-video-preview":"max-video-preview:-1"},"canonical":"https:\/\/transportjournal.com\/fr\/2026\/03\/11\/energie-solaire-flottante-au-port-de-bilbao\/","og_locale":"fr_FR","og_type":"article","og_title":"\u00c9nergie solaire flottante au port de Bilbao - ITJ | International Transport Journal","og_description":"Landatu Solar a lanc\u00e9 un projet pilote \u00e0 Bilbao pour tester l'efficacit\u00e9 des solutions d'\u00e9nergie solaire flottante dans un environnement marin r\u00e9el.","og_url":"https:\/\/transportjournal.com\/fr\/2026\/03\/11\/energie-solaire-flottante-au-port-de-bilbao\/","og_site_name":"ITJ | International Transport Journal","article_published_time":"2026-03-11T12:00:52+00:00","og_image":[{"width":2560,"height":1441,"url":"https:\/\/transportjournal.com\/wp-content\/uploads\/sites\/2\/2026\/03\/LandatuSolar_SEAMOD_1-scaled-aspect-ratio-1400-788-scaled-1.jpg","type":"image\/jpeg"}],"author":"Jeremy Soland","twitter_card":"summary_large_image","twitter_misc":{"\u00c9crit par":"Jeremy Soland","Dur\u00e9e de lecture estim\u00e9e":"1 minute"},"schema":{"@context":"https:\/\/schema.org","@graph":[{"@type":"Article","@id":"https:\/\/transportjournal.com\/fr\/2026\/03\/11\/energie-solaire-flottante-au-port-de-bilbao\/#article","isPartOf":{"@id":"https:\/\/transportjournal.com\/fr\/2026\/03\/11\/energie-solaire-flottante-au-port-de-bilbao\/"},"author":{"name":"Jeremy Soland","@id":"https:\/\/transportjournal.com\/fr\/#\/schema\/person\/41d36b5474b623392fa613e97e2363fa"},"headline":"\u00c9nergie solaire flottante au port de Bilbao","datePublished":"2026-03-11T12:00:52+00:00","mainEntityOfPage":{"@id":"https:\/\/transportjournal.com\/fr\/2026\/03\/11\/energie-solaire-flottante-au-port-de-bilbao\/"},"wordCount":283,"commentCount":0,"publisher":{"@id":"https:\/\/transportjournal.com\/fr\/#organization"},"image":{"@id":"https:\/\/transportjournal.com\/fr\/2026\/03\/11\/energie-solaire-flottante-au-port-de-bilbao\/#primaryimage"},"thumbnailUrl":"https:\/\/transportjournal.com\/wp-content\/uploads\/sites\/2\/2026\/03\/LandatuSolar_SEAMOD_1-scaled-aspect-ratio-1400-788-scaled-1.jpg","keywords":["adaptabilit\u00e9 des installations solaires","adaptability of solar installations","anchoring systems","Anpassungsf\u00e4higkeit von Solaranlagen","charges de vagues","complexit\u00e9 logistique","conclusions techniques","d\u00e9fis de l'environnement marin","Deutsch schwimmende Solarenergie","efficacit\u00e9 \u00e9nerg\u00e9tique dans les ports","\u00e9nergie \u00e9olienne offshore","Energieeffizienz im Hafen","Energiewende im maritimen Bereich","energy efficiency in ports","energy transition in maritime sector","erneuerbare Energien","Hafen von Bilbao","Herausforderungen der Meeresumgebung","innovative Energietechnologien English floating solar energy","innovative energy technologies Fran\u00e7ais \u00e9nergie solaire flottante","Landatu Solar","logistical complexity","logistische Komplexit\u00e4t","marine environment challenges","maritime energy solutions","maritime L\u00f6sungen","modular membrane structure","modulare Membranstruktur","nachhaltige Energiequellen","offshore photovoltaic","offshore wind energy","Offshore-Photovoltaik","Offshore-Windenergie","photovolta\u00efque offshore","Pilotprojekt Solarenergie","port de Bilbao","Port of Bilbao","projet pilote d'\u00e9nergie solaire","projet Seamod","renewable energy solutions","Seamod project","Seamod-Projekt","solar energy pilot project","solutions \u00e9nerg\u00e9tiques maritimes","solutions \u00e9nerg\u00e9tiques renouvelables","sources d'\u00e9nergie durables","structure en membrane modulaire","sustainable energy sources","syst\u00e8mes d'ancrage","technical conclusions","technische Schlussfolgerungen","technologies \u00e9nerg\u00e9tiques innovantes","transition \u00e9nerg\u00e9tique dans le secteur maritime","Verankerungssysteme","wave loads","Wellenlasten"],"articleSection":["L'Europe","Transport maritime et ports"],"inLanguage":"fr-FR","potentialAction":[{"@type":"CommentAction","name":"Comment","target":["https:\/\/transportjournal.com\/fr\/2026\/03\/11\/energie-solaire-flottante-au-port-de-bilbao\/#respond"]}]},{"@type":"WebPage","@id":"https:\/\/transportjournal.com\/fr\/2026\/03\/11\/energie-solaire-flottante-au-port-de-bilbao\/","url":"https:\/\/transportjournal.com\/fr\/2026\/03\/11\/energie-solaire-flottante-au-port-de-bilbao\/","name":"\u00c9nergie solaire flottante au port de Bilbao - ITJ | International Transport Journal","isPartOf":{"@id":"https:\/\/transportjournal.com\/fr\/#website"},"primaryImageOfPage":{"@id":"https:\/\/transportjournal.com\/fr\/2026\/03\/11\/energie-solaire-flottante-au-port-de-bilbao\/#primaryimage"},"image":{"@id":"https:\/\/transportjournal.com\/fr\/2026\/03\/11\/energie-solaire-flottante-au-port-de-bilbao\/#primaryimage"},"thumbnailUrl":"https:\/\/transportjournal.com\/wp-content\/uploads\/sites\/2\/2026\/03\/LandatuSolar_SEAMOD_1-scaled-aspect-ratio-1400-788-scaled-1.jpg","datePublished":"2026-03-11T12:00:52+00:00","breadcrumb":{"@id":"https:\/\/transportjournal.com\/fr\/2026\/03\/11\/energie-solaire-flottante-au-port-de-bilbao\/#breadcrumb"},"inLanguage":"fr-FR","potentialAction":[{"@type":"ReadAction","target":["https:\/\/transportjournal.com\/fr\/2026\/03\/11\/energie-solaire-flottante-au-port-de-bilbao\/"]}]},{"@type":"ImageObject","inLanguage":"fr-FR","@id":"https:\/\/transportjournal.com\/fr\/2026\/03\/11\/energie-solaire-flottante-au-port-de-bilbao\/#primaryimage","url":"https:\/\/transportjournal.com\/wp-content\/uploads\/sites\/2\/2026\/03\/LandatuSolar_SEAMOD_1-scaled-aspect-ratio-1400-788-scaled-1.jpg","contentUrl":"https:\/\/transportjournal.com\/wp-content\/uploads\/sites\/2\/2026\/03\/LandatuSolar_SEAMOD_1-scaled-aspect-ratio-1400-788-scaled-1.jpg","width":2560,"height":1441},{"@type":"BreadcrumbList","@id":"https:\/\/transportjournal.com\/fr\/2026\/03\/11\/energie-solaire-flottante-au-port-de-bilbao\/#breadcrumb","itemListElement":[{"@type":"ListItem","position":1,"name":"Startseite","item":"https:\/\/transportjournal.com\/fr\/"},{"@type":"ListItem","position":2,"name":"\u00c9nergie solaire flottante au port de Bilbao"}]},{"@type":"WebSite","@id":"https:\/\/transportjournal.com\/fr\/#website","url":"https:\/\/transportjournal.com\/fr\/","name":"ITJ | International Transport Journal","description":"Restez inform\u00e9 des derni\u00e8res nouvelles mondiales dans les secteurs du transport, de la logistique et de la cha\u00eene d'approvisionnement. Transport Journal fournit des informations d'experts, des analyses et des mises \u00e0 jour sur le transport maritime, l'aviation, l'intermodalit\u00e9 et l'exp\u00e9dition. ","publisher":{"@id":"https:\/\/transportjournal.com\/fr\/#organization"},"potentialAction":[{"@type":"SearchAction","target":{"@type":"EntryPoint","urlTemplate":"https:\/\/transportjournal.com\/fr\/?s={search_term_string}"},"query-input":{"@type":"PropertyValueSpecification","valueRequired":true,"valueName":"search_term_string"}}],"inLanguage":"fr-FR"},{"@type":"Organization","@id":"https:\/\/transportjournal.com\/fr\/#organization","name":"Groupe Logismedia AG","alternateName":"Logismedia Group AG","url":"https:\/\/transportjournal.com\/fr\/","logo":{"@type":"ImageObject","inLanguage":"fr-FR","@id":"https:\/\/transportjournal.com\/fr\/#\/schema\/logo\/image\/","url":"https:\/\/transportjournal.com\/wp-content\/uploads\/sites\/2\/2025\/09\/Logo_ITJ.png","contentUrl":"https:\/\/transportjournal.com\/wp-content\/uploads\/sites\/2\/2025\/09\/Logo_ITJ.png","width":799,"height":326,"caption":"Groupe Logismedia AG"},"image":{"@id":"https:\/\/transportjournal.com\/fr\/#\/schema\/logo\/image\/"},"sameAs":["https:\/\/www.linkedin.com\/company\/56456496\/admin\/dashboard\/","https:\/\/www.instagram.com\/logismediagroup\/","https:\/\/www.youtube.com\/@LogiamediaGroupAG"]},{"@type":"Person","@id":"https:\/\/transportjournal.com\/fr\/#\/schema\/person\/41d36b5474b623392fa613e97e2363fa","name":"Jeremy Soland","url":"https:\/\/transportjournal.com\/fr\/author\/jeremy\/"}]}},"_links":{"self":[{"href":"https:\/\/transportjournal.com\/fr\/wp-json\/wp\/v2\/posts\/80393","targetHints":{"allow":["GET"]}}],"collection":[{"href":"https:\/\/transportjournal.com\/fr\/wp-json\/wp\/v2\/posts"}],"about":[{"href":"https:\/\/transportjournal.com\/fr\/wp-json\/wp\/v2\/types\/post"}],"author":[{"embeddable":true,"href":"https:\/\/transportjournal.com\/fr\/wp-json\/wp\/v2\/users\/10"}],"replies":[{"embeddable":true,"href":"https:\/\/transportjournal.com\/fr\/wp-json\/wp\/v2\/comments?post=80393"}],"version-history":[{"count":0,"href":"https:\/\/transportjournal.com\/fr\/wp-json\/wp\/v2\/posts\/80393\/revisions"}],"wp:featuredmedia":[{"embeddable":true,"href":"https:\/\/transportjournal.com\/fr\/wp-json\/wp\/v2\/media\/80391"}],"wp:attachment":[{"href":"https:\/\/transportjournal.com\/fr\/wp-json\/wp\/v2\/media?parent=80393"}],"wp:term":[{"taxonomy":"category","embeddable":true,"href":"https:\/\/transportjournal.com\/fr\/wp-json\/wp\/v2\/categories?post=80393"},{"taxonomy":"post_tag","embeddable":true,"href":"https:\/\/transportjournal.com\/fr\/wp-json\/wp\/v2\/tags?post=80393"}],"curies":[{"name":"wp","href":"https:\/\/api.w.org\/{rel}","templated":true}]}}