{"id":80377,"date":"2026-03-11T11:24:39","date_gmt":"2026-03-11T11:24:39","guid":{"rendered":"https:\/\/transportjournal.com\/2026\/03\/11\/partenariat-technologique-entre-jlt-et-quad\/"},"modified":"2026-03-11T11:24:39","modified_gmt":"2026-03-11T11:24:39","slug":"partenariat-technologique-entre-jlt-et-quad","status":"publish","type":"post","link":"https:\/\/transportjournal.com\/fr\/2026\/03\/11\/partenariat-technologique-entre-jlt-et-quad\/","title":{"rendered":"Partenariat technologique entre JLT et QUAD"},"content":{"rendered":"<p>JLT Mobile Computers a annonc\u00e9 un partenariat avec QUAD GmbH Advanced Systems. Cette coop\u00e9ration vise \u00e0 \u00e9tendre la pr\u00e9sence de JLT sur le march\u00e9 DACH, comme l&#8217;indique l&#8217;entreprise. En combinant des technologies avec l&#8217;expertise du march\u00e9 et les comp\u00e9tences en int\u00e9gration de syst\u00e8mes de QUAD, un meilleur soutien pour la client\u00e8le de la r\u00e9gion sera assur\u00e9.<\/p>\n<h3>Extension du portefeuille de produits<\/h3>\n<p>Ce partenariat permet, selon JLT Mobile Computers, aux int\u00e9grateurs de syst\u00e8mes et aux revendeurs d&#8217;Europe germanophone d&#8217;acc\u00e9der \u00e0 un portefeuille de terminaux pour v\u00e9hicules et chariots \u00e9l\u00e9vateurs. Ces produits sont con\u00e7us pour diverses applications dans les domaines de la logistique, de la fabrication, du transport, du stockage et dans des secteurs industriels tels que les ports. QUAD GmbH prendra en charge le conseil local, l&#8217;int\u00e9gration de syst\u00e8mes et le support client dans le cadre de cette collaboration. Les entreprises pr\u00e9voient, selon leurs propres d\u00e9clarations, de renforcer davantage leur coop\u00e9ration.<\/p>\n<p><a href=\"https:\/\/jltmobile.com\/\" target=\"_blank\" rel=\"noopener noreferrer\">www.jltmobile.com<\/a><\/p>\n","protected":false},"excerpt":{"rendered":"<p>JLT Mobile Computers et la soci\u00e9t\u00e9 QUAD GmbH ont \u00e9tabli un partenariat pour renforcer leur pr\u00e9sence sur le march\u00e9 dans la r\u00e9gion DACH gr\u00e2ce \u00e0 des technologies.<\/p>\n","protected":false},"author":10,"featured_media":80375,"comment_status":"open","ping_status":"","sticky":false,"template":"","format":"standard","meta":{"_acf_changed":false,"footnotes":""},"categories":[9092,1581,1587,9093,11110],"tags":[25828,25829,25830,18316,25831,4558,25832,6203,6205,25833,25834,25835,25836,2700,25837,25838,25839,2909,25840,25841,2125,25842,25843,25844,2133,4028,1831,1855,2622,25845,1800,25846,2925,25847,25848,25849,9946,2929,2148,25850,25851,4585,25852,25853,2731,4035,25854,2641,25855,25856,6222,25857,25858,2155,1837,25859],"class_list":["post-80377","post","type-post","status-publish","format-standard","has-post-thumbnail","hentry","category-deutschland","category-expedition-et-logistique","category-leurope","category-oesterreich","category-schweiz","tag-accroitre-la-presence-sur-le-marche","tag-applications-industrielles","tag-conseil-regional","tag-customer-support","tag-dach-raum","tag-dach-region","tag-deutsch-jlt-mobile-computers","tag-digital-technologies","tag-digitale-technologien","tag-digitalisierung-in-der-industrie","tag-digitalization-in-industry","tag-elargir-le-portefeuille-de-produits","tag-expand-product-portfolio","tag-fachkraeftemangel-in-der-logistik","tag-fahrzeugterminals","tag-forklift-terminals","tag-gabelstapler-terminals","tag-hafenbetrieb","tag-increase-market-presence","tag-industrial-applications","tag-industrie-du-transport","tag-industrielle-anwendungen","tag-integration-de-systemes","tag-kundensupport","tag-logistics-service-providers","tag-logistics-solutions","tag-logistikdienstleister","tag-logistikloesungen","tag-logistique-durable","tag-marktpraesenz-erhoehen","tag-nachhaltige-logistik","tag-numerisation-dans-lindustrie","tag-operations-portuaires","tag-partenariat-en-europe","tag-partnerschaft-in-europa","tag-partnership-in-europe","tag-penurie-de-competences-en-logistique","tag-port-operations","tag-prestataires-de-services-logistiques","tag-produktportfolio-erweitern","tag-quad-gmbh","tag-region-dach","tag-regional-consulting-francais-jlt-mobile-computers","tag-regionale-beratung-english-jlt-mobile-computers","tag-skills-shortage-in-logistics","tag-solutions-logistiques","tag-support-client","tag-sustainable-logistics","tag-system-integration","tag-systemintegration","tag-technologies-numeriques","tag-terminaux-de-chariots-elevateurs","tag-terminaux-de-vehicules","tag-transport-industry","tag-transportwirtschaft","tag-vehicle-terminals"],"acf":[],"yoast_head":"<!-- This site is optimized with the Yoast SEO plugin v27.3 - https:\/\/yoast.com\/product\/yoast-seo-wordpress\/ -->\n<title>Partenariat technologique entre JLT et QUAD - ITJ | International Transport Journal<\/title>\n<meta name=\"robots\" content=\"index, follow, max-snippet:-1, max-image-preview:large, max-video-preview:-1\" \/>\n<link rel=\"canonical\" href=\"https:\/\/transportjournal.com\/fr\/2026\/03\/11\/partenariat-technologique-entre-jlt-et-quad\/\" \/>\n<meta property=\"og:locale\" content=\"fr_FR\" \/>\n<meta property=\"og:type\" content=\"article\" \/>\n<meta property=\"og:title\" content=\"Partenariat technologique entre JLT et QUAD - ITJ | International Transport Journal\" \/>\n<meta property=\"og:description\" content=\"JLT Mobile Computers et la soci\u00e9t\u00e9 QUAD GmbH ont \u00e9tabli un partenariat pour renforcer leur pr\u00e9sence sur le march\u00e9 dans la r\u00e9gion DACH gr\u00e2ce \u00e0 des technologies.\" \/>\n<meta property=\"og:url\" content=\"https:\/\/transportjournal.com\/fr\/2026\/03\/11\/partenariat-technologique-entre-jlt-et-quad\/\" \/>\n<meta property=\"og:site_name\" content=\"ITJ | International Transport Journal\" \/>\n<meta property=\"article:published_time\" content=\"2026-03-11T11:24:39+00:00\" \/>\n<meta property=\"og:image\" content=\"https:\/\/transportjournal.com\/wp-content\/uploads\/sites\/2\/2026\/03\/image1-aspect-ratio-1400-788.png\" \/>\n\t<meta property=\"og:image:width\" content=\"795\" \/>\n\t<meta property=\"og:image:height\" content=\"447\" \/>\n\t<meta property=\"og:image:type\" content=\"image\/png\" \/>\n<meta name=\"author\" content=\"Jeremy Soland\" \/>\n<meta name=\"twitter:card\" content=\"summary_large_image\" \/>\n<meta name=\"twitter:label1\" content=\"\u00c9crit par\" \/>\n\t<meta name=\"twitter:data1\" content=\"Jeremy Soland\" \/>\n\t<meta name=\"twitter:label2\" content=\"Dur\u00e9e de lecture estim\u00e9e\" \/>\n\t<meta name=\"twitter:data2\" content=\"1 minute\" \/>\n<script type=\"application\/ld+json\" class=\"yoast-schema-graph\">{\"@context\":\"https:\\\/\\\/schema.org\",\"@graph\":[{\"@type\":\"Article\",\"@id\":\"https:\\\/\\\/transportjournal.com\\\/fr\\\/2026\\\/03\\\/11\\\/partenariat-technologique-entre-jlt-et-quad\\\/#article\",\"isPartOf\":{\"@id\":\"https:\\\/\\\/transportjournal.com\\\/fr\\\/2026\\\/03\\\/11\\\/partenariat-technologique-entre-jlt-et-quad\\\/\"},\"author\":{\"name\":\"Jeremy Soland\",\"@id\":\"https:\\\/\\\/transportjournal.com\\\/fr\\\/#\\\/schema\\\/person\\\/41d36b5474b623392fa613e97e2363fa\"},\"headline\":\"Partenariat technologique entre JLT et QUAD\",\"datePublished\":\"2026-03-11T11:24:39+00:00\",\"mainEntityOfPage\":{\"@id\":\"https:\\\/\\\/transportjournal.com\\\/fr\\\/2026\\\/03\\\/11\\\/partenariat-technologique-entre-jlt-et-quad\\\/\"},\"wordCount\":181,\"commentCount\":0,\"publisher\":{\"@id\":\"https:\\\/\\\/transportjournal.com\\\/fr\\\/#organization\"},\"image\":{\"@id\":\"https:\\\/\\\/transportjournal.com\\\/fr\\\/2026\\\/03\\\/11\\\/partenariat-technologique-entre-jlt-et-quad\\\/#primaryimage\"},\"thumbnailUrl\":\"https:\\\/\\\/transportjournal.com\\\/wp-content\\\/uploads\\\/sites\\\/2\\\/2026\\\/03\\\/image1-aspect-ratio-1400-788.png\",\"keywords\":[\"accro\u00eetre la pr\u00e9sence sur le march\u00e9\",\"applications industrielles\",\"conseil r\u00e9gional\",\"customer support\",\"DACH-Raum\",\"DACH-Region\",\"Deutsch JLT Mobile Computers\",\"digital technologies\",\"digitale Technologien\",\"Digitalisierung in der Industrie\",\"digitalization in industry\",\"\u00e9largir le portefeuille de produits\",\"expand product portfolio\",\"Fachkr\u00e4ftemangel in der Logistik\",\"Fahrzeugterminals\",\"forklift terminals\",\"Gabelstapler-Terminals\",\"Hafenbetrieb\",\"increase market presence\",\"industrial applications\",\"industrie du transport\",\"industrielle Anwendungen\",\"int\u00e9gration de syst\u00e8mes\",\"Kundensupport\",\"logistics service providers\",\"logistics solutions\",\"Logistikdienstleister\",\"Logistikl\u00f6sungen\",\"logistique durable\",\"Marktpr\u00e4senz erh\u00f6hen\",\"nachhaltige Logistik\",\"num\u00e9risation dans l'industrie\",\"op\u00e9rations portuaires\",\"partenariat en Europe\",\"Partnerschaft in Europa\",\"partnership in Europe\",\"p\u00e9nurie de comp\u00e9tences en logistique\",\"port operations\",\"prestataires de services logistiques\",\"Produktportfolio erweitern\",\"QUAD GmbH\",\"r\u00e9gion DACH\",\"regional consulting Fran\u00e7ais JLT Mobile Computers\",\"regionale Beratung English JLT Mobile Computers\",\"skills shortage in logistics\",\"solutions logistiques\",\"support client\",\"sustainable logistics\",\"system integration\",\"Systemintegration\",\"technologies num\u00e9riques\",\"terminaux de chariots \u00e9l\u00e9vateurs\",\"terminaux de v\u00e9hicules\",\"transport industry\",\"Transportwirtschaft\",\"vehicle terminals\"],\"articleSection\":[\"Deutschland\",\"Exp\u00e9dition de fret et logistique\",\"L'Europe\",\"\u00d6sterreich\",\"Schweiz\"],\"inLanguage\":\"fr-FR\",\"potentialAction\":[{\"@type\":\"CommentAction\",\"name\":\"Comment\",\"target\":[\"https:\\\/\\\/transportjournal.com\\\/fr\\\/2026\\\/03\\\/11\\\/partenariat-technologique-entre-jlt-et-quad\\\/#respond\"]}]},{\"@type\":\"WebPage\",\"@id\":\"https:\\\/\\\/transportjournal.com\\\/fr\\\/2026\\\/03\\\/11\\\/partenariat-technologique-entre-jlt-et-quad\\\/\",\"url\":\"https:\\\/\\\/transportjournal.com\\\/fr\\\/2026\\\/03\\\/11\\\/partenariat-technologique-entre-jlt-et-quad\\\/\",\"name\":\"Partenariat technologique entre JLT et QUAD - ITJ | International Transport Journal\",\"isPartOf\":{\"@id\":\"https:\\\/\\\/transportjournal.com\\\/fr\\\/#website\"},\"primaryImageOfPage\":{\"@id\":\"https:\\\/\\\/transportjournal.com\\\/fr\\\/2026\\\/03\\\/11\\\/partenariat-technologique-entre-jlt-et-quad\\\/#primaryimage\"},\"image\":{\"@id\":\"https:\\\/\\\/transportjournal.com\\\/fr\\\/2026\\\/03\\\/11\\\/partenariat-technologique-entre-jlt-et-quad\\\/#primaryimage\"},\"thumbnailUrl\":\"https:\\\/\\\/transportjournal.com\\\/wp-content\\\/uploads\\\/sites\\\/2\\\/2026\\\/03\\\/image1-aspect-ratio-1400-788.png\",\"datePublished\":\"2026-03-11T11:24:39+00:00\",\"breadcrumb\":{\"@id\":\"https:\\\/\\\/transportjournal.com\\\/fr\\\/2026\\\/03\\\/11\\\/partenariat-technologique-entre-jlt-et-quad\\\/#breadcrumb\"},\"inLanguage\":\"fr-FR\",\"potentialAction\":[{\"@type\":\"ReadAction\",\"target\":[\"https:\\\/\\\/transportjournal.com\\\/fr\\\/2026\\\/03\\\/11\\\/partenariat-technologique-entre-jlt-et-quad\\\/\"]}]},{\"@type\":\"ImageObject\",\"inLanguage\":\"fr-FR\",\"@id\":\"https:\\\/\\\/transportjournal.com\\\/fr\\\/2026\\\/03\\\/11\\\/partenariat-technologique-entre-jlt-et-quad\\\/#primaryimage\",\"url\":\"https:\\\/\\\/transportjournal.com\\\/wp-content\\\/uploads\\\/sites\\\/2\\\/2026\\\/03\\\/image1-aspect-ratio-1400-788.png\",\"contentUrl\":\"https:\\\/\\\/transportjournal.com\\\/wp-content\\\/uploads\\\/sites\\\/2\\\/2026\\\/03\\\/image1-aspect-ratio-1400-788.png\",\"width\":795,\"height\":447},{\"@type\":\"BreadcrumbList\",\"@id\":\"https:\\\/\\\/transportjournal.com\\\/fr\\\/2026\\\/03\\\/11\\\/partenariat-technologique-entre-jlt-et-quad\\\/#breadcrumb\",\"itemListElement\":[{\"@type\":\"ListItem\",\"position\":1,\"name\":\"Startseite\",\"item\":\"https:\\\/\\\/transportjournal.com\\\/fr\\\/\"},{\"@type\":\"ListItem\",\"position\":2,\"name\":\"Partenariat technologique entre JLT et QUAD\"}]},{\"@type\":\"WebSite\",\"@id\":\"https:\\\/\\\/transportjournal.com\\\/fr\\\/#website\",\"url\":\"https:\\\/\\\/transportjournal.com\\\/fr\\\/\",\"name\":\"ITJ | International Transport Journal\",\"description\":\"Restez inform\u00e9 des derni\u00e8res nouvelles mondiales dans les secteurs du transport, de la logistique et de la cha\u00eene d'approvisionnement. Transport Journal fournit des informations d'experts, des analyses et des mises \u00e0 jour sur le transport maritime, l'aviation, l'intermodalit\u00e9 et l'exp\u00e9dition. \",\"publisher\":{\"@id\":\"https:\\\/\\\/transportjournal.com\\\/fr\\\/#organization\"},\"potentialAction\":[{\"@type\":\"SearchAction\",\"target\":{\"@type\":\"EntryPoint\",\"urlTemplate\":\"https:\\\/\\\/transportjournal.com\\\/fr\\\/?s={search_term_string}\"},\"query-input\":{\"@type\":\"PropertyValueSpecification\",\"valueRequired\":true,\"valueName\":\"search_term_string\"}}],\"inLanguage\":\"fr-FR\"},{\"@type\":\"Organization\",\"@id\":\"https:\\\/\\\/transportjournal.com\\\/fr\\\/#organization\",\"name\":\"Groupe Logismedia AG\",\"alternateName\":\"Logismedia Group AG\",\"url\":\"https:\\\/\\\/transportjournal.com\\\/fr\\\/\",\"logo\":{\"@type\":\"ImageObject\",\"inLanguage\":\"fr-FR\",\"@id\":\"https:\\\/\\\/transportjournal.com\\\/fr\\\/#\\\/schema\\\/logo\\\/image\\\/\",\"url\":\"https:\\\/\\\/transportjournal.com\\\/wp-content\\\/uploads\\\/sites\\\/2\\\/2025\\\/09\\\/Logo_ITJ.png\",\"contentUrl\":\"https:\\\/\\\/transportjournal.com\\\/wp-content\\\/uploads\\\/sites\\\/2\\\/2025\\\/09\\\/Logo_ITJ.png\",\"width\":799,\"height\":326,\"caption\":\"Groupe Logismedia AG\"},\"image\":{\"@id\":\"https:\\\/\\\/transportjournal.com\\\/fr\\\/#\\\/schema\\\/logo\\\/image\\\/\"},\"sameAs\":[\"https:\\\/\\\/www.linkedin.com\\\/company\\\/56456496\\\/admin\\\/dashboard\\\/\",\"https:\\\/\\\/www.instagram.com\\\/logismediagroup\\\/\",\"https:\\\/\\\/www.youtube.com\\\/@LogiamediaGroupAG\"]},{\"@type\":\"Person\",\"@id\":\"https:\\\/\\\/transportjournal.com\\\/fr\\\/#\\\/schema\\\/person\\\/41d36b5474b623392fa613e97e2363fa\",\"name\":\"Jeremy Soland\",\"url\":\"https:\\\/\\\/transportjournal.com\\\/fr\\\/author\\\/jeremy\\\/\"}]}<\/script>\n<!-- \/ Yoast SEO plugin. -->","yoast_head_json":{"title":"Partenariat technologique entre JLT et QUAD - ITJ | International Transport Journal","robots":{"index":"index","follow":"follow","max-snippet":"max-snippet:-1","max-image-preview":"max-image-preview:large","max-video-preview":"max-video-preview:-1"},"canonical":"https:\/\/transportjournal.com\/fr\/2026\/03\/11\/partenariat-technologique-entre-jlt-et-quad\/","og_locale":"fr_FR","og_type":"article","og_title":"Partenariat technologique entre JLT et QUAD - ITJ | International Transport Journal","og_description":"JLT Mobile Computers et la soci\u00e9t\u00e9 QUAD GmbH ont \u00e9tabli un partenariat pour renforcer leur pr\u00e9sence sur le march\u00e9 dans la r\u00e9gion DACH gr\u00e2ce \u00e0 des technologies.","og_url":"https:\/\/transportjournal.com\/fr\/2026\/03\/11\/partenariat-technologique-entre-jlt-et-quad\/","og_site_name":"ITJ | International Transport Journal","article_published_time":"2026-03-11T11:24:39+00:00","og_image":[{"width":795,"height":447,"url":"https:\/\/transportjournal.com\/wp-content\/uploads\/sites\/2\/2026\/03\/image1-aspect-ratio-1400-788.png","type":"image\/png"}],"author":"Jeremy Soland","twitter_card":"summary_large_image","twitter_misc":{"\u00c9crit par":"Jeremy Soland","Dur\u00e9e de lecture estim\u00e9e":"1 minute"},"schema":{"@context":"https:\/\/schema.org","@graph":[{"@type":"Article","@id":"https:\/\/transportjournal.com\/fr\/2026\/03\/11\/partenariat-technologique-entre-jlt-et-quad\/#article","isPartOf":{"@id":"https:\/\/transportjournal.com\/fr\/2026\/03\/11\/partenariat-technologique-entre-jlt-et-quad\/"},"author":{"name":"Jeremy Soland","@id":"https:\/\/transportjournal.com\/fr\/#\/schema\/person\/41d36b5474b623392fa613e97e2363fa"},"headline":"Partenariat technologique entre JLT et QUAD","datePublished":"2026-03-11T11:24:39+00:00","mainEntityOfPage":{"@id":"https:\/\/transportjournal.com\/fr\/2026\/03\/11\/partenariat-technologique-entre-jlt-et-quad\/"},"wordCount":181,"commentCount":0,"publisher":{"@id":"https:\/\/transportjournal.com\/fr\/#organization"},"image":{"@id":"https:\/\/transportjournal.com\/fr\/2026\/03\/11\/partenariat-technologique-entre-jlt-et-quad\/#primaryimage"},"thumbnailUrl":"https:\/\/transportjournal.com\/wp-content\/uploads\/sites\/2\/2026\/03\/image1-aspect-ratio-1400-788.png","keywords":["accro\u00eetre la pr\u00e9sence sur le march\u00e9","applications industrielles","conseil r\u00e9gional","customer support","DACH-Raum","DACH-Region","Deutsch JLT Mobile Computers","digital technologies","digitale Technologien","Digitalisierung in der Industrie","digitalization in industry","\u00e9largir le portefeuille de produits","expand product portfolio","Fachkr\u00e4ftemangel in der Logistik","Fahrzeugterminals","forklift terminals","Gabelstapler-Terminals","Hafenbetrieb","increase market presence","industrial applications","industrie du transport","industrielle Anwendungen","int\u00e9gration de syst\u00e8mes","Kundensupport","logistics service providers","logistics solutions","Logistikdienstleister","Logistikl\u00f6sungen","logistique durable","Marktpr\u00e4senz erh\u00f6hen","nachhaltige Logistik","num\u00e9risation dans l'industrie","op\u00e9rations portuaires","partenariat en Europe","Partnerschaft in Europa","partnership in Europe","p\u00e9nurie de comp\u00e9tences en logistique","port operations","prestataires de services logistiques","Produktportfolio erweitern","QUAD GmbH","r\u00e9gion DACH","regional consulting Fran\u00e7ais JLT Mobile Computers","regionale Beratung English JLT Mobile Computers","skills shortage in logistics","solutions logistiques","support client","sustainable logistics","system integration","Systemintegration","technologies num\u00e9riques","terminaux de chariots \u00e9l\u00e9vateurs","terminaux de v\u00e9hicules","transport industry","Transportwirtschaft","vehicle terminals"],"articleSection":["Deutschland","Exp\u00e9dition de fret et logistique","L'Europe","\u00d6sterreich","Schweiz"],"inLanguage":"fr-FR","potentialAction":[{"@type":"CommentAction","name":"Comment","target":["https:\/\/transportjournal.com\/fr\/2026\/03\/11\/partenariat-technologique-entre-jlt-et-quad\/#respond"]}]},{"@type":"WebPage","@id":"https:\/\/transportjournal.com\/fr\/2026\/03\/11\/partenariat-technologique-entre-jlt-et-quad\/","url":"https:\/\/transportjournal.com\/fr\/2026\/03\/11\/partenariat-technologique-entre-jlt-et-quad\/","name":"Partenariat technologique entre JLT et QUAD - ITJ | International Transport Journal","isPartOf":{"@id":"https:\/\/transportjournal.com\/fr\/#website"},"primaryImageOfPage":{"@id":"https:\/\/transportjournal.com\/fr\/2026\/03\/11\/partenariat-technologique-entre-jlt-et-quad\/#primaryimage"},"image":{"@id":"https:\/\/transportjournal.com\/fr\/2026\/03\/11\/partenariat-technologique-entre-jlt-et-quad\/#primaryimage"},"thumbnailUrl":"https:\/\/transportjournal.com\/wp-content\/uploads\/sites\/2\/2026\/03\/image1-aspect-ratio-1400-788.png","datePublished":"2026-03-11T11:24:39+00:00","breadcrumb":{"@id":"https:\/\/transportjournal.com\/fr\/2026\/03\/11\/partenariat-technologique-entre-jlt-et-quad\/#breadcrumb"},"inLanguage":"fr-FR","potentialAction":[{"@type":"ReadAction","target":["https:\/\/transportjournal.com\/fr\/2026\/03\/11\/partenariat-technologique-entre-jlt-et-quad\/"]}]},{"@type":"ImageObject","inLanguage":"fr-FR","@id":"https:\/\/transportjournal.com\/fr\/2026\/03\/11\/partenariat-technologique-entre-jlt-et-quad\/#primaryimage","url":"https:\/\/transportjournal.com\/wp-content\/uploads\/sites\/2\/2026\/03\/image1-aspect-ratio-1400-788.png","contentUrl":"https:\/\/transportjournal.com\/wp-content\/uploads\/sites\/2\/2026\/03\/image1-aspect-ratio-1400-788.png","width":795,"height":447},{"@type":"BreadcrumbList","@id":"https:\/\/transportjournal.com\/fr\/2026\/03\/11\/partenariat-technologique-entre-jlt-et-quad\/#breadcrumb","itemListElement":[{"@type":"ListItem","position":1,"name":"Startseite","item":"https:\/\/transportjournal.com\/fr\/"},{"@type":"ListItem","position":2,"name":"Partenariat technologique entre JLT et QUAD"}]},{"@type":"WebSite","@id":"https:\/\/transportjournal.com\/fr\/#website","url":"https:\/\/transportjournal.com\/fr\/","name":"ITJ | International Transport Journal","description":"Restez inform\u00e9 des derni\u00e8res nouvelles mondiales dans les secteurs du transport, de la logistique et de la cha\u00eene d'approvisionnement. Transport Journal fournit des informations d'experts, des analyses et des mises \u00e0 jour sur le transport maritime, l'aviation, l'intermodalit\u00e9 et l'exp\u00e9dition. ","publisher":{"@id":"https:\/\/transportjournal.com\/fr\/#organization"},"potentialAction":[{"@type":"SearchAction","target":{"@type":"EntryPoint","urlTemplate":"https:\/\/transportjournal.com\/fr\/?s={search_term_string}"},"query-input":{"@type":"PropertyValueSpecification","valueRequired":true,"valueName":"search_term_string"}}],"inLanguage":"fr-FR"},{"@type":"Organization","@id":"https:\/\/transportjournal.com\/fr\/#organization","name":"Groupe Logismedia AG","alternateName":"Logismedia Group AG","url":"https:\/\/transportjournal.com\/fr\/","logo":{"@type":"ImageObject","inLanguage":"fr-FR","@id":"https:\/\/transportjournal.com\/fr\/#\/schema\/logo\/image\/","url":"https:\/\/transportjournal.com\/wp-content\/uploads\/sites\/2\/2025\/09\/Logo_ITJ.png","contentUrl":"https:\/\/transportjournal.com\/wp-content\/uploads\/sites\/2\/2025\/09\/Logo_ITJ.png","width":799,"height":326,"caption":"Groupe Logismedia AG"},"image":{"@id":"https:\/\/transportjournal.com\/fr\/#\/schema\/logo\/image\/"},"sameAs":["https:\/\/www.linkedin.com\/company\/56456496\/admin\/dashboard\/","https:\/\/www.instagram.com\/logismediagroup\/","https:\/\/www.youtube.com\/@LogiamediaGroupAG"]},{"@type":"Person","@id":"https:\/\/transportjournal.com\/fr\/#\/schema\/person\/41d36b5474b623392fa613e97e2363fa","name":"Jeremy Soland","url":"https:\/\/transportjournal.com\/fr\/author\/jeremy\/"}]}},"_links":{"self":[{"href":"https:\/\/transportjournal.com\/fr\/wp-json\/wp\/v2\/posts\/80377","targetHints":{"allow":["GET"]}}],"collection":[{"href":"https:\/\/transportjournal.com\/fr\/wp-json\/wp\/v2\/posts"}],"about":[{"href":"https:\/\/transportjournal.com\/fr\/wp-json\/wp\/v2\/types\/post"}],"author":[{"embeddable":true,"href":"https:\/\/transportjournal.com\/fr\/wp-json\/wp\/v2\/users\/10"}],"replies":[{"embeddable":true,"href":"https:\/\/transportjournal.com\/fr\/wp-json\/wp\/v2\/comments?post=80377"}],"version-history":[{"count":0,"href":"https:\/\/transportjournal.com\/fr\/wp-json\/wp\/v2\/posts\/80377\/revisions"}],"wp:featuredmedia":[{"embeddable":true,"href":"https:\/\/transportjournal.com\/fr\/wp-json\/wp\/v2\/media\/80375"}],"wp:attachment":[{"href":"https:\/\/transportjournal.com\/fr\/wp-json\/wp\/v2\/media?parent=80377"}],"wp:term":[{"taxonomy":"category","embeddable":true,"href":"https:\/\/transportjournal.com\/fr\/wp-json\/wp\/v2\/categories?post=80377"},{"taxonomy":"post_tag","embeddable":true,"href":"https:\/\/transportjournal.com\/fr\/wp-json\/wp\/v2\/tags?post=80377"}],"curies":[{"name":"wp","href":"https:\/\/api.w.org\/{rel}","templated":true}]}}