{"id":80333,"date":"2026-03-11T10:04:55","date_gmt":"2026-03-11T10:04:55","guid":{"rendered":"https:\/\/transportjournal.com\/2026\/03\/11\/le-fret-aerien-renforce-la-resilience-commerciale-iata\/"},"modified":"2026-03-11T11:18:48","modified_gmt":"2026-03-11T10:18:48","slug":"le-fret-aerien-renforce-la-resilience-commerciale-iata","status":"publish","type":"post","link":"https:\/\/transportjournal.com\/fr\/2026\/03\/11\/le-fret-aerien-renforce-la-resilience-commerciale-iata\/","title":{"rendered":"Le fret a\u00e9rien renforce la r\u00e9silience commerciale \u2013 Iata"},"content":{"rendered":"<p>La cargaison a\u00e9rienne a soutenu le commerce mondial en 2025 malgr\u00e9 l&#8217;augmentation des droits de douane et des incertitudes politiques. Selon l&#8217;Iata, elle a permis des livraisons acc\u00e9l\u00e9r\u00e9es d&#8217;une valeur de 157 milliards USD vers les \u00c9tats-Unis et a transport\u00e9 la majorit\u00e9 des biens li\u00e9s \u00e0 l&#8217;IA \u00e9chang\u00e9s au niveau mondial.<\/p>\n<p>La cargaison a\u00e9rienne a jou\u00e9 un r\u00f4le central dans le commerce mondial des marchandises en 2025. Un rapport de l&#8217;Iata montre que les entreprises ont utilis\u00e9 des liaisons a\u00e9riennes rapides pour r\u00e9agir aux changements de droits de douane, ajuster leurs cha\u00eenes d&#8217;approvisionnement et transporter des produits technologiques de haute qualit\u00e9. Le secteur a contribu\u00e9 \u00e0 une croissance de 2,4 % du commerce mondial et \u00e0 l&#8217;expansion de l&#8217;\u00e9conomie mondiale malgr\u00e9 des tensions commerciales croissantes.<\/p>\n<p>La pression douani\u00e8re modifie les cha\u00eenes d&#8217;approvisionnement<\/p>\n<p>Les entreprises ont acc\u00e9l\u00e9r\u00e9 les envois par cargaison a\u00e9rienne pour anticiper les nouveaux droits de douane. Au premier trimestre 2025, les importations am\u00e9ricaines ont augment\u00e9 de 193 milliards USD par rapport \u00e0 l&#8217;ann\u00e9e pr\u00e9c\u00e9dente. Des marchandises d&#8217;une valeur de 157 milliards USD de cette augmentation ont \u00e9t\u00e9 transport\u00e9es par cargaison a\u00e9rienne. Cela repr\u00e9sente 82 % de la croissance totale des importations pendant cette p\u00e9riode.<\/p>\n<p>Les entreprises ont \u00e9galement ajust\u00e9 leurs strat\u00e9gies d&#8217;approvisionnement pour r\u00e9duire les risques douaniers. Les importateurs ont d\u00e9plac\u00e9 leurs achats loin des partenaires commerciaux fortement tax\u00e9s, tandis que les exportateurs ont redirig\u00e9 leurs envois vers des march\u00e9s alternatifs, en particulier vers l&#8217;Europe. La cargaison a\u00e9rienne a permis ces ajustements rapides, car les biens de haute qualit\u00e9 peuvent \u00eatre transport\u00e9s rapidement entre les r\u00e9gions.<\/p>\n<p>Le secteur a \u00e9galement soutenu la forte croissance de l&#8217;intelligence artificielle. Plus des deux tiers de la valeur commerciale mondiale des biens li\u00e9s \u00e0 l&#8217;IA ont \u00e9t\u00e9 transport\u00e9s par voie a\u00e9rienne en 2025. Les envois de serveurs, de puces de m\u00e9moire et de syst\u00e8mes de stockage de donn\u00e9es ont augment\u00e9 de 20 % par rapport \u00e0 l&#8217;ann\u00e9e pr\u00e9c\u00e9dente. Ces produits repr\u00e9sentaient 54 % de la valeur totale des marchandises transport\u00e9es par voie a\u00e9rienne, bien que leur volume ne soit que de 7 % \u2013 un indice de leur forte densit\u00e9 de valeur.<\/p>\n<p>www.iata.org<\/p>\n","protected":false},"excerpt":{"rendered":"<p>Le fret a\u00e9rien a \u00e9t\u00e9 d\u00e9terminant pour le commerce mondial en 2025, en permettant des livraisons rapides de biens li\u00e9s \u00e0 l&rsquo;IA et des ajustements aux changements douaniers.<\/p>\n","protected":false},"author":14,"featured_media":80331,"comment_status":"open","ping_status":"","sticky":false,"template":"","format":"standard","meta":{"_acf_changed":false,"footnotes":""},"categories":[1582],"tags":[11528,2600,3447,25754,5396,12662,25755,5128,16110,25756,25757,25758,2265,2115,15828,10460,10461,5139,25759,25760,25761,25762,25763,7453,25764,25765,2125,23792,25766,5408,3561,12674,9116,2133,1831,3472,11545,3475,25767,25768,5867,2148,25769,25770,25771,25772,12681,25773,25774,2837,2155,1837,22031,25775,25776,25777,25778],"class_list":["post-80333","post","type-post","status-publish","format-standard","has-post-thumbnail","hentry","category-fret-aerien","tag-air-freight-connections","tag-air-freight-infrastructure","tag-air-freight-market","tag-ajustements-de-marche","tag-artificial-intelligence","tag-chaines-dapprovisionnement","tag-changements-douaniers","tag-commerce-mondial","tag-connexions-de-fret-aerien","tag-croissance-des-importations","tag-customs-changes","tag-customs-risks","tag-deutsch-luftfracht","tag-digitalisierung-in-der-logistik","tag-etats-unis","tag-europa","tag-europe","tag-global-trade","tag-goods-transport","tag-handelsresilienz","tag-handelsstrategien","tag-high-value-technology-products","tag-hochwertige-technologieprodukte","tag-iata","tag-import-growth","tag-importwachstum","tag-industrie-du-transport","tag-infrastructure-du-fret-aerien","tag-infrastruktur-der-luftfracht","tag-intelligence-artificielle","tag-kuenstliche-intelligenz","tag-lieferketten","tag-logistics-digitization","tag-logistics-service-providers","tag-logistikdienstleister","tag-luftfrachtmarkt","tag-luftfrachtverbindungen","tag-marche-du-fret-aerien","tag-market-adjustments-francais-fret-aerien","tag-marktanpassungen-english-air-freight","tag-numerisation-de-la-logistique","tag-prestataires-de-services-logistiques","tag-produits-technologiques-de-haute-valeur","tag-resilience-commerciale","tag-risques-douaniers","tag-strategies-commerciales","tag-supply-chains","tag-trade-resilience","tag-trade-strategies","tag-transport-de-marchandises","tag-transport-industry","tag-transportwirtschaft","tag-usa","tag-warenverkehr","tag-welthandel","tag-zollaenderungen","tag-zollrisiken"],"acf":[],"yoast_head":"<!-- This site is optimized with the Yoast SEO plugin v27.3 - https:\/\/yoast.com\/product\/yoast-seo-wordpress\/ -->\n<title>Le fret a\u00e9rien renforce la r\u00e9silience commerciale \u2013 Iata - ITJ | International Transport Journal<\/title>\n<meta name=\"robots\" content=\"index, follow, max-snippet:-1, max-image-preview:large, max-video-preview:-1\" \/>\n<link rel=\"canonical\" href=\"https:\/\/transportjournal.com\/fr\/2026\/03\/11\/le-fret-aerien-renforce-la-resilience-commerciale-iata\/\" \/>\n<meta property=\"og:locale\" content=\"fr_FR\" \/>\n<meta property=\"og:type\" content=\"article\" \/>\n<meta property=\"og:title\" content=\"Le fret a\u00e9rien renforce la r\u00e9silience commerciale \u2013 Iata - ITJ | International Transport Journal\" \/>\n<meta property=\"og:description\" content=\"Le fret a\u00e9rien a \u00e9t\u00e9 d\u00e9terminant pour le commerce mondial en 2025, en permettant des livraisons rapides de biens li\u00e9s \u00e0 l&#039;IA et des ajustements aux changements douaniers.\" \/>\n<meta property=\"og:url\" content=\"https:\/\/transportjournal.com\/fr\/2026\/03\/11\/le-fret-aerien-renforce-la-resilience-commerciale-iata\/\" \/>\n<meta property=\"og:site_name\" content=\"ITJ | International Transport Journal\" \/>\n<meta property=\"article:published_time\" content=\"2026-03-11T10:04:55+00:00\" \/>\n<meta property=\"article:modified_time\" content=\"2026-03-11T10:18:48+00:00\" \/>\n<meta property=\"og:image\" content=\"https:\/\/transportjournal.com\/wp-content\/uploads\/sites\/2\/2026\/03\/Luftfracht_allgemein_AdobeStock_215225362_PhotoCandy1812-scaled-aspect-ratio-1400-788-scaled-1.jpeg\" \/>\n\t<meta property=\"og:image:width\" content=\"2560\" \/>\n\t<meta property=\"og:image:height\" content=\"1441\" \/>\n\t<meta property=\"og:image:type\" content=\"image\/jpeg\" \/>\n<meta name=\"author\" content=\"Gyan Sharan\" \/>\n<meta name=\"twitter:card\" content=\"summary_large_image\" \/>\n<meta name=\"twitter:label1\" content=\"\u00c9crit par\" \/>\n\t<meta name=\"twitter:data1\" content=\"Gyan Sharan\" \/>\n\t<meta name=\"twitter:label2\" content=\"Dur\u00e9e de lecture estim\u00e9e\" \/>\n\t<meta name=\"twitter:data2\" content=\"2 minutes\" \/>\n<script type=\"application\/ld+json\" class=\"yoast-schema-graph\">{\"@context\":\"https:\\\/\\\/schema.org\",\"@graph\":[{\"@type\":\"Article\",\"@id\":\"https:\\\/\\\/transportjournal.com\\\/fr\\\/2026\\\/03\\\/11\\\/le-fret-aerien-renforce-la-resilience-commerciale-iata\\\/#article\",\"isPartOf\":{\"@id\":\"https:\\\/\\\/transportjournal.com\\\/fr\\\/2026\\\/03\\\/11\\\/le-fret-aerien-renforce-la-resilience-commerciale-iata\\\/\"},\"author\":{\"name\":\"Gyan Sharan\",\"@id\":\"https:\\\/\\\/transportjournal.com\\\/fr\\\/#\\\/schema\\\/person\\\/13a9fc605c753db60ef7750a229cd042\"},\"headline\":\"Le fret a\u00e9rien renforce la r\u00e9silience commerciale \u2013 Iata\",\"datePublished\":\"2026-03-11T10:04:55+00:00\",\"dateModified\":\"2026-03-11T10:18:48+00:00\",\"mainEntityOfPage\":{\"@id\":\"https:\\\/\\\/transportjournal.com\\\/fr\\\/2026\\\/03\\\/11\\\/le-fret-aerien-renforce-la-resilience-commerciale-iata\\\/\"},\"wordCount\":399,\"commentCount\":0,\"publisher\":{\"@id\":\"https:\\\/\\\/transportjournal.com\\\/fr\\\/#organization\"},\"image\":{\"@id\":\"https:\\\/\\\/transportjournal.com\\\/fr\\\/2026\\\/03\\\/11\\\/le-fret-aerien-renforce-la-resilience-commerciale-iata\\\/#primaryimage\"},\"thumbnailUrl\":\"https:\\\/\\\/transportjournal.com\\\/wp-content\\\/uploads\\\/sites\\\/2\\\/2026\\\/03\\\/Luftfracht_allgemein_AdobeStock_215225362_PhotoCandy1812-scaled-aspect-ratio-1400-788-scaled-1.jpeg\",\"keywords\":[\"air freight connections\",\"air freight infrastructure\",\"air freight market\",\"ajustements de march\u00e9\",\"artificial intelligence\",\"cha\u00eenes d'approvisionnement\",\"changements douaniers\",\"commerce mondial\",\"connexions de fret a\u00e9rien\",\"croissance des importations\",\"customs changes\",\"customs risks\",\"Deutsch Luftfracht\",\"Digitalisierung in der Logistik\",\"\u00c9tats-Unis\",\"Europa\",\"Europe\",\"global trade\",\"goods transport\",\"Handelsresilienz\",\"Handelsstrategien\",\"high-value technology products\",\"Hochwertige Technologieprodukte\",\"IATA\",\"import growth\",\"Importwachstum\",\"industrie du transport\",\"infrastructure du fret a\u00e9rien\",\"Infrastruktur der Luftfracht\",\"intelligence artificielle\",\"K\u00fcnstliche Intelligenz\",\"Lieferketten\",\"logistics digitization\",\"logistics service providers\",\"Logistikdienstleister\",\"Luftfrachtmarkt\",\"Luftfrachtverbindungen\",\"march\u00e9 du fret a\u00e9rien\",\"market adjustments Fran\u00e7ais Fret a\u00e9rien\",\"Marktanpassungen English Air freight\",\"num\u00e9risation de la logistique\",\"prestataires de services logistiques\",\"produits technologiques de haute valeur\",\"r\u00e9silience commerciale\",\"risques douaniers\",\"strat\u00e9gies commerciales\",\"supply chains\",\"trade resilience\",\"trade strategies\",\"transport de marchandises\",\"transport industry\",\"Transportwirtschaft\",\"USA\",\"Warenverkehr\",\"Welthandel\",\"Zoll\u00e4nderungen\",\"Zollrisiken\"],\"articleSection\":[\"Fret a\u00e9rien\"],\"inLanguage\":\"fr-FR\",\"potentialAction\":[{\"@type\":\"CommentAction\",\"name\":\"Comment\",\"target\":[\"https:\\\/\\\/transportjournal.com\\\/fr\\\/2026\\\/03\\\/11\\\/le-fret-aerien-renforce-la-resilience-commerciale-iata\\\/#respond\"]}]},{\"@type\":\"WebPage\",\"@id\":\"https:\\\/\\\/transportjournal.com\\\/fr\\\/2026\\\/03\\\/11\\\/le-fret-aerien-renforce-la-resilience-commerciale-iata\\\/\",\"url\":\"https:\\\/\\\/transportjournal.com\\\/fr\\\/2026\\\/03\\\/11\\\/le-fret-aerien-renforce-la-resilience-commerciale-iata\\\/\",\"name\":\"Le fret a\u00e9rien renforce la r\u00e9silience commerciale \u2013 Iata - ITJ | International Transport Journal\",\"isPartOf\":{\"@id\":\"https:\\\/\\\/transportjournal.com\\\/fr\\\/#website\"},\"primaryImageOfPage\":{\"@id\":\"https:\\\/\\\/transportjournal.com\\\/fr\\\/2026\\\/03\\\/11\\\/le-fret-aerien-renforce-la-resilience-commerciale-iata\\\/#primaryimage\"},\"image\":{\"@id\":\"https:\\\/\\\/transportjournal.com\\\/fr\\\/2026\\\/03\\\/11\\\/le-fret-aerien-renforce-la-resilience-commerciale-iata\\\/#primaryimage\"},\"thumbnailUrl\":\"https:\\\/\\\/transportjournal.com\\\/wp-content\\\/uploads\\\/sites\\\/2\\\/2026\\\/03\\\/Luftfracht_allgemein_AdobeStock_215225362_PhotoCandy1812-scaled-aspect-ratio-1400-788-scaled-1.jpeg\",\"datePublished\":\"2026-03-11T10:04:55+00:00\",\"dateModified\":\"2026-03-11T10:18:48+00:00\",\"breadcrumb\":{\"@id\":\"https:\\\/\\\/transportjournal.com\\\/fr\\\/2026\\\/03\\\/11\\\/le-fret-aerien-renforce-la-resilience-commerciale-iata\\\/#breadcrumb\"},\"inLanguage\":\"fr-FR\",\"potentialAction\":[{\"@type\":\"ReadAction\",\"target\":[\"https:\\\/\\\/transportjournal.com\\\/fr\\\/2026\\\/03\\\/11\\\/le-fret-aerien-renforce-la-resilience-commerciale-iata\\\/\"]}]},{\"@type\":\"ImageObject\",\"inLanguage\":\"fr-FR\",\"@id\":\"https:\\\/\\\/transportjournal.com\\\/fr\\\/2026\\\/03\\\/11\\\/le-fret-aerien-renforce-la-resilience-commerciale-iata\\\/#primaryimage\",\"url\":\"https:\\\/\\\/transportjournal.com\\\/wp-content\\\/uploads\\\/sites\\\/2\\\/2026\\\/03\\\/Luftfracht_allgemein_AdobeStock_215225362_PhotoCandy1812-scaled-aspect-ratio-1400-788-scaled-1.jpeg\",\"contentUrl\":\"https:\\\/\\\/transportjournal.com\\\/wp-content\\\/uploads\\\/sites\\\/2\\\/2026\\\/03\\\/Luftfracht_allgemein_AdobeStock_215225362_PhotoCandy1812-scaled-aspect-ratio-1400-788-scaled-1.jpeg\",\"width\":2560,\"height\":1441},{\"@type\":\"BreadcrumbList\",\"@id\":\"https:\\\/\\\/transportjournal.com\\\/fr\\\/2026\\\/03\\\/11\\\/le-fret-aerien-renforce-la-resilience-commerciale-iata\\\/#breadcrumb\",\"itemListElement\":[{\"@type\":\"ListItem\",\"position\":1,\"name\":\"Startseite\",\"item\":\"https:\\\/\\\/transportjournal.com\\\/fr\\\/\"},{\"@type\":\"ListItem\",\"position\":2,\"name\":\"Le fret a\u00e9rien renforce la r\u00e9silience commerciale \u2013 Iata\"}]},{\"@type\":\"WebSite\",\"@id\":\"https:\\\/\\\/transportjournal.com\\\/fr\\\/#website\",\"url\":\"https:\\\/\\\/transportjournal.com\\\/fr\\\/\",\"name\":\"ITJ | International Transport Journal\",\"description\":\"Restez inform\u00e9 des derni\u00e8res nouvelles mondiales dans les secteurs du transport, de la logistique et de la cha\u00eene d'approvisionnement. Transport Journal fournit des informations d'experts, des analyses et des mises \u00e0 jour sur le transport maritime, l'aviation, l'intermodalit\u00e9 et l'exp\u00e9dition. \",\"publisher\":{\"@id\":\"https:\\\/\\\/transportjournal.com\\\/fr\\\/#organization\"},\"potentialAction\":[{\"@type\":\"SearchAction\",\"target\":{\"@type\":\"EntryPoint\",\"urlTemplate\":\"https:\\\/\\\/transportjournal.com\\\/fr\\\/?s={search_term_string}\"},\"query-input\":{\"@type\":\"PropertyValueSpecification\",\"valueRequired\":true,\"valueName\":\"search_term_string\"}}],\"inLanguage\":\"fr-FR\"},{\"@type\":\"Organization\",\"@id\":\"https:\\\/\\\/transportjournal.com\\\/fr\\\/#organization\",\"name\":\"Groupe Logismedia AG\",\"alternateName\":\"Logismedia Group AG\",\"url\":\"https:\\\/\\\/transportjournal.com\\\/fr\\\/\",\"logo\":{\"@type\":\"ImageObject\",\"inLanguage\":\"fr-FR\",\"@id\":\"https:\\\/\\\/transportjournal.com\\\/fr\\\/#\\\/schema\\\/logo\\\/image\\\/\",\"url\":\"https:\\\/\\\/transportjournal.com\\\/wp-content\\\/uploads\\\/sites\\\/2\\\/2025\\\/09\\\/Logo_ITJ.png\",\"contentUrl\":\"https:\\\/\\\/transportjournal.com\\\/wp-content\\\/uploads\\\/sites\\\/2\\\/2025\\\/09\\\/Logo_ITJ.png\",\"width\":799,\"height\":326,\"caption\":\"Groupe Logismedia AG\"},\"image\":{\"@id\":\"https:\\\/\\\/transportjournal.com\\\/fr\\\/#\\\/schema\\\/logo\\\/image\\\/\"},\"sameAs\":[\"https:\\\/\\\/www.linkedin.com\\\/company\\\/56456496\\\/admin\\\/dashboard\\\/\",\"https:\\\/\\\/www.instagram.com\\\/logismediagroup\\\/\",\"https:\\\/\\\/www.youtube.com\\\/@LogiamediaGroupAG\"]},{\"@type\":\"Person\",\"@id\":\"https:\\\/\\\/transportjournal.com\\\/fr\\\/#\\\/schema\\\/person\\\/13a9fc605c753db60ef7750a229cd042\",\"name\":\"Gyan Sharan\",\"url\":\"https:\\\/\\\/transportjournal.com\\\/fr\\\/author\\\/gyan\\\/\"}]}<\/script>\n<!-- \/ Yoast SEO plugin. -->","yoast_head_json":{"title":"Le fret a\u00e9rien renforce la r\u00e9silience commerciale \u2013 Iata - ITJ | International Transport Journal","robots":{"index":"index","follow":"follow","max-snippet":"max-snippet:-1","max-image-preview":"max-image-preview:large","max-video-preview":"max-video-preview:-1"},"canonical":"https:\/\/transportjournal.com\/fr\/2026\/03\/11\/le-fret-aerien-renforce-la-resilience-commerciale-iata\/","og_locale":"fr_FR","og_type":"article","og_title":"Le fret a\u00e9rien renforce la r\u00e9silience commerciale \u2013 Iata - ITJ | International Transport Journal","og_description":"Le fret a\u00e9rien a \u00e9t\u00e9 d\u00e9terminant pour le commerce mondial en 2025, en permettant des livraisons rapides de biens li\u00e9s \u00e0 l'IA et des ajustements aux changements douaniers.","og_url":"https:\/\/transportjournal.com\/fr\/2026\/03\/11\/le-fret-aerien-renforce-la-resilience-commerciale-iata\/","og_site_name":"ITJ | International Transport Journal","article_published_time":"2026-03-11T10:04:55+00:00","article_modified_time":"2026-03-11T10:18:48+00:00","og_image":[{"width":2560,"height":1441,"url":"https:\/\/transportjournal.com\/wp-content\/uploads\/sites\/2\/2026\/03\/Luftfracht_allgemein_AdobeStock_215225362_PhotoCandy1812-scaled-aspect-ratio-1400-788-scaled-1.jpeg","type":"image\/jpeg"}],"author":"Gyan Sharan","twitter_card":"summary_large_image","twitter_misc":{"\u00c9crit par":"Gyan Sharan","Dur\u00e9e de lecture estim\u00e9e":"2 minutes"},"schema":{"@context":"https:\/\/schema.org","@graph":[{"@type":"Article","@id":"https:\/\/transportjournal.com\/fr\/2026\/03\/11\/le-fret-aerien-renforce-la-resilience-commerciale-iata\/#article","isPartOf":{"@id":"https:\/\/transportjournal.com\/fr\/2026\/03\/11\/le-fret-aerien-renforce-la-resilience-commerciale-iata\/"},"author":{"name":"Gyan Sharan","@id":"https:\/\/transportjournal.com\/fr\/#\/schema\/person\/13a9fc605c753db60ef7750a229cd042"},"headline":"Le fret a\u00e9rien renforce la r\u00e9silience commerciale \u2013 Iata","datePublished":"2026-03-11T10:04:55+00:00","dateModified":"2026-03-11T10:18:48+00:00","mainEntityOfPage":{"@id":"https:\/\/transportjournal.com\/fr\/2026\/03\/11\/le-fret-aerien-renforce-la-resilience-commerciale-iata\/"},"wordCount":399,"commentCount":0,"publisher":{"@id":"https:\/\/transportjournal.com\/fr\/#organization"},"image":{"@id":"https:\/\/transportjournal.com\/fr\/2026\/03\/11\/le-fret-aerien-renforce-la-resilience-commerciale-iata\/#primaryimage"},"thumbnailUrl":"https:\/\/transportjournal.com\/wp-content\/uploads\/sites\/2\/2026\/03\/Luftfracht_allgemein_AdobeStock_215225362_PhotoCandy1812-scaled-aspect-ratio-1400-788-scaled-1.jpeg","keywords":["air freight connections","air freight infrastructure","air freight market","ajustements de march\u00e9","artificial intelligence","cha\u00eenes d'approvisionnement","changements douaniers","commerce mondial","connexions de fret a\u00e9rien","croissance des importations","customs changes","customs risks","Deutsch Luftfracht","Digitalisierung in der Logistik","\u00c9tats-Unis","Europa","Europe","global trade","goods transport","Handelsresilienz","Handelsstrategien","high-value technology products","Hochwertige Technologieprodukte","IATA","import growth","Importwachstum","industrie du transport","infrastructure du fret a\u00e9rien","Infrastruktur der Luftfracht","intelligence artificielle","K\u00fcnstliche Intelligenz","Lieferketten","logistics digitization","logistics service providers","Logistikdienstleister","Luftfrachtmarkt","Luftfrachtverbindungen","march\u00e9 du fret a\u00e9rien","market adjustments Fran\u00e7ais Fret a\u00e9rien","Marktanpassungen English Air freight","num\u00e9risation de la logistique","prestataires de services logistiques","produits technologiques de haute valeur","r\u00e9silience commerciale","risques douaniers","strat\u00e9gies commerciales","supply chains","trade resilience","trade strategies","transport de marchandises","transport industry","Transportwirtschaft","USA","Warenverkehr","Welthandel","Zoll\u00e4nderungen","Zollrisiken"],"articleSection":["Fret a\u00e9rien"],"inLanguage":"fr-FR","potentialAction":[{"@type":"CommentAction","name":"Comment","target":["https:\/\/transportjournal.com\/fr\/2026\/03\/11\/le-fret-aerien-renforce-la-resilience-commerciale-iata\/#respond"]}]},{"@type":"WebPage","@id":"https:\/\/transportjournal.com\/fr\/2026\/03\/11\/le-fret-aerien-renforce-la-resilience-commerciale-iata\/","url":"https:\/\/transportjournal.com\/fr\/2026\/03\/11\/le-fret-aerien-renforce-la-resilience-commerciale-iata\/","name":"Le fret a\u00e9rien renforce la r\u00e9silience commerciale \u2013 Iata - ITJ | International Transport Journal","isPartOf":{"@id":"https:\/\/transportjournal.com\/fr\/#website"},"primaryImageOfPage":{"@id":"https:\/\/transportjournal.com\/fr\/2026\/03\/11\/le-fret-aerien-renforce-la-resilience-commerciale-iata\/#primaryimage"},"image":{"@id":"https:\/\/transportjournal.com\/fr\/2026\/03\/11\/le-fret-aerien-renforce-la-resilience-commerciale-iata\/#primaryimage"},"thumbnailUrl":"https:\/\/transportjournal.com\/wp-content\/uploads\/sites\/2\/2026\/03\/Luftfracht_allgemein_AdobeStock_215225362_PhotoCandy1812-scaled-aspect-ratio-1400-788-scaled-1.jpeg","datePublished":"2026-03-11T10:04:55+00:00","dateModified":"2026-03-11T10:18:48+00:00","breadcrumb":{"@id":"https:\/\/transportjournal.com\/fr\/2026\/03\/11\/le-fret-aerien-renforce-la-resilience-commerciale-iata\/#breadcrumb"},"inLanguage":"fr-FR","potentialAction":[{"@type":"ReadAction","target":["https:\/\/transportjournal.com\/fr\/2026\/03\/11\/le-fret-aerien-renforce-la-resilience-commerciale-iata\/"]}]},{"@type":"ImageObject","inLanguage":"fr-FR","@id":"https:\/\/transportjournal.com\/fr\/2026\/03\/11\/le-fret-aerien-renforce-la-resilience-commerciale-iata\/#primaryimage","url":"https:\/\/transportjournal.com\/wp-content\/uploads\/sites\/2\/2026\/03\/Luftfracht_allgemein_AdobeStock_215225362_PhotoCandy1812-scaled-aspect-ratio-1400-788-scaled-1.jpeg","contentUrl":"https:\/\/transportjournal.com\/wp-content\/uploads\/sites\/2\/2026\/03\/Luftfracht_allgemein_AdobeStock_215225362_PhotoCandy1812-scaled-aspect-ratio-1400-788-scaled-1.jpeg","width":2560,"height":1441},{"@type":"BreadcrumbList","@id":"https:\/\/transportjournal.com\/fr\/2026\/03\/11\/le-fret-aerien-renforce-la-resilience-commerciale-iata\/#breadcrumb","itemListElement":[{"@type":"ListItem","position":1,"name":"Startseite","item":"https:\/\/transportjournal.com\/fr\/"},{"@type":"ListItem","position":2,"name":"Le fret a\u00e9rien renforce la r\u00e9silience commerciale \u2013 Iata"}]},{"@type":"WebSite","@id":"https:\/\/transportjournal.com\/fr\/#website","url":"https:\/\/transportjournal.com\/fr\/","name":"ITJ | International Transport Journal","description":"Restez inform\u00e9 des derni\u00e8res nouvelles mondiales dans les secteurs du transport, de la logistique et de la cha\u00eene d'approvisionnement. Transport Journal fournit des informations d'experts, des analyses et des mises \u00e0 jour sur le transport maritime, l'aviation, l'intermodalit\u00e9 et l'exp\u00e9dition. ","publisher":{"@id":"https:\/\/transportjournal.com\/fr\/#organization"},"potentialAction":[{"@type":"SearchAction","target":{"@type":"EntryPoint","urlTemplate":"https:\/\/transportjournal.com\/fr\/?s={search_term_string}"},"query-input":{"@type":"PropertyValueSpecification","valueRequired":true,"valueName":"search_term_string"}}],"inLanguage":"fr-FR"},{"@type":"Organization","@id":"https:\/\/transportjournal.com\/fr\/#organization","name":"Groupe Logismedia AG","alternateName":"Logismedia Group AG","url":"https:\/\/transportjournal.com\/fr\/","logo":{"@type":"ImageObject","inLanguage":"fr-FR","@id":"https:\/\/transportjournal.com\/fr\/#\/schema\/logo\/image\/","url":"https:\/\/transportjournal.com\/wp-content\/uploads\/sites\/2\/2025\/09\/Logo_ITJ.png","contentUrl":"https:\/\/transportjournal.com\/wp-content\/uploads\/sites\/2\/2025\/09\/Logo_ITJ.png","width":799,"height":326,"caption":"Groupe Logismedia AG"},"image":{"@id":"https:\/\/transportjournal.com\/fr\/#\/schema\/logo\/image\/"},"sameAs":["https:\/\/www.linkedin.com\/company\/56456496\/admin\/dashboard\/","https:\/\/www.instagram.com\/logismediagroup\/","https:\/\/www.youtube.com\/@LogiamediaGroupAG"]},{"@type":"Person","@id":"https:\/\/transportjournal.com\/fr\/#\/schema\/person\/13a9fc605c753db60ef7750a229cd042","name":"Gyan Sharan","url":"https:\/\/transportjournal.com\/fr\/author\/gyan\/"}]}},"_links":{"self":[{"href":"https:\/\/transportjournal.com\/fr\/wp-json\/wp\/v2\/posts\/80333","targetHints":{"allow":["GET"]}}],"collection":[{"href":"https:\/\/transportjournal.com\/fr\/wp-json\/wp\/v2\/posts"}],"about":[{"href":"https:\/\/transportjournal.com\/fr\/wp-json\/wp\/v2\/types\/post"}],"author":[{"embeddable":true,"href":"https:\/\/transportjournal.com\/fr\/wp-json\/wp\/v2\/users\/14"}],"replies":[{"embeddable":true,"href":"https:\/\/transportjournal.com\/fr\/wp-json\/wp\/v2\/comments?post=80333"}],"version-history":[{"count":2,"href":"https:\/\/transportjournal.com\/fr\/wp-json\/wp\/v2\/posts\/80333\/revisions"}],"predecessor-version":[{"id":80347,"href":"https:\/\/transportjournal.com\/fr\/wp-json\/wp\/v2\/posts\/80333\/revisions\/80347"}],"wp:featuredmedia":[{"embeddable":true,"href":"https:\/\/transportjournal.com\/fr\/wp-json\/wp\/v2\/media\/80331"}],"wp:attachment":[{"href":"https:\/\/transportjournal.com\/fr\/wp-json\/wp\/v2\/media?parent=80333"}],"wp:term":[{"taxonomy":"category","embeddable":true,"href":"https:\/\/transportjournal.com\/fr\/wp-json\/wp\/v2\/categories?post=80333"},{"taxonomy":"post_tag","embeddable":true,"href":"https:\/\/transportjournal.com\/fr\/wp-json\/wp\/v2\/tags?post=80333"}],"curies":[{"name":"wp","href":"https:\/\/api.w.org\/{rel}","templated":true}]}}