{"id":79995,"date":"2026-03-09T12:56:45","date_gmt":"2026-03-09T12:56:45","guid":{"rendered":"https:\/\/transportjournal.com\/2026\/03\/09\/bifa-nomme-un-representant-regional-pour-les-midlands\/"},"modified":"2026-03-09T12:56:45","modified_gmt":"2026-03-09T12:56:45","slug":"bifa-nomme-un-representant-regional-pour-les-midlands","status":"publish","type":"post","link":"https:\/\/transportjournal.com\/fr\/2026\/03\/09\/bifa-nomme-un-representant-regional-pour-les-midlands\/","title":{"rendered":"Bifa nomme un repr\u00e9sentant r\u00e9gional pour les Midlands"},"content":{"rendered":"<p>La British International Freight Association (Bifa) a nomm\u00e9 Steve Murray repr\u00e9sentant r\u00e9gional pour sa nouvelle r\u00e9gion centrale. Par cette initiative, l&#8217;association souhaite renforcer les \u00e9changes avec ses membres et mieux soutenir les transporteurs dans les Midlands ainsi que dans les r\u00e9gions environnantes.<\/p>\n<p>La nouvelle r\u00e9gion comprend les comt\u00e9s au nord de Londres et s&#8217;\u00e9tend jusqu&#8217;\u00e0 Nottingham, Birmingham et Peterborough. Elle a \u00e9t\u00e9 cr\u00e9\u00e9e pour r\u00e9duire la zone pr\u00e9c\u00e9demment g\u00e9r\u00e9e par Andrew Melton, qui repr\u00e9sentait jusqu&#8217;\u00e0 pr\u00e9sent des membres de Milton Keynes jusqu&#8217;\u00e0 la fronti\u00e8re \u00e9cossaise. \u00c0 l&#8217;avenir, Melton se concentrera sur les membres de Bifa dans le nord de l&#8217;Angleterre.<\/p>\n<p>Murray poss\u00e8de une vaste exp\u00e9rience dans la logistique et la gestion de la cha\u00eene d&#8217;approvisionnement. Il a r\u00e9cemment travaill\u00e9 pour FedEx Logistics. Auparavant, il a occup\u00e9 des postes de direction dans l&#8217;unit\u00e9 de cha\u00eene d&#8217;approvisionnement internationale de DHL et a \u00e9galement travaill\u00e9 pour Exel.<\/p>\n<p>Le directeur g\u00e9n\u00e9ral de Bifa, Steve Parker, a d\u00e9clar\u00e9 \u00eatre \u00ab ravi d&#8217;accueillir Steve en tant que repr\u00e9sentant r\u00e9gional pour cette nouvelle r\u00e9gion. \u00bb<\/p>\n<p><a href=\"https:\/\/bifa.org\" target=\"_blank\" rel=\"noopener noreferrer\">www.bifa.org<\/a><\/p>\n","protected":false},"excerpt":{"rendered":"<p>L&rsquo;Association britannique des transporteurs internationaux a nomm\u00e9 Steve Murray en tant que repr\u00e9sentant r\u00e9gional pour sa nouvelle r\u00e9gion centrale afin d&rsquo;am\u00e9liorer les \u00e9changes avec les membres.<\/p>\n","protected":false},"author":14,"featured_media":79993,"comment_status":"open","ping_status":"","sticky":false,"template":"","format":"standard","meta":{"_acf_changed":false,"footnotes":""},"categories":[1587,1579],"tags":[24974,24975,24976,24977,24978,24979,24980,4593,24981,24982,24983,3353,2122,24984,24985,2123,24986,2125,3328,3994,2373,3872,4000,24987,2133,24988,1831,24989,24990,24991,24992,24993,24994,24995,24996,24997,24998,3379,2145,24999,25000,2148,25001,25002,25003,25004,25005,25006,25007,2106,25008,25009,25010,2155,1837,25011],"class_list":["post-79995","post","type-post","status-publish","format-standard","has-post-thumbnail","hentry","category-leurope","category-personnes-et-entreprises","tag-adhesion-bifa","tag-au-nord-de-londres","tag-bifa-central-region","tag-bifa-membership","tag-bifa-regional-representative","tag-birmingham-transport","tag-comtes-des-midlands","tag-deutsch-bifa","tag-developpement-regional-logistique","tag-dhl-logistics","tag-dhl-logistik","tag-digitalisierung-logistik","tag-fachkraeftemangel-logistik","tag-fedex-logistics","tag-freight-forwarders-midlands","tag-gestion-de-la-chaine-dapprovisionnement","tag-grafschaften-midlands-english-bifa","tag-industrie-du-transport","tag-infrastructure-logistique","tag-infrastruktur-logistik","tag-labor-shortage-logistics","tag-logistics-digitalization","tag-logistics-infrastructure","tag-logistics-midlands","tag-logistics-service-providers","tag-logistik-midlands","tag-logistikdienstleister","tag-logistique-dhl","tag-logistique-fedex","tag-logistique-midlands","tag-logistique-nottingham","tag-midlands-counties-francais-bifa","tag-mitgliedschaft-bifa","tag-noerdlich-von-london","tag-north-of-london","tag-nottingham-logistics","tag-nottingham-logistik","tag-numerisation-logistique","tag-penurie-de-main-doeuvre-logistique","tag-peterborough-freight-forwarders","tag-peterborough-spediteure","tag-prestataires-de-services-logistiques","tag-region-centrale-bifa","tag-regional-development-logistics","tag-regionalentwicklung-logistik","tag-regionalvertretung-bifa","tag-representant-regional-bifa","tag-spediteure-midlands","tag-steve-murray-bifa","tag-supply-chain-management","tag-transitaires-midlands","tag-transitaires-peterborough","tag-transport-birmingham","tag-transport-industry","tag-transportwirtschaft","tag-zentralregion-bifa"],"acf":[],"yoast_head":"<!-- This site is optimized with the Yoast SEO plugin v27.3 - https:\/\/yoast.com\/product\/yoast-seo-wordpress\/ -->\n<title>Bifa nomme un repr\u00e9sentant r\u00e9gional pour les Midlands - ITJ | International Transport Journal<\/title>\n<meta name=\"robots\" content=\"index, follow, max-snippet:-1, max-image-preview:large, max-video-preview:-1\" \/>\n<link rel=\"canonical\" href=\"https:\/\/transportjournal.com\/fr\/2026\/03\/09\/bifa-nomme-un-representant-regional-pour-les-midlands\/\" \/>\n<meta property=\"og:locale\" content=\"fr_FR\" \/>\n<meta property=\"og:type\" content=\"article\" \/>\n<meta property=\"og:title\" content=\"Bifa nomme un repr\u00e9sentant r\u00e9gional pour les Midlands - ITJ | International Transport Journal\" \/>\n<meta property=\"og:description\" content=\"L&#039;Association britannique des transporteurs internationaux a nomm\u00e9 Steve Murray en tant que repr\u00e9sentant r\u00e9gional pour sa nouvelle r\u00e9gion centrale afin d&#039;am\u00e9liorer les \u00e9changes avec les membres.\" \/>\n<meta property=\"og:url\" content=\"https:\/\/transportjournal.com\/fr\/2026\/03\/09\/bifa-nomme-un-representant-regional-pour-les-midlands\/\" \/>\n<meta property=\"og:site_name\" content=\"ITJ | International Transport Journal\" \/>\n<meta property=\"article:published_time\" content=\"2026-03-09T12:56:45+00:00\" \/>\n<meta property=\"og:image\" content=\"https:\/\/transportjournal.com\/wp-content\/uploads\/sites\/2\/2026\/03\/Bifa-Murray.png\" \/>\n\t<meta property=\"og:image:width\" content=\"640\" \/>\n\t<meta property=\"og:image:height\" content=\"360\" \/>\n\t<meta property=\"og:image:type\" content=\"image\/png\" \/>\n<meta name=\"author\" content=\"Gyan Sharan\" \/>\n<meta name=\"twitter:card\" content=\"summary_large_image\" \/>\n<meta name=\"twitter:label1\" content=\"\u00c9crit par\" \/>\n\t<meta name=\"twitter:data1\" content=\"Gyan Sharan\" \/>\n\t<meta name=\"twitter:label2\" content=\"Dur\u00e9e de lecture estim\u00e9e\" \/>\n\t<meta name=\"twitter:data2\" content=\"1 minute\" \/>\n<script type=\"application\/ld+json\" class=\"yoast-schema-graph\">{\"@context\":\"https:\\\/\\\/schema.org\",\"@graph\":[{\"@type\":\"Article\",\"@id\":\"https:\\\/\\\/transportjournal.com\\\/fr\\\/2026\\\/03\\\/09\\\/bifa-nomme-un-representant-regional-pour-les-midlands\\\/#article\",\"isPartOf\":{\"@id\":\"https:\\\/\\\/transportjournal.com\\\/fr\\\/2026\\\/03\\\/09\\\/bifa-nomme-un-representant-regional-pour-les-midlands\\\/\"},\"author\":{\"name\":\"Gyan Sharan\",\"@id\":\"https:\\\/\\\/transportjournal.com\\\/fr\\\/#\\\/schema\\\/person\\\/13a9fc605c753db60ef7750a229cd042\"},\"headline\":\"Bifa nomme un repr\u00e9sentant r\u00e9gional pour les Midlands\",\"datePublished\":\"2026-03-09T12:56:45+00:00\",\"mainEntityOfPage\":{\"@id\":\"https:\\\/\\\/transportjournal.com\\\/fr\\\/2026\\\/03\\\/09\\\/bifa-nomme-un-representant-regional-pour-les-midlands\\\/\"},\"wordCount\":212,\"commentCount\":0,\"publisher\":{\"@id\":\"https:\\\/\\\/transportjournal.com\\\/fr\\\/#organization\"},\"image\":{\"@id\":\"https:\\\/\\\/transportjournal.com\\\/fr\\\/2026\\\/03\\\/09\\\/bifa-nomme-un-representant-regional-pour-les-midlands\\\/#primaryimage\"},\"thumbnailUrl\":\"https:\\\/\\\/transportjournal.com\\\/wp-content\\\/uploads\\\/sites\\\/2\\\/2026\\\/03\\\/Bifa-Murray.png\",\"keywords\":[\"adh\u00e9sion Bifa\",\"au nord de Londres\",\"Bifa central region\",\"Bifa membership\",\"Bifa regional representative\",\"Birmingham Transport\",\"comt\u00e9s des Midlands\",\"Deutsch BIFA\",\"d\u00e9veloppement r\u00e9gional logistique\",\"DHL logistics\",\"DHL Logistik\",\"Digitalisierung Logistik\",\"Fachkr\u00e4ftemangel Logistik\",\"FedEx Logistics\",\"freight forwarders Midlands\",\"gestion de la cha\u00eene d'approvisionnement\",\"Grafschaften Midlands English Bifa\",\"industrie du transport\",\"infrastructure logistique\",\"Infrastruktur Logistik\",\"labor shortage logistics\",\"logistics digitalization\",\"logistics infrastructure\",\"logistics Midlands\",\"logistics service providers\",\"Logistik Midlands\",\"Logistikdienstleister\",\"logistique DHL\",\"logistique FedEx\",\"logistique Midlands\",\"logistique Nottingham\",\"Midlands counties Fran\u00e7ais Bifa\",\"Mitgliedschaft Bifa\",\"n\u00f6rdlich von London\",\"north of London\",\"Nottingham logistics\",\"Nottingham Logistik\",\"num\u00e9risation logistique\",\"p\u00e9nurie de main-d'\u0153uvre logistique\",\"Peterborough freight forwarders\",\"Peterborough Spediteure\",\"prestataires de services logistiques\",\"r\u00e9gion centrale Bifa\",\"regional development logistics\",\"Regionalentwicklung Logistik\",\"Regionalvertretung Bifa\",\"repr\u00e9sentant r\u00e9gional Bifa\",\"Spediteure Midlands\",\"Steve Murray Bifa\",\"Supply Chain Management\",\"transitaires Midlands\",\"transitaires Peterborough\",\"transport Birmingham\",\"transport industry\",\"Transportwirtschaft\",\"Zentralregion Bifa\"],\"articleSection\":[\"L'Europe\",\"Personnes et entreprises\"],\"inLanguage\":\"fr-FR\",\"potentialAction\":[{\"@type\":\"CommentAction\",\"name\":\"Comment\",\"target\":[\"https:\\\/\\\/transportjournal.com\\\/fr\\\/2026\\\/03\\\/09\\\/bifa-nomme-un-representant-regional-pour-les-midlands\\\/#respond\"]}]},{\"@type\":\"WebPage\",\"@id\":\"https:\\\/\\\/transportjournal.com\\\/fr\\\/2026\\\/03\\\/09\\\/bifa-nomme-un-representant-regional-pour-les-midlands\\\/\",\"url\":\"https:\\\/\\\/transportjournal.com\\\/fr\\\/2026\\\/03\\\/09\\\/bifa-nomme-un-representant-regional-pour-les-midlands\\\/\",\"name\":\"Bifa nomme un repr\u00e9sentant r\u00e9gional pour les Midlands - ITJ | International Transport Journal\",\"isPartOf\":{\"@id\":\"https:\\\/\\\/transportjournal.com\\\/fr\\\/#website\"},\"primaryImageOfPage\":{\"@id\":\"https:\\\/\\\/transportjournal.com\\\/fr\\\/2026\\\/03\\\/09\\\/bifa-nomme-un-representant-regional-pour-les-midlands\\\/#primaryimage\"},\"image\":{\"@id\":\"https:\\\/\\\/transportjournal.com\\\/fr\\\/2026\\\/03\\\/09\\\/bifa-nomme-un-representant-regional-pour-les-midlands\\\/#primaryimage\"},\"thumbnailUrl\":\"https:\\\/\\\/transportjournal.com\\\/wp-content\\\/uploads\\\/sites\\\/2\\\/2026\\\/03\\\/Bifa-Murray.png\",\"datePublished\":\"2026-03-09T12:56:45+00:00\",\"breadcrumb\":{\"@id\":\"https:\\\/\\\/transportjournal.com\\\/fr\\\/2026\\\/03\\\/09\\\/bifa-nomme-un-representant-regional-pour-les-midlands\\\/#breadcrumb\"},\"inLanguage\":\"fr-FR\",\"potentialAction\":[{\"@type\":\"ReadAction\",\"target\":[\"https:\\\/\\\/transportjournal.com\\\/fr\\\/2026\\\/03\\\/09\\\/bifa-nomme-un-representant-regional-pour-les-midlands\\\/\"]}]},{\"@type\":\"ImageObject\",\"inLanguage\":\"fr-FR\",\"@id\":\"https:\\\/\\\/transportjournal.com\\\/fr\\\/2026\\\/03\\\/09\\\/bifa-nomme-un-representant-regional-pour-les-midlands\\\/#primaryimage\",\"url\":\"https:\\\/\\\/transportjournal.com\\\/wp-content\\\/uploads\\\/sites\\\/2\\\/2026\\\/03\\\/Bifa-Murray.png\",\"contentUrl\":\"https:\\\/\\\/transportjournal.com\\\/wp-content\\\/uploads\\\/sites\\\/2\\\/2026\\\/03\\\/Bifa-Murray.png\",\"width\":640,\"height\":360},{\"@type\":\"BreadcrumbList\",\"@id\":\"https:\\\/\\\/transportjournal.com\\\/fr\\\/2026\\\/03\\\/09\\\/bifa-nomme-un-representant-regional-pour-les-midlands\\\/#breadcrumb\",\"itemListElement\":[{\"@type\":\"ListItem\",\"position\":1,\"name\":\"Startseite\",\"item\":\"https:\\\/\\\/transportjournal.com\\\/fr\\\/\"},{\"@type\":\"ListItem\",\"position\":2,\"name\":\"Bifa nomme un repr\u00e9sentant r\u00e9gional pour les Midlands\"}]},{\"@type\":\"WebSite\",\"@id\":\"https:\\\/\\\/transportjournal.com\\\/fr\\\/#website\",\"url\":\"https:\\\/\\\/transportjournal.com\\\/fr\\\/\",\"name\":\"ITJ | International Transport Journal\",\"description\":\"Restez inform\u00e9 des derni\u00e8res nouvelles mondiales dans les secteurs du transport, de la logistique et de la cha\u00eene d'approvisionnement. Transport Journal fournit des informations d'experts, des analyses et des mises \u00e0 jour sur le transport maritime, l'aviation, l'intermodalit\u00e9 et l'exp\u00e9dition. \",\"publisher\":{\"@id\":\"https:\\\/\\\/transportjournal.com\\\/fr\\\/#organization\"},\"potentialAction\":[{\"@type\":\"SearchAction\",\"target\":{\"@type\":\"EntryPoint\",\"urlTemplate\":\"https:\\\/\\\/transportjournal.com\\\/fr\\\/?s={search_term_string}\"},\"query-input\":{\"@type\":\"PropertyValueSpecification\",\"valueRequired\":true,\"valueName\":\"search_term_string\"}}],\"inLanguage\":\"fr-FR\"},{\"@type\":\"Organization\",\"@id\":\"https:\\\/\\\/transportjournal.com\\\/fr\\\/#organization\",\"name\":\"Groupe Logismedia AG\",\"alternateName\":\"Logismedia Group AG\",\"url\":\"https:\\\/\\\/transportjournal.com\\\/fr\\\/\",\"logo\":{\"@type\":\"ImageObject\",\"inLanguage\":\"fr-FR\",\"@id\":\"https:\\\/\\\/transportjournal.com\\\/fr\\\/#\\\/schema\\\/logo\\\/image\\\/\",\"url\":\"https:\\\/\\\/transportjournal.com\\\/wp-content\\\/uploads\\\/sites\\\/2\\\/2025\\\/09\\\/Logo_ITJ.png\",\"contentUrl\":\"https:\\\/\\\/transportjournal.com\\\/wp-content\\\/uploads\\\/sites\\\/2\\\/2025\\\/09\\\/Logo_ITJ.png\",\"width\":799,\"height\":326,\"caption\":\"Groupe Logismedia AG\"},\"image\":{\"@id\":\"https:\\\/\\\/transportjournal.com\\\/fr\\\/#\\\/schema\\\/logo\\\/image\\\/\"},\"sameAs\":[\"https:\\\/\\\/www.linkedin.com\\\/company\\\/56456496\\\/admin\\\/dashboard\\\/\",\"https:\\\/\\\/www.instagram.com\\\/logismediagroup\\\/\",\"https:\\\/\\\/www.youtube.com\\\/@LogiamediaGroupAG\"]},{\"@type\":\"Person\",\"@id\":\"https:\\\/\\\/transportjournal.com\\\/fr\\\/#\\\/schema\\\/person\\\/13a9fc605c753db60ef7750a229cd042\",\"name\":\"Gyan Sharan\",\"url\":\"https:\\\/\\\/transportjournal.com\\\/fr\\\/author\\\/gyan\\\/\"}]}<\/script>\n<!-- \/ Yoast SEO plugin. -->","yoast_head_json":{"title":"Bifa nomme un repr\u00e9sentant r\u00e9gional pour les Midlands - ITJ | International Transport Journal","robots":{"index":"index","follow":"follow","max-snippet":"max-snippet:-1","max-image-preview":"max-image-preview:large","max-video-preview":"max-video-preview:-1"},"canonical":"https:\/\/transportjournal.com\/fr\/2026\/03\/09\/bifa-nomme-un-representant-regional-pour-les-midlands\/","og_locale":"fr_FR","og_type":"article","og_title":"Bifa nomme un repr\u00e9sentant r\u00e9gional pour les Midlands - ITJ | International Transport Journal","og_description":"L'Association britannique des transporteurs internationaux a nomm\u00e9 Steve Murray en tant que repr\u00e9sentant r\u00e9gional pour sa nouvelle r\u00e9gion centrale afin d'am\u00e9liorer les \u00e9changes avec les membres.","og_url":"https:\/\/transportjournal.com\/fr\/2026\/03\/09\/bifa-nomme-un-representant-regional-pour-les-midlands\/","og_site_name":"ITJ | International Transport Journal","article_published_time":"2026-03-09T12:56:45+00:00","og_image":[{"width":640,"height":360,"url":"https:\/\/transportjournal.com\/wp-content\/uploads\/sites\/2\/2026\/03\/Bifa-Murray.png","type":"image\/png"}],"author":"Gyan Sharan","twitter_card":"summary_large_image","twitter_misc":{"\u00c9crit par":"Gyan Sharan","Dur\u00e9e de lecture estim\u00e9e":"1 minute"},"schema":{"@context":"https:\/\/schema.org","@graph":[{"@type":"Article","@id":"https:\/\/transportjournal.com\/fr\/2026\/03\/09\/bifa-nomme-un-representant-regional-pour-les-midlands\/#article","isPartOf":{"@id":"https:\/\/transportjournal.com\/fr\/2026\/03\/09\/bifa-nomme-un-representant-regional-pour-les-midlands\/"},"author":{"name":"Gyan Sharan","@id":"https:\/\/transportjournal.com\/fr\/#\/schema\/person\/13a9fc605c753db60ef7750a229cd042"},"headline":"Bifa nomme un repr\u00e9sentant r\u00e9gional pour les Midlands","datePublished":"2026-03-09T12:56:45+00:00","mainEntityOfPage":{"@id":"https:\/\/transportjournal.com\/fr\/2026\/03\/09\/bifa-nomme-un-representant-regional-pour-les-midlands\/"},"wordCount":212,"commentCount":0,"publisher":{"@id":"https:\/\/transportjournal.com\/fr\/#organization"},"image":{"@id":"https:\/\/transportjournal.com\/fr\/2026\/03\/09\/bifa-nomme-un-representant-regional-pour-les-midlands\/#primaryimage"},"thumbnailUrl":"https:\/\/transportjournal.com\/wp-content\/uploads\/sites\/2\/2026\/03\/Bifa-Murray.png","keywords":["adh\u00e9sion Bifa","au nord de Londres","Bifa central region","Bifa membership","Bifa regional representative","Birmingham Transport","comt\u00e9s des Midlands","Deutsch BIFA","d\u00e9veloppement r\u00e9gional logistique","DHL logistics","DHL Logistik","Digitalisierung Logistik","Fachkr\u00e4ftemangel Logistik","FedEx Logistics","freight forwarders Midlands","gestion de la cha\u00eene d'approvisionnement","Grafschaften Midlands English Bifa","industrie du transport","infrastructure logistique","Infrastruktur Logistik","labor shortage logistics","logistics digitalization","logistics infrastructure","logistics Midlands","logistics service providers","Logistik Midlands","Logistikdienstleister","logistique DHL","logistique FedEx","logistique Midlands","logistique Nottingham","Midlands counties Fran\u00e7ais Bifa","Mitgliedschaft Bifa","n\u00f6rdlich von London","north of London","Nottingham logistics","Nottingham Logistik","num\u00e9risation logistique","p\u00e9nurie de main-d'\u0153uvre logistique","Peterborough freight forwarders","Peterborough Spediteure","prestataires de services logistiques","r\u00e9gion centrale Bifa","regional development logistics","Regionalentwicklung Logistik","Regionalvertretung Bifa","repr\u00e9sentant r\u00e9gional Bifa","Spediteure Midlands","Steve Murray Bifa","Supply Chain Management","transitaires Midlands","transitaires Peterborough","transport Birmingham","transport industry","Transportwirtschaft","Zentralregion Bifa"],"articleSection":["L'Europe","Personnes et entreprises"],"inLanguage":"fr-FR","potentialAction":[{"@type":"CommentAction","name":"Comment","target":["https:\/\/transportjournal.com\/fr\/2026\/03\/09\/bifa-nomme-un-representant-regional-pour-les-midlands\/#respond"]}]},{"@type":"WebPage","@id":"https:\/\/transportjournal.com\/fr\/2026\/03\/09\/bifa-nomme-un-representant-regional-pour-les-midlands\/","url":"https:\/\/transportjournal.com\/fr\/2026\/03\/09\/bifa-nomme-un-representant-regional-pour-les-midlands\/","name":"Bifa nomme un repr\u00e9sentant r\u00e9gional pour les Midlands - ITJ | International Transport Journal","isPartOf":{"@id":"https:\/\/transportjournal.com\/fr\/#website"},"primaryImageOfPage":{"@id":"https:\/\/transportjournal.com\/fr\/2026\/03\/09\/bifa-nomme-un-representant-regional-pour-les-midlands\/#primaryimage"},"image":{"@id":"https:\/\/transportjournal.com\/fr\/2026\/03\/09\/bifa-nomme-un-representant-regional-pour-les-midlands\/#primaryimage"},"thumbnailUrl":"https:\/\/transportjournal.com\/wp-content\/uploads\/sites\/2\/2026\/03\/Bifa-Murray.png","datePublished":"2026-03-09T12:56:45+00:00","breadcrumb":{"@id":"https:\/\/transportjournal.com\/fr\/2026\/03\/09\/bifa-nomme-un-representant-regional-pour-les-midlands\/#breadcrumb"},"inLanguage":"fr-FR","potentialAction":[{"@type":"ReadAction","target":["https:\/\/transportjournal.com\/fr\/2026\/03\/09\/bifa-nomme-un-representant-regional-pour-les-midlands\/"]}]},{"@type":"ImageObject","inLanguage":"fr-FR","@id":"https:\/\/transportjournal.com\/fr\/2026\/03\/09\/bifa-nomme-un-representant-regional-pour-les-midlands\/#primaryimage","url":"https:\/\/transportjournal.com\/wp-content\/uploads\/sites\/2\/2026\/03\/Bifa-Murray.png","contentUrl":"https:\/\/transportjournal.com\/wp-content\/uploads\/sites\/2\/2026\/03\/Bifa-Murray.png","width":640,"height":360},{"@type":"BreadcrumbList","@id":"https:\/\/transportjournal.com\/fr\/2026\/03\/09\/bifa-nomme-un-representant-regional-pour-les-midlands\/#breadcrumb","itemListElement":[{"@type":"ListItem","position":1,"name":"Startseite","item":"https:\/\/transportjournal.com\/fr\/"},{"@type":"ListItem","position":2,"name":"Bifa nomme un repr\u00e9sentant r\u00e9gional pour les Midlands"}]},{"@type":"WebSite","@id":"https:\/\/transportjournal.com\/fr\/#website","url":"https:\/\/transportjournal.com\/fr\/","name":"ITJ | International Transport Journal","description":"Restez inform\u00e9 des derni\u00e8res nouvelles mondiales dans les secteurs du transport, de la logistique et de la cha\u00eene d'approvisionnement. Transport Journal fournit des informations d'experts, des analyses et des mises \u00e0 jour sur le transport maritime, l'aviation, l'intermodalit\u00e9 et l'exp\u00e9dition. ","publisher":{"@id":"https:\/\/transportjournal.com\/fr\/#organization"},"potentialAction":[{"@type":"SearchAction","target":{"@type":"EntryPoint","urlTemplate":"https:\/\/transportjournal.com\/fr\/?s={search_term_string}"},"query-input":{"@type":"PropertyValueSpecification","valueRequired":true,"valueName":"search_term_string"}}],"inLanguage":"fr-FR"},{"@type":"Organization","@id":"https:\/\/transportjournal.com\/fr\/#organization","name":"Groupe Logismedia AG","alternateName":"Logismedia Group AG","url":"https:\/\/transportjournal.com\/fr\/","logo":{"@type":"ImageObject","inLanguage":"fr-FR","@id":"https:\/\/transportjournal.com\/fr\/#\/schema\/logo\/image\/","url":"https:\/\/transportjournal.com\/wp-content\/uploads\/sites\/2\/2025\/09\/Logo_ITJ.png","contentUrl":"https:\/\/transportjournal.com\/wp-content\/uploads\/sites\/2\/2025\/09\/Logo_ITJ.png","width":799,"height":326,"caption":"Groupe Logismedia AG"},"image":{"@id":"https:\/\/transportjournal.com\/fr\/#\/schema\/logo\/image\/"},"sameAs":["https:\/\/www.linkedin.com\/company\/56456496\/admin\/dashboard\/","https:\/\/www.instagram.com\/logismediagroup\/","https:\/\/www.youtube.com\/@LogiamediaGroupAG"]},{"@type":"Person","@id":"https:\/\/transportjournal.com\/fr\/#\/schema\/person\/13a9fc605c753db60ef7750a229cd042","name":"Gyan Sharan","url":"https:\/\/transportjournal.com\/fr\/author\/gyan\/"}]}},"_links":{"self":[{"href":"https:\/\/transportjournal.com\/fr\/wp-json\/wp\/v2\/posts\/79995","targetHints":{"allow":["GET"]}}],"collection":[{"href":"https:\/\/transportjournal.com\/fr\/wp-json\/wp\/v2\/posts"}],"about":[{"href":"https:\/\/transportjournal.com\/fr\/wp-json\/wp\/v2\/types\/post"}],"author":[{"embeddable":true,"href":"https:\/\/transportjournal.com\/fr\/wp-json\/wp\/v2\/users\/14"}],"replies":[{"embeddable":true,"href":"https:\/\/transportjournal.com\/fr\/wp-json\/wp\/v2\/comments?post=79995"}],"version-history":[{"count":0,"href":"https:\/\/transportjournal.com\/fr\/wp-json\/wp\/v2\/posts\/79995\/revisions"}],"wp:featuredmedia":[{"embeddable":true,"href":"https:\/\/transportjournal.com\/fr\/wp-json\/wp\/v2\/media\/79993"}],"wp:attachment":[{"href":"https:\/\/transportjournal.com\/fr\/wp-json\/wp\/v2\/media?parent=79995"}],"wp:term":[{"taxonomy":"category","embeddable":true,"href":"https:\/\/transportjournal.com\/fr\/wp-json\/wp\/v2\/categories?post=79995"},{"taxonomy":"post_tag","embeddable":true,"href":"https:\/\/transportjournal.com\/fr\/wp-json\/wp\/v2\/tags?post=79995"}],"curies":[{"name":"wp","href":"https:\/\/api.w.org\/{rel}","templated":true}]}}