{"id":79972,"date":"2026-03-09T11:41:31","date_gmt":"2026-03-09T11:41:31","guid":{"rendered":"https:\/\/transportjournal.com\/2026\/03\/09\/gebrueder-weiss-augmente-legerement-son-chiffre-daffaires\/"},"modified":"2026-03-09T11:41:31","modified_gmt":"2026-03-09T11:41:31","slug":"gebrueder-weiss-augmente-legerement-son-chiffre-daffaires","status":"publish","type":"post","link":"https:\/\/transportjournal.com\/fr\/2026\/03\/09\/gebrueder-weiss-augmente-legerement-son-chiffre-daffaires\/","title":{"rendered":"Gebr\u00fcder Weiss augmente l\u00e9g\u00e8rement son chiffre d&rsquo;affaires"},"content":{"rendered":"<p>Gebr\u00fcder Weiss a cl\u00f4tur\u00e9 l&#8217;exercice 2025 avec un chiffre d&#8217;affaires net de 2,73 milliards d&#8217;euros, ce qui repr\u00e9sente une l\u00e9g\u00e8re augmentation par rapport \u00e0 l&#8217;ann\u00e9e pr\u00e9c\u00e9dente, o\u00f9 le chiffre d&#8217;affaires s&#8217;\u00e9levait \u00e0 2,71 milliards d&#8217;euros. Malgr\u00e9 les conditions \u00e9conomiques difficiles en Europe, l&#8217;entreprise a r\u00e9ussi \u00e0 gagner des parts de march\u00e9 et \u00e0 accro\u00eetre sa productivit\u00e9, comme elle l&#8217;a r\u00e9cemment communiqu\u00e9.<\/p>\n<p>Wolfram Senger-Weiss, pr\u00e9sident de la direction, souligne la r\u00e9silience de l&#8217;entreprise : \u00ab <span data-olk-copy-source=\"MessageBody\">Les conditions \u00e9conomiques \u00e9taient exigeantes en 2025 \u2013 en particulier sur nos march\u00e9s cl\u00e9s d&#8217;Europe centrale. Le fait que nous ayons n\u00e9anmoins l\u00e9g\u00e8rement progress\u00e9 tout en continuant \u00e0 investir montre la performance et la solidit\u00e9 financi\u00e8re de notre organisation<\/span> \u00bb. Il ajoute que l&#8217;Europe reste le pilier de l&#8217;activit\u00e9, tout en saisissant les opportunit\u00e9s sur les march\u00e9s de croissance mondiaux pour d\u00e9velopper le r\u00e9seau.<\/p>\n<h3>Base financi\u00e8re stable et effectif constant<\/h3>\n<p>Le ratio de fonds propres est rest\u00e9 stable selon l&#8217;entreprise, avec plus de 60 pour cent. Le nombre d&#8217;employ\u00e9s est rest\u00e9 constant \u00e0 environ 8 600. Dans le secteur du transport terrestre en Europe, Gebr\u00fcder Weiss a r\u00e9alis\u00e9 un chiffre d&#8217;affaires de 1,55 milliard d&#8217;euros, ce qui repr\u00e9sente une l\u00e9g\u00e8re augmentation par rapport \u00e0 1,52 milliard d&#8217;euros en 2024. Bien que le chiffre d&#8217;affaires en Allemagne ait l\u00e9g\u00e8rement diminu\u00e9, l&#8217;entreprise a r\u00e9ussi \u00e0 y gagner des parts de march\u00e9. En Europe de l&#8217;Est, la position a \u00e9galement \u00e9t\u00e9 renforc\u00e9e selon les informations de l&#8217;entreprise de logistique. Cela a eu un impact positif sur l&#8217;activit\u00e9 de livraison \u00e0 domicile, qui a enregistr\u00e9 1,36 million de livraisons, contre 1,31 million l&#8217;ann\u00e9e pr\u00e9c\u00e9dente.<\/p>\n<h3>D\u00e9veloppement dans le transport a\u00e9rien et maritime<\/h3>\n<p>Dans le secteur Air &amp; Sea, les volumes transport\u00e9s ont augment\u00e9, notamment entre l&#8217;Asie et l&#8217;Europe ainsi que dans le commerce asiatique. Dans le secteur du fret a\u00e9rien, les volumes ont principalement augment\u00e9 dans le commerce \u00e9lectronique entre la Chine et l&#8217;Europe. Cependant, en raison de la baisse des tarifs de fret, le chiffre d&#8217;affaires dans ce segment s&#8217;est \u00e9tabli \u00e0 913 millions d&#8217;euros, l\u00e9g\u00e8rement en dessous du chiffre de l&#8217;ann\u00e9e pr\u00e9c\u00e9dente de 929 millions d&#8217;euros, selon Gebr\u00fcder Weiss. Dans la logistique, l&#8217;entreprise signale \u00e9galement des augmentations : dans la logistique contractuelle et la gestion de la cha\u00eene d&#8217;approvisionnement, elle observe une augmentation de sept pour cent pour atteindre 147 millions d&#8217;euros.<\/p>\n<p><a href=\"https:\/\/www.gw-world.com\/\" target=\"_blank\" rel=\"noopener noreferrer\">www.gw-world.com<\/a><\/p>\n","protected":false},"excerpt":{"rendered":"<p>L&rsquo;entreprise Gebr\u00fcder Weiss a r\u00e9alis\u00e9 un chiffre d&rsquo;affaires net de 2,73 milliards d&rsquo;euros en 2025 et a pu gagner des parts de march\u00e9 et investir malgr\u00e9 des conditions difficiles en Europe.<\/p>\n","protected":false},"author":10,"featured_media":79970,"comment_status":"open","ping_status":"","sticky":false,"template":"","format":"standard","meta":{"_acf_changed":false,"footnotes":""},"categories":[1581,1580,1587],"tags":[2648,21947,10065,24914,3739,2211,2212,5090,5091,24443,21956,24915,24916,24917,24918,24444,2655,24919,22018,2123,21100,7673,2125,3745,2075,24920,24921,7680,2469,1831,3750,5108,1962,21108,22025,24922,24458,3756,3757,2481,2193,24923,5611,1916,5068,5071,2106,2242,3125,24924,2243,24925,24926,5621,21112,21980],"class_list":["post-79972","post","type-post","status-publish","format-standard","has-post-thumbnail","hentry","category-expedition-et-logistique","category-intermodal-route","category-leurope","tag-air-freight","tag-conditions-economiques","tag-croissance-du-chiffre-daffaires","tag-deutsch-gebrueder-weiss","tag-developpement-des-infrastructures","tag-digital-transformation","tag-digitale-transformation","tag-e-commerce-logistics","tag-e-commerce-logistik","tag-eastern-europe","tag-economic-conditions","tag-effectif","tag-eigenkapitalquote","tag-employee-count","tag-equity-ratio","tag-europe-de-lest","tag-fret-aerien","tag-gain-de-parts-de-marche","tag-gaining-market-share","tag-gestion-de-la-chaine-dapprovisionnement","tag-growth-markets","tag-home-delivery","tag-industrie-du-transport","tag-infrastructure-development","tag-infrastrukturentwicklung","tag-land-transport-europe","tag-landtransport-europa","tag-livraison-a-domicile","tag-logistics-service-provider","tag-logistikdienstleister","tag-logistique-de-colis","tag-logistique-e-commerce","tag-luftfracht","tag-marches-en-croissance","tag-marktanteile-gewinnen","tag-mitarbeiterzahl","tag-osteuropa","tag-paketlogistik","tag-parcel-logistics","tag-prestataire-logistique","tag-rail-freight-transport","tag-ratio-dequite","tag-revenue-growth","tag-schienengueterverkehr","tag-sea-transport","tag-seetransport","tag-supply-chain-management","tag-transformation-numerique","tag-transport-ferroviaire-de-marchandises","tag-transport-industry-francais-gebrueder-weiss","tag-transport-maritime","tag-transport-terrestre-europe","tag-transportwirtschaft-english-gebrueder-weiss","tag-umsatzsteigerung","tag-wachstumsmaerkte","tag-wirtschaftliche-rahmenbedingungen"],"acf":[],"yoast_head":"<!-- This site is optimized with the Yoast SEO plugin v27.3 - https:\/\/yoast.com\/product\/yoast-seo-wordpress\/ -->\n<title>Gebr\u00fcder Weiss augmente l\u00e9g\u00e8rement son chiffre d&#8217;affaires - ITJ | International Transport Journal<\/title>\n<meta name=\"robots\" content=\"index, follow, max-snippet:-1, max-image-preview:large, max-video-preview:-1\" \/>\n<link rel=\"canonical\" href=\"https:\/\/transportjournal.com\/fr\/2026\/03\/09\/gebrueder-weiss-augmente-legerement-son-chiffre-daffaires\/\" \/>\n<meta property=\"og:locale\" content=\"fr_FR\" \/>\n<meta property=\"og:type\" content=\"article\" \/>\n<meta property=\"og:title\" content=\"Gebr\u00fcder Weiss augmente l\u00e9g\u00e8rement son chiffre d&#8217;affaires - ITJ | International Transport Journal\" \/>\n<meta property=\"og:description\" content=\"L&#039;entreprise Gebr\u00fcder Weiss a r\u00e9alis\u00e9 un chiffre d&#039;affaires net de 2,73 milliards d&#039;euros en 2025 et a pu gagner des parts de march\u00e9 et investir malgr\u00e9 des conditions difficiles en Europe.\" \/>\n<meta property=\"og:url\" content=\"https:\/\/transportjournal.com\/fr\/2026\/03\/09\/gebrueder-weiss-augmente-legerement-son-chiffre-daffaires\/\" \/>\n<meta property=\"og:site_name\" content=\"ITJ | International Transport Journal\" \/>\n<meta property=\"article:published_time\" content=\"2026-03-09T11:41:31+00:00\" \/>\n<meta property=\"og:image\" content=\"https:\/\/transportjournal.com\/wp-content\/uploads\/sites\/2\/2026\/03\/6_e-mobility-scaled-aspect-ratio-1400-788-scaled-1.jpeg\" \/>\n\t<meta property=\"og:image:width\" content=\"2560\" \/>\n\t<meta property=\"og:image:height\" content=\"1441\" \/>\n\t<meta property=\"og:image:type\" content=\"image\/jpeg\" \/>\n<meta name=\"author\" content=\"Jeremy Soland\" \/>\n<meta name=\"twitter:card\" content=\"summary_large_image\" \/>\n<meta name=\"twitter:label1\" content=\"\u00c9crit par\" \/>\n\t<meta name=\"twitter:data1\" content=\"Jeremy Soland\" \/>\n\t<meta name=\"twitter:label2\" content=\"Dur\u00e9e de lecture estim\u00e9e\" \/>\n\t<meta name=\"twitter:data2\" content=\"2 minutes\" \/>\n<script type=\"application\/ld+json\" class=\"yoast-schema-graph\">{\"@context\":\"https:\\\/\\\/schema.org\",\"@graph\":[{\"@type\":\"Article\",\"@id\":\"https:\\\/\\\/transportjournal.com\\\/fr\\\/2026\\\/03\\\/09\\\/gebrueder-weiss-augmente-legerement-son-chiffre-daffaires\\\/#article\",\"isPartOf\":{\"@id\":\"https:\\\/\\\/transportjournal.com\\\/fr\\\/2026\\\/03\\\/09\\\/gebrueder-weiss-augmente-legerement-son-chiffre-daffaires\\\/\"},\"author\":{\"name\":\"Jeremy Soland\",\"@id\":\"https:\\\/\\\/transportjournal.com\\\/fr\\\/#\\\/schema\\\/person\\\/41d36b5474b623392fa613e97e2363fa\"},\"headline\":\"Gebr\u00fcder Weiss augmente l\u00e9g\u00e8rement son chiffre d&rsquo;affaires\",\"datePublished\":\"2026-03-09T11:41:31+00:00\",\"mainEntityOfPage\":{\"@id\":\"https:\\\/\\\/transportjournal.com\\\/fr\\\/2026\\\/03\\\/09\\\/gebrueder-weiss-augmente-legerement-son-chiffre-daffaires\\\/\"},\"wordCount\":450,\"commentCount\":0,\"publisher\":{\"@id\":\"https:\\\/\\\/transportjournal.com\\\/fr\\\/#organization\"},\"image\":{\"@id\":\"https:\\\/\\\/transportjournal.com\\\/fr\\\/2026\\\/03\\\/09\\\/gebrueder-weiss-augmente-legerement-son-chiffre-daffaires\\\/#primaryimage\"},\"thumbnailUrl\":\"https:\\\/\\\/transportjournal.com\\\/wp-content\\\/uploads\\\/sites\\\/2\\\/2026\\\/03\\\/6_e-mobility-scaled-aspect-ratio-1400-788-scaled-1.jpeg\",\"keywords\":[\"air freight\",\"conditions \u00e9conomiques\",\"croissance du chiffre d'affaires\",\"Deutsch Gebr\u00fcder Weiss\",\"d\u00e9veloppement des infrastructures\",\"digital transformation\",\"digitale Transformation\",\"e-commerce logistics\",\"E-Commerce Logistik\",\"Eastern Europe\",\"economic conditions\",\"effectif\",\"Eigenkapitalquote\",\"employee count\",\"equity ratio\",\"Europe de l'Est\",\"fret a\u00e9rien\",\"gain de parts de march\u00e9\",\"gaining market share\",\"gestion de la cha\u00eene d'approvisionnement\",\"growth markets\",\"Home Delivery\",\"industrie du transport\",\"infrastructure development\",\"Infrastrukturentwicklung\",\"land transport Europe\",\"Landtransport Europa\",\"livraison \u00e0 domicile\",\"logistics service provider\",\"Logistikdienstleister\",\"logistique de colis\",\"logistique e-commerce\",\"Luftfracht\",\"march\u00e9s en croissance\",\"Marktanteile gewinnen\",\"Mitarbeiterzahl\",\"Osteuropa\",\"Paketlogistik\",\"parcel logistics\",\"prestataire logistique\",\"rail freight transport\",\"ratio d'\u00e9quit\u00e9\",\"revenue growth\",\"Schieneng\u00fcterverkehr\",\"sea transport\",\"Seetransport\",\"Supply Chain Management\",\"transformation num\u00e9rique\",\"transport ferroviaire de marchandises\",\"transport industry Fran\u00e7ais Gebr\u00fcder Weiss\",\"transport maritime\",\"transport terrestre Europe\",\"Transportwirtschaft English Gebr\u00fcder Weiss\",\"Umsatzsteigerung\",\"Wachstumsm\u00e4rkte\",\"wirtschaftliche Rahmenbedingungen\"],\"articleSection\":[\"Exp\u00e9dition de fret et logistique\",\"Intermodal \\\/ Route\",\"L'Europe\"],\"inLanguage\":\"fr-FR\",\"potentialAction\":[{\"@type\":\"CommentAction\",\"name\":\"Comment\",\"target\":[\"https:\\\/\\\/transportjournal.com\\\/fr\\\/2026\\\/03\\\/09\\\/gebrueder-weiss-augmente-legerement-son-chiffre-daffaires\\\/#respond\"]}]},{\"@type\":\"WebPage\",\"@id\":\"https:\\\/\\\/transportjournal.com\\\/fr\\\/2026\\\/03\\\/09\\\/gebrueder-weiss-augmente-legerement-son-chiffre-daffaires\\\/\",\"url\":\"https:\\\/\\\/transportjournal.com\\\/fr\\\/2026\\\/03\\\/09\\\/gebrueder-weiss-augmente-legerement-son-chiffre-daffaires\\\/\",\"name\":\"Gebr\u00fcder Weiss augmente l\u00e9g\u00e8rement son chiffre d&#8217;affaires - ITJ | International Transport Journal\",\"isPartOf\":{\"@id\":\"https:\\\/\\\/transportjournal.com\\\/fr\\\/#website\"},\"primaryImageOfPage\":{\"@id\":\"https:\\\/\\\/transportjournal.com\\\/fr\\\/2026\\\/03\\\/09\\\/gebrueder-weiss-augmente-legerement-son-chiffre-daffaires\\\/#primaryimage\"},\"image\":{\"@id\":\"https:\\\/\\\/transportjournal.com\\\/fr\\\/2026\\\/03\\\/09\\\/gebrueder-weiss-augmente-legerement-son-chiffre-daffaires\\\/#primaryimage\"},\"thumbnailUrl\":\"https:\\\/\\\/transportjournal.com\\\/wp-content\\\/uploads\\\/sites\\\/2\\\/2026\\\/03\\\/6_e-mobility-scaled-aspect-ratio-1400-788-scaled-1.jpeg\",\"datePublished\":\"2026-03-09T11:41:31+00:00\",\"breadcrumb\":{\"@id\":\"https:\\\/\\\/transportjournal.com\\\/fr\\\/2026\\\/03\\\/09\\\/gebrueder-weiss-augmente-legerement-son-chiffre-daffaires\\\/#breadcrumb\"},\"inLanguage\":\"fr-FR\",\"potentialAction\":[{\"@type\":\"ReadAction\",\"target\":[\"https:\\\/\\\/transportjournal.com\\\/fr\\\/2026\\\/03\\\/09\\\/gebrueder-weiss-augmente-legerement-son-chiffre-daffaires\\\/\"]}]},{\"@type\":\"ImageObject\",\"inLanguage\":\"fr-FR\",\"@id\":\"https:\\\/\\\/transportjournal.com\\\/fr\\\/2026\\\/03\\\/09\\\/gebrueder-weiss-augmente-legerement-son-chiffre-daffaires\\\/#primaryimage\",\"url\":\"https:\\\/\\\/transportjournal.com\\\/wp-content\\\/uploads\\\/sites\\\/2\\\/2026\\\/03\\\/6_e-mobility-scaled-aspect-ratio-1400-788-scaled-1.jpeg\",\"contentUrl\":\"https:\\\/\\\/transportjournal.com\\\/wp-content\\\/uploads\\\/sites\\\/2\\\/2026\\\/03\\\/6_e-mobility-scaled-aspect-ratio-1400-788-scaled-1.jpeg\",\"width\":2560,\"height\":1441},{\"@type\":\"BreadcrumbList\",\"@id\":\"https:\\\/\\\/transportjournal.com\\\/fr\\\/2026\\\/03\\\/09\\\/gebrueder-weiss-augmente-legerement-son-chiffre-daffaires\\\/#breadcrumb\",\"itemListElement\":[{\"@type\":\"ListItem\",\"position\":1,\"name\":\"Startseite\",\"item\":\"https:\\\/\\\/transportjournal.com\\\/fr\\\/\"},{\"@type\":\"ListItem\",\"position\":2,\"name\":\"Gebr\u00fcder Weiss augmente l\u00e9g\u00e8rement son chiffre d&rsquo;affaires\"}]},{\"@type\":\"WebSite\",\"@id\":\"https:\\\/\\\/transportjournal.com\\\/fr\\\/#website\",\"url\":\"https:\\\/\\\/transportjournal.com\\\/fr\\\/\",\"name\":\"ITJ | International Transport Journal\",\"description\":\"Restez inform\u00e9 des derni\u00e8res nouvelles mondiales dans les secteurs du transport, de la logistique et de la cha\u00eene d'approvisionnement. Transport Journal fournit des informations d'experts, des analyses et des mises \u00e0 jour sur le transport maritime, l'aviation, l'intermodalit\u00e9 et l'exp\u00e9dition. \",\"publisher\":{\"@id\":\"https:\\\/\\\/transportjournal.com\\\/fr\\\/#organization\"},\"potentialAction\":[{\"@type\":\"SearchAction\",\"target\":{\"@type\":\"EntryPoint\",\"urlTemplate\":\"https:\\\/\\\/transportjournal.com\\\/fr\\\/?s={search_term_string}\"},\"query-input\":{\"@type\":\"PropertyValueSpecification\",\"valueRequired\":true,\"valueName\":\"search_term_string\"}}],\"inLanguage\":\"fr-FR\"},{\"@type\":\"Organization\",\"@id\":\"https:\\\/\\\/transportjournal.com\\\/fr\\\/#organization\",\"name\":\"Groupe Logismedia AG\",\"alternateName\":\"Logismedia Group AG\",\"url\":\"https:\\\/\\\/transportjournal.com\\\/fr\\\/\",\"logo\":{\"@type\":\"ImageObject\",\"inLanguage\":\"fr-FR\",\"@id\":\"https:\\\/\\\/transportjournal.com\\\/fr\\\/#\\\/schema\\\/logo\\\/image\\\/\",\"url\":\"https:\\\/\\\/transportjournal.com\\\/wp-content\\\/uploads\\\/sites\\\/2\\\/2025\\\/09\\\/Logo_ITJ.png\",\"contentUrl\":\"https:\\\/\\\/transportjournal.com\\\/wp-content\\\/uploads\\\/sites\\\/2\\\/2025\\\/09\\\/Logo_ITJ.png\",\"width\":799,\"height\":326,\"caption\":\"Groupe Logismedia AG\"},\"image\":{\"@id\":\"https:\\\/\\\/transportjournal.com\\\/fr\\\/#\\\/schema\\\/logo\\\/image\\\/\"},\"sameAs\":[\"https:\\\/\\\/www.linkedin.com\\\/company\\\/56456496\\\/admin\\\/dashboard\\\/\",\"https:\\\/\\\/www.instagram.com\\\/logismediagroup\\\/\",\"https:\\\/\\\/www.youtube.com\\\/@LogiamediaGroupAG\"]},{\"@type\":\"Person\",\"@id\":\"https:\\\/\\\/transportjournal.com\\\/fr\\\/#\\\/schema\\\/person\\\/41d36b5474b623392fa613e97e2363fa\",\"name\":\"Jeremy Soland\",\"url\":\"https:\\\/\\\/transportjournal.com\\\/fr\\\/author\\\/jeremy\\\/\"}]}<\/script>\n<!-- \/ Yoast SEO plugin. -->","yoast_head_json":{"title":"Gebr\u00fcder Weiss augmente l\u00e9g\u00e8rement son chiffre d&#8217;affaires - ITJ | International Transport Journal","robots":{"index":"index","follow":"follow","max-snippet":"max-snippet:-1","max-image-preview":"max-image-preview:large","max-video-preview":"max-video-preview:-1"},"canonical":"https:\/\/transportjournal.com\/fr\/2026\/03\/09\/gebrueder-weiss-augmente-legerement-son-chiffre-daffaires\/","og_locale":"fr_FR","og_type":"article","og_title":"Gebr\u00fcder Weiss augmente l\u00e9g\u00e8rement son chiffre d&#8217;affaires - ITJ | International Transport Journal","og_description":"L'entreprise Gebr\u00fcder Weiss a r\u00e9alis\u00e9 un chiffre d'affaires net de 2,73 milliards d'euros en 2025 et a pu gagner des parts de march\u00e9 et investir malgr\u00e9 des conditions difficiles en Europe.","og_url":"https:\/\/transportjournal.com\/fr\/2026\/03\/09\/gebrueder-weiss-augmente-legerement-son-chiffre-daffaires\/","og_site_name":"ITJ | International Transport Journal","article_published_time":"2026-03-09T11:41:31+00:00","og_image":[{"width":2560,"height":1441,"url":"https:\/\/transportjournal.com\/wp-content\/uploads\/sites\/2\/2026\/03\/6_e-mobility-scaled-aspect-ratio-1400-788-scaled-1.jpeg","type":"image\/jpeg"}],"author":"Jeremy Soland","twitter_card":"summary_large_image","twitter_misc":{"\u00c9crit par":"Jeremy Soland","Dur\u00e9e de lecture estim\u00e9e":"2 minutes"},"schema":{"@context":"https:\/\/schema.org","@graph":[{"@type":"Article","@id":"https:\/\/transportjournal.com\/fr\/2026\/03\/09\/gebrueder-weiss-augmente-legerement-son-chiffre-daffaires\/#article","isPartOf":{"@id":"https:\/\/transportjournal.com\/fr\/2026\/03\/09\/gebrueder-weiss-augmente-legerement-son-chiffre-daffaires\/"},"author":{"name":"Jeremy Soland","@id":"https:\/\/transportjournal.com\/fr\/#\/schema\/person\/41d36b5474b623392fa613e97e2363fa"},"headline":"Gebr\u00fcder Weiss augmente l\u00e9g\u00e8rement son chiffre d&rsquo;affaires","datePublished":"2026-03-09T11:41:31+00:00","mainEntityOfPage":{"@id":"https:\/\/transportjournal.com\/fr\/2026\/03\/09\/gebrueder-weiss-augmente-legerement-son-chiffre-daffaires\/"},"wordCount":450,"commentCount":0,"publisher":{"@id":"https:\/\/transportjournal.com\/fr\/#organization"},"image":{"@id":"https:\/\/transportjournal.com\/fr\/2026\/03\/09\/gebrueder-weiss-augmente-legerement-son-chiffre-daffaires\/#primaryimage"},"thumbnailUrl":"https:\/\/transportjournal.com\/wp-content\/uploads\/sites\/2\/2026\/03\/6_e-mobility-scaled-aspect-ratio-1400-788-scaled-1.jpeg","keywords":["air freight","conditions \u00e9conomiques","croissance du chiffre d'affaires","Deutsch Gebr\u00fcder Weiss","d\u00e9veloppement des infrastructures","digital transformation","digitale Transformation","e-commerce logistics","E-Commerce Logistik","Eastern Europe","economic conditions","effectif","Eigenkapitalquote","employee count","equity ratio","Europe de l'Est","fret a\u00e9rien","gain de parts de march\u00e9","gaining market share","gestion de la cha\u00eene d'approvisionnement","growth markets","Home Delivery","industrie du transport","infrastructure development","Infrastrukturentwicklung","land transport Europe","Landtransport Europa","livraison \u00e0 domicile","logistics service provider","Logistikdienstleister","logistique de colis","logistique e-commerce","Luftfracht","march\u00e9s en croissance","Marktanteile gewinnen","Mitarbeiterzahl","Osteuropa","Paketlogistik","parcel logistics","prestataire logistique","rail freight transport","ratio d'\u00e9quit\u00e9","revenue growth","Schieneng\u00fcterverkehr","sea transport","Seetransport","Supply Chain Management","transformation num\u00e9rique","transport ferroviaire de marchandises","transport industry Fran\u00e7ais Gebr\u00fcder Weiss","transport maritime","transport terrestre Europe","Transportwirtschaft English Gebr\u00fcder Weiss","Umsatzsteigerung","Wachstumsm\u00e4rkte","wirtschaftliche Rahmenbedingungen"],"articleSection":["Exp\u00e9dition de fret et logistique","Intermodal \/ Route","L'Europe"],"inLanguage":"fr-FR","potentialAction":[{"@type":"CommentAction","name":"Comment","target":["https:\/\/transportjournal.com\/fr\/2026\/03\/09\/gebrueder-weiss-augmente-legerement-son-chiffre-daffaires\/#respond"]}]},{"@type":"WebPage","@id":"https:\/\/transportjournal.com\/fr\/2026\/03\/09\/gebrueder-weiss-augmente-legerement-son-chiffre-daffaires\/","url":"https:\/\/transportjournal.com\/fr\/2026\/03\/09\/gebrueder-weiss-augmente-legerement-son-chiffre-daffaires\/","name":"Gebr\u00fcder Weiss augmente l\u00e9g\u00e8rement son chiffre d&#8217;affaires - ITJ | International Transport Journal","isPartOf":{"@id":"https:\/\/transportjournal.com\/fr\/#website"},"primaryImageOfPage":{"@id":"https:\/\/transportjournal.com\/fr\/2026\/03\/09\/gebrueder-weiss-augmente-legerement-son-chiffre-daffaires\/#primaryimage"},"image":{"@id":"https:\/\/transportjournal.com\/fr\/2026\/03\/09\/gebrueder-weiss-augmente-legerement-son-chiffre-daffaires\/#primaryimage"},"thumbnailUrl":"https:\/\/transportjournal.com\/wp-content\/uploads\/sites\/2\/2026\/03\/6_e-mobility-scaled-aspect-ratio-1400-788-scaled-1.jpeg","datePublished":"2026-03-09T11:41:31+00:00","breadcrumb":{"@id":"https:\/\/transportjournal.com\/fr\/2026\/03\/09\/gebrueder-weiss-augmente-legerement-son-chiffre-daffaires\/#breadcrumb"},"inLanguage":"fr-FR","potentialAction":[{"@type":"ReadAction","target":["https:\/\/transportjournal.com\/fr\/2026\/03\/09\/gebrueder-weiss-augmente-legerement-son-chiffre-daffaires\/"]}]},{"@type":"ImageObject","inLanguage":"fr-FR","@id":"https:\/\/transportjournal.com\/fr\/2026\/03\/09\/gebrueder-weiss-augmente-legerement-son-chiffre-daffaires\/#primaryimage","url":"https:\/\/transportjournal.com\/wp-content\/uploads\/sites\/2\/2026\/03\/6_e-mobility-scaled-aspect-ratio-1400-788-scaled-1.jpeg","contentUrl":"https:\/\/transportjournal.com\/wp-content\/uploads\/sites\/2\/2026\/03\/6_e-mobility-scaled-aspect-ratio-1400-788-scaled-1.jpeg","width":2560,"height":1441},{"@type":"BreadcrumbList","@id":"https:\/\/transportjournal.com\/fr\/2026\/03\/09\/gebrueder-weiss-augmente-legerement-son-chiffre-daffaires\/#breadcrumb","itemListElement":[{"@type":"ListItem","position":1,"name":"Startseite","item":"https:\/\/transportjournal.com\/fr\/"},{"@type":"ListItem","position":2,"name":"Gebr\u00fcder Weiss augmente l\u00e9g\u00e8rement son chiffre d&rsquo;affaires"}]},{"@type":"WebSite","@id":"https:\/\/transportjournal.com\/fr\/#website","url":"https:\/\/transportjournal.com\/fr\/","name":"ITJ | International Transport Journal","description":"Restez inform\u00e9 des derni\u00e8res nouvelles mondiales dans les secteurs du transport, de la logistique et de la cha\u00eene d'approvisionnement. Transport Journal fournit des informations d'experts, des analyses et des mises \u00e0 jour sur le transport maritime, l'aviation, l'intermodalit\u00e9 et l'exp\u00e9dition. ","publisher":{"@id":"https:\/\/transportjournal.com\/fr\/#organization"},"potentialAction":[{"@type":"SearchAction","target":{"@type":"EntryPoint","urlTemplate":"https:\/\/transportjournal.com\/fr\/?s={search_term_string}"},"query-input":{"@type":"PropertyValueSpecification","valueRequired":true,"valueName":"search_term_string"}}],"inLanguage":"fr-FR"},{"@type":"Organization","@id":"https:\/\/transportjournal.com\/fr\/#organization","name":"Groupe Logismedia AG","alternateName":"Logismedia Group AG","url":"https:\/\/transportjournal.com\/fr\/","logo":{"@type":"ImageObject","inLanguage":"fr-FR","@id":"https:\/\/transportjournal.com\/fr\/#\/schema\/logo\/image\/","url":"https:\/\/transportjournal.com\/wp-content\/uploads\/sites\/2\/2025\/09\/Logo_ITJ.png","contentUrl":"https:\/\/transportjournal.com\/wp-content\/uploads\/sites\/2\/2025\/09\/Logo_ITJ.png","width":799,"height":326,"caption":"Groupe Logismedia AG"},"image":{"@id":"https:\/\/transportjournal.com\/fr\/#\/schema\/logo\/image\/"},"sameAs":["https:\/\/www.linkedin.com\/company\/56456496\/admin\/dashboard\/","https:\/\/www.instagram.com\/logismediagroup\/","https:\/\/www.youtube.com\/@LogiamediaGroupAG"]},{"@type":"Person","@id":"https:\/\/transportjournal.com\/fr\/#\/schema\/person\/41d36b5474b623392fa613e97e2363fa","name":"Jeremy Soland","url":"https:\/\/transportjournal.com\/fr\/author\/jeremy\/"}]}},"_links":{"self":[{"href":"https:\/\/transportjournal.com\/fr\/wp-json\/wp\/v2\/posts\/79972","targetHints":{"allow":["GET"]}}],"collection":[{"href":"https:\/\/transportjournal.com\/fr\/wp-json\/wp\/v2\/posts"}],"about":[{"href":"https:\/\/transportjournal.com\/fr\/wp-json\/wp\/v2\/types\/post"}],"author":[{"embeddable":true,"href":"https:\/\/transportjournal.com\/fr\/wp-json\/wp\/v2\/users\/10"}],"replies":[{"embeddable":true,"href":"https:\/\/transportjournal.com\/fr\/wp-json\/wp\/v2\/comments?post=79972"}],"version-history":[{"count":0,"href":"https:\/\/transportjournal.com\/fr\/wp-json\/wp\/v2\/posts\/79972\/revisions"}],"wp:featuredmedia":[{"embeddable":true,"href":"https:\/\/transportjournal.com\/fr\/wp-json\/wp\/v2\/media\/79970"}],"wp:attachment":[{"href":"https:\/\/transportjournal.com\/fr\/wp-json\/wp\/v2\/media?parent=79972"}],"wp:term":[{"taxonomy":"category","embeddable":true,"href":"https:\/\/transportjournal.com\/fr\/wp-json\/wp\/v2\/categories?post=79972"},{"taxonomy":"post_tag","embeddable":true,"href":"https:\/\/transportjournal.com\/fr\/wp-json\/wp\/v2\/tags?post=79972"}],"curies":[{"name":"wp","href":"https:\/\/api.w.org\/{rel}","templated":true}]}}