{"id":75047,"date":"2026-01-29T10:00:12","date_gmt":"2026-01-29T10:00:12","guid":{"rendered":"https:\/\/transportjournal.com\/2026\/01\/29\/ulla-eithz-nielsen-nouvelle-coo-adjointe\/"},"modified":"2026-01-29T10:00:12","modified_gmt":"2026-01-29T10:00:12","slug":"ulla-eithz-nielsen-nouvelle-coo-adjointe","status":"publish","type":"post","link":"https:\/\/transportjournal.com\/fr\/2026\/01\/29\/ulla-eithz-nielsen-nouvelle-coo-adjointe\/","title":{"rendered":"Ulla Eithz Nielsen nouvelle COO adjointe"},"content":{"rendered":"<p>Columbia Group a nomm\u00e9 Ulla Eithz Nielsen au poste de Chief Operating Officer (COO) adjoint. Ce nouveau poste vise \u00e0 renforcer la direction de l&#8217;entreprise alors que le groupe d\u00e9veloppe sa plateforme mondiale int\u00e9gr\u00e9e de services maritimes.<\/p>\n<p>Eithz Nielsen apporte plus de six ans d&#8217;exp\u00e9rience dans des postes de direction chez V.Group, o\u00f9 elle a occup\u00e9 divers r\u00f4les op\u00e9rationnels et ex\u00e9cutifs, y compris celui de directrice g\u00e9n\u00e9rale. Elle a commenc\u00e9 sa carri\u00e8re en mer avant de rejoindre A.P. Moller \u2013 Maersk. Par la suite, elle a travaill\u00e9 pendant une d\u00e9cennie chez NORDEN, o\u00f9 elle \u00e9tait responsable de l&#8217;optimisation des processus, des applications commerciales et de l&#8217;intelligence d&#8217;affaires. Ces exp\u00e9riences ont fa\u00e7onn\u00e9 son r\u00f4le ult\u00e9rieur chez V.Group, o\u00f9 elle a jou\u00e9 un r\u00f4le cl\u00e9 dans le d\u00e9veloppement et la mise en \u0153uvre de mod\u00e8les op\u00e9rationnels \u00e0 l&#8217;\u00e9chelle de l&#8217;entreprise.<\/p>\n<p>Dans sa nouvelle fonction, Eithz Nielsen travaillera en \u00e9troite collaboration avec l&#8217;\u00e9quipe de direction de Columbia pour soutenir l&#8217;orientation op\u00e9rationnelle, l&#8217;efficacit\u00e9 organisationnelle et le d\u00e9veloppement \u00e0 long terme des activit\u00e9s dans les domaines de la gestion des navires et des services maritimes connexes.<\/p>\n<p>Leonid Zalenski, COO de Columbia Group, a d\u00e9clar\u00e9 \u00e0 propos d&#8217;Eithz Nielsen : \u00ab Elle a une pens\u00e9e op\u00e9rationnelle marqu\u00e9e et une compr\u00e9hension approfondie de la mani\u00e8re dont les organisations maritimes doivent \u00eatre structur\u00e9es pour fonctionner de mani\u00e8re coh\u00e9rente \u00e0 grande \u00e9chelle. Son exp\u00e9rience soutiendra notre concentration sur la clart\u00e9, la responsabilit\u00e9 et l&#8217;ex\u00e9cution efficace au sein du groupe. \u00bb<\/p>\n<p>Eithz Nielsen elle-m\u00eame a soulign\u00e9 : \u00ab Je suis impatiente de travailler en \u00e9troite collaboration avec l&#8217;\u00e9quipe de Columbia alors que le groupe continue d&#8217;investir dans sa plateforme op\u00e9rationnelle et ses capacit\u00e9s num\u00e9riques. J&#8217;ai \u00e9t\u00e9 tr\u00e8s bien accueillie et j&#8217;appr\u00e9cie la collaboration avec Leonid et le reste de l&#8217;\u00e9quipe de direction.<\/p>\n<p>La num\u00e9risation est une pr\u00e9occupation centrale pour moi, car lorsqu&#8217;elle est bien utilis\u00e9e, elle peut simplifier le travail, soutenir de meilleures d\u00e9cisions et permettre aux \u00e9quipes de consacrer plus de temps \u00e0 l&#8217;essentiel. Columbia a d\u00e9j\u00e0 une base solide dans ce domaine, et il existe un potentiel clair pour construire l\u00e0-dessus alors que l&#8217;entreprise \u00e9volue. Personnellement, le d\u00e9m\u00e9nagement \u00e0 Chypre a \u00e9t\u00e9 une transition fluide, et le soleil a certainement \u00e9t\u00e9 un bonus bienvenu. \u00bb<\/p>\n<p>&nbsp;<\/p>\n<p><a href=\"https:\/\/columbiagroup.org\/\" target=\"_blank\" rel=\"noopener noreferrer\">www.columbiagroup.org<\/a><\/p>\n<p>&nbsp;<\/p>\n","protected":false},"excerpt":{"rendered":"<p>Columbia Group a nomm\u00e9 Ulla Eithz Nielsen au poste de COO adjointe pour promouvoir l&rsquo;efficacit\u00e9 op\u00e9rationnelle et le d\u00e9veloppement dans le secteur des services maritimes.<\/p>\n","protected":false},"author":12,"featured_media":75045,"comment_status":"open","ping_status":"open","sticky":false,"template":"","format":"standard","meta":{"_acf_changed":false,"footnotes":""},"categories":[1587,1579,1583],"tags":[4017,7832,10903,10904,10905,2548,10906,6645,2211,2212,2115,4232,2700,2123,5901,10907,10908,2562,2909,6478,3872,2622,6384,10909,10910,6385,1800,10911,3379,4257,2925,5738,5739,10912,2720,10913,2929,5741,5742,5908,6399,5909,2106,2641,2242,10914,2157,10915,10916],"class_list":["post-75047","post","type-post","status-publish","format-standard","has-post-thumbnail","hentry","category-leurope","category-personnes-et-entreprises","category-transport-maritime-et-ports","tag-a-p-moller-maersk","tag-chypre","tag-coo-adjointe","tag-coo-deputy","tag-coo-stellvertreterin","tag-corporate-governance","tag-cyprus-francais-columbia-group","tag-deutsch-columbia-group","tag-digital-transformation","tag-digitale-transformation","tag-digitalisierung-in-der-logistik","tag-efficacite-operationnelle","tag-fachkraeftemangel-in-der-logistik","tag-gestion-de-la-chaine-dapprovisionnement","tag-gestion-des-navires","tag-global-service-platform","tag-globale-plattform-fuer-dienstleistungen","tag-gouvernance-dentreprise","tag-hafenbetrieb","tag-labor-shortage-in-logistics","tag-logistics-digitalization","tag-logistique-durable","tag-maritime-dienstleistungen","tag-maritime-organisationen","tag-maritime-organizations","tag-maritime-services","tag-nachhaltige-logistik","tag-norden","tag-numerisation-logistique","tag-operational-efficiency","tag-operations-portuaires","tag-operative-effizienz","tag-optimisation-des-processus","tag-organisations-maritimes","tag-penurie-de-main-doeuvre-dans-la-logistique","tag-plateforme-de-services-mondiale","tag-port-operations","tag-process-optimization","tag-prozessoptimierung","tag-schiffsmanagement","tag-services-maritimes","tag-ship-management","tag-supply-chain-management","tag-sustainable-logistics","tag-transformation-numerique","tag-ulla-eithz-nielsen","tag-unternehmensfuehrung","tag-v-group","tag-zypern-english-columbia-group"],"acf":[],"yoast_head":"<!-- This site is optimized with the Yoast SEO plugin v27.3 - https:\/\/yoast.com\/product\/yoast-seo-wordpress\/ -->\n<title>Ulla Eithz Nielsen nouvelle COO adjointe - ITJ | International Transport Journal.<\/title>\n<meta name=\"robots\" content=\"index, follow, max-snippet:-1, max-image-preview:large, max-video-preview:-1\" \/>\n<link rel=\"canonical\" href=\"https:\/\/transportjournal.com\/fr\/2026\/01\/29\/ulla-eithz-nielsen-nouvelle-coo-adjointe\/\" \/>\n<meta property=\"og:locale\" content=\"fr_FR\" \/>\n<meta property=\"og:type\" content=\"article\" \/>\n<meta property=\"og:title\" content=\"Ulla Eithz Nielsen nouvelle COO adjointe - ITJ | International Transport Journal.\" \/>\n<meta property=\"og:description\" content=\"Columbia Group a nomm\u00e9 Ulla Eithz Nielsen au poste de COO adjointe pour promouvoir l&#039;efficacit\u00e9 op\u00e9rationnelle et le d\u00e9veloppement dans le secteur des services maritimes.\" \/>\n<meta property=\"og:url\" content=\"https:\/\/transportjournal.com\/fr\/2026\/01\/29\/ulla-eithz-nielsen-nouvelle-coo-adjointe\/\" \/>\n<meta property=\"og:site_name\" content=\"ITJ | International Transport Journal\" \/>\n<meta property=\"article:published_time\" content=\"2026-01-29T10:00:12+00:00\" \/>\n<meta property=\"og:image\" content=\"https:\/\/transportjournal.com\/wp-content\/uploads\/sites\/2\/2026\/01\/55049651223_0112184909_o-aspect-ratio-1400-788.jpg\" \/>\n\t<meta property=\"og:image:width\" content=\"800\" \/>\n\t<meta property=\"og:image:height\" content=\"450\" \/>\n\t<meta property=\"og:image:type\" content=\"image\/jpeg\" \/>\n<meta name=\"author\" content=\"Andreas Haug\" \/>\n<meta name=\"twitter:card\" content=\"summary_large_image\" \/>\n<meta name=\"twitter:label1\" content=\"\u00c9crit par\" \/>\n\t<meta name=\"twitter:data1\" content=\"Andreas Haug\" \/>\n\t<meta name=\"twitter:label2\" content=\"Dur\u00e9e de lecture estim\u00e9e\" \/>\n\t<meta name=\"twitter:data2\" content=\"2 minutes\" \/>\n<script type=\"application\/ld+json\" class=\"yoast-schema-graph\">{\"@context\":\"https:\\\/\\\/schema.org\",\"@graph\":[{\"@type\":\"Article\",\"@id\":\"https:\\\/\\\/transportjournal.com\\\/fr\\\/2026\\\/01\\\/29\\\/ulla-eithz-nielsen-nouvelle-coo-adjointe\\\/#article\",\"isPartOf\":{\"@id\":\"https:\\\/\\\/transportjournal.com\\\/fr\\\/2026\\\/01\\\/29\\\/ulla-eithz-nielsen-nouvelle-coo-adjointe\\\/\"},\"author\":{\"name\":\"Andreas Haug\",\"@id\":\"https:\\\/\\\/transportjournal.com\\\/fr\\\/#\\\/schema\\\/person\\\/cf538b3157f15afd7589245a4b3dbd25\"},\"headline\":\"Ulla Eithz Nielsen nouvelle COO adjointe\",\"datePublished\":\"2026-01-29T10:00:12+00:00\",\"mainEntityOfPage\":{\"@id\":\"https:\\\/\\\/transportjournal.com\\\/fr\\\/2026\\\/01\\\/29\\\/ulla-eithz-nielsen-nouvelle-coo-adjointe\\\/\"},\"wordCount\":434,\"commentCount\":0,\"publisher\":{\"@id\":\"https:\\\/\\\/transportjournal.com\\\/fr\\\/#organization\"},\"image\":{\"@id\":\"https:\\\/\\\/transportjournal.com\\\/fr\\\/2026\\\/01\\\/29\\\/ulla-eithz-nielsen-nouvelle-coo-adjointe\\\/#primaryimage\"},\"thumbnailUrl\":\"https:\\\/\\\/transportjournal.com\\\/wp-content\\\/uploads\\\/sites\\\/2\\\/2026\\\/01\\\/55049651223_0112184909_o-aspect-ratio-1400-788.jpg\",\"keywords\":[\"A.P. Moller - Maersk\",\"Chypre\",\"COO adjointe\",\"COO Deputy\",\"COO Stellvertreterin\",\"corporate governance\",\"Cyprus Fran\u00e7ais Columbia Group\",\"Deutsch Columbia Group\",\"digital transformation\",\"digitale Transformation\",\"Digitalisierung in der Logistik\",\"efficacit\u00e9 op\u00e9rationnelle\",\"Fachkr\u00e4ftemangel in der Logistik\",\"gestion de la cha\u00eene d'approvisionnement\",\"gestion des navires\",\"global service platform\",\"globale Plattform f\u00fcr Dienstleistungen\",\"gouvernance d'entreprise\",\"Hafenbetrieb\",\"labor shortage in logistics\",\"logistics digitalization\",\"logistique durable\",\"maritime Dienstleistungen\",\"maritime Organisationen\",\"maritime organizations\",\"maritime services\",\"nachhaltige Logistik\",\"NORDEN\",\"num\u00e9risation logistique\",\"operational efficiency\",\"op\u00e9rations portuaires\",\"operative Effizienz\",\"optimisation des processus\",\"organisations maritimes\",\"p\u00e9nurie de main-d'\u0153uvre dans la logistique\",\"plateforme de services mondiale\",\"port operations\",\"process optimization\",\"Prozessoptimierung\",\"Schiffsmanagement\",\"services maritimes\",\"ship management\",\"Supply Chain Management\",\"sustainable logistics\",\"transformation num\u00e9rique\",\"Ulla Eithz Nielsen\",\"Unternehmensf\u00fchrung\",\"V.Group\",\"Zypern English Columbia Group\"],\"articleSection\":[\"L'Europe\",\"Personnes et entreprises\",\"Transport maritime et ports\"],\"inLanguage\":\"fr-FR\",\"potentialAction\":[{\"@type\":\"CommentAction\",\"name\":\"Comment\",\"target\":[\"https:\\\/\\\/transportjournal.com\\\/fr\\\/2026\\\/01\\\/29\\\/ulla-eithz-nielsen-nouvelle-coo-adjointe\\\/#respond\"]}]},{\"@type\":\"WebPage\",\"@id\":\"https:\\\/\\\/transportjournal.com\\\/fr\\\/2026\\\/01\\\/29\\\/ulla-eithz-nielsen-nouvelle-coo-adjointe\\\/\",\"url\":\"https:\\\/\\\/transportjournal.com\\\/fr\\\/2026\\\/01\\\/29\\\/ulla-eithz-nielsen-nouvelle-coo-adjointe\\\/\",\"name\":\"Ulla Eithz Nielsen nouvelle COO adjointe - ITJ | International Transport Journal.\",\"isPartOf\":{\"@id\":\"https:\\\/\\\/transportjournal.com\\\/fr\\\/#website\"},\"primaryImageOfPage\":{\"@id\":\"https:\\\/\\\/transportjournal.com\\\/fr\\\/2026\\\/01\\\/29\\\/ulla-eithz-nielsen-nouvelle-coo-adjointe\\\/#primaryimage\"},\"image\":{\"@id\":\"https:\\\/\\\/transportjournal.com\\\/fr\\\/2026\\\/01\\\/29\\\/ulla-eithz-nielsen-nouvelle-coo-adjointe\\\/#primaryimage\"},\"thumbnailUrl\":\"https:\\\/\\\/transportjournal.com\\\/wp-content\\\/uploads\\\/sites\\\/2\\\/2026\\\/01\\\/55049651223_0112184909_o-aspect-ratio-1400-788.jpg\",\"datePublished\":\"2026-01-29T10:00:12+00:00\",\"breadcrumb\":{\"@id\":\"https:\\\/\\\/transportjournal.com\\\/fr\\\/2026\\\/01\\\/29\\\/ulla-eithz-nielsen-nouvelle-coo-adjointe\\\/#breadcrumb\"},\"inLanguage\":\"fr-FR\",\"potentialAction\":[{\"@type\":\"ReadAction\",\"target\":[\"https:\\\/\\\/transportjournal.com\\\/fr\\\/2026\\\/01\\\/29\\\/ulla-eithz-nielsen-nouvelle-coo-adjointe\\\/\"]}]},{\"@type\":\"ImageObject\",\"inLanguage\":\"fr-FR\",\"@id\":\"https:\\\/\\\/transportjournal.com\\\/fr\\\/2026\\\/01\\\/29\\\/ulla-eithz-nielsen-nouvelle-coo-adjointe\\\/#primaryimage\",\"url\":\"https:\\\/\\\/transportjournal.com\\\/wp-content\\\/uploads\\\/sites\\\/2\\\/2026\\\/01\\\/55049651223_0112184909_o-aspect-ratio-1400-788.jpg\",\"contentUrl\":\"https:\\\/\\\/transportjournal.com\\\/wp-content\\\/uploads\\\/sites\\\/2\\\/2026\\\/01\\\/55049651223_0112184909_o-aspect-ratio-1400-788.jpg\",\"width\":800,\"height\":450},{\"@type\":\"BreadcrumbList\",\"@id\":\"https:\\\/\\\/transportjournal.com\\\/fr\\\/2026\\\/01\\\/29\\\/ulla-eithz-nielsen-nouvelle-coo-adjointe\\\/#breadcrumb\",\"itemListElement\":[{\"@type\":\"ListItem\",\"position\":1,\"name\":\"Startseite\",\"item\":\"https:\\\/\\\/transportjournal.com\\\/fr\\\/\"},{\"@type\":\"ListItem\",\"position\":2,\"name\":\"Ulla Eithz Nielsen nouvelle COO adjointe\"}]},{\"@type\":\"WebSite\",\"@id\":\"https:\\\/\\\/transportjournal.com\\\/fr\\\/#website\",\"url\":\"https:\\\/\\\/transportjournal.com\\\/fr\\\/\",\"name\":\"ITJ | International Transport Journal\",\"description\":\"Restez inform\u00e9 des derni\u00e8res nouvelles mondiales dans les secteurs du transport, de la logistique et de la cha\u00eene d'approvisionnement. Transport Journal fournit des informations d'experts, des analyses et des mises \u00e0 jour sur le transport maritime, l'aviation, l'intermodalit\u00e9 et l'exp\u00e9dition. \",\"publisher\":{\"@id\":\"https:\\\/\\\/transportjournal.com\\\/fr\\\/#organization\"},\"potentialAction\":[{\"@type\":\"SearchAction\",\"target\":{\"@type\":\"EntryPoint\",\"urlTemplate\":\"https:\\\/\\\/transportjournal.com\\\/fr\\\/?s={search_term_string}\"},\"query-input\":{\"@type\":\"PropertyValueSpecification\",\"valueRequired\":true,\"valueName\":\"search_term_string\"}}],\"inLanguage\":\"fr-FR\"},{\"@type\":\"Organization\",\"@id\":\"https:\\\/\\\/transportjournal.com\\\/fr\\\/#organization\",\"name\":\"Groupe Logismedia AG\",\"alternateName\":\"Logismedia Group AG\",\"url\":\"https:\\\/\\\/transportjournal.com\\\/fr\\\/\",\"logo\":{\"@type\":\"ImageObject\",\"inLanguage\":\"fr-FR\",\"@id\":\"https:\\\/\\\/transportjournal.com\\\/fr\\\/#\\\/schema\\\/logo\\\/image\\\/\",\"url\":\"https:\\\/\\\/transportjournal.com\\\/wp-content\\\/uploads\\\/sites\\\/2\\\/2025\\\/09\\\/Logo_ITJ.png\",\"contentUrl\":\"https:\\\/\\\/transportjournal.com\\\/wp-content\\\/uploads\\\/sites\\\/2\\\/2025\\\/09\\\/Logo_ITJ.png\",\"width\":799,\"height\":326,\"caption\":\"Groupe Logismedia AG\"},\"image\":{\"@id\":\"https:\\\/\\\/transportjournal.com\\\/fr\\\/#\\\/schema\\\/logo\\\/image\\\/\"},\"sameAs\":[\"https:\\\/\\\/www.linkedin.com\\\/company\\\/56456496\\\/admin\\\/dashboard\\\/\",\"https:\\\/\\\/www.instagram.com\\\/logismediagroup\\\/\",\"https:\\\/\\\/www.youtube.com\\\/@LogiamediaGroupAG\"]},{\"@type\":\"Person\",\"@id\":\"https:\\\/\\\/transportjournal.com\\\/fr\\\/#\\\/schema\\\/person\\\/cf538b3157f15afd7589245a4b3dbd25\",\"name\":\"Andreas Haug\",\"url\":\"https:\\\/\\\/transportjournal.com\\\/fr\\\/author\\\/andreas\\\/\"}]}<\/script>\n<!-- \/ Yoast SEO plugin. -->","yoast_head_json":{"title":"Ulla Eithz Nielsen nouvelle COO adjointe - ITJ | International Transport Journal.","robots":{"index":"index","follow":"follow","max-snippet":"max-snippet:-1","max-image-preview":"max-image-preview:large","max-video-preview":"max-video-preview:-1"},"canonical":"https:\/\/transportjournal.com\/fr\/2026\/01\/29\/ulla-eithz-nielsen-nouvelle-coo-adjointe\/","og_locale":"fr_FR","og_type":"article","og_title":"Ulla Eithz Nielsen nouvelle COO adjointe - ITJ | International Transport Journal.","og_description":"Columbia Group a nomm\u00e9 Ulla Eithz Nielsen au poste de COO adjointe pour promouvoir l'efficacit\u00e9 op\u00e9rationnelle et le d\u00e9veloppement dans le secteur des services maritimes.","og_url":"https:\/\/transportjournal.com\/fr\/2026\/01\/29\/ulla-eithz-nielsen-nouvelle-coo-adjointe\/","og_site_name":"ITJ | International Transport Journal","article_published_time":"2026-01-29T10:00:12+00:00","og_image":[{"width":800,"height":450,"url":"https:\/\/transportjournal.com\/wp-content\/uploads\/sites\/2\/2026\/01\/55049651223_0112184909_o-aspect-ratio-1400-788.jpg","type":"image\/jpeg"}],"author":"Andreas Haug","twitter_card":"summary_large_image","twitter_misc":{"\u00c9crit par":"Andreas Haug","Dur\u00e9e de lecture estim\u00e9e":"2 minutes"},"schema":{"@context":"https:\/\/schema.org","@graph":[{"@type":"Article","@id":"https:\/\/transportjournal.com\/fr\/2026\/01\/29\/ulla-eithz-nielsen-nouvelle-coo-adjointe\/#article","isPartOf":{"@id":"https:\/\/transportjournal.com\/fr\/2026\/01\/29\/ulla-eithz-nielsen-nouvelle-coo-adjointe\/"},"author":{"name":"Andreas Haug","@id":"https:\/\/transportjournal.com\/fr\/#\/schema\/person\/cf538b3157f15afd7589245a4b3dbd25"},"headline":"Ulla Eithz Nielsen nouvelle COO adjointe","datePublished":"2026-01-29T10:00:12+00:00","mainEntityOfPage":{"@id":"https:\/\/transportjournal.com\/fr\/2026\/01\/29\/ulla-eithz-nielsen-nouvelle-coo-adjointe\/"},"wordCount":434,"commentCount":0,"publisher":{"@id":"https:\/\/transportjournal.com\/fr\/#organization"},"image":{"@id":"https:\/\/transportjournal.com\/fr\/2026\/01\/29\/ulla-eithz-nielsen-nouvelle-coo-adjointe\/#primaryimage"},"thumbnailUrl":"https:\/\/transportjournal.com\/wp-content\/uploads\/sites\/2\/2026\/01\/55049651223_0112184909_o-aspect-ratio-1400-788.jpg","keywords":["A.P. Moller - Maersk","Chypre","COO adjointe","COO Deputy","COO Stellvertreterin","corporate governance","Cyprus Fran\u00e7ais Columbia Group","Deutsch Columbia Group","digital transformation","digitale Transformation","Digitalisierung in der Logistik","efficacit\u00e9 op\u00e9rationnelle","Fachkr\u00e4ftemangel in der Logistik","gestion de la cha\u00eene d'approvisionnement","gestion des navires","global service platform","globale Plattform f\u00fcr Dienstleistungen","gouvernance d'entreprise","Hafenbetrieb","labor shortage in logistics","logistics digitalization","logistique durable","maritime Dienstleistungen","maritime Organisationen","maritime organizations","maritime services","nachhaltige Logistik","NORDEN","num\u00e9risation logistique","operational efficiency","op\u00e9rations portuaires","operative Effizienz","optimisation des processus","organisations maritimes","p\u00e9nurie de main-d'\u0153uvre dans la logistique","plateforme de services mondiale","port operations","process optimization","Prozessoptimierung","Schiffsmanagement","services maritimes","ship management","Supply Chain Management","sustainable logistics","transformation num\u00e9rique","Ulla Eithz Nielsen","Unternehmensf\u00fchrung","V.Group","Zypern English Columbia Group"],"articleSection":["L'Europe","Personnes et entreprises","Transport maritime et ports"],"inLanguage":"fr-FR","potentialAction":[{"@type":"CommentAction","name":"Comment","target":["https:\/\/transportjournal.com\/fr\/2026\/01\/29\/ulla-eithz-nielsen-nouvelle-coo-adjointe\/#respond"]}]},{"@type":"WebPage","@id":"https:\/\/transportjournal.com\/fr\/2026\/01\/29\/ulla-eithz-nielsen-nouvelle-coo-adjointe\/","url":"https:\/\/transportjournal.com\/fr\/2026\/01\/29\/ulla-eithz-nielsen-nouvelle-coo-adjointe\/","name":"Ulla Eithz Nielsen nouvelle COO adjointe - ITJ | International Transport Journal.","isPartOf":{"@id":"https:\/\/transportjournal.com\/fr\/#website"},"primaryImageOfPage":{"@id":"https:\/\/transportjournal.com\/fr\/2026\/01\/29\/ulla-eithz-nielsen-nouvelle-coo-adjointe\/#primaryimage"},"image":{"@id":"https:\/\/transportjournal.com\/fr\/2026\/01\/29\/ulla-eithz-nielsen-nouvelle-coo-adjointe\/#primaryimage"},"thumbnailUrl":"https:\/\/transportjournal.com\/wp-content\/uploads\/sites\/2\/2026\/01\/55049651223_0112184909_o-aspect-ratio-1400-788.jpg","datePublished":"2026-01-29T10:00:12+00:00","breadcrumb":{"@id":"https:\/\/transportjournal.com\/fr\/2026\/01\/29\/ulla-eithz-nielsen-nouvelle-coo-adjointe\/#breadcrumb"},"inLanguage":"fr-FR","potentialAction":[{"@type":"ReadAction","target":["https:\/\/transportjournal.com\/fr\/2026\/01\/29\/ulla-eithz-nielsen-nouvelle-coo-adjointe\/"]}]},{"@type":"ImageObject","inLanguage":"fr-FR","@id":"https:\/\/transportjournal.com\/fr\/2026\/01\/29\/ulla-eithz-nielsen-nouvelle-coo-adjointe\/#primaryimage","url":"https:\/\/transportjournal.com\/wp-content\/uploads\/sites\/2\/2026\/01\/55049651223_0112184909_o-aspect-ratio-1400-788.jpg","contentUrl":"https:\/\/transportjournal.com\/wp-content\/uploads\/sites\/2\/2026\/01\/55049651223_0112184909_o-aspect-ratio-1400-788.jpg","width":800,"height":450},{"@type":"BreadcrumbList","@id":"https:\/\/transportjournal.com\/fr\/2026\/01\/29\/ulla-eithz-nielsen-nouvelle-coo-adjointe\/#breadcrumb","itemListElement":[{"@type":"ListItem","position":1,"name":"Startseite","item":"https:\/\/transportjournal.com\/fr\/"},{"@type":"ListItem","position":2,"name":"Ulla Eithz Nielsen nouvelle COO adjointe"}]},{"@type":"WebSite","@id":"https:\/\/transportjournal.com\/fr\/#website","url":"https:\/\/transportjournal.com\/fr\/","name":"ITJ | International Transport Journal","description":"Restez inform\u00e9 des derni\u00e8res nouvelles mondiales dans les secteurs du transport, de la logistique et de la cha\u00eene d'approvisionnement. Transport Journal fournit des informations d'experts, des analyses et des mises \u00e0 jour sur le transport maritime, l'aviation, l'intermodalit\u00e9 et l'exp\u00e9dition. ","publisher":{"@id":"https:\/\/transportjournal.com\/fr\/#organization"},"potentialAction":[{"@type":"SearchAction","target":{"@type":"EntryPoint","urlTemplate":"https:\/\/transportjournal.com\/fr\/?s={search_term_string}"},"query-input":{"@type":"PropertyValueSpecification","valueRequired":true,"valueName":"search_term_string"}}],"inLanguage":"fr-FR"},{"@type":"Organization","@id":"https:\/\/transportjournal.com\/fr\/#organization","name":"Groupe Logismedia AG","alternateName":"Logismedia Group AG","url":"https:\/\/transportjournal.com\/fr\/","logo":{"@type":"ImageObject","inLanguage":"fr-FR","@id":"https:\/\/transportjournal.com\/fr\/#\/schema\/logo\/image\/","url":"https:\/\/transportjournal.com\/wp-content\/uploads\/sites\/2\/2025\/09\/Logo_ITJ.png","contentUrl":"https:\/\/transportjournal.com\/wp-content\/uploads\/sites\/2\/2025\/09\/Logo_ITJ.png","width":799,"height":326,"caption":"Groupe Logismedia AG"},"image":{"@id":"https:\/\/transportjournal.com\/fr\/#\/schema\/logo\/image\/"},"sameAs":["https:\/\/www.linkedin.com\/company\/56456496\/admin\/dashboard\/","https:\/\/www.instagram.com\/logismediagroup\/","https:\/\/www.youtube.com\/@LogiamediaGroupAG"]},{"@type":"Person","@id":"https:\/\/transportjournal.com\/fr\/#\/schema\/person\/cf538b3157f15afd7589245a4b3dbd25","name":"Andreas Haug","url":"https:\/\/transportjournal.com\/fr\/author\/andreas\/"}]}},"_links":{"self":[{"href":"https:\/\/transportjournal.com\/fr\/wp-json\/wp\/v2\/posts\/75047","targetHints":{"allow":["GET"]}}],"collection":[{"href":"https:\/\/transportjournal.com\/fr\/wp-json\/wp\/v2\/posts"}],"about":[{"href":"https:\/\/transportjournal.com\/fr\/wp-json\/wp\/v2\/types\/post"}],"author":[{"embeddable":true,"href":"https:\/\/transportjournal.com\/fr\/wp-json\/wp\/v2\/users\/12"}],"replies":[{"embeddable":true,"href":"https:\/\/transportjournal.com\/fr\/wp-json\/wp\/v2\/comments?post=75047"}],"version-history":[{"count":0,"href":"https:\/\/transportjournal.com\/fr\/wp-json\/wp\/v2\/posts\/75047\/revisions"}],"wp:featuredmedia":[{"embeddable":true,"href":"https:\/\/transportjournal.com\/fr\/wp-json\/wp\/v2\/media\/75045"}],"wp:attachment":[{"href":"https:\/\/transportjournal.com\/fr\/wp-json\/wp\/v2\/media?parent=75047"}],"wp:term":[{"taxonomy":"category","embeddable":true,"href":"https:\/\/transportjournal.com\/fr\/wp-json\/wp\/v2\/categories?post=75047"},{"taxonomy":"post_tag","embeddable":true,"href":"https:\/\/transportjournal.com\/fr\/wp-json\/wp\/v2\/tags?post=75047"}],"curies":[{"name":"wp","href":"https:\/\/api.w.org\/{rel}","templated":true}]}}