{"id":75039,"date":"2026-01-29T09:46:54","date_gmt":"2026-01-29T09:46:54","guid":{"rendered":"https:\/\/transportjournal.com\/2026\/01\/29\/peter-ehler-devient-directeur-general-de-rheincargo\/"},"modified":"2026-01-29T09:46:54","modified_gmt":"2026-01-29T09:46:54","slug":"peter-ehler-devient-directeur-general-de-rheincargo","status":"publish","type":"post","link":"https:\/\/transportjournal.com\/fr\/2026\/01\/29\/peter-ehler-devient-directeur-general-de-rheincargo\/","title":{"rendered":"Peter Ehler devient directeur g\u00e9n\u00e9ral de RheinCargo"},"content":{"rendered":"<p>Peter Ehler (\u00e0 gauche) devient le nouveau directeur g\u00e9n\u00e9ral de la RheinCargo GmbH &amp; Co. KG. Il succ\u00e8de \u00e0 Sascha Odermatt (\u00e0 droite), qui se concentrera d\u00e9sormais sur son r\u00f4le de directeur g\u00e9n\u00e9ral de la Neuss D\u00fcsseldorfer H\u00e4fen GmbH &amp; Co. KG (NDH). Ehler, qui \u00e9tait jusqu&#8217;\u00e0 pr\u00e9sent porte-parole de la direction de l&#8217;AWISTA GmbH et d&#8217;AWISTA Kommunal \u00e0 D\u00fcsseldorf, prendra la direction commerciale de l&#8217;entreprise le 1er f\u00e9vrier 2026.<\/p>\n<p>La RheinCargo GmbH &amp; Co. KG est une coentreprise des H\u00e4fen und G\u00fcterverkehr K\u00f6ln AG (HGK) et de la NDH. Le changement de direction intervient dans un environnement difficile pour le secteur logistique, en particulier dans le domaine ferroviaire. Jan Huth, pr\u00e9sident du conseil de surveillance de RheinCargo, souligne la n\u00e9cessit\u00e9 d&#8217;un management renforc\u00e9 pour adapter l&#8217;entreprise aux conditions actuelles du march\u00e9. \u00ab Une demande industrielle plus faible, d&#8217;importantes fermetures de chantiers sur le r\u00e9seau et des prix de sillon en hausse p\u00e8sent sur les r\u00e9sultats et la planification \u00bb, explique Huth.<\/p>\n<h3>Exp\u00e9riences et d\u00e9fis<\/h3>\n<p>Peter Ehler apporte une vaste exp\u00e9rience de ses pr\u00e9c\u00e9dentes fonctions. Il a dirig\u00e9 l&#8217;AWISTA Kommunal \u00e0 D\u00fcsseldorf avec succ\u00e8s dans un environnement complexe et dirigera d\u00e9sormais la RheinCargo en collaboration avec le directeur op\u00e9rationnel G\u00f6tz Jesberg. Huth souligne que l&#8217;expertise d&#8217;Ehler dans la gestion des diff\u00e9rentes parties prenantes sera b\u00e9n\u00e9fique pour la performance \u00e9conomique et op\u00e9rationnelle de RheinCargo.<\/p>\n<p>Julien Mounier, pr\u00e9sident du conseil de surveillance de l&#8217;AWISTA GmbH, exprime des regrets concernant le d\u00e9part d&#8217;Ehler, mais reconna\u00eet l&#8217;importance du d\u00e9veloppement de RheinCargo pour la r\u00e9gion. \u00ab Le d\u00e9veloppement de RheinCargo est d&#8217;une tr\u00e8s grande importance pour D\u00fcsseldorf et la r\u00e9gion \u00bb, d\u00e9clare Mounier.<\/p>\n<p>Ehler lui-m\u00eame se montre optimiste quant aux nouveaux d\u00e9fis. \u00ab La logistique sur rail et sur le Rhin est une condition essentielle pour une \u00e9conomie et une soci\u00e9t\u00e9 prosp\u00e8res dans notre r\u00e9gion \u00bb, explique-t-il. Il souligne \u00e9galement que le d\u00e9part de l&#8217;AWISTA lui p\u00e8se, mais se r\u00e9jouit de sa nouvelle mission chez RheinCargo.<\/p>\n<p>La planification de la succession d&#8217;Ehler \u00e0 l&#8217;AWISTA est d\u00e9j\u00e0 en cours.<\/p>\n<p>&nbsp;<\/p>\n<p><a href=\"https:\/\/www.hgk.de\/\" target=\"_blank\" rel=\"noopener noreferrer\">www.hgk.de<\/a><\/p>\n","protected":false},"excerpt":{"rendered":"<p>Peter Ehler sera le nouveau directeur g\u00e9n\u00e9ral de RheinCargo \u00e0 partir du 1er f\u00e9vrier 2026, succ\u00e9dant ainsi \u00e0 Sascha Odermatt.<\/p>\n","protected":false},"author":12,"featured_media":75037,"comment_status":"open","ping_status":"open","sticky":false,"template":"","format":"standard","meta":{"_acf_changed":false,"footnotes":""},"categories":[9092,1580,1587,1579],"tags":[10862,10863,10864,7787,10865,10866,3739,10867,10868,10869,10870,10871,10872,2122,10873,10874,10875,10876,2123,10877,10878,10879,10880,10881,3745,2075,10882,2918,10883,2135,10884,5258,10885,10886,10887,10888,10889,2479,10890,10891,10892,10893,5263,10894,10895,10896,10897,10898,2153,2339,2106,10899,10900,10901,10902],"class_list":["post-75039","post","type-post","status-publish","format-standard","has-post-thumbnail","hentry","category-deutschland","category-intermodal-route","category-leurope","category-personnes-et-entreprises","tag-awista-gmbh","tag-baustellensperrungen","tag-construction-site-closures","tag-defis-logistiques","tag-demande-industrielle","tag-deutsch-rheincargo","tag-developpement-des-infrastructures","tag-directeur-general-rheincargo","tag-duesseldorf-logistics","tag-duesseldorf-logistik","tag-economic-performance","tag-eisenbahnbereich","tag-entreprises-logistiques-regionales","tag-fachkraeftemangel-logistik","tag-fermetures-de-chantiers","tag-freight-transport-cologne","tag-geschaeftsfuehrer-rheincargo","tag-gestion-dans-la-logistique","tag-gestion-de-la-chaine-dapprovisionnement","tag-gestion-operationnelle","tag-gueterverkehr-koeln","tag-herausforderungen-in-der-logistik","tag-industrial-demand","tag-industrielle-nachfrage","tag-infrastructure-development","tag-infrastrukturentwicklung","tag-logistics-challenges","tag-logistics-industry","tag-logistik-auf-der-schiene","tag-logistikbranche","tag-logistique-duesseldorf","tag-logistique-ferroviaire","tag-management-in-der-logistik","tag-management-in-logistics","tag-neuss-duesseldorf-ports","tag-neuss-duesseldorfer-haefen","tag-operational-management-francais-rheincargo","tag-penurie-de-competences-logistique","tag-performance-economique","tag-peter-ehler","tag-ports-de-neuss-duesseldorf","tag-prix-des-voies","tag-rail-logistics","tag-railway-sector","tag-regional-logistics-companies","tag-regionale-logistikunternehmen","tag-rheincargo-ceo","tag-secteur-ferroviaire","tag-secteur-logistique","tag-skills-shortage-logistics","tag-supply-chain-management","tag-track-prices","tag-transport-de-marchandises-cologne","tag-trassenpreise","tag-wirtschaftliche-performance-english-rheincargo"],"acf":[],"yoast_head":"<!-- This site is optimized with the Yoast SEO plugin v27.3 - https:\/\/yoast.com\/product\/yoast-seo-wordpress\/ -->\n<title>Peter Ehler devient directeur g\u00e9n\u00e9ral de RheinCargo - ITJ | International Transport Journal.<\/title>\n<meta name=\"robots\" content=\"index, follow, max-snippet:-1, max-image-preview:large, max-video-preview:-1\" \/>\n<link rel=\"canonical\" href=\"https:\/\/transportjournal.com\/fr\/2026\/01\/29\/peter-ehler-devient-directeur-general-de-rheincargo\/\" \/>\n<meta property=\"og:locale\" content=\"fr_FR\" \/>\n<meta property=\"og:type\" content=\"article\" \/>\n<meta property=\"og:title\" content=\"Peter Ehler devient directeur g\u00e9n\u00e9ral de RheinCargo - ITJ | International Transport Journal.\" \/>\n<meta property=\"og:description\" content=\"Peter Ehler sera le nouveau directeur g\u00e9n\u00e9ral de RheinCargo \u00e0 partir du 1er f\u00e9vrier 2026, succ\u00e9dant ainsi \u00e0 Sascha Odermatt.\" \/>\n<meta property=\"og:url\" content=\"https:\/\/transportjournal.com\/fr\/2026\/01\/29\/peter-ehler-devient-directeur-general-de-rheincargo\/\" \/>\n<meta property=\"og:site_name\" content=\"ITJ | International Transport Journal\" \/>\n<meta property=\"article:published_time\" content=\"2026-01-29T09:46:54+00:00\" \/>\n<meta property=\"og:image\" content=\"https:\/\/transportjournal.com\/wp-content\/uploads\/sites\/2\/2026\/01\/2026_01_29_V_l_Peter_Ehler_Sascha_Odermatt-scaled-aspect-ratio-1400-788-scaled-1.jpg\" \/>\n\t<meta property=\"og:image:width\" content=\"2560\" \/>\n\t<meta property=\"og:image:height\" content=\"1441\" \/>\n\t<meta property=\"og:image:type\" content=\"image\/jpeg\" \/>\n<meta name=\"author\" content=\"Andreas Haug\" \/>\n<meta name=\"twitter:card\" content=\"summary_large_image\" \/>\n<meta name=\"twitter:label1\" content=\"\u00c9crit par\" \/>\n\t<meta name=\"twitter:data1\" content=\"Andreas Haug\" \/>\n\t<meta name=\"twitter:label2\" content=\"Dur\u00e9e de lecture estim\u00e9e\" \/>\n\t<meta name=\"twitter:data2\" content=\"2 minutes\" \/>\n<script type=\"application\/ld+json\" class=\"yoast-schema-graph\">{\"@context\":\"https:\\\/\\\/schema.org\",\"@graph\":[{\"@type\":\"Article\",\"@id\":\"https:\\\/\\\/transportjournal.com\\\/fr\\\/2026\\\/01\\\/29\\\/peter-ehler-devient-directeur-general-de-rheincargo\\\/#article\",\"isPartOf\":{\"@id\":\"https:\\\/\\\/transportjournal.com\\\/fr\\\/2026\\\/01\\\/29\\\/peter-ehler-devient-directeur-general-de-rheincargo\\\/\"},\"author\":{\"name\":\"Andreas Haug\",\"@id\":\"https:\\\/\\\/transportjournal.com\\\/fr\\\/#\\\/schema\\\/person\\\/cf538b3157f15afd7589245a4b3dbd25\"},\"headline\":\"Peter Ehler devient directeur g\u00e9n\u00e9ral de RheinCargo\",\"datePublished\":\"2026-01-29T09:46:54+00:00\",\"mainEntityOfPage\":{\"@id\":\"https:\\\/\\\/transportjournal.com\\\/fr\\\/2026\\\/01\\\/29\\\/peter-ehler-devient-directeur-general-de-rheincargo\\\/\"},\"wordCount\":402,\"commentCount\":0,\"publisher\":{\"@id\":\"https:\\\/\\\/transportjournal.com\\\/fr\\\/#organization\"},\"image\":{\"@id\":\"https:\\\/\\\/transportjournal.com\\\/fr\\\/2026\\\/01\\\/29\\\/peter-ehler-devient-directeur-general-de-rheincargo\\\/#primaryimage\"},\"thumbnailUrl\":\"https:\\\/\\\/transportjournal.com\\\/wp-content\\\/uploads\\\/sites\\\/2\\\/2026\\\/01\\\/2026_01_29_V_l_Peter_Ehler_Sascha_Odermatt-scaled-aspect-ratio-1400-788-scaled-1.jpg\",\"keywords\":[\"AWISTA GmbH\",\"Baustellensperrungen\",\"construction site closures\",\"d\u00e9fis logistiques\",\"demande industrielle\",\"Deutsch RheinCargo\",\"d\u00e9veloppement des infrastructures\",\"directeur g\u00e9n\u00e9ral RheinCargo\",\"D\u00fcsseldorf logistics\",\"D\u00fcsseldorf Logistik\",\"economic performance\",\"Eisenbahnbereich\",\"entreprises logistiques r\u00e9gionales\",\"Fachkr\u00e4ftemangel Logistik\",\"fermetures de chantiers\",\"freight transport Cologne\",\"Gesch\u00e4ftsf\u00fchrer RheinCargo\",\"gestion dans la logistique\",\"gestion de la cha\u00eene d'approvisionnement\",\"gestion op\u00e9rationnelle\",\"G\u00fcterverkehr K\u00f6ln\",\"Herausforderungen in der Logistik\",\"industrial demand\",\"industrielle Nachfrage\",\"infrastructure development\",\"Infrastrukturentwicklung\",\"logistics challenges\",\"logistics industry\",\"Logistik auf der Schiene\",\"Logistikbranche\",\"logistique D\u00fcsseldorf\",\"logistique ferroviaire\",\"Management in der Logistik\",\"management in logistics\",\"Neuss D\u00fcsseldorf ports\",\"Neuss D\u00fcsseldorfer H\u00e4fen\",\"operational management Fran\u00e7ais RheinCargo\",\"p\u00e9nurie de comp\u00e9tences logistique\",\"performance \u00e9conomique\",\"Peter Ehler\",\"ports de Neuss D\u00fcsseldorf\",\"prix des voies\",\"rail logistics\",\"railway sector\",\"regional logistics companies\",\"regionale Logistikunternehmen\",\"RheinCargo CEO\",\"secteur ferroviaire\",\"secteur logistique\",\"skills shortage logistics\",\"Supply Chain Management\",\"track prices\",\"transport de marchandises Cologne\",\"Trassenpreise\",\"wirtschaftliche Performance English RheinCargo\"],\"articleSection\":[\"Deutschland\",\"Intermodal \\\/ Route\",\"L'Europe\",\"Personnes et entreprises\"],\"inLanguage\":\"fr-FR\",\"potentialAction\":[{\"@type\":\"CommentAction\",\"name\":\"Comment\",\"target\":[\"https:\\\/\\\/transportjournal.com\\\/fr\\\/2026\\\/01\\\/29\\\/peter-ehler-devient-directeur-general-de-rheincargo\\\/#respond\"]}]},{\"@type\":\"WebPage\",\"@id\":\"https:\\\/\\\/transportjournal.com\\\/fr\\\/2026\\\/01\\\/29\\\/peter-ehler-devient-directeur-general-de-rheincargo\\\/\",\"url\":\"https:\\\/\\\/transportjournal.com\\\/fr\\\/2026\\\/01\\\/29\\\/peter-ehler-devient-directeur-general-de-rheincargo\\\/\",\"name\":\"Peter Ehler devient directeur g\u00e9n\u00e9ral de RheinCargo - ITJ | International Transport Journal.\",\"isPartOf\":{\"@id\":\"https:\\\/\\\/transportjournal.com\\\/fr\\\/#website\"},\"primaryImageOfPage\":{\"@id\":\"https:\\\/\\\/transportjournal.com\\\/fr\\\/2026\\\/01\\\/29\\\/peter-ehler-devient-directeur-general-de-rheincargo\\\/#primaryimage\"},\"image\":{\"@id\":\"https:\\\/\\\/transportjournal.com\\\/fr\\\/2026\\\/01\\\/29\\\/peter-ehler-devient-directeur-general-de-rheincargo\\\/#primaryimage\"},\"thumbnailUrl\":\"https:\\\/\\\/transportjournal.com\\\/wp-content\\\/uploads\\\/sites\\\/2\\\/2026\\\/01\\\/2026_01_29_V_l_Peter_Ehler_Sascha_Odermatt-scaled-aspect-ratio-1400-788-scaled-1.jpg\",\"datePublished\":\"2026-01-29T09:46:54+00:00\",\"breadcrumb\":{\"@id\":\"https:\\\/\\\/transportjournal.com\\\/fr\\\/2026\\\/01\\\/29\\\/peter-ehler-devient-directeur-general-de-rheincargo\\\/#breadcrumb\"},\"inLanguage\":\"fr-FR\",\"potentialAction\":[{\"@type\":\"ReadAction\",\"target\":[\"https:\\\/\\\/transportjournal.com\\\/fr\\\/2026\\\/01\\\/29\\\/peter-ehler-devient-directeur-general-de-rheincargo\\\/\"]}]},{\"@type\":\"ImageObject\",\"inLanguage\":\"fr-FR\",\"@id\":\"https:\\\/\\\/transportjournal.com\\\/fr\\\/2026\\\/01\\\/29\\\/peter-ehler-devient-directeur-general-de-rheincargo\\\/#primaryimage\",\"url\":\"https:\\\/\\\/transportjournal.com\\\/wp-content\\\/uploads\\\/sites\\\/2\\\/2026\\\/01\\\/2026_01_29_V_l_Peter_Ehler_Sascha_Odermatt-scaled-aspect-ratio-1400-788-scaled-1.jpg\",\"contentUrl\":\"https:\\\/\\\/transportjournal.com\\\/wp-content\\\/uploads\\\/sites\\\/2\\\/2026\\\/01\\\/2026_01_29_V_l_Peter_Ehler_Sascha_Odermatt-scaled-aspect-ratio-1400-788-scaled-1.jpg\",\"width\":2560,\"height\":1441},{\"@type\":\"BreadcrumbList\",\"@id\":\"https:\\\/\\\/transportjournal.com\\\/fr\\\/2026\\\/01\\\/29\\\/peter-ehler-devient-directeur-general-de-rheincargo\\\/#breadcrumb\",\"itemListElement\":[{\"@type\":\"ListItem\",\"position\":1,\"name\":\"Startseite\",\"item\":\"https:\\\/\\\/transportjournal.com\\\/fr\\\/\"},{\"@type\":\"ListItem\",\"position\":2,\"name\":\"Peter Ehler devient directeur g\u00e9n\u00e9ral de RheinCargo\"}]},{\"@type\":\"WebSite\",\"@id\":\"https:\\\/\\\/transportjournal.com\\\/fr\\\/#website\",\"url\":\"https:\\\/\\\/transportjournal.com\\\/fr\\\/\",\"name\":\"ITJ | International Transport Journal\",\"description\":\"Restez inform\u00e9 des derni\u00e8res nouvelles mondiales dans les secteurs du transport, de la logistique et de la cha\u00eene d'approvisionnement. Transport Journal fournit des informations d'experts, des analyses et des mises \u00e0 jour sur le transport maritime, l'aviation, l'intermodalit\u00e9 et l'exp\u00e9dition. \",\"publisher\":{\"@id\":\"https:\\\/\\\/transportjournal.com\\\/fr\\\/#organization\"},\"potentialAction\":[{\"@type\":\"SearchAction\",\"target\":{\"@type\":\"EntryPoint\",\"urlTemplate\":\"https:\\\/\\\/transportjournal.com\\\/fr\\\/?s={search_term_string}\"},\"query-input\":{\"@type\":\"PropertyValueSpecification\",\"valueRequired\":true,\"valueName\":\"search_term_string\"}}],\"inLanguage\":\"fr-FR\"},{\"@type\":\"Organization\",\"@id\":\"https:\\\/\\\/transportjournal.com\\\/fr\\\/#organization\",\"name\":\"Groupe Logismedia AG\",\"alternateName\":\"Logismedia Group AG\",\"url\":\"https:\\\/\\\/transportjournal.com\\\/fr\\\/\",\"logo\":{\"@type\":\"ImageObject\",\"inLanguage\":\"fr-FR\",\"@id\":\"https:\\\/\\\/transportjournal.com\\\/fr\\\/#\\\/schema\\\/logo\\\/image\\\/\",\"url\":\"https:\\\/\\\/transportjournal.com\\\/wp-content\\\/uploads\\\/sites\\\/2\\\/2025\\\/09\\\/Logo_ITJ.png\",\"contentUrl\":\"https:\\\/\\\/transportjournal.com\\\/wp-content\\\/uploads\\\/sites\\\/2\\\/2025\\\/09\\\/Logo_ITJ.png\",\"width\":799,\"height\":326,\"caption\":\"Groupe Logismedia AG\"},\"image\":{\"@id\":\"https:\\\/\\\/transportjournal.com\\\/fr\\\/#\\\/schema\\\/logo\\\/image\\\/\"},\"sameAs\":[\"https:\\\/\\\/www.linkedin.com\\\/company\\\/56456496\\\/admin\\\/dashboard\\\/\",\"https:\\\/\\\/www.instagram.com\\\/logismediagroup\\\/\",\"https:\\\/\\\/www.youtube.com\\\/@LogiamediaGroupAG\"]},{\"@type\":\"Person\",\"@id\":\"https:\\\/\\\/transportjournal.com\\\/fr\\\/#\\\/schema\\\/person\\\/cf538b3157f15afd7589245a4b3dbd25\",\"name\":\"Andreas Haug\",\"url\":\"https:\\\/\\\/transportjournal.com\\\/fr\\\/author\\\/andreas\\\/\"}]}<\/script>\n<!-- \/ Yoast SEO plugin. -->","yoast_head_json":{"title":"Peter Ehler devient directeur g\u00e9n\u00e9ral de RheinCargo - ITJ | International Transport Journal.","robots":{"index":"index","follow":"follow","max-snippet":"max-snippet:-1","max-image-preview":"max-image-preview:large","max-video-preview":"max-video-preview:-1"},"canonical":"https:\/\/transportjournal.com\/fr\/2026\/01\/29\/peter-ehler-devient-directeur-general-de-rheincargo\/","og_locale":"fr_FR","og_type":"article","og_title":"Peter Ehler devient directeur g\u00e9n\u00e9ral de RheinCargo - ITJ | International Transport Journal.","og_description":"Peter Ehler sera le nouveau directeur g\u00e9n\u00e9ral de RheinCargo \u00e0 partir du 1er f\u00e9vrier 2026, succ\u00e9dant ainsi \u00e0 Sascha Odermatt.","og_url":"https:\/\/transportjournal.com\/fr\/2026\/01\/29\/peter-ehler-devient-directeur-general-de-rheincargo\/","og_site_name":"ITJ | International Transport Journal","article_published_time":"2026-01-29T09:46:54+00:00","og_image":[{"width":2560,"height":1441,"url":"https:\/\/transportjournal.com\/wp-content\/uploads\/sites\/2\/2026\/01\/2026_01_29_V_l_Peter_Ehler_Sascha_Odermatt-scaled-aspect-ratio-1400-788-scaled-1.jpg","type":"image\/jpeg"}],"author":"Andreas Haug","twitter_card":"summary_large_image","twitter_misc":{"\u00c9crit par":"Andreas Haug","Dur\u00e9e de lecture estim\u00e9e":"2 minutes"},"schema":{"@context":"https:\/\/schema.org","@graph":[{"@type":"Article","@id":"https:\/\/transportjournal.com\/fr\/2026\/01\/29\/peter-ehler-devient-directeur-general-de-rheincargo\/#article","isPartOf":{"@id":"https:\/\/transportjournal.com\/fr\/2026\/01\/29\/peter-ehler-devient-directeur-general-de-rheincargo\/"},"author":{"name":"Andreas Haug","@id":"https:\/\/transportjournal.com\/fr\/#\/schema\/person\/cf538b3157f15afd7589245a4b3dbd25"},"headline":"Peter Ehler devient directeur g\u00e9n\u00e9ral de RheinCargo","datePublished":"2026-01-29T09:46:54+00:00","mainEntityOfPage":{"@id":"https:\/\/transportjournal.com\/fr\/2026\/01\/29\/peter-ehler-devient-directeur-general-de-rheincargo\/"},"wordCount":402,"commentCount":0,"publisher":{"@id":"https:\/\/transportjournal.com\/fr\/#organization"},"image":{"@id":"https:\/\/transportjournal.com\/fr\/2026\/01\/29\/peter-ehler-devient-directeur-general-de-rheincargo\/#primaryimage"},"thumbnailUrl":"https:\/\/transportjournal.com\/wp-content\/uploads\/sites\/2\/2026\/01\/2026_01_29_V_l_Peter_Ehler_Sascha_Odermatt-scaled-aspect-ratio-1400-788-scaled-1.jpg","keywords":["AWISTA GmbH","Baustellensperrungen","construction site closures","d\u00e9fis logistiques","demande industrielle","Deutsch RheinCargo","d\u00e9veloppement des infrastructures","directeur g\u00e9n\u00e9ral RheinCargo","D\u00fcsseldorf logistics","D\u00fcsseldorf Logistik","economic performance","Eisenbahnbereich","entreprises logistiques r\u00e9gionales","Fachkr\u00e4ftemangel Logistik","fermetures de chantiers","freight transport Cologne","Gesch\u00e4ftsf\u00fchrer RheinCargo","gestion dans la logistique","gestion de la cha\u00eene d'approvisionnement","gestion op\u00e9rationnelle","G\u00fcterverkehr K\u00f6ln","Herausforderungen in der Logistik","industrial demand","industrielle Nachfrage","infrastructure development","Infrastrukturentwicklung","logistics challenges","logistics industry","Logistik auf der Schiene","Logistikbranche","logistique D\u00fcsseldorf","logistique ferroviaire","Management in der Logistik","management in logistics","Neuss D\u00fcsseldorf ports","Neuss D\u00fcsseldorfer H\u00e4fen","operational management Fran\u00e7ais RheinCargo","p\u00e9nurie de comp\u00e9tences logistique","performance \u00e9conomique","Peter Ehler","ports de Neuss D\u00fcsseldorf","prix des voies","rail logistics","railway sector","regional logistics companies","regionale Logistikunternehmen","RheinCargo CEO","secteur ferroviaire","secteur logistique","skills shortage logistics","Supply Chain Management","track prices","transport de marchandises Cologne","Trassenpreise","wirtschaftliche Performance English RheinCargo"],"articleSection":["Deutschland","Intermodal \/ Route","L'Europe","Personnes et entreprises"],"inLanguage":"fr-FR","potentialAction":[{"@type":"CommentAction","name":"Comment","target":["https:\/\/transportjournal.com\/fr\/2026\/01\/29\/peter-ehler-devient-directeur-general-de-rheincargo\/#respond"]}]},{"@type":"WebPage","@id":"https:\/\/transportjournal.com\/fr\/2026\/01\/29\/peter-ehler-devient-directeur-general-de-rheincargo\/","url":"https:\/\/transportjournal.com\/fr\/2026\/01\/29\/peter-ehler-devient-directeur-general-de-rheincargo\/","name":"Peter Ehler devient directeur g\u00e9n\u00e9ral de RheinCargo - ITJ | International Transport Journal.","isPartOf":{"@id":"https:\/\/transportjournal.com\/fr\/#website"},"primaryImageOfPage":{"@id":"https:\/\/transportjournal.com\/fr\/2026\/01\/29\/peter-ehler-devient-directeur-general-de-rheincargo\/#primaryimage"},"image":{"@id":"https:\/\/transportjournal.com\/fr\/2026\/01\/29\/peter-ehler-devient-directeur-general-de-rheincargo\/#primaryimage"},"thumbnailUrl":"https:\/\/transportjournal.com\/wp-content\/uploads\/sites\/2\/2026\/01\/2026_01_29_V_l_Peter_Ehler_Sascha_Odermatt-scaled-aspect-ratio-1400-788-scaled-1.jpg","datePublished":"2026-01-29T09:46:54+00:00","breadcrumb":{"@id":"https:\/\/transportjournal.com\/fr\/2026\/01\/29\/peter-ehler-devient-directeur-general-de-rheincargo\/#breadcrumb"},"inLanguage":"fr-FR","potentialAction":[{"@type":"ReadAction","target":["https:\/\/transportjournal.com\/fr\/2026\/01\/29\/peter-ehler-devient-directeur-general-de-rheincargo\/"]}]},{"@type":"ImageObject","inLanguage":"fr-FR","@id":"https:\/\/transportjournal.com\/fr\/2026\/01\/29\/peter-ehler-devient-directeur-general-de-rheincargo\/#primaryimage","url":"https:\/\/transportjournal.com\/wp-content\/uploads\/sites\/2\/2026\/01\/2026_01_29_V_l_Peter_Ehler_Sascha_Odermatt-scaled-aspect-ratio-1400-788-scaled-1.jpg","contentUrl":"https:\/\/transportjournal.com\/wp-content\/uploads\/sites\/2\/2026\/01\/2026_01_29_V_l_Peter_Ehler_Sascha_Odermatt-scaled-aspect-ratio-1400-788-scaled-1.jpg","width":2560,"height":1441},{"@type":"BreadcrumbList","@id":"https:\/\/transportjournal.com\/fr\/2026\/01\/29\/peter-ehler-devient-directeur-general-de-rheincargo\/#breadcrumb","itemListElement":[{"@type":"ListItem","position":1,"name":"Startseite","item":"https:\/\/transportjournal.com\/fr\/"},{"@type":"ListItem","position":2,"name":"Peter Ehler devient directeur g\u00e9n\u00e9ral de RheinCargo"}]},{"@type":"WebSite","@id":"https:\/\/transportjournal.com\/fr\/#website","url":"https:\/\/transportjournal.com\/fr\/","name":"ITJ | International Transport Journal","description":"Restez inform\u00e9 des derni\u00e8res nouvelles mondiales dans les secteurs du transport, de la logistique et de la cha\u00eene d'approvisionnement. Transport Journal fournit des informations d'experts, des analyses et des mises \u00e0 jour sur le transport maritime, l'aviation, l'intermodalit\u00e9 et l'exp\u00e9dition. ","publisher":{"@id":"https:\/\/transportjournal.com\/fr\/#organization"},"potentialAction":[{"@type":"SearchAction","target":{"@type":"EntryPoint","urlTemplate":"https:\/\/transportjournal.com\/fr\/?s={search_term_string}"},"query-input":{"@type":"PropertyValueSpecification","valueRequired":true,"valueName":"search_term_string"}}],"inLanguage":"fr-FR"},{"@type":"Organization","@id":"https:\/\/transportjournal.com\/fr\/#organization","name":"Groupe Logismedia AG","alternateName":"Logismedia Group AG","url":"https:\/\/transportjournal.com\/fr\/","logo":{"@type":"ImageObject","inLanguage":"fr-FR","@id":"https:\/\/transportjournal.com\/fr\/#\/schema\/logo\/image\/","url":"https:\/\/transportjournal.com\/wp-content\/uploads\/sites\/2\/2025\/09\/Logo_ITJ.png","contentUrl":"https:\/\/transportjournal.com\/wp-content\/uploads\/sites\/2\/2025\/09\/Logo_ITJ.png","width":799,"height":326,"caption":"Groupe Logismedia AG"},"image":{"@id":"https:\/\/transportjournal.com\/fr\/#\/schema\/logo\/image\/"},"sameAs":["https:\/\/www.linkedin.com\/company\/56456496\/admin\/dashboard\/","https:\/\/www.instagram.com\/logismediagroup\/","https:\/\/www.youtube.com\/@LogiamediaGroupAG"]},{"@type":"Person","@id":"https:\/\/transportjournal.com\/fr\/#\/schema\/person\/cf538b3157f15afd7589245a4b3dbd25","name":"Andreas Haug","url":"https:\/\/transportjournal.com\/fr\/author\/andreas\/"}]}},"_links":{"self":[{"href":"https:\/\/transportjournal.com\/fr\/wp-json\/wp\/v2\/posts\/75039","targetHints":{"allow":["GET"]}}],"collection":[{"href":"https:\/\/transportjournal.com\/fr\/wp-json\/wp\/v2\/posts"}],"about":[{"href":"https:\/\/transportjournal.com\/fr\/wp-json\/wp\/v2\/types\/post"}],"author":[{"embeddable":true,"href":"https:\/\/transportjournal.com\/fr\/wp-json\/wp\/v2\/users\/12"}],"replies":[{"embeddable":true,"href":"https:\/\/transportjournal.com\/fr\/wp-json\/wp\/v2\/comments?post=75039"}],"version-history":[{"count":0,"href":"https:\/\/transportjournal.com\/fr\/wp-json\/wp\/v2\/posts\/75039\/revisions"}],"wp:featuredmedia":[{"embeddable":true,"href":"https:\/\/transportjournal.com\/fr\/wp-json\/wp\/v2\/media\/75037"}],"wp:attachment":[{"href":"https:\/\/transportjournal.com\/fr\/wp-json\/wp\/v2\/media?parent=75039"}],"wp:term":[{"taxonomy":"category","embeddable":true,"href":"https:\/\/transportjournal.com\/fr\/wp-json\/wp\/v2\/categories?post=75039"},{"taxonomy":"post_tag","embeddable":true,"href":"https:\/\/transportjournal.com\/fr\/wp-json\/wp\/v2\/tags?post=75039"}],"curies":[{"name":"wp","href":"https:\/\/api.w.org\/{rel}","templated":true}]}}