{"id":75031,"date":"2026-01-29T08:45:19","date_gmt":"2026-01-29T08:45:19","guid":{"rendered":"https:\/\/transportjournal.com\/2026\/01\/29\/la-demande-de-fret-aerien-en-asie-du-sud-augmente\/"},"modified":"2026-01-29T08:45:19","modified_gmt":"2026-01-29T08:45:19","slug":"la-demande-de-fret-aerien-en-asie-du-sud-augmente","status":"publish","type":"post","link":"https:\/\/transportjournal.com\/fr\/2026\/01\/29\/la-demande-de-fret-aerien-en-asie-du-sud-augmente\/","title":{"rendered":"La demande de fret a\u00e9rien en Asie du Sud augmente"},"content":{"rendered":"<p>La demande de fret a\u00e9rien en Inde et en Asie du Sud devrait augmenter consid\u00e9rablement au cours des deux prochaines d\u00e9cennies, entra\u00eenant une expansion significative de la flotte de fret dans la r\u00e9gion. Cela ressort du dernier Commercial Market Outlook de Boeing. Le fabricant pr\u00e9voit que le nombre d&#8217;avions de fret neufs et convertis en Asie du Sud sera multipli\u00e9 par cinq d&#8217;ici 2044. Cette augmentation refl\u00e8te l&#8217;importance croissante du fret a\u00e9rien pour les \u00e9conomies de la r\u00e9gion.<\/p>\n<h3>Croissance gr\u00e2ce \u00e0 la technologie et au commerce \u00e9lectronique<\/h3>\n<p>Boeing attribue principalement cette croissance \u00e0 l&#8217;\u00e9volution de la fabrication high-tech en Inde ainsi qu&#8217;\u00e0 l&#8217;augmentation rapide du commerce \u00e9lectronique. Ces deux facteurs augmentent la demande de solutions logistiques rapides et fiables. L&#8217;Inde devient de plus en plus un point de transit international important, ce qui pousse les compagnies a\u00e9riennes \u00e0 d\u00e9velopper leurs r\u00e9seaux long-courriers. Cela soutient des flux de fret plus \u00e9lev\u00e9s entre l&#8217;Asie du Sud, le Moyen-Orient, l&#8217;Europe et l&#8217;Am\u00e9rique du Nord.<\/p>\n<p>Dans l&#8217;ensemble, les compagnies a\u00e9riennes indiennes et sud-asiatiques auront besoin de pr\u00e8s de 3 300 nouveaux avions d&#8217;ici 2044. Bien que les avions monocouloirs repr\u00e9sentent la majorit\u00e9 des livraisons, les avions \u00e0 fuselage large et les avions de fret sp\u00e9cialis\u00e9s joueront \u00e9galement un r\u00f4le de plus en plus important dans la gestion des volumes de fret croissants. Boeing souligne \u00e9galement que l&#8217;expansion n\u00e9cessitera des investissements consid\u00e9rables dans les services li\u00e9s au fret a\u00e9rien, y compris la maintenance, les solutions num\u00e9riques et la formation. Cela souligne la pertinence strat\u00e9gique du fret a\u00e9rien pour la r\u00e9gion.<\/p>\n<p>&nbsp;<\/p>\n<p><a href=\"https:\/\/www.boeing.com\/\" target=\"_blank\" rel=\"noopener noreferrer\">www.boeing.com<\/a><\/p>\n<p>&nbsp;<\/p>\n","protected":false},"excerpt":{"rendered":"<p>La demande de fret a\u00e9rien en Inde et en Asie du Sud devrait augmenter fortement d&rsquo;ici 2044, n\u00e9cessitant un quintuplement des avions cargo et des investissements significatifs.<\/p>\n","protected":false},"author":12,"featured_media":75029,"comment_status":"open","ping_status":"open","sticky":false,"template":"","format":"standard","meta":{"_acf_changed":false,"footnotes":""},"categories":[1586,1581,1582],"tags":[],"class_list":["post-75031","post","type-post","status-publish","format-standard","has-post-thumbnail","hentry","category-asie-pacifique","category-expedition-et-logistique","category-fret-aerien"],"acf":[],"yoast_head":"<!-- This site is optimized with the Yoast SEO plugin v27.3 - https:\/\/yoast.com\/product\/yoast-seo-wordpress\/ -->\n<title>La demande de fret a\u00e9rien en Asie du Sud augmente - ITJ | International Transport Journal.<\/title>\n<meta name=\"robots\" content=\"index, follow, max-snippet:-1, max-image-preview:large, max-video-preview:-1\" \/>\n<link rel=\"canonical\" href=\"https:\/\/transportjournal.com\/fr\/2026\/01\/29\/la-demande-de-fret-aerien-en-asie-du-sud-augmente\/\" \/>\n<meta property=\"og:locale\" content=\"fr_FR\" \/>\n<meta property=\"og:type\" content=\"article\" \/>\n<meta property=\"og:title\" content=\"La demande de fret a\u00e9rien en Asie du Sud augmente - ITJ | International Transport Journal.\" \/>\n<meta property=\"og:description\" content=\"La demande de fret a\u00e9rien en Inde et en Asie du Sud devrait augmenter fortement d&#039;ici 2044, n\u00e9cessitant un quintuplement des avions cargo et des investissements significatifs.\" \/>\n<meta property=\"og:url\" content=\"https:\/\/transportjournal.com\/fr\/2026\/01\/29\/la-demande-de-fret-aerien-en-asie-du-sud-augmente\/\" \/>\n<meta property=\"og:site_name\" content=\"ITJ | International Transport Journal\" \/>\n<meta property=\"article:published_time\" content=\"2026-01-29T08:45:19+00:00\" \/>\n<meta property=\"og:image\" content=\"https:\/\/transportjournal.com\/wp-content\/uploads\/sites\/2\/2026\/01\/SpiceXpress-505703368_1124496456359845_9192554609751472096_n-aspect-ratio-1400-788.jpg\" \/>\n\t<meta property=\"og:image:width\" content=\"1080\" \/>\n\t<meta property=\"og:image:height\" content=\"608\" \/>\n\t<meta property=\"og:image:type\" content=\"image\/jpeg\" \/>\n<meta name=\"author\" content=\"Andreas Haug\" \/>\n<meta name=\"twitter:card\" content=\"summary_large_image\" \/>\n<meta name=\"twitter:label1\" content=\"\u00c9crit par\" \/>\n\t<meta name=\"twitter:data1\" content=\"Andreas Haug\" \/>\n\t<meta name=\"twitter:label2\" content=\"Dur\u00e9e de lecture estim\u00e9e\" \/>\n\t<meta name=\"twitter:data2\" content=\"1 minute\" \/>\n<script type=\"application\/ld+json\" class=\"yoast-schema-graph\">{\"@context\":\"https:\\\/\\\/schema.org\",\"@graph\":[{\"@type\":\"Article\",\"@id\":\"https:\\\/\\\/transportjournal.com\\\/fr\\\/2026\\\/01\\\/29\\\/la-demande-de-fret-aerien-en-asie-du-sud-augmente\\\/#article\",\"isPartOf\":{\"@id\":\"https:\\\/\\\/transportjournal.com\\\/fr\\\/2026\\\/01\\\/29\\\/la-demande-de-fret-aerien-en-asie-du-sud-augmente\\\/\"},\"author\":{\"name\":\"Andreas Haug\",\"@id\":\"https:\\\/\\\/transportjournal.com\\\/fr\\\/#\\\/schema\\\/person\\\/cf538b3157f15afd7589245a4b3dbd25\"},\"headline\":\"La demande de fret a\u00e9rien en Asie du Sud augmente\",\"datePublished\":\"2026-01-29T08:45:19+00:00\",\"mainEntityOfPage\":{\"@id\":\"https:\\\/\\\/transportjournal.com\\\/fr\\\/2026\\\/01\\\/29\\\/la-demande-de-fret-aerien-en-asie-du-sud-augmente\\\/\"},\"wordCount\":304,\"commentCount\":0,\"publisher\":{\"@id\":\"https:\\\/\\\/transportjournal.com\\\/fr\\\/#organization\"},\"image\":{\"@id\":\"https:\\\/\\\/transportjournal.com\\\/fr\\\/2026\\\/01\\\/29\\\/la-demande-de-fret-aerien-en-asie-du-sud-augmente\\\/#primaryimage\"},\"thumbnailUrl\":\"https:\\\/\\\/transportjournal.com\\\/wp-content\\\/uploads\\\/sites\\\/2\\\/2026\\\/01\\\/SpiceXpress-505703368_1124496456359845_9192554609751472096_n-aspect-ratio-1400-788.jpg\",\"articleSection\":[\"Asie\\\/Pacifique\",\"Exp\u00e9dition de fret et logistique\",\"Fret a\u00e9rien\"],\"inLanguage\":\"fr-FR\",\"potentialAction\":[{\"@type\":\"CommentAction\",\"name\":\"Comment\",\"target\":[\"https:\\\/\\\/transportjournal.com\\\/fr\\\/2026\\\/01\\\/29\\\/la-demande-de-fret-aerien-en-asie-du-sud-augmente\\\/#respond\"]}]},{\"@type\":\"WebPage\",\"@id\":\"https:\\\/\\\/transportjournal.com\\\/fr\\\/2026\\\/01\\\/29\\\/la-demande-de-fret-aerien-en-asie-du-sud-augmente\\\/\",\"url\":\"https:\\\/\\\/transportjournal.com\\\/fr\\\/2026\\\/01\\\/29\\\/la-demande-de-fret-aerien-en-asie-du-sud-augmente\\\/\",\"name\":\"La demande de fret a\u00e9rien en Asie du Sud augmente - ITJ | International Transport Journal.\",\"isPartOf\":{\"@id\":\"https:\\\/\\\/transportjournal.com\\\/fr\\\/#website\"},\"primaryImageOfPage\":{\"@id\":\"https:\\\/\\\/transportjournal.com\\\/fr\\\/2026\\\/01\\\/29\\\/la-demande-de-fret-aerien-en-asie-du-sud-augmente\\\/#primaryimage\"},\"image\":{\"@id\":\"https:\\\/\\\/transportjournal.com\\\/fr\\\/2026\\\/01\\\/29\\\/la-demande-de-fret-aerien-en-asie-du-sud-augmente\\\/#primaryimage\"},\"thumbnailUrl\":\"https:\\\/\\\/transportjournal.com\\\/wp-content\\\/uploads\\\/sites\\\/2\\\/2026\\\/01\\\/SpiceXpress-505703368_1124496456359845_9192554609751472096_n-aspect-ratio-1400-788.jpg\",\"datePublished\":\"2026-01-29T08:45:19+00:00\",\"breadcrumb\":{\"@id\":\"https:\\\/\\\/transportjournal.com\\\/fr\\\/2026\\\/01\\\/29\\\/la-demande-de-fret-aerien-en-asie-du-sud-augmente\\\/#breadcrumb\"},\"inLanguage\":\"fr-FR\",\"potentialAction\":[{\"@type\":\"ReadAction\",\"target\":[\"https:\\\/\\\/transportjournal.com\\\/fr\\\/2026\\\/01\\\/29\\\/la-demande-de-fret-aerien-en-asie-du-sud-augmente\\\/\"]}]},{\"@type\":\"ImageObject\",\"inLanguage\":\"fr-FR\",\"@id\":\"https:\\\/\\\/transportjournal.com\\\/fr\\\/2026\\\/01\\\/29\\\/la-demande-de-fret-aerien-en-asie-du-sud-augmente\\\/#primaryimage\",\"url\":\"https:\\\/\\\/transportjournal.com\\\/wp-content\\\/uploads\\\/sites\\\/2\\\/2026\\\/01\\\/SpiceXpress-505703368_1124496456359845_9192554609751472096_n-aspect-ratio-1400-788.jpg\",\"contentUrl\":\"https:\\\/\\\/transportjournal.com\\\/wp-content\\\/uploads\\\/sites\\\/2\\\/2026\\\/01\\\/SpiceXpress-505703368_1124496456359845_9192554609751472096_n-aspect-ratio-1400-788.jpg\",\"width\":1080,\"height\":608},{\"@type\":\"BreadcrumbList\",\"@id\":\"https:\\\/\\\/transportjournal.com\\\/fr\\\/2026\\\/01\\\/29\\\/la-demande-de-fret-aerien-en-asie-du-sud-augmente\\\/#breadcrumb\",\"itemListElement\":[{\"@type\":\"ListItem\",\"position\":1,\"name\":\"Startseite\",\"item\":\"https:\\\/\\\/transportjournal.com\\\/fr\\\/\"},{\"@type\":\"ListItem\",\"position\":2,\"name\":\"La demande de fret a\u00e9rien en Asie du Sud augmente\"}]},{\"@type\":\"WebSite\",\"@id\":\"https:\\\/\\\/transportjournal.com\\\/fr\\\/#website\",\"url\":\"https:\\\/\\\/transportjournal.com\\\/fr\\\/\",\"name\":\"ITJ | International Transport Journal\",\"description\":\"Restez inform\u00e9 des derni\u00e8res nouvelles mondiales dans les secteurs du transport, de la logistique et de la cha\u00eene d'approvisionnement. Transport Journal fournit des informations d'experts, des analyses et des mises \u00e0 jour sur le transport maritime, l'aviation, l'intermodalit\u00e9 et l'exp\u00e9dition. \",\"publisher\":{\"@id\":\"https:\\\/\\\/transportjournal.com\\\/fr\\\/#organization\"},\"potentialAction\":[{\"@type\":\"SearchAction\",\"target\":{\"@type\":\"EntryPoint\",\"urlTemplate\":\"https:\\\/\\\/transportjournal.com\\\/fr\\\/?s={search_term_string}\"},\"query-input\":{\"@type\":\"PropertyValueSpecification\",\"valueRequired\":true,\"valueName\":\"search_term_string\"}}],\"inLanguage\":\"fr-FR\"},{\"@type\":\"Organization\",\"@id\":\"https:\\\/\\\/transportjournal.com\\\/fr\\\/#organization\",\"name\":\"Groupe Logismedia AG\",\"alternateName\":\"Logismedia Group AG\",\"url\":\"https:\\\/\\\/transportjournal.com\\\/fr\\\/\",\"logo\":{\"@type\":\"ImageObject\",\"inLanguage\":\"fr-FR\",\"@id\":\"https:\\\/\\\/transportjournal.com\\\/fr\\\/#\\\/schema\\\/logo\\\/image\\\/\",\"url\":\"https:\\\/\\\/transportjournal.com\\\/wp-content\\\/uploads\\\/sites\\\/2\\\/2025\\\/09\\\/Logo_ITJ.png\",\"contentUrl\":\"https:\\\/\\\/transportjournal.com\\\/wp-content\\\/uploads\\\/sites\\\/2\\\/2025\\\/09\\\/Logo_ITJ.png\",\"width\":799,\"height\":326,\"caption\":\"Groupe Logismedia AG\"},\"image\":{\"@id\":\"https:\\\/\\\/transportjournal.com\\\/fr\\\/#\\\/schema\\\/logo\\\/image\\\/\"},\"sameAs\":[\"https:\\\/\\\/www.linkedin.com\\\/company\\\/56456496\\\/admin\\\/dashboard\\\/\",\"https:\\\/\\\/www.instagram.com\\\/logismediagroup\\\/\",\"https:\\\/\\\/www.youtube.com\\\/@LogiamediaGroupAG\"]},{\"@type\":\"Person\",\"@id\":\"https:\\\/\\\/transportjournal.com\\\/fr\\\/#\\\/schema\\\/person\\\/cf538b3157f15afd7589245a4b3dbd25\",\"name\":\"Andreas Haug\",\"url\":\"https:\\\/\\\/transportjournal.com\\\/fr\\\/author\\\/andreas\\\/\"}]}<\/script>\n<!-- \/ Yoast SEO plugin. -->","yoast_head_json":{"title":"La demande de fret a\u00e9rien en Asie du Sud augmente - ITJ | International Transport Journal.","robots":{"index":"index","follow":"follow","max-snippet":"max-snippet:-1","max-image-preview":"max-image-preview:large","max-video-preview":"max-video-preview:-1"},"canonical":"https:\/\/transportjournal.com\/fr\/2026\/01\/29\/la-demande-de-fret-aerien-en-asie-du-sud-augmente\/","og_locale":"fr_FR","og_type":"article","og_title":"La demande de fret a\u00e9rien en Asie du Sud augmente - ITJ | International Transport Journal.","og_description":"La demande de fret a\u00e9rien en Inde et en Asie du Sud devrait augmenter fortement d'ici 2044, n\u00e9cessitant un quintuplement des avions cargo et des investissements significatifs.","og_url":"https:\/\/transportjournal.com\/fr\/2026\/01\/29\/la-demande-de-fret-aerien-en-asie-du-sud-augmente\/","og_site_name":"ITJ | International Transport Journal","article_published_time":"2026-01-29T08:45:19+00:00","og_image":[{"width":1080,"height":608,"url":"https:\/\/transportjournal.com\/wp-content\/uploads\/sites\/2\/2026\/01\/SpiceXpress-505703368_1124496456359845_9192554609751472096_n-aspect-ratio-1400-788.jpg","type":"image\/jpeg"}],"author":"Andreas Haug","twitter_card":"summary_large_image","twitter_misc":{"\u00c9crit par":"Andreas Haug","Dur\u00e9e de lecture estim\u00e9e":"1 minute"},"schema":{"@context":"https:\/\/schema.org","@graph":[{"@type":"Article","@id":"https:\/\/transportjournal.com\/fr\/2026\/01\/29\/la-demande-de-fret-aerien-en-asie-du-sud-augmente\/#article","isPartOf":{"@id":"https:\/\/transportjournal.com\/fr\/2026\/01\/29\/la-demande-de-fret-aerien-en-asie-du-sud-augmente\/"},"author":{"name":"Andreas Haug","@id":"https:\/\/transportjournal.com\/fr\/#\/schema\/person\/cf538b3157f15afd7589245a4b3dbd25"},"headline":"La demande de fret a\u00e9rien en Asie du Sud augmente","datePublished":"2026-01-29T08:45:19+00:00","mainEntityOfPage":{"@id":"https:\/\/transportjournal.com\/fr\/2026\/01\/29\/la-demande-de-fret-aerien-en-asie-du-sud-augmente\/"},"wordCount":304,"commentCount":0,"publisher":{"@id":"https:\/\/transportjournal.com\/fr\/#organization"},"image":{"@id":"https:\/\/transportjournal.com\/fr\/2026\/01\/29\/la-demande-de-fret-aerien-en-asie-du-sud-augmente\/#primaryimage"},"thumbnailUrl":"https:\/\/transportjournal.com\/wp-content\/uploads\/sites\/2\/2026\/01\/SpiceXpress-505703368_1124496456359845_9192554609751472096_n-aspect-ratio-1400-788.jpg","articleSection":["Asie\/Pacifique","Exp\u00e9dition de fret et logistique","Fret a\u00e9rien"],"inLanguage":"fr-FR","potentialAction":[{"@type":"CommentAction","name":"Comment","target":["https:\/\/transportjournal.com\/fr\/2026\/01\/29\/la-demande-de-fret-aerien-en-asie-du-sud-augmente\/#respond"]}]},{"@type":"WebPage","@id":"https:\/\/transportjournal.com\/fr\/2026\/01\/29\/la-demande-de-fret-aerien-en-asie-du-sud-augmente\/","url":"https:\/\/transportjournal.com\/fr\/2026\/01\/29\/la-demande-de-fret-aerien-en-asie-du-sud-augmente\/","name":"La demande de fret a\u00e9rien en Asie du Sud augmente - ITJ | International Transport Journal.","isPartOf":{"@id":"https:\/\/transportjournal.com\/fr\/#website"},"primaryImageOfPage":{"@id":"https:\/\/transportjournal.com\/fr\/2026\/01\/29\/la-demande-de-fret-aerien-en-asie-du-sud-augmente\/#primaryimage"},"image":{"@id":"https:\/\/transportjournal.com\/fr\/2026\/01\/29\/la-demande-de-fret-aerien-en-asie-du-sud-augmente\/#primaryimage"},"thumbnailUrl":"https:\/\/transportjournal.com\/wp-content\/uploads\/sites\/2\/2026\/01\/SpiceXpress-505703368_1124496456359845_9192554609751472096_n-aspect-ratio-1400-788.jpg","datePublished":"2026-01-29T08:45:19+00:00","breadcrumb":{"@id":"https:\/\/transportjournal.com\/fr\/2026\/01\/29\/la-demande-de-fret-aerien-en-asie-du-sud-augmente\/#breadcrumb"},"inLanguage":"fr-FR","potentialAction":[{"@type":"ReadAction","target":["https:\/\/transportjournal.com\/fr\/2026\/01\/29\/la-demande-de-fret-aerien-en-asie-du-sud-augmente\/"]}]},{"@type":"ImageObject","inLanguage":"fr-FR","@id":"https:\/\/transportjournal.com\/fr\/2026\/01\/29\/la-demande-de-fret-aerien-en-asie-du-sud-augmente\/#primaryimage","url":"https:\/\/transportjournal.com\/wp-content\/uploads\/sites\/2\/2026\/01\/SpiceXpress-505703368_1124496456359845_9192554609751472096_n-aspect-ratio-1400-788.jpg","contentUrl":"https:\/\/transportjournal.com\/wp-content\/uploads\/sites\/2\/2026\/01\/SpiceXpress-505703368_1124496456359845_9192554609751472096_n-aspect-ratio-1400-788.jpg","width":1080,"height":608},{"@type":"BreadcrumbList","@id":"https:\/\/transportjournal.com\/fr\/2026\/01\/29\/la-demande-de-fret-aerien-en-asie-du-sud-augmente\/#breadcrumb","itemListElement":[{"@type":"ListItem","position":1,"name":"Startseite","item":"https:\/\/transportjournal.com\/fr\/"},{"@type":"ListItem","position":2,"name":"La demande de fret a\u00e9rien en Asie du Sud augmente"}]},{"@type":"WebSite","@id":"https:\/\/transportjournal.com\/fr\/#website","url":"https:\/\/transportjournal.com\/fr\/","name":"ITJ | International Transport Journal","description":"Restez inform\u00e9 des derni\u00e8res nouvelles mondiales dans les secteurs du transport, de la logistique et de la cha\u00eene d'approvisionnement. Transport Journal fournit des informations d'experts, des analyses et des mises \u00e0 jour sur le transport maritime, l'aviation, l'intermodalit\u00e9 et l'exp\u00e9dition. ","publisher":{"@id":"https:\/\/transportjournal.com\/fr\/#organization"},"potentialAction":[{"@type":"SearchAction","target":{"@type":"EntryPoint","urlTemplate":"https:\/\/transportjournal.com\/fr\/?s={search_term_string}"},"query-input":{"@type":"PropertyValueSpecification","valueRequired":true,"valueName":"search_term_string"}}],"inLanguage":"fr-FR"},{"@type":"Organization","@id":"https:\/\/transportjournal.com\/fr\/#organization","name":"Groupe Logismedia AG","alternateName":"Logismedia Group AG","url":"https:\/\/transportjournal.com\/fr\/","logo":{"@type":"ImageObject","inLanguage":"fr-FR","@id":"https:\/\/transportjournal.com\/fr\/#\/schema\/logo\/image\/","url":"https:\/\/transportjournal.com\/wp-content\/uploads\/sites\/2\/2025\/09\/Logo_ITJ.png","contentUrl":"https:\/\/transportjournal.com\/wp-content\/uploads\/sites\/2\/2025\/09\/Logo_ITJ.png","width":799,"height":326,"caption":"Groupe Logismedia AG"},"image":{"@id":"https:\/\/transportjournal.com\/fr\/#\/schema\/logo\/image\/"},"sameAs":["https:\/\/www.linkedin.com\/company\/56456496\/admin\/dashboard\/","https:\/\/www.instagram.com\/logismediagroup\/","https:\/\/www.youtube.com\/@LogiamediaGroupAG"]},{"@type":"Person","@id":"https:\/\/transportjournal.com\/fr\/#\/schema\/person\/cf538b3157f15afd7589245a4b3dbd25","name":"Andreas Haug","url":"https:\/\/transportjournal.com\/fr\/author\/andreas\/"}]}},"_links":{"self":[{"href":"https:\/\/transportjournal.com\/fr\/wp-json\/wp\/v2\/posts\/75031","targetHints":{"allow":["GET"]}}],"collection":[{"href":"https:\/\/transportjournal.com\/fr\/wp-json\/wp\/v2\/posts"}],"about":[{"href":"https:\/\/transportjournal.com\/fr\/wp-json\/wp\/v2\/types\/post"}],"author":[{"embeddable":true,"href":"https:\/\/transportjournal.com\/fr\/wp-json\/wp\/v2\/users\/12"}],"replies":[{"embeddable":true,"href":"https:\/\/transportjournal.com\/fr\/wp-json\/wp\/v2\/comments?post=75031"}],"version-history":[{"count":0,"href":"https:\/\/transportjournal.com\/fr\/wp-json\/wp\/v2\/posts\/75031\/revisions"}],"wp:featuredmedia":[{"embeddable":true,"href":"https:\/\/transportjournal.com\/fr\/wp-json\/wp\/v2\/media\/75029"}],"wp:attachment":[{"href":"https:\/\/transportjournal.com\/fr\/wp-json\/wp\/v2\/media?parent=75031"}],"wp:term":[{"taxonomy":"category","embeddable":true,"href":"https:\/\/transportjournal.com\/fr\/wp-json\/wp\/v2\/categories?post=75031"},{"taxonomy":"post_tag","embeddable":true,"href":"https:\/\/transportjournal.com\/fr\/wp-json\/wp\/v2\/tags?post=75031"}],"curies":[{"name":"wp","href":"https:\/\/api.w.org\/{rel}","templated":true}]}}