{"id":75023,"date":"2026-01-29T08:29:29","date_gmt":"2026-01-29T08:29:29","guid":{"rendered":"https:\/\/transportjournal.com\/2026\/01\/29\/air-charter-service-renforce-sa-presence-a-brisbane\/"},"modified":"2026-01-29T08:29:29","modified_gmt":"2026-01-29T08:29:29","slug":"air-charter-service-renforce-sa-presence-a-brisbane","status":"publish","type":"post","link":"https:\/\/transportjournal.com\/fr\/2026\/01\/29\/air-charter-service-renforce-sa-presence-a-brisbane\/","title":{"rendered":"Air Charter Service renforce sa pr\u00e9sence \u00e0 Brisbane"},"content":{"rendered":"<p>Air Charter Service a \u00e9largi sa pr\u00e9sence en Australie en ouvrant un nouveau bureau \u00e0 Brisbane. Ce bureau est plus de quatre fois plus grand que l&#8217;ancien lieu de travail de l&#8217;\u00e9quipe. L&#8217;expansion intervient seulement six mois apr\u00e8s l&#8217;ouverture d&#8217;un bureau \u00e0 Perth.<\/p>\n<p>Melissa Rogers, Directrice des ventes de charters d&#8217;Air Charter Service \u00e0 Brisbane, a comment\u00e9 les d\u00e9veloppements : \u00ab Au cours des quatre ann\u00e9es \u00e9coul\u00e9es depuis que Matthew Haigh et moi avons ouvert notre bureau ici, nous avons connu une croissance remarquable et disposons d\u00e9sormais d&#8217;une \u00e9quipe en constante expansion de pr\u00e8s de 20 personnes. \u00bb<\/p>\n<p>Les chiffres t\u00e9moignent du succ\u00e8s de l&#8217;entreprise : l&#8217;ann\u00e9e derni\u00e8re, le nombre de vols charters a plus que doubl\u00e9 par rapport aux r\u00e9sultats de 2024. De plus, Air Charter Service a remport\u00e9 plusieurs nouveaux contrats FIFO (Fly In, Fly Out) avec des clients cl\u00e9s, ce qui souligne la r\u00e9putation croissante de l&#8217;entreprise dans la r\u00e9gion.<\/p>\n<h3>Choix strat\u00e9gique de l&#8217;emplacement et perspectives d&#8217;avenir<\/h3>\n<p>Le nouveau bureau est situ\u00e9 dans le quartier de James Street \u00e0 Fortitude Valley \u00e0 Brisbane et offre suffisamment d&#8217;espace pour r\u00e9aliser les plans de croissance de l&#8217;entreprise pour les ann\u00e9es \u00e0 venir. Rogers souligne : \u00ab C&#8217;est une p\u00e9riode passionnante pour Air Charter Service en Australie, car nous souhaitons continuer \u00e0 d\u00e9velopper notre succ\u00e8s et \u00e9largir nos \u00e9quipes ici \u00e0 Brisbane ainsi que les op\u00e9rations existantes \u00e0 Sydney et Perth. \u00bb<\/p>\n<p>Air Charter Service est un courtier en affr\u00e8tement d&#8217;avions op\u00e9rant \u00e0 l&#8217;\u00e9chelle mondiale avec 40 bureaux sur six continents. L&#8217;entreprise organise chaque ann\u00e9e plus de 35 000 vols et g\u00e9n\u00e8re un chiffre d&#8217;affaires de plus de 1 milliard USD depuis cinq ans. Elle a \u00e9t\u00e9 fond\u00e9e en 1990 par Chris et Tina Leach. Aujourd&#8217;hui, l&#8217;entreprise emploie plus de 750 personnes dans le monde.<\/p>\n<p>&nbsp;<\/p>\n<p><a href=\"https:\/\/www.aircharterservice.com\/\" target=\"_blank\" rel=\"noopener noreferrer\">www.aircharterservice.com<\/a><\/p>\n<p>&nbsp;<\/p>\n","protected":false},"excerpt":{"rendered":"<p>Air Charter Service a ouvert un nouveau grand bureau \u00e0 Brisbane pour soutenir la croissance de l&rsquo;entreprise et son expansion en Australie.<\/p>\n","protected":false},"author":12,"featured_media":75021,"comment_status":"open","ping_status":"open","sticky":false,"template":"","format":"standard","meta":{"_acf_changed":false,"footnotes":""},"categories":[1586,1582,1579],"tags":[10833,10834,7581,10835,10836,10837,6438,10838,6439,10839,10840,10841,10842,6305,3739,4281,4282,10843,10844,10845,10846,7594,10847,10848,10849,10850,2125,3745,2075,10851,10852,2469,1831,10853,3252,9220,9221,4298,9227,10854,4031,10855,10856,10857,10858,10859,2155,1837,5621,10860,10861],"class_list":["post-75023","post","type-post","status-publish","format-standard","has-post-thumbnail","hentry","category-asie-pacifique","category-fret-aerien","category-personnes-et-entreprises","tag-affretement-davions","tag-air-transport-market-francais-air-charter-service","tag-aircraft-charter","tag-augmentation-des-revenus","tag-aviation-internationale","tag-brisbane","tag-charter-flights","tag-charter-sales-director","tag-charterfluege","tag-choix-strategique-de-localisation","tag-contrats-fifo","tag-croissance-de-lequipe","tag-croissance-en-australie","tag-deutsch-air-charter-service","tag-developpement-des-infrastructures","tag-digitalisierung-in-der-luftfahrt","tag-digitalization-in-aviation","tag-directeur-des-ventes-charter","tag-expansion-mondiale","tag-fifo-contracts","tag-fifo-vertraege","tag-flugzeugcharter","tag-fortitude-valley","tag-global-expansion","tag-globale-expansion","tag-growth-in-australia","tag-industrie-du-transport","tag-infrastructure-development","tag-infrastrukturentwicklung","tag-international-aviation","tag-internationale-luftfahrt","tag-logistics-service-provider","tag-logistikdienstleister","tag-luftverkehrsmarkt-english-air-charter-service","tag-marche-du-transport-aerien","tag-market-share","tag-marktanteil","tag-numerisation-dans-laviation","tag-part-de-marche","tag-perth","tag-prestataire-de-services-logistiques","tag-revenue-increase","tag-strategic-location-choice","tag-strategische-standortwahl","tag-team-growth","tag-teamwachstum","tag-transport-industry","tag-transportwirtschaft","tag-umsatzsteigerung","tag-vols-charters","tag-wachstum-in-australien"],"acf":[],"yoast_head":"<!-- This site is optimized with the Yoast SEO plugin v27.3 - https:\/\/yoast.com\/product\/yoast-seo-wordpress\/ -->\n<title>Air Charter Service renforce sa pr\u00e9sence \u00e0 Brisbane - ITJ | International Transport Journal.<\/title>\n<meta name=\"robots\" content=\"index, follow, max-snippet:-1, max-image-preview:large, max-video-preview:-1\" \/>\n<link rel=\"canonical\" href=\"https:\/\/transportjournal.com\/fr\/2026\/01\/29\/air-charter-service-renforce-sa-presence-a-brisbane\/\" \/>\n<meta property=\"og:locale\" content=\"fr_FR\" \/>\n<meta property=\"og:type\" content=\"article\" \/>\n<meta property=\"og:title\" content=\"Air Charter Service renforce sa pr\u00e9sence \u00e0 Brisbane - ITJ | International Transport Journal.\" \/>\n<meta property=\"og:description\" content=\"Air Charter Service a ouvert un nouveau grand bureau \u00e0 Brisbane pour soutenir la croissance de l&#039;entreprise et son expansion en Australie.\" \/>\n<meta property=\"og:url\" content=\"https:\/\/transportjournal.com\/fr\/2026\/01\/29\/air-charter-service-renforce-sa-presence-a-brisbane\/\" \/>\n<meta property=\"og:site_name\" content=\"ITJ | International Transport Journal\" \/>\n<meta property=\"article:published_time\" content=\"2026-01-29T08:29:29+00:00\" \/>\n<meta property=\"og:image\" content=\"https:\/\/transportjournal.com\/wp-content\/uploads\/sites\/2\/2026\/01\/BNE-office-team-photo-scaled-aspect-ratio-1400-788-scaled-1.jpg\" \/>\n\t<meta property=\"og:image:width\" content=\"2560\" \/>\n\t<meta property=\"og:image:height\" content=\"1441\" \/>\n\t<meta property=\"og:image:type\" content=\"image\/jpeg\" \/>\n<meta name=\"author\" content=\"Andreas Haug\" \/>\n<meta name=\"twitter:card\" content=\"summary_large_image\" \/>\n<meta name=\"twitter:label1\" content=\"\u00c9crit par\" \/>\n\t<meta name=\"twitter:data1\" content=\"Andreas Haug\" \/>\n\t<meta name=\"twitter:label2\" content=\"Dur\u00e9e de lecture estim\u00e9e\" \/>\n\t<meta name=\"twitter:data2\" content=\"2 minutes\" \/>\n<script type=\"application\/ld+json\" class=\"yoast-schema-graph\">{\"@context\":\"https:\\\/\\\/schema.org\",\"@graph\":[{\"@type\":\"Article\",\"@id\":\"https:\\\/\\\/transportjournal.com\\\/fr\\\/2026\\\/01\\\/29\\\/air-charter-service-renforce-sa-presence-a-brisbane\\\/#article\",\"isPartOf\":{\"@id\":\"https:\\\/\\\/transportjournal.com\\\/fr\\\/2026\\\/01\\\/29\\\/air-charter-service-renforce-sa-presence-a-brisbane\\\/\"},\"author\":{\"name\":\"Andreas Haug\",\"@id\":\"https:\\\/\\\/transportjournal.com\\\/fr\\\/#\\\/schema\\\/person\\\/cf538b3157f15afd7589245a4b3dbd25\"},\"headline\":\"Air Charter Service renforce sa pr\u00e9sence \u00e0 Brisbane\",\"datePublished\":\"2026-01-29T08:29:29+00:00\",\"mainEntityOfPage\":{\"@id\":\"https:\\\/\\\/transportjournal.com\\\/fr\\\/2026\\\/01\\\/29\\\/air-charter-service-renforce-sa-presence-a-brisbane\\\/\"},\"wordCount\":332,\"commentCount\":0,\"publisher\":{\"@id\":\"https:\\\/\\\/transportjournal.com\\\/fr\\\/#organization\"},\"image\":{\"@id\":\"https:\\\/\\\/transportjournal.com\\\/fr\\\/2026\\\/01\\\/29\\\/air-charter-service-renforce-sa-presence-a-brisbane\\\/#primaryimage\"},\"thumbnailUrl\":\"https:\\\/\\\/transportjournal.com\\\/wp-content\\\/uploads\\\/sites\\\/2\\\/2026\\\/01\\\/BNE-office-team-photo-scaled-aspect-ratio-1400-788-scaled-1.jpg\",\"keywords\":[\"affr\u00e8tement d'avions\",\"air transport market Fran\u00e7ais Air Charter Service\",\"aircraft charter\",\"augmentation des revenus\",\"aviation internationale\",\"Brisbane\",\"charter flights\",\"Charter Sales Director\",\"Charterfl\u00fcge\",\"choix strat\u00e9gique de localisation\",\"contrats FIFO\",\"croissance de l'\u00e9quipe\",\"croissance en Australie\",\"Deutsch Air Charter Service\",\"d\u00e9veloppement des infrastructures\",\"Digitalisierung in der Luftfahrt\",\"digitalization in aviation\",\"directeur des ventes charter\",\"expansion mondiale\",\"FIFO contracts\",\"FIFO Vertr\u00e4ge\",\"Flugzeugcharter\",\"Fortitude Valley\",\"global expansion\",\"globale Expansion\",\"growth in Australia\",\"industrie du transport\",\"infrastructure development\",\"Infrastrukturentwicklung\",\"international aviation\",\"internationale Luftfahrt\",\"logistics service provider\",\"Logistikdienstleister\",\"Luftverkehrsmarkt English Air Charter Service\",\"march\u00e9 du transport a\u00e9rien\",\"market share\",\"Marktanteil\",\"num\u00e9risation dans l'aviation\",\"part de march\u00e9\",\"Perth\",\"prestataire de services logistiques\",\"revenue increase\",\"strategic location choice\",\"strategische Standortwahl\",\"team growth\",\"Teamwachstum\",\"transport industry\",\"Transportwirtschaft\",\"Umsatzsteigerung\",\"vols charters\",\"Wachstum in Australien\"],\"articleSection\":[\"Asie\\\/Pacifique\",\"Fret a\u00e9rien\",\"Personnes et entreprises\"],\"inLanguage\":\"fr-FR\",\"potentialAction\":[{\"@type\":\"CommentAction\",\"name\":\"Comment\",\"target\":[\"https:\\\/\\\/transportjournal.com\\\/fr\\\/2026\\\/01\\\/29\\\/air-charter-service-renforce-sa-presence-a-brisbane\\\/#respond\"]}]},{\"@type\":\"WebPage\",\"@id\":\"https:\\\/\\\/transportjournal.com\\\/fr\\\/2026\\\/01\\\/29\\\/air-charter-service-renforce-sa-presence-a-brisbane\\\/\",\"url\":\"https:\\\/\\\/transportjournal.com\\\/fr\\\/2026\\\/01\\\/29\\\/air-charter-service-renforce-sa-presence-a-brisbane\\\/\",\"name\":\"Air Charter Service renforce sa pr\u00e9sence \u00e0 Brisbane - ITJ | International Transport Journal.\",\"isPartOf\":{\"@id\":\"https:\\\/\\\/transportjournal.com\\\/fr\\\/#website\"},\"primaryImageOfPage\":{\"@id\":\"https:\\\/\\\/transportjournal.com\\\/fr\\\/2026\\\/01\\\/29\\\/air-charter-service-renforce-sa-presence-a-brisbane\\\/#primaryimage\"},\"image\":{\"@id\":\"https:\\\/\\\/transportjournal.com\\\/fr\\\/2026\\\/01\\\/29\\\/air-charter-service-renforce-sa-presence-a-brisbane\\\/#primaryimage\"},\"thumbnailUrl\":\"https:\\\/\\\/transportjournal.com\\\/wp-content\\\/uploads\\\/sites\\\/2\\\/2026\\\/01\\\/BNE-office-team-photo-scaled-aspect-ratio-1400-788-scaled-1.jpg\",\"datePublished\":\"2026-01-29T08:29:29+00:00\",\"breadcrumb\":{\"@id\":\"https:\\\/\\\/transportjournal.com\\\/fr\\\/2026\\\/01\\\/29\\\/air-charter-service-renforce-sa-presence-a-brisbane\\\/#breadcrumb\"},\"inLanguage\":\"fr-FR\",\"potentialAction\":[{\"@type\":\"ReadAction\",\"target\":[\"https:\\\/\\\/transportjournal.com\\\/fr\\\/2026\\\/01\\\/29\\\/air-charter-service-renforce-sa-presence-a-brisbane\\\/\"]}]},{\"@type\":\"ImageObject\",\"inLanguage\":\"fr-FR\",\"@id\":\"https:\\\/\\\/transportjournal.com\\\/fr\\\/2026\\\/01\\\/29\\\/air-charter-service-renforce-sa-presence-a-brisbane\\\/#primaryimage\",\"url\":\"https:\\\/\\\/transportjournal.com\\\/wp-content\\\/uploads\\\/sites\\\/2\\\/2026\\\/01\\\/BNE-office-team-photo-scaled-aspect-ratio-1400-788-scaled-1.jpg\",\"contentUrl\":\"https:\\\/\\\/transportjournal.com\\\/wp-content\\\/uploads\\\/sites\\\/2\\\/2026\\\/01\\\/BNE-office-team-photo-scaled-aspect-ratio-1400-788-scaled-1.jpg\",\"width\":2560,\"height\":1441},{\"@type\":\"BreadcrumbList\",\"@id\":\"https:\\\/\\\/transportjournal.com\\\/fr\\\/2026\\\/01\\\/29\\\/air-charter-service-renforce-sa-presence-a-brisbane\\\/#breadcrumb\",\"itemListElement\":[{\"@type\":\"ListItem\",\"position\":1,\"name\":\"Startseite\",\"item\":\"https:\\\/\\\/transportjournal.com\\\/fr\\\/\"},{\"@type\":\"ListItem\",\"position\":2,\"name\":\"Air Charter Service renforce sa pr\u00e9sence \u00e0 Brisbane\"}]},{\"@type\":\"WebSite\",\"@id\":\"https:\\\/\\\/transportjournal.com\\\/fr\\\/#website\",\"url\":\"https:\\\/\\\/transportjournal.com\\\/fr\\\/\",\"name\":\"ITJ | International Transport Journal\",\"description\":\"Restez inform\u00e9 des derni\u00e8res nouvelles mondiales dans les secteurs du transport, de la logistique et de la cha\u00eene d'approvisionnement. Transport Journal fournit des informations d'experts, des analyses et des mises \u00e0 jour sur le transport maritime, l'aviation, l'intermodalit\u00e9 et l'exp\u00e9dition. \",\"publisher\":{\"@id\":\"https:\\\/\\\/transportjournal.com\\\/fr\\\/#organization\"},\"potentialAction\":[{\"@type\":\"SearchAction\",\"target\":{\"@type\":\"EntryPoint\",\"urlTemplate\":\"https:\\\/\\\/transportjournal.com\\\/fr\\\/?s={search_term_string}\"},\"query-input\":{\"@type\":\"PropertyValueSpecification\",\"valueRequired\":true,\"valueName\":\"search_term_string\"}}],\"inLanguage\":\"fr-FR\"},{\"@type\":\"Organization\",\"@id\":\"https:\\\/\\\/transportjournal.com\\\/fr\\\/#organization\",\"name\":\"Groupe Logismedia AG\",\"alternateName\":\"Logismedia Group AG\",\"url\":\"https:\\\/\\\/transportjournal.com\\\/fr\\\/\",\"logo\":{\"@type\":\"ImageObject\",\"inLanguage\":\"fr-FR\",\"@id\":\"https:\\\/\\\/transportjournal.com\\\/fr\\\/#\\\/schema\\\/logo\\\/image\\\/\",\"url\":\"https:\\\/\\\/transportjournal.com\\\/wp-content\\\/uploads\\\/sites\\\/2\\\/2025\\\/09\\\/Logo_ITJ.png\",\"contentUrl\":\"https:\\\/\\\/transportjournal.com\\\/wp-content\\\/uploads\\\/sites\\\/2\\\/2025\\\/09\\\/Logo_ITJ.png\",\"width\":799,\"height\":326,\"caption\":\"Groupe Logismedia AG\"},\"image\":{\"@id\":\"https:\\\/\\\/transportjournal.com\\\/fr\\\/#\\\/schema\\\/logo\\\/image\\\/\"},\"sameAs\":[\"https:\\\/\\\/www.linkedin.com\\\/company\\\/56456496\\\/admin\\\/dashboard\\\/\",\"https:\\\/\\\/www.instagram.com\\\/logismediagroup\\\/\",\"https:\\\/\\\/www.youtube.com\\\/@LogiamediaGroupAG\"]},{\"@type\":\"Person\",\"@id\":\"https:\\\/\\\/transportjournal.com\\\/fr\\\/#\\\/schema\\\/person\\\/cf538b3157f15afd7589245a4b3dbd25\",\"name\":\"Andreas Haug\",\"url\":\"https:\\\/\\\/transportjournal.com\\\/fr\\\/author\\\/andreas\\\/\"}]}<\/script>\n<!-- \/ Yoast SEO plugin. -->","yoast_head_json":{"title":"Air Charter Service renforce sa pr\u00e9sence \u00e0 Brisbane - ITJ | International Transport Journal.","robots":{"index":"index","follow":"follow","max-snippet":"max-snippet:-1","max-image-preview":"max-image-preview:large","max-video-preview":"max-video-preview:-1"},"canonical":"https:\/\/transportjournal.com\/fr\/2026\/01\/29\/air-charter-service-renforce-sa-presence-a-brisbane\/","og_locale":"fr_FR","og_type":"article","og_title":"Air Charter Service renforce sa pr\u00e9sence \u00e0 Brisbane - ITJ | International Transport Journal.","og_description":"Air Charter Service a ouvert un nouveau grand bureau \u00e0 Brisbane pour soutenir la croissance de l'entreprise et son expansion en Australie.","og_url":"https:\/\/transportjournal.com\/fr\/2026\/01\/29\/air-charter-service-renforce-sa-presence-a-brisbane\/","og_site_name":"ITJ | International Transport Journal","article_published_time":"2026-01-29T08:29:29+00:00","og_image":[{"width":2560,"height":1441,"url":"https:\/\/transportjournal.com\/wp-content\/uploads\/sites\/2\/2026\/01\/BNE-office-team-photo-scaled-aspect-ratio-1400-788-scaled-1.jpg","type":"image\/jpeg"}],"author":"Andreas Haug","twitter_card":"summary_large_image","twitter_misc":{"\u00c9crit par":"Andreas Haug","Dur\u00e9e de lecture estim\u00e9e":"2 minutes"},"schema":{"@context":"https:\/\/schema.org","@graph":[{"@type":"Article","@id":"https:\/\/transportjournal.com\/fr\/2026\/01\/29\/air-charter-service-renforce-sa-presence-a-brisbane\/#article","isPartOf":{"@id":"https:\/\/transportjournal.com\/fr\/2026\/01\/29\/air-charter-service-renforce-sa-presence-a-brisbane\/"},"author":{"name":"Andreas Haug","@id":"https:\/\/transportjournal.com\/fr\/#\/schema\/person\/cf538b3157f15afd7589245a4b3dbd25"},"headline":"Air Charter Service renforce sa pr\u00e9sence \u00e0 Brisbane","datePublished":"2026-01-29T08:29:29+00:00","mainEntityOfPage":{"@id":"https:\/\/transportjournal.com\/fr\/2026\/01\/29\/air-charter-service-renforce-sa-presence-a-brisbane\/"},"wordCount":332,"commentCount":0,"publisher":{"@id":"https:\/\/transportjournal.com\/fr\/#organization"},"image":{"@id":"https:\/\/transportjournal.com\/fr\/2026\/01\/29\/air-charter-service-renforce-sa-presence-a-brisbane\/#primaryimage"},"thumbnailUrl":"https:\/\/transportjournal.com\/wp-content\/uploads\/sites\/2\/2026\/01\/BNE-office-team-photo-scaled-aspect-ratio-1400-788-scaled-1.jpg","keywords":["affr\u00e8tement d'avions","air transport market Fran\u00e7ais Air Charter Service","aircraft charter","augmentation des revenus","aviation internationale","Brisbane","charter flights","Charter Sales Director","Charterfl\u00fcge","choix strat\u00e9gique de localisation","contrats FIFO","croissance de l'\u00e9quipe","croissance en Australie","Deutsch Air Charter Service","d\u00e9veloppement des infrastructures","Digitalisierung in der Luftfahrt","digitalization in aviation","directeur des ventes charter","expansion mondiale","FIFO contracts","FIFO Vertr\u00e4ge","Flugzeugcharter","Fortitude Valley","global expansion","globale Expansion","growth in Australia","industrie du transport","infrastructure development","Infrastrukturentwicklung","international aviation","internationale Luftfahrt","logistics service provider","Logistikdienstleister","Luftverkehrsmarkt English Air Charter Service","march\u00e9 du transport a\u00e9rien","market share","Marktanteil","num\u00e9risation dans l'aviation","part de march\u00e9","Perth","prestataire de services logistiques","revenue increase","strategic location choice","strategische Standortwahl","team growth","Teamwachstum","transport industry","Transportwirtschaft","Umsatzsteigerung","vols charters","Wachstum in Australien"],"articleSection":["Asie\/Pacifique","Fret a\u00e9rien","Personnes et entreprises"],"inLanguage":"fr-FR","potentialAction":[{"@type":"CommentAction","name":"Comment","target":["https:\/\/transportjournal.com\/fr\/2026\/01\/29\/air-charter-service-renforce-sa-presence-a-brisbane\/#respond"]}]},{"@type":"WebPage","@id":"https:\/\/transportjournal.com\/fr\/2026\/01\/29\/air-charter-service-renforce-sa-presence-a-brisbane\/","url":"https:\/\/transportjournal.com\/fr\/2026\/01\/29\/air-charter-service-renforce-sa-presence-a-brisbane\/","name":"Air Charter Service renforce sa pr\u00e9sence \u00e0 Brisbane - ITJ | International Transport Journal.","isPartOf":{"@id":"https:\/\/transportjournal.com\/fr\/#website"},"primaryImageOfPage":{"@id":"https:\/\/transportjournal.com\/fr\/2026\/01\/29\/air-charter-service-renforce-sa-presence-a-brisbane\/#primaryimage"},"image":{"@id":"https:\/\/transportjournal.com\/fr\/2026\/01\/29\/air-charter-service-renforce-sa-presence-a-brisbane\/#primaryimage"},"thumbnailUrl":"https:\/\/transportjournal.com\/wp-content\/uploads\/sites\/2\/2026\/01\/BNE-office-team-photo-scaled-aspect-ratio-1400-788-scaled-1.jpg","datePublished":"2026-01-29T08:29:29+00:00","breadcrumb":{"@id":"https:\/\/transportjournal.com\/fr\/2026\/01\/29\/air-charter-service-renforce-sa-presence-a-brisbane\/#breadcrumb"},"inLanguage":"fr-FR","potentialAction":[{"@type":"ReadAction","target":["https:\/\/transportjournal.com\/fr\/2026\/01\/29\/air-charter-service-renforce-sa-presence-a-brisbane\/"]}]},{"@type":"ImageObject","inLanguage":"fr-FR","@id":"https:\/\/transportjournal.com\/fr\/2026\/01\/29\/air-charter-service-renforce-sa-presence-a-brisbane\/#primaryimage","url":"https:\/\/transportjournal.com\/wp-content\/uploads\/sites\/2\/2026\/01\/BNE-office-team-photo-scaled-aspect-ratio-1400-788-scaled-1.jpg","contentUrl":"https:\/\/transportjournal.com\/wp-content\/uploads\/sites\/2\/2026\/01\/BNE-office-team-photo-scaled-aspect-ratio-1400-788-scaled-1.jpg","width":2560,"height":1441},{"@type":"BreadcrumbList","@id":"https:\/\/transportjournal.com\/fr\/2026\/01\/29\/air-charter-service-renforce-sa-presence-a-brisbane\/#breadcrumb","itemListElement":[{"@type":"ListItem","position":1,"name":"Startseite","item":"https:\/\/transportjournal.com\/fr\/"},{"@type":"ListItem","position":2,"name":"Air Charter Service renforce sa pr\u00e9sence \u00e0 Brisbane"}]},{"@type":"WebSite","@id":"https:\/\/transportjournal.com\/fr\/#website","url":"https:\/\/transportjournal.com\/fr\/","name":"ITJ | International Transport Journal","description":"Restez inform\u00e9 des derni\u00e8res nouvelles mondiales dans les secteurs du transport, de la logistique et de la cha\u00eene d'approvisionnement. Transport Journal fournit des informations d'experts, des analyses et des mises \u00e0 jour sur le transport maritime, l'aviation, l'intermodalit\u00e9 et l'exp\u00e9dition. ","publisher":{"@id":"https:\/\/transportjournal.com\/fr\/#organization"},"potentialAction":[{"@type":"SearchAction","target":{"@type":"EntryPoint","urlTemplate":"https:\/\/transportjournal.com\/fr\/?s={search_term_string}"},"query-input":{"@type":"PropertyValueSpecification","valueRequired":true,"valueName":"search_term_string"}}],"inLanguage":"fr-FR"},{"@type":"Organization","@id":"https:\/\/transportjournal.com\/fr\/#organization","name":"Groupe Logismedia AG","alternateName":"Logismedia Group AG","url":"https:\/\/transportjournal.com\/fr\/","logo":{"@type":"ImageObject","inLanguage":"fr-FR","@id":"https:\/\/transportjournal.com\/fr\/#\/schema\/logo\/image\/","url":"https:\/\/transportjournal.com\/wp-content\/uploads\/sites\/2\/2025\/09\/Logo_ITJ.png","contentUrl":"https:\/\/transportjournal.com\/wp-content\/uploads\/sites\/2\/2025\/09\/Logo_ITJ.png","width":799,"height":326,"caption":"Groupe Logismedia AG"},"image":{"@id":"https:\/\/transportjournal.com\/fr\/#\/schema\/logo\/image\/"},"sameAs":["https:\/\/www.linkedin.com\/company\/56456496\/admin\/dashboard\/","https:\/\/www.instagram.com\/logismediagroup\/","https:\/\/www.youtube.com\/@LogiamediaGroupAG"]},{"@type":"Person","@id":"https:\/\/transportjournal.com\/fr\/#\/schema\/person\/cf538b3157f15afd7589245a4b3dbd25","name":"Andreas Haug","url":"https:\/\/transportjournal.com\/fr\/author\/andreas\/"}]}},"_links":{"self":[{"href":"https:\/\/transportjournal.com\/fr\/wp-json\/wp\/v2\/posts\/75023","targetHints":{"allow":["GET"]}}],"collection":[{"href":"https:\/\/transportjournal.com\/fr\/wp-json\/wp\/v2\/posts"}],"about":[{"href":"https:\/\/transportjournal.com\/fr\/wp-json\/wp\/v2\/types\/post"}],"author":[{"embeddable":true,"href":"https:\/\/transportjournal.com\/fr\/wp-json\/wp\/v2\/users\/12"}],"replies":[{"embeddable":true,"href":"https:\/\/transportjournal.com\/fr\/wp-json\/wp\/v2\/comments?post=75023"}],"version-history":[{"count":0,"href":"https:\/\/transportjournal.com\/fr\/wp-json\/wp\/v2\/posts\/75023\/revisions"}],"wp:featuredmedia":[{"embeddable":true,"href":"https:\/\/transportjournal.com\/fr\/wp-json\/wp\/v2\/media\/75021"}],"wp:attachment":[{"href":"https:\/\/transportjournal.com\/fr\/wp-json\/wp\/v2\/media?parent=75023"}],"wp:term":[{"taxonomy":"category","embeddable":true,"href":"https:\/\/transportjournal.com\/fr\/wp-json\/wp\/v2\/categories?post=75023"},{"taxonomy":"post_tag","embeddable":true,"href":"https:\/\/transportjournal.com\/fr\/wp-json\/wp\/v2\/tags?post=75023"}],"curies":[{"name":"wp","href":"https:\/\/api.w.org\/{rel}","templated":true}]}}