{"id":74956,"date":"2026-01-28T15:26:59","date_gmt":"2026-01-28T15:26:59","guid":{"rendered":"https:\/\/transportjournal.com\/2026\/01\/28\/nfi-reintegre-melissa-curry\/"},"modified":"2026-01-28T15:26:59","modified_gmt":"2026-01-28T15:26:59","slug":"nfi-reintegre-melissa-curry","status":"publish","type":"post","link":"https:\/\/transportjournal.com\/fr\/2026\/01\/28\/nfi-reintegre-melissa-curry\/","title":{"rendered":"NFI r\u00e9int\u00e8gre Melissa Curry"},"content":{"rendered":"<p>NFI a r\u00e9int\u00e9gr\u00e9 Melissa Curry en tant que Vice-Pr\u00e9sidente des Op\u00e9rations Globales. Dans son nouveau r\u00f4le, elle dirigera le d\u00e9partement de Global Freight Forwarding et travaillera directement avec les op\u00e9rateurs actuels. Curry apporte une vaste exp\u00e9rience dans le secteur de la logistique, acquise \u00e0 travers divers postes de direction. Son expertise inclut la construction et l&#8217;\u00e9chelle d&#8217;op\u00e9rations logistiques et de fulfillment complexes, y compris la direction de projets allant de la conception \u00e0 la pleine op\u00e9rationnalit\u00e9.<\/p>\n<p>Brian Webb, Pr\u00e9sident des Port Services de NFI, s&#8217;est exprim\u00e9 positivement sur le retour de Curry : \u00ab Melissa est une dirigeante op\u00e9rationnelle hautement respect\u00e9e, dont l&#8217;expertise et la compr\u00e9hension approfondie des cha\u00eenes d&#8217;approvisionnement mondiales b\u00e9n\u00e9ficieront \u00e0 notre d\u00e9partement de Port Services. \u00bb Webb a soulign\u00e9 que son approche syst\u00e9matique et ax\u00e9e sur l&#8217;ex\u00e9cution des strat\u00e9gies am\u00e9liorera encore l&#8217;exp\u00e9rience des exp\u00e9diteurs.<\/p>\n<p>Curry a pr\u00e9c\u00e9demment travaill\u00e9 en tant que Responsable des Programmes chez Stord et \u00e9tait VP des Op\u00e9rations de Fulfillment chez Nimble Robotics, o\u00f9 elle a dirig\u00e9 la strat\u00e9gie et l&#8217;ex\u00e9cution pour plusieurs centres de fulfillment modernes. Sa carri\u00e8re chez NFI a commenc\u00e9 en tant que VP R\u00e9gional des Op\u00e9rations chez NFI California Cartage. De plus, elle est membre du conseil d&#8217;administration de Girls on the Run Los Angeles et a obtenu un Bachelor of Science en Management &amp; International Business de l&#8217;Universit\u00e9 de Villanova ainsi qu&#8217;un MBA de l&#8217;Universit\u00e9 Pepperdine. Elle a \u00e9galement suivi une formation en leadership \u00e0 la Stanford Graduate School of Business.<\/p>\n<p>NFI est un fournisseur int\u00e9gr\u00e9 de solutions pour la cha\u00eene d&#8217;approvisionnement nord-am\u00e9ricaine, bas\u00e9 \u00e0 Camden, New Jersey. L&#8217;entreprise, qui est d\u00e9tenue par la famille Brown depuis 1932, g\u00e9n\u00e8re un chiffre d&#8217;affaires annuel de plus de 3,6 milliards de dollars et emploie plus de 18 000 personnes. NFI exploite plus de 6,78 millions de m\u00e8tres carr\u00e9s d&#8217;espace d&#8217;entreposage et dispose d&#8217;une flotte de 5 000 tracteurs et 14 000 remorques. Les services de l&#8217;entreprise incluent, entre autres, des transports d\u00e9di\u00e9s, de l&#8217;entreposage, du fulfillment e-commerce et des solutions logistiques mondiales.<\/p>\n<p>&nbsp;<\/p>\n<p><a href=\"https:\/\/www.nfiindustries.com\/\" target=\"_blank\" rel=\"noopener noreferrer\">www.nfiindustries.com<\/a><\/p>\n<p>&nbsp;<\/p>\n","protected":false},"excerpt":{"rendered":"<p>NFI a r\u00e9embauch\u00e9 Melissa Curry en tant que Vice-Pr\u00e9sidente du Transport International pour apporter son expertise logistique approfondie au sein du d\u00e9partement.<\/p>\n","protected":false},"author":12,"featured_media":74954,"comment_status":"open","ping_status":"open","sticky":false,"template":"","format":"standard","meta":{"_acf_changed":false,"footnotes":""},"categories":[1590,1581,1580,1579],"tags":[10805,10806,10807,3739,2115,2116,10808,2221,1889,10809,10810,10811,2123,10812,10813,10814,10815,10816,2910,3745,2075,10561,2225,10817,10818,2918,4028,2135,1855,2622,10819,10820,1800,10821,10822,3157,10823,10824,10825,2232,10826,10827,10828,4035,10829,10830,2106,2641,10831,10832,4632,2249],"class_list":["post-74956","post","type-post","status-publish","format-standard","has-post-thumbnail","hentry","category-ameriques","category-expedition-et-logistique","category-intermodal-route","category-personnes-et-entreprises","tag-camden-new-jersey","tag-chaine-dapprovisionnement-nord-americaine","tag-deutsch-nfi","tag-developpement-des-infrastructures","tag-digitalisierung-in-der-logistik","tag-digitalization-in-logistics","tag-e-commerce-fulfillment","tag-entreposage","tag-fachkraeftemangel","tag-fulfillment-e-commerce","tag-fulfillment-operations","tag-fulfillment-operationen","tag-gestion-de-la-chaine-dapprovisionnement","tag-gestion-de-projet-en-logistique","tag-global-freight-forwarding","tag-global-transportation-industry","tag-globale-transportwirtschaft","tag-industrie-du-transport-mondial","tag-industrie-logistique","tag-infrastructure-development","tag-infrastrukturentwicklung","tag-labor-shortage","tag-lagerhaltung","tag-leadership-operationnel","tag-lieferkettenmanagement","tag-logistics-industry","tag-logistics-solutions","tag-logistikbranche","tag-logistikloesungen","tag-logistique-durable","tag-melissa-curry","tag-mise-en-oeuvre-strategique","tag-nachhaltige-logistik","tag-nordamerikanische-lieferkette","tag-north-american-supply-chain","tag-numerisation-dans-la-logistique","tag-operational-leadership","tag-operations-de-fulfillment","tag-operative-fuehrungskraft","tag-penurie-de-main-doeuvre","tag-prestataires-de-transport","tag-project-management-in-logistics","tag-projektmanagement-in-der-logistik","tag-solutions-logistiques","tag-strategic-implementation-francais-nfi","tag-strategische-umsetzung-english-nfi","tag-supply-chain-management","tag-sustainable-logistics","tag-transport-de-fret-mondial","tag-transportation-providers","tag-transportdienstleister","tag-warehousing"],"acf":[],"yoast_head":"<!-- This site is optimized with the Yoast SEO plugin v27.3 - https:\/\/yoast.com\/product\/yoast-seo-wordpress\/ -->\n<title>NFI r\u00e9int\u00e8gre Melissa Curry - ITJ | International Transport Journal.<\/title>\n<meta name=\"robots\" content=\"index, follow, max-snippet:-1, max-image-preview:large, max-video-preview:-1\" \/>\n<link rel=\"canonical\" href=\"https:\/\/transportjournal.com\/fr\/2026\/01\/28\/nfi-reintegre-melissa-curry\/\" \/>\n<meta property=\"og:locale\" content=\"fr_FR\" \/>\n<meta property=\"og:type\" content=\"article\" \/>\n<meta property=\"og:title\" content=\"NFI r\u00e9int\u00e8gre Melissa Curry - ITJ | International Transport Journal.\" \/>\n<meta property=\"og:description\" content=\"NFI a r\u00e9embauch\u00e9 Melissa Curry en tant que Vice-Pr\u00e9sidente du Transport International pour apporter son expertise logistique approfondie au sein du d\u00e9partement.\" \/>\n<meta property=\"og:url\" content=\"https:\/\/transportjournal.com\/fr\/2026\/01\/28\/nfi-reintegre-melissa-curry\/\" \/>\n<meta property=\"og:site_name\" content=\"ITJ | International Transport Journal\" \/>\n<meta property=\"article:published_time\" content=\"2026-01-28T15:26:59+00:00\" \/>\n<meta property=\"og:image\" content=\"https:\/\/transportjournal.com\/wp-content\/uploads\/sites\/2\/2026\/01\/Melissa_Curry_Headshot-836x1024-1-aspect-ratio-1400-788.jpeg\" \/>\n\t<meta property=\"og:image:width\" content=\"836\" \/>\n\t<meta property=\"og:image:height\" content=\"470\" \/>\n\t<meta property=\"og:image:type\" content=\"image\/jpeg\" \/>\n<meta name=\"author\" content=\"Andreas Haug\" \/>\n<meta name=\"twitter:card\" content=\"summary_large_image\" \/>\n<meta name=\"twitter:label1\" content=\"\u00c9crit par\" \/>\n\t<meta name=\"twitter:data1\" content=\"Andreas Haug\" \/>\n\t<meta name=\"twitter:label2\" content=\"Dur\u00e9e de lecture estim\u00e9e\" \/>\n\t<meta name=\"twitter:data2\" content=\"2 minutes\" \/>\n<script type=\"application\/ld+json\" class=\"yoast-schema-graph\">{\"@context\":\"https:\\\/\\\/schema.org\",\"@graph\":[{\"@type\":\"Article\",\"@id\":\"https:\\\/\\\/transportjournal.com\\\/fr\\\/2026\\\/01\\\/28\\\/nfi-reintegre-melissa-curry\\\/#article\",\"isPartOf\":{\"@id\":\"https:\\\/\\\/transportjournal.com\\\/fr\\\/2026\\\/01\\\/28\\\/nfi-reintegre-melissa-curry\\\/\"},\"author\":{\"name\":\"Andreas Haug\",\"@id\":\"https:\\\/\\\/transportjournal.com\\\/fr\\\/#\\\/schema\\\/person\\\/cf538b3157f15afd7589245a4b3dbd25\"},\"headline\":\"NFI r\u00e9int\u00e8gre Melissa Curry\",\"datePublished\":\"2026-01-28T15:26:59+00:00\",\"mainEntityOfPage\":{\"@id\":\"https:\\\/\\\/transportjournal.com\\\/fr\\\/2026\\\/01\\\/28\\\/nfi-reintegre-melissa-curry\\\/\"},\"wordCount\":388,\"commentCount\":0,\"publisher\":{\"@id\":\"https:\\\/\\\/transportjournal.com\\\/fr\\\/#organization\"},\"image\":{\"@id\":\"https:\\\/\\\/transportjournal.com\\\/fr\\\/2026\\\/01\\\/28\\\/nfi-reintegre-melissa-curry\\\/#primaryimage\"},\"thumbnailUrl\":\"https:\\\/\\\/transportjournal.com\\\/wp-content\\\/uploads\\\/sites\\\/2\\\/2026\\\/01\\\/Melissa_Curry_Headshot-836x1024-1-aspect-ratio-1400-788.jpeg\",\"keywords\":[\"Camden New Jersey\",\"cha\u00eene d'approvisionnement nord-am\u00e9ricaine\",\"Deutsch NFI\",\"d\u00e9veloppement des infrastructures\",\"Digitalisierung in der Logistik\",\"digitalization in logistics\",\"E-Commerce-Fulfillment\",\"entreposage\",\"Fachkr\u00e4ftemangel\",\"fulfillment e-commerce\",\"fulfillment operations\",\"Fulfillment-Operationen\",\"gestion de la cha\u00eene d'approvisionnement\",\"gestion de projet en logistique\",\"Global Freight Forwarding\",\"global transportation industry\",\"globale Transportwirtschaft\",\"industrie du transport mondial\",\"industrie logistique\",\"infrastructure development\",\"Infrastrukturentwicklung\",\"labor shortage\",\"Lagerhaltung\",\"leadership op\u00e9rationnel\",\"Lieferkettenmanagement\",\"logistics industry\",\"logistics solutions\",\"Logistikbranche\",\"Logistikl\u00f6sungen\",\"logistique durable\",\"Melissa Curry\",\"mise en \u0153uvre strat\u00e9gique\",\"nachhaltige Logistik\",\"nordamerikanische Lieferkette\",\"North American supply chain\",\"num\u00e9risation dans la logistique\",\"operational leadership\",\"op\u00e9rations de fulfillment\",\"operative F\u00fchrungskraft\",\"p\u00e9nurie de main-d'\u0153uvre\",\"prestataires de transport\",\"project management in logistics\",\"Projektmanagement in der Logistik\",\"solutions logistiques\",\"strategic implementation Fran\u00e7ais NFI\",\"strategische Umsetzung English NFI\",\"Supply Chain Management\",\"sustainable logistics\",\"transport de fret mondial\",\"transportation providers\",\"Transportdienstleister\",\"warehousing\"],\"articleSection\":[\"Am\u00e9riques\",\"Exp\u00e9dition de fret et logistique\",\"Intermodal \\\/ Route\",\"Personnes et entreprises\"],\"inLanguage\":\"fr-FR\",\"potentialAction\":[{\"@type\":\"CommentAction\",\"name\":\"Comment\",\"target\":[\"https:\\\/\\\/transportjournal.com\\\/fr\\\/2026\\\/01\\\/28\\\/nfi-reintegre-melissa-curry\\\/#respond\"]}]},{\"@type\":\"WebPage\",\"@id\":\"https:\\\/\\\/transportjournal.com\\\/fr\\\/2026\\\/01\\\/28\\\/nfi-reintegre-melissa-curry\\\/\",\"url\":\"https:\\\/\\\/transportjournal.com\\\/fr\\\/2026\\\/01\\\/28\\\/nfi-reintegre-melissa-curry\\\/\",\"name\":\"NFI r\u00e9int\u00e8gre Melissa Curry - ITJ | International Transport Journal.\",\"isPartOf\":{\"@id\":\"https:\\\/\\\/transportjournal.com\\\/fr\\\/#website\"},\"primaryImageOfPage\":{\"@id\":\"https:\\\/\\\/transportjournal.com\\\/fr\\\/2026\\\/01\\\/28\\\/nfi-reintegre-melissa-curry\\\/#primaryimage\"},\"image\":{\"@id\":\"https:\\\/\\\/transportjournal.com\\\/fr\\\/2026\\\/01\\\/28\\\/nfi-reintegre-melissa-curry\\\/#primaryimage\"},\"thumbnailUrl\":\"https:\\\/\\\/transportjournal.com\\\/wp-content\\\/uploads\\\/sites\\\/2\\\/2026\\\/01\\\/Melissa_Curry_Headshot-836x1024-1-aspect-ratio-1400-788.jpeg\",\"datePublished\":\"2026-01-28T15:26:59+00:00\",\"breadcrumb\":{\"@id\":\"https:\\\/\\\/transportjournal.com\\\/fr\\\/2026\\\/01\\\/28\\\/nfi-reintegre-melissa-curry\\\/#breadcrumb\"},\"inLanguage\":\"fr-FR\",\"potentialAction\":[{\"@type\":\"ReadAction\",\"target\":[\"https:\\\/\\\/transportjournal.com\\\/fr\\\/2026\\\/01\\\/28\\\/nfi-reintegre-melissa-curry\\\/\"]}]},{\"@type\":\"ImageObject\",\"inLanguage\":\"fr-FR\",\"@id\":\"https:\\\/\\\/transportjournal.com\\\/fr\\\/2026\\\/01\\\/28\\\/nfi-reintegre-melissa-curry\\\/#primaryimage\",\"url\":\"https:\\\/\\\/transportjournal.com\\\/wp-content\\\/uploads\\\/sites\\\/2\\\/2026\\\/01\\\/Melissa_Curry_Headshot-836x1024-1-aspect-ratio-1400-788.jpeg\",\"contentUrl\":\"https:\\\/\\\/transportjournal.com\\\/wp-content\\\/uploads\\\/sites\\\/2\\\/2026\\\/01\\\/Melissa_Curry_Headshot-836x1024-1-aspect-ratio-1400-788.jpeg\",\"width\":836,\"height\":470},{\"@type\":\"BreadcrumbList\",\"@id\":\"https:\\\/\\\/transportjournal.com\\\/fr\\\/2026\\\/01\\\/28\\\/nfi-reintegre-melissa-curry\\\/#breadcrumb\",\"itemListElement\":[{\"@type\":\"ListItem\",\"position\":1,\"name\":\"Startseite\",\"item\":\"https:\\\/\\\/transportjournal.com\\\/fr\\\/\"},{\"@type\":\"ListItem\",\"position\":2,\"name\":\"NFI r\u00e9int\u00e8gre Melissa Curry\"}]},{\"@type\":\"WebSite\",\"@id\":\"https:\\\/\\\/transportjournal.com\\\/fr\\\/#website\",\"url\":\"https:\\\/\\\/transportjournal.com\\\/fr\\\/\",\"name\":\"ITJ | International Transport Journal\",\"description\":\"Restez inform\u00e9 des derni\u00e8res nouvelles mondiales dans les secteurs du transport, de la logistique et de la cha\u00eene d'approvisionnement. Transport Journal fournit des informations d'experts, des analyses et des mises \u00e0 jour sur le transport maritime, l'aviation, l'intermodalit\u00e9 et l'exp\u00e9dition. \",\"publisher\":{\"@id\":\"https:\\\/\\\/transportjournal.com\\\/fr\\\/#organization\"},\"potentialAction\":[{\"@type\":\"SearchAction\",\"target\":{\"@type\":\"EntryPoint\",\"urlTemplate\":\"https:\\\/\\\/transportjournal.com\\\/fr\\\/?s={search_term_string}\"},\"query-input\":{\"@type\":\"PropertyValueSpecification\",\"valueRequired\":true,\"valueName\":\"search_term_string\"}}],\"inLanguage\":\"fr-FR\"},{\"@type\":\"Organization\",\"@id\":\"https:\\\/\\\/transportjournal.com\\\/fr\\\/#organization\",\"name\":\"Groupe Logismedia AG\",\"alternateName\":\"Logismedia Group AG\",\"url\":\"https:\\\/\\\/transportjournal.com\\\/fr\\\/\",\"logo\":{\"@type\":\"ImageObject\",\"inLanguage\":\"fr-FR\",\"@id\":\"https:\\\/\\\/transportjournal.com\\\/fr\\\/#\\\/schema\\\/logo\\\/image\\\/\",\"url\":\"https:\\\/\\\/transportjournal.com\\\/wp-content\\\/uploads\\\/sites\\\/2\\\/2025\\\/09\\\/Logo_ITJ.png\",\"contentUrl\":\"https:\\\/\\\/transportjournal.com\\\/wp-content\\\/uploads\\\/sites\\\/2\\\/2025\\\/09\\\/Logo_ITJ.png\",\"width\":799,\"height\":326,\"caption\":\"Groupe Logismedia AG\"},\"image\":{\"@id\":\"https:\\\/\\\/transportjournal.com\\\/fr\\\/#\\\/schema\\\/logo\\\/image\\\/\"},\"sameAs\":[\"https:\\\/\\\/www.linkedin.com\\\/company\\\/56456496\\\/admin\\\/dashboard\\\/\",\"https:\\\/\\\/www.instagram.com\\\/logismediagroup\\\/\",\"https:\\\/\\\/www.youtube.com\\\/@LogiamediaGroupAG\"]},{\"@type\":\"Person\",\"@id\":\"https:\\\/\\\/transportjournal.com\\\/fr\\\/#\\\/schema\\\/person\\\/cf538b3157f15afd7589245a4b3dbd25\",\"name\":\"Andreas Haug\",\"url\":\"https:\\\/\\\/transportjournal.com\\\/fr\\\/author\\\/andreas\\\/\"}]}<\/script>\n<!-- \/ Yoast SEO plugin. -->","yoast_head_json":{"title":"NFI r\u00e9int\u00e8gre Melissa Curry - ITJ | International Transport Journal.","robots":{"index":"index","follow":"follow","max-snippet":"max-snippet:-1","max-image-preview":"max-image-preview:large","max-video-preview":"max-video-preview:-1"},"canonical":"https:\/\/transportjournal.com\/fr\/2026\/01\/28\/nfi-reintegre-melissa-curry\/","og_locale":"fr_FR","og_type":"article","og_title":"NFI r\u00e9int\u00e8gre Melissa Curry - ITJ | International Transport Journal.","og_description":"NFI a r\u00e9embauch\u00e9 Melissa Curry en tant que Vice-Pr\u00e9sidente du Transport International pour apporter son expertise logistique approfondie au sein du d\u00e9partement.","og_url":"https:\/\/transportjournal.com\/fr\/2026\/01\/28\/nfi-reintegre-melissa-curry\/","og_site_name":"ITJ | International Transport Journal","article_published_time":"2026-01-28T15:26:59+00:00","og_image":[{"width":836,"height":470,"url":"https:\/\/transportjournal.com\/wp-content\/uploads\/sites\/2\/2026\/01\/Melissa_Curry_Headshot-836x1024-1-aspect-ratio-1400-788.jpeg","type":"image\/jpeg"}],"author":"Andreas Haug","twitter_card":"summary_large_image","twitter_misc":{"\u00c9crit par":"Andreas Haug","Dur\u00e9e de lecture estim\u00e9e":"2 minutes"},"schema":{"@context":"https:\/\/schema.org","@graph":[{"@type":"Article","@id":"https:\/\/transportjournal.com\/fr\/2026\/01\/28\/nfi-reintegre-melissa-curry\/#article","isPartOf":{"@id":"https:\/\/transportjournal.com\/fr\/2026\/01\/28\/nfi-reintegre-melissa-curry\/"},"author":{"name":"Andreas Haug","@id":"https:\/\/transportjournal.com\/fr\/#\/schema\/person\/cf538b3157f15afd7589245a4b3dbd25"},"headline":"NFI r\u00e9int\u00e8gre Melissa Curry","datePublished":"2026-01-28T15:26:59+00:00","mainEntityOfPage":{"@id":"https:\/\/transportjournal.com\/fr\/2026\/01\/28\/nfi-reintegre-melissa-curry\/"},"wordCount":388,"commentCount":0,"publisher":{"@id":"https:\/\/transportjournal.com\/fr\/#organization"},"image":{"@id":"https:\/\/transportjournal.com\/fr\/2026\/01\/28\/nfi-reintegre-melissa-curry\/#primaryimage"},"thumbnailUrl":"https:\/\/transportjournal.com\/wp-content\/uploads\/sites\/2\/2026\/01\/Melissa_Curry_Headshot-836x1024-1-aspect-ratio-1400-788.jpeg","keywords":["Camden New Jersey","cha\u00eene d'approvisionnement nord-am\u00e9ricaine","Deutsch NFI","d\u00e9veloppement des infrastructures","Digitalisierung in der Logistik","digitalization in logistics","E-Commerce-Fulfillment","entreposage","Fachkr\u00e4ftemangel","fulfillment e-commerce","fulfillment operations","Fulfillment-Operationen","gestion de la cha\u00eene d'approvisionnement","gestion de projet en logistique","Global Freight Forwarding","global transportation industry","globale Transportwirtschaft","industrie du transport mondial","industrie logistique","infrastructure development","Infrastrukturentwicklung","labor shortage","Lagerhaltung","leadership op\u00e9rationnel","Lieferkettenmanagement","logistics industry","logistics solutions","Logistikbranche","Logistikl\u00f6sungen","logistique durable","Melissa Curry","mise en \u0153uvre strat\u00e9gique","nachhaltige Logistik","nordamerikanische Lieferkette","North American supply chain","num\u00e9risation dans la logistique","operational leadership","op\u00e9rations de fulfillment","operative F\u00fchrungskraft","p\u00e9nurie de main-d'\u0153uvre","prestataires de transport","project management in logistics","Projektmanagement in der Logistik","solutions logistiques","strategic implementation Fran\u00e7ais NFI","strategische Umsetzung English NFI","Supply Chain Management","sustainable logistics","transport de fret mondial","transportation providers","Transportdienstleister","warehousing"],"articleSection":["Am\u00e9riques","Exp\u00e9dition de fret et logistique","Intermodal \/ Route","Personnes et entreprises"],"inLanguage":"fr-FR","potentialAction":[{"@type":"CommentAction","name":"Comment","target":["https:\/\/transportjournal.com\/fr\/2026\/01\/28\/nfi-reintegre-melissa-curry\/#respond"]}]},{"@type":"WebPage","@id":"https:\/\/transportjournal.com\/fr\/2026\/01\/28\/nfi-reintegre-melissa-curry\/","url":"https:\/\/transportjournal.com\/fr\/2026\/01\/28\/nfi-reintegre-melissa-curry\/","name":"NFI r\u00e9int\u00e8gre Melissa Curry - ITJ | International Transport Journal.","isPartOf":{"@id":"https:\/\/transportjournal.com\/fr\/#website"},"primaryImageOfPage":{"@id":"https:\/\/transportjournal.com\/fr\/2026\/01\/28\/nfi-reintegre-melissa-curry\/#primaryimage"},"image":{"@id":"https:\/\/transportjournal.com\/fr\/2026\/01\/28\/nfi-reintegre-melissa-curry\/#primaryimage"},"thumbnailUrl":"https:\/\/transportjournal.com\/wp-content\/uploads\/sites\/2\/2026\/01\/Melissa_Curry_Headshot-836x1024-1-aspect-ratio-1400-788.jpeg","datePublished":"2026-01-28T15:26:59+00:00","breadcrumb":{"@id":"https:\/\/transportjournal.com\/fr\/2026\/01\/28\/nfi-reintegre-melissa-curry\/#breadcrumb"},"inLanguage":"fr-FR","potentialAction":[{"@type":"ReadAction","target":["https:\/\/transportjournal.com\/fr\/2026\/01\/28\/nfi-reintegre-melissa-curry\/"]}]},{"@type":"ImageObject","inLanguage":"fr-FR","@id":"https:\/\/transportjournal.com\/fr\/2026\/01\/28\/nfi-reintegre-melissa-curry\/#primaryimage","url":"https:\/\/transportjournal.com\/wp-content\/uploads\/sites\/2\/2026\/01\/Melissa_Curry_Headshot-836x1024-1-aspect-ratio-1400-788.jpeg","contentUrl":"https:\/\/transportjournal.com\/wp-content\/uploads\/sites\/2\/2026\/01\/Melissa_Curry_Headshot-836x1024-1-aspect-ratio-1400-788.jpeg","width":836,"height":470},{"@type":"BreadcrumbList","@id":"https:\/\/transportjournal.com\/fr\/2026\/01\/28\/nfi-reintegre-melissa-curry\/#breadcrumb","itemListElement":[{"@type":"ListItem","position":1,"name":"Startseite","item":"https:\/\/transportjournal.com\/fr\/"},{"@type":"ListItem","position":2,"name":"NFI r\u00e9int\u00e8gre Melissa Curry"}]},{"@type":"WebSite","@id":"https:\/\/transportjournal.com\/fr\/#website","url":"https:\/\/transportjournal.com\/fr\/","name":"ITJ | International Transport Journal","description":"Restez inform\u00e9 des derni\u00e8res nouvelles mondiales dans les secteurs du transport, de la logistique et de la cha\u00eene d'approvisionnement. Transport Journal fournit des informations d'experts, des analyses et des mises \u00e0 jour sur le transport maritime, l'aviation, l'intermodalit\u00e9 et l'exp\u00e9dition. ","publisher":{"@id":"https:\/\/transportjournal.com\/fr\/#organization"},"potentialAction":[{"@type":"SearchAction","target":{"@type":"EntryPoint","urlTemplate":"https:\/\/transportjournal.com\/fr\/?s={search_term_string}"},"query-input":{"@type":"PropertyValueSpecification","valueRequired":true,"valueName":"search_term_string"}}],"inLanguage":"fr-FR"},{"@type":"Organization","@id":"https:\/\/transportjournal.com\/fr\/#organization","name":"Groupe Logismedia AG","alternateName":"Logismedia Group AG","url":"https:\/\/transportjournal.com\/fr\/","logo":{"@type":"ImageObject","inLanguage":"fr-FR","@id":"https:\/\/transportjournal.com\/fr\/#\/schema\/logo\/image\/","url":"https:\/\/transportjournal.com\/wp-content\/uploads\/sites\/2\/2025\/09\/Logo_ITJ.png","contentUrl":"https:\/\/transportjournal.com\/wp-content\/uploads\/sites\/2\/2025\/09\/Logo_ITJ.png","width":799,"height":326,"caption":"Groupe Logismedia AG"},"image":{"@id":"https:\/\/transportjournal.com\/fr\/#\/schema\/logo\/image\/"},"sameAs":["https:\/\/www.linkedin.com\/company\/56456496\/admin\/dashboard\/","https:\/\/www.instagram.com\/logismediagroup\/","https:\/\/www.youtube.com\/@LogiamediaGroupAG"]},{"@type":"Person","@id":"https:\/\/transportjournal.com\/fr\/#\/schema\/person\/cf538b3157f15afd7589245a4b3dbd25","name":"Andreas Haug","url":"https:\/\/transportjournal.com\/fr\/author\/andreas\/"}]}},"_links":{"self":[{"href":"https:\/\/transportjournal.com\/fr\/wp-json\/wp\/v2\/posts\/74956","targetHints":{"allow":["GET"]}}],"collection":[{"href":"https:\/\/transportjournal.com\/fr\/wp-json\/wp\/v2\/posts"}],"about":[{"href":"https:\/\/transportjournal.com\/fr\/wp-json\/wp\/v2\/types\/post"}],"author":[{"embeddable":true,"href":"https:\/\/transportjournal.com\/fr\/wp-json\/wp\/v2\/users\/12"}],"replies":[{"embeddable":true,"href":"https:\/\/transportjournal.com\/fr\/wp-json\/wp\/v2\/comments?post=74956"}],"version-history":[{"count":0,"href":"https:\/\/transportjournal.com\/fr\/wp-json\/wp\/v2\/posts\/74956\/revisions"}],"wp:featuredmedia":[{"embeddable":true,"href":"https:\/\/transportjournal.com\/fr\/wp-json\/wp\/v2\/media\/74954"}],"wp:attachment":[{"href":"https:\/\/transportjournal.com\/fr\/wp-json\/wp\/v2\/media?parent=74956"}],"wp:term":[{"taxonomy":"category","embeddable":true,"href":"https:\/\/transportjournal.com\/fr\/wp-json\/wp\/v2\/categories?post=74956"},{"taxonomy":"post_tag","embeddable":true,"href":"https:\/\/transportjournal.com\/fr\/wp-json\/wp\/v2\/tags?post=74956"}],"curies":[{"name":"wp","href":"https:\/\/api.w.org\/{rel}","templated":true}]}}