{"id":74927,"date":"2026-01-28T14:56:41","date_gmt":"2026-01-28T14:56:41","guid":{"rendered":"https:\/\/transportjournal.com\/2026\/01\/28\/boeing-737-800bdsf-livre-a-swiftair\/"},"modified":"2026-01-28T16:05:20","modified_gmt":"2026-01-28T15:05:20","slug":"boeing-737-800bdsf-livre-a-swiftair","status":"publish","type":"post","link":"https:\/\/transportjournal.com\/fr\/2026\/01\/28\/boeing-737-800bdsf-livre-a-swiftair\/","title":{"rendered":"Boeing 737-800BDSF livr\u00e9 \u00e0 Swiftair"},"content":{"rendered":"<p>World Star Aviation a finalis\u00e9 la livraison d&#8217;un Boeing 737-800BDSF \u00e0 Swiftair. Cette remise fait partie du processus de renouvellement de la flotte de l&#8217;op\u00e9rateur. Swiftair op\u00e8re dans le secteur du fret a\u00e9rien r\u00e9gional et intra-europ\u00e9en, combinant une vaste expertise op\u00e9rationnelle avec une flotte polyvalente d&#8217;avions cargo \u00e9troits.<\/p>\n<p>L&#8217;int\u00e9gration de cet avion dans la flotte de Swiftair accro\u00eet la flexibilit\u00e9 et soutient les exigences changeantes des clients de l&#8217;entreprise. World Star Aviation souligne l&#8217;importance du partenariat existant avec Swiftair et se r\u00e9jouit de l&#8217;\u00e9volution future de la plateforme de fret a\u00e9rien de l&#8217;entreprise.<\/p>\n<p>Le Boeing 737-800BDSF est reconnu pour son efficacit\u00e9 dans le transport de fret et est appr\u00e9ci\u00e9 par de nombreux op\u00e9rateurs dans l&#8217;industrie du fret a\u00e9rien. Avec ce nouvel appareil, Swiftair peut optimiser davantage ses services et s&#8217;adapter aux besoins du march\u00e9.<\/p>\n<p>&nbsp;<\/p>\n<p><a href=\"https:\/\/www.swiftair.com\/\" target=\"_blank\" rel=\"noopener noreferrer\">www.swiftair.com<\/a><\/p>\n<p>&nbsp;<\/p>\n<p><a href=\"https:\/\/www.worldstaraviation.com\/\" target=\"_blank\" rel=\"noopener noreferrer\">www.worldstaraviation.com<\/a><\/p>\n<p>&nbsp;<\/p>\n","protected":false},"excerpt":{"rendered":"<p>World Star Aviation a r\u00e9ussi \u00e0 livrer une Boeing 737-800BDSF \u00e0 Swiftair pour moderniser sa flotte et accro\u00eetre la flexibilit\u00e9 dans le transport de fret.<\/p>\n","protected":false},"author":12,"featured_media":74925,"comment_status":"open","ping_status":"open","sticky":false,"template":"","format":"standard","meta":{"_acf_changed":false,"footnotes":""},"categories":[1582,1587,1645],"tags":[],"class_list":["post-74927","post","type-post","status-publish","format-standard","has-post-thumbnail","hentry","category-fret-aerien","category-leurope","category-uncategorized"],"acf":[],"yoast_head":"<!-- This site is optimized with the Yoast SEO plugin v27.3 - https:\/\/yoast.com\/product\/yoast-seo-wordpress\/ -->\n<title>Boeing 737-800BDSF livr\u00e9 \u00e0 Swiftair - ITJ | International Transport Journal.<\/title>\n<meta name=\"robots\" content=\"index, follow, max-snippet:-1, max-image-preview:large, max-video-preview:-1\" \/>\n<link rel=\"canonical\" href=\"https:\/\/transportjournal.com\/fr\/2026\/01\/28\/boeing-737-800bdsf-livre-a-swiftair\/\" \/>\n<meta property=\"og:locale\" content=\"fr_FR\" \/>\n<meta property=\"og:type\" content=\"article\" \/>\n<meta property=\"og:title\" content=\"Boeing 737-800BDSF livr\u00e9 \u00e0 Swiftair - ITJ | International Transport Journal.\" \/>\n<meta property=\"og:description\" content=\"World Star Aviation a r\u00e9ussi \u00e0 livrer une Boeing 737-800BDSF \u00e0 Swiftair pour moderniser sa flotte et accro\u00eetre la flexibilit\u00e9 dans le transport de fret.\" \/>\n<meta property=\"og:url\" content=\"https:\/\/transportjournal.com\/fr\/2026\/01\/28\/boeing-737-800bdsf-livre-a-swiftair\/\" \/>\n<meta property=\"og:site_name\" content=\"ITJ | International Transport Journal\" \/>\n<meta property=\"article:published_time\" content=\"2026-01-28T14:56:41+00:00\" \/>\n<meta property=\"article:modified_time\" content=\"2026-01-28T15:05:20+00:00\" \/>\n<meta property=\"og:image\" content=\"https:\/\/transportjournal.com\/wp-content\/uploads\/sites\/2\/2026\/01\/Worldstaraviation-L08zbS8tME0zWnJTbS95eXNKU1ltLzR5NHEveW9zYVlNVDdaTW50enRka3I-aspect-ratio-1400-788.webp\" \/>\n\t<meta property=\"og:image:width\" content=\"1298\" \/>\n\t<meta property=\"og:image:height\" content=\"731\" \/>\n\t<meta property=\"og:image:type\" content=\"image\/webp\" \/>\n<meta name=\"author\" content=\"Andreas Haug\" \/>\n<meta name=\"twitter:card\" content=\"summary_large_image\" \/>\n<meta name=\"twitter:label1\" content=\"\u00c9crit par\" \/>\n\t<meta name=\"twitter:data1\" content=\"Andreas Haug\" \/>\n\t<meta name=\"twitter:label2\" content=\"Dur\u00e9e de lecture estim\u00e9e\" \/>\n\t<meta name=\"twitter:data2\" content=\"1 minute\" \/>\n<script type=\"application\/ld+json\" class=\"yoast-schema-graph\">{\"@context\":\"https:\\\/\\\/schema.org\",\"@graph\":[{\"@type\":\"Article\",\"@id\":\"https:\\\/\\\/transportjournal.com\\\/fr\\\/2026\\\/01\\\/28\\\/boeing-737-800bdsf-livre-a-swiftair\\\/#article\",\"isPartOf\":{\"@id\":\"https:\\\/\\\/transportjournal.com\\\/fr\\\/2026\\\/01\\\/28\\\/boeing-737-800bdsf-livre-a-swiftair\\\/\"},\"author\":{\"name\":\"Andreas Haug\",\"@id\":\"https:\\\/\\\/transportjournal.com\\\/fr\\\/#\\\/schema\\\/person\\\/cf538b3157f15afd7589245a4b3dbd25\"},\"headline\":\"Boeing 737-800BDSF livr\u00e9 \u00e0 Swiftair\",\"datePublished\":\"2026-01-28T14:56:41+00:00\",\"dateModified\":\"2026-01-28T15:05:20+00:00\",\"mainEntityOfPage\":{\"@id\":\"https:\\\/\\\/transportjournal.com\\\/fr\\\/2026\\\/01\\\/28\\\/boeing-737-800bdsf-livre-a-swiftair\\\/\"},\"wordCount\":172,\"commentCount\":0,\"publisher\":{\"@id\":\"https:\\\/\\\/transportjournal.com\\\/fr\\\/#organization\"},\"image\":{\"@id\":\"https:\\\/\\\/transportjournal.com\\\/fr\\\/2026\\\/01\\\/28\\\/boeing-737-800bdsf-livre-a-swiftair\\\/#primaryimage\"},\"thumbnailUrl\":\"https:\\\/\\\/transportjournal.com\\\/wp-content\\\/uploads\\\/sites\\\/2\\\/2026\\\/01\\\/Worldstaraviation-L08zbS8tME0zWnJTbS95eXNKU1ltLzR5NHEveW9zYVlNVDdaTW50enRka3I-aspect-ratio-1400-788.webp\",\"articleSection\":[\"Fret a\u00e9rien\",\"L'Europe\"],\"inLanguage\":\"fr-FR\",\"potentialAction\":[{\"@type\":\"CommentAction\",\"name\":\"Comment\",\"target\":[\"https:\\\/\\\/transportjournal.com\\\/fr\\\/2026\\\/01\\\/28\\\/boeing-737-800bdsf-livre-a-swiftair\\\/#respond\"]}]},{\"@type\":\"WebPage\",\"@id\":\"https:\\\/\\\/transportjournal.com\\\/fr\\\/2026\\\/01\\\/28\\\/boeing-737-800bdsf-livre-a-swiftair\\\/\",\"url\":\"https:\\\/\\\/transportjournal.com\\\/fr\\\/2026\\\/01\\\/28\\\/boeing-737-800bdsf-livre-a-swiftair\\\/\",\"name\":\"Boeing 737-800BDSF livr\u00e9 \u00e0 Swiftair - ITJ | International Transport Journal.\",\"isPartOf\":{\"@id\":\"https:\\\/\\\/transportjournal.com\\\/fr\\\/#website\"},\"primaryImageOfPage\":{\"@id\":\"https:\\\/\\\/transportjournal.com\\\/fr\\\/2026\\\/01\\\/28\\\/boeing-737-800bdsf-livre-a-swiftair\\\/#primaryimage\"},\"image\":{\"@id\":\"https:\\\/\\\/transportjournal.com\\\/fr\\\/2026\\\/01\\\/28\\\/boeing-737-800bdsf-livre-a-swiftair\\\/#primaryimage\"},\"thumbnailUrl\":\"https:\\\/\\\/transportjournal.com\\\/wp-content\\\/uploads\\\/sites\\\/2\\\/2026\\\/01\\\/Worldstaraviation-L08zbS8tME0zWnJTbS95eXNKU1ltLzR5NHEveW9zYVlNVDdaTW50enRka3I-aspect-ratio-1400-788.webp\",\"datePublished\":\"2026-01-28T14:56:41+00:00\",\"dateModified\":\"2026-01-28T15:05:20+00:00\",\"breadcrumb\":{\"@id\":\"https:\\\/\\\/transportjournal.com\\\/fr\\\/2026\\\/01\\\/28\\\/boeing-737-800bdsf-livre-a-swiftair\\\/#breadcrumb\"},\"inLanguage\":\"fr-FR\",\"potentialAction\":[{\"@type\":\"ReadAction\",\"target\":[\"https:\\\/\\\/transportjournal.com\\\/fr\\\/2026\\\/01\\\/28\\\/boeing-737-800bdsf-livre-a-swiftair\\\/\"]}]},{\"@type\":\"ImageObject\",\"inLanguage\":\"fr-FR\",\"@id\":\"https:\\\/\\\/transportjournal.com\\\/fr\\\/2026\\\/01\\\/28\\\/boeing-737-800bdsf-livre-a-swiftair\\\/#primaryimage\",\"url\":\"https:\\\/\\\/transportjournal.com\\\/wp-content\\\/uploads\\\/sites\\\/2\\\/2026\\\/01\\\/Worldstaraviation-L08zbS8tME0zWnJTbS95eXNKU1ltLzR5NHEveW9zYVlNVDdaTW50enRka3I-aspect-ratio-1400-788.webp\",\"contentUrl\":\"https:\\\/\\\/transportjournal.com\\\/wp-content\\\/uploads\\\/sites\\\/2\\\/2026\\\/01\\\/Worldstaraviation-L08zbS8tME0zWnJTbS95eXNKU1ltLzR5NHEveW9zYVlNVDdaTW50enRka3I-aspect-ratio-1400-788.webp\",\"width\":1298,\"height\":731},{\"@type\":\"BreadcrumbList\",\"@id\":\"https:\\\/\\\/transportjournal.com\\\/fr\\\/2026\\\/01\\\/28\\\/boeing-737-800bdsf-livre-a-swiftair\\\/#breadcrumb\",\"itemListElement\":[{\"@type\":\"ListItem\",\"position\":1,\"name\":\"Startseite\",\"item\":\"https:\\\/\\\/transportjournal.com\\\/fr\\\/\"},{\"@type\":\"ListItem\",\"position\":2,\"name\":\"Boeing 737-800BDSF livr\u00e9 \u00e0 Swiftair\"}]},{\"@type\":\"WebSite\",\"@id\":\"https:\\\/\\\/transportjournal.com\\\/fr\\\/#website\",\"url\":\"https:\\\/\\\/transportjournal.com\\\/fr\\\/\",\"name\":\"ITJ | International Transport Journal\",\"description\":\"Restez inform\u00e9 des derni\u00e8res nouvelles mondiales dans les secteurs du transport, de la logistique et de la cha\u00eene d'approvisionnement. Transport Journal fournit des informations d'experts, des analyses et des mises \u00e0 jour sur le transport maritime, l'aviation, l'intermodalit\u00e9 et l'exp\u00e9dition. \",\"publisher\":{\"@id\":\"https:\\\/\\\/transportjournal.com\\\/fr\\\/#organization\"},\"potentialAction\":[{\"@type\":\"SearchAction\",\"target\":{\"@type\":\"EntryPoint\",\"urlTemplate\":\"https:\\\/\\\/transportjournal.com\\\/fr\\\/?s={search_term_string}\"},\"query-input\":{\"@type\":\"PropertyValueSpecification\",\"valueRequired\":true,\"valueName\":\"search_term_string\"}}],\"inLanguage\":\"fr-FR\"},{\"@type\":\"Organization\",\"@id\":\"https:\\\/\\\/transportjournal.com\\\/fr\\\/#organization\",\"name\":\"Groupe Logismedia AG\",\"alternateName\":\"Logismedia Group AG\",\"url\":\"https:\\\/\\\/transportjournal.com\\\/fr\\\/\",\"logo\":{\"@type\":\"ImageObject\",\"inLanguage\":\"fr-FR\",\"@id\":\"https:\\\/\\\/transportjournal.com\\\/fr\\\/#\\\/schema\\\/logo\\\/image\\\/\",\"url\":\"https:\\\/\\\/transportjournal.com\\\/wp-content\\\/uploads\\\/sites\\\/2\\\/2025\\\/09\\\/Logo_ITJ.png\",\"contentUrl\":\"https:\\\/\\\/transportjournal.com\\\/wp-content\\\/uploads\\\/sites\\\/2\\\/2025\\\/09\\\/Logo_ITJ.png\",\"width\":799,\"height\":326,\"caption\":\"Groupe Logismedia AG\"},\"image\":{\"@id\":\"https:\\\/\\\/transportjournal.com\\\/fr\\\/#\\\/schema\\\/logo\\\/image\\\/\"},\"sameAs\":[\"https:\\\/\\\/www.linkedin.com\\\/company\\\/56456496\\\/admin\\\/dashboard\\\/\",\"https:\\\/\\\/www.instagram.com\\\/logismediagroup\\\/\",\"https:\\\/\\\/www.youtube.com\\\/@LogiamediaGroupAG\"]},{\"@type\":\"Person\",\"@id\":\"https:\\\/\\\/transportjournal.com\\\/fr\\\/#\\\/schema\\\/person\\\/cf538b3157f15afd7589245a4b3dbd25\",\"name\":\"Andreas Haug\",\"url\":\"https:\\\/\\\/transportjournal.com\\\/fr\\\/author\\\/andreas\\\/\"}]}<\/script>\n<!-- \/ Yoast SEO plugin. -->","yoast_head_json":{"title":"Boeing 737-800BDSF livr\u00e9 \u00e0 Swiftair - ITJ | International Transport Journal.","robots":{"index":"index","follow":"follow","max-snippet":"max-snippet:-1","max-image-preview":"max-image-preview:large","max-video-preview":"max-video-preview:-1"},"canonical":"https:\/\/transportjournal.com\/fr\/2026\/01\/28\/boeing-737-800bdsf-livre-a-swiftair\/","og_locale":"fr_FR","og_type":"article","og_title":"Boeing 737-800BDSF livr\u00e9 \u00e0 Swiftair - ITJ | International Transport Journal.","og_description":"World Star Aviation a r\u00e9ussi \u00e0 livrer une Boeing 737-800BDSF \u00e0 Swiftair pour moderniser sa flotte et accro\u00eetre la flexibilit\u00e9 dans le transport de fret.","og_url":"https:\/\/transportjournal.com\/fr\/2026\/01\/28\/boeing-737-800bdsf-livre-a-swiftair\/","og_site_name":"ITJ | International Transport Journal","article_published_time":"2026-01-28T14:56:41+00:00","article_modified_time":"2026-01-28T15:05:20+00:00","og_image":[{"width":1298,"height":731,"url":"https:\/\/transportjournal.com\/wp-content\/uploads\/sites\/2\/2026\/01\/Worldstaraviation-L08zbS8tME0zWnJTbS95eXNKU1ltLzR5NHEveW9zYVlNVDdaTW50enRka3I-aspect-ratio-1400-788.webp","type":"image\/webp"}],"author":"Andreas Haug","twitter_card":"summary_large_image","twitter_misc":{"\u00c9crit par":"Andreas Haug","Dur\u00e9e de lecture estim\u00e9e":"1 minute"},"schema":{"@context":"https:\/\/schema.org","@graph":[{"@type":"Article","@id":"https:\/\/transportjournal.com\/fr\/2026\/01\/28\/boeing-737-800bdsf-livre-a-swiftair\/#article","isPartOf":{"@id":"https:\/\/transportjournal.com\/fr\/2026\/01\/28\/boeing-737-800bdsf-livre-a-swiftair\/"},"author":{"name":"Andreas Haug","@id":"https:\/\/transportjournal.com\/fr\/#\/schema\/person\/cf538b3157f15afd7589245a4b3dbd25"},"headline":"Boeing 737-800BDSF livr\u00e9 \u00e0 Swiftair","datePublished":"2026-01-28T14:56:41+00:00","dateModified":"2026-01-28T15:05:20+00:00","mainEntityOfPage":{"@id":"https:\/\/transportjournal.com\/fr\/2026\/01\/28\/boeing-737-800bdsf-livre-a-swiftair\/"},"wordCount":172,"commentCount":0,"publisher":{"@id":"https:\/\/transportjournal.com\/fr\/#organization"},"image":{"@id":"https:\/\/transportjournal.com\/fr\/2026\/01\/28\/boeing-737-800bdsf-livre-a-swiftair\/#primaryimage"},"thumbnailUrl":"https:\/\/transportjournal.com\/wp-content\/uploads\/sites\/2\/2026\/01\/Worldstaraviation-L08zbS8tME0zWnJTbS95eXNKU1ltLzR5NHEveW9zYVlNVDdaTW50enRka3I-aspect-ratio-1400-788.webp","articleSection":["Fret a\u00e9rien","L'Europe"],"inLanguage":"fr-FR","potentialAction":[{"@type":"CommentAction","name":"Comment","target":["https:\/\/transportjournal.com\/fr\/2026\/01\/28\/boeing-737-800bdsf-livre-a-swiftair\/#respond"]}]},{"@type":"WebPage","@id":"https:\/\/transportjournal.com\/fr\/2026\/01\/28\/boeing-737-800bdsf-livre-a-swiftair\/","url":"https:\/\/transportjournal.com\/fr\/2026\/01\/28\/boeing-737-800bdsf-livre-a-swiftair\/","name":"Boeing 737-800BDSF livr\u00e9 \u00e0 Swiftair - ITJ | International Transport Journal.","isPartOf":{"@id":"https:\/\/transportjournal.com\/fr\/#website"},"primaryImageOfPage":{"@id":"https:\/\/transportjournal.com\/fr\/2026\/01\/28\/boeing-737-800bdsf-livre-a-swiftair\/#primaryimage"},"image":{"@id":"https:\/\/transportjournal.com\/fr\/2026\/01\/28\/boeing-737-800bdsf-livre-a-swiftair\/#primaryimage"},"thumbnailUrl":"https:\/\/transportjournal.com\/wp-content\/uploads\/sites\/2\/2026\/01\/Worldstaraviation-L08zbS8tME0zWnJTbS95eXNKU1ltLzR5NHEveW9zYVlNVDdaTW50enRka3I-aspect-ratio-1400-788.webp","datePublished":"2026-01-28T14:56:41+00:00","dateModified":"2026-01-28T15:05:20+00:00","breadcrumb":{"@id":"https:\/\/transportjournal.com\/fr\/2026\/01\/28\/boeing-737-800bdsf-livre-a-swiftair\/#breadcrumb"},"inLanguage":"fr-FR","potentialAction":[{"@type":"ReadAction","target":["https:\/\/transportjournal.com\/fr\/2026\/01\/28\/boeing-737-800bdsf-livre-a-swiftair\/"]}]},{"@type":"ImageObject","inLanguage":"fr-FR","@id":"https:\/\/transportjournal.com\/fr\/2026\/01\/28\/boeing-737-800bdsf-livre-a-swiftair\/#primaryimage","url":"https:\/\/transportjournal.com\/wp-content\/uploads\/sites\/2\/2026\/01\/Worldstaraviation-L08zbS8tME0zWnJTbS95eXNKU1ltLzR5NHEveW9zYVlNVDdaTW50enRka3I-aspect-ratio-1400-788.webp","contentUrl":"https:\/\/transportjournal.com\/wp-content\/uploads\/sites\/2\/2026\/01\/Worldstaraviation-L08zbS8tME0zWnJTbS95eXNKU1ltLzR5NHEveW9zYVlNVDdaTW50enRka3I-aspect-ratio-1400-788.webp","width":1298,"height":731},{"@type":"BreadcrumbList","@id":"https:\/\/transportjournal.com\/fr\/2026\/01\/28\/boeing-737-800bdsf-livre-a-swiftair\/#breadcrumb","itemListElement":[{"@type":"ListItem","position":1,"name":"Startseite","item":"https:\/\/transportjournal.com\/fr\/"},{"@type":"ListItem","position":2,"name":"Boeing 737-800BDSF livr\u00e9 \u00e0 Swiftair"}]},{"@type":"WebSite","@id":"https:\/\/transportjournal.com\/fr\/#website","url":"https:\/\/transportjournal.com\/fr\/","name":"ITJ | International Transport Journal","description":"Restez inform\u00e9 des derni\u00e8res nouvelles mondiales dans les secteurs du transport, de la logistique et de la cha\u00eene d'approvisionnement. Transport Journal fournit des informations d'experts, des analyses et des mises \u00e0 jour sur le transport maritime, l'aviation, l'intermodalit\u00e9 et l'exp\u00e9dition. ","publisher":{"@id":"https:\/\/transportjournal.com\/fr\/#organization"},"potentialAction":[{"@type":"SearchAction","target":{"@type":"EntryPoint","urlTemplate":"https:\/\/transportjournal.com\/fr\/?s={search_term_string}"},"query-input":{"@type":"PropertyValueSpecification","valueRequired":true,"valueName":"search_term_string"}}],"inLanguage":"fr-FR"},{"@type":"Organization","@id":"https:\/\/transportjournal.com\/fr\/#organization","name":"Groupe Logismedia AG","alternateName":"Logismedia Group AG","url":"https:\/\/transportjournal.com\/fr\/","logo":{"@type":"ImageObject","inLanguage":"fr-FR","@id":"https:\/\/transportjournal.com\/fr\/#\/schema\/logo\/image\/","url":"https:\/\/transportjournal.com\/wp-content\/uploads\/sites\/2\/2025\/09\/Logo_ITJ.png","contentUrl":"https:\/\/transportjournal.com\/wp-content\/uploads\/sites\/2\/2025\/09\/Logo_ITJ.png","width":799,"height":326,"caption":"Groupe Logismedia AG"},"image":{"@id":"https:\/\/transportjournal.com\/fr\/#\/schema\/logo\/image\/"},"sameAs":["https:\/\/www.linkedin.com\/company\/56456496\/admin\/dashboard\/","https:\/\/www.instagram.com\/logismediagroup\/","https:\/\/www.youtube.com\/@LogiamediaGroupAG"]},{"@type":"Person","@id":"https:\/\/transportjournal.com\/fr\/#\/schema\/person\/cf538b3157f15afd7589245a4b3dbd25","name":"Andreas Haug","url":"https:\/\/transportjournal.com\/fr\/author\/andreas\/"}]}},"_links":{"self":[{"href":"https:\/\/transportjournal.com\/fr\/wp-json\/wp\/v2\/posts\/74927","targetHints":{"allow":["GET"]}}],"collection":[{"href":"https:\/\/transportjournal.com\/fr\/wp-json\/wp\/v2\/posts"}],"about":[{"href":"https:\/\/transportjournal.com\/fr\/wp-json\/wp\/v2\/types\/post"}],"author":[{"embeddable":true,"href":"https:\/\/transportjournal.com\/fr\/wp-json\/wp\/v2\/users\/12"}],"replies":[{"embeddable":true,"href":"https:\/\/transportjournal.com\/fr\/wp-json\/wp\/v2\/comments?post=74927"}],"version-history":[{"count":1,"href":"https:\/\/transportjournal.com\/fr\/wp-json\/wp\/v2\/posts\/74927\/revisions"}],"predecessor-version":[{"id":74934,"href":"https:\/\/transportjournal.com\/fr\/wp-json\/wp\/v2\/posts\/74927\/revisions\/74934"}],"wp:featuredmedia":[{"embeddable":true,"href":"https:\/\/transportjournal.com\/fr\/wp-json\/wp\/v2\/media\/74925"}],"wp:attachment":[{"href":"https:\/\/transportjournal.com\/fr\/wp-json\/wp\/v2\/media?parent=74927"}],"wp:term":[{"taxonomy":"category","embeddable":true,"href":"https:\/\/transportjournal.com\/fr\/wp-json\/wp\/v2\/categories?post=74927"},{"taxonomy":"post_tag","embeddable":true,"href":"https:\/\/transportjournal.com\/fr\/wp-json\/wp\/v2\/tags?post=74927"}],"curies":[{"name":"wp","href":"https:\/\/api.w.org\/{rel}","templated":true}]}}