{"id":74874,"date":"2026-01-28T11:51:12","date_gmt":"2026-01-28T11:51:12","guid":{"rendered":"https:\/\/transportjournal.com\/2026\/01\/28\/ravi-tulsyan-nouveau-cfo-dodyssey\/"},"modified":"2026-01-28T11:51:12","modified_gmt":"2026-01-28T11:51:12","slug":"ravi-tulsyan-nouveau-cfo-dodyssey","status":"publish","type":"post","link":"https:\/\/transportjournal.com\/fr\/2026\/01\/28\/ravi-tulsyan-nouveau-cfo-dodyssey\/","title":{"rendered":"Ravi Tulsyan nouveau CFO d&rsquo;Odyssey"},"content":{"rendered":"<p>Ravi Tulsyan a \u00e9t\u00e9 nomm\u00e9 directeur financier (CFO) d&#8217;Odyssey Logistics. Il apporte plus de deux d\u00e9cennies d&#8217;exp\u00e9rience en gestion financi\u00e8re acquise dans diverses entreprises du secteur de la logistique et de l&#8217;industrie. Derni\u00e8rement, il \u00e9tait CFO chez XPO, Inc., o\u00f9 il dirigeait les d\u00e9partements financiers et juridiques mondiaux.<\/p>\n<p>Tulsyan poss\u00e8de une vaste expertise dans les domaines de la comptabilit\u00e9, de la tr\u00e9sorerie, de la fiscalit\u00e9, de la planification et de l&#8217;analyse financi\u00e8res, ainsi que dans les achats. Pendant son temps chez XPO, il a jou\u00e9 un r\u00f4le cl\u00e9 dans plusieurs initiatives de cr\u00e9ation de valeur, y compris les scissions r\u00e9ussies de GXO Logistics et RXO, ainsi que la vente de l&#8217;activit\u00e9 intermodale de XPO. Auparavant, il a occup\u00e9 des postes financiers de haut niveau chez The ADT Corporation et Tyco International, o\u00f9 il a accompagn\u00e9 d&#8217;importantes transactions sur les march\u00e9s de capitaux et des transformations d&#8217;entreprise. Il a commenc\u00e9 sa carri\u00e8re chez PepsiCo et Xerox Corporation.<\/p>\n<h3>Attentes vis-\u00e0-vis du nouveau r\u00f4le<\/h3>\n<p>Hans Stig Moller, PDG d&#8217;Odyssey Logistics, a comment\u00e9 la nomination de Tulsyan : \u00ab Ravi apporte le leadership financier dont nous avons besoin en cette phase de croissance. Il a dirig\u00e9 avec succ\u00e8s des scissions, des acquisitions et de grandes transformations, ce qui sera inestimable pour Odyssey alors que nous continuons \u00e0 cro\u00eetre. \u00bb<\/p>\n<p>Tulsyan lui-m\u00eame a soulign\u00e9 les opportunit\u00e9s qu&#8217;offre Odyssey : \u00ab Odyssey a construit une plateforme multimodale diff\u00e9renci\u00e9e qui offre des possibilit\u00e9s claires de cr\u00e9ation de valeur. Je suis impatient de travailler avec l&#8217;\u00e9quipe de direction pour renforcer la discipline financi\u00e8re, acc\u00e9l\u00e9rer la croissance rentable et d\u00e9velopper une plateforme \u00e9volutive qui maximise la valeur \u00e0 long terme de l&#8217;entreprise. \u00bb<\/p>\n<p>Tulsyan succ\u00e8de \u00e0 Mike Pozzi, qui a \u00e9t\u00e9 chez Odyssey pendant pr\u00e8s de 12 ans et a dirig\u00e9 l&#8217;organisation financi\u00e8re \u00e0 travers des transformations, \u00e9tablissant une base solide pour l&#8217;avenir. Moller a salu\u00e9 la contribution de Pozzi : \u00ab Mike a apport\u00e9 des contributions positives \u00e0 notre entreprise pendant une p\u00e9riode de croissance significative, et nous lui souhaitons beaucoup de succ\u00e8s pour l&#8217;avenir. \u00bb<\/p>\n<p>&nbsp;<\/p>\n<p><a href=\"https:\/\/www.odysseylogistics.com\/\" target=\"_blank\" rel=\"noopener noreferrer\">www.odysseylogistics.com<\/a><\/p>\n<p>&nbsp;<\/p>\n","protected":false},"excerpt":{"rendered":"<p>Ravi Tulsyan a \u00e9t\u00e9 nomm\u00e9 CFO d&rsquo;Odyssey Logistics et apporte une vaste exp\u00e9rience en gestion financi\u00e8re ainsi que des succ\u00e8s significatifs dans l&rsquo;industrie.<\/p>\n","protected":false},"author":12,"featured_media":74872,"comment_status":"open","ping_status":"open","sticky":false,"template":"","format":"standard","meta":{"_acf_changed":false,"footnotes":""},"categories":[1590,1581,1579],"tags":[10726,10727,9458,9459,10728,10729,10730,10731,10732,10733,2653,1887,2166,7974,10734,10735,10736,10737,10738,10739,10740,2123,10741,10742,3328,10743,10744,10745,10746,10747,4000,10748,10749,10750,10751,10752,10753,10754,2139,10755,7992,10756,10757,10758,10759,2106,2154,10760,2684,10761,10762,10763,10764,10765,10766,10767],"class_list":["post-74874","post","type-post","status-publish","format-standard","has-post-thumbnail","hentry","category-ameriques","category-expedition-et-logistique","category-personnes-et-entreprises","tag-accounting-and-treasury","tag-capital-markets-transactions","tag-cfo-appointment","tag-cfo-ernennung","tag-comptabilite-et-tresorerie","tag-corporate-transformations","tag-creation-de-valeur-logistique","tag-croissance-de-lorganisation-financiere","tag-departements-financiers-mondiaux","tag-deutsch-odyssey-logistics","tag-digital-transformation-logistics","tag-digitale-transformation-logistik","tag-durabilite-dans-la-logistique","tag-fachkraeftemangel-logistikbranche","tag-financial-leadership-logistics","tag-financial-organization-growth","tag-financial-planning-and-analysis","tag-finanzfuehrung-logistik","tag-finanzorganisation-wachstum","tag-finanzplanung-und-analyse","tag-fusions-et-scissions","tag-gestion-de-la-chaine-dapprovisionnement","tag-global-finance-departments","tag-globale-finanzabteilungen","tag-infrastructure-logistique","tag-intermodal-business-models","tag-intermodale-geschaeftsmodelle","tag-kapitalmaerkte-transaktionen","tag-labor-shortage-logistics-industry","tag-leadership-financier-logistique","tag-logistics-infrastructure","tag-logistics-transformations","tag-logistische-infrastruktur","tag-logistische-transformationen","tag-mergers-and-spin-offs-francais-odyssey-logistics","tag-modeles-daffaires-intermodaux","tag-multimodal-platform","tag-multimodale-plattform","tag-nachhaltigkeit-in-der-logistik","tag-nomination-de-cfo","tag-penurie-de-main-doeuvre-secteur-logistique","tag-planification-et-analyse-financieres","tag-plateforme-multimodale","tag-ravi-tulsyan-cfo","tag-rechnungswesen-und-treasury","tag-supply-chain-management","tag-sustainability-in-logistics","tag-transactions-sur-les-marches-de-capitaux","tag-transformation-numerique-logistique","tag-transformations-dentreprise","tag-transformations-logistiques","tag-uebernahmen-und-abspaltungen-english-odyssey-logistics","tag-unternehmensumwandlungen","tag-value-creation-logistics","tag-wertschoepfung-logistik","tag-xpo-inc-cfo"],"acf":[],"yoast_head":"<!-- This site is optimized with the Yoast SEO plugin v27.3 - https:\/\/yoast.com\/product\/yoast-seo-wordpress\/ -->\n<title>Ravi Tulsyan nouveau CFO d&#039;Odyssey - ITJ | International Transport Journal.<\/title>\n<meta name=\"robots\" content=\"index, follow, max-snippet:-1, max-image-preview:large, max-video-preview:-1\" \/>\n<link rel=\"canonical\" href=\"https:\/\/transportjournal.com\/fr\/2026\/01\/28\/ravi-tulsyan-nouveau-cfo-dodyssey\/\" \/>\n<meta property=\"og:locale\" content=\"fr_FR\" \/>\n<meta property=\"og:type\" content=\"article\" \/>\n<meta property=\"og:title\" content=\"Ravi Tulsyan nouveau CFO d&#039;Odyssey - ITJ | International Transport Journal.\" \/>\n<meta property=\"og:description\" content=\"Ravi Tulsyan a \u00e9t\u00e9 nomm\u00e9 CFO d&#039;Odyssey Logistics et apporte une vaste exp\u00e9rience en gestion financi\u00e8re ainsi que des succ\u00e8s significatifs dans l&#039;industrie.\" \/>\n<meta property=\"og:url\" content=\"https:\/\/transportjournal.com\/fr\/2026\/01\/28\/ravi-tulsyan-nouveau-cfo-dodyssey\/\" \/>\n<meta property=\"og:site_name\" content=\"ITJ | International Transport Journal\" \/>\n<meta property=\"article:published_time\" content=\"2026-01-28T11:51:12+00:00\" \/>\n<meta property=\"og:image\" content=\"https:\/\/transportjournal.com\/wp-content\/uploads\/sites\/2\/2026\/01\/Odyssey_Ravi_Tulsyan_040-vF-Cropped-2048x1742-1-aspect-ratio-1400-788.png\" \/>\n\t<meta property=\"og:image:width\" content=\"2048\" \/>\n\t<meta property=\"og:image:height\" content=\"1152\" \/>\n\t<meta property=\"og:image:type\" content=\"image\/png\" \/>\n<meta name=\"author\" content=\"Andreas Haug\" \/>\n<meta name=\"twitter:card\" content=\"summary_large_image\" \/>\n<meta name=\"twitter:label1\" content=\"\u00c9crit par\" \/>\n\t<meta name=\"twitter:data1\" content=\"Andreas Haug\" \/>\n\t<meta name=\"twitter:label2\" content=\"Dur\u00e9e de lecture estim\u00e9e\" \/>\n\t<meta name=\"twitter:data2\" content=\"2 minutes\" \/>\n<script type=\"application\/ld+json\" class=\"yoast-schema-graph\">{\"@context\":\"https:\\\/\\\/schema.org\",\"@graph\":[{\"@type\":\"Article\",\"@id\":\"https:\\\/\\\/transportjournal.com\\\/fr\\\/2026\\\/01\\\/28\\\/ravi-tulsyan-nouveau-cfo-dodyssey\\\/#article\",\"isPartOf\":{\"@id\":\"https:\\\/\\\/transportjournal.com\\\/fr\\\/2026\\\/01\\\/28\\\/ravi-tulsyan-nouveau-cfo-dodyssey\\\/\"},\"author\":{\"name\":\"Andreas Haug\",\"@id\":\"https:\\\/\\\/transportjournal.com\\\/fr\\\/#\\\/schema\\\/person\\\/cf538b3157f15afd7589245a4b3dbd25\"},\"headline\":\"Ravi Tulsyan nouveau CFO d&rsquo;Odyssey\",\"datePublished\":\"2026-01-28T11:51:12+00:00\",\"mainEntityOfPage\":{\"@id\":\"https:\\\/\\\/transportjournal.com\\\/fr\\\/2026\\\/01\\\/28\\\/ravi-tulsyan-nouveau-cfo-dodyssey\\\/\"},\"wordCount\":380,\"commentCount\":0,\"publisher\":{\"@id\":\"https:\\\/\\\/transportjournal.com\\\/fr\\\/#organization\"},\"image\":{\"@id\":\"https:\\\/\\\/transportjournal.com\\\/fr\\\/2026\\\/01\\\/28\\\/ravi-tulsyan-nouveau-cfo-dodyssey\\\/#primaryimage\"},\"thumbnailUrl\":\"https:\\\/\\\/transportjournal.com\\\/wp-content\\\/uploads\\\/sites\\\/2\\\/2026\\\/01\\\/Odyssey_Ravi_Tulsyan_040-vF-Cropped-2048x1742-1-aspect-ratio-1400-788.png\",\"keywords\":[\"accounting and treasury\",\"capital markets transactions\",\"CFO appointment\",\"CFO Ernennung\",\"comptabilit\u00e9 et tr\u00e9sorerie\",\"corporate transformations\",\"cr\u00e9ation de valeur logistique\",\"croissance de l'organisation financi\u00e8re\",\"d\u00e9partements financiers mondiaux\",\"Deutsch Odyssey Logistics\",\"digital transformation logistics\",\"digitale Transformation Logistik\",\"durabilit\u00e9 dans la logistique\",\"Fachkr\u00e4ftemangel Logistikbranche\",\"financial leadership logistics\",\"financial organization growth\",\"financial planning and analysis\",\"Finanzf\u00fchrung Logistik\",\"Finanzorganisation Wachstum\",\"Finanzplanung und -analyse\",\"fusions et scissions\",\"gestion de la cha\u00eene d'approvisionnement\",\"global finance departments\",\"globale Finanzabteilungen\",\"infrastructure logistique\",\"intermodal business models\",\"intermodale Gesch\u00e4ftsmodelle\",\"Kapitalm\u00e4rkte Transaktionen\",\"labor shortage logistics industry\",\"leadership financier logistique\",\"logistics infrastructure\",\"logistics transformations\",\"logistische Infrastruktur\",\"logistische Transformationen\",\"mergers and spin-offs Fran\u00e7ais Odyssey Logistics\",\"mod\u00e8les d'affaires intermodaux\",\"multimodal platform\",\"multimodale Plattform\",\"Nachhaltigkeit in der Logistik\",\"nomination de CFO\",\"p\u00e9nurie de main-d'\u0153uvre secteur logistique\",\"planification et analyse financi\u00e8res\",\"plateforme multimodale\",\"Ravi Tulsyan CFO\",\"Rechnungswesen und Treasury\",\"Supply Chain Management\",\"sustainability in logistics\",\"transactions sur les march\u00e9s de capitaux\",\"transformation num\u00e9rique logistique\",\"transformations d'entreprise\",\"transformations logistiques\",\"\u00dcbernahmen und Abspaltungen English Odyssey Logistics\",\"Unternehmensumwandlungen\",\"value creation logistics\",\"Wertsch\u00f6pfung Logistik\",\"XPO Inc. CFO\"],\"articleSection\":[\"Am\u00e9riques\",\"Exp\u00e9dition de fret et logistique\",\"Personnes et entreprises\"],\"inLanguage\":\"fr-FR\",\"potentialAction\":[{\"@type\":\"CommentAction\",\"name\":\"Comment\",\"target\":[\"https:\\\/\\\/transportjournal.com\\\/fr\\\/2026\\\/01\\\/28\\\/ravi-tulsyan-nouveau-cfo-dodyssey\\\/#respond\"]}]},{\"@type\":\"WebPage\",\"@id\":\"https:\\\/\\\/transportjournal.com\\\/fr\\\/2026\\\/01\\\/28\\\/ravi-tulsyan-nouveau-cfo-dodyssey\\\/\",\"url\":\"https:\\\/\\\/transportjournal.com\\\/fr\\\/2026\\\/01\\\/28\\\/ravi-tulsyan-nouveau-cfo-dodyssey\\\/\",\"name\":\"Ravi Tulsyan nouveau CFO d'Odyssey - ITJ | International Transport Journal.\",\"isPartOf\":{\"@id\":\"https:\\\/\\\/transportjournal.com\\\/fr\\\/#website\"},\"primaryImageOfPage\":{\"@id\":\"https:\\\/\\\/transportjournal.com\\\/fr\\\/2026\\\/01\\\/28\\\/ravi-tulsyan-nouveau-cfo-dodyssey\\\/#primaryimage\"},\"image\":{\"@id\":\"https:\\\/\\\/transportjournal.com\\\/fr\\\/2026\\\/01\\\/28\\\/ravi-tulsyan-nouveau-cfo-dodyssey\\\/#primaryimage\"},\"thumbnailUrl\":\"https:\\\/\\\/transportjournal.com\\\/wp-content\\\/uploads\\\/sites\\\/2\\\/2026\\\/01\\\/Odyssey_Ravi_Tulsyan_040-vF-Cropped-2048x1742-1-aspect-ratio-1400-788.png\",\"datePublished\":\"2026-01-28T11:51:12+00:00\",\"breadcrumb\":{\"@id\":\"https:\\\/\\\/transportjournal.com\\\/fr\\\/2026\\\/01\\\/28\\\/ravi-tulsyan-nouveau-cfo-dodyssey\\\/#breadcrumb\"},\"inLanguage\":\"fr-FR\",\"potentialAction\":[{\"@type\":\"ReadAction\",\"target\":[\"https:\\\/\\\/transportjournal.com\\\/fr\\\/2026\\\/01\\\/28\\\/ravi-tulsyan-nouveau-cfo-dodyssey\\\/\"]}]},{\"@type\":\"ImageObject\",\"inLanguage\":\"fr-FR\",\"@id\":\"https:\\\/\\\/transportjournal.com\\\/fr\\\/2026\\\/01\\\/28\\\/ravi-tulsyan-nouveau-cfo-dodyssey\\\/#primaryimage\",\"url\":\"https:\\\/\\\/transportjournal.com\\\/wp-content\\\/uploads\\\/sites\\\/2\\\/2026\\\/01\\\/Odyssey_Ravi_Tulsyan_040-vF-Cropped-2048x1742-1-aspect-ratio-1400-788.png\",\"contentUrl\":\"https:\\\/\\\/transportjournal.com\\\/wp-content\\\/uploads\\\/sites\\\/2\\\/2026\\\/01\\\/Odyssey_Ravi_Tulsyan_040-vF-Cropped-2048x1742-1-aspect-ratio-1400-788.png\",\"width\":2048,\"height\":1152},{\"@type\":\"BreadcrumbList\",\"@id\":\"https:\\\/\\\/transportjournal.com\\\/fr\\\/2026\\\/01\\\/28\\\/ravi-tulsyan-nouveau-cfo-dodyssey\\\/#breadcrumb\",\"itemListElement\":[{\"@type\":\"ListItem\",\"position\":1,\"name\":\"Startseite\",\"item\":\"https:\\\/\\\/transportjournal.com\\\/fr\\\/\"},{\"@type\":\"ListItem\",\"position\":2,\"name\":\"Ravi Tulsyan nouveau CFO d&#8217;Odyssey\"}]},{\"@type\":\"WebSite\",\"@id\":\"https:\\\/\\\/transportjournal.com\\\/fr\\\/#website\",\"url\":\"https:\\\/\\\/transportjournal.com\\\/fr\\\/\",\"name\":\"ITJ | International Transport Journal\",\"description\":\"Restez inform\u00e9 des derni\u00e8res nouvelles mondiales dans les secteurs du transport, de la logistique et de la cha\u00eene d'approvisionnement. Transport Journal fournit des informations d'experts, des analyses et des mises \u00e0 jour sur le transport maritime, l'aviation, l'intermodalit\u00e9 et l'exp\u00e9dition. \",\"publisher\":{\"@id\":\"https:\\\/\\\/transportjournal.com\\\/fr\\\/#organization\"},\"potentialAction\":[{\"@type\":\"SearchAction\",\"target\":{\"@type\":\"EntryPoint\",\"urlTemplate\":\"https:\\\/\\\/transportjournal.com\\\/fr\\\/?s={search_term_string}\"},\"query-input\":{\"@type\":\"PropertyValueSpecification\",\"valueRequired\":true,\"valueName\":\"search_term_string\"}}],\"inLanguage\":\"fr-FR\"},{\"@type\":\"Organization\",\"@id\":\"https:\\\/\\\/transportjournal.com\\\/fr\\\/#organization\",\"name\":\"Groupe Logismedia AG\",\"alternateName\":\"Logismedia Group AG\",\"url\":\"https:\\\/\\\/transportjournal.com\\\/fr\\\/\",\"logo\":{\"@type\":\"ImageObject\",\"inLanguage\":\"fr-FR\",\"@id\":\"https:\\\/\\\/transportjournal.com\\\/fr\\\/#\\\/schema\\\/logo\\\/image\\\/\",\"url\":\"https:\\\/\\\/transportjournal.com\\\/wp-content\\\/uploads\\\/sites\\\/2\\\/2025\\\/09\\\/Logo_ITJ.png\",\"contentUrl\":\"https:\\\/\\\/transportjournal.com\\\/wp-content\\\/uploads\\\/sites\\\/2\\\/2025\\\/09\\\/Logo_ITJ.png\",\"width\":799,\"height\":326,\"caption\":\"Groupe Logismedia AG\"},\"image\":{\"@id\":\"https:\\\/\\\/transportjournal.com\\\/fr\\\/#\\\/schema\\\/logo\\\/image\\\/\"},\"sameAs\":[\"https:\\\/\\\/www.linkedin.com\\\/company\\\/56456496\\\/admin\\\/dashboard\\\/\",\"https:\\\/\\\/www.instagram.com\\\/logismediagroup\\\/\",\"https:\\\/\\\/www.youtube.com\\\/@LogiamediaGroupAG\"]},{\"@type\":\"Person\",\"@id\":\"https:\\\/\\\/transportjournal.com\\\/fr\\\/#\\\/schema\\\/person\\\/cf538b3157f15afd7589245a4b3dbd25\",\"name\":\"Andreas Haug\",\"url\":\"https:\\\/\\\/transportjournal.com\\\/fr\\\/author\\\/andreas\\\/\"}]}<\/script>\n<!-- \/ Yoast SEO plugin. -->","yoast_head_json":{"title":"Ravi Tulsyan nouveau CFO d'Odyssey - ITJ | International Transport Journal.","robots":{"index":"index","follow":"follow","max-snippet":"max-snippet:-1","max-image-preview":"max-image-preview:large","max-video-preview":"max-video-preview:-1"},"canonical":"https:\/\/transportjournal.com\/fr\/2026\/01\/28\/ravi-tulsyan-nouveau-cfo-dodyssey\/","og_locale":"fr_FR","og_type":"article","og_title":"Ravi Tulsyan nouveau CFO d'Odyssey - ITJ | International Transport Journal.","og_description":"Ravi Tulsyan a \u00e9t\u00e9 nomm\u00e9 CFO d'Odyssey Logistics et apporte une vaste exp\u00e9rience en gestion financi\u00e8re ainsi que des succ\u00e8s significatifs dans l'industrie.","og_url":"https:\/\/transportjournal.com\/fr\/2026\/01\/28\/ravi-tulsyan-nouveau-cfo-dodyssey\/","og_site_name":"ITJ | International Transport Journal","article_published_time":"2026-01-28T11:51:12+00:00","og_image":[{"width":2048,"height":1152,"url":"https:\/\/transportjournal.com\/wp-content\/uploads\/sites\/2\/2026\/01\/Odyssey_Ravi_Tulsyan_040-vF-Cropped-2048x1742-1-aspect-ratio-1400-788.png","type":"image\/png"}],"author":"Andreas Haug","twitter_card":"summary_large_image","twitter_misc":{"\u00c9crit par":"Andreas Haug","Dur\u00e9e de lecture estim\u00e9e":"2 minutes"},"schema":{"@context":"https:\/\/schema.org","@graph":[{"@type":"Article","@id":"https:\/\/transportjournal.com\/fr\/2026\/01\/28\/ravi-tulsyan-nouveau-cfo-dodyssey\/#article","isPartOf":{"@id":"https:\/\/transportjournal.com\/fr\/2026\/01\/28\/ravi-tulsyan-nouveau-cfo-dodyssey\/"},"author":{"name":"Andreas Haug","@id":"https:\/\/transportjournal.com\/fr\/#\/schema\/person\/cf538b3157f15afd7589245a4b3dbd25"},"headline":"Ravi Tulsyan nouveau CFO d&rsquo;Odyssey","datePublished":"2026-01-28T11:51:12+00:00","mainEntityOfPage":{"@id":"https:\/\/transportjournal.com\/fr\/2026\/01\/28\/ravi-tulsyan-nouveau-cfo-dodyssey\/"},"wordCount":380,"commentCount":0,"publisher":{"@id":"https:\/\/transportjournal.com\/fr\/#organization"},"image":{"@id":"https:\/\/transportjournal.com\/fr\/2026\/01\/28\/ravi-tulsyan-nouveau-cfo-dodyssey\/#primaryimage"},"thumbnailUrl":"https:\/\/transportjournal.com\/wp-content\/uploads\/sites\/2\/2026\/01\/Odyssey_Ravi_Tulsyan_040-vF-Cropped-2048x1742-1-aspect-ratio-1400-788.png","keywords":["accounting and treasury","capital markets transactions","CFO appointment","CFO Ernennung","comptabilit\u00e9 et tr\u00e9sorerie","corporate transformations","cr\u00e9ation de valeur logistique","croissance de l'organisation financi\u00e8re","d\u00e9partements financiers mondiaux","Deutsch Odyssey Logistics","digital transformation logistics","digitale Transformation Logistik","durabilit\u00e9 dans la logistique","Fachkr\u00e4ftemangel Logistikbranche","financial leadership logistics","financial organization growth","financial planning and analysis","Finanzf\u00fchrung Logistik","Finanzorganisation Wachstum","Finanzplanung und -analyse","fusions et scissions","gestion de la cha\u00eene d'approvisionnement","global finance departments","globale Finanzabteilungen","infrastructure logistique","intermodal business models","intermodale Gesch\u00e4ftsmodelle","Kapitalm\u00e4rkte Transaktionen","labor shortage logistics industry","leadership financier logistique","logistics infrastructure","logistics transformations","logistische Infrastruktur","logistische Transformationen","mergers and spin-offs Fran\u00e7ais Odyssey Logistics","mod\u00e8les d'affaires intermodaux","multimodal platform","multimodale Plattform","Nachhaltigkeit in der Logistik","nomination de CFO","p\u00e9nurie de main-d'\u0153uvre secteur logistique","planification et analyse financi\u00e8res","plateforme multimodale","Ravi Tulsyan CFO","Rechnungswesen und Treasury","Supply Chain Management","sustainability in logistics","transactions sur les march\u00e9s de capitaux","transformation num\u00e9rique logistique","transformations d'entreprise","transformations logistiques","\u00dcbernahmen und Abspaltungen English Odyssey Logistics","Unternehmensumwandlungen","value creation logistics","Wertsch\u00f6pfung Logistik","XPO Inc. CFO"],"articleSection":["Am\u00e9riques","Exp\u00e9dition de fret et logistique","Personnes et entreprises"],"inLanguage":"fr-FR","potentialAction":[{"@type":"CommentAction","name":"Comment","target":["https:\/\/transportjournal.com\/fr\/2026\/01\/28\/ravi-tulsyan-nouveau-cfo-dodyssey\/#respond"]}]},{"@type":"WebPage","@id":"https:\/\/transportjournal.com\/fr\/2026\/01\/28\/ravi-tulsyan-nouveau-cfo-dodyssey\/","url":"https:\/\/transportjournal.com\/fr\/2026\/01\/28\/ravi-tulsyan-nouveau-cfo-dodyssey\/","name":"Ravi Tulsyan nouveau CFO d'Odyssey - ITJ | International Transport Journal.","isPartOf":{"@id":"https:\/\/transportjournal.com\/fr\/#website"},"primaryImageOfPage":{"@id":"https:\/\/transportjournal.com\/fr\/2026\/01\/28\/ravi-tulsyan-nouveau-cfo-dodyssey\/#primaryimage"},"image":{"@id":"https:\/\/transportjournal.com\/fr\/2026\/01\/28\/ravi-tulsyan-nouveau-cfo-dodyssey\/#primaryimage"},"thumbnailUrl":"https:\/\/transportjournal.com\/wp-content\/uploads\/sites\/2\/2026\/01\/Odyssey_Ravi_Tulsyan_040-vF-Cropped-2048x1742-1-aspect-ratio-1400-788.png","datePublished":"2026-01-28T11:51:12+00:00","breadcrumb":{"@id":"https:\/\/transportjournal.com\/fr\/2026\/01\/28\/ravi-tulsyan-nouveau-cfo-dodyssey\/#breadcrumb"},"inLanguage":"fr-FR","potentialAction":[{"@type":"ReadAction","target":["https:\/\/transportjournal.com\/fr\/2026\/01\/28\/ravi-tulsyan-nouveau-cfo-dodyssey\/"]}]},{"@type":"ImageObject","inLanguage":"fr-FR","@id":"https:\/\/transportjournal.com\/fr\/2026\/01\/28\/ravi-tulsyan-nouveau-cfo-dodyssey\/#primaryimage","url":"https:\/\/transportjournal.com\/wp-content\/uploads\/sites\/2\/2026\/01\/Odyssey_Ravi_Tulsyan_040-vF-Cropped-2048x1742-1-aspect-ratio-1400-788.png","contentUrl":"https:\/\/transportjournal.com\/wp-content\/uploads\/sites\/2\/2026\/01\/Odyssey_Ravi_Tulsyan_040-vF-Cropped-2048x1742-1-aspect-ratio-1400-788.png","width":2048,"height":1152},{"@type":"BreadcrumbList","@id":"https:\/\/transportjournal.com\/fr\/2026\/01\/28\/ravi-tulsyan-nouveau-cfo-dodyssey\/#breadcrumb","itemListElement":[{"@type":"ListItem","position":1,"name":"Startseite","item":"https:\/\/transportjournal.com\/fr\/"},{"@type":"ListItem","position":2,"name":"Ravi Tulsyan nouveau CFO d&#8217;Odyssey"}]},{"@type":"WebSite","@id":"https:\/\/transportjournal.com\/fr\/#website","url":"https:\/\/transportjournal.com\/fr\/","name":"ITJ | International Transport Journal","description":"Restez inform\u00e9 des derni\u00e8res nouvelles mondiales dans les secteurs du transport, de la logistique et de la cha\u00eene d'approvisionnement. Transport Journal fournit des informations d'experts, des analyses et des mises \u00e0 jour sur le transport maritime, l'aviation, l'intermodalit\u00e9 et l'exp\u00e9dition. ","publisher":{"@id":"https:\/\/transportjournal.com\/fr\/#organization"},"potentialAction":[{"@type":"SearchAction","target":{"@type":"EntryPoint","urlTemplate":"https:\/\/transportjournal.com\/fr\/?s={search_term_string}"},"query-input":{"@type":"PropertyValueSpecification","valueRequired":true,"valueName":"search_term_string"}}],"inLanguage":"fr-FR"},{"@type":"Organization","@id":"https:\/\/transportjournal.com\/fr\/#organization","name":"Groupe Logismedia AG","alternateName":"Logismedia Group AG","url":"https:\/\/transportjournal.com\/fr\/","logo":{"@type":"ImageObject","inLanguage":"fr-FR","@id":"https:\/\/transportjournal.com\/fr\/#\/schema\/logo\/image\/","url":"https:\/\/transportjournal.com\/wp-content\/uploads\/sites\/2\/2025\/09\/Logo_ITJ.png","contentUrl":"https:\/\/transportjournal.com\/wp-content\/uploads\/sites\/2\/2025\/09\/Logo_ITJ.png","width":799,"height":326,"caption":"Groupe Logismedia AG"},"image":{"@id":"https:\/\/transportjournal.com\/fr\/#\/schema\/logo\/image\/"},"sameAs":["https:\/\/www.linkedin.com\/company\/56456496\/admin\/dashboard\/","https:\/\/www.instagram.com\/logismediagroup\/","https:\/\/www.youtube.com\/@LogiamediaGroupAG"]},{"@type":"Person","@id":"https:\/\/transportjournal.com\/fr\/#\/schema\/person\/cf538b3157f15afd7589245a4b3dbd25","name":"Andreas Haug","url":"https:\/\/transportjournal.com\/fr\/author\/andreas\/"}]}},"_links":{"self":[{"href":"https:\/\/transportjournal.com\/fr\/wp-json\/wp\/v2\/posts\/74874","targetHints":{"allow":["GET"]}}],"collection":[{"href":"https:\/\/transportjournal.com\/fr\/wp-json\/wp\/v2\/posts"}],"about":[{"href":"https:\/\/transportjournal.com\/fr\/wp-json\/wp\/v2\/types\/post"}],"author":[{"embeddable":true,"href":"https:\/\/transportjournal.com\/fr\/wp-json\/wp\/v2\/users\/12"}],"replies":[{"embeddable":true,"href":"https:\/\/transportjournal.com\/fr\/wp-json\/wp\/v2\/comments?post=74874"}],"version-history":[{"count":0,"href":"https:\/\/transportjournal.com\/fr\/wp-json\/wp\/v2\/posts\/74874\/revisions"}],"wp:featuredmedia":[{"embeddable":true,"href":"https:\/\/transportjournal.com\/fr\/wp-json\/wp\/v2\/media\/74872"}],"wp:attachment":[{"href":"https:\/\/transportjournal.com\/fr\/wp-json\/wp\/v2\/media?parent=74874"}],"wp:term":[{"taxonomy":"category","embeddable":true,"href":"https:\/\/transportjournal.com\/fr\/wp-json\/wp\/v2\/categories?post=74874"},{"taxonomy":"post_tag","embeddable":true,"href":"https:\/\/transportjournal.com\/fr\/wp-json\/wp\/v2\/tags?post=74874"}],"curies":[{"name":"wp","href":"https:\/\/api.w.org\/{rel}","templated":true}]}}