{"id":74465,"date":"2026-01-27T08:27:41","date_gmt":"2026-01-27T08:27:41","guid":{"rendered":"https:\/\/transportjournal.com\/2026\/01\/27\/oman-air-cargo-nomme-gokul-sudamani\/"},"modified":"2026-01-27T13:26:59","modified_gmt":"2026-01-27T12:26:59","slug":"oman-air-cargo-nomme-gokul-sudamani","status":"publish","type":"post","link":"https:\/\/transportjournal.com\/fr\/2026\/01\/27\/oman-air-cargo-nomme-gokul-sudamani\/","title":{"rendered":"Oman Air Cargo nomme Gokul Sudamani"},"content":{"rendered":"<p>Oman Air Cargo a cr\u00e9\u00e9 un nouveau poste de direction avec la nomination de Gokul Sudamani en tant que Responsable des Ventes R\u00e9gionales pour le Moyen-Orient et le Golfe. Ce poste, bas\u00e9 \u00e0 Duba\u00ef, vise \u00e0 soutenir l&#8217;expansion de l&#8217;entreprise dans la r\u00e9gion et \u00e0 am\u00e9liorer les services pour la communaut\u00e9 de transport de fret.<\/p>\n<p>Gokul Sudamani apporte plus de 18 ans d&#8217;exp\u00e9rience dans l&#8217;industrie du fret a\u00e9rien, se sp\u00e9cialisant dans divers march\u00e9s \u00e0 fort chiffre d&#8217;affaires au Moyen-Orient et dans le Golfe. Dans son nouveau r\u00f4le, il travaillera en \u00e9troite collaboration avec les clients et les partenaires pour faire avancer les investissements en r\u00e9seau et en capacit\u00e9 d&#8217;Oman Air Cargo. \u00ab Oman Air Cargo prend de l&#8217;\u00e9lan, et je suis impatient de travailler en \u00e9troite collaboration avec les clients et les partenaires de la r\u00e9gion alors que nous continuons \u00e0 d\u00e9velopper notre r\u00e9seau et nos capacit\u00e9s \u00bb, a d\u00e9clar\u00e9 Sudamani.<\/p>\n<p>La nomination de Sudamani s&#8217;inscrit dans une strat\u00e9gie plus large d&#8217;Oman Air Cargo visant \u00e0 renforcer la pr\u00e9sence de l&#8217;entreprise dans la r\u00e9gion. Plusieurs nouvelles routes, y compris vers Singapour et Kigali, ont r\u00e9cemment \u00e9t\u00e9 annonc\u00e9es. Michael Duggan, Responsable du Fret chez Oman Air, a soulign\u00e9 l&#8217;importance du Moyen-Orient en tant que hub de transit mondial et march\u00e9 cible en pleine croissance. \u00ab Ce nouveau r\u00f4le refl\u00e8te notre engagement envers la r\u00e9gion alors que nous continuons \u00e0 d\u00e9velopper notre r\u00e9seau \u00bb, a d\u00e9clar\u00e9 Duggan.<\/p>\n<p>&nbsp;<\/p>\n<p><a href=\"https:\/\/cargo.omanair.com\/\" target=\"_blank\" rel=\"noopener noreferrer\">cargo.omanair.com<\/a><\/p>\n<p>&nbsp;<\/p>\n","protected":false},"excerpt":{"rendered":"<p>Oman Air Cargo a nomm\u00e9 Gokul Sudamani Regional Head of Sales pour le Moyen-Orient et le Golfe afin d&rsquo;am\u00e9liorer l&rsquo;expansion et les services.<\/p>\n","protected":false},"author":12,"featured_media":74463,"comment_status":"open","ping_status":"open","sticky":false,"template":"","format":"standard","meta":{"_acf_changed":false,"footnotes":""},"categories":[1582,1588,1579],"tags":[9621,2252,4555,9622,9623,9624,9625,9626,9627,9628,2213,9629,9630,2811,8941,3234,9631,9632,9633,9634,9635,3682,9636,9637,9638,9639,9640,9641,9642,2821,1831,2176,9643,2283,4573,4574,4132,4134,4135,9644,9645,9646,9647,9648,2829,9649,9650,5810,5811,5812,9651,9652,2297,1837,1838],"class_list":["post-74465","post","type-post","status-publish","format-standard","has-post-thumbnail","hentry","category-fret-aerien","category-moyen-orient","category-personnes-et-entreprises","tag-air-freight-expansion","tag-air-freight-industry","tag-analyse-de-marche","tag-capacity-investments","tag-cargo-services","tag-cargo-dienstleistungen","tag-corporate-strategy","tag-customer-relationships","tag-deutsch-oman-air-cargo","tag-dubai","tag-economie-du-transport","tag-expansion-du-fret-aerien","tag-fracht-forwarding","tag-frachtlogistik","tag-freight-forwarding","tag-freight-logistics","tag-global-transit-hubs","tag-globale-transit-hubs","tag-gokul-sudamani","tag-hubs-de-transit-mondiaux","tag-industrie-de-la-fret-aerien","tag-infrastructure","tag-infrastructure-francais-oman-air-cargo","tag-infrastruktur-english-oman-air-cargo","tag-investissements-en-capacite","tag-investissements-reseau","tag-kapazitaetsinvestitionen","tag-kigali","tag-kundenbeziehungen","tag-logistics-providers","tag-logistikdienstleister","tag-logistique-de-fret","tag-luftfracht-expansion","tag-luftfrachtbranche","tag-market-analysis","tag-marktanalyse","tag-middle-east","tag-moyen-orient","tag-naher-osten","tag-network-investments","tag-netzwerkinvestitionen","tag-neue-routen","tag-new-routes","tag-nouvelles-routes","tag-prestataires-logistiques","tag-relations-clients","tag-services-de-fret","tag-singapore","tag-singapour","tag-singapur","tag-strategie-dentreprise","tag-transit-de-fret","tag-transport-economy","tag-transportwirtschaft","tag-unternehmensstrategie"],"acf":[],"yoast_head":"<!-- This site is optimized with the Yoast SEO plugin v27.3 - https:\/\/yoast.com\/product\/yoast-seo-wordpress\/ -->\n<title>Oman Air Cargo nomme Gokul Sudamani - ITJ | International Transport Journal.<\/title>\n<meta name=\"robots\" content=\"index, follow, max-snippet:-1, max-image-preview:large, max-video-preview:-1\" \/>\n<link rel=\"canonical\" href=\"https:\/\/transportjournal.com\/fr\/2026\/01\/27\/oman-air-cargo-nomme-gokul-sudamani\/\" \/>\n<meta property=\"og:locale\" content=\"fr_FR\" \/>\n<meta property=\"og:type\" content=\"article\" \/>\n<meta property=\"og:title\" content=\"Oman Air Cargo nomme Gokul Sudamani - ITJ | International Transport Journal.\" \/>\n<meta property=\"og:description\" content=\"Oman Air Cargo a nomm\u00e9 Gokul Sudamani Regional Head of Sales pour le Moyen-Orient et le Golfe afin d&#039;am\u00e9liorer l&#039;expansion et les services.\" \/>\n<meta property=\"og:url\" content=\"https:\/\/transportjournal.com\/fr\/2026\/01\/27\/oman-air-cargo-nomme-gokul-sudamani\/\" \/>\n<meta property=\"og:site_name\" content=\"ITJ | International Transport Journal\" \/>\n<meta property=\"article:published_time\" content=\"2026-01-27T08:27:41+00:00\" \/>\n<meta property=\"article:modified_time\" content=\"2026-01-27T12:26:59+00:00\" \/>\n<meta property=\"og:image\" content=\"https:\/\/transportjournal.com\/wp-content\/uploads\/sites\/2\/2026\/01\/Gokul-Photo-aspect-ratio-1400-788.jpg\" \/>\n\t<meta property=\"og:image:width\" content=\"670\" \/>\n\t<meta property=\"og:image:height\" content=\"377\" \/>\n\t<meta property=\"og:image:type\" content=\"image\/jpeg\" \/>\n<meta name=\"author\" content=\"Andreas Haug\" \/>\n<meta name=\"twitter:card\" content=\"summary_large_image\" \/>\n<meta name=\"twitter:label1\" content=\"\u00c9crit par\" \/>\n\t<meta name=\"twitter:data1\" content=\"Andreas Haug\" \/>\n\t<meta name=\"twitter:label2\" content=\"Dur\u00e9e de lecture estim\u00e9e\" \/>\n\t<meta name=\"twitter:data2\" content=\"1 minute\" \/>\n<script type=\"application\/ld+json\" class=\"yoast-schema-graph\">{\"@context\":\"https:\\\/\\\/schema.org\",\"@graph\":[{\"@type\":\"Article\",\"@id\":\"https:\\\/\\\/transportjournal.com\\\/fr\\\/2026\\\/01\\\/27\\\/oman-air-cargo-nomme-gokul-sudamani\\\/#article\",\"isPartOf\":{\"@id\":\"https:\\\/\\\/transportjournal.com\\\/fr\\\/2026\\\/01\\\/27\\\/oman-air-cargo-nomme-gokul-sudamani\\\/\"},\"author\":{\"name\":\"Andreas Haug\",\"@id\":\"https:\\\/\\\/transportjournal.com\\\/fr\\\/#\\\/schema\\\/person\\\/cf538b3157f15afd7589245a4b3dbd25\"},\"headline\":\"Oman Air Cargo nomme Gokul Sudamani\",\"datePublished\":\"2026-01-27T08:27:41+00:00\",\"dateModified\":\"2026-01-27T12:26:59+00:00\",\"mainEntityOfPage\":{\"@id\":\"https:\\\/\\\/transportjournal.com\\\/fr\\\/2026\\\/01\\\/27\\\/oman-air-cargo-nomme-gokul-sudamani\\\/\"},\"wordCount\":270,\"commentCount\":0,\"publisher\":{\"@id\":\"https:\\\/\\\/transportjournal.com\\\/fr\\\/#organization\"},\"image\":{\"@id\":\"https:\\\/\\\/transportjournal.com\\\/fr\\\/2026\\\/01\\\/27\\\/oman-air-cargo-nomme-gokul-sudamani\\\/#primaryimage\"},\"thumbnailUrl\":\"https:\\\/\\\/transportjournal.com\\\/wp-content\\\/uploads\\\/sites\\\/2\\\/2026\\\/01\\\/Gokul-Photo-aspect-ratio-1400-788.jpg\",\"keywords\":[\"air freight expansion\",\"air freight industry\",\"analyse de march\u00e9\",\"capacity investments\",\"cargo services\",\"Cargo-Dienstleistungen\",\"corporate strategy\",\"customer relationships\",\"Deutsch Oman Air Cargo\",\"Dubai\",\"\u00e9conomie du transport\",\"expansion du fret a\u00e9rien\",\"Fracht-Forwarding\",\"Frachtlogistik\",\"freight forwarding\",\"freight logistics\",\"global transit hubs\",\"globale Transit-Hubs\",\"Gokul Sudamani\",\"hubs de transit mondiaux\",\"industrie de la fret a\u00e9rien\",\"infrastructure\",\"infrastructure Fran\u00e7ais Oman Air Cargo\",\"Infrastruktur English Oman Air Cargo\",\"investissements en capacit\u00e9\",\"investissements r\u00e9seau\",\"Kapazit\u00e4tsinvestitionen\",\"Kigali\",\"Kundenbeziehungen\",\"logistics providers\",\"Logistikdienstleister\",\"logistique de fret\",\"Luftfracht-Expansion\",\"Luftfrachtbranche\",\"market analysis\",\"Marktanalyse\",\"Middle East\",\"Moyen-Orient\",\"Naher Osten\",\"network investments\",\"Netzwerkinvestitionen\",\"neue Routen\",\"new routes\",\"nouvelles routes\",\"prestataires logistiques\",\"relations clients\",\"services de fret\",\"Singapore\",\"Singapour\",\"Singapur\",\"strat\u00e9gie d'entreprise\",\"transit de fret\",\"transport economy\",\"Transportwirtschaft\",\"Unternehmensstrategie\"],\"articleSection\":[\"Fret a\u00e9rien\",\"Moyen-Orient\",\"Personnes et entreprises\"],\"inLanguage\":\"fr-FR\",\"potentialAction\":[{\"@type\":\"CommentAction\",\"name\":\"Comment\",\"target\":[\"https:\\\/\\\/transportjournal.com\\\/fr\\\/2026\\\/01\\\/27\\\/oman-air-cargo-nomme-gokul-sudamani\\\/#respond\"]}]},{\"@type\":\"WebPage\",\"@id\":\"https:\\\/\\\/transportjournal.com\\\/fr\\\/2026\\\/01\\\/27\\\/oman-air-cargo-nomme-gokul-sudamani\\\/\",\"url\":\"https:\\\/\\\/transportjournal.com\\\/fr\\\/2026\\\/01\\\/27\\\/oman-air-cargo-nomme-gokul-sudamani\\\/\",\"name\":\"Oman Air Cargo nomme Gokul Sudamani - ITJ | International Transport Journal.\",\"isPartOf\":{\"@id\":\"https:\\\/\\\/transportjournal.com\\\/fr\\\/#website\"},\"primaryImageOfPage\":{\"@id\":\"https:\\\/\\\/transportjournal.com\\\/fr\\\/2026\\\/01\\\/27\\\/oman-air-cargo-nomme-gokul-sudamani\\\/#primaryimage\"},\"image\":{\"@id\":\"https:\\\/\\\/transportjournal.com\\\/fr\\\/2026\\\/01\\\/27\\\/oman-air-cargo-nomme-gokul-sudamani\\\/#primaryimage\"},\"thumbnailUrl\":\"https:\\\/\\\/transportjournal.com\\\/wp-content\\\/uploads\\\/sites\\\/2\\\/2026\\\/01\\\/Gokul-Photo-aspect-ratio-1400-788.jpg\",\"datePublished\":\"2026-01-27T08:27:41+00:00\",\"dateModified\":\"2026-01-27T12:26:59+00:00\",\"breadcrumb\":{\"@id\":\"https:\\\/\\\/transportjournal.com\\\/fr\\\/2026\\\/01\\\/27\\\/oman-air-cargo-nomme-gokul-sudamani\\\/#breadcrumb\"},\"inLanguage\":\"fr-FR\",\"potentialAction\":[{\"@type\":\"ReadAction\",\"target\":[\"https:\\\/\\\/transportjournal.com\\\/fr\\\/2026\\\/01\\\/27\\\/oman-air-cargo-nomme-gokul-sudamani\\\/\"]}]},{\"@type\":\"ImageObject\",\"inLanguage\":\"fr-FR\",\"@id\":\"https:\\\/\\\/transportjournal.com\\\/fr\\\/2026\\\/01\\\/27\\\/oman-air-cargo-nomme-gokul-sudamani\\\/#primaryimage\",\"url\":\"https:\\\/\\\/transportjournal.com\\\/wp-content\\\/uploads\\\/sites\\\/2\\\/2026\\\/01\\\/Gokul-Photo-aspect-ratio-1400-788.jpg\",\"contentUrl\":\"https:\\\/\\\/transportjournal.com\\\/wp-content\\\/uploads\\\/sites\\\/2\\\/2026\\\/01\\\/Gokul-Photo-aspect-ratio-1400-788.jpg\",\"width\":670,\"height\":377},{\"@type\":\"BreadcrumbList\",\"@id\":\"https:\\\/\\\/transportjournal.com\\\/fr\\\/2026\\\/01\\\/27\\\/oman-air-cargo-nomme-gokul-sudamani\\\/#breadcrumb\",\"itemListElement\":[{\"@type\":\"ListItem\",\"position\":1,\"name\":\"Startseite\",\"item\":\"https:\\\/\\\/transportjournal.com\\\/fr\\\/\"},{\"@type\":\"ListItem\",\"position\":2,\"name\":\"Oman Air Cargo nomme Gokul Sudamani\"}]},{\"@type\":\"WebSite\",\"@id\":\"https:\\\/\\\/transportjournal.com\\\/fr\\\/#website\",\"url\":\"https:\\\/\\\/transportjournal.com\\\/fr\\\/\",\"name\":\"ITJ | International Transport Journal\",\"description\":\"Restez inform\u00e9 des derni\u00e8res nouvelles mondiales dans les secteurs du transport, de la logistique et de la cha\u00eene d'approvisionnement. Transport Journal fournit des informations d'experts, des analyses et des mises \u00e0 jour sur le transport maritime, l'aviation, l'intermodalit\u00e9 et l'exp\u00e9dition. \",\"publisher\":{\"@id\":\"https:\\\/\\\/transportjournal.com\\\/fr\\\/#organization\"},\"potentialAction\":[{\"@type\":\"SearchAction\",\"target\":{\"@type\":\"EntryPoint\",\"urlTemplate\":\"https:\\\/\\\/transportjournal.com\\\/fr\\\/?s={search_term_string}\"},\"query-input\":{\"@type\":\"PropertyValueSpecification\",\"valueRequired\":true,\"valueName\":\"search_term_string\"}}],\"inLanguage\":\"fr-FR\"},{\"@type\":\"Organization\",\"@id\":\"https:\\\/\\\/transportjournal.com\\\/fr\\\/#organization\",\"name\":\"Groupe Logismedia AG\",\"alternateName\":\"Logismedia Group AG\",\"url\":\"https:\\\/\\\/transportjournal.com\\\/fr\\\/\",\"logo\":{\"@type\":\"ImageObject\",\"inLanguage\":\"fr-FR\",\"@id\":\"https:\\\/\\\/transportjournal.com\\\/fr\\\/#\\\/schema\\\/logo\\\/image\\\/\",\"url\":\"https:\\\/\\\/transportjournal.com\\\/wp-content\\\/uploads\\\/sites\\\/2\\\/2025\\\/09\\\/Logo_ITJ.png\",\"contentUrl\":\"https:\\\/\\\/transportjournal.com\\\/wp-content\\\/uploads\\\/sites\\\/2\\\/2025\\\/09\\\/Logo_ITJ.png\",\"width\":799,\"height\":326,\"caption\":\"Groupe Logismedia AG\"},\"image\":{\"@id\":\"https:\\\/\\\/transportjournal.com\\\/fr\\\/#\\\/schema\\\/logo\\\/image\\\/\"},\"sameAs\":[\"https:\\\/\\\/www.linkedin.com\\\/company\\\/56456496\\\/admin\\\/dashboard\\\/\",\"https:\\\/\\\/www.instagram.com\\\/logismediagroup\\\/\",\"https:\\\/\\\/www.youtube.com\\\/@LogiamediaGroupAG\"]},{\"@type\":\"Person\",\"@id\":\"https:\\\/\\\/transportjournal.com\\\/fr\\\/#\\\/schema\\\/person\\\/cf538b3157f15afd7589245a4b3dbd25\",\"name\":\"Andreas Haug\",\"url\":\"https:\\\/\\\/transportjournal.com\\\/fr\\\/author\\\/andreas\\\/\"}]}<\/script>\n<!-- \/ Yoast SEO plugin. -->","yoast_head_json":{"title":"Oman Air Cargo nomme Gokul Sudamani - ITJ | International Transport Journal.","robots":{"index":"index","follow":"follow","max-snippet":"max-snippet:-1","max-image-preview":"max-image-preview:large","max-video-preview":"max-video-preview:-1"},"canonical":"https:\/\/transportjournal.com\/fr\/2026\/01\/27\/oman-air-cargo-nomme-gokul-sudamani\/","og_locale":"fr_FR","og_type":"article","og_title":"Oman Air Cargo nomme Gokul Sudamani - ITJ | International Transport Journal.","og_description":"Oman Air Cargo a nomm\u00e9 Gokul Sudamani Regional Head of Sales pour le Moyen-Orient et le Golfe afin d'am\u00e9liorer l'expansion et les services.","og_url":"https:\/\/transportjournal.com\/fr\/2026\/01\/27\/oman-air-cargo-nomme-gokul-sudamani\/","og_site_name":"ITJ | International Transport Journal","article_published_time":"2026-01-27T08:27:41+00:00","article_modified_time":"2026-01-27T12:26:59+00:00","og_image":[{"width":670,"height":377,"url":"https:\/\/transportjournal.com\/wp-content\/uploads\/sites\/2\/2026\/01\/Gokul-Photo-aspect-ratio-1400-788.jpg","type":"image\/jpeg"}],"author":"Andreas Haug","twitter_card":"summary_large_image","twitter_misc":{"\u00c9crit par":"Andreas Haug","Dur\u00e9e de lecture estim\u00e9e":"1 minute"},"schema":{"@context":"https:\/\/schema.org","@graph":[{"@type":"Article","@id":"https:\/\/transportjournal.com\/fr\/2026\/01\/27\/oman-air-cargo-nomme-gokul-sudamani\/#article","isPartOf":{"@id":"https:\/\/transportjournal.com\/fr\/2026\/01\/27\/oman-air-cargo-nomme-gokul-sudamani\/"},"author":{"name":"Andreas Haug","@id":"https:\/\/transportjournal.com\/fr\/#\/schema\/person\/cf538b3157f15afd7589245a4b3dbd25"},"headline":"Oman Air Cargo nomme Gokul Sudamani","datePublished":"2026-01-27T08:27:41+00:00","dateModified":"2026-01-27T12:26:59+00:00","mainEntityOfPage":{"@id":"https:\/\/transportjournal.com\/fr\/2026\/01\/27\/oman-air-cargo-nomme-gokul-sudamani\/"},"wordCount":270,"commentCount":0,"publisher":{"@id":"https:\/\/transportjournal.com\/fr\/#organization"},"image":{"@id":"https:\/\/transportjournal.com\/fr\/2026\/01\/27\/oman-air-cargo-nomme-gokul-sudamani\/#primaryimage"},"thumbnailUrl":"https:\/\/transportjournal.com\/wp-content\/uploads\/sites\/2\/2026\/01\/Gokul-Photo-aspect-ratio-1400-788.jpg","keywords":["air freight expansion","air freight industry","analyse de march\u00e9","capacity investments","cargo services","Cargo-Dienstleistungen","corporate strategy","customer relationships","Deutsch Oman Air Cargo","Dubai","\u00e9conomie du transport","expansion du fret a\u00e9rien","Fracht-Forwarding","Frachtlogistik","freight forwarding","freight logistics","global transit hubs","globale Transit-Hubs","Gokul Sudamani","hubs de transit mondiaux","industrie de la fret a\u00e9rien","infrastructure","infrastructure Fran\u00e7ais Oman Air Cargo","Infrastruktur English Oman Air Cargo","investissements en capacit\u00e9","investissements r\u00e9seau","Kapazit\u00e4tsinvestitionen","Kigali","Kundenbeziehungen","logistics providers","Logistikdienstleister","logistique de fret","Luftfracht-Expansion","Luftfrachtbranche","market analysis","Marktanalyse","Middle East","Moyen-Orient","Naher Osten","network investments","Netzwerkinvestitionen","neue Routen","new routes","nouvelles routes","prestataires logistiques","relations clients","services de fret","Singapore","Singapour","Singapur","strat\u00e9gie d'entreprise","transit de fret","transport economy","Transportwirtschaft","Unternehmensstrategie"],"articleSection":["Fret a\u00e9rien","Moyen-Orient","Personnes et entreprises"],"inLanguage":"fr-FR","potentialAction":[{"@type":"CommentAction","name":"Comment","target":["https:\/\/transportjournal.com\/fr\/2026\/01\/27\/oman-air-cargo-nomme-gokul-sudamani\/#respond"]}]},{"@type":"WebPage","@id":"https:\/\/transportjournal.com\/fr\/2026\/01\/27\/oman-air-cargo-nomme-gokul-sudamani\/","url":"https:\/\/transportjournal.com\/fr\/2026\/01\/27\/oman-air-cargo-nomme-gokul-sudamani\/","name":"Oman Air Cargo nomme Gokul Sudamani - ITJ | International Transport Journal.","isPartOf":{"@id":"https:\/\/transportjournal.com\/fr\/#website"},"primaryImageOfPage":{"@id":"https:\/\/transportjournal.com\/fr\/2026\/01\/27\/oman-air-cargo-nomme-gokul-sudamani\/#primaryimage"},"image":{"@id":"https:\/\/transportjournal.com\/fr\/2026\/01\/27\/oman-air-cargo-nomme-gokul-sudamani\/#primaryimage"},"thumbnailUrl":"https:\/\/transportjournal.com\/wp-content\/uploads\/sites\/2\/2026\/01\/Gokul-Photo-aspect-ratio-1400-788.jpg","datePublished":"2026-01-27T08:27:41+00:00","dateModified":"2026-01-27T12:26:59+00:00","breadcrumb":{"@id":"https:\/\/transportjournal.com\/fr\/2026\/01\/27\/oman-air-cargo-nomme-gokul-sudamani\/#breadcrumb"},"inLanguage":"fr-FR","potentialAction":[{"@type":"ReadAction","target":["https:\/\/transportjournal.com\/fr\/2026\/01\/27\/oman-air-cargo-nomme-gokul-sudamani\/"]}]},{"@type":"ImageObject","inLanguage":"fr-FR","@id":"https:\/\/transportjournal.com\/fr\/2026\/01\/27\/oman-air-cargo-nomme-gokul-sudamani\/#primaryimage","url":"https:\/\/transportjournal.com\/wp-content\/uploads\/sites\/2\/2026\/01\/Gokul-Photo-aspect-ratio-1400-788.jpg","contentUrl":"https:\/\/transportjournal.com\/wp-content\/uploads\/sites\/2\/2026\/01\/Gokul-Photo-aspect-ratio-1400-788.jpg","width":670,"height":377},{"@type":"BreadcrumbList","@id":"https:\/\/transportjournal.com\/fr\/2026\/01\/27\/oman-air-cargo-nomme-gokul-sudamani\/#breadcrumb","itemListElement":[{"@type":"ListItem","position":1,"name":"Startseite","item":"https:\/\/transportjournal.com\/fr\/"},{"@type":"ListItem","position":2,"name":"Oman Air Cargo nomme Gokul Sudamani"}]},{"@type":"WebSite","@id":"https:\/\/transportjournal.com\/fr\/#website","url":"https:\/\/transportjournal.com\/fr\/","name":"ITJ | International Transport Journal","description":"Restez inform\u00e9 des derni\u00e8res nouvelles mondiales dans les secteurs du transport, de la logistique et de la cha\u00eene d'approvisionnement. Transport Journal fournit des informations d'experts, des analyses et des mises \u00e0 jour sur le transport maritime, l'aviation, l'intermodalit\u00e9 et l'exp\u00e9dition. ","publisher":{"@id":"https:\/\/transportjournal.com\/fr\/#organization"},"potentialAction":[{"@type":"SearchAction","target":{"@type":"EntryPoint","urlTemplate":"https:\/\/transportjournal.com\/fr\/?s={search_term_string}"},"query-input":{"@type":"PropertyValueSpecification","valueRequired":true,"valueName":"search_term_string"}}],"inLanguage":"fr-FR"},{"@type":"Organization","@id":"https:\/\/transportjournal.com\/fr\/#organization","name":"Groupe Logismedia AG","alternateName":"Logismedia Group AG","url":"https:\/\/transportjournal.com\/fr\/","logo":{"@type":"ImageObject","inLanguage":"fr-FR","@id":"https:\/\/transportjournal.com\/fr\/#\/schema\/logo\/image\/","url":"https:\/\/transportjournal.com\/wp-content\/uploads\/sites\/2\/2025\/09\/Logo_ITJ.png","contentUrl":"https:\/\/transportjournal.com\/wp-content\/uploads\/sites\/2\/2025\/09\/Logo_ITJ.png","width":799,"height":326,"caption":"Groupe Logismedia AG"},"image":{"@id":"https:\/\/transportjournal.com\/fr\/#\/schema\/logo\/image\/"},"sameAs":["https:\/\/www.linkedin.com\/company\/56456496\/admin\/dashboard\/","https:\/\/www.instagram.com\/logismediagroup\/","https:\/\/www.youtube.com\/@LogiamediaGroupAG"]},{"@type":"Person","@id":"https:\/\/transportjournal.com\/fr\/#\/schema\/person\/cf538b3157f15afd7589245a4b3dbd25","name":"Andreas Haug","url":"https:\/\/transportjournal.com\/fr\/author\/andreas\/"}]}},"_links":{"self":[{"href":"https:\/\/transportjournal.com\/fr\/wp-json\/wp\/v2\/posts\/74465","targetHints":{"allow":["GET"]}}],"collection":[{"href":"https:\/\/transportjournal.com\/fr\/wp-json\/wp\/v2\/posts"}],"about":[{"href":"https:\/\/transportjournal.com\/fr\/wp-json\/wp\/v2\/types\/post"}],"author":[{"embeddable":true,"href":"https:\/\/transportjournal.com\/fr\/wp-json\/wp\/v2\/users\/12"}],"replies":[{"embeddable":true,"href":"https:\/\/transportjournal.com\/fr\/wp-json\/wp\/v2\/comments?post=74465"}],"version-history":[{"count":1,"href":"https:\/\/transportjournal.com\/fr\/wp-json\/wp\/v2\/posts\/74465\/revisions"}],"predecessor-version":[{"id":74654,"href":"https:\/\/transportjournal.com\/fr\/wp-json\/wp\/v2\/posts\/74465\/revisions\/74654"}],"wp:featuredmedia":[{"embeddable":true,"href":"https:\/\/transportjournal.com\/fr\/wp-json\/wp\/v2\/media\/74463"}],"wp:attachment":[{"href":"https:\/\/transportjournal.com\/fr\/wp-json\/wp\/v2\/media?parent=74465"}],"wp:term":[{"taxonomy":"category","embeddable":true,"href":"https:\/\/transportjournal.com\/fr\/wp-json\/wp\/v2\/categories?post=74465"},{"taxonomy":"post_tag","embeddable":true,"href":"https:\/\/transportjournal.com\/fr\/wp-json\/wp\/v2\/tags?post=74465"}],"curies":[{"name":"wp","href":"https:\/\/api.w.org\/{rel}","templated":true}]}}