{"id":74435,"date":"2026-01-26T15:51:26","date_gmt":"2026-01-26T15:51:26","guid":{"rendered":"https:\/\/transportjournal.com\/2026\/01\/26\/gol-fondateur-constantino-junior-decede\/"},"modified":"2026-01-26T15:51:26","modified_gmt":"2026-01-26T15:51:26","slug":"gol-fondateur-constantino-junior-decede","status":"publish","type":"post","link":"https:\/\/transportjournal.com\/fr\/2026\/01\/26\/gol-fondateur-constantino-junior-decede\/","title":{"rendered":"GOL-Fondateur Constantino Junior d\u00e9c\u00e9d\u00e9"},"content":{"rendered":"<p>La GOL Linhas A\u00e9reas Inteligentes S.A. a annonc\u00e9 que son fondateur et pr\u00e9sident du conseil d&#8217;administration, Constantino de Oliveira Junior, est d\u00e9c\u00e9d\u00e9 le 24 janvier 2026 \u00e0 l&#8217;\u00e2ge de 57 ans. Dans un communiqu\u00e9 aux actionnaires et au public, l&#8217;entreprise exprime son profond chagrin face \u00e0 cette perte.<\/p>\n<h3>Continuit\u00e9 de la direction de l&#8217;entreprise<\/h3>\n<p>Malgr\u00e9 cette perte, l&#8217;orientation op\u00e9rationnelle et strat\u00e9gique de la GOL reste inchang\u00e9e. La responsabilit\u00e9 de la direction de l&#8217;entreprise demeure entre les mains des directeurs et du conseil d&#8217;administration. Antonio Kandir, l&#8217;actuel vice-pr\u00e9sident du conseil d&#8217;administration, assumera temporairement le r\u00f4le de pr\u00e9sident. Kandir apporte plus de 20 ans d&#8217;exp\u00e9rience dans divers postes de direction au sein de l&#8217;entreprise.<\/p>\n<p>Le communiqu\u00e9 souligne que les activit\u00e9s quotidiennes de l&#8217;entreprise se poursuivront sans interruption.<\/p>\n<h3>Un h\u00e9ritage dans l&#8217;aviation<\/h3>\n<p>Constantino Junior et sa famille ont fond\u00e9 la GOL il y a 25 ans, qui s&#8217;est \u00e9tablie comme l&#8217;une des principales compagnies a\u00e9riennes du Br\u00e9sil. Sous sa direction, la compagnie a\u00e9rienne est devenue un symbole d&#8217;innovation et d&#8217;engagement dans le secteur a\u00e9rien br\u00e9silien. Junior est d\u00e9crit comme un leader visionnaire, dont l&#8217;int\u00e9grit\u00e9 et l&#8217;engagement ont marqu\u00e9 l&#8217;entreprise \u00e0 travers diverses phases de transformation.<\/p>\n<p>Au cours de son mandat, il a d\u00e9fendu une culture d&#8217;entreprise qui favorise l&#8217;excellence, la responsabilit\u00e9 et la cr\u00e9ation de valeur \u00e0 long terme pour les actionnaires, les employ\u00e9s, les clients et la communaut\u00e9. Sa vision strat\u00e9gique et sa capacit\u00e9 \u00e0 prendre des d\u00e9cisions sont tout autant reconnues que sa nature humaine et son engagement envers le d\u00e9veloppement de ses employ\u00e9s.<\/p>\n<p>La GOL Linhas A\u00e9reas est l&#8217;une des compagnies a\u00e9riennes les plus importantes du pays et fait partie du Grupo Abra. Depuis sa cr\u00e9ation en 2001, la compagnie a\u00e9rienne s&#8217;est distingu\u00e9e par ses faibles co\u00fbts d&#8217;exploitation et un large r\u00e9seau d&#8217;accords de partage de codes. Avec une flotte de 143 Boeing 737 et une \u00e9quipe de 14 700 professionnels hautement qualifi\u00e9s, la GOL accorde une importance particuli\u00e8re \u00e0 la s\u00e9curit\u00e9 et \u00e0 l&#8217;exp\u00e9rience client.<\/p>\n<p>&nbsp;<\/p>\n<p><a href=\"https:\/\/www.gollog.com.br\/\" target=\"_blank\" rel=\"noopener noreferrer\">www.gollog.com.br<\/a><\/p>\n<p>&nbsp;<\/p>\n","protected":false},"excerpt":{"rendered":"<p>La GOL Linhas A\u00e9reas Inteligentes S.A. pleure son fondateur Constantino de Oliveira Junior, d\u00e9c\u00e9d\u00e9 le 24 janvier 2026 \u00e0 l&rsquo;\u00e2ge de 57 ans.<\/p>\n","protected":false},"author":12,"featured_media":74433,"comment_status":"open","ping_status":"open","sticky":false,"template":"","format":"standard","meta":{"_acf_changed":false,"footnotes":""},"categories":[1590,1582,1579],"tags":[9537,9538,9539,9540,9541,9542,4370,9543,9544,9545,9546,9547,9548,9549,9550,5353,9551,9552,9553,9554,9555,9556,9557,9558,9559,8938,9560,9561,9562,9563,9564,9565,9566,9567,9568,4382,9569,9570,9571,9572,4390,9573,9574,9575,5379,9576,9577,9578,9579,9580,9581,9582,9583],"class_list":["post-74435","post","type-post","status-publish","format-standard","has-post-thumbnail","hentry","category-ameriques","category-fret-aerien","category-personnes-et-entreprises","tag-accords-de-partage-de-code","tag-air-transport-market-brazil","tag-airline-operating-costs","tag-airlines-south-america","tag-antonio-kandir","tag-aviation-industry-brazil","tag-aviation-innovation","tag-betriebskosten-fluggesellschaften","tag-brasilianische-fluggesellschaft","tag-brazilian-airline","tag-codeshare-agreements","tag-codeshare-vereinbarungen","tag-compagnie-aerienne-bresilienne","tag-compagnies-aeriennes-amerique-du-sud","tag-constantino-junior","tag-corporate-responsibility","tag-couts-dexploitation-des-compagnies-aeriennes","tag-creation-de-valeur-a-long-terme","tag-customer-experience-airlines","tag-deutsch-gol","tag-direction-gol","tag-excellence-en-aviation","tag-excellence-in-aviation","tag-experience-client-compagnies-aeriennes","tag-exzellenz-in-der-luftfahrt","tag-fachkraeftemangel-luftfahrt","tag-fluggesellschaften-suedamerika","tag-gol-corporate-strategy","tag-gol-geschichte","tag-gol-history","tag-gol-linhas-aereas","tag-gol-management","tag-grupo-abra","tag-histoire-de-gol","tag-industrie-aeronautique-bresil","tag-innovation-aeronautique","tag-kundenerlebnis-fluggesellschaften","tag-langfristige-wertschoepfung-english-gol","tag-long-term-value-creation-francais-gol","tag-luftfahrtbranche-brasilien","tag-luftfahrtinnovation","tag-luftverkehrsmarkt-brasilien","tag-marche-du-transport-aerien-bresil","tag-penurie-de-main-doeuvre-aeronautique","tag-responsabilite-dentreprise","tag-safety-in-aviation","tag-securite-en-aviation","tag-sicherheit-in-der-luftfahrt","tag-strategie-dentreprise-gol","tag-unternehmensfuehrung-gol","tag-unternehmensstrategie-gol","tag-verantwortung-in-unternehmen","tag-workforce-shortage-aviation"],"acf":[],"yoast_head":"<!-- This site is optimized with the Yoast SEO plugin v27.3 - https:\/\/yoast.com\/product\/yoast-seo-wordpress\/ -->\n<title>GOL-Fondateur Constantino Junior d\u00e9c\u00e9d\u00e9 - ITJ | International Transport Journal.<\/title>\n<meta name=\"robots\" content=\"index, follow, max-snippet:-1, max-image-preview:large, max-video-preview:-1\" \/>\n<link rel=\"canonical\" href=\"https:\/\/transportjournal.com\/fr\/2026\/01\/26\/gol-fondateur-constantino-junior-decede\/\" \/>\n<meta property=\"og:locale\" content=\"fr_FR\" \/>\n<meta property=\"og:type\" content=\"article\" \/>\n<meta property=\"og:title\" content=\"GOL-Fondateur Constantino Junior d\u00e9c\u00e9d\u00e9 - ITJ | International Transport Journal.\" \/>\n<meta property=\"og:description\" content=\"La GOL Linhas A\u00e9reas Inteligentes S.A. pleure son fondateur Constantino de Oliveira Junior, d\u00e9c\u00e9d\u00e9 le 24 janvier 2026 \u00e0 l&#039;\u00e2ge de 57 ans.\" \/>\n<meta property=\"og:url\" content=\"https:\/\/transportjournal.com\/fr\/2026\/01\/26\/gol-fondateur-constantino-junior-decede\/\" \/>\n<meta property=\"og:site_name\" content=\"ITJ | International Transport Journal\" \/>\n<meta property=\"article:published_time\" content=\"2026-01-26T15:51:26+00:00\" \/>\n<meta property=\"og:image\" content=\"https:\/\/transportjournal.com\/wp-content\/uploads\/sites\/2\/2026\/01\/GOL-1769257672035-aspect-ratio-1400-788.jpg\" \/>\n\t<meta property=\"og:image:width\" content=\"1280\" \/>\n\t<meta property=\"og:image:height\" content=\"720\" \/>\n\t<meta property=\"og:image:type\" content=\"image\/jpeg\" \/>\n<meta name=\"author\" content=\"Andreas Haug\" \/>\n<meta name=\"twitter:card\" content=\"summary_large_image\" \/>\n<meta name=\"twitter:label1\" content=\"\u00c9crit par\" \/>\n\t<meta name=\"twitter:data1\" content=\"Andreas Haug\" \/>\n\t<meta name=\"twitter:label2\" content=\"Dur\u00e9e de lecture estim\u00e9e\" \/>\n\t<meta name=\"twitter:data2\" content=\"2 minutes\" \/>\n<script type=\"application\/ld+json\" class=\"yoast-schema-graph\">{\"@context\":\"https:\\\/\\\/schema.org\",\"@graph\":[{\"@type\":\"Article\",\"@id\":\"https:\\\/\\\/transportjournal.com\\\/fr\\\/2026\\\/01\\\/26\\\/gol-fondateur-constantino-junior-decede\\\/#article\",\"isPartOf\":{\"@id\":\"https:\\\/\\\/transportjournal.com\\\/fr\\\/2026\\\/01\\\/26\\\/gol-fondateur-constantino-junior-decede\\\/\"},\"author\":{\"name\":\"Andreas Haug\",\"@id\":\"https:\\\/\\\/transportjournal.com\\\/fr\\\/#\\\/schema\\\/person\\\/cf538b3157f15afd7589245a4b3dbd25\"},\"headline\":\"GOL-Fondateur Constantino Junior d\u00e9c\u00e9d\u00e9\",\"datePublished\":\"2026-01-26T15:51:26+00:00\",\"mainEntityOfPage\":{\"@id\":\"https:\\\/\\\/transportjournal.com\\\/fr\\\/2026\\\/01\\\/26\\\/gol-fondateur-constantino-junior-decede\\\/\"},\"wordCount\":387,\"commentCount\":0,\"publisher\":{\"@id\":\"https:\\\/\\\/transportjournal.com\\\/fr\\\/#organization\"},\"image\":{\"@id\":\"https:\\\/\\\/transportjournal.com\\\/fr\\\/2026\\\/01\\\/26\\\/gol-fondateur-constantino-junior-decede\\\/#primaryimage\"},\"thumbnailUrl\":\"https:\\\/\\\/transportjournal.com\\\/wp-content\\\/uploads\\\/sites\\\/2\\\/2026\\\/01\\\/GOL-1769257672035-aspect-ratio-1400-788.jpg\",\"keywords\":[\"accords de partage de code\",\"air transport market Brazil\",\"airline operating costs\",\"airlines South America\",\"Antonio Kandir\",\"aviation industry Brazil\",\"aviation innovation\",\"Betriebskosten Fluggesellschaften\",\"brasilianische Fluggesellschaft\",\"Brazilian airline\",\"codeshare agreements\",\"Codeshare-Vereinbarungen\",\"compagnie a\u00e9rienne br\u00e9silienne\",\"compagnies a\u00e9riennes Am\u00e9rique du Sud\",\"Constantino Junior\",\"corporate responsibility\",\"co\u00fbts d'exploitation des compagnies a\u00e9riennes\",\"cr\u00e9ation de valeur \u00e0 long terme\",\"customer experience airlines\",\"Deutsch GOL\",\"direction GOL\",\"excellence en aviation\",\"excellence in aviation\",\"exp\u00e9rience client compagnies a\u00e9riennes\",\"Exzellenz in der Luftfahrt\",\"Fachkr\u00e4ftemangel Luftfahrt\",\"Fluggesellschaften S\u00fcdamerika\",\"GOL corporate strategy\",\"GOL Geschichte\",\"GOL history\",\"GOL Linhas A\u00e9reas\",\"GOL management\",\"Grupo Abra\",\"histoire de GOL\",\"industrie a\u00e9ronautique Br\u00e9sil\",\"innovation a\u00e9ronautique\",\"Kundenerlebnis Fluggesellschaften\",\"langfristige Wertsch\u00f6pfung English GOL\",\"long-term value creation Fran\u00e7ais GOL\",\"Luftfahrtbranche Brasilien\",\"Luftfahrtinnovation\",\"Luftverkehrsmarkt Brasilien\",\"march\u00e9 du transport a\u00e9rien Br\u00e9sil\",\"p\u00e9nurie de main-d'\u0153uvre a\u00e9ronautique\",\"responsabilit\u00e9 d'entreprise\",\"safety in aviation\",\"s\u00e9curit\u00e9 en aviation\",\"Sicherheit in der Luftfahrt\",\"strat\u00e9gie d'entreprise GOL\",\"Unternehmensf\u00fchrung GOL\",\"Unternehmensstrategie GOL\",\"Verantwortung in Unternehmen\",\"workforce shortage aviation\"],\"articleSection\":[\"Am\u00e9riques\",\"Fret a\u00e9rien\",\"Personnes et entreprises\"],\"inLanguage\":\"fr-FR\",\"potentialAction\":[{\"@type\":\"CommentAction\",\"name\":\"Comment\",\"target\":[\"https:\\\/\\\/transportjournal.com\\\/fr\\\/2026\\\/01\\\/26\\\/gol-fondateur-constantino-junior-decede\\\/#respond\"]}]},{\"@type\":\"WebPage\",\"@id\":\"https:\\\/\\\/transportjournal.com\\\/fr\\\/2026\\\/01\\\/26\\\/gol-fondateur-constantino-junior-decede\\\/\",\"url\":\"https:\\\/\\\/transportjournal.com\\\/fr\\\/2026\\\/01\\\/26\\\/gol-fondateur-constantino-junior-decede\\\/\",\"name\":\"GOL-Fondateur Constantino Junior d\u00e9c\u00e9d\u00e9 - ITJ | International Transport Journal.\",\"isPartOf\":{\"@id\":\"https:\\\/\\\/transportjournal.com\\\/fr\\\/#website\"},\"primaryImageOfPage\":{\"@id\":\"https:\\\/\\\/transportjournal.com\\\/fr\\\/2026\\\/01\\\/26\\\/gol-fondateur-constantino-junior-decede\\\/#primaryimage\"},\"image\":{\"@id\":\"https:\\\/\\\/transportjournal.com\\\/fr\\\/2026\\\/01\\\/26\\\/gol-fondateur-constantino-junior-decede\\\/#primaryimage\"},\"thumbnailUrl\":\"https:\\\/\\\/transportjournal.com\\\/wp-content\\\/uploads\\\/sites\\\/2\\\/2026\\\/01\\\/GOL-1769257672035-aspect-ratio-1400-788.jpg\",\"datePublished\":\"2026-01-26T15:51:26+00:00\",\"breadcrumb\":{\"@id\":\"https:\\\/\\\/transportjournal.com\\\/fr\\\/2026\\\/01\\\/26\\\/gol-fondateur-constantino-junior-decede\\\/#breadcrumb\"},\"inLanguage\":\"fr-FR\",\"potentialAction\":[{\"@type\":\"ReadAction\",\"target\":[\"https:\\\/\\\/transportjournal.com\\\/fr\\\/2026\\\/01\\\/26\\\/gol-fondateur-constantino-junior-decede\\\/\"]}]},{\"@type\":\"ImageObject\",\"inLanguage\":\"fr-FR\",\"@id\":\"https:\\\/\\\/transportjournal.com\\\/fr\\\/2026\\\/01\\\/26\\\/gol-fondateur-constantino-junior-decede\\\/#primaryimage\",\"url\":\"https:\\\/\\\/transportjournal.com\\\/wp-content\\\/uploads\\\/sites\\\/2\\\/2026\\\/01\\\/GOL-1769257672035-aspect-ratio-1400-788.jpg\",\"contentUrl\":\"https:\\\/\\\/transportjournal.com\\\/wp-content\\\/uploads\\\/sites\\\/2\\\/2026\\\/01\\\/GOL-1769257672035-aspect-ratio-1400-788.jpg\",\"width\":1280,\"height\":720},{\"@type\":\"BreadcrumbList\",\"@id\":\"https:\\\/\\\/transportjournal.com\\\/fr\\\/2026\\\/01\\\/26\\\/gol-fondateur-constantino-junior-decede\\\/#breadcrumb\",\"itemListElement\":[{\"@type\":\"ListItem\",\"position\":1,\"name\":\"Startseite\",\"item\":\"https:\\\/\\\/transportjournal.com\\\/fr\\\/\"},{\"@type\":\"ListItem\",\"position\":2,\"name\":\"GOL-Fondateur Constantino Junior d\u00e9c\u00e9d\u00e9\"}]},{\"@type\":\"WebSite\",\"@id\":\"https:\\\/\\\/transportjournal.com\\\/fr\\\/#website\",\"url\":\"https:\\\/\\\/transportjournal.com\\\/fr\\\/\",\"name\":\"ITJ | International Transport Journal\",\"description\":\"Restez inform\u00e9 des derni\u00e8res nouvelles mondiales dans les secteurs du transport, de la logistique et de la cha\u00eene d'approvisionnement. Transport Journal fournit des informations d'experts, des analyses et des mises \u00e0 jour sur le transport maritime, l'aviation, l'intermodalit\u00e9 et l'exp\u00e9dition. \",\"publisher\":{\"@id\":\"https:\\\/\\\/transportjournal.com\\\/fr\\\/#organization\"},\"potentialAction\":[{\"@type\":\"SearchAction\",\"target\":{\"@type\":\"EntryPoint\",\"urlTemplate\":\"https:\\\/\\\/transportjournal.com\\\/fr\\\/?s={search_term_string}\"},\"query-input\":{\"@type\":\"PropertyValueSpecification\",\"valueRequired\":true,\"valueName\":\"search_term_string\"}}],\"inLanguage\":\"fr-FR\"},{\"@type\":\"Organization\",\"@id\":\"https:\\\/\\\/transportjournal.com\\\/fr\\\/#organization\",\"name\":\"Groupe Logismedia AG\",\"alternateName\":\"Logismedia Group AG\",\"url\":\"https:\\\/\\\/transportjournal.com\\\/fr\\\/\",\"logo\":{\"@type\":\"ImageObject\",\"inLanguage\":\"fr-FR\",\"@id\":\"https:\\\/\\\/transportjournal.com\\\/fr\\\/#\\\/schema\\\/logo\\\/image\\\/\",\"url\":\"https:\\\/\\\/transportjournal.com\\\/wp-content\\\/uploads\\\/sites\\\/2\\\/2025\\\/09\\\/Logo_ITJ.png\",\"contentUrl\":\"https:\\\/\\\/transportjournal.com\\\/wp-content\\\/uploads\\\/sites\\\/2\\\/2025\\\/09\\\/Logo_ITJ.png\",\"width\":799,\"height\":326,\"caption\":\"Groupe Logismedia AG\"},\"image\":{\"@id\":\"https:\\\/\\\/transportjournal.com\\\/fr\\\/#\\\/schema\\\/logo\\\/image\\\/\"},\"sameAs\":[\"https:\\\/\\\/www.linkedin.com\\\/company\\\/56456496\\\/admin\\\/dashboard\\\/\",\"https:\\\/\\\/www.instagram.com\\\/logismediagroup\\\/\",\"https:\\\/\\\/www.youtube.com\\\/@LogiamediaGroupAG\"]},{\"@type\":\"Person\",\"@id\":\"https:\\\/\\\/transportjournal.com\\\/fr\\\/#\\\/schema\\\/person\\\/cf538b3157f15afd7589245a4b3dbd25\",\"name\":\"Andreas Haug\",\"url\":\"https:\\\/\\\/transportjournal.com\\\/fr\\\/author\\\/andreas\\\/\"}]}<\/script>\n<!-- \/ Yoast SEO plugin. -->","yoast_head_json":{"title":"GOL-Fondateur Constantino Junior d\u00e9c\u00e9d\u00e9 - ITJ | International Transport Journal.","robots":{"index":"index","follow":"follow","max-snippet":"max-snippet:-1","max-image-preview":"max-image-preview:large","max-video-preview":"max-video-preview:-1"},"canonical":"https:\/\/transportjournal.com\/fr\/2026\/01\/26\/gol-fondateur-constantino-junior-decede\/","og_locale":"fr_FR","og_type":"article","og_title":"GOL-Fondateur Constantino Junior d\u00e9c\u00e9d\u00e9 - ITJ | International Transport Journal.","og_description":"La GOL Linhas A\u00e9reas Inteligentes S.A. pleure son fondateur Constantino de Oliveira Junior, d\u00e9c\u00e9d\u00e9 le 24 janvier 2026 \u00e0 l'\u00e2ge de 57 ans.","og_url":"https:\/\/transportjournal.com\/fr\/2026\/01\/26\/gol-fondateur-constantino-junior-decede\/","og_site_name":"ITJ | International Transport Journal","article_published_time":"2026-01-26T15:51:26+00:00","og_image":[{"width":1280,"height":720,"url":"https:\/\/transportjournal.com\/wp-content\/uploads\/sites\/2\/2026\/01\/GOL-1769257672035-aspect-ratio-1400-788.jpg","type":"image\/jpeg"}],"author":"Andreas Haug","twitter_card":"summary_large_image","twitter_misc":{"\u00c9crit par":"Andreas Haug","Dur\u00e9e de lecture estim\u00e9e":"2 minutes"},"schema":{"@context":"https:\/\/schema.org","@graph":[{"@type":"Article","@id":"https:\/\/transportjournal.com\/fr\/2026\/01\/26\/gol-fondateur-constantino-junior-decede\/#article","isPartOf":{"@id":"https:\/\/transportjournal.com\/fr\/2026\/01\/26\/gol-fondateur-constantino-junior-decede\/"},"author":{"name":"Andreas Haug","@id":"https:\/\/transportjournal.com\/fr\/#\/schema\/person\/cf538b3157f15afd7589245a4b3dbd25"},"headline":"GOL-Fondateur Constantino Junior d\u00e9c\u00e9d\u00e9","datePublished":"2026-01-26T15:51:26+00:00","mainEntityOfPage":{"@id":"https:\/\/transportjournal.com\/fr\/2026\/01\/26\/gol-fondateur-constantino-junior-decede\/"},"wordCount":387,"commentCount":0,"publisher":{"@id":"https:\/\/transportjournal.com\/fr\/#organization"},"image":{"@id":"https:\/\/transportjournal.com\/fr\/2026\/01\/26\/gol-fondateur-constantino-junior-decede\/#primaryimage"},"thumbnailUrl":"https:\/\/transportjournal.com\/wp-content\/uploads\/sites\/2\/2026\/01\/GOL-1769257672035-aspect-ratio-1400-788.jpg","keywords":["accords de partage de code","air transport market Brazil","airline operating costs","airlines South America","Antonio Kandir","aviation industry Brazil","aviation innovation","Betriebskosten Fluggesellschaften","brasilianische Fluggesellschaft","Brazilian airline","codeshare agreements","Codeshare-Vereinbarungen","compagnie a\u00e9rienne br\u00e9silienne","compagnies a\u00e9riennes Am\u00e9rique du Sud","Constantino Junior","corporate responsibility","co\u00fbts d'exploitation des compagnies a\u00e9riennes","cr\u00e9ation de valeur \u00e0 long terme","customer experience airlines","Deutsch GOL","direction GOL","excellence en aviation","excellence in aviation","exp\u00e9rience client compagnies a\u00e9riennes","Exzellenz in der Luftfahrt","Fachkr\u00e4ftemangel Luftfahrt","Fluggesellschaften S\u00fcdamerika","GOL corporate strategy","GOL Geschichte","GOL history","GOL Linhas A\u00e9reas","GOL management","Grupo Abra","histoire de GOL","industrie a\u00e9ronautique Br\u00e9sil","innovation a\u00e9ronautique","Kundenerlebnis Fluggesellschaften","langfristige Wertsch\u00f6pfung English GOL","long-term value creation Fran\u00e7ais GOL","Luftfahrtbranche Brasilien","Luftfahrtinnovation","Luftverkehrsmarkt Brasilien","march\u00e9 du transport a\u00e9rien Br\u00e9sil","p\u00e9nurie de main-d'\u0153uvre a\u00e9ronautique","responsabilit\u00e9 d'entreprise","safety in aviation","s\u00e9curit\u00e9 en aviation","Sicherheit in der Luftfahrt","strat\u00e9gie d'entreprise GOL","Unternehmensf\u00fchrung GOL","Unternehmensstrategie GOL","Verantwortung in Unternehmen","workforce shortage aviation"],"articleSection":["Am\u00e9riques","Fret a\u00e9rien","Personnes et entreprises"],"inLanguage":"fr-FR","potentialAction":[{"@type":"CommentAction","name":"Comment","target":["https:\/\/transportjournal.com\/fr\/2026\/01\/26\/gol-fondateur-constantino-junior-decede\/#respond"]}]},{"@type":"WebPage","@id":"https:\/\/transportjournal.com\/fr\/2026\/01\/26\/gol-fondateur-constantino-junior-decede\/","url":"https:\/\/transportjournal.com\/fr\/2026\/01\/26\/gol-fondateur-constantino-junior-decede\/","name":"GOL-Fondateur Constantino Junior d\u00e9c\u00e9d\u00e9 - ITJ | International Transport Journal.","isPartOf":{"@id":"https:\/\/transportjournal.com\/fr\/#website"},"primaryImageOfPage":{"@id":"https:\/\/transportjournal.com\/fr\/2026\/01\/26\/gol-fondateur-constantino-junior-decede\/#primaryimage"},"image":{"@id":"https:\/\/transportjournal.com\/fr\/2026\/01\/26\/gol-fondateur-constantino-junior-decede\/#primaryimage"},"thumbnailUrl":"https:\/\/transportjournal.com\/wp-content\/uploads\/sites\/2\/2026\/01\/GOL-1769257672035-aspect-ratio-1400-788.jpg","datePublished":"2026-01-26T15:51:26+00:00","breadcrumb":{"@id":"https:\/\/transportjournal.com\/fr\/2026\/01\/26\/gol-fondateur-constantino-junior-decede\/#breadcrumb"},"inLanguage":"fr-FR","potentialAction":[{"@type":"ReadAction","target":["https:\/\/transportjournal.com\/fr\/2026\/01\/26\/gol-fondateur-constantino-junior-decede\/"]}]},{"@type":"ImageObject","inLanguage":"fr-FR","@id":"https:\/\/transportjournal.com\/fr\/2026\/01\/26\/gol-fondateur-constantino-junior-decede\/#primaryimage","url":"https:\/\/transportjournal.com\/wp-content\/uploads\/sites\/2\/2026\/01\/GOL-1769257672035-aspect-ratio-1400-788.jpg","contentUrl":"https:\/\/transportjournal.com\/wp-content\/uploads\/sites\/2\/2026\/01\/GOL-1769257672035-aspect-ratio-1400-788.jpg","width":1280,"height":720},{"@type":"BreadcrumbList","@id":"https:\/\/transportjournal.com\/fr\/2026\/01\/26\/gol-fondateur-constantino-junior-decede\/#breadcrumb","itemListElement":[{"@type":"ListItem","position":1,"name":"Startseite","item":"https:\/\/transportjournal.com\/fr\/"},{"@type":"ListItem","position":2,"name":"GOL-Fondateur Constantino Junior d\u00e9c\u00e9d\u00e9"}]},{"@type":"WebSite","@id":"https:\/\/transportjournal.com\/fr\/#website","url":"https:\/\/transportjournal.com\/fr\/","name":"ITJ | International Transport Journal","description":"Restez inform\u00e9 des derni\u00e8res nouvelles mondiales dans les secteurs du transport, de la logistique et de la cha\u00eene d'approvisionnement. Transport Journal fournit des informations d'experts, des analyses et des mises \u00e0 jour sur le transport maritime, l'aviation, l'intermodalit\u00e9 et l'exp\u00e9dition. ","publisher":{"@id":"https:\/\/transportjournal.com\/fr\/#organization"},"potentialAction":[{"@type":"SearchAction","target":{"@type":"EntryPoint","urlTemplate":"https:\/\/transportjournal.com\/fr\/?s={search_term_string}"},"query-input":{"@type":"PropertyValueSpecification","valueRequired":true,"valueName":"search_term_string"}}],"inLanguage":"fr-FR"},{"@type":"Organization","@id":"https:\/\/transportjournal.com\/fr\/#organization","name":"Groupe Logismedia AG","alternateName":"Logismedia Group AG","url":"https:\/\/transportjournal.com\/fr\/","logo":{"@type":"ImageObject","inLanguage":"fr-FR","@id":"https:\/\/transportjournal.com\/fr\/#\/schema\/logo\/image\/","url":"https:\/\/transportjournal.com\/wp-content\/uploads\/sites\/2\/2025\/09\/Logo_ITJ.png","contentUrl":"https:\/\/transportjournal.com\/wp-content\/uploads\/sites\/2\/2025\/09\/Logo_ITJ.png","width":799,"height":326,"caption":"Groupe Logismedia AG"},"image":{"@id":"https:\/\/transportjournal.com\/fr\/#\/schema\/logo\/image\/"},"sameAs":["https:\/\/www.linkedin.com\/company\/56456496\/admin\/dashboard\/","https:\/\/www.instagram.com\/logismediagroup\/","https:\/\/www.youtube.com\/@LogiamediaGroupAG"]},{"@type":"Person","@id":"https:\/\/transportjournal.com\/fr\/#\/schema\/person\/cf538b3157f15afd7589245a4b3dbd25","name":"Andreas Haug","url":"https:\/\/transportjournal.com\/fr\/author\/andreas\/"}]}},"_links":{"self":[{"href":"https:\/\/transportjournal.com\/fr\/wp-json\/wp\/v2\/posts\/74435","targetHints":{"allow":["GET"]}}],"collection":[{"href":"https:\/\/transportjournal.com\/fr\/wp-json\/wp\/v2\/posts"}],"about":[{"href":"https:\/\/transportjournal.com\/fr\/wp-json\/wp\/v2\/types\/post"}],"author":[{"embeddable":true,"href":"https:\/\/transportjournal.com\/fr\/wp-json\/wp\/v2\/users\/12"}],"replies":[{"embeddable":true,"href":"https:\/\/transportjournal.com\/fr\/wp-json\/wp\/v2\/comments?post=74435"}],"version-history":[{"count":0,"href":"https:\/\/transportjournal.com\/fr\/wp-json\/wp\/v2\/posts\/74435\/revisions"}],"wp:featuredmedia":[{"embeddable":true,"href":"https:\/\/transportjournal.com\/fr\/wp-json\/wp\/v2\/media\/74433"}],"wp:attachment":[{"href":"https:\/\/transportjournal.com\/fr\/wp-json\/wp\/v2\/media?parent=74435"}],"wp:term":[{"taxonomy":"category","embeddable":true,"href":"https:\/\/transportjournal.com\/fr\/wp-json\/wp\/v2\/categories?post=74435"},{"taxonomy":"post_tag","embeddable":true,"href":"https:\/\/transportjournal.com\/fr\/wp-json\/wp\/v2\/tags?post=74435"}],"curies":[{"name":"wp","href":"https:\/\/api.w.org\/{rel}","templated":true}]}}