{"id":74418,"date":"2026-01-26T14:24:24","date_gmt":"2026-01-26T14:24:24","guid":{"rendered":"https:\/\/transportjournal.com\/2026\/01\/26\/aerios-presente-un-module-dia-pour-les-offres-de-fret-aerien\/"},"modified":"2026-01-26T14:24:24","modified_gmt":"2026-01-26T14:24:24","slug":"aerios-presente-un-module-dia-pour-les-offres-de-fret-aerien","status":"publish","type":"post","link":"https:\/\/transportjournal.com\/fr\/2026\/01\/26\/aerios-presente-un-module-dia-pour-les-offres-de-fret-aerien\/","title":{"rendered":"Aerios pr\u00e9sente un module d&rsquo;IA pour les offres de fret a\u00e9rien"},"content":{"rendered":"<p>Aerios a pr\u00e9sent\u00e9 un nouveau module d&#8217;automatisation des offres de fret a\u00e9rien, bas\u00e9 sur l&#8217;intelligence artificielle. Ce module vise \u00e0 optimiser le processus de g\u00e9n\u00e9ration d&#8217;offres en r\u00e9duisant les erreurs de saisie manuelle, en \u00e9conomisant du temps et des co\u00fbts, et en cr\u00e9ant des offres plus coh\u00e9rentes.<\/p>\n<p>L&#8217;entreprise, qui d\u00e9veloppe des solutions logicielles pour l&#8217;industrie du fret a\u00e9rien et est membre de CargoTech, a annonc\u00e9 le lancement de son nouveau module. Ce module sera int\u00e9gr\u00e9 directement dans le flux de travail des ventes de fret a\u00e9rien, permettant aux fournisseurs de fret de r\u00e9pondre plus rapidement aux demandes critiques et riches en informations.<\/p>\n<h3>Optimisation du processus d&#8217;offre<\/h3>\n<p>Selon Aerios, les fournisseurs re\u00e7oivent plus de 90 % de leurs demandes de march\u00e9 par e-mail, les d\u00e9tails \u00e9tant souvent contenus dans des pi\u00e8ces jointes. Le traitement de ces demandes n\u00e9cessite une saisie manuelle des donn\u00e9es, la tarification pour diff\u00e9rentes options de routage et la cr\u00e9ation de plusieurs offres par demande. Cela entra\u00eene des retards et augmente le risque d&#8217;erreurs.<\/p>\n<p>Le nouveau module d&#8217;Aerios extrait des donn\u00e9es op\u00e9rationnelles cl\u00e9s \u00e0 partir de demandes de fret non structur\u00e9es dans divers formats et les convertit en donn\u00e9es structur\u00e9es pour permettre des flux de travail r\u00e9p\u00e9tables. Le syst\u00e8me peut g\u00e9n\u00e9rer automatiquement des options de routage bas\u00e9es sur le r\u00e9seau du fournisseur, en tenant compte des exigences de positionnement et des escales techniques. Il est capable de traiter des demandes avec plusieurs a\u00e9roports et peut cr\u00e9er chaque offre en quelques secondes. De plus, les informations sur le fret sont captur\u00e9es gr\u00e2ce \u00e0 la num\u00e9risation des listes de colisage, qui peuvent ensuite \u00eatre utilis\u00e9es pour la tarification, l&#8217;\u00e9valuation de la capacit\u00e9 de chargement et pour les op\u00e9rations en aval.<\/p>\n<p>En int\u00e9grant l&#8217;IA dans le flux de travail existant des \u00e9quipes de fret, le syst\u00e8me r\u00e9duit les erreurs de saisie et acc\u00e9l\u00e8re les temps de r\u00e9ponse. Le temps n\u00e9cessaire \u00e0 la cr\u00e9ation d&#8217;offres peut \u00eatre r\u00e9duit jusqu&#8217;\u00e0 80 %, ce qui repr\u00e9sente une am\u00e9lioration par rapport aux 66 % d\u00e9j\u00e0 atteints avec les fournisseurs existants.<\/p>\n<h3>Demande du march\u00e9 et utilisation<\/h3>\n<p>La demande pour cette solution se manifeste d\u00e9j\u00e0 dans la pratique, les clients utilisant le module d&#8217;automatisation pour des demandes r\u00e9elles. L&#8217;ann\u00e9e derni\u00e8re, les clients d&#8217;Aerios ont g\u00e9r\u00e9 plus de 1,5 milliard USD d&#8217;offres pour des vols charters, soulignant la fiabilit\u00e9 et la valeur commerciale de la plateforme.<\/p>\n<p>Le module utilise \u00e9galement des donn\u00e9es historiques d&#8217;offres et l&#8217;apprentissage automatique pour proposer des options de routage bas\u00e9es sur des demandes ant\u00e9rieures similaires. Cela permet aux nouveaux membres de l&#8217;\u00e9quipe ou \u00e0 ceux moins exp\u00e9riment\u00e9s de cr\u00e9er des offres plus rapidement et assure une plus grande coh\u00e9rence dans la cr\u00e9ation d&#8217;offres au sein d&#8217;\u00e9quipes plus grandes et d\u00e9centralis\u00e9es.<\/p>\n<p>Simon Watson, fondateur et PDG d&#8217;Aerios, a comment\u00e9 le lancement du module : \u00ab Le lancement du module d&#8217;automatisation et d&#8217;IA pour les fournisseurs r\u00e9sout un probl\u00e8me \u00e9vident auquel le march\u00e9 est confront\u00e9 quotidiennement. Il num\u00e9rise les donn\u00e9es de demande au sein de l&#8217;environnement Aerios, qui seront utilis\u00e9es dans nos prochains modules. \u00bb<\/p>\n<p>Aerios vise \u00e0 transformer la gestion et l&#8217;ex\u00e9cution des charters a\u00e9riens en fournissant un syst\u00e8me unifi\u00e9 et int\u00e9gr\u00e9. Les fournisseurs, courtiers ou professionnels du secteur des charters int\u00e9ress\u00e9s peuvent s&#8217;inscrire sur le site d&#8217;Aerios pour une d\u00e9monstration.<\/p>\n<p>&nbsp;<\/p>\n<p><a href=\"https:\/\/aerios.app\/\" target=\"_blank\" rel=\"noopener noreferrer\">www.aerios.app<\/a><\/p>\n<p>&nbsp;<\/p>\n","protected":false},"excerpt":{"rendered":"<p>Aerios a lanc\u00e9 un module bas\u00e9 sur l&rsquo;IA pour l&rsquo;automatisation des offres de charters de fret a\u00e9rien, qui optimise le processus d&rsquo;offre et augmente l&rsquo;efficacit\u00e9.<\/p>\n","protected":false},"author":12,"featured_media":74416,"comment_status":"open","ping_status":"open","sticky":false,"template":"","format":"standard","meta":{"_acf_changed":false,"footnotes":""},"categories":[1581,1582,1587],"tags":[9496,9497,2600,9498,3268,9499,9500,9501,2256,9502,9503,9504,9505,9506,9507,9508,9509,9510,9511,9512,9513,2265,2115,3275,9514,9515,9516,9517,9518,9519,9520,2125,9521,2619,3521,2520,9522,2281,3872,9523,9524,9525,9526,9527,9528,9529,3379,9530,9531,9532,9533,9534,9535,9536,2155,1837],"class_list":["post-74418","post","type-post","status-publish","format-standard","has-post-thumbnail","hentry","category-expedition-et-logistique","category-fret-aerien","category-leurope","tag-aerios","tag-ai-module","tag-air-freight-infrastructure","tag-air-freight-offers","tag-amelioration-de-lefficacite-logistique","tag-angebotserstellung-automatisieren","tag-angebotsprozess-optimieren","tag-apprentissage-automatique","tag-artificial-intelligence-in-logistics","tag-automate-quotation-creation","tag-automation-air-freight","tag-automatisation-fret-aerien","tag-automatiser-la-creation-de-devis","tag-automatisierung-luftfracht","tag-charter-de-fret","tag-charter-providers","tag-charter-requests","tag-charteranbieter","tag-charteranfragen","tag-demandes-de-charter","tag-demandes-de-marche-par-e-mail","tag-deutsch-luftfracht","tag-digitalisierung-in-der-logistik","tag-effizienzsteigerung-logistik","tag-error-reduction","tag-fehlerreduktion","tag-fournisseurs-de-charter","tag-frachtcharter-english-air-freight","tag-frachtinformationen","tag-freight-charter-francais-fret-aerien","tag-freight-information","tag-industrie-du-transport","tag-informations-sur-le-fret","tag-infrastructure-fret-aerien","tag-infrastruktur-luftfracht","tag-intelligence-artificielle-dans-la-logistique","tag-ki-modul","tag-kuenstliche-intelligenz-in-der-logistik","tag-logistics-digitalization","tag-logistics-efficiency-improvement","tag-luftfrachtangebote","tag-machine-learning","tag-market-inquiries-via-email","tag-marktanfragen-per-e-mail","tag-maschinelles-lernen","tag-module-ia","tag-numerisation-logistique","tag-offres-de-fret-aerien","tag-optimiser-le-processus-de-devis","tag-optimize-quotation-process","tag-reduction-des-erreurs","tag-software-solutions-air-freight","tag-softwareloesungen-luftfracht","tag-solutions-logicielles-fret-aerien","tag-transport-industry","tag-transportwirtschaft"],"acf":[],"yoast_head":"<!-- This site is optimized with the Yoast SEO plugin v27.3 - https:\/\/yoast.com\/product\/yoast-seo-wordpress\/ -->\n<title>Aerios pr\u00e9sente un module d&#039;IA pour les offres de fret a\u00e9rien - ITJ | International Transport Journal.<\/title>\n<meta name=\"robots\" content=\"index, follow, max-snippet:-1, max-image-preview:large, max-video-preview:-1\" \/>\n<link rel=\"canonical\" href=\"https:\/\/transportjournal.com\/fr\/2026\/01\/26\/aerios-presente-un-module-dia-pour-les-offres-de-fret-aerien\/\" \/>\n<meta property=\"og:locale\" content=\"fr_FR\" \/>\n<meta property=\"og:type\" content=\"article\" \/>\n<meta property=\"og:title\" content=\"Aerios pr\u00e9sente un module d&#039;IA pour les offres de fret a\u00e9rien - ITJ | International Transport Journal.\" \/>\n<meta property=\"og:description\" content=\"Aerios a lanc\u00e9 un module bas\u00e9 sur l&#039;IA pour l&#039;automatisation des offres de charters de fret a\u00e9rien, qui optimise le processus d&#039;offre et augmente l&#039;efficacit\u00e9.\" \/>\n<meta property=\"og:url\" content=\"https:\/\/transportjournal.com\/fr\/2026\/01\/26\/aerios-presente-un-module-dia-pour-les-offres-de-fret-aerien\/\" \/>\n<meta property=\"og:site_name\" content=\"ITJ | International Transport Journal\" \/>\n<meta property=\"article:published_time\" content=\"2026-01-26T14:24:24+00:00\" \/>\n<meta property=\"og:image\" content=\"https:\/\/transportjournal.com\/wp-content\/uploads\/sites\/2\/2026\/01\/Aerios-Automation-Module-Image-1-scaled-1.jpg\" \/>\n\t<meta property=\"og:image:width\" content=\"2560\" \/>\n\t<meta property=\"og:image:height\" content=\"1439\" \/>\n\t<meta property=\"og:image:type\" content=\"image\/jpeg\" \/>\n<meta name=\"author\" content=\"Andreas Haug\" \/>\n<meta name=\"twitter:card\" content=\"summary_large_image\" \/>\n<meta name=\"twitter:label1\" content=\"\u00c9crit par\" \/>\n\t<meta name=\"twitter:data1\" content=\"Andreas Haug\" \/>\n\t<meta name=\"twitter:label2\" content=\"Dur\u00e9e de lecture estim\u00e9e\" \/>\n\t<meta name=\"twitter:data2\" content=\"3 minutes\" \/>\n<script type=\"application\/ld+json\" class=\"yoast-schema-graph\">{\"@context\":\"https:\\\/\\\/schema.org\",\"@graph\":[{\"@type\":\"Article\",\"@id\":\"https:\\\/\\\/transportjournal.com\\\/fr\\\/2026\\\/01\\\/26\\\/aerios-presente-un-module-dia-pour-les-offres-de-fret-aerien\\\/#article\",\"isPartOf\":{\"@id\":\"https:\\\/\\\/transportjournal.com\\\/fr\\\/2026\\\/01\\\/26\\\/aerios-presente-un-module-dia-pour-les-offres-de-fret-aerien\\\/\"},\"author\":{\"name\":\"Andreas Haug\",\"@id\":\"https:\\\/\\\/transportjournal.com\\\/fr\\\/#\\\/schema\\\/person\\\/cf538b3157f15afd7589245a4b3dbd25\"},\"headline\":\"Aerios pr\u00e9sente un module d&rsquo;IA pour les offres de fret a\u00e9rien\",\"datePublished\":\"2026-01-26T14:24:24+00:00\",\"mainEntityOfPage\":{\"@id\":\"https:\\\/\\\/transportjournal.com\\\/fr\\\/2026\\\/01\\\/26\\\/aerios-presente-un-module-dia-pour-les-offres-de-fret-aerien\\\/\"},\"wordCount\":646,\"commentCount\":0,\"publisher\":{\"@id\":\"https:\\\/\\\/transportjournal.com\\\/fr\\\/#organization\"},\"image\":{\"@id\":\"https:\\\/\\\/transportjournal.com\\\/fr\\\/2026\\\/01\\\/26\\\/aerios-presente-un-module-dia-pour-les-offres-de-fret-aerien\\\/#primaryimage\"},\"thumbnailUrl\":\"https:\\\/\\\/transportjournal.com\\\/wp-content\\\/uploads\\\/sites\\\/2\\\/2026\\\/01\\\/Aerios-Automation-Module-Image-1-scaled-1.jpg\",\"keywords\":[\"Aerios\",\"AI module\",\"air freight infrastructure\",\"air freight offers\",\"am\u00e9lioration de l'efficacit\u00e9 logistique\",\"Angebotserstellung automatisieren\",\"Angebotsprozess optimieren\",\"apprentissage automatique\",\"artificial intelligence in logistics\",\"automate quotation creation\",\"automation air freight\",\"automatisation fret a\u00e9rien\",\"automatiser la cr\u00e9ation de devis\",\"Automatisierung Luftfracht\",\"charter de fret\",\"charter providers\",\"charter requests\",\"Charteranbieter\",\"Charteranfragen\",\"demandes de charter\",\"demandes de march\u00e9 par e-mail\",\"Deutsch Luftfracht\",\"Digitalisierung in der Logistik\",\"Effizienzsteigerung Logistik\",\"error reduction\",\"Fehlerreduktion\",\"fournisseurs de charter\",\"Frachtcharter English air freight\",\"Frachtinformationen\",\"freight charter Fran\u00e7ais fret a\u00e9rien\",\"freight information\",\"industrie du transport\",\"informations sur le fret\",\"infrastructure fret a\u00e9rien\",\"Infrastruktur Luftfracht\",\"intelligence artificielle dans la logistique\",\"KI-Modul\",\"k\u00fcnstliche Intelligenz in der Logistik\",\"logistics digitalization\",\"logistics efficiency improvement\",\"Luftfrachtangebote\",\"machine learning\",\"market inquiries via email\",\"Marktanfragen per E-Mail\",\"maschinelles Lernen\",\"module IA\",\"num\u00e9risation logistique\",\"offres de fret a\u00e9rien\",\"optimiser le processus de devis\",\"optimize quotation process\",\"r\u00e9duction des erreurs\",\"software solutions air freight\",\"Softwarel\u00f6sungen Luftfracht\",\"solutions logicielles fret a\u00e9rien\",\"transport industry\",\"Transportwirtschaft\"],\"articleSection\":[\"Exp\u00e9dition de fret et logistique\",\"Fret a\u00e9rien\",\"L'Europe\"],\"inLanguage\":\"fr-FR\",\"potentialAction\":[{\"@type\":\"CommentAction\",\"name\":\"Comment\",\"target\":[\"https:\\\/\\\/transportjournal.com\\\/fr\\\/2026\\\/01\\\/26\\\/aerios-presente-un-module-dia-pour-les-offres-de-fret-aerien\\\/#respond\"]}]},{\"@type\":\"WebPage\",\"@id\":\"https:\\\/\\\/transportjournal.com\\\/fr\\\/2026\\\/01\\\/26\\\/aerios-presente-un-module-dia-pour-les-offres-de-fret-aerien\\\/\",\"url\":\"https:\\\/\\\/transportjournal.com\\\/fr\\\/2026\\\/01\\\/26\\\/aerios-presente-un-module-dia-pour-les-offres-de-fret-aerien\\\/\",\"name\":\"Aerios pr\u00e9sente un module d'IA pour les offres de fret a\u00e9rien - ITJ | International Transport Journal.\",\"isPartOf\":{\"@id\":\"https:\\\/\\\/transportjournal.com\\\/fr\\\/#website\"},\"primaryImageOfPage\":{\"@id\":\"https:\\\/\\\/transportjournal.com\\\/fr\\\/2026\\\/01\\\/26\\\/aerios-presente-un-module-dia-pour-les-offres-de-fret-aerien\\\/#primaryimage\"},\"image\":{\"@id\":\"https:\\\/\\\/transportjournal.com\\\/fr\\\/2026\\\/01\\\/26\\\/aerios-presente-un-module-dia-pour-les-offres-de-fret-aerien\\\/#primaryimage\"},\"thumbnailUrl\":\"https:\\\/\\\/transportjournal.com\\\/wp-content\\\/uploads\\\/sites\\\/2\\\/2026\\\/01\\\/Aerios-Automation-Module-Image-1-scaled-1.jpg\",\"datePublished\":\"2026-01-26T14:24:24+00:00\",\"breadcrumb\":{\"@id\":\"https:\\\/\\\/transportjournal.com\\\/fr\\\/2026\\\/01\\\/26\\\/aerios-presente-un-module-dia-pour-les-offres-de-fret-aerien\\\/#breadcrumb\"},\"inLanguage\":\"fr-FR\",\"potentialAction\":[{\"@type\":\"ReadAction\",\"target\":[\"https:\\\/\\\/transportjournal.com\\\/fr\\\/2026\\\/01\\\/26\\\/aerios-presente-un-module-dia-pour-les-offres-de-fret-aerien\\\/\"]}]},{\"@type\":\"ImageObject\",\"inLanguage\":\"fr-FR\",\"@id\":\"https:\\\/\\\/transportjournal.com\\\/fr\\\/2026\\\/01\\\/26\\\/aerios-presente-un-module-dia-pour-les-offres-de-fret-aerien\\\/#primaryimage\",\"url\":\"https:\\\/\\\/transportjournal.com\\\/wp-content\\\/uploads\\\/sites\\\/2\\\/2026\\\/01\\\/Aerios-Automation-Module-Image-1-scaled-1.jpg\",\"contentUrl\":\"https:\\\/\\\/transportjournal.com\\\/wp-content\\\/uploads\\\/sites\\\/2\\\/2026\\\/01\\\/Aerios-Automation-Module-Image-1-scaled-1.jpg\",\"width\":2560,\"height\":1439},{\"@type\":\"BreadcrumbList\",\"@id\":\"https:\\\/\\\/transportjournal.com\\\/fr\\\/2026\\\/01\\\/26\\\/aerios-presente-un-module-dia-pour-les-offres-de-fret-aerien\\\/#breadcrumb\",\"itemListElement\":[{\"@type\":\"ListItem\",\"position\":1,\"name\":\"Startseite\",\"item\":\"https:\\\/\\\/transportjournal.com\\\/fr\\\/\"},{\"@type\":\"ListItem\",\"position\":2,\"name\":\"Aerios pr\u00e9sente un module d&rsquo;IA pour les offres de fret a\u00e9rien\"}]},{\"@type\":\"WebSite\",\"@id\":\"https:\\\/\\\/transportjournal.com\\\/fr\\\/#website\",\"url\":\"https:\\\/\\\/transportjournal.com\\\/fr\\\/\",\"name\":\"ITJ | International Transport Journal\",\"description\":\"Restez inform\u00e9 des derni\u00e8res nouvelles mondiales dans les secteurs du transport, de la logistique et de la cha\u00eene d'approvisionnement. Transport Journal fournit des informations d'experts, des analyses et des mises \u00e0 jour sur le transport maritime, l'aviation, l'intermodalit\u00e9 et l'exp\u00e9dition. \",\"publisher\":{\"@id\":\"https:\\\/\\\/transportjournal.com\\\/fr\\\/#organization\"},\"potentialAction\":[{\"@type\":\"SearchAction\",\"target\":{\"@type\":\"EntryPoint\",\"urlTemplate\":\"https:\\\/\\\/transportjournal.com\\\/fr\\\/?s={search_term_string}\"},\"query-input\":{\"@type\":\"PropertyValueSpecification\",\"valueRequired\":true,\"valueName\":\"search_term_string\"}}],\"inLanguage\":\"fr-FR\"},{\"@type\":\"Organization\",\"@id\":\"https:\\\/\\\/transportjournal.com\\\/fr\\\/#organization\",\"name\":\"Groupe Logismedia AG\",\"alternateName\":\"Logismedia Group AG\",\"url\":\"https:\\\/\\\/transportjournal.com\\\/fr\\\/\",\"logo\":{\"@type\":\"ImageObject\",\"inLanguage\":\"fr-FR\",\"@id\":\"https:\\\/\\\/transportjournal.com\\\/fr\\\/#\\\/schema\\\/logo\\\/image\\\/\",\"url\":\"https:\\\/\\\/transportjournal.com\\\/wp-content\\\/uploads\\\/sites\\\/2\\\/2025\\\/09\\\/Logo_ITJ.png\",\"contentUrl\":\"https:\\\/\\\/transportjournal.com\\\/wp-content\\\/uploads\\\/sites\\\/2\\\/2025\\\/09\\\/Logo_ITJ.png\",\"width\":799,\"height\":326,\"caption\":\"Groupe Logismedia AG\"},\"image\":{\"@id\":\"https:\\\/\\\/transportjournal.com\\\/fr\\\/#\\\/schema\\\/logo\\\/image\\\/\"},\"sameAs\":[\"https:\\\/\\\/www.linkedin.com\\\/company\\\/56456496\\\/admin\\\/dashboard\\\/\",\"https:\\\/\\\/www.instagram.com\\\/logismediagroup\\\/\",\"https:\\\/\\\/www.youtube.com\\\/@LogiamediaGroupAG\"]},{\"@type\":\"Person\",\"@id\":\"https:\\\/\\\/transportjournal.com\\\/fr\\\/#\\\/schema\\\/person\\\/cf538b3157f15afd7589245a4b3dbd25\",\"name\":\"Andreas Haug\",\"url\":\"https:\\\/\\\/transportjournal.com\\\/fr\\\/author\\\/andreas\\\/\"}]}<\/script>\n<!-- \/ Yoast SEO plugin. -->","yoast_head_json":{"title":"Aerios pr\u00e9sente un module d'IA pour les offres de fret a\u00e9rien - ITJ | International Transport Journal.","robots":{"index":"index","follow":"follow","max-snippet":"max-snippet:-1","max-image-preview":"max-image-preview:large","max-video-preview":"max-video-preview:-1"},"canonical":"https:\/\/transportjournal.com\/fr\/2026\/01\/26\/aerios-presente-un-module-dia-pour-les-offres-de-fret-aerien\/","og_locale":"fr_FR","og_type":"article","og_title":"Aerios pr\u00e9sente un module d'IA pour les offres de fret a\u00e9rien - ITJ | International Transport Journal.","og_description":"Aerios a lanc\u00e9 un module bas\u00e9 sur l'IA pour l'automatisation des offres de charters de fret a\u00e9rien, qui optimise le processus d'offre et augmente l'efficacit\u00e9.","og_url":"https:\/\/transportjournal.com\/fr\/2026\/01\/26\/aerios-presente-un-module-dia-pour-les-offres-de-fret-aerien\/","og_site_name":"ITJ | International Transport Journal","article_published_time":"2026-01-26T14:24:24+00:00","og_image":[{"width":2560,"height":1439,"url":"https:\/\/transportjournal.com\/wp-content\/uploads\/sites\/2\/2026\/01\/Aerios-Automation-Module-Image-1-scaled-1.jpg","type":"image\/jpeg"}],"author":"Andreas Haug","twitter_card":"summary_large_image","twitter_misc":{"\u00c9crit par":"Andreas Haug","Dur\u00e9e de lecture estim\u00e9e":"3 minutes"},"schema":{"@context":"https:\/\/schema.org","@graph":[{"@type":"Article","@id":"https:\/\/transportjournal.com\/fr\/2026\/01\/26\/aerios-presente-un-module-dia-pour-les-offres-de-fret-aerien\/#article","isPartOf":{"@id":"https:\/\/transportjournal.com\/fr\/2026\/01\/26\/aerios-presente-un-module-dia-pour-les-offres-de-fret-aerien\/"},"author":{"name":"Andreas Haug","@id":"https:\/\/transportjournal.com\/fr\/#\/schema\/person\/cf538b3157f15afd7589245a4b3dbd25"},"headline":"Aerios pr\u00e9sente un module d&rsquo;IA pour les offres de fret a\u00e9rien","datePublished":"2026-01-26T14:24:24+00:00","mainEntityOfPage":{"@id":"https:\/\/transportjournal.com\/fr\/2026\/01\/26\/aerios-presente-un-module-dia-pour-les-offres-de-fret-aerien\/"},"wordCount":646,"commentCount":0,"publisher":{"@id":"https:\/\/transportjournal.com\/fr\/#organization"},"image":{"@id":"https:\/\/transportjournal.com\/fr\/2026\/01\/26\/aerios-presente-un-module-dia-pour-les-offres-de-fret-aerien\/#primaryimage"},"thumbnailUrl":"https:\/\/transportjournal.com\/wp-content\/uploads\/sites\/2\/2026\/01\/Aerios-Automation-Module-Image-1-scaled-1.jpg","keywords":["Aerios","AI module","air freight infrastructure","air freight offers","am\u00e9lioration de l'efficacit\u00e9 logistique","Angebotserstellung automatisieren","Angebotsprozess optimieren","apprentissage automatique","artificial intelligence in logistics","automate quotation creation","automation air freight","automatisation fret a\u00e9rien","automatiser la cr\u00e9ation de devis","Automatisierung Luftfracht","charter de fret","charter providers","charter requests","Charteranbieter","Charteranfragen","demandes de charter","demandes de march\u00e9 par e-mail","Deutsch Luftfracht","Digitalisierung in der Logistik","Effizienzsteigerung Logistik","error reduction","Fehlerreduktion","fournisseurs de charter","Frachtcharter English air freight","Frachtinformationen","freight charter Fran\u00e7ais fret a\u00e9rien","freight information","industrie du transport","informations sur le fret","infrastructure fret a\u00e9rien","Infrastruktur Luftfracht","intelligence artificielle dans la logistique","KI-Modul","k\u00fcnstliche Intelligenz in der Logistik","logistics digitalization","logistics efficiency improvement","Luftfrachtangebote","machine learning","market inquiries via email","Marktanfragen per E-Mail","maschinelles Lernen","module IA","num\u00e9risation logistique","offres de fret a\u00e9rien","optimiser le processus de devis","optimize quotation process","r\u00e9duction des erreurs","software solutions air freight","Softwarel\u00f6sungen Luftfracht","solutions logicielles fret a\u00e9rien","transport industry","Transportwirtschaft"],"articleSection":["Exp\u00e9dition de fret et logistique","Fret a\u00e9rien","L'Europe"],"inLanguage":"fr-FR","potentialAction":[{"@type":"CommentAction","name":"Comment","target":["https:\/\/transportjournal.com\/fr\/2026\/01\/26\/aerios-presente-un-module-dia-pour-les-offres-de-fret-aerien\/#respond"]}]},{"@type":"WebPage","@id":"https:\/\/transportjournal.com\/fr\/2026\/01\/26\/aerios-presente-un-module-dia-pour-les-offres-de-fret-aerien\/","url":"https:\/\/transportjournal.com\/fr\/2026\/01\/26\/aerios-presente-un-module-dia-pour-les-offres-de-fret-aerien\/","name":"Aerios pr\u00e9sente un module d'IA pour les offres de fret a\u00e9rien - ITJ | International Transport Journal.","isPartOf":{"@id":"https:\/\/transportjournal.com\/fr\/#website"},"primaryImageOfPage":{"@id":"https:\/\/transportjournal.com\/fr\/2026\/01\/26\/aerios-presente-un-module-dia-pour-les-offres-de-fret-aerien\/#primaryimage"},"image":{"@id":"https:\/\/transportjournal.com\/fr\/2026\/01\/26\/aerios-presente-un-module-dia-pour-les-offres-de-fret-aerien\/#primaryimage"},"thumbnailUrl":"https:\/\/transportjournal.com\/wp-content\/uploads\/sites\/2\/2026\/01\/Aerios-Automation-Module-Image-1-scaled-1.jpg","datePublished":"2026-01-26T14:24:24+00:00","breadcrumb":{"@id":"https:\/\/transportjournal.com\/fr\/2026\/01\/26\/aerios-presente-un-module-dia-pour-les-offres-de-fret-aerien\/#breadcrumb"},"inLanguage":"fr-FR","potentialAction":[{"@type":"ReadAction","target":["https:\/\/transportjournal.com\/fr\/2026\/01\/26\/aerios-presente-un-module-dia-pour-les-offres-de-fret-aerien\/"]}]},{"@type":"ImageObject","inLanguage":"fr-FR","@id":"https:\/\/transportjournal.com\/fr\/2026\/01\/26\/aerios-presente-un-module-dia-pour-les-offres-de-fret-aerien\/#primaryimage","url":"https:\/\/transportjournal.com\/wp-content\/uploads\/sites\/2\/2026\/01\/Aerios-Automation-Module-Image-1-scaled-1.jpg","contentUrl":"https:\/\/transportjournal.com\/wp-content\/uploads\/sites\/2\/2026\/01\/Aerios-Automation-Module-Image-1-scaled-1.jpg","width":2560,"height":1439},{"@type":"BreadcrumbList","@id":"https:\/\/transportjournal.com\/fr\/2026\/01\/26\/aerios-presente-un-module-dia-pour-les-offres-de-fret-aerien\/#breadcrumb","itemListElement":[{"@type":"ListItem","position":1,"name":"Startseite","item":"https:\/\/transportjournal.com\/fr\/"},{"@type":"ListItem","position":2,"name":"Aerios pr\u00e9sente un module d&rsquo;IA pour les offres de fret a\u00e9rien"}]},{"@type":"WebSite","@id":"https:\/\/transportjournal.com\/fr\/#website","url":"https:\/\/transportjournal.com\/fr\/","name":"ITJ | International Transport Journal","description":"Restez inform\u00e9 des derni\u00e8res nouvelles mondiales dans les secteurs du transport, de la logistique et de la cha\u00eene d'approvisionnement. Transport Journal fournit des informations d'experts, des analyses et des mises \u00e0 jour sur le transport maritime, l'aviation, l'intermodalit\u00e9 et l'exp\u00e9dition. ","publisher":{"@id":"https:\/\/transportjournal.com\/fr\/#organization"},"potentialAction":[{"@type":"SearchAction","target":{"@type":"EntryPoint","urlTemplate":"https:\/\/transportjournal.com\/fr\/?s={search_term_string}"},"query-input":{"@type":"PropertyValueSpecification","valueRequired":true,"valueName":"search_term_string"}}],"inLanguage":"fr-FR"},{"@type":"Organization","@id":"https:\/\/transportjournal.com\/fr\/#organization","name":"Groupe Logismedia AG","alternateName":"Logismedia Group AG","url":"https:\/\/transportjournal.com\/fr\/","logo":{"@type":"ImageObject","inLanguage":"fr-FR","@id":"https:\/\/transportjournal.com\/fr\/#\/schema\/logo\/image\/","url":"https:\/\/transportjournal.com\/wp-content\/uploads\/sites\/2\/2025\/09\/Logo_ITJ.png","contentUrl":"https:\/\/transportjournal.com\/wp-content\/uploads\/sites\/2\/2025\/09\/Logo_ITJ.png","width":799,"height":326,"caption":"Groupe Logismedia AG"},"image":{"@id":"https:\/\/transportjournal.com\/fr\/#\/schema\/logo\/image\/"},"sameAs":["https:\/\/www.linkedin.com\/company\/56456496\/admin\/dashboard\/","https:\/\/www.instagram.com\/logismediagroup\/","https:\/\/www.youtube.com\/@LogiamediaGroupAG"]},{"@type":"Person","@id":"https:\/\/transportjournal.com\/fr\/#\/schema\/person\/cf538b3157f15afd7589245a4b3dbd25","name":"Andreas Haug","url":"https:\/\/transportjournal.com\/fr\/author\/andreas\/"}]}},"_links":{"self":[{"href":"https:\/\/transportjournal.com\/fr\/wp-json\/wp\/v2\/posts\/74418","targetHints":{"allow":["GET"]}}],"collection":[{"href":"https:\/\/transportjournal.com\/fr\/wp-json\/wp\/v2\/posts"}],"about":[{"href":"https:\/\/transportjournal.com\/fr\/wp-json\/wp\/v2\/types\/post"}],"author":[{"embeddable":true,"href":"https:\/\/transportjournal.com\/fr\/wp-json\/wp\/v2\/users\/12"}],"replies":[{"embeddable":true,"href":"https:\/\/transportjournal.com\/fr\/wp-json\/wp\/v2\/comments?post=74418"}],"version-history":[{"count":0,"href":"https:\/\/transportjournal.com\/fr\/wp-json\/wp\/v2\/posts\/74418\/revisions"}],"wp:featuredmedia":[{"embeddable":true,"href":"https:\/\/transportjournal.com\/fr\/wp-json\/wp\/v2\/media\/74416"}],"wp:attachment":[{"href":"https:\/\/transportjournal.com\/fr\/wp-json\/wp\/v2\/media?parent=74418"}],"wp:term":[{"taxonomy":"category","embeddable":true,"href":"https:\/\/transportjournal.com\/fr\/wp-json\/wp\/v2\/categories?post=74418"},{"taxonomy":"post_tag","embeddable":true,"href":"https:\/\/transportjournal.com\/fr\/wp-json\/wp\/v2\/tags?post=74418"}],"curies":[{"name":"wp","href":"https:\/\/api.w.org\/{rel}","templated":true}]}}