{"id":74410,"date":"2026-01-26T13:29:15","date_gmt":"2026-01-26T13:29:15","guid":{"rendered":"https:\/\/transportjournal.com\/2026\/01\/26\/leschaco-nomme-emile-goossens-au-poste-de-cfo\/"},"modified":"2026-01-26T13:29:15","modified_gmt":"2026-01-26T13:29:15","slug":"leschaco-nomme-emile-goossens-au-poste-de-cfo","status":"publish","type":"post","link":"https:\/\/transportjournal.com\/fr\/2026\/01\/26\/leschaco-nomme-emile-goossens-au-poste-de-cfo\/","title":{"rendered":"Leschaco nomme Emile Goossens au poste de CFO"},"content":{"rendered":"<p>Leschaco a nomm\u00e9 Emile Goossens au poste de Chief Financial Officer (CFO) \u00e0 compter du 1er avril 2026. Il succ\u00e8de \u00e0 Lutz Weber, qui mettra fin \u00e0 son mandat int\u00e9rimaire fin 2025 apr\u00e8s avoir soutenu avec succ\u00e8s l&#8217;entreprise dans une phase de transformation importante.<\/p>\n<p>Emile Goossens apporte plus de 30 ans d&#8217;exp\u00e9rience internationale dans le secteur de la logistique. Derni\u00e8rement, il \u00e9tait CFO pour la Belgique, les Pays-Bas et le Luxembourg chez DB Schenker, o\u00f9 il dirigeait une organisation financi\u00e8re de 30 employ\u00e9s r\u00e9partis sur 30 sites et soutenait plus de 3 400 employ\u00e9s. Son parcours professionnel allie une expertise financi\u00e8re approfondie \u00e0 une large exp\u00e9rience en management, y compris un mandat de neuf mois en tant que CEO int\u00e9rimaire de DB Schenker Benelux.<\/p>\n<p>Au cours de sa carri\u00e8re, Goossens a mis en \u0153uvre avec succ\u00e8s de nombreux projets de transformation complexes, int\u00e9gr\u00e9 des fonctions financi\u00e8res dans des structures de services partag\u00e9s et mis en place des syst\u00e8mes de reporting et informatiques modernes. Il a prouv\u00e9 sa capacit\u00e9 \u00e0 am\u00e9liorer durablement la performance financi\u00e8re d&#8217;unit\u00e9s commerciales exigeantes gr\u00e2ce \u00e0 une gestion financi\u00e8re disciplin\u00e9e, une gouvernance transparente et une collaboration \u00e9troite avec les \u00e9quipes op\u00e9rationnelles. Son style de leadership se caract\u00e9rise par l&#8217;int\u00e9grit\u00e9, la clart\u00e9 et un fort accent sur les employ\u00e9s, ce qui est en \u00e9troite ad\u00e9quation avec les valeurs et les objectifs \u00e0 long terme de Leschaco.<\/p>\n<p>Cette nomination intervient \u00e0 un moment o\u00f9 Leschaco continue de faire progresser la mise en \u0153uvre de sa strat\u00e9gie 2030, lanc\u00e9e en 2021, et r\u00e9alise des avanc\u00e9es de plus en plus visibles dans la transformation de son mod\u00e8le commercial, de sa structure organisationnelle et de sa culture d&#8217;entreprise. Le processus de s\u00e9lection pour le poste de CFO a \u00e9t\u00e9 sp\u00e9cifiquement ax\u00e9 sur la stabilit\u00e9 et la continuit\u00e9 \u00e0 long terme.<\/p>\n<p>&nbsp;<\/p>\n<p><a href=\"https:\/\/www.leschaco.com\/\" target=\"_blank\" rel=\"noopener noreferrer\">www.leschaco.com<\/a><\/p>\n<p>&nbsp;<\/p>\n","protected":false},"excerpt":{"rendered":"<p>Leschaco a nomm\u00e9 Emile Goossens au poste de CFO pour faire avancer la strat\u00e9gie 2030 et soutenir davantage la transformation de l&rsquo;entreprise<\/p>\n","protected":false},"author":12,"featured_media":74408,"comment_status":"open","ping_status":"open","sticky":false,"template":"","format":"standard","meta":{"_acf_changed":false,"footnotes":""},"categories":[9092,1581,1587,1579],"tags":[9458,9459,2548,2651,9460,2211,2212,9461,9462,9463,9464,9465,9466,9467,5593,9468,5596,9469,9470,5599,9471,2562,9472,9473,9474,9475,9476,9477,2918,9478,2135,9479,9480,9481,9482,9483,2145,9484,9485,9486,2153,9487,9488,9489,9490,9491,9492,9493,2242,9494,9495,2157],"class_list":["post-74410","post","type-post","status-publish","format-standard","has-post-thumbnail","hentry","category-deutschland","category-expedition-et-logistique","category-leurope","category-personnes-et-entreprises","tag-cfo-appointment","tag-cfo-ernennung","tag-corporate-governance","tag-db-schenker","tag-deutsch-leschaco","tag-digital-transformation","tag-digitale-transformation","tag-emile-goossens","tag-employee-leadership","tag-experience-internationale","tag-expertise-financiere","tag-fachkraeftemangel-logistik-english-leschaco","tag-finance-organization","tag-financial-expertise","tag-financial-management","tag-finanzexpertise","tag-finanzmanagement","tag-finanzorganisation","tag-gestion-dentreprise-durable","tag-gestion-financiere","tag-gouvernance","tag-gouvernance-dentreprise","tag-governance","tag-international-experience","tag-internationale-erfahrung","tag-labor-shortage-logistics-francais-leschaco","tag-leader-du-marche-logistique","tag-leadership-des-employes","tag-logistics-industry","tag-logistics-market-leader","tag-logistikbranche","tag-marktfuehrer-logistik","tag-mitarbeiterfuehrung","tag-nachhaltige-unternehmensfuehrung","tag-nomination-cfo","tag-organisation-financiere","tag-penurie-de-main-doeuvre-logistique","tag-projets-de-transformation","tag-reporting-systems","tag-reporting-systeme","tag-secteur-logistique","tag-shared-service-structures","tag-shared-service-strukturen","tag-strategie-2030","tag-strategy-2030","tag-structures-de-services-partages","tag-sustainable-corporate-management","tag-systemes-de-reporting","tag-transformation-numerique","tag-transformation-projects","tag-transformationsprojekte","tag-unternehmensfuehrung"],"acf":[],"yoast_head":"<!-- This site is optimized with the Yoast SEO plugin v27.3 - https:\/\/yoast.com\/product\/yoast-seo-wordpress\/ -->\n<title>Leschaco nomme Emile Goossens au poste de CFO - ITJ | International Transport Journal.<\/title>\n<meta name=\"robots\" content=\"index, follow, max-snippet:-1, max-image-preview:large, max-video-preview:-1\" \/>\n<link rel=\"canonical\" href=\"https:\/\/transportjournal.com\/fr\/2026\/01\/26\/leschaco-nomme-emile-goossens-au-poste-de-cfo\/\" \/>\n<meta property=\"og:locale\" content=\"fr_FR\" \/>\n<meta property=\"og:type\" content=\"article\" \/>\n<meta property=\"og:title\" content=\"Leschaco nomme Emile Goossens au poste de CFO - ITJ | International Transport Journal.\" \/>\n<meta property=\"og:description\" content=\"Leschaco a nomm\u00e9 Emile Goossens au poste de CFO pour faire avancer la strat\u00e9gie 2030 et soutenir davantage la transformation de l&#039;entreprise\" \/>\n<meta property=\"og:url\" content=\"https:\/\/transportjournal.com\/fr\/2026\/01\/26\/leschaco-nomme-emile-goossens-au-poste-de-cfo\/\" \/>\n<meta property=\"og:site_name\" content=\"ITJ | International Transport Journal\" \/>\n<meta property=\"article:published_time\" content=\"2026-01-26T13:29:15+00:00\" \/>\n<meta property=\"og:image\" content=\"https:\/\/transportjournal.com\/wp-content\/uploads\/sites\/2\/2026\/01\/Emile-Goossens-high-aspect-ratio-1400-788.png\" \/>\n\t<meta property=\"og:image:width\" content=\"1920\" \/>\n\t<meta property=\"og:image:height\" content=\"1081\" \/>\n\t<meta property=\"og:image:type\" content=\"image\/png\" \/>\n<meta name=\"author\" content=\"Andreas Haug\" \/>\n<meta name=\"twitter:card\" content=\"summary_large_image\" \/>\n<meta name=\"twitter:label1\" content=\"\u00c9crit par\" \/>\n\t<meta name=\"twitter:data1\" content=\"Andreas Haug\" \/>\n\t<meta name=\"twitter:label2\" content=\"Dur\u00e9e de lecture estim\u00e9e\" \/>\n\t<meta name=\"twitter:data2\" content=\"2 minutes\" \/>\n<script type=\"application\/ld+json\" class=\"yoast-schema-graph\">{\"@context\":\"https:\\\/\\\/schema.org\",\"@graph\":[{\"@type\":\"Article\",\"@id\":\"https:\\\/\\\/transportjournal.com\\\/fr\\\/2026\\\/01\\\/26\\\/leschaco-nomme-emile-goossens-au-poste-de-cfo\\\/#article\",\"isPartOf\":{\"@id\":\"https:\\\/\\\/transportjournal.com\\\/fr\\\/2026\\\/01\\\/26\\\/leschaco-nomme-emile-goossens-au-poste-de-cfo\\\/\"},\"author\":{\"name\":\"Andreas Haug\",\"@id\":\"https:\\\/\\\/transportjournal.com\\\/fr\\\/#\\\/schema\\\/person\\\/cf538b3157f15afd7589245a4b3dbd25\"},\"headline\":\"Leschaco nomme Emile Goossens au poste de CFO\",\"datePublished\":\"2026-01-26T13:29:15+00:00\",\"mainEntityOfPage\":{\"@id\":\"https:\\\/\\\/transportjournal.com\\\/fr\\\/2026\\\/01\\\/26\\\/leschaco-nomme-emile-goossens-au-poste-de-cfo\\\/\"},\"wordCount\":335,\"commentCount\":0,\"publisher\":{\"@id\":\"https:\\\/\\\/transportjournal.com\\\/fr\\\/#organization\"},\"image\":{\"@id\":\"https:\\\/\\\/transportjournal.com\\\/fr\\\/2026\\\/01\\\/26\\\/leschaco-nomme-emile-goossens-au-poste-de-cfo\\\/#primaryimage\"},\"thumbnailUrl\":\"https:\\\/\\\/transportjournal.com\\\/wp-content\\\/uploads\\\/sites\\\/2\\\/2026\\\/01\\\/Emile-Goossens-high-aspect-ratio-1400-788.png\",\"keywords\":[\"CFO appointment\",\"CFO Ernennung\",\"corporate governance\",\"DB Schenker\",\"Deutsch Leschaco\",\"digital transformation\",\"digitale Transformation\",\"Emile Goossens\",\"employee leadership\",\"exp\u00e9rience internationale\",\"expertise financi\u00e8re\",\"Fachkr\u00e4ftemangel Logistik English Leschaco\",\"finance organization\",\"financial expertise\",\"financial management\",\"Finanzexpertise\",\"Finanzmanagement\",\"Finanzorganisation\",\"gestion d'entreprise durable\",\"gestion financi\u00e8re\",\"gouvernance\",\"gouvernance d'entreprise\",\"Governance\",\"international experience\",\"internationale Erfahrung\",\"labor shortage logistics Fran\u00e7ais Leschaco\",\"leader du march\u00e9 logistique\",\"leadership des employ\u00e9s\",\"logistics industry\",\"logistics market leader\",\"Logistikbranche\",\"Marktf\u00fchrer Logistik\",\"Mitarbeiterf\u00fchrung\",\"nachhaltige Unternehmensf\u00fchrung\",\"nomination CFO\",\"organisation financi\u00e8re\",\"p\u00e9nurie de main-d'\u0153uvre logistique\",\"projets de transformation\",\"reporting systems\",\"Reporting-Systeme\",\"secteur logistique\",\"shared service structures\",\"Shared-Service-Strukturen\",\"Strategie 2030\",\"strategy 2030\",\"structures de services partag\u00e9s\",\"sustainable corporate management\",\"syst\u00e8mes de reporting\",\"transformation num\u00e9rique\",\"transformation projects\",\"Transformationsprojekte\",\"Unternehmensf\u00fchrung\"],\"articleSection\":[\"Deutschland\",\"Exp\u00e9dition de fret et logistique\",\"L'Europe\",\"Personnes et entreprises\"],\"inLanguage\":\"fr-FR\",\"potentialAction\":[{\"@type\":\"CommentAction\",\"name\":\"Comment\",\"target\":[\"https:\\\/\\\/transportjournal.com\\\/fr\\\/2026\\\/01\\\/26\\\/leschaco-nomme-emile-goossens-au-poste-de-cfo\\\/#respond\"]}]},{\"@type\":\"WebPage\",\"@id\":\"https:\\\/\\\/transportjournal.com\\\/fr\\\/2026\\\/01\\\/26\\\/leschaco-nomme-emile-goossens-au-poste-de-cfo\\\/\",\"url\":\"https:\\\/\\\/transportjournal.com\\\/fr\\\/2026\\\/01\\\/26\\\/leschaco-nomme-emile-goossens-au-poste-de-cfo\\\/\",\"name\":\"Leschaco nomme Emile Goossens au poste de CFO - ITJ | International Transport Journal.\",\"isPartOf\":{\"@id\":\"https:\\\/\\\/transportjournal.com\\\/fr\\\/#website\"},\"primaryImageOfPage\":{\"@id\":\"https:\\\/\\\/transportjournal.com\\\/fr\\\/2026\\\/01\\\/26\\\/leschaco-nomme-emile-goossens-au-poste-de-cfo\\\/#primaryimage\"},\"image\":{\"@id\":\"https:\\\/\\\/transportjournal.com\\\/fr\\\/2026\\\/01\\\/26\\\/leschaco-nomme-emile-goossens-au-poste-de-cfo\\\/#primaryimage\"},\"thumbnailUrl\":\"https:\\\/\\\/transportjournal.com\\\/wp-content\\\/uploads\\\/sites\\\/2\\\/2026\\\/01\\\/Emile-Goossens-high-aspect-ratio-1400-788.png\",\"datePublished\":\"2026-01-26T13:29:15+00:00\",\"breadcrumb\":{\"@id\":\"https:\\\/\\\/transportjournal.com\\\/fr\\\/2026\\\/01\\\/26\\\/leschaco-nomme-emile-goossens-au-poste-de-cfo\\\/#breadcrumb\"},\"inLanguage\":\"fr-FR\",\"potentialAction\":[{\"@type\":\"ReadAction\",\"target\":[\"https:\\\/\\\/transportjournal.com\\\/fr\\\/2026\\\/01\\\/26\\\/leschaco-nomme-emile-goossens-au-poste-de-cfo\\\/\"]}]},{\"@type\":\"ImageObject\",\"inLanguage\":\"fr-FR\",\"@id\":\"https:\\\/\\\/transportjournal.com\\\/fr\\\/2026\\\/01\\\/26\\\/leschaco-nomme-emile-goossens-au-poste-de-cfo\\\/#primaryimage\",\"url\":\"https:\\\/\\\/transportjournal.com\\\/wp-content\\\/uploads\\\/sites\\\/2\\\/2026\\\/01\\\/Emile-Goossens-high-aspect-ratio-1400-788.png\",\"contentUrl\":\"https:\\\/\\\/transportjournal.com\\\/wp-content\\\/uploads\\\/sites\\\/2\\\/2026\\\/01\\\/Emile-Goossens-high-aspect-ratio-1400-788.png\",\"width\":1920,\"height\":1081},{\"@type\":\"BreadcrumbList\",\"@id\":\"https:\\\/\\\/transportjournal.com\\\/fr\\\/2026\\\/01\\\/26\\\/leschaco-nomme-emile-goossens-au-poste-de-cfo\\\/#breadcrumb\",\"itemListElement\":[{\"@type\":\"ListItem\",\"position\":1,\"name\":\"Startseite\",\"item\":\"https:\\\/\\\/transportjournal.com\\\/fr\\\/\"},{\"@type\":\"ListItem\",\"position\":2,\"name\":\"Leschaco nomme Emile Goossens au poste de CFO\"}]},{\"@type\":\"WebSite\",\"@id\":\"https:\\\/\\\/transportjournal.com\\\/fr\\\/#website\",\"url\":\"https:\\\/\\\/transportjournal.com\\\/fr\\\/\",\"name\":\"ITJ | International Transport Journal\",\"description\":\"Restez inform\u00e9 des derni\u00e8res nouvelles mondiales dans les secteurs du transport, de la logistique et de la cha\u00eene d'approvisionnement. Transport Journal fournit des informations d'experts, des analyses et des mises \u00e0 jour sur le transport maritime, l'aviation, l'intermodalit\u00e9 et l'exp\u00e9dition. \",\"publisher\":{\"@id\":\"https:\\\/\\\/transportjournal.com\\\/fr\\\/#organization\"},\"potentialAction\":[{\"@type\":\"SearchAction\",\"target\":{\"@type\":\"EntryPoint\",\"urlTemplate\":\"https:\\\/\\\/transportjournal.com\\\/fr\\\/?s={search_term_string}\"},\"query-input\":{\"@type\":\"PropertyValueSpecification\",\"valueRequired\":true,\"valueName\":\"search_term_string\"}}],\"inLanguage\":\"fr-FR\"},{\"@type\":\"Organization\",\"@id\":\"https:\\\/\\\/transportjournal.com\\\/fr\\\/#organization\",\"name\":\"Groupe Logismedia AG\",\"alternateName\":\"Logismedia Group AG\",\"url\":\"https:\\\/\\\/transportjournal.com\\\/fr\\\/\",\"logo\":{\"@type\":\"ImageObject\",\"inLanguage\":\"fr-FR\",\"@id\":\"https:\\\/\\\/transportjournal.com\\\/fr\\\/#\\\/schema\\\/logo\\\/image\\\/\",\"url\":\"https:\\\/\\\/transportjournal.com\\\/wp-content\\\/uploads\\\/sites\\\/2\\\/2025\\\/09\\\/Logo_ITJ.png\",\"contentUrl\":\"https:\\\/\\\/transportjournal.com\\\/wp-content\\\/uploads\\\/sites\\\/2\\\/2025\\\/09\\\/Logo_ITJ.png\",\"width\":799,\"height\":326,\"caption\":\"Groupe Logismedia AG\"},\"image\":{\"@id\":\"https:\\\/\\\/transportjournal.com\\\/fr\\\/#\\\/schema\\\/logo\\\/image\\\/\"},\"sameAs\":[\"https:\\\/\\\/www.linkedin.com\\\/company\\\/56456496\\\/admin\\\/dashboard\\\/\",\"https:\\\/\\\/www.instagram.com\\\/logismediagroup\\\/\",\"https:\\\/\\\/www.youtube.com\\\/@LogiamediaGroupAG\"]},{\"@type\":\"Person\",\"@id\":\"https:\\\/\\\/transportjournal.com\\\/fr\\\/#\\\/schema\\\/person\\\/cf538b3157f15afd7589245a4b3dbd25\",\"name\":\"Andreas Haug\",\"url\":\"https:\\\/\\\/transportjournal.com\\\/fr\\\/author\\\/andreas\\\/\"}]}<\/script>\n<!-- \/ Yoast SEO plugin. -->","yoast_head_json":{"title":"Leschaco nomme Emile Goossens au poste de CFO - ITJ | International Transport Journal.","robots":{"index":"index","follow":"follow","max-snippet":"max-snippet:-1","max-image-preview":"max-image-preview:large","max-video-preview":"max-video-preview:-1"},"canonical":"https:\/\/transportjournal.com\/fr\/2026\/01\/26\/leschaco-nomme-emile-goossens-au-poste-de-cfo\/","og_locale":"fr_FR","og_type":"article","og_title":"Leschaco nomme Emile Goossens au poste de CFO - ITJ | International Transport Journal.","og_description":"Leschaco a nomm\u00e9 Emile Goossens au poste de CFO pour faire avancer la strat\u00e9gie 2030 et soutenir davantage la transformation de l'entreprise","og_url":"https:\/\/transportjournal.com\/fr\/2026\/01\/26\/leschaco-nomme-emile-goossens-au-poste-de-cfo\/","og_site_name":"ITJ | International Transport Journal","article_published_time":"2026-01-26T13:29:15+00:00","og_image":[{"width":1920,"height":1081,"url":"https:\/\/transportjournal.com\/wp-content\/uploads\/sites\/2\/2026\/01\/Emile-Goossens-high-aspect-ratio-1400-788.png","type":"image\/png"}],"author":"Andreas Haug","twitter_card":"summary_large_image","twitter_misc":{"\u00c9crit par":"Andreas Haug","Dur\u00e9e de lecture estim\u00e9e":"2 minutes"},"schema":{"@context":"https:\/\/schema.org","@graph":[{"@type":"Article","@id":"https:\/\/transportjournal.com\/fr\/2026\/01\/26\/leschaco-nomme-emile-goossens-au-poste-de-cfo\/#article","isPartOf":{"@id":"https:\/\/transportjournal.com\/fr\/2026\/01\/26\/leschaco-nomme-emile-goossens-au-poste-de-cfo\/"},"author":{"name":"Andreas Haug","@id":"https:\/\/transportjournal.com\/fr\/#\/schema\/person\/cf538b3157f15afd7589245a4b3dbd25"},"headline":"Leschaco nomme Emile Goossens au poste de CFO","datePublished":"2026-01-26T13:29:15+00:00","mainEntityOfPage":{"@id":"https:\/\/transportjournal.com\/fr\/2026\/01\/26\/leschaco-nomme-emile-goossens-au-poste-de-cfo\/"},"wordCount":335,"commentCount":0,"publisher":{"@id":"https:\/\/transportjournal.com\/fr\/#organization"},"image":{"@id":"https:\/\/transportjournal.com\/fr\/2026\/01\/26\/leschaco-nomme-emile-goossens-au-poste-de-cfo\/#primaryimage"},"thumbnailUrl":"https:\/\/transportjournal.com\/wp-content\/uploads\/sites\/2\/2026\/01\/Emile-Goossens-high-aspect-ratio-1400-788.png","keywords":["CFO appointment","CFO Ernennung","corporate governance","DB Schenker","Deutsch Leschaco","digital transformation","digitale Transformation","Emile Goossens","employee leadership","exp\u00e9rience internationale","expertise financi\u00e8re","Fachkr\u00e4ftemangel Logistik English Leschaco","finance organization","financial expertise","financial management","Finanzexpertise","Finanzmanagement","Finanzorganisation","gestion d'entreprise durable","gestion financi\u00e8re","gouvernance","gouvernance d'entreprise","Governance","international experience","internationale Erfahrung","labor shortage logistics Fran\u00e7ais Leschaco","leader du march\u00e9 logistique","leadership des employ\u00e9s","logistics industry","logistics market leader","Logistikbranche","Marktf\u00fchrer Logistik","Mitarbeiterf\u00fchrung","nachhaltige Unternehmensf\u00fchrung","nomination CFO","organisation financi\u00e8re","p\u00e9nurie de main-d'\u0153uvre logistique","projets de transformation","reporting systems","Reporting-Systeme","secteur logistique","shared service structures","Shared-Service-Strukturen","Strategie 2030","strategy 2030","structures de services partag\u00e9s","sustainable corporate management","syst\u00e8mes de reporting","transformation num\u00e9rique","transformation projects","Transformationsprojekte","Unternehmensf\u00fchrung"],"articleSection":["Deutschland","Exp\u00e9dition de fret et logistique","L'Europe","Personnes et entreprises"],"inLanguage":"fr-FR","potentialAction":[{"@type":"CommentAction","name":"Comment","target":["https:\/\/transportjournal.com\/fr\/2026\/01\/26\/leschaco-nomme-emile-goossens-au-poste-de-cfo\/#respond"]}]},{"@type":"WebPage","@id":"https:\/\/transportjournal.com\/fr\/2026\/01\/26\/leschaco-nomme-emile-goossens-au-poste-de-cfo\/","url":"https:\/\/transportjournal.com\/fr\/2026\/01\/26\/leschaco-nomme-emile-goossens-au-poste-de-cfo\/","name":"Leschaco nomme Emile Goossens au poste de CFO - ITJ | International Transport Journal.","isPartOf":{"@id":"https:\/\/transportjournal.com\/fr\/#website"},"primaryImageOfPage":{"@id":"https:\/\/transportjournal.com\/fr\/2026\/01\/26\/leschaco-nomme-emile-goossens-au-poste-de-cfo\/#primaryimage"},"image":{"@id":"https:\/\/transportjournal.com\/fr\/2026\/01\/26\/leschaco-nomme-emile-goossens-au-poste-de-cfo\/#primaryimage"},"thumbnailUrl":"https:\/\/transportjournal.com\/wp-content\/uploads\/sites\/2\/2026\/01\/Emile-Goossens-high-aspect-ratio-1400-788.png","datePublished":"2026-01-26T13:29:15+00:00","breadcrumb":{"@id":"https:\/\/transportjournal.com\/fr\/2026\/01\/26\/leschaco-nomme-emile-goossens-au-poste-de-cfo\/#breadcrumb"},"inLanguage":"fr-FR","potentialAction":[{"@type":"ReadAction","target":["https:\/\/transportjournal.com\/fr\/2026\/01\/26\/leschaco-nomme-emile-goossens-au-poste-de-cfo\/"]}]},{"@type":"ImageObject","inLanguage":"fr-FR","@id":"https:\/\/transportjournal.com\/fr\/2026\/01\/26\/leschaco-nomme-emile-goossens-au-poste-de-cfo\/#primaryimage","url":"https:\/\/transportjournal.com\/wp-content\/uploads\/sites\/2\/2026\/01\/Emile-Goossens-high-aspect-ratio-1400-788.png","contentUrl":"https:\/\/transportjournal.com\/wp-content\/uploads\/sites\/2\/2026\/01\/Emile-Goossens-high-aspect-ratio-1400-788.png","width":1920,"height":1081},{"@type":"BreadcrumbList","@id":"https:\/\/transportjournal.com\/fr\/2026\/01\/26\/leschaco-nomme-emile-goossens-au-poste-de-cfo\/#breadcrumb","itemListElement":[{"@type":"ListItem","position":1,"name":"Startseite","item":"https:\/\/transportjournal.com\/fr\/"},{"@type":"ListItem","position":2,"name":"Leschaco nomme Emile Goossens au poste de CFO"}]},{"@type":"WebSite","@id":"https:\/\/transportjournal.com\/fr\/#website","url":"https:\/\/transportjournal.com\/fr\/","name":"ITJ | International Transport Journal","description":"Restez inform\u00e9 des derni\u00e8res nouvelles mondiales dans les secteurs du transport, de la logistique et de la cha\u00eene d'approvisionnement. Transport Journal fournit des informations d'experts, des analyses et des mises \u00e0 jour sur le transport maritime, l'aviation, l'intermodalit\u00e9 et l'exp\u00e9dition. ","publisher":{"@id":"https:\/\/transportjournal.com\/fr\/#organization"},"potentialAction":[{"@type":"SearchAction","target":{"@type":"EntryPoint","urlTemplate":"https:\/\/transportjournal.com\/fr\/?s={search_term_string}"},"query-input":{"@type":"PropertyValueSpecification","valueRequired":true,"valueName":"search_term_string"}}],"inLanguage":"fr-FR"},{"@type":"Organization","@id":"https:\/\/transportjournal.com\/fr\/#organization","name":"Groupe Logismedia AG","alternateName":"Logismedia Group AG","url":"https:\/\/transportjournal.com\/fr\/","logo":{"@type":"ImageObject","inLanguage":"fr-FR","@id":"https:\/\/transportjournal.com\/fr\/#\/schema\/logo\/image\/","url":"https:\/\/transportjournal.com\/wp-content\/uploads\/sites\/2\/2025\/09\/Logo_ITJ.png","contentUrl":"https:\/\/transportjournal.com\/wp-content\/uploads\/sites\/2\/2025\/09\/Logo_ITJ.png","width":799,"height":326,"caption":"Groupe Logismedia AG"},"image":{"@id":"https:\/\/transportjournal.com\/fr\/#\/schema\/logo\/image\/"},"sameAs":["https:\/\/www.linkedin.com\/company\/56456496\/admin\/dashboard\/","https:\/\/www.instagram.com\/logismediagroup\/","https:\/\/www.youtube.com\/@LogiamediaGroupAG"]},{"@type":"Person","@id":"https:\/\/transportjournal.com\/fr\/#\/schema\/person\/cf538b3157f15afd7589245a4b3dbd25","name":"Andreas Haug","url":"https:\/\/transportjournal.com\/fr\/author\/andreas\/"}]}},"_links":{"self":[{"href":"https:\/\/transportjournal.com\/fr\/wp-json\/wp\/v2\/posts\/74410","targetHints":{"allow":["GET"]}}],"collection":[{"href":"https:\/\/transportjournal.com\/fr\/wp-json\/wp\/v2\/posts"}],"about":[{"href":"https:\/\/transportjournal.com\/fr\/wp-json\/wp\/v2\/types\/post"}],"author":[{"embeddable":true,"href":"https:\/\/transportjournal.com\/fr\/wp-json\/wp\/v2\/users\/12"}],"replies":[{"embeddable":true,"href":"https:\/\/transportjournal.com\/fr\/wp-json\/wp\/v2\/comments?post=74410"}],"version-history":[{"count":0,"href":"https:\/\/transportjournal.com\/fr\/wp-json\/wp\/v2\/posts\/74410\/revisions"}],"wp:featuredmedia":[{"embeddable":true,"href":"https:\/\/transportjournal.com\/fr\/wp-json\/wp\/v2\/media\/74408"}],"wp:attachment":[{"href":"https:\/\/transportjournal.com\/fr\/wp-json\/wp\/v2\/media?parent=74410"}],"wp:term":[{"taxonomy":"category","embeddable":true,"href":"https:\/\/transportjournal.com\/fr\/wp-json\/wp\/v2\/categories?post=74410"},{"taxonomy":"post_tag","embeddable":true,"href":"https:\/\/transportjournal.com\/fr\/wp-json\/wp\/v2\/tags?post=74410"}],"curies":[{"name":"wp","href":"https:\/\/api.w.org\/{rel}","templated":true}]}}