{"id":74387,"date":"2026-01-26T10:02:57","date_gmt":"2026-01-26T10:02:57","guid":{"rendered":"https:\/\/transportjournal.com\/2026\/01\/26\/nouveau-service-de-fret-aerien-vers-leurope\/"},"modified":"2026-01-26T14:09:26","modified_gmt":"2026-01-26T13:09:26","slug":"nouveau-service-de-fret-aerien-vers-leurope","status":"publish","type":"post","link":"https:\/\/transportjournal.com\/fr\/2026\/01\/26\/nouveau-service-de-fret-aerien-vers-leurope\/","title":{"rendered":"Nouveau service de fret a\u00e9rien vers l&rsquo;Europe"},"content":{"rendered":"<p>DP World et la zone franche de Punta Cana ont lanc\u00e9 un nouveau service international de fret a\u00e9rien vers l&#8217;Europe, visant \u00e0 renforcer le r\u00f4le de la R\u00e9publique dominicaine en tant que plaque tournante logistique et de transit pour les Am\u00e9riques. Le service sera g\u00e9r\u00e9 par le centre de fret a\u00e9rien de Punta Cana, situ\u00e9 \u00e0 l&#8217;est du pays.<\/p>\n<h3>Nouveau service de fret a\u00e9rien renforce les liens commerciaux<\/h3>\n<p>Le nouveau service, qui op\u00e8re les mardis et samedis, est con\u00e7u pour transporter des marchandises en transit d&#8217;Am\u00e9rique du Sud, d&#8217;Am\u00e9rique centrale et des Cara\u00efbes vers l&#8217;Europe via le centre de fret a\u00e9rien de Punta Cana. Dans sa phase initiale, le centre devrait traiter jusqu&#8217;\u00e0 120 tonnes de fret a\u00e9rien par mois, ce qui devrait am\u00e9liorer la rapidit\u00e9 et la fiabilit\u00e9 pour les exportateurs r\u00e9gionaux.<\/p>\n<p>Le service \u00e9largi soutient le transport de biens pr\u00e9cieux et sensibles au temps, y compris des marchandises p\u00e9rissables telles que des fleurs et des fruits, des produits pharmaceutiques, des colis et des cargaisons s\u00e8ches. Les envois en provenance de Colombie, d&#8217;\u00c9quateur et du P\u00e9rou seront consolid\u00e9s \u00e0 Punta Cana et reli\u00e9s par des vols r\u00e9guliers fr\u00e9quents vers des march\u00e9s europ\u00e9ens cl\u00e9s tels que Madrid, Francfort et Londres. Les partenaires examinent \u00e9galement la possibilit\u00e9 d&#8217;\u00e9tendre le service vers le Canada, alors que la demande continue d&#8217;augmenter.<\/p>\n<h3>Infrastructure pour fret sensible au temps<\/h3>\n<p>Le centre de fret a\u00e9rien de Punta Cana est sp\u00e9cialement con\u00e7u pour g\u00e9rer des marchandises sensibles \u00e0 la temp\u00e9rature, offrant environ 4 000 m\u00e8tres carr\u00e9s d&#8217;espace r\u00e9frig\u00e9r\u00e9 destin\u00e9 aux produits p\u00e9rissables. De plus, les processus pour le fret en transit sont optimis\u00e9s afin de r\u00e9duire les temps de transfert. Un acc\u00e8s direct aux rampes pour les avions cargo et les avions de ligne, ainsi que des services de s\u00e9curit\u00e9 am\u00e9lior\u00e9s et des \u00e9quipements de manutention sp\u00e9cifiques pour diff\u00e9rents types de fret, font \u00e9galement partie de l&#8217;infrastructure.<\/p>\n<p>Le nouveau service s&#8217;appuie sur l&#8217;arriv\u00e9e du premier avion cargo en 2024, qui a valid\u00e9 l&#8217;infrastructure et le mod\u00e8le op\u00e9rationnel du terminal, posant les bases d&#8217;une croissance durable du fret a\u00e9rien international. En 2025, le terminal de fret a\u00e9rien devrait traiter plus de 33 000 tonnes d&#8217;importations, d&#8217;exportations et de fret en transit, ce qui repr\u00e9sente une augmentation de 15 % par rapport \u00e0 2024.<\/p>\n<p>Manuel Mart\u00ednez, PDG de DP World en R\u00e9publique dominicaine, a d\u00e9clar\u00e9 : \u00ab Cette expansion renforce notre vision commune avec la zone franche de Punta Cana, positionnant Punta Cana comme un point de connexion r\u00e9gional important au sein des r\u00e9seaux commerciaux mondiaux. En augmentant la capacit\u00e9 et la pr\u00e9visibilit\u00e9 du service, nous offrons aux exportateurs et aux prestataires de services logistiques un acc\u00e8s plus rapide et plus fiable aux march\u00e9s internationaux, renfor\u00e7ant ainsi la comp\u00e9titivit\u00e9 de la r\u00e9gion. \u00bb<\/p>\n<p>&nbsp;<\/p>\n<p><a href=\"https:\/\/www.dpworld.com\/\" target=\"_blank\" rel=\"noopener noreferrer\">www.dpworld.com<\/a><\/p>\n<p>&nbsp;<\/p>\n","protected":false},"excerpt":{"rendered":"<p>DP World et la zone franche de Punta Cana ont lanc\u00e9 un nouveau service de fret a\u00e9rien vers l&rsquo;Europe afin de renforcer la logistique de la R\u00e9publique dominicaine<\/p>\n","protected":false},"author":12,"featured_media":74385,"comment_status":"open","ping_status":"open","sticky":false,"template":"","format":"standard","meta":{"_acf_changed":false,"footnotes":""},"categories":[1590,1582,1587],"tags":[9388,5507,9389,3402,9390,9391,9392,2265,6754,9393,9394,2032,9395,9396,9397,2952,9398,9399,9400,9401,2960,2961,9402,9403,2133,9404,1831,9405,9406,9407,9408,9409,9410,9411,9412,9084,9085,2148,9413,9414,9415,9416,9417,9418,9419,9420,9421,9422,9423,9424,9425,9426,7052,9427],"class_list":["post-74387","post","type-post","status-publish","format-standard","has-post-thumbnail","hentry","category-ameriques","category-fret-aerien","category-leurope","tag-air-freight-service-2024","tag-avions-cargo","tag-cargaison-sensible-a-la-temperature","tag-cargo-aircraft","tag-centre-de-fret-aerien-de-punta-cana","tag-cold-storage-for-cargo","tag-connexions-commerciales-europe","tag-deutsch-luftfracht","tag-dp-world","tag-export-markets-europe","tag-exportmaerkte-europa","tag-frachtflugzeuge","tag-frachtservice-kanada","tag-freight-service-canada","tag-fret-aerien-amerique-du-sud","tag-fret-aerien-international","tag-handelsverbindungen-europa","tag-infrastructure-for-air-freight","tag-infrastructure-pour-fret-aerien","tag-infrastruktur-fuer-luftfracht","tag-international-air-freight","tag-internationale-luftfracht","tag-kuehlraum-fuer-fracht","tag-logistics-dominican-republic","tag-logistics-service-providers","tag-logistik-dominikanische-republik","tag-logistikdienstleister","tag-logistique-republique-dominicaine","tag-luftfrachtservice-2024","tag-luftfrachtzentrum-punta-cana","tag-marchandises-sensibles-au-temps","tag-marches-dexportation-europe","tag-nachhaltiger-luftfrachtverkehr","tag-optimisation-du-fret-en-transit","tag-optimizing-transit-cargo","tag-pharmaceuticals-transport","tag-pharmazeutika-transport","tag-prestataires-de-services-logistiques","tag-punta-cana","tag-punta-cana-air-freight-center","tag-service-de-fret-aerien-2024","tag-service-de-fret-canada","tag-south-america-air-freight","tag-stockage-frigorifique-pour-fret","tag-suedamerika-luftfracht","tag-sustainable-air-freight-traffic","tag-temperature-sensitive-cargo","tag-temperaturempfindliche-fracht","tag-time-sensitive-goods-francais-fret-aerien","tag-trade-connections-europe","tag-trafic-de-fret-aerien-durable","tag-transitfracht-optimieren","tag-transport-de-produits-pharmaceutiques","tag-zeitkritische-gueter-english-air-freight"],"acf":[],"yoast_head":"<!-- This site is optimized with the Yoast SEO plugin v27.3 - https:\/\/yoast.com\/product\/yoast-seo-wordpress\/ -->\n<title>Nouveau service de fret a\u00e9rien vers l&#039;Europe - ITJ | International Transport Journal.<\/title>\n<meta name=\"robots\" content=\"index, follow, max-snippet:-1, max-image-preview:large, max-video-preview:-1\" \/>\n<link rel=\"canonical\" href=\"https:\/\/transportjournal.com\/fr\/2026\/01\/26\/nouveau-service-de-fret-aerien-vers-leurope\/\" \/>\n<meta property=\"og:locale\" content=\"fr_FR\" \/>\n<meta property=\"og:type\" content=\"article\" \/>\n<meta property=\"og:title\" content=\"Nouveau service de fret a\u00e9rien vers l&#039;Europe - ITJ | International Transport Journal.\" \/>\n<meta property=\"og:description\" content=\"DP World et la zone franche de Punta Cana ont lanc\u00e9 un nouveau service de fret a\u00e9rien vers l&#039;Europe afin de renforcer la logistique de la R\u00e9publique dominicaine\" \/>\n<meta property=\"og:url\" content=\"https:\/\/transportjournal.com\/fr\/2026\/01\/26\/nouveau-service-de-fret-aerien-vers-leurope\/\" \/>\n<meta property=\"og:site_name\" content=\"ITJ | International Transport Journal\" \/>\n<meta property=\"article:published_time\" content=\"2026-01-26T10:02:57+00:00\" \/>\n<meta property=\"article:modified_time\" content=\"2026-01-26T13:09:26+00:00\" \/>\n<meta property=\"og:image\" content=\"https:\/\/transportjournal.com\/wp-content\/uploads\/sites\/2\/2026\/01\/DP-Woerld-movimiento-de-carga-tras-la-llegada-del-carguero-a-las-insta-scaled-aspect-ratio-1400-788-scaled-1.jpg\" \/>\n\t<meta property=\"og:image:width\" content=\"2560\" \/>\n\t<meta property=\"og:image:height\" content=\"1441\" \/>\n\t<meta property=\"og:image:type\" content=\"image\/jpeg\" \/>\n<meta name=\"author\" content=\"Andreas Haug\" \/>\n<meta name=\"twitter:card\" content=\"summary_large_image\" \/>\n<meta name=\"twitter:label1\" content=\"\u00c9crit par\" \/>\n\t<meta name=\"twitter:data1\" content=\"Andreas Haug\" \/>\n\t<meta name=\"twitter:label2\" content=\"Dur\u00e9e de lecture estim\u00e9e\" \/>\n\t<meta name=\"twitter:data2\" content=\"3 minutes\" \/>\n<script type=\"application\/ld+json\" class=\"yoast-schema-graph\">{\"@context\":\"https:\\\/\\\/schema.org\",\"@graph\":[{\"@type\":\"Article\",\"@id\":\"https:\\\/\\\/transportjournal.com\\\/fr\\\/2026\\\/01\\\/26\\\/nouveau-service-de-fret-aerien-vers-leurope\\\/#article\",\"isPartOf\":{\"@id\":\"https:\\\/\\\/transportjournal.com\\\/fr\\\/2026\\\/01\\\/26\\\/nouveau-service-de-fret-aerien-vers-leurope\\\/\"},\"author\":{\"name\":\"Andreas Haug\",\"@id\":\"https:\\\/\\\/transportjournal.com\\\/fr\\\/#\\\/schema\\\/person\\\/cf538b3157f15afd7589245a4b3dbd25\"},\"headline\":\"Nouveau service de fret a\u00e9rien vers l&rsquo;Europe\",\"datePublished\":\"2026-01-26T10:02:57+00:00\",\"dateModified\":\"2026-01-26T13:09:26+00:00\",\"mainEntityOfPage\":{\"@id\":\"https:\\\/\\\/transportjournal.com\\\/fr\\\/2026\\\/01\\\/26\\\/nouveau-service-de-fret-aerien-vers-leurope\\\/\"},\"wordCount\":528,\"commentCount\":0,\"publisher\":{\"@id\":\"https:\\\/\\\/transportjournal.com\\\/fr\\\/#organization\"},\"image\":{\"@id\":\"https:\\\/\\\/transportjournal.com\\\/fr\\\/2026\\\/01\\\/26\\\/nouveau-service-de-fret-aerien-vers-leurope\\\/#primaryimage\"},\"thumbnailUrl\":\"https:\\\/\\\/transportjournal.com\\\/wp-content\\\/uploads\\\/sites\\\/2\\\/2026\\\/01\\\/DP-Woerld-movimiento-de-carga-tras-la-llegada-del-carguero-a-las-insta-scaled-aspect-ratio-1400-788-scaled-1.jpg\",\"keywords\":[\"air freight service 2024\",\"avions cargo\",\"cargaison sensible \u00e0 la temp\u00e9rature\",\"cargo aircraft\",\"centre de fret a\u00e9rien de Punta Cana\",\"cold storage for cargo\",\"connexions commerciales Europe\",\"Deutsch Luftfracht\",\"DP World\",\"export markets Europe\",\"Exportm\u00e4rkte Europa\",\"Frachtflugzeuge\",\"Frachtservice Kanada\",\"freight service Canada\",\"fret a\u00e9rien Am\u00e9rique du Sud\",\"fret a\u00e9rien international\",\"Handelsverbindungen Europa\",\"infrastructure for air freight\",\"infrastructure pour fret a\u00e9rien\",\"Infrastruktur f\u00fcr Luftfracht\",\"international air freight\",\"internationale Luftfracht\",\"K\u00fchlraum f\u00fcr Fracht\",\"logistics Dominican Republic\",\"logistics service providers\",\"Logistik Dominikanische Republik\",\"Logistikdienstleister\",\"logistique R\u00e9publique dominicaine\",\"Luftfrachtservice 2024\",\"Luftfrachtzentrum Punta Cana\",\"marchandises sensibles au temps\",\"march\u00e9s d'exportation Europe\",\"nachhaltiger Luftfrachtverkehr\",\"optimisation du fret en transit\",\"optimizing transit cargo\",\"pharmaceuticals transport\",\"Pharmazeutika Transport\",\"prestataires de services logistiques\",\"Punta Cana\",\"Punta Cana air freight center\",\"service de fret a\u00e9rien 2024\",\"service de fret Canada\",\"South America air freight\",\"stockage frigorifique pour fret\",\"S\u00fcdamerika Luftfracht\",\"sustainable air freight traffic\",\"temperature-sensitive cargo\",\"temperaturempfindliche Fracht\",\"time-sensitive goods Fran\u00e7ais Fret a\u00e9rien\",\"trade connections Europe\",\"trafic de fret a\u00e9rien durable\",\"Transitfracht optimieren\",\"transport de produits pharmaceutiques\",\"zeitkritische G\u00fcter English Air freight\"],\"articleSection\":[\"Am\u00e9riques\",\"Fret a\u00e9rien\",\"L'Europe\"],\"inLanguage\":\"fr-FR\",\"potentialAction\":[{\"@type\":\"CommentAction\",\"name\":\"Comment\",\"target\":[\"https:\\\/\\\/transportjournal.com\\\/fr\\\/2026\\\/01\\\/26\\\/nouveau-service-de-fret-aerien-vers-leurope\\\/#respond\"]}]},{\"@type\":\"WebPage\",\"@id\":\"https:\\\/\\\/transportjournal.com\\\/fr\\\/2026\\\/01\\\/26\\\/nouveau-service-de-fret-aerien-vers-leurope\\\/\",\"url\":\"https:\\\/\\\/transportjournal.com\\\/fr\\\/2026\\\/01\\\/26\\\/nouveau-service-de-fret-aerien-vers-leurope\\\/\",\"name\":\"Nouveau service de fret a\u00e9rien vers l'Europe - ITJ | International Transport Journal.\",\"isPartOf\":{\"@id\":\"https:\\\/\\\/transportjournal.com\\\/fr\\\/#website\"},\"primaryImageOfPage\":{\"@id\":\"https:\\\/\\\/transportjournal.com\\\/fr\\\/2026\\\/01\\\/26\\\/nouveau-service-de-fret-aerien-vers-leurope\\\/#primaryimage\"},\"image\":{\"@id\":\"https:\\\/\\\/transportjournal.com\\\/fr\\\/2026\\\/01\\\/26\\\/nouveau-service-de-fret-aerien-vers-leurope\\\/#primaryimage\"},\"thumbnailUrl\":\"https:\\\/\\\/transportjournal.com\\\/wp-content\\\/uploads\\\/sites\\\/2\\\/2026\\\/01\\\/DP-Woerld-movimiento-de-carga-tras-la-llegada-del-carguero-a-las-insta-scaled-aspect-ratio-1400-788-scaled-1.jpg\",\"datePublished\":\"2026-01-26T10:02:57+00:00\",\"dateModified\":\"2026-01-26T13:09:26+00:00\",\"breadcrumb\":{\"@id\":\"https:\\\/\\\/transportjournal.com\\\/fr\\\/2026\\\/01\\\/26\\\/nouveau-service-de-fret-aerien-vers-leurope\\\/#breadcrumb\"},\"inLanguage\":\"fr-FR\",\"potentialAction\":[{\"@type\":\"ReadAction\",\"target\":[\"https:\\\/\\\/transportjournal.com\\\/fr\\\/2026\\\/01\\\/26\\\/nouveau-service-de-fret-aerien-vers-leurope\\\/\"]}]},{\"@type\":\"ImageObject\",\"inLanguage\":\"fr-FR\",\"@id\":\"https:\\\/\\\/transportjournal.com\\\/fr\\\/2026\\\/01\\\/26\\\/nouveau-service-de-fret-aerien-vers-leurope\\\/#primaryimage\",\"url\":\"https:\\\/\\\/transportjournal.com\\\/wp-content\\\/uploads\\\/sites\\\/2\\\/2026\\\/01\\\/DP-Woerld-movimiento-de-carga-tras-la-llegada-del-carguero-a-las-insta-scaled-aspect-ratio-1400-788-scaled-1.jpg\",\"contentUrl\":\"https:\\\/\\\/transportjournal.com\\\/wp-content\\\/uploads\\\/sites\\\/2\\\/2026\\\/01\\\/DP-Woerld-movimiento-de-carga-tras-la-llegada-del-carguero-a-las-insta-scaled-aspect-ratio-1400-788-scaled-1.jpg\",\"width\":2560,\"height\":1441},{\"@type\":\"BreadcrumbList\",\"@id\":\"https:\\\/\\\/transportjournal.com\\\/fr\\\/2026\\\/01\\\/26\\\/nouveau-service-de-fret-aerien-vers-leurope\\\/#breadcrumb\",\"itemListElement\":[{\"@type\":\"ListItem\",\"position\":1,\"name\":\"Startseite\",\"item\":\"https:\\\/\\\/transportjournal.com\\\/fr\\\/\"},{\"@type\":\"ListItem\",\"position\":2,\"name\":\"Nouveau service de fret a\u00e9rien vers l&rsquo;Europe\"}]},{\"@type\":\"WebSite\",\"@id\":\"https:\\\/\\\/transportjournal.com\\\/fr\\\/#website\",\"url\":\"https:\\\/\\\/transportjournal.com\\\/fr\\\/\",\"name\":\"ITJ | International Transport Journal\",\"description\":\"Restez inform\u00e9 des derni\u00e8res nouvelles mondiales dans les secteurs du transport, de la logistique et de la cha\u00eene d'approvisionnement. Transport Journal fournit des informations d'experts, des analyses et des mises \u00e0 jour sur le transport maritime, l'aviation, l'intermodalit\u00e9 et l'exp\u00e9dition. \",\"publisher\":{\"@id\":\"https:\\\/\\\/transportjournal.com\\\/fr\\\/#organization\"},\"potentialAction\":[{\"@type\":\"SearchAction\",\"target\":{\"@type\":\"EntryPoint\",\"urlTemplate\":\"https:\\\/\\\/transportjournal.com\\\/fr\\\/?s={search_term_string}\"},\"query-input\":{\"@type\":\"PropertyValueSpecification\",\"valueRequired\":true,\"valueName\":\"search_term_string\"}}],\"inLanguage\":\"fr-FR\"},{\"@type\":\"Organization\",\"@id\":\"https:\\\/\\\/transportjournal.com\\\/fr\\\/#organization\",\"name\":\"Groupe Logismedia AG\",\"alternateName\":\"Logismedia Group AG\",\"url\":\"https:\\\/\\\/transportjournal.com\\\/fr\\\/\",\"logo\":{\"@type\":\"ImageObject\",\"inLanguage\":\"fr-FR\",\"@id\":\"https:\\\/\\\/transportjournal.com\\\/fr\\\/#\\\/schema\\\/logo\\\/image\\\/\",\"url\":\"https:\\\/\\\/transportjournal.com\\\/wp-content\\\/uploads\\\/sites\\\/2\\\/2025\\\/09\\\/Logo_ITJ.png\",\"contentUrl\":\"https:\\\/\\\/transportjournal.com\\\/wp-content\\\/uploads\\\/sites\\\/2\\\/2025\\\/09\\\/Logo_ITJ.png\",\"width\":799,\"height\":326,\"caption\":\"Groupe Logismedia AG\"},\"image\":{\"@id\":\"https:\\\/\\\/transportjournal.com\\\/fr\\\/#\\\/schema\\\/logo\\\/image\\\/\"},\"sameAs\":[\"https:\\\/\\\/www.linkedin.com\\\/company\\\/56456496\\\/admin\\\/dashboard\\\/\",\"https:\\\/\\\/www.instagram.com\\\/logismediagroup\\\/\",\"https:\\\/\\\/www.youtube.com\\\/@LogiamediaGroupAG\"]},{\"@type\":\"Person\",\"@id\":\"https:\\\/\\\/transportjournal.com\\\/fr\\\/#\\\/schema\\\/person\\\/cf538b3157f15afd7589245a4b3dbd25\",\"name\":\"Andreas Haug\",\"url\":\"https:\\\/\\\/transportjournal.com\\\/fr\\\/author\\\/andreas\\\/\"}]}<\/script>\n<!-- \/ Yoast SEO plugin. -->","yoast_head_json":{"title":"Nouveau service de fret a\u00e9rien vers l'Europe - ITJ | International Transport Journal.","robots":{"index":"index","follow":"follow","max-snippet":"max-snippet:-1","max-image-preview":"max-image-preview:large","max-video-preview":"max-video-preview:-1"},"canonical":"https:\/\/transportjournal.com\/fr\/2026\/01\/26\/nouveau-service-de-fret-aerien-vers-leurope\/","og_locale":"fr_FR","og_type":"article","og_title":"Nouveau service de fret a\u00e9rien vers l'Europe - ITJ | International Transport Journal.","og_description":"DP World et la zone franche de Punta Cana ont lanc\u00e9 un nouveau service de fret a\u00e9rien vers l'Europe afin de renforcer la logistique de la R\u00e9publique dominicaine","og_url":"https:\/\/transportjournal.com\/fr\/2026\/01\/26\/nouveau-service-de-fret-aerien-vers-leurope\/","og_site_name":"ITJ | International Transport Journal","article_published_time":"2026-01-26T10:02:57+00:00","article_modified_time":"2026-01-26T13:09:26+00:00","og_image":[{"width":2560,"height":1441,"url":"https:\/\/transportjournal.com\/wp-content\/uploads\/sites\/2\/2026\/01\/DP-Woerld-movimiento-de-carga-tras-la-llegada-del-carguero-a-las-insta-scaled-aspect-ratio-1400-788-scaled-1.jpg","type":"image\/jpeg"}],"author":"Andreas Haug","twitter_card":"summary_large_image","twitter_misc":{"\u00c9crit par":"Andreas Haug","Dur\u00e9e de lecture estim\u00e9e":"3 minutes"},"schema":{"@context":"https:\/\/schema.org","@graph":[{"@type":"Article","@id":"https:\/\/transportjournal.com\/fr\/2026\/01\/26\/nouveau-service-de-fret-aerien-vers-leurope\/#article","isPartOf":{"@id":"https:\/\/transportjournal.com\/fr\/2026\/01\/26\/nouveau-service-de-fret-aerien-vers-leurope\/"},"author":{"name":"Andreas Haug","@id":"https:\/\/transportjournal.com\/fr\/#\/schema\/person\/cf538b3157f15afd7589245a4b3dbd25"},"headline":"Nouveau service de fret a\u00e9rien vers l&rsquo;Europe","datePublished":"2026-01-26T10:02:57+00:00","dateModified":"2026-01-26T13:09:26+00:00","mainEntityOfPage":{"@id":"https:\/\/transportjournal.com\/fr\/2026\/01\/26\/nouveau-service-de-fret-aerien-vers-leurope\/"},"wordCount":528,"commentCount":0,"publisher":{"@id":"https:\/\/transportjournal.com\/fr\/#organization"},"image":{"@id":"https:\/\/transportjournal.com\/fr\/2026\/01\/26\/nouveau-service-de-fret-aerien-vers-leurope\/#primaryimage"},"thumbnailUrl":"https:\/\/transportjournal.com\/wp-content\/uploads\/sites\/2\/2026\/01\/DP-Woerld-movimiento-de-carga-tras-la-llegada-del-carguero-a-las-insta-scaled-aspect-ratio-1400-788-scaled-1.jpg","keywords":["air freight service 2024","avions cargo","cargaison sensible \u00e0 la temp\u00e9rature","cargo aircraft","centre de fret a\u00e9rien de Punta Cana","cold storage for cargo","connexions commerciales Europe","Deutsch Luftfracht","DP World","export markets Europe","Exportm\u00e4rkte Europa","Frachtflugzeuge","Frachtservice Kanada","freight service Canada","fret a\u00e9rien Am\u00e9rique du Sud","fret a\u00e9rien international","Handelsverbindungen Europa","infrastructure for air freight","infrastructure pour fret a\u00e9rien","Infrastruktur f\u00fcr Luftfracht","international air freight","internationale Luftfracht","K\u00fchlraum f\u00fcr Fracht","logistics Dominican Republic","logistics service providers","Logistik Dominikanische Republik","Logistikdienstleister","logistique R\u00e9publique dominicaine","Luftfrachtservice 2024","Luftfrachtzentrum Punta Cana","marchandises sensibles au temps","march\u00e9s d'exportation Europe","nachhaltiger Luftfrachtverkehr","optimisation du fret en transit","optimizing transit cargo","pharmaceuticals transport","Pharmazeutika Transport","prestataires de services logistiques","Punta Cana","Punta Cana air freight center","service de fret a\u00e9rien 2024","service de fret Canada","South America air freight","stockage frigorifique pour fret","S\u00fcdamerika Luftfracht","sustainable air freight traffic","temperature-sensitive cargo","temperaturempfindliche Fracht","time-sensitive goods Fran\u00e7ais Fret a\u00e9rien","trade connections Europe","trafic de fret a\u00e9rien durable","Transitfracht optimieren","transport de produits pharmaceutiques","zeitkritische G\u00fcter English Air freight"],"articleSection":["Am\u00e9riques","Fret a\u00e9rien","L'Europe"],"inLanguage":"fr-FR","potentialAction":[{"@type":"CommentAction","name":"Comment","target":["https:\/\/transportjournal.com\/fr\/2026\/01\/26\/nouveau-service-de-fret-aerien-vers-leurope\/#respond"]}]},{"@type":"WebPage","@id":"https:\/\/transportjournal.com\/fr\/2026\/01\/26\/nouveau-service-de-fret-aerien-vers-leurope\/","url":"https:\/\/transportjournal.com\/fr\/2026\/01\/26\/nouveau-service-de-fret-aerien-vers-leurope\/","name":"Nouveau service de fret a\u00e9rien vers l'Europe - ITJ | International Transport Journal.","isPartOf":{"@id":"https:\/\/transportjournal.com\/fr\/#website"},"primaryImageOfPage":{"@id":"https:\/\/transportjournal.com\/fr\/2026\/01\/26\/nouveau-service-de-fret-aerien-vers-leurope\/#primaryimage"},"image":{"@id":"https:\/\/transportjournal.com\/fr\/2026\/01\/26\/nouveau-service-de-fret-aerien-vers-leurope\/#primaryimage"},"thumbnailUrl":"https:\/\/transportjournal.com\/wp-content\/uploads\/sites\/2\/2026\/01\/DP-Woerld-movimiento-de-carga-tras-la-llegada-del-carguero-a-las-insta-scaled-aspect-ratio-1400-788-scaled-1.jpg","datePublished":"2026-01-26T10:02:57+00:00","dateModified":"2026-01-26T13:09:26+00:00","breadcrumb":{"@id":"https:\/\/transportjournal.com\/fr\/2026\/01\/26\/nouveau-service-de-fret-aerien-vers-leurope\/#breadcrumb"},"inLanguage":"fr-FR","potentialAction":[{"@type":"ReadAction","target":["https:\/\/transportjournal.com\/fr\/2026\/01\/26\/nouveau-service-de-fret-aerien-vers-leurope\/"]}]},{"@type":"ImageObject","inLanguage":"fr-FR","@id":"https:\/\/transportjournal.com\/fr\/2026\/01\/26\/nouveau-service-de-fret-aerien-vers-leurope\/#primaryimage","url":"https:\/\/transportjournal.com\/wp-content\/uploads\/sites\/2\/2026\/01\/DP-Woerld-movimiento-de-carga-tras-la-llegada-del-carguero-a-las-insta-scaled-aspect-ratio-1400-788-scaled-1.jpg","contentUrl":"https:\/\/transportjournal.com\/wp-content\/uploads\/sites\/2\/2026\/01\/DP-Woerld-movimiento-de-carga-tras-la-llegada-del-carguero-a-las-insta-scaled-aspect-ratio-1400-788-scaled-1.jpg","width":2560,"height":1441},{"@type":"BreadcrumbList","@id":"https:\/\/transportjournal.com\/fr\/2026\/01\/26\/nouveau-service-de-fret-aerien-vers-leurope\/#breadcrumb","itemListElement":[{"@type":"ListItem","position":1,"name":"Startseite","item":"https:\/\/transportjournal.com\/fr\/"},{"@type":"ListItem","position":2,"name":"Nouveau service de fret a\u00e9rien vers l&rsquo;Europe"}]},{"@type":"WebSite","@id":"https:\/\/transportjournal.com\/fr\/#website","url":"https:\/\/transportjournal.com\/fr\/","name":"ITJ | International Transport Journal","description":"Restez inform\u00e9 des derni\u00e8res nouvelles mondiales dans les secteurs du transport, de la logistique et de la cha\u00eene d'approvisionnement. Transport Journal fournit des informations d'experts, des analyses et des mises \u00e0 jour sur le transport maritime, l'aviation, l'intermodalit\u00e9 et l'exp\u00e9dition. ","publisher":{"@id":"https:\/\/transportjournal.com\/fr\/#organization"},"potentialAction":[{"@type":"SearchAction","target":{"@type":"EntryPoint","urlTemplate":"https:\/\/transportjournal.com\/fr\/?s={search_term_string}"},"query-input":{"@type":"PropertyValueSpecification","valueRequired":true,"valueName":"search_term_string"}}],"inLanguage":"fr-FR"},{"@type":"Organization","@id":"https:\/\/transportjournal.com\/fr\/#organization","name":"Groupe Logismedia AG","alternateName":"Logismedia Group AG","url":"https:\/\/transportjournal.com\/fr\/","logo":{"@type":"ImageObject","inLanguage":"fr-FR","@id":"https:\/\/transportjournal.com\/fr\/#\/schema\/logo\/image\/","url":"https:\/\/transportjournal.com\/wp-content\/uploads\/sites\/2\/2025\/09\/Logo_ITJ.png","contentUrl":"https:\/\/transportjournal.com\/wp-content\/uploads\/sites\/2\/2025\/09\/Logo_ITJ.png","width":799,"height":326,"caption":"Groupe Logismedia AG"},"image":{"@id":"https:\/\/transportjournal.com\/fr\/#\/schema\/logo\/image\/"},"sameAs":["https:\/\/www.linkedin.com\/company\/56456496\/admin\/dashboard\/","https:\/\/www.instagram.com\/logismediagroup\/","https:\/\/www.youtube.com\/@LogiamediaGroupAG"]},{"@type":"Person","@id":"https:\/\/transportjournal.com\/fr\/#\/schema\/person\/cf538b3157f15afd7589245a4b3dbd25","name":"Andreas Haug","url":"https:\/\/transportjournal.com\/fr\/author\/andreas\/"}]}},"_links":{"self":[{"href":"https:\/\/transportjournal.com\/fr\/wp-json\/wp\/v2\/posts\/74387","targetHints":{"allow":["GET"]}}],"collection":[{"href":"https:\/\/transportjournal.com\/fr\/wp-json\/wp\/v2\/posts"}],"about":[{"href":"https:\/\/transportjournal.com\/fr\/wp-json\/wp\/v2\/types\/post"}],"author":[{"embeddable":true,"href":"https:\/\/transportjournal.com\/fr\/wp-json\/wp\/v2\/users\/12"}],"replies":[{"embeddable":true,"href":"https:\/\/transportjournal.com\/fr\/wp-json\/wp\/v2\/comments?post=74387"}],"version-history":[{"count":1,"href":"https:\/\/transportjournal.com\/fr\/wp-json\/wp\/v2\/posts\/74387\/revisions"}],"predecessor-version":[{"id":74394,"href":"https:\/\/transportjournal.com\/fr\/wp-json\/wp\/v2\/posts\/74387\/revisions\/74394"}],"wp:featuredmedia":[{"embeddable":true,"href":"https:\/\/transportjournal.com\/fr\/wp-json\/wp\/v2\/media\/74385"}],"wp:attachment":[{"href":"https:\/\/transportjournal.com\/fr\/wp-json\/wp\/v2\/media?parent=74387"}],"wp:term":[{"taxonomy":"category","embeddable":true,"href":"https:\/\/transportjournal.com\/fr\/wp-json\/wp\/v2\/categories?post=74387"},{"taxonomy":"post_tag","embeddable":true,"href":"https:\/\/transportjournal.com\/fr\/wp-json\/wp\/v2\/tags?post=74387"}],"curies":[{"name":"wp","href":"https:\/\/api.w.org\/{rel}","templated":true}]}}