{"id":74349,"date":"2026-01-26T10:41:22","date_gmt":"2026-01-26T10:41:22","guid":{"rendered":"https:\/\/transportjournal.com\/2026\/01\/26\/ellerman-lance-un-service-de-courte-distance-baltex\/"},"modified":"2026-01-26T10:41:22","modified_gmt":"2026-01-26T10:41:22","slug":"ellerman-lance-un-service-de-courte-distance-baltex","status":"publish","type":"post","link":"https:\/\/transportjournal.com\/fr\/2026\/01\/26\/ellerman-lance-un-service-de-courte-distance-baltex\/","title":{"rendered":"Ellerman lance un service de courte distance BALTEX"},"content":{"rendered":"<p>Ellerman City Liners a lanc\u00e9 un nouveau service de courte distance qui relie la mer Baltique au Royaume-Uni et \u00e0 la r\u00e9gion Benelux. Ce service, connu sous le nom de &#8222;BALTEX&#8220;, repr\u00e9sente la premi\u00e8re route de ce type pour l&#8217;entreprise dans la r\u00e9gion, comme l&#8217;indique la soci\u00e9t\u00e9. Le service BALTEX est exploit\u00e9 dans une rotation hebdomadaire et dessert plusieurs ports. Ceux-ci incluent Riga en Lettonie, Gdynia en Pologne, Teesport et Tilbury au Royaume-Uni, Rotterdam aux Pays-Bas ainsi qu&#8217;Oslo en Norv\u00e8ge.<\/p>\n<p>Avec une capacit\u00e9 de 1 160 EVP par voyage, le service offre des connexions de transbordement vers l&#8217;Espagne et le Portugal via le port de Tilbury. Le lancement du service BALTEX \u00e9largit la pr\u00e9sence d&#8217;Ellerman City Liners dans les \u00c9tats baltes et vise \u00e0 renforcer la position de l&#8217;entreprise dans le corridor entre Rotterdam et Oslo. Le service BALTEX est le dernier ajout au portefeuille d&#8217;Ellerman City Liners, qui comprend d\u00e9j\u00e0 six autres services de courte distance en Europe du Nord, dont &#8222;iNEX 1&#8220;, &#8222;iNEX 2&#8220;, &#8222;iPEX 1 &amp; 2&#8220;, &#8222;iPEX 3&#8220; et &#8222;iBEX 1&#8220;.<\/p>\n<p><a href=\"https:\/\/ellermanlines.com\/\" target=\"_blank\" rel=\"noopener noreferrer\">www.ellermanlines.com<\/a><\/p>\n","protected":false},"excerpt":{"rendered":"<p>Ellerman City Liners a lanc\u00e9 le nouveau service de courte distance BALTEX, qui propose des liaisons hebdomadaires entre des ports cl\u00e9s de la mer Baltique et le Royaume-Uni ainsi que la r\u00e9gion Benelux.<\/p>\n","protected":false},"author":10,"featured_media":74347,"comment_status":"open","ping_status":"open","sticky":false,"template":"","format":"standard","meta":{"_acf_changed":false,"footnotes":""},"categories":[1587,1583],"tags":[9288,9289,9290,9291,9292,9293,9294,9295,2115,2116,2309,9296,4117,2122,9297,9298,2123,9299,9300,2125,9301,9302,2373,2133,1831,3725,9303,9304,3157,9305,2145,9306,9307,3114,9308,9309,9310,2148,9311,9312,9313,1884,6251,9314,9315,2106,3735,9316,9317,2155,1837,9318,9319],"class_list":["post-74349","post","type-post","status-publish","format-standard","has-post-thumbnail","hentry","category-leurope","category-transport-maritime-et-ports","tag-benelux-region","tag-capacite-de-conteneur-1160-evp","tag-connexions-maritimes-hebdomadaires","tag-container-capacity-1160-teu","tag-containerkapazitaet-1160-teu","tag-corridor-rotterdam-oslo","tag-deep-sea-ports","tag-deutsch-baltex","tag-digitalisierung-in-der-logistik","tag-digitalization-in-logistics","tag-durabilite-dans-le-transport","tag-ellerman-city-liners","tag-europe-du-nord","tag-fachkraeftemangel-logistik","tag-gdynia-hafen","tag-gdynia-port","tag-gestion-de-la-chaine-dapprovisionnement","tag-hafenbetrieb-ostsee","tag-hochsee-haefen","tag-industrie-du-transport","tag-korridor-rotterdam-oslo","tag-kurzstreckendienst-ostsee","tag-labor-shortage-logistics","tag-logistics-service-providers","tag-logistikdienstleister","tag-nachhaltigkeit-im-transport","tag-nordeuropa-english-baltex","tag-northern-europe-francais-baltex","tag-numerisation-dans-la-logistique","tag-operations-portuaires-mer-baltique","tag-penurie-de-main-doeuvre-logistique","tag-port-de-gdynia","tag-port-de-riga","tag-port-de-rotterdam","tag-port-de-teesport","tag-port-operations-baltic-sea","tag-ports-en-haute-mer","tag-prestataires-de-services-logistiques","tag-region-benelux","tag-riga-hafen","tag-riga-port","tag-rotterdam-hafen","tag-rotterdam-port","tag-service-de-courte-distance-mer-baltique","tag-short-sea-service-baltic-sea","tag-supply-chain-management","tag-sustainability-in-transport","tag-teesport-hafen","tag-teesport-port","tag-transport-industry","tag-transportwirtschaft","tag-weekly-shipping-connections","tag-woechentliche-schiffsverbindungen"],"acf":[],"yoast_head":"<!-- This site is optimized with the Yoast SEO plugin v27.3 - https:\/\/yoast.com\/product\/yoast-seo-wordpress\/ -->\n<title>Ellerman lance un service de courte distance BALTEX - ITJ | International Transport Journal.<\/title>\n<meta name=\"robots\" content=\"index, follow, max-snippet:-1, max-image-preview:large, max-video-preview:-1\" \/>\n<link rel=\"canonical\" href=\"https:\/\/transportjournal.com\/fr\/2026\/01\/26\/ellerman-lance-un-service-de-courte-distance-baltex\/\" \/>\n<meta property=\"og:locale\" content=\"fr_FR\" \/>\n<meta property=\"og:type\" content=\"article\" \/>\n<meta property=\"og:title\" content=\"Ellerman lance un service de courte distance BALTEX - ITJ | International Transport Journal.\" \/>\n<meta property=\"og:description\" content=\"Ellerman City Liners a lanc\u00e9 le nouveau service de courte distance BALTEX, qui propose des liaisons hebdomadaires entre des ports cl\u00e9s de la mer Baltique et le Royaume-Uni ainsi que la r\u00e9gion Benelux.\" \/>\n<meta property=\"og:url\" content=\"https:\/\/transportjournal.com\/fr\/2026\/01\/26\/ellerman-lance-un-service-de-courte-distance-baltex\/\" \/>\n<meta property=\"og:site_name\" content=\"ITJ | International Transport Journal\" \/>\n<meta property=\"article:published_time\" content=\"2026-01-26T10:41:22+00:00\" \/>\n<meta property=\"og:image\" content=\"https:\/\/transportjournal.com\/wp-content\/uploads\/sites\/2\/2026\/01\/AdobeStock_484795278-4-scaled-aspect-ratio-1400-788-scaled-1.jpeg\" \/>\n\t<meta property=\"og:image:width\" content=\"2560\" \/>\n\t<meta property=\"og:image:height\" content=\"1441\" \/>\n\t<meta property=\"og:image:type\" content=\"image\/jpeg\" \/>\n<meta name=\"author\" content=\"Jeremy Soland\" \/>\n<meta name=\"twitter:card\" content=\"summary_large_image\" \/>\n<meta name=\"twitter:label1\" content=\"\u00c9crit par\" \/>\n\t<meta name=\"twitter:data1\" content=\"Jeremy Soland\" \/>\n\t<meta name=\"twitter:label2\" content=\"Dur\u00e9e de lecture estim\u00e9e\" \/>\n\t<meta name=\"twitter:data2\" content=\"1 minute\" \/>\n<script type=\"application\/ld+json\" class=\"yoast-schema-graph\">{\"@context\":\"https:\\\/\\\/schema.org\",\"@graph\":[{\"@type\":\"Article\",\"@id\":\"https:\\\/\\\/transportjournal.com\\\/fr\\\/2026\\\/01\\\/26\\\/ellerman-lance-un-service-de-courte-distance-baltex\\\/#article\",\"isPartOf\":{\"@id\":\"https:\\\/\\\/transportjournal.com\\\/fr\\\/2026\\\/01\\\/26\\\/ellerman-lance-un-service-de-courte-distance-baltex\\\/\"},\"author\":{\"name\":\"Jeremy Soland\",\"@id\":\"https:\\\/\\\/transportjournal.com\\\/fr\\\/#\\\/schema\\\/person\\\/41d36b5474b623392fa613e97e2363fa\"},\"headline\":\"Ellerman lance un service de courte distance BALTEX\",\"datePublished\":\"2026-01-26T10:41:22+00:00\",\"mainEntityOfPage\":{\"@id\":\"https:\\\/\\\/transportjournal.com\\\/fr\\\/2026\\\/01\\\/26\\\/ellerman-lance-un-service-de-courte-distance-baltex\\\/\"},\"wordCount\":191,\"commentCount\":0,\"publisher\":{\"@id\":\"https:\\\/\\\/transportjournal.com\\\/fr\\\/#organization\"},\"image\":{\"@id\":\"https:\\\/\\\/transportjournal.com\\\/fr\\\/2026\\\/01\\\/26\\\/ellerman-lance-un-service-de-courte-distance-baltex\\\/#primaryimage\"},\"thumbnailUrl\":\"https:\\\/\\\/transportjournal.com\\\/wp-content\\\/uploads\\\/sites\\\/2\\\/2026\\\/01\\\/AdobeStock_484795278-4-scaled-aspect-ratio-1400-788-scaled-1.jpeg\",\"keywords\":[\"Benelux-Region\",\"capacit\u00e9 de conteneur 1160 EVP\",\"connexions maritimes hebdomadaires\",\"container capacity 1160 TEU\",\"Containerkapazit\u00e4t 1160 TEU\",\"corridor Rotterdam Oslo\",\"deep-sea ports\",\"Deutsch BALTEX\",\"Digitalisierung in der Logistik\",\"digitalization in logistics\",\"durabilit\u00e9 dans le transport\",\"Ellerman City Liners\",\"Europe du Nord\",\"Fachkr\u00e4ftemangel Logistik\",\"Gdynia Hafen\",\"Gdynia port\",\"gestion de la cha\u00eene d'approvisionnement\",\"Hafenbetrieb Ostsee\",\"Hochsee-H\u00e4fen\",\"industrie du transport\",\"Korridor Rotterdam Oslo\",\"Kurzstreckendienst Ostsee\",\"labor shortage logistics\",\"logistics service providers\",\"Logistikdienstleister\",\"Nachhaltigkeit im Transport\",\"Nordeuropa English BALTEX\",\"Northern Europe Fran\u00e7ais BALTEX\",\"num\u00e9risation dans la logistique\",\"op\u00e9rations portuaires mer Baltique\",\"p\u00e9nurie de main-d'\u0153uvre logistique\",\"port de Gdynia\",\"port de Riga\",\"port de Rotterdam\",\"port de Teesport\",\"port operations Baltic Sea\",\"ports en haute mer\",\"prestataires de services logistiques\",\"r\u00e9gion Benelux\",\"Riga Hafen\",\"Riga port\",\"Rotterdam Hafen\",\"Rotterdam port\",\"service de courte distance mer Baltique\",\"short sea service Baltic Sea\",\"Supply Chain Management\",\"sustainability in transport\",\"Teesport Hafen\",\"Teesport port\",\"transport industry\",\"Transportwirtschaft\",\"weekly shipping connections\",\"w\u00f6chentliche Schiffsverbindungen\"],\"articleSection\":[\"L'Europe\",\"Transport maritime et ports\"],\"inLanguage\":\"fr-FR\",\"potentialAction\":[{\"@type\":\"CommentAction\",\"name\":\"Comment\",\"target\":[\"https:\\\/\\\/transportjournal.com\\\/fr\\\/2026\\\/01\\\/26\\\/ellerman-lance-un-service-de-courte-distance-baltex\\\/#respond\"]}]},{\"@type\":\"WebPage\",\"@id\":\"https:\\\/\\\/transportjournal.com\\\/fr\\\/2026\\\/01\\\/26\\\/ellerman-lance-un-service-de-courte-distance-baltex\\\/\",\"url\":\"https:\\\/\\\/transportjournal.com\\\/fr\\\/2026\\\/01\\\/26\\\/ellerman-lance-un-service-de-courte-distance-baltex\\\/\",\"name\":\"Ellerman lance un service de courte distance BALTEX - ITJ | International Transport Journal.\",\"isPartOf\":{\"@id\":\"https:\\\/\\\/transportjournal.com\\\/fr\\\/#website\"},\"primaryImageOfPage\":{\"@id\":\"https:\\\/\\\/transportjournal.com\\\/fr\\\/2026\\\/01\\\/26\\\/ellerman-lance-un-service-de-courte-distance-baltex\\\/#primaryimage\"},\"image\":{\"@id\":\"https:\\\/\\\/transportjournal.com\\\/fr\\\/2026\\\/01\\\/26\\\/ellerman-lance-un-service-de-courte-distance-baltex\\\/#primaryimage\"},\"thumbnailUrl\":\"https:\\\/\\\/transportjournal.com\\\/wp-content\\\/uploads\\\/sites\\\/2\\\/2026\\\/01\\\/AdobeStock_484795278-4-scaled-aspect-ratio-1400-788-scaled-1.jpeg\",\"datePublished\":\"2026-01-26T10:41:22+00:00\",\"breadcrumb\":{\"@id\":\"https:\\\/\\\/transportjournal.com\\\/fr\\\/2026\\\/01\\\/26\\\/ellerman-lance-un-service-de-courte-distance-baltex\\\/#breadcrumb\"},\"inLanguage\":\"fr-FR\",\"potentialAction\":[{\"@type\":\"ReadAction\",\"target\":[\"https:\\\/\\\/transportjournal.com\\\/fr\\\/2026\\\/01\\\/26\\\/ellerman-lance-un-service-de-courte-distance-baltex\\\/\"]}]},{\"@type\":\"ImageObject\",\"inLanguage\":\"fr-FR\",\"@id\":\"https:\\\/\\\/transportjournal.com\\\/fr\\\/2026\\\/01\\\/26\\\/ellerman-lance-un-service-de-courte-distance-baltex\\\/#primaryimage\",\"url\":\"https:\\\/\\\/transportjournal.com\\\/wp-content\\\/uploads\\\/sites\\\/2\\\/2026\\\/01\\\/AdobeStock_484795278-4-scaled-aspect-ratio-1400-788-scaled-1.jpeg\",\"contentUrl\":\"https:\\\/\\\/transportjournal.com\\\/wp-content\\\/uploads\\\/sites\\\/2\\\/2026\\\/01\\\/AdobeStock_484795278-4-scaled-aspect-ratio-1400-788-scaled-1.jpeg\",\"width\":2560,\"height\":1441},{\"@type\":\"BreadcrumbList\",\"@id\":\"https:\\\/\\\/transportjournal.com\\\/fr\\\/2026\\\/01\\\/26\\\/ellerman-lance-un-service-de-courte-distance-baltex\\\/#breadcrumb\",\"itemListElement\":[{\"@type\":\"ListItem\",\"position\":1,\"name\":\"Startseite\",\"item\":\"https:\\\/\\\/transportjournal.com\\\/fr\\\/\"},{\"@type\":\"ListItem\",\"position\":2,\"name\":\"Ellerman lance un service de courte distance BALTEX\"}]},{\"@type\":\"WebSite\",\"@id\":\"https:\\\/\\\/transportjournal.com\\\/fr\\\/#website\",\"url\":\"https:\\\/\\\/transportjournal.com\\\/fr\\\/\",\"name\":\"ITJ | International Transport Journal\",\"description\":\"Restez inform\u00e9 des derni\u00e8res nouvelles mondiales dans les secteurs du transport, de la logistique et de la cha\u00eene d'approvisionnement. Transport Journal fournit des informations d'experts, des analyses et des mises \u00e0 jour sur le transport maritime, l'aviation, l'intermodalit\u00e9 et l'exp\u00e9dition. \",\"publisher\":{\"@id\":\"https:\\\/\\\/transportjournal.com\\\/fr\\\/#organization\"},\"potentialAction\":[{\"@type\":\"SearchAction\",\"target\":{\"@type\":\"EntryPoint\",\"urlTemplate\":\"https:\\\/\\\/transportjournal.com\\\/fr\\\/?s={search_term_string}\"},\"query-input\":{\"@type\":\"PropertyValueSpecification\",\"valueRequired\":true,\"valueName\":\"search_term_string\"}}],\"inLanguage\":\"fr-FR\"},{\"@type\":\"Organization\",\"@id\":\"https:\\\/\\\/transportjournal.com\\\/fr\\\/#organization\",\"name\":\"Groupe Logismedia AG\",\"alternateName\":\"Logismedia Group AG\",\"url\":\"https:\\\/\\\/transportjournal.com\\\/fr\\\/\",\"logo\":{\"@type\":\"ImageObject\",\"inLanguage\":\"fr-FR\",\"@id\":\"https:\\\/\\\/transportjournal.com\\\/fr\\\/#\\\/schema\\\/logo\\\/image\\\/\",\"url\":\"https:\\\/\\\/transportjournal.com\\\/wp-content\\\/uploads\\\/sites\\\/2\\\/2025\\\/09\\\/Logo_ITJ.png\",\"contentUrl\":\"https:\\\/\\\/transportjournal.com\\\/wp-content\\\/uploads\\\/sites\\\/2\\\/2025\\\/09\\\/Logo_ITJ.png\",\"width\":799,\"height\":326,\"caption\":\"Groupe Logismedia AG\"},\"image\":{\"@id\":\"https:\\\/\\\/transportjournal.com\\\/fr\\\/#\\\/schema\\\/logo\\\/image\\\/\"},\"sameAs\":[\"https:\\\/\\\/www.linkedin.com\\\/company\\\/56456496\\\/admin\\\/dashboard\\\/\",\"https:\\\/\\\/www.instagram.com\\\/logismediagroup\\\/\",\"https:\\\/\\\/www.youtube.com\\\/@LogiamediaGroupAG\"]},{\"@type\":\"Person\",\"@id\":\"https:\\\/\\\/transportjournal.com\\\/fr\\\/#\\\/schema\\\/person\\\/41d36b5474b623392fa613e97e2363fa\",\"name\":\"Jeremy Soland\",\"url\":\"https:\\\/\\\/transportjournal.com\\\/fr\\\/author\\\/jeremy\\\/\"}]}<\/script>\n<!-- \/ Yoast SEO plugin. -->","yoast_head_json":{"title":"Ellerman lance un service de courte distance BALTEX - ITJ | International Transport Journal.","robots":{"index":"index","follow":"follow","max-snippet":"max-snippet:-1","max-image-preview":"max-image-preview:large","max-video-preview":"max-video-preview:-1"},"canonical":"https:\/\/transportjournal.com\/fr\/2026\/01\/26\/ellerman-lance-un-service-de-courte-distance-baltex\/","og_locale":"fr_FR","og_type":"article","og_title":"Ellerman lance un service de courte distance BALTEX - ITJ | International Transport Journal.","og_description":"Ellerman City Liners a lanc\u00e9 le nouveau service de courte distance BALTEX, qui propose des liaisons hebdomadaires entre des ports cl\u00e9s de la mer Baltique et le Royaume-Uni ainsi que la r\u00e9gion Benelux.","og_url":"https:\/\/transportjournal.com\/fr\/2026\/01\/26\/ellerman-lance-un-service-de-courte-distance-baltex\/","og_site_name":"ITJ | International Transport Journal","article_published_time":"2026-01-26T10:41:22+00:00","og_image":[{"width":2560,"height":1441,"url":"https:\/\/transportjournal.com\/wp-content\/uploads\/sites\/2\/2026\/01\/AdobeStock_484795278-4-scaled-aspect-ratio-1400-788-scaled-1.jpeg","type":"image\/jpeg"}],"author":"Jeremy Soland","twitter_card":"summary_large_image","twitter_misc":{"\u00c9crit par":"Jeremy Soland","Dur\u00e9e de lecture estim\u00e9e":"1 minute"},"schema":{"@context":"https:\/\/schema.org","@graph":[{"@type":"Article","@id":"https:\/\/transportjournal.com\/fr\/2026\/01\/26\/ellerman-lance-un-service-de-courte-distance-baltex\/#article","isPartOf":{"@id":"https:\/\/transportjournal.com\/fr\/2026\/01\/26\/ellerman-lance-un-service-de-courte-distance-baltex\/"},"author":{"name":"Jeremy Soland","@id":"https:\/\/transportjournal.com\/fr\/#\/schema\/person\/41d36b5474b623392fa613e97e2363fa"},"headline":"Ellerman lance un service de courte distance BALTEX","datePublished":"2026-01-26T10:41:22+00:00","mainEntityOfPage":{"@id":"https:\/\/transportjournal.com\/fr\/2026\/01\/26\/ellerman-lance-un-service-de-courte-distance-baltex\/"},"wordCount":191,"commentCount":0,"publisher":{"@id":"https:\/\/transportjournal.com\/fr\/#organization"},"image":{"@id":"https:\/\/transportjournal.com\/fr\/2026\/01\/26\/ellerman-lance-un-service-de-courte-distance-baltex\/#primaryimage"},"thumbnailUrl":"https:\/\/transportjournal.com\/wp-content\/uploads\/sites\/2\/2026\/01\/AdobeStock_484795278-4-scaled-aspect-ratio-1400-788-scaled-1.jpeg","keywords":["Benelux-Region","capacit\u00e9 de conteneur 1160 EVP","connexions maritimes hebdomadaires","container capacity 1160 TEU","Containerkapazit\u00e4t 1160 TEU","corridor Rotterdam Oslo","deep-sea ports","Deutsch BALTEX","Digitalisierung in der Logistik","digitalization in logistics","durabilit\u00e9 dans le transport","Ellerman City Liners","Europe du Nord","Fachkr\u00e4ftemangel Logistik","Gdynia Hafen","Gdynia port","gestion de la cha\u00eene d'approvisionnement","Hafenbetrieb Ostsee","Hochsee-H\u00e4fen","industrie du transport","Korridor Rotterdam Oslo","Kurzstreckendienst Ostsee","labor shortage logistics","logistics service providers","Logistikdienstleister","Nachhaltigkeit im Transport","Nordeuropa English BALTEX","Northern Europe Fran\u00e7ais BALTEX","num\u00e9risation dans la logistique","op\u00e9rations portuaires mer Baltique","p\u00e9nurie de main-d'\u0153uvre logistique","port de Gdynia","port de Riga","port de Rotterdam","port de Teesport","port operations Baltic Sea","ports en haute mer","prestataires de services logistiques","r\u00e9gion Benelux","Riga Hafen","Riga port","Rotterdam Hafen","Rotterdam port","service de courte distance mer Baltique","short sea service Baltic Sea","Supply Chain Management","sustainability in transport","Teesport Hafen","Teesport port","transport industry","Transportwirtschaft","weekly shipping connections","w\u00f6chentliche Schiffsverbindungen"],"articleSection":["L'Europe","Transport maritime et ports"],"inLanguage":"fr-FR","potentialAction":[{"@type":"CommentAction","name":"Comment","target":["https:\/\/transportjournal.com\/fr\/2026\/01\/26\/ellerman-lance-un-service-de-courte-distance-baltex\/#respond"]}]},{"@type":"WebPage","@id":"https:\/\/transportjournal.com\/fr\/2026\/01\/26\/ellerman-lance-un-service-de-courte-distance-baltex\/","url":"https:\/\/transportjournal.com\/fr\/2026\/01\/26\/ellerman-lance-un-service-de-courte-distance-baltex\/","name":"Ellerman lance un service de courte distance BALTEX - ITJ | International Transport Journal.","isPartOf":{"@id":"https:\/\/transportjournal.com\/fr\/#website"},"primaryImageOfPage":{"@id":"https:\/\/transportjournal.com\/fr\/2026\/01\/26\/ellerman-lance-un-service-de-courte-distance-baltex\/#primaryimage"},"image":{"@id":"https:\/\/transportjournal.com\/fr\/2026\/01\/26\/ellerman-lance-un-service-de-courte-distance-baltex\/#primaryimage"},"thumbnailUrl":"https:\/\/transportjournal.com\/wp-content\/uploads\/sites\/2\/2026\/01\/AdobeStock_484795278-4-scaled-aspect-ratio-1400-788-scaled-1.jpeg","datePublished":"2026-01-26T10:41:22+00:00","breadcrumb":{"@id":"https:\/\/transportjournal.com\/fr\/2026\/01\/26\/ellerman-lance-un-service-de-courte-distance-baltex\/#breadcrumb"},"inLanguage":"fr-FR","potentialAction":[{"@type":"ReadAction","target":["https:\/\/transportjournal.com\/fr\/2026\/01\/26\/ellerman-lance-un-service-de-courte-distance-baltex\/"]}]},{"@type":"ImageObject","inLanguage":"fr-FR","@id":"https:\/\/transportjournal.com\/fr\/2026\/01\/26\/ellerman-lance-un-service-de-courte-distance-baltex\/#primaryimage","url":"https:\/\/transportjournal.com\/wp-content\/uploads\/sites\/2\/2026\/01\/AdobeStock_484795278-4-scaled-aspect-ratio-1400-788-scaled-1.jpeg","contentUrl":"https:\/\/transportjournal.com\/wp-content\/uploads\/sites\/2\/2026\/01\/AdobeStock_484795278-4-scaled-aspect-ratio-1400-788-scaled-1.jpeg","width":2560,"height":1441},{"@type":"BreadcrumbList","@id":"https:\/\/transportjournal.com\/fr\/2026\/01\/26\/ellerman-lance-un-service-de-courte-distance-baltex\/#breadcrumb","itemListElement":[{"@type":"ListItem","position":1,"name":"Startseite","item":"https:\/\/transportjournal.com\/fr\/"},{"@type":"ListItem","position":2,"name":"Ellerman lance un service de courte distance BALTEX"}]},{"@type":"WebSite","@id":"https:\/\/transportjournal.com\/fr\/#website","url":"https:\/\/transportjournal.com\/fr\/","name":"ITJ | International Transport Journal","description":"Restez inform\u00e9 des derni\u00e8res nouvelles mondiales dans les secteurs du transport, de la logistique et de la cha\u00eene d'approvisionnement. Transport Journal fournit des informations d'experts, des analyses et des mises \u00e0 jour sur le transport maritime, l'aviation, l'intermodalit\u00e9 et l'exp\u00e9dition. ","publisher":{"@id":"https:\/\/transportjournal.com\/fr\/#organization"},"potentialAction":[{"@type":"SearchAction","target":{"@type":"EntryPoint","urlTemplate":"https:\/\/transportjournal.com\/fr\/?s={search_term_string}"},"query-input":{"@type":"PropertyValueSpecification","valueRequired":true,"valueName":"search_term_string"}}],"inLanguage":"fr-FR"},{"@type":"Organization","@id":"https:\/\/transportjournal.com\/fr\/#organization","name":"Groupe Logismedia AG","alternateName":"Logismedia Group AG","url":"https:\/\/transportjournal.com\/fr\/","logo":{"@type":"ImageObject","inLanguage":"fr-FR","@id":"https:\/\/transportjournal.com\/fr\/#\/schema\/logo\/image\/","url":"https:\/\/transportjournal.com\/wp-content\/uploads\/sites\/2\/2025\/09\/Logo_ITJ.png","contentUrl":"https:\/\/transportjournal.com\/wp-content\/uploads\/sites\/2\/2025\/09\/Logo_ITJ.png","width":799,"height":326,"caption":"Groupe Logismedia AG"},"image":{"@id":"https:\/\/transportjournal.com\/fr\/#\/schema\/logo\/image\/"},"sameAs":["https:\/\/www.linkedin.com\/company\/56456496\/admin\/dashboard\/","https:\/\/www.instagram.com\/logismediagroup\/","https:\/\/www.youtube.com\/@LogiamediaGroupAG"]},{"@type":"Person","@id":"https:\/\/transportjournal.com\/fr\/#\/schema\/person\/41d36b5474b623392fa613e97e2363fa","name":"Jeremy Soland","url":"https:\/\/transportjournal.com\/fr\/author\/jeremy\/"}]}},"_links":{"self":[{"href":"https:\/\/transportjournal.com\/fr\/wp-json\/wp\/v2\/posts\/74349","targetHints":{"allow":["GET"]}}],"collection":[{"href":"https:\/\/transportjournal.com\/fr\/wp-json\/wp\/v2\/posts"}],"about":[{"href":"https:\/\/transportjournal.com\/fr\/wp-json\/wp\/v2\/types\/post"}],"author":[{"embeddable":true,"href":"https:\/\/transportjournal.com\/fr\/wp-json\/wp\/v2\/users\/10"}],"replies":[{"embeddable":true,"href":"https:\/\/transportjournal.com\/fr\/wp-json\/wp\/v2\/comments?post=74349"}],"version-history":[{"count":0,"href":"https:\/\/transportjournal.com\/fr\/wp-json\/wp\/v2\/posts\/74349\/revisions"}],"wp:featuredmedia":[{"embeddable":true,"href":"https:\/\/transportjournal.com\/fr\/wp-json\/wp\/v2\/media\/74347"}],"wp:attachment":[{"href":"https:\/\/transportjournal.com\/fr\/wp-json\/wp\/v2\/media?parent=74349"}],"wp:term":[{"taxonomy":"category","embeddable":true,"href":"https:\/\/transportjournal.com\/fr\/wp-json\/wp\/v2\/categories?post=74349"},{"taxonomy":"post_tag","embeddable":true,"href":"https:\/\/transportjournal.com\/fr\/wp-json\/wp\/v2\/tags?post=74349"}],"curies":[{"name":"wp","href":"https:\/\/api.w.org\/{rel}","templated":true}]}}