{"id":74303,"date":"2026-01-26T09:22:58","date_gmt":"2026-01-26T09:22:58","guid":{"rendered":"https:\/\/transportjournal.com\/2026\/01\/26\/nouveau-president-chez-yang-ming\/"},"modified":"2026-01-26T09:22:58","modified_gmt":"2026-01-26T09:22:58","slug":"nouveau-president-chez-yang-ming","status":"publish","type":"post","link":"https:\/\/transportjournal.com\/fr\/2026\/01\/26\/nouveau-president-chez-yang-ming\/","title":{"rendered":"Nouveau pr\u00e9sident chez Yang Ming"},"content":{"rendered":"<p>Yang Ming Marine Transport Corp. a d\u00e9cid\u00e9 lors de sa 410e r\u00e9union du conseil d&#8217;administration, le 23 janvier 2026, de nommer un nouveau pr\u00e9sident. L&#8217;actuel pr\u00e9sident, Cliff Pai, a demand\u00e9 \u00e0 d\u00e9missionner. Kevin Lee, l&#8217;ancien directeur commercial et vice-pr\u00e9sident senior, prendra ses fonctions \u00e0 partir du 10 f\u00e9vrier 2026.<\/p>\n<p>Kevin Lee est titulaire d&#8217;un dipl\u00f4me de Bachelor en commerce international de l&#8217;Universit\u00e9 nationale de Ta\u00efwan ainsi que d&#8217;un MBA de la Claremont Graduate University aux \u00c9tats-Unis. Il a rejoint l&#8217;entreprise en 1997 et a commenc\u00e9 sa carri\u00e8re en tant que commercial. Lee a travaill\u00e9 sur des march\u00e9s cl\u00e9s tels que la Chine, les \u00c9tats-Unis et l&#8217;Europe, et a pr\u00e9c\u00e9demment dirig\u00e9 le d\u00e9partement commercial ainsi que le d\u00e9partement des filiales. Depuis sa nomination en tant que directeur commercial en 2023, il a supervis\u00e9 la performance commerciale mondiale, faisant preuve d&#8217;habilet\u00e9 strat\u00e9gique dans le d\u00e9veloppement de nouveaux march\u00e9s, la gestion des comptes cl\u00e9s et la direction des strat\u00e9gies d&#8217;investissement.<\/p>\n<p>Cliff Pai, en poste depuis le 1er ao\u00fbt 2024, a fait avancer les initiatives strat\u00e9giques de l&#8217;entreprise en accord avec la vision du pr\u00e9sident Dr. Chuck Tsai. En \u00e9troite collaboration avec l&#8217;\u00e9quipe de Yang Ming, il s&#8217;est concentr\u00e9 sur le renforcement de l&#8217;activit\u00e9 principale dans le secteur du transport maritime et a jou\u00e9 un r\u00f4le cl\u00e9 dans la d\u00e9finition de l&#8217;orientation strat\u00e9gique de l&#8217;entreprise. L&#8217;accent a \u00e9t\u00e9 mis sur un d\u00e9veloppement durable, la croissance des affaires, la transformation num\u00e9rique et la r\u00e9forme organisationnelle. Parmi les initiatives majeures de son mandat figurent le plan d&#8217;optimisation de la flotte et des conteneurs, la prolongation du contrat de location \u00e0 long terme pour le terminal n\u00b0 70 au port de Kaohsiung, ainsi que l&#8217;acc\u00e9l\u00e9ration de la mise en place du Centre de services mondial. Ces mesures ont \u00e9tabli une base solide pour la r\u00e9silience op\u00e9rationnelle \u00e0 long terme et le d\u00e9veloppement durable de Yang Ming.<\/p>\n<p>En regardant vers l&#8217;avenir, Yang Ming est bien positionn\u00e9 pour soutenir le commerce mondial et la croissance \u00e9conomique. Sous la vision strat\u00e9gique du pr\u00e9sident Dr. Tsai et l&#8217;accent mis sur l&#8217;innovation num\u00e9rique ainsi que l&#8217;expertise commerciale du nouveau pr\u00e9sident Kevin Lee, l&#8217;entreprise vise \u00e0 atteindre une part de march\u00e9 de 3,0 \u00e0 3,5 % dans le transport de conteneurs mondial d&#8217;ici 2032. L&#8217;\u00e9quipe de Yang Ming devrait continuer \u00e0 renforcer la performance globale et \u00e0 viser une croissance durable.<\/p>\n<p>&nbsp;<\/p>\n<p><a href=\"https:\/\/www.yangming.com\/\" target=\"_blank\" rel=\"noopener noreferrer\">www.yangming.com<\/a><\/p>\n<p>&nbsp;<\/p>\n","protected":false},"excerpt":{"rendered":"<p>Yang Ming Marine Transport Corp. a nomm\u00e9 Kevin Lee nouveau pr\u00e9sident pour faire avancer la vision strat\u00e9gique de l&rsquo;entreprise jusqu&rsquo;en 2032.<\/p>\n","protected":false},"author":12,"featured_media":74301,"comment_status":"open","ping_status":"open","sticky":false,"template":"","format":"standard","meta":{"_acf_changed":false,"footnotes":""},"categories":[1586,1579,1583],"tags":[],"class_list":["post-74303","post","type-post","status-publish","format-standard","has-post-thumbnail","hentry","category-asie-pacifique","category-personnes-et-entreprises","category-transport-maritime-et-ports"],"acf":[],"yoast_head":"<!-- This site is optimized with the Yoast SEO plugin v27.3 - https:\/\/yoast.com\/product\/yoast-seo-wordpress\/ -->\n<title>Nouveau pr\u00e9sident chez Yang Ming - ITJ | International Transport Journal.<\/title>\n<meta name=\"robots\" content=\"index, follow, max-snippet:-1, max-image-preview:large, max-video-preview:-1\" \/>\n<link rel=\"canonical\" href=\"https:\/\/transportjournal.com\/fr\/2026\/01\/26\/nouveau-president-chez-yang-ming\/\" \/>\n<meta property=\"og:locale\" content=\"fr_FR\" \/>\n<meta property=\"og:type\" content=\"article\" \/>\n<meta property=\"og:title\" content=\"Nouveau pr\u00e9sident chez Yang Ming - ITJ | International Transport Journal.\" \/>\n<meta property=\"og:description\" content=\"Yang Ming Marine Transport Corp. a nomm\u00e9 Kevin Lee nouveau pr\u00e9sident pour faire avancer la vision strat\u00e9gique de l&#039;entreprise jusqu&#039;en 2032.\" \/>\n<meta property=\"og:url\" content=\"https:\/\/transportjournal.com\/fr\/2026\/01\/26\/nouveau-president-chez-yang-ming\/\" \/>\n<meta property=\"og:site_name\" content=\"ITJ | International Transport Journal\" \/>\n<meta property=\"article:published_time\" content=\"2026-01-26T09:22:58+00:00\" \/>\n<meta property=\"og:image\" content=\"https:\/\/transportjournal.com\/wp-content\/uploads\/sites\/2\/2026\/01\/Yang-Ming-1753241411289-aspect-ratio-1400-788-2.jpg\" \/>\n\t<meta property=\"og:image:width\" content=\"1626\" \/>\n\t<meta property=\"og:image:height\" content=\"915\" \/>\n\t<meta property=\"og:image:type\" content=\"image\/jpeg\" \/>\n<meta name=\"author\" content=\"Andreas Haug\" \/>\n<meta name=\"twitter:card\" content=\"summary_large_image\" \/>\n<meta name=\"twitter:label1\" content=\"\u00c9crit par\" \/>\n\t<meta name=\"twitter:data1\" content=\"Andreas Haug\" \/>\n\t<meta name=\"twitter:label2\" content=\"Dur\u00e9e de lecture estim\u00e9e\" \/>\n\t<meta name=\"twitter:data2\" content=\"2 minutes\" \/>\n<script type=\"application\/ld+json\" class=\"yoast-schema-graph\">{\"@context\":\"https:\\\/\\\/schema.org\",\"@graph\":[{\"@type\":\"Article\",\"@id\":\"https:\\\/\\\/transportjournal.com\\\/fr\\\/2026\\\/01\\\/26\\\/nouveau-president-chez-yang-ming\\\/#article\",\"isPartOf\":{\"@id\":\"https:\\\/\\\/transportjournal.com\\\/fr\\\/2026\\\/01\\\/26\\\/nouveau-president-chez-yang-ming\\\/\"},\"author\":{\"name\":\"Andreas Haug\",\"@id\":\"https:\\\/\\\/transportjournal.com\\\/fr\\\/#\\\/schema\\\/person\\\/cf538b3157f15afd7589245a4b3dbd25\"},\"headline\":\"Nouveau pr\u00e9sident chez Yang Ming\",\"datePublished\":\"2026-01-26T09:22:58+00:00\",\"mainEntityOfPage\":{\"@id\":\"https:\\\/\\\/transportjournal.com\\\/fr\\\/2026\\\/01\\\/26\\\/nouveau-president-chez-yang-ming\\\/\"},\"wordCount\":444,\"commentCount\":0,\"publisher\":{\"@id\":\"https:\\\/\\\/transportjournal.com\\\/fr\\\/#organization\"},\"image\":{\"@id\":\"https:\\\/\\\/transportjournal.com\\\/fr\\\/2026\\\/01\\\/26\\\/nouveau-president-chez-yang-ming\\\/#primaryimage\"},\"thumbnailUrl\":\"https:\\\/\\\/transportjournal.com\\\/wp-content\\\/uploads\\\/sites\\\/2\\\/2026\\\/01\\\/Yang-Ming-1753241411289-aspect-ratio-1400-788-2.jpg\",\"articleSection\":[\"Asie\\\/Pacifique\",\"Personnes et entreprises\",\"Transport maritime et ports\"],\"inLanguage\":\"fr-FR\",\"potentialAction\":[{\"@type\":\"CommentAction\",\"name\":\"Comment\",\"target\":[\"https:\\\/\\\/transportjournal.com\\\/fr\\\/2026\\\/01\\\/26\\\/nouveau-president-chez-yang-ming\\\/#respond\"]}]},{\"@type\":\"WebPage\",\"@id\":\"https:\\\/\\\/transportjournal.com\\\/fr\\\/2026\\\/01\\\/26\\\/nouveau-president-chez-yang-ming\\\/\",\"url\":\"https:\\\/\\\/transportjournal.com\\\/fr\\\/2026\\\/01\\\/26\\\/nouveau-president-chez-yang-ming\\\/\",\"name\":\"Nouveau pr\u00e9sident chez Yang Ming - ITJ | International Transport Journal.\",\"isPartOf\":{\"@id\":\"https:\\\/\\\/transportjournal.com\\\/fr\\\/#website\"},\"primaryImageOfPage\":{\"@id\":\"https:\\\/\\\/transportjournal.com\\\/fr\\\/2026\\\/01\\\/26\\\/nouveau-president-chez-yang-ming\\\/#primaryimage\"},\"image\":{\"@id\":\"https:\\\/\\\/transportjournal.com\\\/fr\\\/2026\\\/01\\\/26\\\/nouveau-president-chez-yang-ming\\\/#primaryimage\"},\"thumbnailUrl\":\"https:\\\/\\\/transportjournal.com\\\/wp-content\\\/uploads\\\/sites\\\/2\\\/2026\\\/01\\\/Yang-Ming-1753241411289-aspect-ratio-1400-788-2.jpg\",\"datePublished\":\"2026-01-26T09:22:58+00:00\",\"breadcrumb\":{\"@id\":\"https:\\\/\\\/transportjournal.com\\\/fr\\\/2026\\\/01\\\/26\\\/nouveau-president-chez-yang-ming\\\/#breadcrumb\"},\"inLanguage\":\"fr-FR\",\"potentialAction\":[{\"@type\":\"ReadAction\",\"target\":[\"https:\\\/\\\/transportjournal.com\\\/fr\\\/2026\\\/01\\\/26\\\/nouveau-president-chez-yang-ming\\\/\"]}]},{\"@type\":\"ImageObject\",\"inLanguage\":\"fr-FR\",\"@id\":\"https:\\\/\\\/transportjournal.com\\\/fr\\\/2026\\\/01\\\/26\\\/nouveau-president-chez-yang-ming\\\/#primaryimage\",\"url\":\"https:\\\/\\\/transportjournal.com\\\/wp-content\\\/uploads\\\/sites\\\/2\\\/2026\\\/01\\\/Yang-Ming-1753241411289-aspect-ratio-1400-788-2.jpg\",\"contentUrl\":\"https:\\\/\\\/transportjournal.com\\\/wp-content\\\/uploads\\\/sites\\\/2\\\/2026\\\/01\\\/Yang-Ming-1753241411289-aspect-ratio-1400-788-2.jpg\",\"width\":1626,\"height\":915},{\"@type\":\"BreadcrumbList\",\"@id\":\"https:\\\/\\\/transportjournal.com\\\/fr\\\/2026\\\/01\\\/26\\\/nouveau-president-chez-yang-ming\\\/#breadcrumb\",\"itemListElement\":[{\"@type\":\"ListItem\",\"position\":1,\"name\":\"Startseite\",\"item\":\"https:\\\/\\\/transportjournal.com\\\/fr\\\/\"},{\"@type\":\"ListItem\",\"position\":2,\"name\":\"Nouveau pr\u00e9sident chez Yang Ming\"}]},{\"@type\":\"WebSite\",\"@id\":\"https:\\\/\\\/transportjournal.com\\\/fr\\\/#website\",\"url\":\"https:\\\/\\\/transportjournal.com\\\/fr\\\/\",\"name\":\"ITJ | International Transport Journal\",\"description\":\"Restez inform\u00e9 des derni\u00e8res nouvelles mondiales dans les secteurs du transport, de la logistique et de la cha\u00eene d'approvisionnement. Transport Journal fournit des informations d'experts, des analyses et des mises \u00e0 jour sur le transport maritime, l'aviation, l'intermodalit\u00e9 et l'exp\u00e9dition. \",\"publisher\":{\"@id\":\"https:\\\/\\\/transportjournal.com\\\/fr\\\/#organization\"},\"potentialAction\":[{\"@type\":\"SearchAction\",\"target\":{\"@type\":\"EntryPoint\",\"urlTemplate\":\"https:\\\/\\\/transportjournal.com\\\/fr\\\/?s={search_term_string}\"},\"query-input\":{\"@type\":\"PropertyValueSpecification\",\"valueRequired\":true,\"valueName\":\"search_term_string\"}}],\"inLanguage\":\"fr-FR\"},{\"@type\":\"Organization\",\"@id\":\"https:\\\/\\\/transportjournal.com\\\/fr\\\/#organization\",\"name\":\"Groupe Logismedia AG\",\"alternateName\":\"Logismedia Group AG\",\"url\":\"https:\\\/\\\/transportjournal.com\\\/fr\\\/\",\"logo\":{\"@type\":\"ImageObject\",\"inLanguage\":\"fr-FR\",\"@id\":\"https:\\\/\\\/transportjournal.com\\\/fr\\\/#\\\/schema\\\/logo\\\/image\\\/\",\"url\":\"https:\\\/\\\/transportjournal.com\\\/wp-content\\\/uploads\\\/sites\\\/2\\\/2025\\\/09\\\/Logo_ITJ.png\",\"contentUrl\":\"https:\\\/\\\/transportjournal.com\\\/wp-content\\\/uploads\\\/sites\\\/2\\\/2025\\\/09\\\/Logo_ITJ.png\",\"width\":799,\"height\":326,\"caption\":\"Groupe Logismedia AG\"},\"image\":{\"@id\":\"https:\\\/\\\/transportjournal.com\\\/fr\\\/#\\\/schema\\\/logo\\\/image\\\/\"},\"sameAs\":[\"https:\\\/\\\/www.linkedin.com\\\/company\\\/56456496\\\/admin\\\/dashboard\\\/\",\"https:\\\/\\\/www.instagram.com\\\/logismediagroup\\\/\",\"https:\\\/\\\/www.youtube.com\\\/@LogiamediaGroupAG\"]},{\"@type\":\"Person\",\"@id\":\"https:\\\/\\\/transportjournal.com\\\/fr\\\/#\\\/schema\\\/person\\\/cf538b3157f15afd7589245a4b3dbd25\",\"name\":\"Andreas Haug\",\"url\":\"https:\\\/\\\/transportjournal.com\\\/fr\\\/author\\\/andreas\\\/\"}]}<\/script>\n<!-- \/ Yoast SEO plugin. -->","yoast_head_json":{"title":"Nouveau pr\u00e9sident chez Yang Ming - ITJ | International Transport Journal.","robots":{"index":"index","follow":"follow","max-snippet":"max-snippet:-1","max-image-preview":"max-image-preview:large","max-video-preview":"max-video-preview:-1"},"canonical":"https:\/\/transportjournal.com\/fr\/2026\/01\/26\/nouveau-president-chez-yang-ming\/","og_locale":"fr_FR","og_type":"article","og_title":"Nouveau pr\u00e9sident chez Yang Ming - ITJ | International Transport Journal.","og_description":"Yang Ming Marine Transport Corp. a nomm\u00e9 Kevin Lee nouveau pr\u00e9sident pour faire avancer la vision strat\u00e9gique de l'entreprise jusqu'en 2032.","og_url":"https:\/\/transportjournal.com\/fr\/2026\/01\/26\/nouveau-president-chez-yang-ming\/","og_site_name":"ITJ | International Transport Journal","article_published_time":"2026-01-26T09:22:58+00:00","og_image":[{"width":1626,"height":915,"url":"https:\/\/transportjournal.com\/wp-content\/uploads\/sites\/2\/2026\/01\/Yang-Ming-1753241411289-aspect-ratio-1400-788-2.jpg","type":"image\/jpeg"}],"author":"Andreas Haug","twitter_card":"summary_large_image","twitter_misc":{"\u00c9crit par":"Andreas Haug","Dur\u00e9e de lecture estim\u00e9e":"2 minutes"},"schema":{"@context":"https:\/\/schema.org","@graph":[{"@type":"Article","@id":"https:\/\/transportjournal.com\/fr\/2026\/01\/26\/nouveau-president-chez-yang-ming\/#article","isPartOf":{"@id":"https:\/\/transportjournal.com\/fr\/2026\/01\/26\/nouveau-president-chez-yang-ming\/"},"author":{"name":"Andreas Haug","@id":"https:\/\/transportjournal.com\/fr\/#\/schema\/person\/cf538b3157f15afd7589245a4b3dbd25"},"headline":"Nouveau pr\u00e9sident chez Yang Ming","datePublished":"2026-01-26T09:22:58+00:00","mainEntityOfPage":{"@id":"https:\/\/transportjournal.com\/fr\/2026\/01\/26\/nouveau-president-chez-yang-ming\/"},"wordCount":444,"commentCount":0,"publisher":{"@id":"https:\/\/transportjournal.com\/fr\/#organization"},"image":{"@id":"https:\/\/transportjournal.com\/fr\/2026\/01\/26\/nouveau-president-chez-yang-ming\/#primaryimage"},"thumbnailUrl":"https:\/\/transportjournal.com\/wp-content\/uploads\/sites\/2\/2026\/01\/Yang-Ming-1753241411289-aspect-ratio-1400-788-2.jpg","articleSection":["Asie\/Pacifique","Personnes et entreprises","Transport maritime et ports"],"inLanguage":"fr-FR","potentialAction":[{"@type":"CommentAction","name":"Comment","target":["https:\/\/transportjournal.com\/fr\/2026\/01\/26\/nouveau-president-chez-yang-ming\/#respond"]}]},{"@type":"WebPage","@id":"https:\/\/transportjournal.com\/fr\/2026\/01\/26\/nouveau-president-chez-yang-ming\/","url":"https:\/\/transportjournal.com\/fr\/2026\/01\/26\/nouveau-president-chez-yang-ming\/","name":"Nouveau pr\u00e9sident chez Yang Ming - ITJ | International Transport Journal.","isPartOf":{"@id":"https:\/\/transportjournal.com\/fr\/#website"},"primaryImageOfPage":{"@id":"https:\/\/transportjournal.com\/fr\/2026\/01\/26\/nouveau-president-chez-yang-ming\/#primaryimage"},"image":{"@id":"https:\/\/transportjournal.com\/fr\/2026\/01\/26\/nouveau-president-chez-yang-ming\/#primaryimage"},"thumbnailUrl":"https:\/\/transportjournal.com\/wp-content\/uploads\/sites\/2\/2026\/01\/Yang-Ming-1753241411289-aspect-ratio-1400-788-2.jpg","datePublished":"2026-01-26T09:22:58+00:00","breadcrumb":{"@id":"https:\/\/transportjournal.com\/fr\/2026\/01\/26\/nouveau-president-chez-yang-ming\/#breadcrumb"},"inLanguage":"fr-FR","potentialAction":[{"@type":"ReadAction","target":["https:\/\/transportjournal.com\/fr\/2026\/01\/26\/nouveau-president-chez-yang-ming\/"]}]},{"@type":"ImageObject","inLanguage":"fr-FR","@id":"https:\/\/transportjournal.com\/fr\/2026\/01\/26\/nouveau-president-chez-yang-ming\/#primaryimage","url":"https:\/\/transportjournal.com\/wp-content\/uploads\/sites\/2\/2026\/01\/Yang-Ming-1753241411289-aspect-ratio-1400-788-2.jpg","contentUrl":"https:\/\/transportjournal.com\/wp-content\/uploads\/sites\/2\/2026\/01\/Yang-Ming-1753241411289-aspect-ratio-1400-788-2.jpg","width":1626,"height":915},{"@type":"BreadcrumbList","@id":"https:\/\/transportjournal.com\/fr\/2026\/01\/26\/nouveau-president-chez-yang-ming\/#breadcrumb","itemListElement":[{"@type":"ListItem","position":1,"name":"Startseite","item":"https:\/\/transportjournal.com\/fr\/"},{"@type":"ListItem","position":2,"name":"Nouveau pr\u00e9sident chez Yang Ming"}]},{"@type":"WebSite","@id":"https:\/\/transportjournal.com\/fr\/#website","url":"https:\/\/transportjournal.com\/fr\/","name":"ITJ | International Transport Journal","description":"Restez inform\u00e9 des derni\u00e8res nouvelles mondiales dans les secteurs du transport, de la logistique et de la cha\u00eene d'approvisionnement. Transport Journal fournit des informations d'experts, des analyses et des mises \u00e0 jour sur le transport maritime, l'aviation, l'intermodalit\u00e9 et l'exp\u00e9dition. ","publisher":{"@id":"https:\/\/transportjournal.com\/fr\/#organization"},"potentialAction":[{"@type":"SearchAction","target":{"@type":"EntryPoint","urlTemplate":"https:\/\/transportjournal.com\/fr\/?s={search_term_string}"},"query-input":{"@type":"PropertyValueSpecification","valueRequired":true,"valueName":"search_term_string"}}],"inLanguage":"fr-FR"},{"@type":"Organization","@id":"https:\/\/transportjournal.com\/fr\/#organization","name":"Groupe Logismedia AG","alternateName":"Logismedia Group AG","url":"https:\/\/transportjournal.com\/fr\/","logo":{"@type":"ImageObject","inLanguage":"fr-FR","@id":"https:\/\/transportjournal.com\/fr\/#\/schema\/logo\/image\/","url":"https:\/\/transportjournal.com\/wp-content\/uploads\/sites\/2\/2025\/09\/Logo_ITJ.png","contentUrl":"https:\/\/transportjournal.com\/wp-content\/uploads\/sites\/2\/2025\/09\/Logo_ITJ.png","width":799,"height":326,"caption":"Groupe Logismedia AG"},"image":{"@id":"https:\/\/transportjournal.com\/fr\/#\/schema\/logo\/image\/"},"sameAs":["https:\/\/www.linkedin.com\/company\/56456496\/admin\/dashboard\/","https:\/\/www.instagram.com\/logismediagroup\/","https:\/\/www.youtube.com\/@LogiamediaGroupAG"]},{"@type":"Person","@id":"https:\/\/transportjournal.com\/fr\/#\/schema\/person\/cf538b3157f15afd7589245a4b3dbd25","name":"Andreas Haug","url":"https:\/\/transportjournal.com\/fr\/author\/andreas\/"}]}},"_links":{"self":[{"href":"https:\/\/transportjournal.com\/fr\/wp-json\/wp\/v2\/posts\/74303","targetHints":{"allow":["GET"]}}],"collection":[{"href":"https:\/\/transportjournal.com\/fr\/wp-json\/wp\/v2\/posts"}],"about":[{"href":"https:\/\/transportjournal.com\/fr\/wp-json\/wp\/v2\/types\/post"}],"author":[{"embeddable":true,"href":"https:\/\/transportjournal.com\/fr\/wp-json\/wp\/v2\/users\/12"}],"replies":[{"embeddable":true,"href":"https:\/\/transportjournal.com\/fr\/wp-json\/wp\/v2\/comments?post=74303"}],"version-history":[{"count":0,"href":"https:\/\/transportjournal.com\/fr\/wp-json\/wp\/v2\/posts\/74303\/revisions"}],"wp:featuredmedia":[{"embeddable":true,"href":"https:\/\/transportjournal.com\/fr\/wp-json\/wp\/v2\/media\/74301"}],"wp:attachment":[{"href":"https:\/\/transportjournal.com\/fr\/wp-json\/wp\/v2\/media?parent=74303"}],"wp:term":[{"taxonomy":"category","embeddable":true,"href":"https:\/\/transportjournal.com\/fr\/wp-json\/wp\/v2\/categories?post=74303"},{"taxonomy":"post_tag","embeddable":true,"href":"https:\/\/transportjournal.com\/fr\/wp-json\/wp\/v2\/tags?post=74303"}],"curies":[{"name":"wp","href":"https:\/\/api.w.org\/{rel}","templated":true}]}}