{"id":74287,"date":"2026-01-26T09:00:43","date_gmt":"2026-01-26T09:00:43","guid":{"rendered":"https:\/\/transportjournal.com\/2026\/01\/26\/fluctuations-des-prix-spot-des-camions\/"},"modified":"2026-01-26T09:00:43","modified_gmt":"2026-01-26T09:00:43","slug":"fluctuations-des-prix-spot-des-camions","status":"publish","type":"post","link":"https:\/\/transportjournal.com\/fr\/2026\/01\/26\/fluctuations-des-prix-spot-des-camions\/","title":{"rendered":"Fluctuations des prix spot des camions"},"content":{"rendered":"<p>Les d\u00e9veloppements r\u00e9cents sur le march\u00e9 du transport routier de marchandises montrent des fluctuations significatives des prix spot, selon le dernier rapport d&#8217;ACT Research, qui analyse les pr\u00e9visions de tarifs et de volumes dans le secteur du fret. Selon ce rapport, les prix spot ont augment\u00e9 de mani\u00e8re \u00e0 deux chiffres au cours des derni\u00e8res semaines de l&#8217;ann\u00e9e derni\u00e8re et au d\u00e9but de cette ann\u00e9e par rapport \u00e0 l&#8217;ann\u00e9e pr\u00e9c\u00e9dente. Ces augmentations de prix sont principalement dues \u00e0 des conditions m\u00e9t\u00e9orologiques extr\u00eames qui affectent la capacit\u00e9 du transport routier, selon ACT Research.<\/p>\n<h3>Analyse du march\u00e9 et d\u00e9veloppements futurs<\/h3>\n<p>Tim Denoyer, vice-pr\u00e9sident et analyste principal chez ACT Research, explique que l&#8217;augmentation des prix spot est \u00e9galement li\u00e9e \u00e0 une hausse des commandes de camions de classe 8 en d\u00e9cembre. Cela se produit dans un contexte o\u00f9 les conditions du transport routier se sont am\u00e9lior\u00e9es et o\u00f9 une certaine clart\u00e9 concernant les r\u00e9glementations sur les NOx de l&#8217;EPA pour 2027 a \u00e9merg\u00e9. Denoyer s&#8217;attend \u00e0 une l\u00e9g\u00e8re r\u00e9duction de la capacit\u00e9 en 2026, qui pourrait \u00e9galement se poursuivre en 2027.<\/p>\n<p>Denoyer souligne qu&#8217;il existe un potentiel pour une expansion \u00e9conomique plus large, notamment si la d\u00e9cision imminente de la Cour supr\u00eame sur les droits de douane conduit \u00e0 une r\u00e9duction des tarifs. Un tel d\u00e9veloppement pourrait entra\u00eener une d\u00e9sinflation g\u00e9n\u00e9ralis\u00e9e suppl\u00e9mentaire, ce qui donnerait \u00e0 la R\u00e9serve f\u00e9d\u00e9rale plus de marge de man\u0153uvre pour continuer \u00e0 abaisser les taux d&#8217;int\u00e9r\u00eat. Cela pourrait, \u00e0 son tour, avoir des effets positifs sur des secteurs sensibles au fret tels que la construction r\u00e9sidentielle et les biens durables.<\/p>\n<p><a href=\"https:\/\/www.actresearch.net\/\" target=\"_blank\" rel=\"noopener noreferrer\">www.actresearch.net<\/a><\/p>\n<p>&nbsp;<\/p>\n","protected":false},"excerpt":{"rendered":"<p>Les prix au comptant dans le transport routier augmentent en raison de conditions m\u00e9t\u00e9orologiques extr\u00eames et d&rsquo;une demande accrue de camions, ce qui influence les conditions du march\u00e9.<\/p>\n","protected":false},"author":10,"featured_media":74285,"comment_status":"open","ping_status":"open","sticky":false,"template":"","format":"standard","meta":{"_acf_changed":false,"footnotes":""},"categories":[1590,1580],"tags":[1921,9094,9095,5666,9096,5669,9097,9098,9099,3353,9100,9101,9102,9103,9104,9105,5136,9106,9107,9108,9109,9110,9111,9112,9113,9114,5148,5681,9115,9116,2622,9117,1800,9118,3379,5151,9119,9120,9121,9122,9123,2641,9124,9125,9126,9127,9128,3807,8592,9129,9130,9131,9132,9133,9134,9135],"class_list":["post-74287","post","type-post","status-publish","format-standard","has-post-thumbnail","hentry","category-ameriques","category-intermodal-route","tag-act-research","tag-analyse-du-marche-du-fret","tag-augmentations-de-prix-camion","tag-camions-de-classe-8","tag-capacite-de-transport-routier","tag-class-8-trucks","tag-conditions-meteorologiques-extremes-logistique","tag-desinflation-du-fret","tag-deutsch-lkw-transport","tag-digitalisierung-logistik","tag-disinflation-fracht","tag-economic-expansion-logistics","tag-epa-nox-regulations","tag-expansion-economique-logistique","tag-extreme-weather-conditions-logistics","tag-extreme-wetterbedingungen-logistik","tag-fachkraeftemangel-transport","tag-federal-reserve-interest-rates","tag-frachtsektor-trends","tag-freight-disinflation","tag-freight-market-analysis","tag-freight-sector-trends","tag-industrie-du-transport-france","tag-infrastructure-transport-routier","tag-infrastruktur-lkw-transport","tag-kapazitaet-lkw-transport","tag-labor-shortage-transport","tag-lkw-klasse-8","tag-lkw-preisentwicklung-english-truck-transport","tag-logistics-digitization","tag-logistique-durable","tag-marktanalyse-fracht","tag-nachhaltige-logistik","tag-nox-vorschriften-epa","tag-numerisation-logistique","tag-penurie-de-main-doeuvre-transport","tag-preiserhoehungen-lkw","tag-price-increases-trucking","tag-prix-spot-camions","tag-reglementations-nox-epa","tag-spotpreise-lkw","tag-sustainable-logistics","tag-tariffs-supreme-court","tag-tarifs-cour-supreme","tag-taux-dinteret-reserve-federale","tag-tendances-des-prix-des-camions","tag-tendances-du-secteur-du-fret","tag-transport-industry-usa","tag-transportwirtschaft-deutschland","tag-truck-spot-prices","tag-truck-transport-capacity","tag-trucking-infrastructure","tag-trucking-price-trends-francais-transport-routier","tag-wirtschaftliche-expansion-logistik","tag-zinssaetze-federal-reserve","tag-zoelle-oberster-gerichtshof"],"acf":[],"yoast_head":"<!-- This site is optimized with the Yoast SEO plugin v27.3 - https:\/\/yoast.com\/product\/yoast-seo-wordpress\/ -->\n<title>Fluctuations des prix spot des camions - ITJ | International Transport Journal.<\/title>\n<meta name=\"robots\" content=\"index, follow, max-snippet:-1, max-image-preview:large, max-video-preview:-1\" \/>\n<link rel=\"canonical\" href=\"https:\/\/transportjournal.com\/fr\/2026\/01\/26\/fluctuations-des-prix-spot-des-camions\/\" \/>\n<meta property=\"og:locale\" content=\"fr_FR\" \/>\n<meta property=\"og:type\" content=\"article\" \/>\n<meta property=\"og:title\" content=\"Fluctuations des prix spot des camions - ITJ | International Transport Journal.\" \/>\n<meta property=\"og:description\" content=\"Les prix au comptant dans le transport routier augmentent en raison de conditions m\u00e9t\u00e9orologiques extr\u00eames et d&#039;une demande accrue de camions, ce qui influence les conditions du march\u00e9.\" \/>\n<meta property=\"og:url\" content=\"https:\/\/transportjournal.com\/fr\/2026\/01\/26\/fluctuations-des-prix-spot-des-camions\/\" \/>\n<meta property=\"og:site_name\" content=\"ITJ | International Transport Journal\" \/>\n<meta property=\"article:published_time\" content=\"2026-01-26T09:00:43+00:00\" \/>\n<meta property=\"og:image\" content=\"https:\/\/transportjournal.com\/wp-content\/uploads\/sites\/2\/2026\/01\/Screenshot-2026-01-26-100845-aspect-ratio-1400-788.jpg\" \/>\n\t<meta property=\"og:image:width\" content=\"722\" \/>\n\t<meta property=\"og:image:height\" content=\"406\" \/>\n\t<meta property=\"og:image:type\" content=\"image\/jpeg\" \/>\n<meta name=\"author\" content=\"Jeremy Soland\" \/>\n<meta name=\"twitter:card\" content=\"summary_large_image\" \/>\n<meta name=\"twitter:label1\" content=\"\u00c9crit par\" \/>\n\t<meta name=\"twitter:data1\" content=\"Jeremy Soland\" \/>\n\t<meta name=\"twitter:label2\" content=\"Dur\u00e9e de lecture estim\u00e9e\" \/>\n\t<meta name=\"twitter:data2\" content=\"2 minutes\" \/>\n<script type=\"application\/ld+json\" class=\"yoast-schema-graph\">{\"@context\":\"https:\\\/\\\/schema.org\",\"@graph\":[{\"@type\":\"Article\",\"@id\":\"https:\\\/\\\/transportjournal.com\\\/fr\\\/2026\\\/01\\\/26\\\/fluctuations-des-prix-spot-des-camions\\\/#article\",\"isPartOf\":{\"@id\":\"https:\\\/\\\/transportjournal.com\\\/fr\\\/2026\\\/01\\\/26\\\/fluctuations-des-prix-spot-des-camions\\\/\"},\"author\":{\"name\":\"Jeremy Soland\",\"@id\":\"https:\\\/\\\/transportjournal.com\\\/fr\\\/#\\\/schema\\\/person\\\/41d36b5474b623392fa613e97e2363fa\"},\"headline\":\"Fluctuations des prix spot des camions\",\"datePublished\":\"2026-01-26T09:00:43+00:00\",\"mainEntityOfPage\":{\"@id\":\"https:\\\/\\\/transportjournal.com\\\/fr\\\/2026\\\/01\\\/26\\\/fluctuations-des-prix-spot-des-camions\\\/\"},\"wordCount\":309,\"commentCount\":0,\"publisher\":{\"@id\":\"https:\\\/\\\/transportjournal.com\\\/fr\\\/#organization\"},\"image\":{\"@id\":\"https:\\\/\\\/transportjournal.com\\\/fr\\\/2026\\\/01\\\/26\\\/fluctuations-des-prix-spot-des-camions\\\/#primaryimage\"},\"thumbnailUrl\":\"https:\\\/\\\/transportjournal.com\\\/wp-content\\\/uploads\\\/sites\\\/2\\\/2026\\\/01\\\/Screenshot-2026-01-26-100845-aspect-ratio-1400-788.jpg\",\"keywords\":[\"ACT Research\",\"analyse du march\u00e9 du fret\",\"augmentations de prix camion\",\"camions de classe 8\",\"capacit\u00e9 de transport routier\",\"Class 8 trucks\",\"conditions m\u00e9t\u00e9orologiques extr\u00eames logistique\",\"d\u00e9sinflation du fret\",\"Deutsch Lkw-Transport\",\"Digitalisierung Logistik\",\"Disinflation Fracht\",\"economic expansion logistics\",\"EPA NOx regulations\",\"expansion \u00e9conomique logistique\",\"extreme weather conditions logistics\",\"extreme Wetterbedingungen Logistik\",\"Fachkr\u00e4ftemangel Transport\",\"Federal Reserve interest rates\",\"Frachtsektor Trends\",\"freight disinflation\",\"freight market analysis\",\"freight sector trends\",\"industrie du transport France\",\"infrastructure transport routier\",\"Infrastruktur Lkw-Transport\",\"Kapazit\u00e4t Lkw-Transport\",\"labor shortage transport\",\"Lkw-Klasse 8\",\"Lkw-Preisentwicklung English truck transport\",\"logistics digitization\",\"logistique durable\",\"Marktanalyse Fracht\",\"nachhaltige Logistik\",\"NOx-Vorschriften EPA\",\"num\u00e9risation logistique\",\"p\u00e9nurie de main-d'\u0153uvre transport\",\"Preiserh\u00f6hungen Lkw\",\"price increases trucking\",\"prix spot camions\",\"r\u00e9glementations NOx EPA\",\"Spotpreise Lkw\",\"sustainable logistics\",\"tariffs Supreme Court\",\"tarifs Cour supr\u00eame\",\"taux d'int\u00e9r\u00eat R\u00e9serve f\u00e9d\u00e9rale\",\"tendances des prix des camions\",\"tendances du secteur du fret\",\"transport industry USA\",\"Transportwirtschaft Deutschland\",\"truck spot prices\",\"truck transport capacity\",\"trucking infrastructure\",\"trucking price trends Fran\u00e7ais transport routier\",\"wirtschaftliche Expansion Logistik\",\"Zinss\u00e4tze Federal Reserve\",\"Z\u00f6lle Oberster Gerichtshof\"],\"articleSection\":[\"Am\u00e9riques\",\"Intermodal \\\/ Route\"],\"inLanguage\":\"fr-FR\",\"potentialAction\":[{\"@type\":\"CommentAction\",\"name\":\"Comment\",\"target\":[\"https:\\\/\\\/transportjournal.com\\\/fr\\\/2026\\\/01\\\/26\\\/fluctuations-des-prix-spot-des-camions\\\/#respond\"]}]},{\"@type\":\"WebPage\",\"@id\":\"https:\\\/\\\/transportjournal.com\\\/fr\\\/2026\\\/01\\\/26\\\/fluctuations-des-prix-spot-des-camions\\\/\",\"url\":\"https:\\\/\\\/transportjournal.com\\\/fr\\\/2026\\\/01\\\/26\\\/fluctuations-des-prix-spot-des-camions\\\/\",\"name\":\"Fluctuations des prix spot des camions - ITJ | International Transport Journal.\",\"isPartOf\":{\"@id\":\"https:\\\/\\\/transportjournal.com\\\/fr\\\/#website\"},\"primaryImageOfPage\":{\"@id\":\"https:\\\/\\\/transportjournal.com\\\/fr\\\/2026\\\/01\\\/26\\\/fluctuations-des-prix-spot-des-camions\\\/#primaryimage\"},\"image\":{\"@id\":\"https:\\\/\\\/transportjournal.com\\\/fr\\\/2026\\\/01\\\/26\\\/fluctuations-des-prix-spot-des-camions\\\/#primaryimage\"},\"thumbnailUrl\":\"https:\\\/\\\/transportjournal.com\\\/wp-content\\\/uploads\\\/sites\\\/2\\\/2026\\\/01\\\/Screenshot-2026-01-26-100845-aspect-ratio-1400-788.jpg\",\"datePublished\":\"2026-01-26T09:00:43+00:00\",\"breadcrumb\":{\"@id\":\"https:\\\/\\\/transportjournal.com\\\/fr\\\/2026\\\/01\\\/26\\\/fluctuations-des-prix-spot-des-camions\\\/#breadcrumb\"},\"inLanguage\":\"fr-FR\",\"potentialAction\":[{\"@type\":\"ReadAction\",\"target\":[\"https:\\\/\\\/transportjournal.com\\\/fr\\\/2026\\\/01\\\/26\\\/fluctuations-des-prix-spot-des-camions\\\/\"]}]},{\"@type\":\"ImageObject\",\"inLanguage\":\"fr-FR\",\"@id\":\"https:\\\/\\\/transportjournal.com\\\/fr\\\/2026\\\/01\\\/26\\\/fluctuations-des-prix-spot-des-camions\\\/#primaryimage\",\"url\":\"https:\\\/\\\/transportjournal.com\\\/wp-content\\\/uploads\\\/sites\\\/2\\\/2026\\\/01\\\/Screenshot-2026-01-26-100845-aspect-ratio-1400-788.jpg\",\"contentUrl\":\"https:\\\/\\\/transportjournal.com\\\/wp-content\\\/uploads\\\/sites\\\/2\\\/2026\\\/01\\\/Screenshot-2026-01-26-100845-aspect-ratio-1400-788.jpg\",\"width\":722,\"height\":406},{\"@type\":\"BreadcrumbList\",\"@id\":\"https:\\\/\\\/transportjournal.com\\\/fr\\\/2026\\\/01\\\/26\\\/fluctuations-des-prix-spot-des-camions\\\/#breadcrumb\",\"itemListElement\":[{\"@type\":\"ListItem\",\"position\":1,\"name\":\"Startseite\",\"item\":\"https:\\\/\\\/transportjournal.com\\\/fr\\\/\"},{\"@type\":\"ListItem\",\"position\":2,\"name\":\"Fluctuations des prix spot des camions\"}]},{\"@type\":\"WebSite\",\"@id\":\"https:\\\/\\\/transportjournal.com\\\/fr\\\/#website\",\"url\":\"https:\\\/\\\/transportjournal.com\\\/fr\\\/\",\"name\":\"ITJ | International Transport Journal\",\"description\":\"Restez inform\u00e9 des derni\u00e8res nouvelles mondiales dans les secteurs du transport, de la logistique et de la cha\u00eene d'approvisionnement. Transport Journal fournit des informations d'experts, des analyses et des mises \u00e0 jour sur le transport maritime, l'aviation, l'intermodalit\u00e9 et l'exp\u00e9dition. \",\"publisher\":{\"@id\":\"https:\\\/\\\/transportjournal.com\\\/fr\\\/#organization\"},\"potentialAction\":[{\"@type\":\"SearchAction\",\"target\":{\"@type\":\"EntryPoint\",\"urlTemplate\":\"https:\\\/\\\/transportjournal.com\\\/fr\\\/?s={search_term_string}\"},\"query-input\":{\"@type\":\"PropertyValueSpecification\",\"valueRequired\":true,\"valueName\":\"search_term_string\"}}],\"inLanguage\":\"fr-FR\"},{\"@type\":\"Organization\",\"@id\":\"https:\\\/\\\/transportjournal.com\\\/fr\\\/#organization\",\"name\":\"Groupe Logismedia AG\",\"alternateName\":\"Logismedia Group AG\",\"url\":\"https:\\\/\\\/transportjournal.com\\\/fr\\\/\",\"logo\":{\"@type\":\"ImageObject\",\"inLanguage\":\"fr-FR\",\"@id\":\"https:\\\/\\\/transportjournal.com\\\/fr\\\/#\\\/schema\\\/logo\\\/image\\\/\",\"url\":\"https:\\\/\\\/transportjournal.com\\\/wp-content\\\/uploads\\\/sites\\\/2\\\/2025\\\/09\\\/Logo_ITJ.png\",\"contentUrl\":\"https:\\\/\\\/transportjournal.com\\\/wp-content\\\/uploads\\\/sites\\\/2\\\/2025\\\/09\\\/Logo_ITJ.png\",\"width\":799,\"height\":326,\"caption\":\"Groupe Logismedia AG\"},\"image\":{\"@id\":\"https:\\\/\\\/transportjournal.com\\\/fr\\\/#\\\/schema\\\/logo\\\/image\\\/\"},\"sameAs\":[\"https:\\\/\\\/www.linkedin.com\\\/company\\\/56456496\\\/admin\\\/dashboard\\\/\",\"https:\\\/\\\/www.instagram.com\\\/logismediagroup\\\/\",\"https:\\\/\\\/www.youtube.com\\\/@LogiamediaGroupAG\"]},{\"@type\":\"Person\",\"@id\":\"https:\\\/\\\/transportjournal.com\\\/fr\\\/#\\\/schema\\\/person\\\/41d36b5474b623392fa613e97e2363fa\",\"name\":\"Jeremy Soland\",\"url\":\"https:\\\/\\\/transportjournal.com\\\/fr\\\/author\\\/jeremy\\\/\"}]}<\/script>\n<!-- \/ Yoast SEO plugin. -->","yoast_head_json":{"title":"Fluctuations des prix spot des camions - ITJ | International Transport Journal.","robots":{"index":"index","follow":"follow","max-snippet":"max-snippet:-1","max-image-preview":"max-image-preview:large","max-video-preview":"max-video-preview:-1"},"canonical":"https:\/\/transportjournal.com\/fr\/2026\/01\/26\/fluctuations-des-prix-spot-des-camions\/","og_locale":"fr_FR","og_type":"article","og_title":"Fluctuations des prix spot des camions - ITJ | International Transport Journal.","og_description":"Les prix au comptant dans le transport routier augmentent en raison de conditions m\u00e9t\u00e9orologiques extr\u00eames et d'une demande accrue de camions, ce qui influence les conditions du march\u00e9.","og_url":"https:\/\/transportjournal.com\/fr\/2026\/01\/26\/fluctuations-des-prix-spot-des-camions\/","og_site_name":"ITJ | International Transport Journal","article_published_time":"2026-01-26T09:00:43+00:00","og_image":[{"width":722,"height":406,"url":"https:\/\/transportjournal.com\/wp-content\/uploads\/sites\/2\/2026\/01\/Screenshot-2026-01-26-100845-aspect-ratio-1400-788.jpg","type":"image\/jpeg"}],"author":"Jeremy Soland","twitter_card":"summary_large_image","twitter_misc":{"\u00c9crit par":"Jeremy Soland","Dur\u00e9e de lecture estim\u00e9e":"2 minutes"},"schema":{"@context":"https:\/\/schema.org","@graph":[{"@type":"Article","@id":"https:\/\/transportjournal.com\/fr\/2026\/01\/26\/fluctuations-des-prix-spot-des-camions\/#article","isPartOf":{"@id":"https:\/\/transportjournal.com\/fr\/2026\/01\/26\/fluctuations-des-prix-spot-des-camions\/"},"author":{"name":"Jeremy Soland","@id":"https:\/\/transportjournal.com\/fr\/#\/schema\/person\/41d36b5474b623392fa613e97e2363fa"},"headline":"Fluctuations des prix spot des camions","datePublished":"2026-01-26T09:00:43+00:00","mainEntityOfPage":{"@id":"https:\/\/transportjournal.com\/fr\/2026\/01\/26\/fluctuations-des-prix-spot-des-camions\/"},"wordCount":309,"commentCount":0,"publisher":{"@id":"https:\/\/transportjournal.com\/fr\/#organization"},"image":{"@id":"https:\/\/transportjournal.com\/fr\/2026\/01\/26\/fluctuations-des-prix-spot-des-camions\/#primaryimage"},"thumbnailUrl":"https:\/\/transportjournal.com\/wp-content\/uploads\/sites\/2\/2026\/01\/Screenshot-2026-01-26-100845-aspect-ratio-1400-788.jpg","keywords":["ACT Research","analyse du march\u00e9 du fret","augmentations de prix camion","camions de classe 8","capacit\u00e9 de transport routier","Class 8 trucks","conditions m\u00e9t\u00e9orologiques extr\u00eames logistique","d\u00e9sinflation du fret","Deutsch Lkw-Transport","Digitalisierung Logistik","Disinflation Fracht","economic expansion logistics","EPA NOx regulations","expansion \u00e9conomique logistique","extreme weather conditions logistics","extreme Wetterbedingungen Logistik","Fachkr\u00e4ftemangel Transport","Federal Reserve interest rates","Frachtsektor Trends","freight disinflation","freight market analysis","freight sector trends","industrie du transport France","infrastructure transport routier","Infrastruktur Lkw-Transport","Kapazit\u00e4t Lkw-Transport","labor shortage transport","Lkw-Klasse 8","Lkw-Preisentwicklung English truck transport","logistics digitization","logistique durable","Marktanalyse Fracht","nachhaltige Logistik","NOx-Vorschriften EPA","num\u00e9risation logistique","p\u00e9nurie de main-d'\u0153uvre transport","Preiserh\u00f6hungen Lkw","price increases trucking","prix spot camions","r\u00e9glementations NOx EPA","Spotpreise Lkw","sustainable logistics","tariffs Supreme Court","tarifs Cour supr\u00eame","taux d'int\u00e9r\u00eat R\u00e9serve f\u00e9d\u00e9rale","tendances des prix des camions","tendances du secteur du fret","transport industry USA","Transportwirtschaft Deutschland","truck spot prices","truck transport capacity","trucking infrastructure","trucking price trends Fran\u00e7ais transport routier","wirtschaftliche Expansion Logistik","Zinss\u00e4tze Federal Reserve","Z\u00f6lle Oberster Gerichtshof"],"articleSection":["Am\u00e9riques","Intermodal \/ Route"],"inLanguage":"fr-FR","potentialAction":[{"@type":"CommentAction","name":"Comment","target":["https:\/\/transportjournal.com\/fr\/2026\/01\/26\/fluctuations-des-prix-spot-des-camions\/#respond"]}]},{"@type":"WebPage","@id":"https:\/\/transportjournal.com\/fr\/2026\/01\/26\/fluctuations-des-prix-spot-des-camions\/","url":"https:\/\/transportjournal.com\/fr\/2026\/01\/26\/fluctuations-des-prix-spot-des-camions\/","name":"Fluctuations des prix spot des camions - ITJ | International Transport Journal.","isPartOf":{"@id":"https:\/\/transportjournal.com\/fr\/#website"},"primaryImageOfPage":{"@id":"https:\/\/transportjournal.com\/fr\/2026\/01\/26\/fluctuations-des-prix-spot-des-camions\/#primaryimage"},"image":{"@id":"https:\/\/transportjournal.com\/fr\/2026\/01\/26\/fluctuations-des-prix-spot-des-camions\/#primaryimage"},"thumbnailUrl":"https:\/\/transportjournal.com\/wp-content\/uploads\/sites\/2\/2026\/01\/Screenshot-2026-01-26-100845-aspect-ratio-1400-788.jpg","datePublished":"2026-01-26T09:00:43+00:00","breadcrumb":{"@id":"https:\/\/transportjournal.com\/fr\/2026\/01\/26\/fluctuations-des-prix-spot-des-camions\/#breadcrumb"},"inLanguage":"fr-FR","potentialAction":[{"@type":"ReadAction","target":["https:\/\/transportjournal.com\/fr\/2026\/01\/26\/fluctuations-des-prix-spot-des-camions\/"]}]},{"@type":"ImageObject","inLanguage":"fr-FR","@id":"https:\/\/transportjournal.com\/fr\/2026\/01\/26\/fluctuations-des-prix-spot-des-camions\/#primaryimage","url":"https:\/\/transportjournal.com\/wp-content\/uploads\/sites\/2\/2026\/01\/Screenshot-2026-01-26-100845-aspect-ratio-1400-788.jpg","contentUrl":"https:\/\/transportjournal.com\/wp-content\/uploads\/sites\/2\/2026\/01\/Screenshot-2026-01-26-100845-aspect-ratio-1400-788.jpg","width":722,"height":406},{"@type":"BreadcrumbList","@id":"https:\/\/transportjournal.com\/fr\/2026\/01\/26\/fluctuations-des-prix-spot-des-camions\/#breadcrumb","itemListElement":[{"@type":"ListItem","position":1,"name":"Startseite","item":"https:\/\/transportjournal.com\/fr\/"},{"@type":"ListItem","position":2,"name":"Fluctuations des prix spot des camions"}]},{"@type":"WebSite","@id":"https:\/\/transportjournal.com\/fr\/#website","url":"https:\/\/transportjournal.com\/fr\/","name":"ITJ | International Transport Journal","description":"Restez inform\u00e9 des derni\u00e8res nouvelles mondiales dans les secteurs du transport, de la logistique et de la cha\u00eene d'approvisionnement. Transport Journal fournit des informations d'experts, des analyses et des mises \u00e0 jour sur le transport maritime, l'aviation, l'intermodalit\u00e9 et l'exp\u00e9dition. ","publisher":{"@id":"https:\/\/transportjournal.com\/fr\/#organization"},"potentialAction":[{"@type":"SearchAction","target":{"@type":"EntryPoint","urlTemplate":"https:\/\/transportjournal.com\/fr\/?s={search_term_string}"},"query-input":{"@type":"PropertyValueSpecification","valueRequired":true,"valueName":"search_term_string"}}],"inLanguage":"fr-FR"},{"@type":"Organization","@id":"https:\/\/transportjournal.com\/fr\/#organization","name":"Groupe Logismedia AG","alternateName":"Logismedia Group AG","url":"https:\/\/transportjournal.com\/fr\/","logo":{"@type":"ImageObject","inLanguage":"fr-FR","@id":"https:\/\/transportjournal.com\/fr\/#\/schema\/logo\/image\/","url":"https:\/\/transportjournal.com\/wp-content\/uploads\/sites\/2\/2025\/09\/Logo_ITJ.png","contentUrl":"https:\/\/transportjournal.com\/wp-content\/uploads\/sites\/2\/2025\/09\/Logo_ITJ.png","width":799,"height":326,"caption":"Groupe Logismedia AG"},"image":{"@id":"https:\/\/transportjournal.com\/fr\/#\/schema\/logo\/image\/"},"sameAs":["https:\/\/www.linkedin.com\/company\/56456496\/admin\/dashboard\/","https:\/\/www.instagram.com\/logismediagroup\/","https:\/\/www.youtube.com\/@LogiamediaGroupAG"]},{"@type":"Person","@id":"https:\/\/transportjournal.com\/fr\/#\/schema\/person\/41d36b5474b623392fa613e97e2363fa","name":"Jeremy Soland","url":"https:\/\/transportjournal.com\/fr\/author\/jeremy\/"}]}},"_links":{"self":[{"href":"https:\/\/transportjournal.com\/fr\/wp-json\/wp\/v2\/posts\/74287","targetHints":{"allow":["GET"]}}],"collection":[{"href":"https:\/\/transportjournal.com\/fr\/wp-json\/wp\/v2\/posts"}],"about":[{"href":"https:\/\/transportjournal.com\/fr\/wp-json\/wp\/v2\/types\/post"}],"author":[{"embeddable":true,"href":"https:\/\/transportjournal.com\/fr\/wp-json\/wp\/v2\/users\/10"}],"replies":[{"embeddable":true,"href":"https:\/\/transportjournal.com\/fr\/wp-json\/wp\/v2\/comments?post=74287"}],"version-history":[{"count":0,"href":"https:\/\/transportjournal.com\/fr\/wp-json\/wp\/v2\/posts\/74287\/revisions"}],"wp:featuredmedia":[{"embeddable":true,"href":"https:\/\/transportjournal.com\/fr\/wp-json\/wp\/v2\/media\/74285"}],"wp:attachment":[{"href":"https:\/\/transportjournal.com\/fr\/wp-json\/wp\/v2\/media?parent=74287"}],"wp:term":[{"taxonomy":"category","embeddable":true,"href":"https:\/\/transportjournal.com\/fr\/wp-json\/wp\/v2\/categories?post=74287"},{"taxonomy":"post_tag","embeddable":true,"href":"https:\/\/transportjournal.com\/fr\/wp-json\/wp\/v2\/tags?post=74287"}],"curies":[{"name":"wp","href":"https:\/\/api.w.org\/{rel}","templated":true}]}}