{"id":74249,"date":"2026-01-23T15:03:25","date_gmt":"2026-01-23T15:03:25","guid":{"rendered":"https:\/\/transportjournal.com\/2026\/01\/23\/emirates-skycargo-en-permanence-a-lgg\/"},"modified":"2026-01-23T15:03:25","modified_gmt":"2026-01-23T15:03:25","slug":"emirates-skycargo-en-permanence-a-lgg","status":"publish","type":"post","link":"https:\/\/transportjournal.com\/fr\/2026\/01\/23\/emirates-skycargo-en-permanence-a-lgg\/","title":{"rendered":"Emirates SkyCargo en permanence \u00e0 LGG"},"content":{"rendered":"<p>Emirates SkyCargo a int\u00e9gr\u00e9 l&#8217;a\u00e9roport belge de Li\u00e8ge (LGG) dans son r\u00e9seau de vols cargo. Il s&#8217;agit de la premi\u00e8re nouvelle destination pour l&#8217;ann\u00e9e 2026, l&#8217;entreprise pr\u00e9voyant une expansion significative au cours de l&#8217;ann\u00e9e. Cette d\u00e9cision fait suite \u00e0 une demande soutenue, qui a \u00e9t\u00e9 satisfaite ces derni\u00e8res ann\u00e9es par des services ad hoc.<\/p>\n<p>L&#8217;a\u00e9roport de Li\u00e8ge est strat\u00e9giquement situ\u00e9 dans le soi-disant \u00ab triangle d&#8217;or \u00bb entre Amsterdam, Paris et Francfort, et est devenu l&#8217;un des centres de fret \u00e0 la croissance la plus rapide au monde. En 2025, l&#8217;a\u00e9roport a enregistr\u00e9 une augmentation du volume de fret de 14 %. Emirates SkyCargo avait d\u00e9j\u00e0 desservi Li\u00e8ge par le biais de vols cargo ad hoc (photo), pour transporter des produits sp\u00e9cialis\u00e9s tels que des fleurs fra\u00eeches et des colis de commerce \u00e9lectronique. De plus, des vols charters sp\u00e9ciaux pour les chevaux \u00e0 destination de comp\u00e9titions internationales ont \u00e9t\u00e9 propos\u00e9s. Avec cette nouvelle liaison r\u00e9guli\u00e8re, la capacit\u00e9 de fret disponible sera augment\u00e9e de 500 t par semaine.<\/p>\n<h3>Extension de l&#8217;offre de fret<\/h3>\n<p>Sur les cinq vols cargo hebdomadaires, trois \u00e9tabliront des liaisons entre Li\u00e8ge et l&#8217;a\u00e9roport international O&#8217;Hare de Chicago ainsi que l&#8217;a\u00e9roport international Al Maktoum de Duba\u00ef. Ces vols sont con\u00e7us pour transporter des produits pharmaceutiques sensibles \u00e0 la temp\u00e9rature via une cha\u00eene du froid continue. Les deux vols restants partent de Hong Kong et transportent des envois de commerce \u00e9lectronique vers et \u00e0 travers Li\u00e8ge.<\/p>\n<p>Khawla Abdulla, vice-pr\u00e9sidente du commerce cargo pour l&#8217;Europe chez Emirates SkyCargo, a d\u00e9clar\u00e9 : \u00ab L&#8217;int\u00e9gration de Li\u00e8ge dans notre r\u00e9seau de vols cargo est une \u00e9tape strat\u00e9gique qui renforce notre pr\u00e9sence en Europe et offre \u00e0 nos clients mondiaux une meilleure connectivit\u00e9. \u00bb En 2025, plus de 15 000 t de fret ont \u00e9t\u00e9 transport\u00e9es depuis la Belgique, tant par des vols cargo que par la capacit\u00e9 de soute des vols passagers vers Bruxelles. Abdulla s&#8217;attend \u00e0 une croissance significative avec l&#8217;introduction des cinq vols cargo hebdomadaires.<\/p>\n<p>Torsten Wefers, vice-pr\u00e9sident des ventes et du marketing \u00e0 l&#8217;a\u00e9roport de Li\u00e8ge, s&#8217;est \u00e9galement exprim\u00e9 positivement sur la nouvelle liaison : \u00ab Nous sommes honor\u00e9s qu&#8217;Emirates SkyCargo ait int\u00e9gr\u00e9 l&#8217;a\u00e9roport de Li\u00e8ge dans son r\u00e9seau mondial de vols cargo. Les nouveaux services r\u00e9guliers relient Li\u00e8ge \u00e0 d&#8217;autres a\u00e9roports mondiaux importants, y compris le hub d&#8217;Emirates SkyCargo \u00e0 Duba\u00ef. \u00bb Wefers a soulign\u00e9 l&#8217;importance croissante de l&#8217;a\u00e9roport pour l&#8217;industrie europ\u00e9enne du fret a\u00e9rien et le renforcement de sa position \u00ab en tant que plus grand hub de fret europ\u00e9en ax\u00e9 sur les produits pharmaceutiques, les produits frais, les animaux vivants et les livraisons express. \u00bb<\/p>\n<p>Emirates SkyCargo dessert l&#8217;Europe avec 38 avions cargo et 538 vols passagers par semaine. L&#8217;entreprise pr\u00e9voit d&#8217;\u00e9largir encore sa couverture, notamment par l&#8217;annonce de vols passagers vers Helsinki, qui devraient commencer en octobre 2026. Avec la livraison de jusqu&#8217;\u00e0 dix nouveaux Boeing 777F d&#8217;ici d\u00e9cembre 2026, Emirates SkyCargo sera en mesure d&#8217;\u00e9tendre son r\u00e9seau et de desservir d&#8217;autres destinations avec son produit et son service.<\/p>\n<p>&nbsp;<\/p>\n<p><a href=\"https:\/\/www.skycargo.com\/\" target=\"_blank\" rel=\"noopener noreferrer\">www.skycargo.com<\/a><\/p>\n<p>&nbsp;<\/p>\n","protected":false},"excerpt":{"rendered":"<p>Emirates SkyCargo \u00e9tend son r\u00e9seau de vols cargo \u00e0 Li\u00e8ge en Belgique pour r\u00e9pondre \u00e0 la demande croissante et augmenter consid\u00e9rablement la capacit\u00e9 de fret.<\/p>\n","protected":false},"author":12,"featured_media":74247,"comment_status":"open","ping_status":"open","sticky":false,"template":"","format":"standard","meta":{"_acf_changed":false,"footnotes":""},"categories":[1582,1587,1588],"tags":[9066,9067,7017,2648,2252,2794,5507,9068,5285,9069,9070,2800,9071,9072,9073,5289,9074,9075,2810,5291,9076,9077,5293,2655,9078,9079,9080,2817,2277,9081,9082,2045,9083,1962,2634,9084,9085,9086,9087,9088,7052,9089,9090,9091,5311],"class_list":["post-74249","post","type-post","status-publish","format-standard","has-post-thumbnail","hentry","category-fret-aerien","category-leurope","category-moyen-orient","tag-ad-hoc-cargo-flights","tag-ad-hoc-frachtfluege","tag-aeroport-de-liege","tag-air-freight","tag-air-freight-industry","tag-augmenter-la-capacite-de-fret","tag-avions-cargo","tag-cargo-aircraft-francais-emirates-skycargo","tag-cargo-flights","tag-cargo-network-europe","tag-competitions-internationales","tag-deutsch-emirates-skycargo","tag-e-commerce-shipments","tag-e-commerce-pakete","tag-envois-e-commerce","tag-frachtfluege","tag-frachtflugnetz-europa","tag-frachtflugzeuge-english-emirates-skycargo","tag-frachtkapazitaet-erhoehen","tag-frachtvolumen-2025","tag-frachtzentrum-belgien","tag-freight-hub-belgium","tag-freight-volume-2025","tag-fret-aerien","tag-golden-triangle","tag-goldenes-dreieck","tag-hub-de-fret-belgique","tag-increase-cargo-capacity","tag-industrie-du-fret-aerien","tag-international-competitions","tag-internationale-wettbewerbe","tag-liege-airport","tag-logistique-sous-temperature-controlee","tag-luftfracht","tag-luftfrachtindustrie","tag-pharmaceuticals-transport","tag-pharmazeutika-transport","tag-reseau-de-fret-europe","tag-temperature-controlled-logistics","tag-temperaturkontrollierte-logistik","tag-transport-de-produits-pharmaceutiques","tag-triangle-dor","tag-vols-cargo","tag-vols-cargo-ad-hoc","tag-volume-de-fret-2025"],"acf":[],"yoast_head":"<!-- This site is optimized with the Yoast SEO plugin v27.3 - https:\/\/yoast.com\/product\/yoast-seo-wordpress\/ -->\n<title>Emirates SkyCargo en permanence \u00e0 LGG - ITJ | International Transport Journal.<\/title>\n<meta name=\"robots\" content=\"index, follow, max-snippet:-1, max-image-preview:large, max-video-preview:-1\" \/>\n<link rel=\"canonical\" href=\"https:\/\/transportjournal.com\/fr\/2026\/01\/23\/emirates-skycargo-en-permanence-a-lgg\/\" \/>\n<meta property=\"og:locale\" content=\"fr_FR\" \/>\n<meta property=\"og:type\" content=\"article\" \/>\n<meta property=\"og:title\" content=\"Emirates SkyCargo en permanence \u00e0 LGG - ITJ | International Transport Journal.\" \/>\n<meta property=\"og:description\" content=\"Emirates SkyCargo \u00e9tend son r\u00e9seau de vols cargo \u00e0 Li\u00e8ge en Belgique pour r\u00e9pondre \u00e0 la demande croissante et augmenter consid\u00e9rablement la capacit\u00e9 de fret.\" \/>\n<meta property=\"og:url\" content=\"https:\/\/transportjournal.com\/fr\/2026\/01\/23\/emirates-skycargo-en-permanence-a-lgg\/\" \/>\n<meta property=\"og:site_name\" content=\"ITJ | International Transport Journal\" \/>\n<meta property=\"article:published_time\" content=\"2026-01-23T15:03:25+00:00\" \/>\n<meta property=\"og:image\" content=\"https:\/\/transportjournal.com\/wp-content\/uploads\/sites\/2\/2026\/01\/LGG-Emirates-SkyCargo-556513928_31392595357051186_6402906136866486571_n-aspect-ratio-1400-788.jpg\" \/>\n\t<meta property=\"og:image:width\" content=\"2048\" \/>\n\t<meta property=\"og:image:height\" content=\"1153\" \/>\n\t<meta property=\"og:image:type\" content=\"image\/jpeg\" \/>\n<meta name=\"author\" content=\"Andreas Haug\" \/>\n<meta name=\"twitter:card\" content=\"summary_large_image\" \/>\n<meta name=\"twitter:label1\" content=\"\u00c9crit par\" \/>\n\t<meta name=\"twitter:data1\" content=\"Andreas Haug\" \/>\n\t<meta name=\"twitter:label2\" content=\"Dur\u00e9e de lecture estim\u00e9e\" \/>\n\t<meta name=\"twitter:data2\" content=\"3 minutes\" \/>\n<script type=\"application\/ld+json\" class=\"yoast-schema-graph\">{\"@context\":\"https:\\\/\\\/schema.org\",\"@graph\":[{\"@type\":\"Article\",\"@id\":\"https:\\\/\\\/transportjournal.com\\\/fr\\\/2026\\\/01\\\/23\\\/emirates-skycargo-en-permanence-a-lgg\\\/#article\",\"isPartOf\":{\"@id\":\"https:\\\/\\\/transportjournal.com\\\/fr\\\/2026\\\/01\\\/23\\\/emirates-skycargo-en-permanence-a-lgg\\\/\"},\"author\":{\"name\":\"Andreas Haug\",\"@id\":\"https:\\\/\\\/transportjournal.com\\\/fr\\\/#\\\/schema\\\/person\\\/cf538b3157f15afd7589245a4b3dbd25\"},\"headline\":\"Emirates SkyCargo en permanence \u00e0 LGG\",\"datePublished\":\"2026-01-23T15:03:25+00:00\",\"mainEntityOfPage\":{\"@id\":\"https:\\\/\\\/transportjournal.com\\\/fr\\\/2026\\\/01\\\/23\\\/emirates-skycargo-en-permanence-a-lgg\\\/\"},\"wordCount\":564,\"commentCount\":0,\"publisher\":{\"@id\":\"https:\\\/\\\/transportjournal.com\\\/fr\\\/#organization\"},\"image\":{\"@id\":\"https:\\\/\\\/transportjournal.com\\\/fr\\\/2026\\\/01\\\/23\\\/emirates-skycargo-en-permanence-a-lgg\\\/#primaryimage\"},\"thumbnailUrl\":\"https:\\\/\\\/transportjournal.com\\\/wp-content\\\/uploads\\\/sites\\\/2\\\/2026\\\/01\\\/LGG-Emirates-SkyCargo-556513928_31392595357051186_6402906136866486571_n-aspect-ratio-1400-788.jpg\",\"keywords\":[\"ad-hoc cargo flights\",\"Ad-hoc-Frachtfl\u00fcge\",\"a\u00e9roport de Li\u00e8ge\",\"air freight\",\"air freight industry\",\"augmenter la capacit\u00e9 de fret\",\"avions cargo\",\"cargo aircraft Fran\u00e7ais Emirates SkyCargo\",\"cargo flights\",\"cargo network Europe\",\"comp\u00e9titions internationales\",\"Deutsch Emirates SkyCargo\",\"e-commerce shipments\",\"E-Commerce-Pakete\",\"envois e-commerce\",\"Frachtfl\u00fcge\",\"Frachtflugnetz Europa\",\"Frachtflugzeuge English Emirates SkyCargo\",\"Frachtkapazit\u00e4t erh\u00f6hen\",\"Frachtvolumen 2025\",\"Frachtzentrum Belgien\",\"freight hub Belgium\",\"freight volume 2025\",\"fret a\u00e9rien\",\"golden triangle\",\"goldenes Dreieck\",\"hub de fret Belgique\",\"increase cargo capacity\",\"industrie du fret a\u00e9rien\",\"international competitions\",\"internationale Wettbewerbe\",\"Liege Airport\",\"logistique sous temp\u00e9rature contr\u00f4l\u00e9e\",\"Luftfracht\",\"Luftfrachtindustrie\",\"pharmaceuticals transport\",\"Pharmazeutika Transport\",\"r\u00e9seau de fret Europe\",\"temperature-controlled logistics\",\"temperaturkontrollierte Logistik\",\"transport de produits pharmaceutiques\",\"triangle d'or\",\"vols cargo\",\"vols cargo ad hoc\",\"volume de fret 2025\"],\"articleSection\":[\"Fret a\u00e9rien\",\"L'Europe\",\"Moyen-Orient\"],\"inLanguage\":\"fr-FR\",\"potentialAction\":[{\"@type\":\"CommentAction\",\"name\":\"Comment\",\"target\":[\"https:\\\/\\\/transportjournal.com\\\/fr\\\/2026\\\/01\\\/23\\\/emirates-skycargo-en-permanence-a-lgg\\\/#respond\"]}]},{\"@type\":\"WebPage\",\"@id\":\"https:\\\/\\\/transportjournal.com\\\/fr\\\/2026\\\/01\\\/23\\\/emirates-skycargo-en-permanence-a-lgg\\\/\",\"url\":\"https:\\\/\\\/transportjournal.com\\\/fr\\\/2026\\\/01\\\/23\\\/emirates-skycargo-en-permanence-a-lgg\\\/\",\"name\":\"Emirates SkyCargo en permanence \u00e0 LGG - ITJ | International Transport Journal.\",\"isPartOf\":{\"@id\":\"https:\\\/\\\/transportjournal.com\\\/fr\\\/#website\"},\"primaryImageOfPage\":{\"@id\":\"https:\\\/\\\/transportjournal.com\\\/fr\\\/2026\\\/01\\\/23\\\/emirates-skycargo-en-permanence-a-lgg\\\/#primaryimage\"},\"image\":{\"@id\":\"https:\\\/\\\/transportjournal.com\\\/fr\\\/2026\\\/01\\\/23\\\/emirates-skycargo-en-permanence-a-lgg\\\/#primaryimage\"},\"thumbnailUrl\":\"https:\\\/\\\/transportjournal.com\\\/wp-content\\\/uploads\\\/sites\\\/2\\\/2026\\\/01\\\/LGG-Emirates-SkyCargo-556513928_31392595357051186_6402906136866486571_n-aspect-ratio-1400-788.jpg\",\"datePublished\":\"2026-01-23T15:03:25+00:00\",\"breadcrumb\":{\"@id\":\"https:\\\/\\\/transportjournal.com\\\/fr\\\/2026\\\/01\\\/23\\\/emirates-skycargo-en-permanence-a-lgg\\\/#breadcrumb\"},\"inLanguage\":\"fr-FR\",\"potentialAction\":[{\"@type\":\"ReadAction\",\"target\":[\"https:\\\/\\\/transportjournal.com\\\/fr\\\/2026\\\/01\\\/23\\\/emirates-skycargo-en-permanence-a-lgg\\\/\"]}]},{\"@type\":\"ImageObject\",\"inLanguage\":\"fr-FR\",\"@id\":\"https:\\\/\\\/transportjournal.com\\\/fr\\\/2026\\\/01\\\/23\\\/emirates-skycargo-en-permanence-a-lgg\\\/#primaryimage\",\"url\":\"https:\\\/\\\/transportjournal.com\\\/wp-content\\\/uploads\\\/sites\\\/2\\\/2026\\\/01\\\/LGG-Emirates-SkyCargo-556513928_31392595357051186_6402906136866486571_n-aspect-ratio-1400-788.jpg\",\"contentUrl\":\"https:\\\/\\\/transportjournal.com\\\/wp-content\\\/uploads\\\/sites\\\/2\\\/2026\\\/01\\\/LGG-Emirates-SkyCargo-556513928_31392595357051186_6402906136866486571_n-aspect-ratio-1400-788.jpg\",\"width\":2048,\"height\":1153},{\"@type\":\"BreadcrumbList\",\"@id\":\"https:\\\/\\\/transportjournal.com\\\/fr\\\/2026\\\/01\\\/23\\\/emirates-skycargo-en-permanence-a-lgg\\\/#breadcrumb\",\"itemListElement\":[{\"@type\":\"ListItem\",\"position\":1,\"name\":\"Startseite\",\"item\":\"https:\\\/\\\/transportjournal.com\\\/fr\\\/\"},{\"@type\":\"ListItem\",\"position\":2,\"name\":\"Emirates SkyCargo en permanence \u00e0 LGG\"}]},{\"@type\":\"WebSite\",\"@id\":\"https:\\\/\\\/transportjournal.com\\\/fr\\\/#website\",\"url\":\"https:\\\/\\\/transportjournal.com\\\/fr\\\/\",\"name\":\"ITJ | International Transport Journal\",\"description\":\"Restez inform\u00e9 des derni\u00e8res nouvelles mondiales dans les secteurs du transport, de la logistique et de la cha\u00eene d'approvisionnement. Transport Journal fournit des informations d'experts, des analyses et des mises \u00e0 jour sur le transport maritime, l'aviation, l'intermodalit\u00e9 et l'exp\u00e9dition. \",\"publisher\":{\"@id\":\"https:\\\/\\\/transportjournal.com\\\/fr\\\/#organization\"},\"potentialAction\":[{\"@type\":\"SearchAction\",\"target\":{\"@type\":\"EntryPoint\",\"urlTemplate\":\"https:\\\/\\\/transportjournal.com\\\/fr\\\/?s={search_term_string}\"},\"query-input\":{\"@type\":\"PropertyValueSpecification\",\"valueRequired\":true,\"valueName\":\"search_term_string\"}}],\"inLanguage\":\"fr-FR\"},{\"@type\":\"Organization\",\"@id\":\"https:\\\/\\\/transportjournal.com\\\/fr\\\/#organization\",\"name\":\"Groupe Logismedia AG\",\"alternateName\":\"Logismedia Group AG\",\"url\":\"https:\\\/\\\/transportjournal.com\\\/fr\\\/\",\"logo\":{\"@type\":\"ImageObject\",\"inLanguage\":\"fr-FR\",\"@id\":\"https:\\\/\\\/transportjournal.com\\\/fr\\\/#\\\/schema\\\/logo\\\/image\\\/\",\"url\":\"https:\\\/\\\/transportjournal.com\\\/wp-content\\\/uploads\\\/sites\\\/2\\\/2025\\\/09\\\/Logo_ITJ.png\",\"contentUrl\":\"https:\\\/\\\/transportjournal.com\\\/wp-content\\\/uploads\\\/sites\\\/2\\\/2025\\\/09\\\/Logo_ITJ.png\",\"width\":799,\"height\":326,\"caption\":\"Groupe Logismedia AG\"},\"image\":{\"@id\":\"https:\\\/\\\/transportjournal.com\\\/fr\\\/#\\\/schema\\\/logo\\\/image\\\/\"},\"sameAs\":[\"https:\\\/\\\/www.linkedin.com\\\/company\\\/56456496\\\/admin\\\/dashboard\\\/\",\"https:\\\/\\\/www.instagram.com\\\/logismediagroup\\\/\",\"https:\\\/\\\/www.youtube.com\\\/@LogiamediaGroupAG\"]},{\"@type\":\"Person\",\"@id\":\"https:\\\/\\\/transportjournal.com\\\/fr\\\/#\\\/schema\\\/person\\\/cf538b3157f15afd7589245a4b3dbd25\",\"name\":\"Andreas Haug\",\"url\":\"https:\\\/\\\/transportjournal.com\\\/fr\\\/author\\\/andreas\\\/\"}]}<\/script>\n<!-- \/ Yoast SEO plugin. -->","yoast_head_json":{"title":"Emirates SkyCargo en permanence \u00e0 LGG - ITJ | International Transport Journal.","robots":{"index":"index","follow":"follow","max-snippet":"max-snippet:-1","max-image-preview":"max-image-preview:large","max-video-preview":"max-video-preview:-1"},"canonical":"https:\/\/transportjournal.com\/fr\/2026\/01\/23\/emirates-skycargo-en-permanence-a-lgg\/","og_locale":"fr_FR","og_type":"article","og_title":"Emirates SkyCargo en permanence \u00e0 LGG - ITJ | International Transport Journal.","og_description":"Emirates SkyCargo \u00e9tend son r\u00e9seau de vols cargo \u00e0 Li\u00e8ge en Belgique pour r\u00e9pondre \u00e0 la demande croissante et augmenter consid\u00e9rablement la capacit\u00e9 de fret.","og_url":"https:\/\/transportjournal.com\/fr\/2026\/01\/23\/emirates-skycargo-en-permanence-a-lgg\/","og_site_name":"ITJ | International Transport Journal","article_published_time":"2026-01-23T15:03:25+00:00","og_image":[{"width":2048,"height":1153,"url":"https:\/\/transportjournal.com\/wp-content\/uploads\/sites\/2\/2026\/01\/LGG-Emirates-SkyCargo-556513928_31392595357051186_6402906136866486571_n-aspect-ratio-1400-788.jpg","type":"image\/jpeg"}],"author":"Andreas Haug","twitter_card":"summary_large_image","twitter_misc":{"\u00c9crit par":"Andreas Haug","Dur\u00e9e de lecture estim\u00e9e":"3 minutes"},"schema":{"@context":"https:\/\/schema.org","@graph":[{"@type":"Article","@id":"https:\/\/transportjournal.com\/fr\/2026\/01\/23\/emirates-skycargo-en-permanence-a-lgg\/#article","isPartOf":{"@id":"https:\/\/transportjournal.com\/fr\/2026\/01\/23\/emirates-skycargo-en-permanence-a-lgg\/"},"author":{"name":"Andreas Haug","@id":"https:\/\/transportjournal.com\/fr\/#\/schema\/person\/cf538b3157f15afd7589245a4b3dbd25"},"headline":"Emirates SkyCargo en permanence \u00e0 LGG","datePublished":"2026-01-23T15:03:25+00:00","mainEntityOfPage":{"@id":"https:\/\/transportjournal.com\/fr\/2026\/01\/23\/emirates-skycargo-en-permanence-a-lgg\/"},"wordCount":564,"commentCount":0,"publisher":{"@id":"https:\/\/transportjournal.com\/fr\/#organization"},"image":{"@id":"https:\/\/transportjournal.com\/fr\/2026\/01\/23\/emirates-skycargo-en-permanence-a-lgg\/#primaryimage"},"thumbnailUrl":"https:\/\/transportjournal.com\/wp-content\/uploads\/sites\/2\/2026\/01\/LGG-Emirates-SkyCargo-556513928_31392595357051186_6402906136866486571_n-aspect-ratio-1400-788.jpg","keywords":["ad-hoc cargo flights","Ad-hoc-Frachtfl\u00fcge","a\u00e9roport de Li\u00e8ge","air freight","air freight industry","augmenter la capacit\u00e9 de fret","avions cargo","cargo aircraft Fran\u00e7ais Emirates SkyCargo","cargo flights","cargo network Europe","comp\u00e9titions internationales","Deutsch Emirates SkyCargo","e-commerce shipments","E-Commerce-Pakete","envois e-commerce","Frachtfl\u00fcge","Frachtflugnetz Europa","Frachtflugzeuge English Emirates SkyCargo","Frachtkapazit\u00e4t erh\u00f6hen","Frachtvolumen 2025","Frachtzentrum Belgien","freight hub Belgium","freight volume 2025","fret a\u00e9rien","golden triangle","goldenes Dreieck","hub de fret Belgique","increase cargo capacity","industrie du fret a\u00e9rien","international competitions","internationale Wettbewerbe","Liege Airport","logistique sous temp\u00e9rature contr\u00f4l\u00e9e","Luftfracht","Luftfrachtindustrie","pharmaceuticals transport","Pharmazeutika Transport","r\u00e9seau de fret Europe","temperature-controlled logistics","temperaturkontrollierte Logistik","transport de produits pharmaceutiques","triangle d'or","vols cargo","vols cargo ad hoc","volume de fret 2025"],"articleSection":["Fret a\u00e9rien","L'Europe","Moyen-Orient"],"inLanguage":"fr-FR","potentialAction":[{"@type":"CommentAction","name":"Comment","target":["https:\/\/transportjournal.com\/fr\/2026\/01\/23\/emirates-skycargo-en-permanence-a-lgg\/#respond"]}]},{"@type":"WebPage","@id":"https:\/\/transportjournal.com\/fr\/2026\/01\/23\/emirates-skycargo-en-permanence-a-lgg\/","url":"https:\/\/transportjournal.com\/fr\/2026\/01\/23\/emirates-skycargo-en-permanence-a-lgg\/","name":"Emirates SkyCargo en permanence \u00e0 LGG - ITJ | International Transport Journal.","isPartOf":{"@id":"https:\/\/transportjournal.com\/fr\/#website"},"primaryImageOfPage":{"@id":"https:\/\/transportjournal.com\/fr\/2026\/01\/23\/emirates-skycargo-en-permanence-a-lgg\/#primaryimage"},"image":{"@id":"https:\/\/transportjournal.com\/fr\/2026\/01\/23\/emirates-skycargo-en-permanence-a-lgg\/#primaryimage"},"thumbnailUrl":"https:\/\/transportjournal.com\/wp-content\/uploads\/sites\/2\/2026\/01\/LGG-Emirates-SkyCargo-556513928_31392595357051186_6402906136866486571_n-aspect-ratio-1400-788.jpg","datePublished":"2026-01-23T15:03:25+00:00","breadcrumb":{"@id":"https:\/\/transportjournal.com\/fr\/2026\/01\/23\/emirates-skycargo-en-permanence-a-lgg\/#breadcrumb"},"inLanguage":"fr-FR","potentialAction":[{"@type":"ReadAction","target":["https:\/\/transportjournal.com\/fr\/2026\/01\/23\/emirates-skycargo-en-permanence-a-lgg\/"]}]},{"@type":"ImageObject","inLanguage":"fr-FR","@id":"https:\/\/transportjournal.com\/fr\/2026\/01\/23\/emirates-skycargo-en-permanence-a-lgg\/#primaryimage","url":"https:\/\/transportjournal.com\/wp-content\/uploads\/sites\/2\/2026\/01\/LGG-Emirates-SkyCargo-556513928_31392595357051186_6402906136866486571_n-aspect-ratio-1400-788.jpg","contentUrl":"https:\/\/transportjournal.com\/wp-content\/uploads\/sites\/2\/2026\/01\/LGG-Emirates-SkyCargo-556513928_31392595357051186_6402906136866486571_n-aspect-ratio-1400-788.jpg","width":2048,"height":1153},{"@type":"BreadcrumbList","@id":"https:\/\/transportjournal.com\/fr\/2026\/01\/23\/emirates-skycargo-en-permanence-a-lgg\/#breadcrumb","itemListElement":[{"@type":"ListItem","position":1,"name":"Startseite","item":"https:\/\/transportjournal.com\/fr\/"},{"@type":"ListItem","position":2,"name":"Emirates SkyCargo en permanence \u00e0 LGG"}]},{"@type":"WebSite","@id":"https:\/\/transportjournal.com\/fr\/#website","url":"https:\/\/transportjournal.com\/fr\/","name":"ITJ | International Transport Journal","description":"Restez inform\u00e9 des derni\u00e8res nouvelles mondiales dans les secteurs du transport, de la logistique et de la cha\u00eene d'approvisionnement. Transport Journal fournit des informations d'experts, des analyses et des mises \u00e0 jour sur le transport maritime, l'aviation, l'intermodalit\u00e9 et l'exp\u00e9dition. ","publisher":{"@id":"https:\/\/transportjournal.com\/fr\/#organization"},"potentialAction":[{"@type":"SearchAction","target":{"@type":"EntryPoint","urlTemplate":"https:\/\/transportjournal.com\/fr\/?s={search_term_string}"},"query-input":{"@type":"PropertyValueSpecification","valueRequired":true,"valueName":"search_term_string"}}],"inLanguage":"fr-FR"},{"@type":"Organization","@id":"https:\/\/transportjournal.com\/fr\/#organization","name":"Groupe Logismedia AG","alternateName":"Logismedia Group AG","url":"https:\/\/transportjournal.com\/fr\/","logo":{"@type":"ImageObject","inLanguage":"fr-FR","@id":"https:\/\/transportjournal.com\/fr\/#\/schema\/logo\/image\/","url":"https:\/\/transportjournal.com\/wp-content\/uploads\/sites\/2\/2025\/09\/Logo_ITJ.png","contentUrl":"https:\/\/transportjournal.com\/wp-content\/uploads\/sites\/2\/2025\/09\/Logo_ITJ.png","width":799,"height":326,"caption":"Groupe Logismedia AG"},"image":{"@id":"https:\/\/transportjournal.com\/fr\/#\/schema\/logo\/image\/"},"sameAs":["https:\/\/www.linkedin.com\/company\/56456496\/admin\/dashboard\/","https:\/\/www.instagram.com\/logismediagroup\/","https:\/\/www.youtube.com\/@LogiamediaGroupAG"]},{"@type":"Person","@id":"https:\/\/transportjournal.com\/fr\/#\/schema\/person\/cf538b3157f15afd7589245a4b3dbd25","name":"Andreas Haug","url":"https:\/\/transportjournal.com\/fr\/author\/andreas\/"}]}},"_links":{"self":[{"href":"https:\/\/transportjournal.com\/fr\/wp-json\/wp\/v2\/posts\/74249","targetHints":{"allow":["GET"]}}],"collection":[{"href":"https:\/\/transportjournal.com\/fr\/wp-json\/wp\/v2\/posts"}],"about":[{"href":"https:\/\/transportjournal.com\/fr\/wp-json\/wp\/v2\/types\/post"}],"author":[{"embeddable":true,"href":"https:\/\/transportjournal.com\/fr\/wp-json\/wp\/v2\/users\/12"}],"replies":[{"embeddable":true,"href":"https:\/\/transportjournal.com\/fr\/wp-json\/wp\/v2\/comments?post=74249"}],"version-history":[{"count":0,"href":"https:\/\/transportjournal.com\/fr\/wp-json\/wp\/v2\/posts\/74249\/revisions"}],"wp:featuredmedia":[{"embeddable":true,"href":"https:\/\/transportjournal.com\/fr\/wp-json\/wp\/v2\/media\/74247"}],"wp:attachment":[{"href":"https:\/\/transportjournal.com\/fr\/wp-json\/wp\/v2\/media?parent=74249"}],"wp:term":[{"taxonomy":"category","embeddable":true,"href":"https:\/\/transportjournal.com\/fr\/wp-json\/wp\/v2\/categories?post=74249"},{"taxonomy":"post_tag","embeddable":true,"href":"https:\/\/transportjournal.com\/fr\/wp-json\/wp\/v2\/tags?post=74249"}],"curies":[{"name":"wp","href":"https:\/\/api.w.org\/{rel}","templated":true}]}}