{"id":74241,"date":"2026-01-23T11:29:28","date_gmt":"2026-01-23T11:29:28","guid":{"rendered":"https:\/\/transportjournal.com\/2026\/01\/23\/croissance-du-secteur-logistique-dici-2031\/"},"modified":"2026-01-23T11:29:28","modified_gmt":"2026-01-23T11:29:28","slug":"croissance-du-secteur-logistique-dici-2031","status":"publish","type":"post","link":"https:\/\/transportjournal.com\/fr\/2026\/01\/23\/croissance-du-secteur-logistique-dici-2031\/","title":{"rendered":"Croissance du secteur logistique d&rsquo;ici 2031"},"content":{"rendered":"<p>La branche logistique et de fret en Allemagne se montre en croissance dans les ann\u00e9es \u00e0 venir. Selon le rapport de march\u00e9 actuel de Research and Markets, le chiffre d&#8217;affaires dans le domaine du fret et de la logistique en Allemagne passera de 221,37 milliards USD en 2025 \u00e0 227,99 milliards USD en 2026. D&#8217;ici 2031, un volume total de 264,17 milliards USD est pr\u00e9vu, ce qui correspond \u00e0 un taux de croissance annuel moyen (CAGR) de 2,99 % pour la p\u00e9riode de 2026 \u00e0 2031.<\/p>\n<h3>Croissance gr\u00e2ce \u00e0 l&#8217;E-commerce et aux nouvelles r\u00e9glementations<\/h3>\n<p>En particulier, l&#8217;ex\u00e9cution des commandes en ligne et l&#8217;orientation vers l&#8217;exportation jouent un r\u00f4le d\u00e9cisif. De plus, le secteur est influenc\u00e9 par les exigences du Pacte vert europ\u00e9en, qui entra\u00eene des co\u00fbts plus \u00e9lev\u00e9s pour le transport routier. Pour faire face aux d\u00e9fis de la tarification du CO2, qui s&#8217;\u00e9l\u00e8ve \u00e0 55 EUR (environ 60,7 USD) par tonne, de nombreuses entreprises, selon le rapport, se tournent vers des solutions intermodales.<\/p>\n<p>&nbsp;<\/p>\n","protected":false},"excerpt":{"rendered":"<p>La branche allemande de la logistique et du fret devrait conna\u00eetre une croissance du chiffre d&rsquo;affaires atteignant 264,17 milliards USD d&rsquo;ici 2031, soutenue par le commerce \u00e9lectronique et les innovations technologiques.<\/p>\n","protected":false},"author":10,"featured_media":74239,"comment_status":"open","ping_status":"open","sticky":false,"template":"","format":"standard","meta":{"_acf_changed":false,"footnotes":""},"categories":[1581,1587],"tags":[9034,9035,9036,9037,2115,2116,5090,5091,9038,9039,9040,9041,9042,2122,9043,9044,9045,2123,9046,9047,3328,3994,5252,5253,9048,4000,9049,9050,2525,9051,2526,3750,5108,9052,9053,9054,3157,9055,9056,3756,3757,2145,9057,2869,9058,9059,2193,9060,9061,9062,1916,2339,5266,2106,9063,8591,3125,8592,9064,9065],"class_list":["post-74241","post","type-post","status-publish","format-standard","has-post-thumbnail","hentry","category-expedition-et-logistique","category-leurope","tag-co2-pricing-logistics","tag-co2-bepreisung-logistik","tag-croissance-logistique-2031","tag-deutsch-logistikbranche","tag-digitalisierung-in-der-logistik","tag-digitalization-in-logistics","tag-e-commerce-logistics","tag-e-commerce-logistik","tag-economie-du-transport-allemagne","tag-europaeischer-gruener-deal","tag-european-green-deal","tag-export-oriented-logistics-francais-secteur-logistique","tag-exportorientierung-logistik-english-logistics-industry","tag-fachkraeftemangel-logistik","tag-frachtmarkt-deutschland","tag-freight-market-germany","tag-freight-market-report","tag-gestion-de-la-chaine-dapprovisionnement","tag-growth-logistics-2031","tag-hafenbetrieb-deutschland","tag-infrastructure-logistique","tag-infrastruktur-logistik","tag-intermodal-solutions","tag-intermodale-loesungen","tag-logistics-industry-forecast","tag-logistics-infrastructure","tag-logistics-market-report","tag-logistics-revenue-2026","tag-logistics-service-providers-germany","tag-logistik-martktreport","tag-logistikdienstleister-deutschland","tag-logistique-de-colis","tag-logistique-e-commerce","tag-logistique-orientee-export","tag-marche-du-fret-allemagne","tag-marktbericht-fracht","tag-numerisation-dans-la-logistique","tag-operations-portuaires-allemagne","tag-pacte-vert-europeen","tag-paketlogistik","tag-parcel-logistics","tag-penurie-de-main-doeuvre-logistique","tag-port-operations-germany","tag-prestataires-de-services-logistiques-allemagne","tag-previsions-secteur-logistique","tag-prognose-logistikbranche","tag-rail-freight-transport","tag-rapport-de-marche-du-fret","tag-rapport-de-marche-logistique","tag-revenus-logistique-2026","tag-schienengueterverkehr","tag-skills-shortage-logistics","tag-solutions-intermodales","tag-supply-chain-management","tag-tarification-du-co2-logistique","tag-transport-economy-germany","tag-transport-ferroviaire-de-marchandises","tag-transportwirtschaft-deutschland","tag-umsatz-logistik-2026","tag-wachstum-logistik-2031"],"acf":[],"yoast_head":"<!-- This site is optimized with the Yoast SEO plugin v27.3 - https:\/\/yoast.com\/product\/yoast-seo-wordpress\/ -->\n<title>Croissance du secteur logistique d&#039;ici 2031 - ITJ | International Transport Journal.<\/title>\n<meta name=\"robots\" content=\"index, follow, max-snippet:-1, max-image-preview:large, max-video-preview:-1\" \/>\n<link rel=\"canonical\" href=\"https:\/\/transportjournal.com\/fr\/2026\/01\/23\/croissance-du-secteur-logistique-dici-2031\/\" \/>\n<meta property=\"og:locale\" content=\"fr_FR\" \/>\n<meta property=\"og:type\" content=\"article\" \/>\n<meta property=\"og:title\" content=\"Croissance du secteur logistique d&#039;ici 2031 - ITJ | International Transport Journal.\" \/>\n<meta property=\"og:description\" content=\"La branche allemande de la logistique et du fret devrait conna\u00eetre une croissance du chiffre d&#039;affaires atteignant 264,17 milliards USD d&#039;ici 2031, soutenue par le commerce \u00e9lectronique et les innovations technologiques.\" \/>\n<meta property=\"og:url\" content=\"https:\/\/transportjournal.com\/fr\/2026\/01\/23\/croissance-du-secteur-logistique-dici-2031\/\" \/>\n<meta property=\"og:site_name\" content=\"ITJ | International Transport Journal\" \/>\n<meta property=\"article:published_time\" content=\"2026-01-23T11:29:28+00:00\" \/>\n<meta property=\"og:image\" content=\"https:\/\/transportjournal.com\/wp-content\/uploads\/sites\/2\/2026\/01\/AdobeStock_354007764-1-scaled-aspect-ratio-1400-788-scaled-1.jpeg\" \/>\n\t<meta property=\"og:image:width\" content=\"2560\" \/>\n\t<meta property=\"og:image:height\" content=\"1441\" \/>\n\t<meta property=\"og:image:type\" content=\"image\/jpeg\" \/>\n<meta name=\"author\" content=\"Jeremy Soland\" \/>\n<meta name=\"twitter:card\" content=\"summary_large_image\" \/>\n<meta name=\"twitter:label1\" content=\"\u00c9crit par\" \/>\n\t<meta name=\"twitter:data1\" content=\"Jeremy Soland\" \/>\n\t<meta name=\"twitter:label2\" content=\"Dur\u00e9e de lecture estim\u00e9e\" \/>\n\t<meta name=\"twitter:data2\" content=\"1 minute\" \/>\n<script type=\"application\/ld+json\" class=\"yoast-schema-graph\">{\"@context\":\"https:\\\/\\\/schema.org\",\"@graph\":[{\"@type\":\"Article\",\"@id\":\"https:\\\/\\\/transportjournal.com\\\/fr\\\/2026\\\/01\\\/23\\\/croissance-du-secteur-logistique-dici-2031\\\/#article\",\"isPartOf\":{\"@id\":\"https:\\\/\\\/transportjournal.com\\\/fr\\\/2026\\\/01\\\/23\\\/croissance-du-secteur-logistique-dici-2031\\\/\"},\"author\":{\"name\":\"Jeremy Soland\",\"@id\":\"https:\\\/\\\/transportjournal.com\\\/fr\\\/#\\\/schema\\\/person\\\/41d36b5474b623392fa613e97e2363fa\"},\"headline\":\"Croissance du secteur logistique d&rsquo;ici 2031\",\"datePublished\":\"2026-01-23T11:29:28+00:00\",\"mainEntityOfPage\":{\"@id\":\"https:\\\/\\\/transportjournal.com\\\/fr\\\/2026\\\/01\\\/23\\\/croissance-du-secteur-logistique-dici-2031\\\/\"},\"wordCount\":174,\"commentCount\":0,\"publisher\":{\"@id\":\"https:\\\/\\\/transportjournal.com\\\/fr\\\/#organization\"},\"image\":{\"@id\":\"https:\\\/\\\/transportjournal.com\\\/fr\\\/2026\\\/01\\\/23\\\/croissance-du-secteur-logistique-dici-2031\\\/#primaryimage\"},\"thumbnailUrl\":\"https:\\\/\\\/transportjournal.com\\\/wp-content\\\/uploads\\\/sites\\\/2\\\/2026\\\/01\\\/AdobeStock_354007764-1-scaled-aspect-ratio-1400-788-scaled-1.jpeg\",\"keywords\":[\"CO2 pricing logistics\",\"CO2-Bepreisung Logistik\",\"croissance logistique 2031\",\"Deutsch Logistikbranche\",\"Digitalisierung in der Logistik\",\"digitalization in logistics\",\"e-commerce logistics\",\"E-Commerce Logistik\",\"\u00e9conomie du transport Allemagne\",\"europ\u00e4ischer Gr\u00fcner Deal\",\"European Green Deal\",\"export-oriented logistics Fran\u00e7ais secteur logistique\",\"Exportorientierung Logistik English logistics industry\",\"Fachkr\u00e4ftemangel Logistik\",\"Frachtmarkt Deutschland\",\"freight market Germany\",\"freight market report\",\"gestion de la cha\u00eene d'approvisionnement\",\"growth logistics 2031\",\"Hafenbetrieb Deutschland\",\"infrastructure logistique\",\"Infrastruktur Logistik\",\"intermodal solutions\",\"intermodale L\u00f6sungen\",\"logistics industry forecast\",\"logistics infrastructure\",\"logistics market report\",\"logistics revenue 2026\",\"logistics service providers Germany\",\"Logistik Martktreport\",\"Logistikdienstleister Deutschland\",\"logistique de colis\",\"logistique e-commerce\",\"logistique orient\u00e9e export\",\"march\u00e9 du fret Allemagne\",\"Marktbericht Fracht\",\"num\u00e9risation dans la logistique\",\"op\u00e9rations portuaires Allemagne\",\"Pacte vert europ\u00e9en\",\"Paketlogistik\",\"parcel logistics\",\"p\u00e9nurie de main-d'\u0153uvre logistique\",\"port operations Germany\",\"prestataires de services logistiques Allemagne\",\"pr\u00e9visions secteur logistique\",\"Prognose Logistikbranche\",\"rail freight transport\",\"rapport de march\u00e9 du fret\",\"rapport de march\u00e9 logistique\",\"revenus logistique 2026\",\"Schieneng\u00fcterverkehr\",\"skills shortage logistics\",\"solutions intermodales\",\"Supply Chain Management\",\"tarification du CO2 logistique\",\"transport economy Germany\",\"transport ferroviaire de marchandises\",\"Transportwirtschaft Deutschland\",\"Umsatz Logistik 2026\",\"Wachstum Logistik 2031\"],\"articleSection\":[\"Exp\u00e9dition de fret et logistique\",\"L'Europe\"],\"inLanguage\":\"fr-FR\",\"potentialAction\":[{\"@type\":\"CommentAction\",\"name\":\"Comment\",\"target\":[\"https:\\\/\\\/transportjournal.com\\\/fr\\\/2026\\\/01\\\/23\\\/croissance-du-secteur-logistique-dici-2031\\\/#respond\"]}]},{\"@type\":\"WebPage\",\"@id\":\"https:\\\/\\\/transportjournal.com\\\/fr\\\/2026\\\/01\\\/23\\\/croissance-du-secteur-logistique-dici-2031\\\/\",\"url\":\"https:\\\/\\\/transportjournal.com\\\/fr\\\/2026\\\/01\\\/23\\\/croissance-du-secteur-logistique-dici-2031\\\/\",\"name\":\"Croissance du secteur logistique d'ici 2031 - ITJ | International Transport Journal.\",\"isPartOf\":{\"@id\":\"https:\\\/\\\/transportjournal.com\\\/fr\\\/#website\"},\"primaryImageOfPage\":{\"@id\":\"https:\\\/\\\/transportjournal.com\\\/fr\\\/2026\\\/01\\\/23\\\/croissance-du-secteur-logistique-dici-2031\\\/#primaryimage\"},\"image\":{\"@id\":\"https:\\\/\\\/transportjournal.com\\\/fr\\\/2026\\\/01\\\/23\\\/croissance-du-secteur-logistique-dici-2031\\\/#primaryimage\"},\"thumbnailUrl\":\"https:\\\/\\\/transportjournal.com\\\/wp-content\\\/uploads\\\/sites\\\/2\\\/2026\\\/01\\\/AdobeStock_354007764-1-scaled-aspect-ratio-1400-788-scaled-1.jpeg\",\"datePublished\":\"2026-01-23T11:29:28+00:00\",\"breadcrumb\":{\"@id\":\"https:\\\/\\\/transportjournal.com\\\/fr\\\/2026\\\/01\\\/23\\\/croissance-du-secteur-logistique-dici-2031\\\/#breadcrumb\"},\"inLanguage\":\"fr-FR\",\"potentialAction\":[{\"@type\":\"ReadAction\",\"target\":[\"https:\\\/\\\/transportjournal.com\\\/fr\\\/2026\\\/01\\\/23\\\/croissance-du-secteur-logistique-dici-2031\\\/\"]}]},{\"@type\":\"ImageObject\",\"inLanguage\":\"fr-FR\",\"@id\":\"https:\\\/\\\/transportjournal.com\\\/fr\\\/2026\\\/01\\\/23\\\/croissance-du-secteur-logistique-dici-2031\\\/#primaryimage\",\"url\":\"https:\\\/\\\/transportjournal.com\\\/wp-content\\\/uploads\\\/sites\\\/2\\\/2026\\\/01\\\/AdobeStock_354007764-1-scaled-aspect-ratio-1400-788-scaled-1.jpeg\",\"contentUrl\":\"https:\\\/\\\/transportjournal.com\\\/wp-content\\\/uploads\\\/sites\\\/2\\\/2026\\\/01\\\/AdobeStock_354007764-1-scaled-aspect-ratio-1400-788-scaled-1.jpeg\",\"width\":2560,\"height\":1441},{\"@type\":\"BreadcrumbList\",\"@id\":\"https:\\\/\\\/transportjournal.com\\\/fr\\\/2026\\\/01\\\/23\\\/croissance-du-secteur-logistique-dici-2031\\\/#breadcrumb\",\"itemListElement\":[{\"@type\":\"ListItem\",\"position\":1,\"name\":\"Startseite\",\"item\":\"https:\\\/\\\/transportjournal.com\\\/fr\\\/\"},{\"@type\":\"ListItem\",\"position\":2,\"name\":\"Croissance du secteur logistique d&rsquo;ici 2031\"}]},{\"@type\":\"WebSite\",\"@id\":\"https:\\\/\\\/transportjournal.com\\\/fr\\\/#website\",\"url\":\"https:\\\/\\\/transportjournal.com\\\/fr\\\/\",\"name\":\"ITJ | International Transport Journal\",\"description\":\"Restez inform\u00e9 des derni\u00e8res nouvelles mondiales dans les secteurs du transport, de la logistique et de la cha\u00eene d'approvisionnement. Transport Journal fournit des informations d'experts, des analyses et des mises \u00e0 jour sur le transport maritime, l'aviation, l'intermodalit\u00e9 et l'exp\u00e9dition. \",\"publisher\":{\"@id\":\"https:\\\/\\\/transportjournal.com\\\/fr\\\/#organization\"},\"potentialAction\":[{\"@type\":\"SearchAction\",\"target\":{\"@type\":\"EntryPoint\",\"urlTemplate\":\"https:\\\/\\\/transportjournal.com\\\/fr\\\/?s={search_term_string}\"},\"query-input\":{\"@type\":\"PropertyValueSpecification\",\"valueRequired\":true,\"valueName\":\"search_term_string\"}}],\"inLanguage\":\"fr-FR\"},{\"@type\":\"Organization\",\"@id\":\"https:\\\/\\\/transportjournal.com\\\/fr\\\/#organization\",\"name\":\"Groupe Logismedia AG\",\"alternateName\":\"Logismedia Group AG\",\"url\":\"https:\\\/\\\/transportjournal.com\\\/fr\\\/\",\"logo\":{\"@type\":\"ImageObject\",\"inLanguage\":\"fr-FR\",\"@id\":\"https:\\\/\\\/transportjournal.com\\\/fr\\\/#\\\/schema\\\/logo\\\/image\\\/\",\"url\":\"https:\\\/\\\/transportjournal.com\\\/wp-content\\\/uploads\\\/sites\\\/2\\\/2025\\\/09\\\/Logo_ITJ.png\",\"contentUrl\":\"https:\\\/\\\/transportjournal.com\\\/wp-content\\\/uploads\\\/sites\\\/2\\\/2025\\\/09\\\/Logo_ITJ.png\",\"width\":799,\"height\":326,\"caption\":\"Groupe Logismedia AG\"},\"image\":{\"@id\":\"https:\\\/\\\/transportjournal.com\\\/fr\\\/#\\\/schema\\\/logo\\\/image\\\/\"},\"sameAs\":[\"https:\\\/\\\/www.linkedin.com\\\/company\\\/56456496\\\/admin\\\/dashboard\\\/\",\"https:\\\/\\\/www.instagram.com\\\/logismediagroup\\\/\",\"https:\\\/\\\/www.youtube.com\\\/@LogiamediaGroupAG\"]},{\"@type\":\"Person\",\"@id\":\"https:\\\/\\\/transportjournal.com\\\/fr\\\/#\\\/schema\\\/person\\\/41d36b5474b623392fa613e97e2363fa\",\"name\":\"Jeremy Soland\",\"url\":\"https:\\\/\\\/transportjournal.com\\\/fr\\\/author\\\/jeremy\\\/\"}]}<\/script>\n<!-- \/ Yoast SEO plugin. -->","yoast_head_json":{"title":"Croissance du secteur logistique d'ici 2031 - ITJ | International Transport Journal.","robots":{"index":"index","follow":"follow","max-snippet":"max-snippet:-1","max-image-preview":"max-image-preview:large","max-video-preview":"max-video-preview:-1"},"canonical":"https:\/\/transportjournal.com\/fr\/2026\/01\/23\/croissance-du-secteur-logistique-dici-2031\/","og_locale":"fr_FR","og_type":"article","og_title":"Croissance du secteur logistique d'ici 2031 - ITJ | International Transport Journal.","og_description":"La branche allemande de la logistique et du fret devrait conna\u00eetre une croissance du chiffre d'affaires atteignant 264,17 milliards USD d'ici 2031, soutenue par le commerce \u00e9lectronique et les innovations technologiques.","og_url":"https:\/\/transportjournal.com\/fr\/2026\/01\/23\/croissance-du-secteur-logistique-dici-2031\/","og_site_name":"ITJ | International Transport Journal","article_published_time":"2026-01-23T11:29:28+00:00","og_image":[{"width":2560,"height":1441,"url":"https:\/\/transportjournal.com\/wp-content\/uploads\/sites\/2\/2026\/01\/AdobeStock_354007764-1-scaled-aspect-ratio-1400-788-scaled-1.jpeg","type":"image\/jpeg"}],"author":"Jeremy Soland","twitter_card":"summary_large_image","twitter_misc":{"\u00c9crit par":"Jeremy Soland","Dur\u00e9e de lecture estim\u00e9e":"1 minute"},"schema":{"@context":"https:\/\/schema.org","@graph":[{"@type":"Article","@id":"https:\/\/transportjournal.com\/fr\/2026\/01\/23\/croissance-du-secteur-logistique-dici-2031\/#article","isPartOf":{"@id":"https:\/\/transportjournal.com\/fr\/2026\/01\/23\/croissance-du-secteur-logistique-dici-2031\/"},"author":{"name":"Jeremy Soland","@id":"https:\/\/transportjournal.com\/fr\/#\/schema\/person\/41d36b5474b623392fa613e97e2363fa"},"headline":"Croissance du secteur logistique d&rsquo;ici 2031","datePublished":"2026-01-23T11:29:28+00:00","mainEntityOfPage":{"@id":"https:\/\/transportjournal.com\/fr\/2026\/01\/23\/croissance-du-secteur-logistique-dici-2031\/"},"wordCount":174,"commentCount":0,"publisher":{"@id":"https:\/\/transportjournal.com\/fr\/#organization"},"image":{"@id":"https:\/\/transportjournal.com\/fr\/2026\/01\/23\/croissance-du-secteur-logistique-dici-2031\/#primaryimage"},"thumbnailUrl":"https:\/\/transportjournal.com\/wp-content\/uploads\/sites\/2\/2026\/01\/AdobeStock_354007764-1-scaled-aspect-ratio-1400-788-scaled-1.jpeg","keywords":["CO2 pricing logistics","CO2-Bepreisung Logistik","croissance logistique 2031","Deutsch Logistikbranche","Digitalisierung in der Logistik","digitalization in logistics","e-commerce logistics","E-Commerce Logistik","\u00e9conomie du transport Allemagne","europ\u00e4ischer Gr\u00fcner Deal","European Green Deal","export-oriented logistics Fran\u00e7ais secteur logistique","Exportorientierung Logistik English logistics industry","Fachkr\u00e4ftemangel Logistik","Frachtmarkt Deutschland","freight market Germany","freight market report","gestion de la cha\u00eene d'approvisionnement","growth logistics 2031","Hafenbetrieb Deutschland","infrastructure logistique","Infrastruktur Logistik","intermodal solutions","intermodale L\u00f6sungen","logistics industry forecast","logistics infrastructure","logistics market report","logistics revenue 2026","logistics service providers Germany","Logistik Martktreport","Logistikdienstleister Deutschland","logistique de colis","logistique e-commerce","logistique orient\u00e9e export","march\u00e9 du fret Allemagne","Marktbericht Fracht","num\u00e9risation dans la logistique","op\u00e9rations portuaires Allemagne","Pacte vert europ\u00e9en","Paketlogistik","parcel logistics","p\u00e9nurie de main-d'\u0153uvre logistique","port operations Germany","prestataires de services logistiques Allemagne","pr\u00e9visions secteur logistique","Prognose Logistikbranche","rail freight transport","rapport de march\u00e9 du fret","rapport de march\u00e9 logistique","revenus logistique 2026","Schieneng\u00fcterverkehr","skills shortage logistics","solutions intermodales","Supply Chain Management","tarification du CO2 logistique","transport economy Germany","transport ferroviaire de marchandises","Transportwirtschaft Deutschland","Umsatz Logistik 2026","Wachstum Logistik 2031"],"articleSection":["Exp\u00e9dition de fret et logistique","L'Europe"],"inLanguage":"fr-FR","potentialAction":[{"@type":"CommentAction","name":"Comment","target":["https:\/\/transportjournal.com\/fr\/2026\/01\/23\/croissance-du-secteur-logistique-dici-2031\/#respond"]}]},{"@type":"WebPage","@id":"https:\/\/transportjournal.com\/fr\/2026\/01\/23\/croissance-du-secteur-logistique-dici-2031\/","url":"https:\/\/transportjournal.com\/fr\/2026\/01\/23\/croissance-du-secteur-logistique-dici-2031\/","name":"Croissance du secteur logistique d'ici 2031 - ITJ | International Transport Journal.","isPartOf":{"@id":"https:\/\/transportjournal.com\/fr\/#website"},"primaryImageOfPage":{"@id":"https:\/\/transportjournal.com\/fr\/2026\/01\/23\/croissance-du-secteur-logistique-dici-2031\/#primaryimage"},"image":{"@id":"https:\/\/transportjournal.com\/fr\/2026\/01\/23\/croissance-du-secteur-logistique-dici-2031\/#primaryimage"},"thumbnailUrl":"https:\/\/transportjournal.com\/wp-content\/uploads\/sites\/2\/2026\/01\/AdobeStock_354007764-1-scaled-aspect-ratio-1400-788-scaled-1.jpeg","datePublished":"2026-01-23T11:29:28+00:00","breadcrumb":{"@id":"https:\/\/transportjournal.com\/fr\/2026\/01\/23\/croissance-du-secteur-logistique-dici-2031\/#breadcrumb"},"inLanguage":"fr-FR","potentialAction":[{"@type":"ReadAction","target":["https:\/\/transportjournal.com\/fr\/2026\/01\/23\/croissance-du-secteur-logistique-dici-2031\/"]}]},{"@type":"ImageObject","inLanguage":"fr-FR","@id":"https:\/\/transportjournal.com\/fr\/2026\/01\/23\/croissance-du-secteur-logistique-dici-2031\/#primaryimage","url":"https:\/\/transportjournal.com\/wp-content\/uploads\/sites\/2\/2026\/01\/AdobeStock_354007764-1-scaled-aspect-ratio-1400-788-scaled-1.jpeg","contentUrl":"https:\/\/transportjournal.com\/wp-content\/uploads\/sites\/2\/2026\/01\/AdobeStock_354007764-1-scaled-aspect-ratio-1400-788-scaled-1.jpeg","width":2560,"height":1441},{"@type":"BreadcrumbList","@id":"https:\/\/transportjournal.com\/fr\/2026\/01\/23\/croissance-du-secteur-logistique-dici-2031\/#breadcrumb","itemListElement":[{"@type":"ListItem","position":1,"name":"Startseite","item":"https:\/\/transportjournal.com\/fr\/"},{"@type":"ListItem","position":2,"name":"Croissance du secteur logistique d&rsquo;ici 2031"}]},{"@type":"WebSite","@id":"https:\/\/transportjournal.com\/fr\/#website","url":"https:\/\/transportjournal.com\/fr\/","name":"ITJ | International Transport Journal","description":"Restez inform\u00e9 des derni\u00e8res nouvelles mondiales dans les secteurs du transport, de la logistique et de la cha\u00eene d'approvisionnement. Transport Journal fournit des informations d'experts, des analyses et des mises \u00e0 jour sur le transport maritime, l'aviation, l'intermodalit\u00e9 et l'exp\u00e9dition. ","publisher":{"@id":"https:\/\/transportjournal.com\/fr\/#organization"},"potentialAction":[{"@type":"SearchAction","target":{"@type":"EntryPoint","urlTemplate":"https:\/\/transportjournal.com\/fr\/?s={search_term_string}"},"query-input":{"@type":"PropertyValueSpecification","valueRequired":true,"valueName":"search_term_string"}}],"inLanguage":"fr-FR"},{"@type":"Organization","@id":"https:\/\/transportjournal.com\/fr\/#organization","name":"Groupe Logismedia AG","alternateName":"Logismedia Group AG","url":"https:\/\/transportjournal.com\/fr\/","logo":{"@type":"ImageObject","inLanguage":"fr-FR","@id":"https:\/\/transportjournal.com\/fr\/#\/schema\/logo\/image\/","url":"https:\/\/transportjournal.com\/wp-content\/uploads\/sites\/2\/2025\/09\/Logo_ITJ.png","contentUrl":"https:\/\/transportjournal.com\/wp-content\/uploads\/sites\/2\/2025\/09\/Logo_ITJ.png","width":799,"height":326,"caption":"Groupe Logismedia AG"},"image":{"@id":"https:\/\/transportjournal.com\/fr\/#\/schema\/logo\/image\/"},"sameAs":["https:\/\/www.linkedin.com\/company\/56456496\/admin\/dashboard\/","https:\/\/www.instagram.com\/logismediagroup\/","https:\/\/www.youtube.com\/@LogiamediaGroupAG"]},{"@type":"Person","@id":"https:\/\/transportjournal.com\/fr\/#\/schema\/person\/41d36b5474b623392fa613e97e2363fa","name":"Jeremy Soland","url":"https:\/\/transportjournal.com\/fr\/author\/jeremy\/"}]}},"_links":{"self":[{"href":"https:\/\/transportjournal.com\/fr\/wp-json\/wp\/v2\/posts\/74241","targetHints":{"allow":["GET"]}}],"collection":[{"href":"https:\/\/transportjournal.com\/fr\/wp-json\/wp\/v2\/posts"}],"about":[{"href":"https:\/\/transportjournal.com\/fr\/wp-json\/wp\/v2\/types\/post"}],"author":[{"embeddable":true,"href":"https:\/\/transportjournal.com\/fr\/wp-json\/wp\/v2\/users\/10"}],"replies":[{"embeddable":true,"href":"https:\/\/transportjournal.com\/fr\/wp-json\/wp\/v2\/comments?post=74241"}],"version-history":[{"count":0,"href":"https:\/\/transportjournal.com\/fr\/wp-json\/wp\/v2\/posts\/74241\/revisions"}],"wp:featuredmedia":[{"embeddable":true,"href":"https:\/\/transportjournal.com\/fr\/wp-json\/wp\/v2\/media\/74239"}],"wp:attachment":[{"href":"https:\/\/transportjournal.com\/fr\/wp-json\/wp\/v2\/media?parent=74241"}],"wp:term":[{"taxonomy":"category","embeddable":true,"href":"https:\/\/transportjournal.com\/fr\/wp-json\/wp\/v2\/categories?post=74241"},{"taxonomy":"post_tag","embeddable":true,"href":"https:\/\/transportjournal.com\/fr\/wp-json\/wp\/v2\/tags?post=74241"}],"curies":[{"name":"wp","href":"https:\/\/api.w.org\/{rel}","templated":true}]}}