{"id":74223,"date":"2026-01-23T08:23:52","date_gmt":"2026-01-23T08:23:52","guid":{"rendered":"https:\/\/transportjournal.com\/2026\/01\/23\/ansali-groupe-celebre-son-75e-anniversaire\/"},"modified":"2026-01-23T08:23:52","modified_gmt":"2026-01-23T08:23:52","slug":"ansali-groupe-celebre-son-75e-anniversaire","status":"publish","type":"post","link":"https:\/\/transportjournal.com\/fr\/2026\/01\/23\/ansali-groupe-celebre-son-75e-anniversaire\/","title":{"rendered":"Ansali Groupe c\u00e9l\u00e8bre son 75e anniversaire"},"content":{"rendered":"<p>Le groupe Ansali de Chiasso c\u00e9l\u00e8bre cette ann\u00e9e son 75e anniversaire. L&#8217;entreprise, sp\u00e9cialis\u00e9e dans le transport international de marchandises, a une longue histoire marqu\u00e9e par la fiabilit\u00e9, la pr\u00e9cision et un haut degr\u00e9 de minutie. Ces caract\u00e9ristiques ont permis \u00e0 l&#8217;entreprise de se maintenir au fil des ans dans un march\u00e9 en constante \u00e9volution.<\/p>\n<p>Le d\u00e9veloppement d&#8217;Ansali est le r\u00e9sultat de solides comp\u00e9tences professionnelles et de d\u00e9cisions coh\u00e9rentes. L&#8217;entreprise a toujours pris soin des besoins de ses clients et a satisfait leurs exigences de transport \u00e0 l&#8217;\u00e9chelle mondiale. Cette orientation client est un \u00e9l\u00e9ment central de la philosophie de l&#8217;entreprise, qui a fait ses preuves au fil des d\u00e9cennies.<\/p>\n<h3>Un regard sur le pass\u00e9 et l&#8217;avenir<\/h3>\n<p>L&#8217;histoire d&#8217;Ansali est marqu\u00e9e par sa capacit\u00e9 \u00e0 s&#8217;adapter \u00e0 de nouveaux march\u00e9s et technologies. L&#8217;entreprise a su se d\u00e9velopper continuellement tout en maintenant son approche de travail rigoureuse et responsable. Cette capacit\u00e9 d&#8217;adaptation a permis \u00e0 Ansali d&#8217;agir avec succ\u00e8s \u00e0 travers les g\u00e9n\u00e9rations tout en gardant la qualit\u00e9 du service au centre de ses pr\u00e9occupations.<\/p>\n<p>\u00c0 l&#8217;occasion de l&#8217;anniversaire de la cr\u00e9ation de l&#8217;entreprise le 21 janvier 1951, celle-ci souligne qu&#8217;elle souhaite regarder vers l&#8217;avenir avec le m\u00eame engagement et la m\u00eame vision. Le d\u00e9veloppement continu et la qu\u00eate d&#8217;innovation restent des \u00e9l\u00e9ments centraux de la strat\u00e9gie de l&#8217;entreprise. Ansali se montre pr\u00eat \u00e0 relever les d\u00e9fis du march\u00e9 dans les ann\u00e9es \u00e0 venir et \u00e0 maintenir les normes \u00e9lev\u00e9es qu&#8217;elle s&#8217;est fix\u00e9es.<\/p>\n<p>&nbsp;<\/p>\n<p><a href=\"https:\/\/www.ansali.net\/\" target=\"_blank\" rel=\"noopener noreferrer\">www.ansali.net<\/a><\/p>\n<p>&nbsp;<\/p>\n","protected":false},"excerpt":{"rendered":"<p>Le groupe Ansali de Chiasso c\u00e9l\u00e8bre son 75e anniversaire et reste engag\u00e9 \u00e0 r\u00e9pondre aux normes \u00e9lev\u00e9es du transport international.<\/p>\n","protected":false},"author":12,"featured_media":74221,"comment_status":"open","ping_status":"open","sticky":false,"template":"","format":"standard","meta":{"_acf_changed":false,"footnotes":""},"categories":[1581,1587,1579],"tags":[8954,8955,8956,8957,8958,8959,8960,8961,3739,5180,4231,2700,4091,2123,8962,8963,8964,3745,2075,8965,8966,8967,2279,8968,8969,8970,8971,6478,8972,8973,2282,8974,8975,8976,5112,4254,8977,8978,6489,8979,8980,8981,8982,8983,8984,8985,8986,5119,2106,5120,6500,3536,3537,2837,8987,8988,8989],"class_list":["post-74223","post","type-post","status-publish","format-standard","has-post-thumbnail","hentry","category-expedition-et-logistique","category-leurope","category-personnes-et-entreprises","tag-75-ans-dansali","tag-75-jahre-ansali","tag-75-years-of-ansali","tag-adaptation-au-marche-dans-le-transport","tag-ansali-company-history","tag-ansali-unternehmensgeschichte","tag-customer-orientation-in-logistics","tag-deutsch-ansali","tag-developpement-des-infrastructures","tag-digitalisierung-im-transport","tag-digitalization-in-transport","tag-fachkraeftemangel-in-der-logistik","tag-freight-transport","tag-gestion-de-la-chaine-dapprovisionnement","tag-gestion-de-la-qualite-en-logistique","tag-hafenbetrieb-chiasso","tag-histoire-de-lentreprise-ansali","tag-infrastructure-development","tag-infrastrukturentwicklung","tag-innovation-en-logistique","tag-innovation-in-der-logistik-english-ansali","tag-innovation-in-logistics-francais-ansali","tag-international-logistics","tag-international-transport-markets","tag-internationale-transportmaerkte","tag-internationales-transportwesen","tag-kundenorientierung-in-der-logistik","tag-labor-shortage-in-logistics","tag-logistics-provider-switzerland","tag-logistikdienstleister-schweiz","tag-logistique-internationale","tag-marches-du-transport-international","tag-market-adaptation-in-transport","tag-marktanpassung-im-transport","tag-nachhaltige-logistikloesungen","tag-numerisation-dans-le-transport","tag-operations-portuaires-chiasso","tag-orientation-client-en-logistique","tag-penurie-de-main-doeuvre-en-logistique","tag-port-operations-chiasso","tag-praeziser-transport","tag-precise-transportation","tag-prestataire-logistique-suisse","tag-qualitaetsmanagement-in-der-logistik","tag-quality-management-in-logistics","tag-responsabilite-dans-lindustrie-du-transport","tag-responsibility-in-transport-industry","tag-solutions-logistiques-durables","tag-supply-chain-management","tag-sustainable-logistics-solutions","tag-technologie-en-logistique","tag-technologie-in-der-logistik","tag-technology-in-logistics","tag-transport-de-marchandises","tag-transport-precis","tag-transport-von-waren","tag-verantwortung-in-der-transportwirtschaft"],"acf":[],"yoast_head":"<!-- This site is optimized with the Yoast SEO plugin v27.3 - https:\/\/yoast.com\/product\/yoast-seo-wordpress\/ -->\n<title>Ansali Groupe c\u00e9l\u00e8bre son 75e anniversaire - ITJ | International Transport Journal.<\/title>\n<meta name=\"robots\" content=\"index, follow, max-snippet:-1, max-image-preview:large, max-video-preview:-1\" \/>\n<link rel=\"canonical\" href=\"https:\/\/transportjournal.com\/fr\/2026\/01\/23\/ansali-groupe-celebre-son-75e-anniversaire\/\" \/>\n<meta property=\"og:locale\" content=\"fr_FR\" \/>\n<meta property=\"og:type\" content=\"article\" \/>\n<meta property=\"og:title\" content=\"Ansali Groupe c\u00e9l\u00e8bre son 75e anniversaire - ITJ | International Transport Journal.\" \/>\n<meta property=\"og:description\" content=\"Le groupe Ansali de Chiasso c\u00e9l\u00e8bre son 75e anniversaire et reste engag\u00e9 \u00e0 r\u00e9pondre aux normes \u00e9lev\u00e9es du transport international.\" \/>\n<meta property=\"og:url\" content=\"https:\/\/transportjournal.com\/fr\/2026\/01\/23\/ansali-groupe-celebre-son-75e-anniversaire\/\" \/>\n<meta property=\"og:site_name\" content=\"ITJ | International Transport Journal\" \/>\n<meta property=\"article:published_time\" content=\"2026-01-23T08:23:52+00:00\" \/>\n<meta property=\"og:image\" content=\"https:\/\/transportjournal.com\/wp-content\/uploads\/sites\/2\/2026\/01\/Ansali-1768904340448-aspect-ratio-1400-788.jpg\" \/>\n\t<meta property=\"og:image:width\" content=\"1280\" \/>\n\t<meta property=\"og:image:height\" content=\"721\" \/>\n\t<meta property=\"og:image:type\" content=\"image\/jpeg\" \/>\n<meta name=\"author\" content=\"Andreas Haug\" \/>\n<meta name=\"twitter:card\" content=\"summary_large_image\" \/>\n<meta name=\"twitter:label1\" content=\"\u00c9crit par\" \/>\n\t<meta name=\"twitter:data1\" content=\"Andreas Haug\" \/>\n\t<meta name=\"twitter:label2\" content=\"Dur\u00e9e de lecture estim\u00e9e\" \/>\n\t<meta name=\"twitter:data2\" content=\"1 minute\" \/>\n<script type=\"application\/ld+json\" class=\"yoast-schema-graph\">{\"@context\":\"https:\\\/\\\/schema.org\",\"@graph\":[{\"@type\":\"Article\",\"@id\":\"https:\\\/\\\/transportjournal.com\\\/fr\\\/2026\\\/01\\\/23\\\/ansali-groupe-celebre-son-75e-anniversaire\\\/#article\",\"isPartOf\":{\"@id\":\"https:\\\/\\\/transportjournal.com\\\/fr\\\/2026\\\/01\\\/23\\\/ansali-groupe-celebre-son-75e-anniversaire\\\/\"},\"author\":{\"name\":\"Andreas Haug\",\"@id\":\"https:\\\/\\\/transportjournal.com\\\/fr\\\/#\\\/schema\\\/person\\\/cf538b3157f15afd7589245a4b3dbd25\"},\"headline\":\"Ansali Groupe c\u00e9l\u00e8bre son 75e anniversaire\",\"datePublished\":\"2026-01-23T08:23:52+00:00\",\"mainEntityOfPage\":{\"@id\":\"https:\\\/\\\/transportjournal.com\\\/fr\\\/2026\\\/01\\\/23\\\/ansali-groupe-celebre-son-75e-anniversaire\\\/\"},\"wordCount\":298,\"commentCount\":0,\"publisher\":{\"@id\":\"https:\\\/\\\/transportjournal.com\\\/fr\\\/#organization\"},\"image\":{\"@id\":\"https:\\\/\\\/transportjournal.com\\\/fr\\\/2026\\\/01\\\/23\\\/ansali-groupe-celebre-son-75e-anniversaire\\\/#primaryimage\"},\"thumbnailUrl\":\"https:\\\/\\\/transportjournal.com\\\/wp-content\\\/uploads\\\/sites\\\/2\\\/2026\\\/01\\\/Ansali-1768904340448-aspect-ratio-1400-788.jpg\",\"keywords\":[\"75 ans d'Ansali\",\"75 Jahre Ansali\",\"75 years of Ansali\",\"adaptation au march\u00e9 dans le transport\",\"Ansali company history\",\"Ansali Unternehmensgeschichte\",\"customer orientation in logistics\",\"Deutsch Ansali\",\"d\u00e9veloppement des infrastructures\",\"Digitalisierung im Transport\",\"digitalization in transport\",\"Fachkr\u00e4ftemangel in der Logistik\",\"freight transport\",\"gestion de la cha\u00eene d'approvisionnement\",\"gestion de la qualit\u00e9 en logistique\",\"Hafenbetrieb Chiasso\",\"histoire de l'entreprise Ansali\",\"infrastructure development\",\"Infrastrukturentwicklung\",\"innovation en logistique\",\"Innovation in der Logistik English Ansali\",\"innovation in logistics Fran\u00e7ais Ansali\",\"international logistics\",\"international transport markets\",\"internationale Transportm\u00e4rkte\",\"internationales Transportwesen\",\"Kundenorientierung in der Logistik\",\"labor shortage in logistics\",\"logistics provider Switzerland\",\"Logistikdienstleister Schweiz\",\"logistique internationale\",\"march\u00e9s du transport international\",\"market adaptation in transport\",\"Marktanpassung im Transport\",\"nachhaltige Logistikl\u00f6sungen\",\"num\u00e9risation dans le transport\",\"op\u00e9rations portuaires Chiasso\",\"orientation client en logistique\",\"p\u00e9nurie de main-d'\u0153uvre en logistique\",\"port operations Chiasso\",\"pr\u00e4ziser Transport\",\"precise transportation\",\"prestataire logistique Suisse\",\"Qualit\u00e4tsmanagement in der Logistik\",\"quality management in logistics\",\"responsabilit\u00e9 dans l'industrie du transport\",\"responsibility in transport industry\",\"solutions logistiques durables\",\"Supply Chain Management\",\"sustainable logistics solutions\",\"technologie en logistique\",\"Technologie in der Logistik\",\"technology in logistics\",\"transport de marchandises\",\"transport pr\u00e9cis\",\"Transport von Waren\",\"Verantwortung in der Transportwirtschaft\"],\"articleSection\":[\"Exp\u00e9dition de fret et logistique\",\"L'Europe\",\"Personnes et entreprises\"],\"inLanguage\":\"fr-FR\",\"potentialAction\":[{\"@type\":\"CommentAction\",\"name\":\"Comment\",\"target\":[\"https:\\\/\\\/transportjournal.com\\\/fr\\\/2026\\\/01\\\/23\\\/ansali-groupe-celebre-son-75e-anniversaire\\\/#respond\"]}]},{\"@type\":\"WebPage\",\"@id\":\"https:\\\/\\\/transportjournal.com\\\/fr\\\/2026\\\/01\\\/23\\\/ansali-groupe-celebre-son-75e-anniversaire\\\/\",\"url\":\"https:\\\/\\\/transportjournal.com\\\/fr\\\/2026\\\/01\\\/23\\\/ansali-groupe-celebre-son-75e-anniversaire\\\/\",\"name\":\"Ansali Groupe c\u00e9l\u00e8bre son 75e anniversaire - ITJ | International Transport Journal.\",\"isPartOf\":{\"@id\":\"https:\\\/\\\/transportjournal.com\\\/fr\\\/#website\"},\"primaryImageOfPage\":{\"@id\":\"https:\\\/\\\/transportjournal.com\\\/fr\\\/2026\\\/01\\\/23\\\/ansali-groupe-celebre-son-75e-anniversaire\\\/#primaryimage\"},\"image\":{\"@id\":\"https:\\\/\\\/transportjournal.com\\\/fr\\\/2026\\\/01\\\/23\\\/ansali-groupe-celebre-son-75e-anniversaire\\\/#primaryimage\"},\"thumbnailUrl\":\"https:\\\/\\\/transportjournal.com\\\/wp-content\\\/uploads\\\/sites\\\/2\\\/2026\\\/01\\\/Ansali-1768904340448-aspect-ratio-1400-788.jpg\",\"datePublished\":\"2026-01-23T08:23:52+00:00\",\"breadcrumb\":{\"@id\":\"https:\\\/\\\/transportjournal.com\\\/fr\\\/2026\\\/01\\\/23\\\/ansali-groupe-celebre-son-75e-anniversaire\\\/#breadcrumb\"},\"inLanguage\":\"fr-FR\",\"potentialAction\":[{\"@type\":\"ReadAction\",\"target\":[\"https:\\\/\\\/transportjournal.com\\\/fr\\\/2026\\\/01\\\/23\\\/ansali-groupe-celebre-son-75e-anniversaire\\\/\"]}]},{\"@type\":\"ImageObject\",\"inLanguage\":\"fr-FR\",\"@id\":\"https:\\\/\\\/transportjournal.com\\\/fr\\\/2026\\\/01\\\/23\\\/ansali-groupe-celebre-son-75e-anniversaire\\\/#primaryimage\",\"url\":\"https:\\\/\\\/transportjournal.com\\\/wp-content\\\/uploads\\\/sites\\\/2\\\/2026\\\/01\\\/Ansali-1768904340448-aspect-ratio-1400-788.jpg\",\"contentUrl\":\"https:\\\/\\\/transportjournal.com\\\/wp-content\\\/uploads\\\/sites\\\/2\\\/2026\\\/01\\\/Ansali-1768904340448-aspect-ratio-1400-788.jpg\",\"width\":1280,\"height\":721},{\"@type\":\"BreadcrumbList\",\"@id\":\"https:\\\/\\\/transportjournal.com\\\/fr\\\/2026\\\/01\\\/23\\\/ansali-groupe-celebre-son-75e-anniversaire\\\/#breadcrumb\",\"itemListElement\":[{\"@type\":\"ListItem\",\"position\":1,\"name\":\"Startseite\",\"item\":\"https:\\\/\\\/transportjournal.com\\\/fr\\\/\"},{\"@type\":\"ListItem\",\"position\":2,\"name\":\"Ansali Groupe c\u00e9l\u00e8bre son 75e anniversaire\"}]},{\"@type\":\"WebSite\",\"@id\":\"https:\\\/\\\/transportjournal.com\\\/fr\\\/#website\",\"url\":\"https:\\\/\\\/transportjournal.com\\\/fr\\\/\",\"name\":\"ITJ | International Transport Journal\",\"description\":\"Restez inform\u00e9 des derni\u00e8res nouvelles mondiales dans les secteurs du transport, de la logistique et de la cha\u00eene d'approvisionnement. Transport Journal fournit des informations d'experts, des analyses et des mises \u00e0 jour sur le transport maritime, l'aviation, l'intermodalit\u00e9 et l'exp\u00e9dition. \",\"publisher\":{\"@id\":\"https:\\\/\\\/transportjournal.com\\\/fr\\\/#organization\"},\"potentialAction\":[{\"@type\":\"SearchAction\",\"target\":{\"@type\":\"EntryPoint\",\"urlTemplate\":\"https:\\\/\\\/transportjournal.com\\\/fr\\\/?s={search_term_string}\"},\"query-input\":{\"@type\":\"PropertyValueSpecification\",\"valueRequired\":true,\"valueName\":\"search_term_string\"}}],\"inLanguage\":\"fr-FR\"},{\"@type\":\"Organization\",\"@id\":\"https:\\\/\\\/transportjournal.com\\\/fr\\\/#organization\",\"name\":\"Groupe Logismedia AG\",\"alternateName\":\"Logismedia Group AG\",\"url\":\"https:\\\/\\\/transportjournal.com\\\/fr\\\/\",\"logo\":{\"@type\":\"ImageObject\",\"inLanguage\":\"fr-FR\",\"@id\":\"https:\\\/\\\/transportjournal.com\\\/fr\\\/#\\\/schema\\\/logo\\\/image\\\/\",\"url\":\"https:\\\/\\\/transportjournal.com\\\/wp-content\\\/uploads\\\/sites\\\/2\\\/2025\\\/09\\\/Logo_ITJ.png\",\"contentUrl\":\"https:\\\/\\\/transportjournal.com\\\/wp-content\\\/uploads\\\/sites\\\/2\\\/2025\\\/09\\\/Logo_ITJ.png\",\"width\":799,\"height\":326,\"caption\":\"Groupe Logismedia AG\"},\"image\":{\"@id\":\"https:\\\/\\\/transportjournal.com\\\/fr\\\/#\\\/schema\\\/logo\\\/image\\\/\"},\"sameAs\":[\"https:\\\/\\\/www.linkedin.com\\\/company\\\/56456496\\\/admin\\\/dashboard\\\/\",\"https:\\\/\\\/www.instagram.com\\\/logismediagroup\\\/\",\"https:\\\/\\\/www.youtube.com\\\/@LogiamediaGroupAG\"]},{\"@type\":\"Person\",\"@id\":\"https:\\\/\\\/transportjournal.com\\\/fr\\\/#\\\/schema\\\/person\\\/cf538b3157f15afd7589245a4b3dbd25\",\"name\":\"Andreas Haug\",\"url\":\"https:\\\/\\\/transportjournal.com\\\/fr\\\/author\\\/andreas\\\/\"}]}<\/script>\n<!-- \/ Yoast SEO plugin. -->","yoast_head_json":{"title":"Ansali Groupe c\u00e9l\u00e8bre son 75e anniversaire - ITJ | International Transport Journal.","robots":{"index":"index","follow":"follow","max-snippet":"max-snippet:-1","max-image-preview":"max-image-preview:large","max-video-preview":"max-video-preview:-1"},"canonical":"https:\/\/transportjournal.com\/fr\/2026\/01\/23\/ansali-groupe-celebre-son-75e-anniversaire\/","og_locale":"fr_FR","og_type":"article","og_title":"Ansali Groupe c\u00e9l\u00e8bre son 75e anniversaire - ITJ | International Transport Journal.","og_description":"Le groupe Ansali de Chiasso c\u00e9l\u00e8bre son 75e anniversaire et reste engag\u00e9 \u00e0 r\u00e9pondre aux normes \u00e9lev\u00e9es du transport international.","og_url":"https:\/\/transportjournal.com\/fr\/2026\/01\/23\/ansali-groupe-celebre-son-75e-anniversaire\/","og_site_name":"ITJ | International Transport Journal","article_published_time":"2026-01-23T08:23:52+00:00","og_image":[{"width":1280,"height":721,"url":"https:\/\/transportjournal.com\/wp-content\/uploads\/sites\/2\/2026\/01\/Ansali-1768904340448-aspect-ratio-1400-788.jpg","type":"image\/jpeg"}],"author":"Andreas Haug","twitter_card":"summary_large_image","twitter_misc":{"\u00c9crit par":"Andreas Haug","Dur\u00e9e de lecture estim\u00e9e":"1 minute"},"schema":{"@context":"https:\/\/schema.org","@graph":[{"@type":"Article","@id":"https:\/\/transportjournal.com\/fr\/2026\/01\/23\/ansali-groupe-celebre-son-75e-anniversaire\/#article","isPartOf":{"@id":"https:\/\/transportjournal.com\/fr\/2026\/01\/23\/ansali-groupe-celebre-son-75e-anniversaire\/"},"author":{"name":"Andreas Haug","@id":"https:\/\/transportjournal.com\/fr\/#\/schema\/person\/cf538b3157f15afd7589245a4b3dbd25"},"headline":"Ansali Groupe c\u00e9l\u00e8bre son 75e anniversaire","datePublished":"2026-01-23T08:23:52+00:00","mainEntityOfPage":{"@id":"https:\/\/transportjournal.com\/fr\/2026\/01\/23\/ansali-groupe-celebre-son-75e-anniversaire\/"},"wordCount":298,"commentCount":0,"publisher":{"@id":"https:\/\/transportjournal.com\/fr\/#organization"},"image":{"@id":"https:\/\/transportjournal.com\/fr\/2026\/01\/23\/ansali-groupe-celebre-son-75e-anniversaire\/#primaryimage"},"thumbnailUrl":"https:\/\/transportjournal.com\/wp-content\/uploads\/sites\/2\/2026\/01\/Ansali-1768904340448-aspect-ratio-1400-788.jpg","keywords":["75 ans d'Ansali","75 Jahre Ansali","75 years of Ansali","adaptation au march\u00e9 dans le transport","Ansali company history","Ansali Unternehmensgeschichte","customer orientation in logistics","Deutsch Ansali","d\u00e9veloppement des infrastructures","Digitalisierung im Transport","digitalization in transport","Fachkr\u00e4ftemangel in der Logistik","freight transport","gestion de la cha\u00eene d'approvisionnement","gestion de la qualit\u00e9 en logistique","Hafenbetrieb Chiasso","histoire de l'entreprise Ansali","infrastructure development","Infrastrukturentwicklung","innovation en logistique","Innovation in der Logistik English Ansali","innovation in logistics Fran\u00e7ais Ansali","international logistics","international transport markets","internationale Transportm\u00e4rkte","internationales Transportwesen","Kundenorientierung in der Logistik","labor shortage in logistics","logistics provider Switzerland","Logistikdienstleister Schweiz","logistique internationale","march\u00e9s du transport international","market adaptation in transport","Marktanpassung im Transport","nachhaltige Logistikl\u00f6sungen","num\u00e9risation dans le transport","op\u00e9rations portuaires Chiasso","orientation client en logistique","p\u00e9nurie de main-d'\u0153uvre en logistique","port operations Chiasso","pr\u00e4ziser Transport","precise transportation","prestataire logistique Suisse","Qualit\u00e4tsmanagement in der Logistik","quality management in logistics","responsabilit\u00e9 dans l'industrie du transport","responsibility in transport industry","solutions logistiques durables","Supply Chain Management","sustainable logistics solutions","technologie en logistique","Technologie in der Logistik","technology in logistics","transport de marchandises","transport pr\u00e9cis","Transport von Waren","Verantwortung in der Transportwirtschaft"],"articleSection":["Exp\u00e9dition de fret et logistique","L'Europe","Personnes et entreprises"],"inLanguage":"fr-FR","potentialAction":[{"@type":"CommentAction","name":"Comment","target":["https:\/\/transportjournal.com\/fr\/2026\/01\/23\/ansali-groupe-celebre-son-75e-anniversaire\/#respond"]}]},{"@type":"WebPage","@id":"https:\/\/transportjournal.com\/fr\/2026\/01\/23\/ansali-groupe-celebre-son-75e-anniversaire\/","url":"https:\/\/transportjournal.com\/fr\/2026\/01\/23\/ansali-groupe-celebre-son-75e-anniversaire\/","name":"Ansali Groupe c\u00e9l\u00e8bre son 75e anniversaire - ITJ | International Transport Journal.","isPartOf":{"@id":"https:\/\/transportjournal.com\/fr\/#website"},"primaryImageOfPage":{"@id":"https:\/\/transportjournal.com\/fr\/2026\/01\/23\/ansali-groupe-celebre-son-75e-anniversaire\/#primaryimage"},"image":{"@id":"https:\/\/transportjournal.com\/fr\/2026\/01\/23\/ansali-groupe-celebre-son-75e-anniversaire\/#primaryimage"},"thumbnailUrl":"https:\/\/transportjournal.com\/wp-content\/uploads\/sites\/2\/2026\/01\/Ansali-1768904340448-aspect-ratio-1400-788.jpg","datePublished":"2026-01-23T08:23:52+00:00","breadcrumb":{"@id":"https:\/\/transportjournal.com\/fr\/2026\/01\/23\/ansali-groupe-celebre-son-75e-anniversaire\/#breadcrumb"},"inLanguage":"fr-FR","potentialAction":[{"@type":"ReadAction","target":["https:\/\/transportjournal.com\/fr\/2026\/01\/23\/ansali-groupe-celebre-son-75e-anniversaire\/"]}]},{"@type":"ImageObject","inLanguage":"fr-FR","@id":"https:\/\/transportjournal.com\/fr\/2026\/01\/23\/ansali-groupe-celebre-son-75e-anniversaire\/#primaryimage","url":"https:\/\/transportjournal.com\/wp-content\/uploads\/sites\/2\/2026\/01\/Ansali-1768904340448-aspect-ratio-1400-788.jpg","contentUrl":"https:\/\/transportjournal.com\/wp-content\/uploads\/sites\/2\/2026\/01\/Ansali-1768904340448-aspect-ratio-1400-788.jpg","width":1280,"height":721},{"@type":"BreadcrumbList","@id":"https:\/\/transportjournal.com\/fr\/2026\/01\/23\/ansali-groupe-celebre-son-75e-anniversaire\/#breadcrumb","itemListElement":[{"@type":"ListItem","position":1,"name":"Startseite","item":"https:\/\/transportjournal.com\/fr\/"},{"@type":"ListItem","position":2,"name":"Ansali Groupe c\u00e9l\u00e8bre son 75e anniversaire"}]},{"@type":"WebSite","@id":"https:\/\/transportjournal.com\/fr\/#website","url":"https:\/\/transportjournal.com\/fr\/","name":"ITJ | International Transport Journal","description":"Restez inform\u00e9 des derni\u00e8res nouvelles mondiales dans les secteurs du transport, de la logistique et de la cha\u00eene d'approvisionnement. Transport Journal fournit des informations d'experts, des analyses et des mises \u00e0 jour sur le transport maritime, l'aviation, l'intermodalit\u00e9 et l'exp\u00e9dition. ","publisher":{"@id":"https:\/\/transportjournal.com\/fr\/#organization"},"potentialAction":[{"@type":"SearchAction","target":{"@type":"EntryPoint","urlTemplate":"https:\/\/transportjournal.com\/fr\/?s={search_term_string}"},"query-input":{"@type":"PropertyValueSpecification","valueRequired":true,"valueName":"search_term_string"}}],"inLanguage":"fr-FR"},{"@type":"Organization","@id":"https:\/\/transportjournal.com\/fr\/#organization","name":"Groupe Logismedia AG","alternateName":"Logismedia Group AG","url":"https:\/\/transportjournal.com\/fr\/","logo":{"@type":"ImageObject","inLanguage":"fr-FR","@id":"https:\/\/transportjournal.com\/fr\/#\/schema\/logo\/image\/","url":"https:\/\/transportjournal.com\/wp-content\/uploads\/sites\/2\/2025\/09\/Logo_ITJ.png","contentUrl":"https:\/\/transportjournal.com\/wp-content\/uploads\/sites\/2\/2025\/09\/Logo_ITJ.png","width":799,"height":326,"caption":"Groupe Logismedia AG"},"image":{"@id":"https:\/\/transportjournal.com\/fr\/#\/schema\/logo\/image\/"},"sameAs":["https:\/\/www.linkedin.com\/company\/56456496\/admin\/dashboard\/","https:\/\/www.instagram.com\/logismediagroup\/","https:\/\/www.youtube.com\/@LogiamediaGroupAG"]},{"@type":"Person","@id":"https:\/\/transportjournal.com\/fr\/#\/schema\/person\/cf538b3157f15afd7589245a4b3dbd25","name":"Andreas Haug","url":"https:\/\/transportjournal.com\/fr\/author\/andreas\/"}]}},"_links":{"self":[{"href":"https:\/\/transportjournal.com\/fr\/wp-json\/wp\/v2\/posts\/74223","targetHints":{"allow":["GET"]}}],"collection":[{"href":"https:\/\/transportjournal.com\/fr\/wp-json\/wp\/v2\/posts"}],"about":[{"href":"https:\/\/transportjournal.com\/fr\/wp-json\/wp\/v2\/types\/post"}],"author":[{"embeddable":true,"href":"https:\/\/transportjournal.com\/fr\/wp-json\/wp\/v2\/users\/12"}],"replies":[{"embeddable":true,"href":"https:\/\/transportjournal.com\/fr\/wp-json\/wp\/v2\/comments?post=74223"}],"version-history":[{"count":0,"href":"https:\/\/transportjournal.com\/fr\/wp-json\/wp\/v2\/posts\/74223\/revisions"}],"wp:featuredmedia":[{"embeddable":true,"href":"https:\/\/transportjournal.com\/fr\/wp-json\/wp\/v2\/media\/74221"}],"wp:attachment":[{"href":"https:\/\/transportjournal.com\/fr\/wp-json\/wp\/v2\/media?parent=74223"}],"wp:term":[{"taxonomy":"category","embeddable":true,"href":"https:\/\/transportjournal.com\/fr\/wp-json\/wp\/v2\/categories?post=74223"},{"taxonomy":"post_tag","embeddable":true,"href":"https:\/\/transportjournal.com\/fr\/wp-json\/wp\/v2\/tags?post=74223"}],"curies":[{"name":"wp","href":"https:\/\/api.w.org\/{rel}","templated":true}]}}