{"id":74186,"date":"2026-01-23T10:43:30","date_gmt":"2026-01-23T10:43:30","guid":{"rendered":"https:\/\/transportjournal.com\/2026\/01\/23\/exportation-de-fleurs-depuis-lequateur-demarre\/"},"modified":"2026-01-23T10:43:30","modified_gmt":"2026-01-23T10:43:30","slug":"exportation-de-fleurs-depuis-lequateur-demarre","status":"publish","type":"post","link":"https:\/\/transportjournal.com\/fr\/2026\/01\/23\/exportation-de-fleurs-depuis-lequateur-demarre\/","title":{"rendered":"Exportation de fleurs depuis l&rsquo;\u00c9quateur d\u00e9marre"},"content":{"rendered":"<p>Le 20 janvier 2026, la saison d&#8217;exportation de fleurs \u00e0 l&#8217;occasion de la Saint-Valentin a d\u00e9but\u00e9 \u00e0 l&#8217;a\u00e9roport international Mariscal Sucre de Quito. Cette phase durera jusqu&#8217;au 10 f\u00e9vrier. Selon les premi\u00e8res estimations du secteur, une augmentation des exportations de fleurs de 6 % par rapport \u00e0 l&#8217;ann\u00e9e pr\u00e9c\u00e9dente est attendue.<\/p>\n<p>En 2025, l&#8217;\u00c9quateur a enregistr\u00e9, lors de la saison la plus r\u00e9ussie de son histoire, un export total de pr\u00e8s de 29 000 t de fleurs. Celles-ci ont \u00e9t\u00e9 exp\u00e9di\u00e9es par 534 vols au d\u00e9part de l&#8217;a\u00e9roport Mariscal Sucre. Pour la saison actuelle, une augmentation des liaisons a\u00e9riennes est \u00e9galement pr\u00e9vue.<\/p>\n<h3>Routes commerciales importantes pour les exportations de fleurs<\/h3>\n<p>Les principales destinations pour les fleurs \u00e9quatoriennes sont les grands centres de distribution aux \u00c9tats-Unis et en Europe, notamment Miami et Amsterdam. \u00c0 partir de ces hubs, les fleurs sont distribu\u00e9es dans divers march\u00e9s \u00e0 travers le monde.<\/p>\n<p>Les op\u00e9rations de fret \u00e0 l&#8217;a\u00e9roport de Quito montrent une croissance continue, assurant \u00e0 l&#8217;a\u00e9roport la cinqui\u00e8me place en termes de volume de fret annuel en Am\u00e9rique latine et dans les Cara\u00efbes. En 2025, un total de 407 240 t de fret a \u00e9t\u00e9 transport\u00e9 dans les cat\u00e9gories exportation, importation et fret int\u00e9rieur. En ce qui concerne uniquement les exportations de fret a\u00e9rien, 336 480 t ont \u00e9t\u00e9 export\u00e9es depuis Quito, ce qui repr\u00e9sente une augmentation de 11,2 % par rapport \u00e0 2024.<\/p>\n<p>Ram\u00f3n Mir\u00f3, pr\u00e9sident et directeur g\u00e9n\u00e9ral de la Corporaci\u00f3n Quiport, s&#8217;est exprim\u00e9 positivement sur ces d\u00e9veloppements. \u00ab Le succ\u00e8s dans le domaine du fret a\u00e9rien est sans aucun doute l&#8217;un des principaux indicateurs que nous utilisons pour \u00e9valuer l&#8217;exploitation de l&#8217;a\u00e9roport, car il nous permet de mesurer la contribution de l&#8217;a\u00e9roport de Quito \u00e0 une activit\u00e9 essentielle pour le d\u00e9veloppement \u00e9conomique de la ville et du pays \u00bb, a d\u00e9clar\u00e9 Mir\u00f3.<\/p>\n<p>&nbsp;<\/p>\n<p><a href=\"https:\/\/www.quiport.com\/\" target=\"_blank\" rel=\"noopener noreferrer\">www.quiport.com<\/a><\/p>\n<p>&nbsp;<\/p>\n","protected":false},"excerpt":{"rendered":"<p>Le 20 janvier 2026, la saison d&rsquo;exportation des fleurs pour la Saint-Valentin a d\u00e9but\u00e9 \u00e0 l&rsquo;a\u00e9roport Mariscal Sucre de Quito et se poursuivra jusqu&rsquo;au 10 f\u00e9vrier.<\/p>\n","protected":false},"author":12,"featured_media":74184,"comment_status":"open","ping_status":"open","sticky":false,"template":"","format":"standard","meta":{"_acf_changed":false,"footnotes":""},"categories":[1590,1581,1582,1587],"tags":[8851,8852,5212,8853,8854,8855,8856,8857,8858,8859,8860,8861,8862,8863,8864,7059,8865,8866,8867,8868,8869,8870,8871,8872,8873,8874,8875,8876,8877,8878,8879,8880,8881,8882,8883,8884,8885,8886,8887,8888,8889,8890,8891,7081,8892,8893,8894,8895,8896,8897,8898,8899,8900,8901,8902,8903,8904,8905],"class_list":["post-74186","post","type-post","status-publish","format-standard","has-post-thumbnail","hentry","category-ameriques","category-expedition-et-logistique","category-fret-aerien","category-leurope","tag-aeroport-mariscal-sucre","tag-air-freight-export-ecuador","tag-air-freight-growth","tag-augmentation-de-lexportation-de-fleurs","tag-blumenexport-anstieg","tag-blumenexport-saison-2026","tag-blumenexport-usa","tag-blumenindustrie-ecuador","tag-blumenlogistik-amsterdam","tag-blumenvermarktung-miami","tag-blumenverteilung-europa","tag-blumenverteilung-weltweit","tag-corporacion-quiport","tag-corporacion-quiport-english-ecuador-flower-export","tag-corporacion-quiport-francais-exportation-de-fleurs-equateur","tag-croissance-du-fret-aerien","tag-deutsch-blumenexport-ecuador","tag-distribution-de-fleurs-europe","tag-distribution-mondiale-de-fleurs","tag-export-statistics-ecuador","tag-exportation-de-fleurs-etats-unis","tag-exportation-de-fleurs-saint-valentin","tag-exportation-de-fret-aerien-equateur","tag-exportstatistik-ecuador","tag-flower-distribution-europe","tag-flower-export-increase","tag-flower-export-season-2026","tag-flower-export-usa","tag-flower-industry-ecuador","tag-flower-logistics-amsterdam","tag-flower-marketing-miami","tag-flughafen-mariscal-sucre","tag-frachtfluege-ecuador","tag-frachtoperationen-quito","tag-frachtvolumen-lateinamerika","tag-freight-flights-ecuador","tag-freight-operations-quito","tag-freight-volume-latin-america","tag-global-flower-distribution","tag-handelsrouten-blumenexport","tag-industrie-florale-equateur","tag-logistique-des-fleurs-amsterdam","tag-luftfracht-export-ecuador","tag-luftfracht-wachstum","tag-mariscal-sucre-airport","tag-marketing-des-fleurs-miami","tag-operations-aeroport-quito","tag-operations-de-fret-quito","tag-quito-airport-operations","tag-quito-flughafenbetrieb","tag-routes-commerciales-exportation-de-fleurs","tag-saison-dexportation-de-fleurs-2026","tag-statistiques-dexportation-equateur","tag-trade-routes-flower-export","tag-valentines-day-flower-export","tag-valentinstag-blumenexport","tag-vols-de-fret-equateur","tag-volume-de-fret-amerique-latine"],"acf":[],"yoast_head":"<!-- This site is optimized with the Yoast SEO plugin v27.3 - https:\/\/yoast.com\/product\/yoast-seo-wordpress\/ -->\n<title>Exportation de fleurs depuis l&#039;\u00c9quateur d\u00e9marre - ITJ | International Transport Journal.<\/title>\n<meta name=\"robots\" content=\"index, follow, max-snippet:-1, max-image-preview:large, max-video-preview:-1\" \/>\n<link rel=\"canonical\" href=\"https:\/\/transportjournal.com\/fr\/2026\/01\/23\/exportation-de-fleurs-depuis-lequateur-demarre\/\" \/>\n<meta property=\"og:locale\" content=\"fr_FR\" \/>\n<meta property=\"og:type\" content=\"article\" \/>\n<meta property=\"og:title\" content=\"Exportation de fleurs depuis l&#039;\u00c9quateur d\u00e9marre - ITJ | International Transport Journal.\" \/>\n<meta property=\"og:description\" content=\"Le 20 janvier 2026, la saison d&#039;exportation des fleurs pour la Saint-Valentin a d\u00e9but\u00e9 \u00e0 l&#039;a\u00e9roport Mariscal Sucre de Quito et se poursuivra jusqu&#039;au 10 f\u00e9vrier.\" \/>\n<meta property=\"og:url\" content=\"https:\/\/transportjournal.com\/fr\/2026\/01\/23\/exportation-de-fleurs-depuis-lequateur-demarre\/\" \/>\n<meta property=\"og:site_name\" content=\"ITJ | International Transport Journal\" \/>\n<meta property=\"article:published_time\" content=\"2026-01-23T10:43:30+00:00\" \/>\n<meta property=\"og:image\" content=\"https:\/\/transportjournal.com\/wp-content\/uploads\/sites\/2\/2026\/01\/Quiport-DSC02956-1-scaled-1-aspect-ratio-1400-788.jpg\" \/>\n\t<meta property=\"og:image:width\" content=\"2541\" \/>\n\t<meta property=\"og:image:height\" content=\"1430\" \/>\n\t<meta property=\"og:image:type\" content=\"image\/jpeg\" \/>\n<meta name=\"author\" content=\"Andreas Haug\" \/>\n<meta name=\"twitter:card\" content=\"summary_large_image\" \/>\n<meta name=\"twitter:label1\" content=\"\u00c9crit par\" \/>\n\t<meta name=\"twitter:data1\" content=\"Andreas Haug\" \/>\n\t<meta name=\"twitter:label2\" content=\"Dur\u00e9e de lecture estim\u00e9e\" \/>\n\t<meta name=\"twitter:data2\" content=\"2 minutes\" \/>\n<script type=\"application\/ld+json\" class=\"yoast-schema-graph\">{\"@context\":\"https:\\\/\\\/schema.org\",\"@graph\":[{\"@type\":\"Article\",\"@id\":\"https:\\\/\\\/transportjournal.com\\\/fr\\\/2026\\\/01\\\/23\\\/exportation-de-fleurs-depuis-lequateur-demarre\\\/#article\",\"isPartOf\":{\"@id\":\"https:\\\/\\\/transportjournal.com\\\/fr\\\/2026\\\/01\\\/23\\\/exportation-de-fleurs-depuis-lequateur-demarre\\\/\"},\"author\":{\"name\":\"Andreas Haug\",\"@id\":\"https:\\\/\\\/transportjournal.com\\\/fr\\\/#\\\/schema\\\/person\\\/cf538b3157f15afd7589245a4b3dbd25\"},\"headline\":\"Exportation de fleurs depuis l&rsquo;\u00c9quateur d\u00e9marre\",\"datePublished\":\"2026-01-23T10:43:30+00:00\",\"mainEntityOfPage\":{\"@id\":\"https:\\\/\\\/transportjournal.com\\\/fr\\\/2026\\\/01\\\/23\\\/exportation-de-fleurs-depuis-lequateur-demarre\\\/\"},\"wordCount\":341,\"commentCount\":0,\"publisher\":{\"@id\":\"https:\\\/\\\/transportjournal.com\\\/fr\\\/#organization\"},\"image\":{\"@id\":\"https:\\\/\\\/transportjournal.com\\\/fr\\\/2026\\\/01\\\/23\\\/exportation-de-fleurs-depuis-lequateur-demarre\\\/#primaryimage\"},\"thumbnailUrl\":\"https:\\\/\\\/transportjournal.com\\\/wp-content\\\/uploads\\\/sites\\\/2\\\/2026\\\/01\\\/Quiport-DSC02956-1-scaled-1-aspect-ratio-1400-788.jpg\",\"keywords\":[\"a\u00e9roport Mariscal Sucre\",\"air freight export Ecuador\",\"air freight growth\",\"augmentation de l'exportation de fleurs\",\"Blumenexport Anstieg\",\"Blumenexport Saison 2026\",\"Blumenexport USA\",\"Blumenindustrie Ecuador\",\"Blumenlogistik Amsterdam\",\"Blumenvermarktung Miami\",\"Blumenverteilung Europa\",\"Blumenverteilung weltweit\",\"Corporaci\u00f3n Quiport\",\"Corporaci\u00f3n Quiport English Ecuador flower export\",\"Corporaci\u00f3n Quiport Fran\u00e7ais exportation de fleurs \u00c9quateur\",\"croissance du fret a\u00e9rien\",\"Deutsch Blumenexport Ecuador\",\"distribution de fleurs Europe\",\"distribution mondiale de fleurs\",\"export statistics Ecuador\",\"exportation de fleurs \u00c9tats-Unis\",\"exportation de fleurs Saint-Valentin\",\"exportation de fret a\u00e9rien \u00c9quateur\",\"Exportstatistik Ecuador\",\"flower distribution Europe\",\"flower export increase\",\"flower export season 2026\",\"flower export USA\",\"flower industry Ecuador\",\"flower logistics Amsterdam\",\"flower marketing Miami\",\"Flughafen Mariscal Sucre\",\"Frachtfl\u00fcge Ecuador\",\"Frachtoperationen Quito\",\"Frachtvolumen Lateinamerika\",\"freight flights Ecuador\",\"freight operations Quito\",\"freight volume Latin America\",\"global flower distribution\",\"Handelsrouten Blumenexport\",\"industrie florale \u00c9quateur\",\"logistique des fleurs Amsterdam\",\"Luftfracht Export Ecuador\",\"Luftfracht Wachstum\",\"Mariscal Sucre airport\",\"marketing des fleurs Miami\",\"op\u00e9rations a\u00e9roport Quito\",\"op\u00e9rations de fret Quito\",\"Quito airport operations\",\"Quito Flughafenbetrieb\",\"routes commerciales exportation de fleurs\",\"saison d'exportation de fleurs 2026\",\"statistiques d'exportation \u00c9quateur\",\"trade routes flower export\",\"Valentine's Day flower export\",\"Valentinstag Blumenexport\",\"vols de fret \u00c9quateur\",\"volume de fret Am\u00e9rique Latine\"],\"articleSection\":[\"Am\u00e9riques\",\"Exp\u00e9dition de fret et logistique\",\"Fret a\u00e9rien\",\"L'Europe\"],\"inLanguage\":\"fr-FR\",\"potentialAction\":[{\"@type\":\"CommentAction\",\"name\":\"Comment\",\"target\":[\"https:\\\/\\\/transportjournal.com\\\/fr\\\/2026\\\/01\\\/23\\\/exportation-de-fleurs-depuis-lequateur-demarre\\\/#respond\"]}]},{\"@type\":\"WebPage\",\"@id\":\"https:\\\/\\\/transportjournal.com\\\/fr\\\/2026\\\/01\\\/23\\\/exportation-de-fleurs-depuis-lequateur-demarre\\\/\",\"url\":\"https:\\\/\\\/transportjournal.com\\\/fr\\\/2026\\\/01\\\/23\\\/exportation-de-fleurs-depuis-lequateur-demarre\\\/\",\"name\":\"Exportation de fleurs depuis l'\u00c9quateur d\u00e9marre - ITJ | International Transport Journal.\",\"isPartOf\":{\"@id\":\"https:\\\/\\\/transportjournal.com\\\/fr\\\/#website\"},\"primaryImageOfPage\":{\"@id\":\"https:\\\/\\\/transportjournal.com\\\/fr\\\/2026\\\/01\\\/23\\\/exportation-de-fleurs-depuis-lequateur-demarre\\\/#primaryimage\"},\"image\":{\"@id\":\"https:\\\/\\\/transportjournal.com\\\/fr\\\/2026\\\/01\\\/23\\\/exportation-de-fleurs-depuis-lequateur-demarre\\\/#primaryimage\"},\"thumbnailUrl\":\"https:\\\/\\\/transportjournal.com\\\/wp-content\\\/uploads\\\/sites\\\/2\\\/2026\\\/01\\\/Quiport-DSC02956-1-scaled-1-aspect-ratio-1400-788.jpg\",\"datePublished\":\"2026-01-23T10:43:30+00:00\",\"breadcrumb\":{\"@id\":\"https:\\\/\\\/transportjournal.com\\\/fr\\\/2026\\\/01\\\/23\\\/exportation-de-fleurs-depuis-lequateur-demarre\\\/#breadcrumb\"},\"inLanguage\":\"fr-FR\",\"potentialAction\":[{\"@type\":\"ReadAction\",\"target\":[\"https:\\\/\\\/transportjournal.com\\\/fr\\\/2026\\\/01\\\/23\\\/exportation-de-fleurs-depuis-lequateur-demarre\\\/\"]}]},{\"@type\":\"ImageObject\",\"inLanguage\":\"fr-FR\",\"@id\":\"https:\\\/\\\/transportjournal.com\\\/fr\\\/2026\\\/01\\\/23\\\/exportation-de-fleurs-depuis-lequateur-demarre\\\/#primaryimage\",\"url\":\"https:\\\/\\\/transportjournal.com\\\/wp-content\\\/uploads\\\/sites\\\/2\\\/2026\\\/01\\\/Quiport-DSC02956-1-scaled-1-aspect-ratio-1400-788.jpg\",\"contentUrl\":\"https:\\\/\\\/transportjournal.com\\\/wp-content\\\/uploads\\\/sites\\\/2\\\/2026\\\/01\\\/Quiport-DSC02956-1-scaled-1-aspect-ratio-1400-788.jpg\",\"width\":2541,\"height\":1430},{\"@type\":\"BreadcrumbList\",\"@id\":\"https:\\\/\\\/transportjournal.com\\\/fr\\\/2026\\\/01\\\/23\\\/exportation-de-fleurs-depuis-lequateur-demarre\\\/#breadcrumb\",\"itemListElement\":[{\"@type\":\"ListItem\",\"position\":1,\"name\":\"Startseite\",\"item\":\"https:\\\/\\\/transportjournal.com\\\/fr\\\/\"},{\"@type\":\"ListItem\",\"position\":2,\"name\":\"Exportation de fleurs depuis l&rsquo;\u00c9quateur d\u00e9marre\"}]},{\"@type\":\"WebSite\",\"@id\":\"https:\\\/\\\/transportjournal.com\\\/fr\\\/#website\",\"url\":\"https:\\\/\\\/transportjournal.com\\\/fr\\\/\",\"name\":\"ITJ | International Transport Journal\",\"description\":\"Restez inform\u00e9 des derni\u00e8res nouvelles mondiales dans les secteurs du transport, de la logistique et de la cha\u00eene d'approvisionnement. Transport Journal fournit des informations d'experts, des analyses et des mises \u00e0 jour sur le transport maritime, l'aviation, l'intermodalit\u00e9 et l'exp\u00e9dition. \",\"publisher\":{\"@id\":\"https:\\\/\\\/transportjournal.com\\\/fr\\\/#organization\"},\"potentialAction\":[{\"@type\":\"SearchAction\",\"target\":{\"@type\":\"EntryPoint\",\"urlTemplate\":\"https:\\\/\\\/transportjournal.com\\\/fr\\\/?s={search_term_string}\"},\"query-input\":{\"@type\":\"PropertyValueSpecification\",\"valueRequired\":true,\"valueName\":\"search_term_string\"}}],\"inLanguage\":\"fr-FR\"},{\"@type\":\"Organization\",\"@id\":\"https:\\\/\\\/transportjournal.com\\\/fr\\\/#organization\",\"name\":\"Groupe Logismedia AG\",\"alternateName\":\"Logismedia Group AG\",\"url\":\"https:\\\/\\\/transportjournal.com\\\/fr\\\/\",\"logo\":{\"@type\":\"ImageObject\",\"inLanguage\":\"fr-FR\",\"@id\":\"https:\\\/\\\/transportjournal.com\\\/fr\\\/#\\\/schema\\\/logo\\\/image\\\/\",\"url\":\"https:\\\/\\\/transportjournal.com\\\/wp-content\\\/uploads\\\/sites\\\/2\\\/2025\\\/09\\\/Logo_ITJ.png\",\"contentUrl\":\"https:\\\/\\\/transportjournal.com\\\/wp-content\\\/uploads\\\/sites\\\/2\\\/2025\\\/09\\\/Logo_ITJ.png\",\"width\":799,\"height\":326,\"caption\":\"Groupe Logismedia AG\"},\"image\":{\"@id\":\"https:\\\/\\\/transportjournal.com\\\/fr\\\/#\\\/schema\\\/logo\\\/image\\\/\"},\"sameAs\":[\"https:\\\/\\\/www.linkedin.com\\\/company\\\/56456496\\\/admin\\\/dashboard\\\/\",\"https:\\\/\\\/www.instagram.com\\\/logismediagroup\\\/\",\"https:\\\/\\\/www.youtube.com\\\/@LogiamediaGroupAG\"]},{\"@type\":\"Person\",\"@id\":\"https:\\\/\\\/transportjournal.com\\\/fr\\\/#\\\/schema\\\/person\\\/cf538b3157f15afd7589245a4b3dbd25\",\"name\":\"Andreas Haug\",\"url\":\"https:\\\/\\\/transportjournal.com\\\/fr\\\/author\\\/andreas\\\/\"}]}<\/script>\n<!-- \/ Yoast SEO plugin. -->","yoast_head_json":{"title":"Exportation de fleurs depuis l'\u00c9quateur d\u00e9marre - ITJ | International Transport Journal.","robots":{"index":"index","follow":"follow","max-snippet":"max-snippet:-1","max-image-preview":"max-image-preview:large","max-video-preview":"max-video-preview:-1"},"canonical":"https:\/\/transportjournal.com\/fr\/2026\/01\/23\/exportation-de-fleurs-depuis-lequateur-demarre\/","og_locale":"fr_FR","og_type":"article","og_title":"Exportation de fleurs depuis l'\u00c9quateur d\u00e9marre - ITJ | International Transport Journal.","og_description":"Le 20 janvier 2026, la saison d'exportation des fleurs pour la Saint-Valentin a d\u00e9but\u00e9 \u00e0 l'a\u00e9roport Mariscal Sucre de Quito et se poursuivra jusqu'au 10 f\u00e9vrier.","og_url":"https:\/\/transportjournal.com\/fr\/2026\/01\/23\/exportation-de-fleurs-depuis-lequateur-demarre\/","og_site_name":"ITJ | International Transport Journal","article_published_time":"2026-01-23T10:43:30+00:00","og_image":[{"width":2541,"height":1430,"url":"https:\/\/transportjournal.com\/wp-content\/uploads\/sites\/2\/2026\/01\/Quiport-DSC02956-1-scaled-1-aspect-ratio-1400-788.jpg","type":"image\/jpeg"}],"author":"Andreas Haug","twitter_card":"summary_large_image","twitter_misc":{"\u00c9crit par":"Andreas Haug","Dur\u00e9e de lecture estim\u00e9e":"2 minutes"},"schema":{"@context":"https:\/\/schema.org","@graph":[{"@type":"Article","@id":"https:\/\/transportjournal.com\/fr\/2026\/01\/23\/exportation-de-fleurs-depuis-lequateur-demarre\/#article","isPartOf":{"@id":"https:\/\/transportjournal.com\/fr\/2026\/01\/23\/exportation-de-fleurs-depuis-lequateur-demarre\/"},"author":{"name":"Andreas Haug","@id":"https:\/\/transportjournal.com\/fr\/#\/schema\/person\/cf538b3157f15afd7589245a4b3dbd25"},"headline":"Exportation de fleurs depuis l&rsquo;\u00c9quateur d\u00e9marre","datePublished":"2026-01-23T10:43:30+00:00","mainEntityOfPage":{"@id":"https:\/\/transportjournal.com\/fr\/2026\/01\/23\/exportation-de-fleurs-depuis-lequateur-demarre\/"},"wordCount":341,"commentCount":0,"publisher":{"@id":"https:\/\/transportjournal.com\/fr\/#organization"},"image":{"@id":"https:\/\/transportjournal.com\/fr\/2026\/01\/23\/exportation-de-fleurs-depuis-lequateur-demarre\/#primaryimage"},"thumbnailUrl":"https:\/\/transportjournal.com\/wp-content\/uploads\/sites\/2\/2026\/01\/Quiport-DSC02956-1-scaled-1-aspect-ratio-1400-788.jpg","keywords":["a\u00e9roport Mariscal Sucre","air freight export Ecuador","air freight growth","augmentation de l'exportation de fleurs","Blumenexport Anstieg","Blumenexport Saison 2026","Blumenexport USA","Blumenindustrie Ecuador","Blumenlogistik Amsterdam","Blumenvermarktung Miami","Blumenverteilung Europa","Blumenverteilung weltweit","Corporaci\u00f3n Quiport","Corporaci\u00f3n Quiport English Ecuador flower export","Corporaci\u00f3n Quiport Fran\u00e7ais exportation de fleurs \u00c9quateur","croissance du fret a\u00e9rien","Deutsch Blumenexport Ecuador","distribution de fleurs Europe","distribution mondiale de fleurs","export statistics Ecuador","exportation de fleurs \u00c9tats-Unis","exportation de fleurs Saint-Valentin","exportation de fret a\u00e9rien \u00c9quateur","Exportstatistik Ecuador","flower distribution Europe","flower export increase","flower export season 2026","flower export USA","flower industry Ecuador","flower logistics Amsterdam","flower marketing Miami","Flughafen Mariscal Sucre","Frachtfl\u00fcge Ecuador","Frachtoperationen Quito","Frachtvolumen Lateinamerika","freight flights Ecuador","freight operations Quito","freight volume Latin America","global flower distribution","Handelsrouten Blumenexport","industrie florale \u00c9quateur","logistique des fleurs Amsterdam","Luftfracht Export Ecuador","Luftfracht Wachstum","Mariscal Sucre airport","marketing des fleurs Miami","op\u00e9rations a\u00e9roport Quito","op\u00e9rations de fret Quito","Quito airport operations","Quito Flughafenbetrieb","routes commerciales exportation de fleurs","saison d'exportation de fleurs 2026","statistiques d'exportation \u00c9quateur","trade routes flower export","Valentine's Day flower export","Valentinstag Blumenexport","vols de fret \u00c9quateur","volume de fret Am\u00e9rique Latine"],"articleSection":["Am\u00e9riques","Exp\u00e9dition de fret et logistique","Fret a\u00e9rien","L'Europe"],"inLanguage":"fr-FR","potentialAction":[{"@type":"CommentAction","name":"Comment","target":["https:\/\/transportjournal.com\/fr\/2026\/01\/23\/exportation-de-fleurs-depuis-lequateur-demarre\/#respond"]}]},{"@type":"WebPage","@id":"https:\/\/transportjournal.com\/fr\/2026\/01\/23\/exportation-de-fleurs-depuis-lequateur-demarre\/","url":"https:\/\/transportjournal.com\/fr\/2026\/01\/23\/exportation-de-fleurs-depuis-lequateur-demarre\/","name":"Exportation de fleurs depuis l'\u00c9quateur d\u00e9marre - ITJ | International Transport Journal.","isPartOf":{"@id":"https:\/\/transportjournal.com\/fr\/#website"},"primaryImageOfPage":{"@id":"https:\/\/transportjournal.com\/fr\/2026\/01\/23\/exportation-de-fleurs-depuis-lequateur-demarre\/#primaryimage"},"image":{"@id":"https:\/\/transportjournal.com\/fr\/2026\/01\/23\/exportation-de-fleurs-depuis-lequateur-demarre\/#primaryimage"},"thumbnailUrl":"https:\/\/transportjournal.com\/wp-content\/uploads\/sites\/2\/2026\/01\/Quiport-DSC02956-1-scaled-1-aspect-ratio-1400-788.jpg","datePublished":"2026-01-23T10:43:30+00:00","breadcrumb":{"@id":"https:\/\/transportjournal.com\/fr\/2026\/01\/23\/exportation-de-fleurs-depuis-lequateur-demarre\/#breadcrumb"},"inLanguage":"fr-FR","potentialAction":[{"@type":"ReadAction","target":["https:\/\/transportjournal.com\/fr\/2026\/01\/23\/exportation-de-fleurs-depuis-lequateur-demarre\/"]}]},{"@type":"ImageObject","inLanguage":"fr-FR","@id":"https:\/\/transportjournal.com\/fr\/2026\/01\/23\/exportation-de-fleurs-depuis-lequateur-demarre\/#primaryimage","url":"https:\/\/transportjournal.com\/wp-content\/uploads\/sites\/2\/2026\/01\/Quiport-DSC02956-1-scaled-1-aspect-ratio-1400-788.jpg","contentUrl":"https:\/\/transportjournal.com\/wp-content\/uploads\/sites\/2\/2026\/01\/Quiport-DSC02956-1-scaled-1-aspect-ratio-1400-788.jpg","width":2541,"height":1430},{"@type":"BreadcrumbList","@id":"https:\/\/transportjournal.com\/fr\/2026\/01\/23\/exportation-de-fleurs-depuis-lequateur-demarre\/#breadcrumb","itemListElement":[{"@type":"ListItem","position":1,"name":"Startseite","item":"https:\/\/transportjournal.com\/fr\/"},{"@type":"ListItem","position":2,"name":"Exportation de fleurs depuis l&rsquo;\u00c9quateur d\u00e9marre"}]},{"@type":"WebSite","@id":"https:\/\/transportjournal.com\/fr\/#website","url":"https:\/\/transportjournal.com\/fr\/","name":"ITJ | International Transport Journal","description":"Restez inform\u00e9 des derni\u00e8res nouvelles mondiales dans les secteurs du transport, de la logistique et de la cha\u00eene d'approvisionnement. Transport Journal fournit des informations d'experts, des analyses et des mises \u00e0 jour sur le transport maritime, l'aviation, l'intermodalit\u00e9 et l'exp\u00e9dition. ","publisher":{"@id":"https:\/\/transportjournal.com\/fr\/#organization"},"potentialAction":[{"@type":"SearchAction","target":{"@type":"EntryPoint","urlTemplate":"https:\/\/transportjournal.com\/fr\/?s={search_term_string}"},"query-input":{"@type":"PropertyValueSpecification","valueRequired":true,"valueName":"search_term_string"}}],"inLanguage":"fr-FR"},{"@type":"Organization","@id":"https:\/\/transportjournal.com\/fr\/#organization","name":"Groupe Logismedia AG","alternateName":"Logismedia Group AG","url":"https:\/\/transportjournal.com\/fr\/","logo":{"@type":"ImageObject","inLanguage":"fr-FR","@id":"https:\/\/transportjournal.com\/fr\/#\/schema\/logo\/image\/","url":"https:\/\/transportjournal.com\/wp-content\/uploads\/sites\/2\/2025\/09\/Logo_ITJ.png","contentUrl":"https:\/\/transportjournal.com\/wp-content\/uploads\/sites\/2\/2025\/09\/Logo_ITJ.png","width":799,"height":326,"caption":"Groupe Logismedia AG"},"image":{"@id":"https:\/\/transportjournal.com\/fr\/#\/schema\/logo\/image\/"},"sameAs":["https:\/\/www.linkedin.com\/company\/56456496\/admin\/dashboard\/","https:\/\/www.instagram.com\/logismediagroup\/","https:\/\/www.youtube.com\/@LogiamediaGroupAG"]},{"@type":"Person","@id":"https:\/\/transportjournal.com\/fr\/#\/schema\/person\/cf538b3157f15afd7589245a4b3dbd25","name":"Andreas Haug","url":"https:\/\/transportjournal.com\/fr\/author\/andreas\/"}]}},"_links":{"self":[{"href":"https:\/\/transportjournal.com\/fr\/wp-json\/wp\/v2\/posts\/74186","targetHints":{"allow":["GET"]}}],"collection":[{"href":"https:\/\/transportjournal.com\/fr\/wp-json\/wp\/v2\/posts"}],"about":[{"href":"https:\/\/transportjournal.com\/fr\/wp-json\/wp\/v2\/types\/post"}],"author":[{"embeddable":true,"href":"https:\/\/transportjournal.com\/fr\/wp-json\/wp\/v2\/users\/12"}],"replies":[{"embeddable":true,"href":"https:\/\/transportjournal.com\/fr\/wp-json\/wp\/v2\/comments?post=74186"}],"version-history":[{"count":0,"href":"https:\/\/transportjournal.com\/fr\/wp-json\/wp\/v2\/posts\/74186\/revisions"}],"wp:featuredmedia":[{"embeddable":true,"href":"https:\/\/transportjournal.com\/fr\/wp-json\/wp\/v2\/media\/74184"}],"wp:attachment":[{"href":"https:\/\/transportjournal.com\/fr\/wp-json\/wp\/v2\/media?parent=74186"}],"wp:term":[{"taxonomy":"category","embeddable":true,"href":"https:\/\/transportjournal.com\/fr\/wp-json\/wp\/v2\/categories?post=74186"},{"taxonomy":"post_tag","embeddable":true,"href":"https:\/\/transportjournal.com\/fr\/wp-json\/wp\/v2\/tags?post=74186"}],"curies":[{"name":"wp","href":"https:\/\/api.w.org\/{rel}","templated":true}]}}