{"id":74163,"date":"2026-01-23T10:08:57","date_gmt":"2026-01-23T10:08:57","guid":{"rendered":"https:\/\/transportjournal.com\/2026\/01\/23\/fedex-nomme-salil-chari-president\/"},"modified":"2026-01-23T10:08:57","modified_gmt":"2026-01-23T10:08:57","slug":"fedex-nomme-salil-chari-president","status":"publish","type":"post","link":"https:\/\/transportjournal.com\/fr\/2026\/01\/23\/fedex-nomme-salil-chari-president\/","title":{"rendered":"FedEx nomme Salil Chari pr\u00e9sident"},"content":{"rendered":"<p>Federal Express Corporation (FedEx) a nomm\u00e9 Salil Chari nouveau pr\u00e9sident de la r\u00e9gion Asie-Pacifique. Chari, qui occupait auparavant le poste de vice-pr\u00e9sident senior pour le marketing et l&#8217;exp\u00e9rience client dans la r\u00e9gion APAC, a pris ses fonctions le 1er janvier 2026. Il succ\u00e8de \u00e0 Kawal Preet, qui a \u00e9t\u00e9 promue \u00e0 un nouveau r\u00f4le de vice-pr\u00e9sidente ex\u00e9cutive pour la planification, l&#8217;ing\u00e9nierie et la transformation.<\/p>\n<p>En tant que pr\u00e9sident r\u00e9gional, Chari est responsable de l&#8217;orientation strat\u00e9gique de l&#8217;entreprise et dirige une \u00e9quipe de pr\u00e8s de 30 000 employ\u00e9s dans la r\u00e9gion APAC. Ses responsabilit\u00e9s incluent la promotion d&#8217;une croissance rentable, la fourniture d&#8217;exp\u00e9riences client exceptionnelles ainsi que l&#8217;am\u00e9lioration de l&#8217;excellence op\u00e9rationnelle dans la r\u00e9gion.<\/p>\n<p>Richard W. Smith, directeur des op\u00e9rations de FedEx International, s&#8217;est exprim\u00e9 positivement sur cette nomination : \u00ab Je suis ravi d&#8217;accueillir Salil en tant que nouveau pr\u00e9sident pour l&#8217;Asie-Pacifique. Cela marque un nouveau chapitre passionnant pour notre entreprise dans la r\u00e9gion APAC. Salil apporte une exp\u00e9rience exceptionnelle en leadership multir\u00e9gional et a une passion pour offrir de la valeur \u00e0 nos clients. Avec sa compr\u00e9hension approfondie de la r\u00e9gion, je suis convaincu qu&#8217;il m\u00e8nera notre entreprise dans la r\u00e9gion APAC vers de nouveaux sommets. \u00bb<\/p>\n<p>Salil Chari a commenc\u00e9 sa carri\u00e8re chez FedEx en 1997 en tant qu&#8217;analyste marketing \u00e0 Memphis, aux \u00c9tats-Unis. \u00c0 travers divers postes de direction en Am\u00e9rique latine, dans les Cara\u00efbes, dans la r\u00e9gion APAC ainsi qu&#8217;au Moyen-Orient, sur le sous-continent indien et en Afrique, il s&#8217;est toujours engag\u00e9 \u00e0 am\u00e9liorer l&#8217;exp\u00e9rience client et \u00e0 soutenir les entreprises dans l&#8217;\u00e9largissement de leur port\u00e9e mondiale et l&#8217;exploitation de nouvelles opportunit\u00e9s de march\u00e9.<\/p>\n<p>\u00ab C&#8217;est un honneur pour moi de diriger une \u00e9quipe aussi talentueuse dans une r\u00e9gion qui est au c\u0153ur du commerce mondial \u00bb, a d\u00e9clar\u00e9 Chari. \u00ab L&#8217;Asie-Pacifique abrite certains des corridors commerciaux les plus dynamiques et en rapide \u00e9volution au monde, offrant aux entreprises de toutes tailles des opportunit\u00e9s de croissance et de comp\u00e9titivit\u00e9 puissantes. Alors que nous b\u00e2tissons sur notre solide fondation, mon objectif est de renforcer la r\u00e9silience, d&#8217;acc\u00e9l\u00e9rer la croissance et d&#8217;approfondir le r\u00f4le de FedEx en tant que partenaire pr\u00e9cieux pour nos clients et nos communaut\u00e9s. Avec l&#8217;engagement ind\u00e9fectible de nos membres d&#8217;\u00e9quipe, qui vivent la Purple Promise chaque jour pour rendre chaque exp\u00e9rience client exceptionnelle, nous continuerons \u00e0 connecter les entreprises avec de nouvelles opportunit\u00e9s, \u00e0 favoriser l&#8217;innovation et \u00e0 faciliter le commerce mondial dans un march\u00e9 en constante \u00e9volution. \u00bb<\/p>\n<p>&nbsp;<\/p>\n<p><a href=\"https:\/\/www.fedex.com\/\" target=\"_blank\" rel=\"noopener noreferrer\">www.fedex.com<\/a><\/p>\n<p>&nbsp;<\/p>\n","protected":false},"excerpt":{"rendered":"<p>Salil Chari a \u00e9t\u00e9 nomm\u00e9 pr\u00e9sident de la r\u00e9gion APAC chez FedEx et dirigera l&rsquo;orientation strat\u00e9gique ainsi que la croissance de l&rsquo;entreprise.<\/p>\n","protected":false},"author":12,"featured_media":74161,"comment_status":"open","ping_status":"open","sticky":false,"template":"","format":"standard","meta":{"_acf_changed":false,"footnotes":""},"categories":[1586,1581,1579],"tags":[8811,5128,2112,8812,8813,4755,3739,2211,2212,4984,8814,2122,4207,2123,5139,5140,8815,8816,2125,3745,2075,2279,2280,8817,8818,2130,4128,1831,2622,8819,8820,1800,4988,8821,8822,8823,2479,8824,8825,8826,2481,8827,8828,8829,2339,2106,2641,8830,2242,2155,1837,2157,8831],"class_list":["post-74163","post","type-post","status-publish","format-standard","has-post-thumbnail","hentry","category-asie-pacifique","category-expedition-et-logistique","category-personnes-et-entreprises","tag-apac-region","tag-commerce-mondial","tag-corporate-leadership","tag-customer-experience","tag-customer-retention-francais-fedex","tag-deutsch-fedex","tag-developpement-des-infrastructures","tag-digital-transformation","tag-digitale-transformation","tag-excellence-operationnelle","tag-experience-client","tag-fachkraeftemangel-logistik","tag-fidelisation-des-clients","tag-gestion-de-la-chaine-dapprovisionnement","tag-global-trade","tag-globaler-handel","tag-growth-opportunities","tag-handelswege-asien","tag-industrie-du-transport","tag-infrastructure-development","tag-infrastrukturentwicklung","tag-international-logistics","tag-internationale-logistik","tag-kundenbindung-english-fedex","tag-kundenerfahrung","tag-leadership-dentreprise","tag-logistics-provider","tag-logistikdienstleister","tag-logistique-durable","tag-market-opportunities","tag-marktchancen","tag-nachhaltige-logistik","tag-operational-excellence","tag-operativen-exzellenz","tag-opportunites-de-croissance","tag-opportunites-de-marche","tag-penurie-de-competences-logistique","tag-praesident-asien-pazifik","tag-president-asia-pacific","tag-president-asie-pacifique","tag-prestataire-logistique","tag-region-apac","tag-routes-commerciales-asie","tag-salil-chari","tag-skills-shortage-logistics","tag-supply-chain-management","tag-sustainable-logistics","tag-trade-routes-asia","tag-transformation-numerique","tag-transport-industry","tag-transportwirtschaft","tag-unternehmensfuehrung","tag-wachstumsmoeglichkeiten"],"acf":[],"yoast_head":"<!-- This site is optimized with the Yoast SEO plugin v27.3 - https:\/\/yoast.com\/product\/yoast-seo-wordpress\/ -->\n<title>FedEx nomme Salil Chari pr\u00e9sident - ITJ | International Transport Journal.<\/title>\n<meta name=\"robots\" content=\"index, follow, max-snippet:-1, max-image-preview:large, max-video-preview:-1\" \/>\n<link rel=\"canonical\" href=\"https:\/\/transportjournal.com\/fr\/2026\/01\/23\/fedex-nomme-salil-chari-president\/\" \/>\n<meta property=\"og:locale\" content=\"fr_FR\" \/>\n<meta property=\"og:type\" content=\"article\" \/>\n<meta property=\"og:title\" content=\"FedEx nomme Salil Chari pr\u00e9sident - ITJ | International Transport Journal.\" \/>\n<meta property=\"og:description\" content=\"Salil Chari a \u00e9t\u00e9 nomm\u00e9 pr\u00e9sident de la r\u00e9gion APAC chez FedEx et dirigera l&#039;orientation strat\u00e9gique ainsi que la croissance de l&#039;entreprise.\" \/>\n<meta property=\"og:url\" content=\"https:\/\/transportjournal.com\/fr\/2026\/01\/23\/fedex-nomme-salil-chari-president\/\" \/>\n<meta property=\"og:site_name\" content=\"ITJ | International Transport Journal\" \/>\n<meta property=\"article:published_time\" content=\"2026-01-23T10:08:57+00:00\" \/>\n<meta property=\"og:image\" content=\"https:\/\/transportjournal.com\/wp-content\/uploads\/sites\/2\/2026\/01\/Fedex-Salil-Chari-aspect-ratio-1400-788-1.webp\" \/>\n\t<meta property=\"og:image:width\" content=\"878\" \/>\n\t<meta property=\"og:image:height\" content=\"494\" \/>\n\t<meta property=\"og:image:type\" content=\"image\/webp\" \/>\n<meta name=\"author\" content=\"Andreas Haug\" \/>\n<meta name=\"twitter:card\" content=\"summary_large_image\" \/>\n<meta name=\"twitter:label1\" content=\"\u00c9crit par\" \/>\n\t<meta name=\"twitter:data1\" content=\"Andreas Haug\" \/>\n\t<meta name=\"twitter:label2\" content=\"Dur\u00e9e de lecture estim\u00e9e\" \/>\n\t<meta name=\"twitter:data2\" content=\"2 minutes\" \/>\n<script type=\"application\/ld+json\" class=\"yoast-schema-graph\">{\"@context\":\"https:\\\/\\\/schema.org\",\"@graph\":[{\"@type\":\"Article\",\"@id\":\"https:\\\/\\\/transportjournal.com\\\/fr\\\/2026\\\/01\\\/23\\\/fedex-nomme-salil-chari-president\\\/#article\",\"isPartOf\":{\"@id\":\"https:\\\/\\\/transportjournal.com\\\/fr\\\/2026\\\/01\\\/23\\\/fedex-nomme-salil-chari-president\\\/\"},\"author\":{\"name\":\"Andreas Haug\",\"@id\":\"https:\\\/\\\/transportjournal.com\\\/fr\\\/#\\\/schema\\\/person\\\/cf538b3157f15afd7589245a4b3dbd25\"},\"headline\":\"FedEx nomme Salil Chari pr\u00e9sident\",\"datePublished\":\"2026-01-23T10:08:57+00:00\",\"mainEntityOfPage\":{\"@id\":\"https:\\\/\\\/transportjournal.com\\\/fr\\\/2026\\\/01\\\/23\\\/fedex-nomme-salil-chari-president\\\/\"},\"wordCount\":473,\"commentCount\":0,\"publisher\":{\"@id\":\"https:\\\/\\\/transportjournal.com\\\/fr\\\/#organization\"},\"image\":{\"@id\":\"https:\\\/\\\/transportjournal.com\\\/fr\\\/2026\\\/01\\\/23\\\/fedex-nomme-salil-chari-president\\\/#primaryimage\"},\"thumbnailUrl\":\"https:\\\/\\\/transportjournal.com\\\/wp-content\\\/uploads\\\/sites\\\/2\\\/2026\\\/01\\\/Fedex-Salil-Chari-aspect-ratio-1400-788-1.webp\",\"keywords\":[\"APAC-Region\",\"commerce mondial\",\"corporate leadership\",\"customer experience\",\"customer retention Fran\u00e7ais FedEx\",\"Deutsch FedEx\",\"d\u00e9veloppement des infrastructures\",\"digital transformation\",\"digitale Transformation\",\"excellence op\u00e9rationnelle\",\"exp\u00e9rience client\",\"Fachkr\u00e4ftemangel Logistik\",\"fid\u00e9lisation des clients\",\"gestion de la cha\u00eene d'approvisionnement\",\"global trade\",\"globaler Handel\",\"growth opportunities\",\"Handelswege Asien\",\"industrie du transport\",\"infrastructure development\",\"Infrastrukturentwicklung\",\"international logistics\",\"internationale Logistik\",\"Kundenbindung English FedEx\",\"Kundenerfahrung\",\"leadership d'entreprise\",\"logistics provider\",\"Logistikdienstleister\",\"logistique durable\",\"market opportunities\",\"Marktchancen\",\"nachhaltige Logistik\",\"operational excellence\",\"operativen Exzellenz\",\"opportunit\u00e9s de croissance\",\"opportunit\u00e9s de march\u00e9\",\"p\u00e9nurie de comp\u00e9tences logistique\",\"Pr\u00e4sident Asien-Pazifik\",\"President Asia-Pacific\",\"Pr\u00e9sident Asie-Pacifique\",\"prestataire logistique\",\"r\u00e9gion APAC\",\"routes commerciales Asie\",\"Salil Chari\",\"skills shortage logistics\",\"Supply Chain Management\",\"sustainable logistics\",\"trade routes Asia\",\"transformation num\u00e9rique\",\"transport industry\",\"Transportwirtschaft\",\"Unternehmensf\u00fchrung\",\"Wachstumsm\u00f6glichkeiten\"],\"articleSection\":[\"Asie\\\/Pacifique\",\"Exp\u00e9dition de fret et logistique\",\"Personnes et entreprises\"],\"inLanguage\":\"fr-FR\",\"potentialAction\":[{\"@type\":\"CommentAction\",\"name\":\"Comment\",\"target\":[\"https:\\\/\\\/transportjournal.com\\\/fr\\\/2026\\\/01\\\/23\\\/fedex-nomme-salil-chari-president\\\/#respond\"]}]},{\"@type\":\"WebPage\",\"@id\":\"https:\\\/\\\/transportjournal.com\\\/fr\\\/2026\\\/01\\\/23\\\/fedex-nomme-salil-chari-president\\\/\",\"url\":\"https:\\\/\\\/transportjournal.com\\\/fr\\\/2026\\\/01\\\/23\\\/fedex-nomme-salil-chari-president\\\/\",\"name\":\"FedEx nomme Salil Chari pr\u00e9sident - ITJ | International Transport Journal.\",\"isPartOf\":{\"@id\":\"https:\\\/\\\/transportjournal.com\\\/fr\\\/#website\"},\"primaryImageOfPage\":{\"@id\":\"https:\\\/\\\/transportjournal.com\\\/fr\\\/2026\\\/01\\\/23\\\/fedex-nomme-salil-chari-president\\\/#primaryimage\"},\"image\":{\"@id\":\"https:\\\/\\\/transportjournal.com\\\/fr\\\/2026\\\/01\\\/23\\\/fedex-nomme-salil-chari-president\\\/#primaryimage\"},\"thumbnailUrl\":\"https:\\\/\\\/transportjournal.com\\\/wp-content\\\/uploads\\\/sites\\\/2\\\/2026\\\/01\\\/Fedex-Salil-Chari-aspect-ratio-1400-788-1.webp\",\"datePublished\":\"2026-01-23T10:08:57+00:00\",\"breadcrumb\":{\"@id\":\"https:\\\/\\\/transportjournal.com\\\/fr\\\/2026\\\/01\\\/23\\\/fedex-nomme-salil-chari-president\\\/#breadcrumb\"},\"inLanguage\":\"fr-FR\",\"potentialAction\":[{\"@type\":\"ReadAction\",\"target\":[\"https:\\\/\\\/transportjournal.com\\\/fr\\\/2026\\\/01\\\/23\\\/fedex-nomme-salil-chari-president\\\/\"]}]},{\"@type\":\"ImageObject\",\"inLanguage\":\"fr-FR\",\"@id\":\"https:\\\/\\\/transportjournal.com\\\/fr\\\/2026\\\/01\\\/23\\\/fedex-nomme-salil-chari-president\\\/#primaryimage\",\"url\":\"https:\\\/\\\/transportjournal.com\\\/wp-content\\\/uploads\\\/sites\\\/2\\\/2026\\\/01\\\/Fedex-Salil-Chari-aspect-ratio-1400-788-1.webp\",\"contentUrl\":\"https:\\\/\\\/transportjournal.com\\\/wp-content\\\/uploads\\\/sites\\\/2\\\/2026\\\/01\\\/Fedex-Salil-Chari-aspect-ratio-1400-788-1.webp\",\"width\":878,\"height\":494},{\"@type\":\"BreadcrumbList\",\"@id\":\"https:\\\/\\\/transportjournal.com\\\/fr\\\/2026\\\/01\\\/23\\\/fedex-nomme-salil-chari-president\\\/#breadcrumb\",\"itemListElement\":[{\"@type\":\"ListItem\",\"position\":1,\"name\":\"Startseite\",\"item\":\"https:\\\/\\\/transportjournal.com\\\/fr\\\/\"},{\"@type\":\"ListItem\",\"position\":2,\"name\":\"FedEx nomme Salil Chari pr\u00e9sident\"}]},{\"@type\":\"WebSite\",\"@id\":\"https:\\\/\\\/transportjournal.com\\\/fr\\\/#website\",\"url\":\"https:\\\/\\\/transportjournal.com\\\/fr\\\/\",\"name\":\"ITJ | International Transport Journal\",\"description\":\"Restez inform\u00e9 des derni\u00e8res nouvelles mondiales dans les secteurs du transport, de la logistique et de la cha\u00eene d'approvisionnement. Transport Journal fournit des informations d'experts, des analyses et des mises \u00e0 jour sur le transport maritime, l'aviation, l'intermodalit\u00e9 et l'exp\u00e9dition. \",\"publisher\":{\"@id\":\"https:\\\/\\\/transportjournal.com\\\/fr\\\/#organization\"},\"potentialAction\":[{\"@type\":\"SearchAction\",\"target\":{\"@type\":\"EntryPoint\",\"urlTemplate\":\"https:\\\/\\\/transportjournal.com\\\/fr\\\/?s={search_term_string}\"},\"query-input\":{\"@type\":\"PropertyValueSpecification\",\"valueRequired\":true,\"valueName\":\"search_term_string\"}}],\"inLanguage\":\"fr-FR\"},{\"@type\":\"Organization\",\"@id\":\"https:\\\/\\\/transportjournal.com\\\/fr\\\/#organization\",\"name\":\"Groupe Logismedia AG\",\"alternateName\":\"Logismedia Group AG\",\"url\":\"https:\\\/\\\/transportjournal.com\\\/fr\\\/\",\"logo\":{\"@type\":\"ImageObject\",\"inLanguage\":\"fr-FR\",\"@id\":\"https:\\\/\\\/transportjournal.com\\\/fr\\\/#\\\/schema\\\/logo\\\/image\\\/\",\"url\":\"https:\\\/\\\/transportjournal.com\\\/wp-content\\\/uploads\\\/sites\\\/2\\\/2025\\\/09\\\/Logo_ITJ.png\",\"contentUrl\":\"https:\\\/\\\/transportjournal.com\\\/wp-content\\\/uploads\\\/sites\\\/2\\\/2025\\\/09\\\/Logo_ITJ.png\",\"width\":799,\"height\":326,\"caption\":\"Groupe Logismedia AG\"},\"image\":{\"@id\":\"https:\\\/\\\/transportjournal.com\\\/fr\\\/#\\\/schema\\\/logo\\\/image\\\/\"},\"sameAs\":[\"https:\\\/\\\/www.linkedin.com\\\/company\\\/56456496\\\/admin\\\/dashboard\\\/\",\"https:\\\/\\\/www.instagram.com\\\/logismediagroup\\\/\",\"https:\\\/\\\/www.youtube.com\\\/@LogiamediaGroupAG\"]},{\"@type\":\"Person\",\"@id\":\"https:\\\/\\\/transportjournal.com\\\/fr\\\/#\\\/schema\\\/person\\\/cf538b3157f15afd7589245a4b3dbd25\",\"name\":\"Andreas Haug\",\"url\":\"https:\\\/\\\/transportjournal.com\\\/fr\\\/author\\\/andreas\\\/\"}]}<\/script>\n<!-- \/ Yoast SEO plugin. -->","yoast_head_json":{"title":"FedEx nomme Salil Chari pr\u00e9sident - ITJ | International Transport Journal.","robots":{"index":"index","follow":"follow","max-snippet":"max-snippet:-1","max-image-preview":"max-image-preview:large","max-video-preview":"max-video-preview:-1"},"canonical":"https:\/\/transportjournal.com\/fr\/2026\/01\/23\/fedex-nomme-salil-chari-president\/","og_locale":"fr_FR","og_type":"article","og_title":"FedEx nomme Salil Chari pr\u00e9sident - ITJ | International Transport Journal.","og_description":"Salil Chari a \u00e9t\u00e9 nomm\u00e9 pr\u00e9sident de la r\u00e9gion APAC chez FedEx et dirigera l'orientation strat\u00e9gique ainsi que la croissance de l'entreprise.","og_url":"https:\/\/transportjournal.com\/fr\/2026\/01\/23\/fedex-nomme-salil-chari-president\/","og_site_name":"ITJ | International Transport Journal","article_published_time":"2026-01-23T10:08:57+00:00","og_image":[{"width":878,"height":494,"url":"https:\/\/transportjournal.com\/wp-content\/uploads\/sites\/2\/2026\/01\/Fedex-Salil-Chari-aspect-ratio-1400-788-1.webp","type":"image\/webp"}],"author":"Andreas Haug","twitter_card":"summary_large_image","twitter_misc":{"\u00c9crit par":"Andreas Haug","Dur\u00e9e de lecture estim\u00e9e":"2 minutes"},"schema":{"@context":"https:\/\/schema.org","@graph":[{"@type":"Article","@id":"https:\/\/transportjournal.com\/fr\/2026\/01\/23\/fedex-nomme-salil-chari-president\/#article","isPartOf":{"@id":"https:\/\/transportjournal.com\/fr\/2026\/01\/23\/fedex-nomme-salil-chari-president\/"},"author":{"name":"Andreas Haug","@id":"https:\/\/transportjournal.com\/fr\/#\/schema\/person\/cf538b3157f15afd7589245a4b3dbd25"},"headline":"FedEx nomme Salil Chari pr\u00e9sident","datePublished":"2026-01-23T10:08:57+00:00","mainEntityOfPage":{"@id":"https:\/\/transportjournal.com\/fr\/2026\/01\/23\/fedex-nomme-salil-chari-president\/"},"wordCount":473,"commentCount":0,"publisher":{"@id":"https:\/\/transportjournal.com\/fr\/#organization"},"image":{"@id":"https:\/\/transportjournal.com\/fr\/2026\/01\/23\/fedex-nomme-salil-chari-president\/#primaryimage"},"thumbnailUrl":"https:\/\/transportjournal.com\/wp-content\/uploads\/sites\/2\/2026\/01\/Fedex-Salil-Chari-aspect-ratio-1400-788-1.webp","keywords":["APAC-Region","commerce mondial","corporate leadership","customer experience","customer retention Fran\u00e7ais FedEx","Deutsch FedEx","d\u00e9veloppement des infrastructures","digital transformation","digitale Transformation","excellence op\u00e9rationnelle","exp\u00e9rience client","Fachkr\u00e4ftemangel Logistik","fid\u00e9lisation des clients","gestion de la cha\u00eene d'approvisionnement","global trade","globaler Handel","growth opportunities","Handelswege Asien","industrie du transport","infrastructure development","Infrastrukturentwicklung","international logistics","internationale Logistik","Kundenbindung English FedEx","Kundenerfahrung","leadership d'entreprise","logistics provider","Logistikdienstleister","logistique durable","market opportunities","Marktchancen","nachhaltige Logistik","operational excellence","operativen Exzellenz","opportunit\u00e9s de croissance","opportunit\u00e9s de march\u00e9","p\u00e9nurie de comp\u00e9tences logistique","Pr\u00e4sident Asien-Pazifik","President Asia-Pacific","Pr\u00e9sident Asie-Pacifique","prestataire logistique","r\u00e9gion APAC","routes commerciales Asie","Salil Chari","skills shortage logistics","Supply Chain Management","sustainable logistics","trade routes Asia","transformation num\u00e9rique","transport industry","Transportwirtschaft","Unternehmensf\u00fchrung","Wachstumsm\u00f6glichkeiten"],"articleSection":["Asie\/Pacifique","Exp\u00e9dition de fret et logistique","Personnes et entreprises"],"inLanguage":"fr-FR","potentialAction":[{"@type":"CommentAction","name":"Comment","target":["https:\/\/transportjournal.com\/fr\/2026\/01\/23\/fedex-nomme-salil-chari-president\/#respond"]}]},{"@type":"WebPage","@id":"https:\/\/transportjournal.com\/fr\/2026\/01\/23\/fedex-nomme-salil-chari-president\/","url":"https:\/\/transportjournal.com\/fr\/2026\/01\/23\/fedex-nomme-salil-chari-president\/","name":"FedEx nomme Salil Chari pr\u00e9sident - ITJ | International Transport Journal.","isPartOf":{"@id":"https:\/\/transportjournal.com\/fr\/#website"},"primaryImageOfPage":{"@id":"https:\/\/transportjournal.com\/fr\/2026\/01\/23\/fedex-nomme-salil-chari-president\/#primaryimage"},"image":{"@id":"https:\/\/transportjournal.com\/fr\/2026\/01\/23\/fedex-nomme-salil-chari-president\/#primaryimage"},"thumbnailUrl":"https:\/\/transportjournal.com\/wp-content\/uploads\/sites\/2\/2026\/01\/Fedex-Salil-Chari-aspect-ratio-1400-788-1.webp","datePublished":"2026-01-23T10:08:57+00:00","breadcrumb":{"@id":"https:\/\/transportjournal.com\/fr\/2026\/01\/23\/fedex-nomme-salil-chari-president\/#breadcrumb"},"inLanguage":"fr-FR","potentialAction":[{"@type":"ReadAction","target":["https:\/\/transportjournal.com\/fr\/2026\/01\/23\/fedex-nomme-salil-chari-president\/"]}]},{"@type":"ImageObject","inLanguage":"fr-FR","@id":"https:\/\/transportjournal.com\/fr\/2026\/01\/23\/fedex-nomme-salil-chari-president\/#primaryimage","url":"https:\/\/transportjournal.com\/wp-content\/uploads\/sites\/2\/2026\/01\/Fedex-Salil-Chari-aspect-ratio-1400-788-1.webp","contentUrl":"https:\/\/transportjournal.com\/wp-content\/uploads\/sites\/2\/2026\/01\/Fedex-Salil-Chari-aspect-ratio-1400-788-1.webp","width":878,"height":494},{"@type":"BreadcrumbList","@id":"https:\/\/transportjournal.com\/fr\/2026\/01\/23\/fedex-nomme-salil-chari-president\/#breadcrumb","itemListElement":[{"@type":"ListItem","position":1,"name":"Startseite","item":"https:\/\/transportjournal.com\/fr\/"},{"@type":"ListItem","position":2,"name":"FedEx nomme Salil Chari pr\u00e9sident"}]},{"@type":"WebSite","@id":"https:\/\/transportjournal.com\/fr\/#website","url":"https:\/\/transportjournal.com\/fr\/","name":"ITJ | International Transport Journal","description":"Restez inform\u00e9 des derni\u00e8res nouvelles mondiales dans les secteurs du transport, de la logistique et de la cha\u00eene d'approvisionnement. Transport Journal fournit des informations d'experts, des analyses et des mises \u00e0 jour sur le transport maritime, l'aviation, l'intermodalit\u00e9 et l'exp\u00e9dition. ","publisher":{"@id":"https:\/\/transportjournal.com\/fr\/#organization"},"potentialAction":[{"@type":"SearchAction","target":{"@type":"EntryPoint","urlTemplate":"https:\/\/transportjournal.com\/fr\/?s={search_term_string}"},"query-input":{"@type":"PropertyValueSpecification","valueRequired":true,"valueName":"search_term_string"}}],"inLanguage":"fr-FR"},{"@type":"Organization","@id":"https:\/\/transportjournal.com\/fr\/#organization","name":"Groupe Logismedia AG","alternateName":"Logismedia Group AG","url":"https:\/\/transportjournal.com\/fr\/","logo":{"@type":"ImageObject","inLanguage":"fr-FR","@id":"https:\/\/transportjournal.com\/fr\/#\/schema\/logo\/image\/","url":"https:\/\/transportjournal.com\/wp-content\/uploads\/sites\/2\/2025\/09\/Logo_ITJ.png","contentUrl":"https:\/\/transportjournal.com\/wp-content\/uploads\/sites\/2\/2025\/09\/Logo_ITJ.png","width":799,"height":326,"caption":"Groupe Logismedia AG"},"image":{"@id":"https:\/\/transportjournal.com\/fr\/#\/schema\/logo\/image\/"},"sameAs":["https:\/\/www.linkedin.com\/company\/56456496\/admin\/dashboard\/","https:\/\/www.instagram.com\/logismediagroup\/","https:\/\/www.youtube.com\/@LogiamediaGroupAG"]},{"@type":"Person","@id":"https:\/\/transportjournal.com\/fr\/#\/schema\/person\/cf538b3157f15afd7589245a4b3dbd25","name":"Andreas Haug","url":"https:\/\/transportjournal.com\/fr\/author\/andreas\/"}]}},"_links":{"self":[{"href":"https:\/\/transportjournal.com\/fr\/wp-json\/wp\/v2\/posts\/74163","targetHints":{"allow":["GET"]}}],"collection":[{"href":"https:\/\/transportjournal.com\/fr\/wp-json\/wp\/v2\/posts"}],"about":[{"href":"https:\/\/transportjournal.com\/fr\/wp-json\/wp\/v2\/types\/post"}],"author":[{"embeddable":true,"href":"https:\/\/transportjournal.com\/fr\/wp-json\/wp\/v2\/users\/12"}],"replies":[{"embeddable":true,"href":"https:\/\/transportjournal.com\/fr\/wp-json\/wp\/v2\/comments?post=74163"}],"version-history":[{"count":0,"href":"https:\/\/transportjournal.com\/fr\/wp-json\/wp\/v2\/posts\/74163\/revisions"}],"wp:featuredmedia":[{"embeddable":true,"href":"https:\/\/transportjournal.com\/fr\/wp-json\/wp\/v2\/media\/74161"}],"wp:attachment":[{"href":"https:\/\/transportjournal.com\/fr\/wp-json\/wp\/v2\/media?parent=74163"}],"wp:term":[{"taxonomy":"category","embeddable":true,"href":"https:\/\/transportjournal.com\/fr\/wp-json\/wp\/v2\/categories?post=74163"},{"taxonomy":"post_tag","embeddable":true,"href":"https:\/\/transportjournal.com\/fr\/wp-json\/wp\/v2\/tags?post=74163"}],"curies":[{"name":"wp","href":"https:\/\/api.w.org\/{rel}","templated":true}]}}