{"id":74155,"date":"2026-01-23T10:00:06","date_gmt":"2026-01-23T10:00:06","guid":{"rendered":"https:\/\/transportjournal.com\/2026\/01\/23\/manuel-marielle-nouveau-directeur-general-de-renault-trucks\/"},"modified":"2026-01-23T10:00:06","modified_gmt":"2026-01-23T10:00:06","slug":"manuel-marielle-nouveau-directeur-general-de-renault-trucks","status":"publish","type":"post","link":"https:\/\/transportjournal.com\/fr\/2026\/01\/23\/manuel-marielle-nouveau-directeur-general-de-renault-trucks\/","title":{"rendered":"Manuel Marielle nouveau directeur g\u00e9n\u00e9ral de Renault Trucks"},"content":{"rendered":"<p>Renault Trucks a annonc\u00e9 la nomination de Manuel Marielle en tant que nouveau directeur g\u00e9n\u00e9ral de Renault Trucks France. Il prendra ses fonctions le 1er mai et succ\u00e8de \u00e0 Christophe Martin, qui occupe ce poste depuis 2018 et qui assumera de nouvelles responsabilit\u00e9s au sein du comit\u00e9 ex\u00e9cutif de Renault Trucks \u00e0 ce moment-l\u00e0.<\/p>\n<h3>Nouveau cycle strat\u00e9gique<\/h3>\n<p>Avec la prise en charge de la direction du march\u00e9 le plus important de l&#8217;entreprise, Manuel Marielle est nomm\u00e9 \u00e0 un poste cl\u00e9 pour initier un nouveau cycle strat\u00e9gique. Ce cycle vise \u00e0 r\u00e9pondre aux \u00e9volutions du trafic routier et \u00e0 acc\u00e9l\u00e9rer la croissance de l&#8217;entreprise dans le domaine des camions et des solutions de mobilit\u00e9.<\/p>\n<p>Manuel Marielle est titulaire d&#8217;un master en administration des affaires et d&#8217;un master sp\u00e9cialis\u00e9 en gestion des achats. Il a commenc\u00e9 sa carri\u00e8re en 1999 chez Renault Trucks dans le d\u00e9partement financier et a \u00e9volu\u00e9 au sein du groupe Volvo. Il a occup\u00e9 divers postes de direction, notamment au sein des comit\u00e9s ex\u00e9cutifs de Mack Trucks, Volvo Trucks North America et Renault Trucks. Dans ces r\u00f4les, il a dirig\u00e9 des d\u00e9partements d&#8217;achats et des relations strat\u00e9giques avec des fournisseurs sur plusieurs continents et \u00e9tait responsable des activit\u00e9s d&#8217;achats du groupe Volvo en Am\u00e9rique du Nord.<\/p>\n<p>Actuellement, Marielle est directeur g\u00e9n\u00e9ral de la division europ\u00e9enne des v\u00e9hicules utilitaires l\u00e9gers (EMD BU), qu&#8217;il a cr\u00e9\u00e9e pour renforcer la position de leader de Volvo dans ce segment. Dans cette fonction, il g\u00e8re des partenariats significatifs et des projets strat\u00e9giques ainsi que plusieurs sites de production.<\/p>\n<p>Marielle a comment\u00e9 son nouveau r\u00f4le : \u00ab Je suis profond\u00e9ment honor\u00e9 et ravi de prendre la direction de Renault Trucks France. Je rejoins une organisation solide et performante, soutenue par des \u00e9quipes talentueuses qui m&#8217;aideront \u00e0 acc\u00e9l\u00e9rer notre trajectoire, en \u00e9troite collaboration avec nos concessionnaires. Mon objectif sera de garantir l&#8217;exp\u00e9rience et le succ\u00e8s de nos clients dans un contexte de profonds changements dans notre secteur et de consolider notre position de leader. \u00bb<\/p>\n<p>Antoine Duclaux, pr\u00e9sident de Renault Trucks, a soulign\u00e9 l&#8217;importance de Marielle pour l&#8217;entreprise : \u00ab Je confie aujourd&#8217;hui \u00e0 Manuel Marielle la responsabilit\u00e9 de notre march\u00e9 historique. Manuel est un leader audacieux avec plus de 25 ans d&#8217;exp\u00e9rience dans la cr\u00e9ation de valeur, une forte culture d&#8217;entreprise et une vaste exp\u00e9rience internationale. Son parcours est un atout essentiel pour exploiter pleinement le potentiel de la marque sur le march\u00e9 fran\u00e7ais, o\u00f9 nous d\u00e9tenons 30 % de parts de march\u00e9. \u00bb<\/p>\n<p>&nbsp;<\/p>\n<p><a href=\"https:\/\/www.renault-trucks.com\/\" target=\"_blank\" rel=\"noopener noreferrer\">www.renault-trucks.com<\/a><\/p>\n<p>&nbsp;<\/p>\n","protected":false},"excerpt":{"rendered":"<p>Renault Trucks a nomm\u00e9 Manuel Marielle nouveau directeur g\u00e9n\u00e9ral de Renault Trucks France afin de lancer un cycle strat\u00e9gique pour renforcer l&rsquo;entreprise.<\/p>\n","protected":false},"author":12,"featured_media":74153,"comment_status":"open","ping_status":"open","sticky":false,"template":"","format":"standard","meta":{"_acf_changed":false,"footnotes":""},"categories":[1580,1587,1579],"tags":[8758,8759,8760,8761,8762,8763,8764,8765,8766,8767,8768,8769,8770,8771,8772,8773,8774,8775,8776,8777,8778,8779,8780,8781,8782,8783,8784,8785,8786,8787,8788,8789,8790,8791,8792,8793,8794,8795,8796,8797,8798,8799,8800,8801,8802,8803,8804,8805,8806,8807,8808,8809,8810],"class_list":["post-74155","post","type-post","status-publish","format-standard","has-post-thumbnail","hentry","category-intermodal-route","category-leurope","category-personnes-et-entreprises","tag-ceo-renault-trucks","tag-changements-dans-le-trafic-routier","tag-comite-executif-renault","tag-commercial-vehicles-europe","tag-corporate-leadership-renault","tag-cycle-strategique-renault","tag-deutsch-renault-trucks","tag-developpement-des-talents-renault","tag-directeur-general-renault-trucks","tag-einkaufsmanagement-renault","tag-executive-committee-renault","tag-exekutivkomitee-renault","tag-experience-internationale-renault","tag-geschaeftsfuehrer-renault-trucks","tag-gestion-des-achats-renault","tag-groupe-volvo","tag-industrie-logistique-france","tag-international-experience-renault","tag-internationale-erfahrung-renault","tag-leadership-dentreprise-renault","tag-lkw-mobilitaetsloesungen","tag-logistics-industry-france","tag-logistikbranche-frankreich","tag-manuel-marielle","tag-market-share-renault-trucks","tag-market-strategy-renault","tag-marktanteil-renault-trucks","tag-marktstrategie-renault","tag-mobilitaetstrends-nutzfahrzeuge-english-renault-trucks","tag-mobility-trends-commercial-vehicles-francais-renault-trucks","tag-nutzfahrzeuge-europa","tag-part-de-marche-renault-trucks","tag-partenariats-vehicules-utilitaires","tag-partnerschaften-nutzfahrzeuge","tag-partnerships-commercial-vehicles","tag-procurement-management-renault","tag-production-sites-renault","tag-produktionsstandorte-renault","tag-road-traffic-changes","tag-sites-de-production-renault","tag-solutions-de-mobilite-poids-lourds","tag-strassenverkehr-veraenderungen","tag-strategic-cycle-renault","tag-strategie-de-marche-renault","tag-strategischer-zyklus-renault","tag-talent-development-renault","tag-talentfoerderung-renault","tag-tendances-de-mobilite-vehicules-utilitaires","tag-truck-mobility-solutions","tag-unternehmensfuehrung-renault","tag-vehicules-utilitaires-europe","tag-volvo-group","tag-volvo-konzern"],"acf":[],"yoast_head":"<!-- This site is optimized with the Yoast SEO plugin v27.3 - https:\/\/yoast.com\/product\/yoast-seo-wordpress\/ -->\n<title>Manuel Marielle nouveau directeur g\u00e9n\u00e9ral de Renault Trucks - ITJ | International Transport Journal.<\/title>\n<meta name=\"robots\" content=\"index, follow, max-snippet:-1, max-image-preview:large, max-video-preview:-1\" \/>\n<link rel=\"canonical\" href=\"https:\/\/transportjournal.com\/fr\/2026\/01\/23\/manuel-marielle-nouveau-directeur-general-de-renault-trucks\/\" \/>\n<meta property=\"og:locale\" content=\"fr_FR\" \/>\n<meta property=\"og:type\" content=\"article\" \/>\n<meta property=\"og:title\" content=\"Manuel Marielle nouveau directeur g\u00e9n\u00e9ral de Renault Trucks - ITJ | International Transport Journal.\" \/>\n<meta property=\"og:description\" content=\"Renault Trucks a nomm\u00e9 Manuel Marielle nouveau directeur g\u00e9n\u00e9ral de Renault Trucks France afin de lancer un cycle strat\u00e9gique pour renforcer l&#039;entreprise.\" \/>\n<meta property=\"og:url\" content=\"https:\/\/transportjournal.com\/fr\/2026\/01\/23\/manuel-marielle-nouveau-directeur-general-de-renault-trucks\/\" \/>\n<meta property=\"og:site_name\" content=\"ITJ | International Transport Journal\" \/>\n<meta property=\"article:published_time\" content=\"2026-01-23T10:00:06+00:00\" \/>\n<meta property=\"og:image\" content=\"https:\/\/transportjournal.com\/wp-content\/uploads\/sites\/2\/2026\/01\/Manuel-Marielle_Directeur-General-Renault-Trucks-France_2026-scaled-aspect-ratio-1400-788-scaled-1.jpg\" \/>\n\t<meta property=\"og:image:width\" content=\"2560\" \/>\n\t<meta property=\"og:image:height\" content=\"1441\" \/>\n\t<meta property=\"og:image:type\" content=\"image\/jpeg\" \/>\n<meta name=\"author\" content=\"Andreas Haug\" \/>\n<meta name=\"twitter:card\" content=\"summary_large_image\" \/>\n<meta name=\"twitter:label1\" content=\"\u00c9crit par\" \/>\n\t<meta name=\"twitter:data1\" content=\"Andreas Haug\" \/>\n\t<meta name=\"twitter:label2\" content=\"Dur\u00e9e de lecture estim\u00e9e\" \/>\n\t<meta name=\"twitter:data2\" content=\"2 minutes\" \/>\n<script type=\"application\/ld+json\" class=\"yoast-schema-graph\">{\"@context\":\"https:\\\/\\\/schema.org\",\"@graph\":[{\"@type\":\"Article\",\"@id\":\"https:\\\/\\\/transportjournal.com\\\/fr\\\/2026\\\/01\\\/23\\\/manuel-marielle-nouveau-directeur-general-de-renault-trucks\\\/#article\",\"isPartOf\":{\"@id\":\"https:\\\/\\\/transportjournal.com\\\/fr\\\/2026\\\/01\\\/23\\\/manuel-marielle-nouveau-directeur-general-de-renault-trucks\\\/\"},\"author\":{\"name\":\"Andreas Haug\",\"@id\":\"https:\\\/\\\/transportjournal.com\\\/fr\\\/#\\\/schema\\\/person\\\/cf538b3157f15afd7589245a4b3dbd25\"},\"headline\":\"Manuel Marielle nouveau directeur g\u00e9n\u00e9ral de Renault Trucks\",\"datePublished\":\"2026-01-23T10:00:06+00:00\",\"mainEntityOfPage\":{\"@id\":\"https:\\\/\\\/transportjournal.com\\\/fr\\\/2026\\\/01\\\/23\\\/manuel-marielle-nouveau-directeur-general-de-renault-trucks\\\/\"},\"wordCount\":461,\"commentCount\":0,\"publisher\":{\"@id\":\"https:\\\/\\\/transportjournal.com\\\/fr\\\/#organization\"},\"image\":{\"@id\":\"https:\\\/\\\/transportjournal.com\\\/fr\\\/2026\\\/01\\\/23\\\/manuel-marielle-nouveau-directeur-general-de-renault-trucks\\\/#primaryimage\"},\"thumbnailUrl\":\"https:\\\/\\\/transportjournal.com\\\/wp-content\\\/uploads\\\/sites\\\/2\\\/2026\\\/01\\\/Manuel-Marielle_Directeur-General-Renault-Trucks-France_2026-scaled-aspect-ratio-1400-788-scaled-1.jpg\",\"keywords\":[\"CEO Renault Trucks\",\"changements dans le trafic routier\",\"comit\u00e9 ex\u00e9cutif Renault\",\"commercial vehicles Europe\",\"corporate leadership Renault\",\"cycle strat\u00e9gique Renault\",\"Deutsch Renault Trucks\",\"d\u00e9veloppement des talents Renault\",\"directeur g\u00e9n\u00e9ral Renault Trucks\",\"Einkaufsmanagement Renault\",\"executive committee Renault\",\"Exekutivkomitee Renault\",\"exp\u00e9rience internationale Renault\",\"Gesch\u00e4ftsf\u00fchrer Renault Trucks\",\"gestion des achats Renault\",\"groupe Volvo\",\"industrie logistique France\",\"international experience Renault\",\"internationale Erfahrung Renault\",\"leadership d'entreprise Renault\",\"Lkw Mobilit\u00e4tsl\u00f6sungen\",\"logistics industry France\",\"Logistikbranche Frankreich\",\"Manuel Marielle\",\"market share Renault Trucks\",\"market strategy Renault\",\"Marktanteil Renault Trucks\",\"Marktstrategie Renault\",\"Mobilit\u00e4tstrends Nutzfahrzeuge English Renault Trucks\",\"mobility trends commercial vehicles Fran\u00e7ais Renault Trucks\",\"Nutzfahrzeuge Europa\",\"part de march\u00e9 Renault Trucks\",\"partenariats v\u00e9hicules utilitaires\",\"Partnerschaften Nutzfahrzeuge\",\"partnerships commercial vehicles\",\"procurement management Renault\",\"production sites Renault\",\"Produktionsstandorte Renault\",\"road traffic changes\",\"sites de production Renault\",\"solutions de mobilit\u00e9 poids lourds\",\"Stra\u00dfenverkehr Ver\u00e4nderungen\",\"strategic cycle Renault\",\"strat\u00e9gie de march\u00e9 Renault\",\"strategischer Zyklus Renault\",\"talent development Renault\",\"Talentf\u00f6rderung Renault\",\"tendances de mobilit\u00e9 v\u00e9hicules utilitaires\",\"truck mobility solutions\",\"Unternehmensf\u00fchrung Renault\",\"v\u00e9hicules utilitaires Europe\",\"Volvo Group\",\"Volvo Konzern\"],\"articleSection\":[\"Intermodal \\\/ Route\",\"L'Europe\",\"Personnes et entreprises\"],\"inLanguage\":\"fr-FR\",\"potentialAction\":[{\"@type\":\"CommentAction\",\"name\":\"Comment\",\"target\":[\"https:\\\/\\\/transportjournal.com\\\/fr\\\/2026\\\/01\\\/23\\\/manuel-marielle-nouveau-directeur-general-de-renault-trucks\\\/#respond\"]}]},{\"@type\":\"WebPage\",\"@id\":\"https:\\\/\\\/transportjournal.com\\\/fr\\\/2026\\\/01\\\/23\\\/manuel-marielle-nouveau-directeur-general-de-renault-trucks\\\/\",\"url\":\"https:\\\/\\\/transportjournal.com\\\/fr\\\/2026\\\/01\\\/23\\\/manuel-marielle-nouveau-directeur-general-de-renault-trucks\\\/\",\"name\":\"Manuel Marielle nouveau directeur g\u00e9n\u00e9ral de Renault Trucks - ITJ | International Transport Journal.\",\"isPartOf\":{\"@id\":\"https:\\\/\\\/transportjournal.com\\\/fr\\\/#website\"},\"primaryImageOfPage\":{\"@id\":\"https:\\\/\\\/transportjournal.com\\\/fr\\\/2026\\\/01\\\/23\\\/manuel-marielle-nouveau-directeur-general-de-renault-trucks\\\/#primaryimage\"},\"image\":{\"@id\":\"https:\\\/\\\/transportjournal.com\\\/fr\\\/2026\\\/01\\\/23\\\/manuel-marielle-nouveau-directeur-general-de-renault-trucks\\\/#primaryimage\"},\"thumbnailUrl\":\"https:\\\/\\\/transportjournal.com\\\/wp-content\\\/uploads\\\/sites\\\/2\\\/2026\\\/01\\\/Manuel-Marielle_Directeur-General-Renault-Trucks-France_2026-scaled-aspect-ratio-1400-788-scaled-1.jpg\",\"datePublished\":\"2026-01-23T10:00:06+00:00\",\"breadcrumb\":{\"@id\":\"https:\\\/\\\/transportjournal.com\\\/fr\\\/2026\\\/01\\\/23\\\/manuel-marielle-nouveau-directeur-general-de-renault-trucks\\\/#breadcrumb\"},\"inLanguage\":\"fr-FR\",\"potentialAction\":[{\"@type\":\"ReadAction\",\"target\":[\"https:\\\/\\\/transportjournal.com\\\/fr\\\/2026\\\/01\\\/23\\\/manuel-marielle-nouveau-directeur-general-de-renault-trucks\\\/\"]}]},{\"@type\":\"ImageObject\",\"inLanguage\":\"fr-FR\",\"@id\":\"https:\\\/\\\/transportjournal.com\\\/fr\\\/2026\\\/01\\\/23\\\/manuel-marielle-nouveau-directeur-general-de-renault-trucks\\\/#primaryimage\",\"url\":\"https:\\\/\\\/transportjournal.com\\\/wp-content\\\/uploads\\\/sites\\\/2\\\/2026\\\/01\\\/Manuel-Marielle_Directeur-General-Renault-Trucks-France_2026-scaled-aspect-ratio-1400-788-scaled-1.jpg\",\"contentUrl\":\"https:\\\/\\\/transportjournal.com\\\/wp-content\\\/uploads\\\/sites\\\/2\\\/2026\\\/01\\\/Manuel-Marielle_Directeur-General-Renault-Trucks-France_2026-scaled-aspect-ratio-1400-788-scaled-1.jpg\",\"width\":2560,\"height\":1441},{\"@type\":\"BreadcrumbList\",\"@id\":\"https:\\\/\\\/transportjournal.com\\\/fr\\\/2026\\\/01\\\/23\\\/manuel-marielle-nouveau-directeur-general-de-renault-trucks\\\/#breadcrumb\",\"itemListElement\":[{\"@type\":\"ListItem\",\"position\":1,\"name\":\"Startseite\",\"item\":\"https:\\\/\\\/transportjournal.com\\\/fr\\\/\"},{\"@type\":\"ListItem\",\"position\":2,\"name\":\"Manuel Marielle nouveau directeur g\u00e9n\u00e9ral de Renault Trucks\"}]},{\"@type\":\"WebSite\",\"@id\":\"https:\\\/\\\/transportjournal.com\\\/fr\\\/#website\",\"url\":\"https:\\\/\\\/transportjournal.com\\\/fr\\\/\",\"name\":\"ITJ | International Transport Journal\",\"description\":\"Restez inform\u00e9 des derni\u00e8res nouvelles mondiales dans les secteurs du transport, de la logistique et de la cha\u00eene d'approvisionnement. Transport Journal fournit des informations d'experts, des analyses et des mises \u00e0 jour sur le transport maritime, l'aviation, l'intermodalit\u00e9 et l'exp\u00e9dition. \",\"publisher\":{\"@id\":\"https:\\\/\\\/transportjournal.com\\\/fr\\\/#organization\"},\"potentialAction\":[{\"@type\":\"SearchAction\",\"target\":{\"@type\":\"EntryPoint\",\"urlTemplate\":\"https:\\\/\\\/transportjournal.com\\\/fr\\\/?s={search_term_string}\"},\"query-input\":{\"@type\":\"PropertyValueSpecification\",\"valueRequired\":true,\"valueName\":\"search_term_string\"}}],\"inLanguage\":\"fr-FR\"},{\"@type\":\"Organization\",\"@id\":\"https:\\\/\\\/transportjournal.com\\\/fr\\\/#organization\",\"name\":\"Groupe Logismedia AG\",\"alternateName\":\"Logismedia Group AG\",\"url\":\"https:\\\/\\\/transportjournal.com\\\/fr\\\/\",\"logo\":{\"@type\":\"ImageObject\",\"inLanguage\":\"fr-FR\",\"@id\":\"https:\\\/\\\/transportjournal.com\\\/fr\\\/#\\\/schema\\\/logo\\\/image\\\/\",\"url\":\"https:\\\/\\\/transportjournal.com\\\/wp-content\\\/uploads\\\/sites\\\/2\\\/2025\\\/09\\\/Logo_ITJ.png\",\"contentUrl\":\"https:\\\/\\\/transportjournal.com\\\/wp-content\\\/uploads\\\/sites\\\/2\\\/2025\\\/09\\\/Logo_ITJ.png\",\"width\":799,\"height\":326,\"caption\":\"Groupe Logismedia AG\"},\"image\":{\"@id\":\"https:\\\/\\\/transportjournal.com\\\/fr\\\/#\\\/schema\\\/logo\\\/image\\\/\"},\"sameAs\":[\"https:\\\/\\\/www.linkedin.com\\\/company\\\/56456496\\\/admin\\\/dashboard\\\/\",\"https:\\\/\\\/www.instagram.com\\\/logismediagroup\\\/\",\"https:\\\/\\\/www.youtube.com\\\/@LogiamediaGroupAG\"]},{\"@type\":\"Person\",\"@id\":\"https:\\\/\\\/transportjournal.com\\\/fr\\\/#\\\/schema\\\/person\\\/cf538b3157f15afd7589245a4b3dbd25\",\"name\":\"Andreas Haug\",\"url\":\"https:\\\/\\\/transportjournal.com\\\/fr\\\/author\\\/andreas\\\/\"}]}<\/script>\n<!-- \/ Yoast SEO plugin. -->","yoast_head_json":{"title":"Manuel Marielle nouveau directeur g\u00e9n\u00e9ral de Renault Trucks - ITJ | International Transport Journal.","robots":{"index":"index","follow":"follow","max-snippet":"max-snippet:-1","max-image-preview":"max-image-preview:large","max-video-preview":"max-video-preview:-1"},"canonical":"https:\/\/transportjournal.com\/fr\/2026\/01\/23\/manuel-marielle-nouveau-directeur-general-de-renault-trucks\/","og_locale":"fr_FR","og_type":"article","og_title":"Manuel Marielle nouveau directeur g\u00e9n\u00e9ral de Renault Trucks - ITJ | International Transport Journal.","og_description":"Renault Trucks a nomm\u00e9 Manuel Marielle nouveau directeur g\u00e9n\u00e9ral de Renault Trucks France afin de lancer un cycle strat\u00e9gique pour renforcer l'entreprise.","og_url":"https:\/\/transportjournal.com\/fr\/2026\/01\/23\/manuel-marielle-nouveau-directeur-general-de-renault-trucks\/","og_site_name":"ITJ | International Transport Journal","article_published_time":"2026-01-23T10:00:06+00:00","og_image":[{"width":2560,"height":1441,"url":"https:\/\/transportjournal.com\/wp-content\/uploads\/sites\/2\/2026\/01\/Manuel-Marielle_Directeur-General-Renault-Trucks-France_2026-scaled-aspect-ratio-1400-788-scaled-1.jpg","type":"image\/jpeg"}],"author":"Andreas Haug","twitter_card":"summary_large_image","twitter_misc":{"\u00c9crit par":"Andreas Haug","Dur\u00e9e de lecture estim\u00e9e":"2 minutes"},"schema":{"@context":"https:\/\/schema.org","@graph":[{"@type":"Article","@id":"https:\/\/transportjournal.com\/fr\/2026\/01\/23\/manuel-marielle-nouveau-directeur-general-de-renault-trucks\/#article","isPartOf":{"@id":"https:\/\/transportjournal.com\/fr\/2026\/01\/23\/manuel-marielle-nouveau-directeur-general-de-renault-trucks\/"},"author":{"name":"Andreas Haug","@id":"https:\/\/transportjournal.com\/fr\/#\/schema\/person\/cf538b3157f15afd7589245a4b3dbd25"},"headline":"Manuel Marielle nouveau directeur g\u00e9n\u00e9ral de Renault Trucks","datePublished":"2026-01-23T10:00:06+00:00","mainEntityOfPage":{"@id":"https:\/\/transportjournal.com\/fr\/2026\/01\/23\/manuel-marielle-nouveau-directeur-general-de-renault-trucks\/"},"wordCount":461,"commentCount":0,"publisher":{"@id":"https:\/\/transportjournal.com\/fr\/#organization"},"image":{"@id":"https:\/\/transportjournal.com\/fr\/2026\/01\/23\/manuel-marielle-nouveau-directeur-general-de-renault-trucks\/#primaryimage"},"thumbnailUrl":"https:\/\/transportjournal.com\/wp-content\/uploads\/sites\/2\/2026\/01\/Manuel-Marielle_Directeur-General-Renault-Trucks-France_2026-scaled-aspect-ratio-1400-788-scaled-1.jpg","keywords":["CEO Renault Trucks","changements dans le trafic routier","comit\u00e9 ex\u00e9cutif Renault","commercial vehicles Europe","corporate leadership Renault","cycle strat\u00e9gique Renault","Deutsch Renault Trucks","d\u00e9veloppement des talents Renault","directeur g\u00e9n\u00e9ral Renault Trucks","Einkaufsmanagement Renault","executive committee Renault","Exekutivkomitee Renault","exp\u00e9rience internationale Renault","Gesch\u00e4ftsf\u00fchrer Renault Trucks","gestion des achats Renault","groupe Volvo","industrie logistique France","international experience Renault","internationale Erfahrung Renault","leadership d'entreprise Renault","Lkw Mobilit\u00e4tsl\u00f6sungen","logistics industry France","Logistikbranche Frankreich","Manuel Marielle","market share Renault Trucks","market strategy Renault","Marktanteil Renault Trucks","Marktstrategie Renault","Mobilit\u00e4tstrends Nutzfahrzeuge English Renault Trucks","mobility trends commercial vehicles Fran\u00e7ais Renault Trucks","Nutzfahrzeuge Europa","part de march\u00e9 Renault Trucks","partenariats v\u00e9hicules utilitaires","Partnerschaften Nutzfahrzeuge","partnerships commercial vehicles","procurement management Renault","production sites Renault","Produktionsstandorte Renault","road traffic changes","sites de production Renault","solutions de mobilit\u00e9 poids lourds","Stra\u00dfenverkehr Ver\u00e4nderungen","strategic cycle Renault","strat\u00e9gie de march\u00e9 Renault","strategischer Zyklus Renault","talent development Renault","Talentf\u00f6rderung Renault","tendances de mobilit\u00e9 v\u00e9hicules utilitaires","truck mobility solutions","Unternehmensf\u00fchrung Renault","v\u00e9hicules utilitaires Europe","Volvo Group","Volvo Konzern"],"articleSection":["Intermodal \/ Route","L'Europe","Personnes et entreprises"],"inLanguage":"fr-FR","potentialAction":[{"@type":"CommentAction","name":"Comment","target":["https:\/\/transportjournal.com\/fr\/2026\/01\/23\/manuel-marielle-nouveau-directeur-general-de-renault-trucks\/#respond"]}]},{"@type":"WebPage","@id":"https:\/\/transportjournal.com\/fr\/2026\/01\/23\/manuel-marielle-nouveau-directeur-general-de-renault-trucks\/","url":"https:\/\/transportjournal.com\/fr\/2026\/01\/23\/manuel-marielle-nouveau-directeur-general-de-renault-trucks\/","name":"Manuel Marielle nouveau directeur g\u00e9n\u00e9ral de Renault Trucks - ITJ | International Transport Journal.","isPartOf":{"@id":"https:\/\/transportjournal.com\/fr\/#website"},"primaryImageOfPage":{"@id":"https:\/\/transportjournal.com\/fr\/2026\/01\/23\/manuel-marielle-nouveau-directeur-general-de-renault-trucks\/#primaryimage"},"image":{"@id":"https:\/\/transportjournal.com\/fr\/2026\/01\/23\/manuel-marielle-nouveau-directeur-general-de-renault-trucks\/#primaryimage"},"thumbnailUrl":"https:\/\/transportjournal.com\/wp-content\/uploads\/sites\/2\/2026\/01\/Manuel-Marielle_Directeur-General-Renault-Trucks-France_2026-scaled-aspect-ratio-1400-788-scaled-1.jpg","datePublished":"2026-01-23T10:00:06+00:00","breadcrumb":{"@id":"https:\/\/transportjournal.com\/fr\/2026\/01\/23\/manuel-marielle-nouveau-directeur-general-de-renault-trucks\/#breadcrumb"},"inLanguage":"fr-FR","potentialAction":[{"@type":"ReadAction","target":["https:\/\/transportjournal.com\/fr\/2026\/01\/23\/manuel-marielle-nouveau-directeur-general-de-renault-trucks\/"]}]},{"@type":"ImageObject","inLanguage":"fr-FR","@id":"https:\/\/transportjournal.com\/fr\/2026\/01\/23\/manuel-marielle-nouveau-directeur-general-de-renault-trucks\/#primaryimage","url":"https:\/\/transportjournal.com\/wp-content\/uploads\/sites\/2\/2026\/01\/Manuel-Marielle_Directeur-General-Renault-Trucks-France_2026-scaled-aspect-ratio-1400-788-scaled-1.jpg","contentUrl":"https:\/\/transportjournal.com\/wp-content\/uploads\/sites\/2\/2026\/01\/Manuel-Marielle_Directeur-General-Renault-Trucks-France_2026-scaled-aspect-ratio-1400-788-scaled-1.jpg","width":2560,"height":1441},{"@type":"BreadcrumbList","@id":"https:\/\/transportjournal.com\/fr\/2026\/01\/23\/manuel-marielle-nouveau-directeur-general-de-renault-trucks\/#breadcrumb","itemListElement":[{"@type":"ListItem","position":1,"name":"Startseite","item":"https:\/\/transportjournal.com\/fr\/"},{"@type":"ListItem","position":2,"name":"Manuel Marielle nouveau directeur g\u00e9n\u00e9ral de Renault Trucks"}]},{"@type":"WebSite","@id":"https:\/\/transportjournal.com\/fr\/#website","url":"https:\/\/transportjournal.com\/fr\/","name":"ITJ | International Transport Journal","description":"Restez inform\u00e9 des derni\u00e8res nouvelles mondiales dans les secteurs du transport, de la logistique et de la cha\u00eene d'approvisionnement. Transport Journal fournit des informations d'experts, des analyses et des mises \u00e0 jour sur le transport maritime, l'aviation, l'intermodalit\u00e9 et l'exp\u00e9dition. ","publisher":{"@id":"https:\/\/transportjournal.com\/fr\/#organization"},"potentialAction":[{"@type":"SearchAction","target":{"@type":"EntryPoint","urlTemplate":"https:\/\/transportjournal.com\/fr\/?s={search_term_string}"},"query-input":{"@type":"PropertyValueSpecification","valueRequired":true,"valueName":"search_term_string"}}],"inLanguage":"fr-FR"},{"@type":"Organization","@id":"https:\/\/transportjournal.com\/fr\/#organization","name":"Groupe Logismedia AG","alternateName":"Logismedia Group AG","url":"https:\/\/transportjournal.com\/fr\/","logo":{"@type":"ImageObject","inLanguage":"fr-FR","@id":"https:\/\/transportjournal.com\/fr\/#\/schema\/logo\/image\/","url":"https:\/\/transportjournal.com\/wp-content\/uploads\/sites\/2\/2025\/09\/Logo_ITJ.png","contentUrl":"https:\/\/transportjournal.com\/wp-content\/uploads\/sites\/2\/2025\/09\/Logo_ITJ.png","width":799,"height":326,"caption":"Groupe Logismedia AG"},"image":{"@id":"https:\/\/transportjournal.com\/fr\/#\/schema\/logo\/image\/"},"sameAs":["https:\/\/www.linkedin.com\/company\/56456496\/admin\/dashboard\/","https:\/\/www.instagram.com\/logismediagroup\/","https:\/\/www.youtube.com\/@LogiamediaGroupAG"]},{"@type":"Person","@id":"https:\/\/transportjournal.com\/fr\/#\/schema\/person\/cf538b3157f15afd7589245a4b3dbd25","name":"Andreas Haug","url":"https:\/\/transportjournal.com\/fr\/author\/andreas\/"}]}},"_links":{"self":[{"href":"https:\/\/transportjournal.com\/fr\/wp-json\/wp\/v2\/posts\/74155","targetHints":{"allow":["GET"]}}],"collection":[{"href":"https:\/\/transportjournal.com\/fr\/wp-json\/wp\/v2\/posts"}],"about":[{"href":"https:\/\/transportjournal.com\/fr\/wp-json\/wp\/v2\/types\/post"}],"author":[{"embeddable":true,"href":"https:\/\/transportjournal.com\/fr\/wp-json\/wp\/v2\/users\/12"}],"replies":[{"embeddable":true,"href":"https:\/\/transportjournal.com\/fr\/wp-json\/wp\/v2\/comments?post=74155"}],"version-history":[{"count":0,"href":"https:\/\/transportjournal.com\/fr\/wp-json\/wp\/v2\/posts\/74155\/revisions"}],"wp:featuredmedia":[{"embeddable":true,"href":"https:\/\/transportjournal.com\/fr\/wp-json\/wp\/v2\/media\/74153"}],"wp:attachment":[{"href":"https:\/\/transportjournal.com\/fr\/wp-json\/wp\/v2\/media?parent=74155"}],"wp:term":[{"taxonomy":"category","embeddable":true,"href":"https:\/\/transportjournal.com\/fr\/wp-json\/wp\/v2\/categories?post=74155"},{"taxonomy":"post_tag","embeddable":true,"href":"https:\/\/transportjournal.com\/fr\/wp-json\/wp\/v2\/tags?post=74155"}],"curies":[{"name":"wp","href":"https:\/\/api.w.org\/{rel}","templated":true}]}}