{"id":74140,"date":"2026-01-23T09:35:44","date_gmt":"2026-01-23T09:35:44","guid":{"rendered":"https:\/\/transportjournal.com\/2026\/01\/23\/route-de-camions-electriques\/"},"modified":"2026-01-23T10:56:08","modified_gmt":"2026-01-23T09:56:08","slug":"route-de-camions-electriques","status":"publish","type":"post","link":"https:\/\/transportjournal.com\/fr\/2026\/01\/23\/route-de-camions-electriques\/","title":{"rendered":"Route de camions \u00e9lectriques"},"content":{"rendered":"<p>Scania Ventures, le LOTS Group et JUNA Technologies ont, en collaboration avec le prestataire logistique HAWA, mis en place l&#8217;une des plus longues routes de camions \u00e9lectriques en Europe. Cette initiative vise \u00e0 d\u00e9montrer que l&#8217;utilisation de v\u00e9hicules \u00e9lectriques \u00e0 batterie dans le transport longue distance est \u00e9conomiquement r\u00e9alisable. Le parcours s&#8217;\u00e9tend sur 1 250 kilom\u00e8tres.<\/p>\n<h3>Effet mod\u00e8le du projet<\/h3>\n<p>L&#8217;objectif du partenariat est de d\u00e9velopper un mod\u00e8le \u00e9volutif pour la logistique \u00e9lectrifi\u00e9e dans le transport longue distance. Pour cela, la plateforme bas\u00e9e sur l&#8217;IA Pathfinder du LOTS Group est combin\u00e9e avec les solutions de v\u00e9hicules de JUNA ainsi que l&#8217;expertise de HAWA. Gr\u00e2ce \u00e0 une planification intelligente et une utilisation efficace des ressources, les \u00e9missions de CO\u2082 doivent \u00eatre r\u00e9duites.<\/p>\n<p><a href=\"https:\/\/juna.com\/en\" target=\"_blank\" rel=\"noopener noreferrer\">www.juna.com<\/a><\/p>\n<p><a href=\"https:\/\/lotsgroup.com\/\" target=\"_blank\" rel=\"noopener noreferrer\">www.lotsgroup.com<\/a><\/p>\n","protected":false},"excerpt":{"rendered":"<p>Scania Ventures, le LOTS Group et JUNA Technologies ont conjointement \u00e9tabli avec HAWA une longue route de camions \u00e9lectriques en Europe pour promouvoir le transport durable<\/p>\n","protected":false},"author":10,"featured_media":74138,"comment_status":"open","ping_status":"open","sticky":false,"template":"","format":"standard","meta":{"_acf_changed":false,"footnotes":""},"categories":[1580,1587],"tags":[8718,8719,8654,8720,8721,2115,4521,8722,8723,8724,8725,8726,8727,3137,3138,2700,8728,8729,8730,8731,8732,8733,8734,8735,8736,8737,8738,6478,8739,8740,8741,2622,3108,8742,8743,1800,3157,8744,8745,2720,8746,8747,3875,3878,8748,8749,8750,8751,8752,2641,8753,8754,8755,8756,8757,8681],"class_list":["post-74140","post","type-post","status-publish","format-standard","has-post-thumbnail","hentry","category-intermodal-route","category-leurope","tag-ai-based-platform","tag-batterieelektrische-fahrzeuge","tag-battery-electric-vehicles","tag-co-emissionen-senken","tag-deutsch-elektrische-lkw-route","tag-digitalisierung-in-der-logistik","tag-digitization-in-logistics","tag-e-mobilitaet-im-transport-english-electric-truck-route","tag-e-mobilite-dans-le-transport","tag-e-mobility-in-transport-francais-route-de-camions-electriques","tag-eco-friendly-freight-transport","tag-electric-transport-solutions","tag-elektrische-transportloesungen","tag-europaeische-logistik","tag-european-logistics","tag-fachkraeftemangel-in-der-logistik","tag-fournisseur-logistique-hawa","tag-hawa-logistics-provider","tag-hawa-logistikdienstleister","tag-industrie-du-transport-en-europe","tag-infrastructure-for-electric-trucks","tag-infrastructure-pour-camions-electriques","tag-infrastruktur-fuer-e-lkw","tag-innovations-logistiques","tag-intelligent-planning","tag-intelligente-planung","tag-ki-basierte-plattform","tag-labor-shortage-in-logistics","tag-langstreckentransport","tag-logistics-innovations","tag-logistikinnovationen","tag-logistique-durable","tag-logistique-europeenne","tag-long-haul-transport","tag-modele-logistique-evolutif","tag-nachhaltige-logistik","tag-numerisation-dans-la-logistique","tag-optimiser-lutilisation-des-ressources","tag-optimize-resource-utilization","tag-penurie-de-main-doeuvre-dans-la-logistique","tag-planification-intelligente","tag-plateforme-basee-sur-lia","tag-reduce-co-emissions","tag-reduire-les-emissions-de-co","tag-ressourcennutzung-optimieren","tag-scalable-logistics-model","tag-scania-ventures","tag-skalierbares-modell-logistik","tag-solutions-de-transport-electrique","tag-sustainable-logistics","tag-transport-de-marchandises-ecologique","tag-transport-industry-in-europe","tag-transport-longue-distance","tag-transportwirtschaft-in-europa","tag-umweltfreundlicher-guetertransport","tag-vehicules-electriques-a-batterie"],"acf":[],"yoast_head":"<!-- This site is optimized with the Yoast SEO plugin v27.3 - https:\/\/yoast.com\/product\/yoast-seo-wordpress\/ -->\n<title>Route de camions \u00e9lectriques - ITJ | International Transport Journal.<\/title>\n<meta name=\"robots\" content=\"index, follow, max-snippet:-1, max-image-preview:large, max-video-preview:-1\" \/>\n<link rel=\"canonical\" href=\"https:\/\/transportjournal.com\/fr\/2026\/01\/23\/route-de-camions-electriques\/\" \/>\n<meta property=\"og:locale\" content=\"fr_FR\" \/>\n<meta property=\"og:type\" content=\"article\" \/>\n<meta property=\"og:title\" content=\"Route de camions \u00e9lectriques - ITJ | International Transport Journal.\" \/>\n<meta property=\"og:description\" content=\"Scania Ventures, le LOTS Group et JUNA Technologies ont conjointement \u00e9tabli avec HAWA une longue route de camions \u00e9lectriques en Europe pour promouvoir le transport durable\" \/>\n<meta property=\"og:url\" content=\"https:\/\/transportjournal.com\/fr\/2026\/01\/23\/route-de-camions-electriques\/\" \/>\n<meta property=\"og:site_name\" content=\"ITJ | International Transport Journal\" \/>\n<meta property=\"article:published_time\" content=\"2026-01-23T09:35:44+00:00\" \/>\n<meta property=\"article:modified_time\" content=\"2026-01-23T09:56:08+00:00\" \/>\n<meta property=\"og:image\" content=\"https:\/\/transportjournal.com\/wp-content\/uploads\/sites\/2\/2026\/01\/a8c31a7cfdb39011_org-aspect-ratio-1400-788.png\" \/>\n\t<meta property=\"og:image:width\" content=\"1308\" \/>\n\t<meta property=\"og:image:height\" content=\"736\" \/>\n\t<meta property=\"og:image:type\" content=\"image\/png\" \/>\n<meta name=\"author\" content=\"Jeremy Soland\" \/>\n<meta name=\"twitter:card\" content=\"summary_large_image\" \/>\n<meta name=\"twitter:label1\" content=\"\u00c9crit par\" \/>\n\t<meta name=\"twitter:data1\" content=\"Jeremy Soland\" \/>\n\t<meta name=\"twitter:label2\" content=\"Dur\u00e9e de lecture estim\u00e9e\" \/>\n\t<meta name=\"twitter:data2\" content=\"1 minute\" \/>\n<script type=\"application\/ld+json\" class=\"yoast-schema-graph\">{\"@context\":\"https:\\\/\\\/schema.org\",\"@graph\":[{\"@type\":\"Article\",\"@id\":\"https:\\\/\\\/transportjournal.com\\\/fr\\\/2026\\\/01\\\/23\\\/route-de-camions-electriques\\\/#article\",\"isPartOf\":{\"@id\":\"https:\\\/\\\/transportjournal.com\\\/fr\\\/2026\\\/01\\\/23\\\/route-de-camions-electriques\\\/\"},\"author\":{\"name\":\"Jeremy Soland\",\"@id\":\"https:\\\/\\\/transportjournal.com\\\/fr\\\/#\\\/schema\\\/person\\\/41d36b5474b623392fa613e97e2363fa\"},\"headline\":\"Route de camions \u00e9lectriques\",\"datePublished\":\"2026-01-23T09:35:44+00:00\",\"dateModified\":\"2026-01-23T09:56:08+00:00\",\"mainEntityOfPage\":{\"@id\":\"https:\\\/\\\/transportjournal.com\\\/fr\\\/2026\\\/01\\\/23\\\/route-de-camions-electriques\\\/\"},\"wordCount\":145,\"commentCount\":0,\"publisher\":{\"@id\":\"https:\\\/\\\/transportjournal.com\\\/fr\\\/#organization\"},\"image\":{\"@id\":\"https:\\\/\\\/transportjournal.com\\\/fr\\\/2026\\\/01\\\/23\\\/route-de-camions-electriques\\\/#primaryimage\"},\"thumbnailUrl\":\"https:\\\/\\\/transportjournal.com\\\/wp-content\\\/uploads\\\/sites\\\/2\\\/2026\\\/01\\\/a8c31a7cfdb39011_org-aspect-ratio-1400-788.png\",\"keywords\":[\"AI-based platform\",\"batterieelektrische Fahrzeuge\",\"battery electric vehicles\",\"CO\u2082-Emissionen senken\",\"Deutsch elektrische Lkw-Route\",\"Digitalisierung in der Logistik\",\"digitization in logistics\",\"E-Mobilit\u00e4t im Transport English electric truck route\",\"e-mobilit\u00e9 dans le transport\",\"e-mobility in transport Fran\u00e7ais route de camions \u00e9lectriques\",\"eco-friendly freight transport\",\"electric transport solutions\",\"elektrische Transportl\u00f6sungen\",\"europ\u00e4ische Logistik\",\"European logistics\",\"Fachkr\u00e4ftemangel in der Logistik\",\"fournisseur logistique HAWA\",\"HAWA logistics provider\",\"HAWA Logistikdienstleister\",\"industrie du transport en Europe\",\"infrastructure for electric trucks\",\"infrastructure pour camions \u00e9lectriques\",\"Infrastruktur f\u00fcr E-Lkw\",\"innovations logistiques\",\"intelligent planning\",\"intelligente Planung\",\"KI-basierte Plattform\",\"labor shortage in logistics\",\"Langstreckentransport\",\"logistics innovations\",\"Logistikinnovationen\",\"logistique durable\",\"logistique europ\u00e9enne\",\"long-haul transport\",\"mod\u00e8le logistique \u00e9volutif\",\"nachhaltige Logistik\",\"num\u00e9risation dans la logistique\",\"optimiser l'utilisation des ressources\",\"optimize resource utilization\",\"p\u00e9nurie de main-d'\u0153uvre dans la logistique\",\"planification intelligente\",\"plateforme bas\u00e9e sur l'IA\",\"reduce CO\u2082 emissions\",\"r\u00e9duire les \u00e9missions de CO\u2082\",\"Ressourcennutzung optimieren\",\"scalable logistics model\",\"Scania Ventures\",\"Skalierbares Modell Logistik\",\"solutions de transport \u00e9lectrique\",\"sustainable logistics\",\"transport de marchandises \u00e9cologique\",\"transport industry in Europe\",\"transport longue distance\",\"Transportwirtschaft in Europa\",\"umweltfreundlicher G\u00fctertransport\",\"v\u00e9hicules \u00e9lectriques \u00e0 batterie\"],\"articleSection\":[\"Intermodal \\\/ Route\",\"L'Europe\"],\"inLanguage\":\"fr-FR\",\"potentialAction\":[{\"@type\":\"CommentAction\",\"name\":\"Comment\",\"target\":[\"https:\\\/\\\/transportjournal.com\\\/fr\\\/2026\\\/01\\\/23\\\/route-de-camions-electriques\\\/#respond\"]}]},{\"@type\":\"WebPage\",\"@id\":\"https:\\\/\\\/transportjournal.com\\\/fr\\\/2026\\\/01\\\/23\\\/route-de-camions-electriques\\\/\",\"url\":\"https:\\\/\\\/transportjournal.com\\\/fr\\\/2026\\\/01\\\/23\\\/route-de-camions-electriques\\\/\",\"name\":\"Route de camions \u00e9lectriques - ITJ | International Transport Journal.\",\"isPartOf\":{\"@id\":\"https:\\\/\\\/transportjournal.com\\\/fr\\\/#website\"},\"primaryImageOfPage\":{\"@id\":\"https:\\\/\\\/transportjournal.com\\\/fr\\\/2026\\\/01\\\/23\\\/route-de-camions-electriques\\\/#primaryimage\"},\"image\":{\"@id\":\"https:\\\/\\\/transportjournal.com\\\/fr\\\/2026\\\/01\\\/23\\\/route-de-camions-electriques\\\/#primaryimage\"},\"thumbnailUrl\":\"https:\\\/\\\/transportjournal.com\\\/wp-content\\\/uploads\\\/sites\\\/2\\\/2026\\\/01\\\/a8c31a7cfdb39011_org-aspect-ratio-1400-788.png\",\"datePublished\":\"2026-01-23T09:35:44+00:00\",\"dateModified\":\"2026-01-23T09:56:08+00:00\",\"breadcrumb\":{\"@id\":\"https:\\\/\\\/transportjournal.com\\\/fr\\\/2026\\\/01\\\/23\\\/route-de-camions-electriques\\\/#breadcrumb\"},\"inLanguage\":\"fr-FR\",\"potentialAction\":[{\"@type\":\"ReadAction\",\"target\":[\"https:\\\/\\\/transportjournal.com\\\/fr\\\/2026\\\/01\\\/23\\\/route-de-camions-electriques\\\/\"]}]},{\"@type\":\"ImageObject\",\"inLanguage\":\"fr-FR\",\"@id\":\"https:\\\/\\\/transportjournal.com\\\/fr\\\/2026\\\/01\\\/23\\\/route-de-camions-electriques\\\/#primaryimage\",\"url\":\"https:\\\/\\\/transportjournal.com\\\/wp-content\\\/uploads\\\/sites\\\/2\\\/2026\\\/01\\\/a8c31a7cfdb39011_org-aspect-ratio-1400-788.png\",\"contentUrl\":\"https:\\\/\\\/transportjournal.com\\\/wp-content\\\/uploads\\\/sites\\\/2\\\/2026\\\/01\\\/a8c31a7cfdb39011_org-aspect-ratio-1400-788.png\",\"width\":1308,\"height\":736},{\"@type\":\"BreadcrumbList\",\"@id\":\"https:\\\/\\\/transportjournal.com\\\/fr\\\/2026\\\/01\\\/23\\\/route-de-camions-electriques\\\/#breadcrumb\",\"itemListElement\":[{\"@type\":\"ListItem\",\"position\":1,\"name\":\"Startseite\",\"item\":\"https:\\\/\\\/transportjournal.com\\\/fr\\\/\"},{\"@type\":\"ListItem\",\"position\":2,\"name\":\"Route de camions \u00e9lectriques\"}]},{\"@type\":\"WebSite\",\"@id\":\"https:\\\/\\\/transportjournal.com\\\/fr\\\/#website\",\"url\":\"https:\\\/\\\/transportjournal.com\\\/fr\\\/\",\"name\":\"ITJ | International Transport Journal\",\"description\":\"Restez inform\u00e9 des derni\u00e8res nouvelles mondiales dans les secteurs du transport, de la logistique et de la cha\u00eene d'approvisionnement. Transport Journal fournit des informations d'experts, des analyses et des mises \u00e0 jour sur le transport maritime, l'aviation, l'intermodalit\u00e9 et l'exp\u00e9dition. \",\"publisher\":{\"@id\":\"https:\\\/\\\/transportjournal.com\\\/fr\\\/#organization\"},\"potentialAction\":[{\"@type\":\"SearchAction\",\"target\":{\"@type\":\"EntryPoint\",\"urlTemplate\":\"https:\\\/\\\/transportjournal.com\\\/fr\\\/?s={search_term_string}\"},\"query-input\":{\"@type\":\"PropertyValueSpecification\",\"valueRequired\":true,\"valueName\":\"search_term_string\"}}],\"inLanguage\":\"fr-FR\"},{\"@type\":\"Organization\",\"@id\":\"https:\\\/\\\/transportjournal.com\\\/fr\\\/#organization\",\"name\":\"Groupe Logismedia AG\",\"alternateName\":\"Logismedia Group AG\",\"url\":\"https:\\\/\\\/transportjournal.com\\\/fr\\\/\",\"logo\":{\"@type\":\"ImageObject\",\"inLanguage\":\"fr-FR\",\"@id\":\"https:\\\/\\\/transportjournal.com\\\/fr\\\/#\\\/schema\\\/logo\\\/image\\\/\",\"url\":\"https:\\\/\\\/transportjournal.com\\\/wp-content\\\/uploads\\\/sites\\\/2\\\/2025\\\/09\\\/Logo_ITJ.png\",\"contentUrl\":\"https:\\\/\\\/transportjournal.com\\\/wp-content\\\/uploads\\\/sites\\\/2\\\/2025\\\/09\\\/Logo_ITJ.png\",\"width\":799,\"height\":326,\"caption\":\"Groupe Logismedia AG\"},\"image\":{\"@id\":\"https:\\\/\\\/transportjournal.com\\\/fr\\\/#\\\/schema\\\/logo\\\/image\\\/\"},\"sameAs\":[\"https:\\\/\\\/www.linkedin.com\\\/company\\\/56456496\\\/admin\\\/dashboard\\\/\",\"https:\\\/\\\/www.instagram.com\\\/logismediagroup\\\/\",\"https:\\\/\\\/www.youtube.com\\\/@LogiamediaGroupAG\"]},{\"@type\":\"Person\",\"@id\":\"https:\\\/\\\/transportjournal.com\\\/fr\\\/#\\\/schema\\\/person\\\/41d36b5474b623392fa613e97e2363fa\",\"name\":\"Jeremy Soland\",\"url\":\"https:\\\/\\\/transportjournal.com\\\/fr\\\/author\\\/jeremy\\\/\"}]}<\/script>\n<!-- \/ Yoast SEO plugin. -->","yoast_head_json":{"title":"Route de camions \u00e9lectriques - ITJ | International Transport Journal.","robots":{"index":"index","follow":"follow","max-snippet":"max-snippet:-1","max-image-preview":"max-image-preview:large","max-video-preview":"max-video-preview:-1"},"canonical":"https:\/\/transportjournal.com\/fr\/2026\/01\/23\/route-de-camions-electriques\/","og_locale":"fr_FR","og_type":"article","og_title":"Route de camions \u00e9lectriques - ITJ | International Transport Journal.","og_description":"Scania Ventures, le LOTS Group et JUNA Technologies ont conjointement \u00e9tabli avec HAWA une longue route de camions \u00e9lectriques en Europe pour promouvoir le transport durable","og_url":"https:\/\/transportjournal.com\/fr\/2026\/01\/23\/route-de-camions-electriques\/","og_site_name":"ITJ | International Transport Journal","article_published_time":"2026-01-23T09:35:44+00:00","article_modified_time":"2026-01-23T09:56:08+00:00","og_image":[{"width":1308,"height":736,"url":"https:\/\/transportjournal.com\/wp-content\/uploads\/sites\/2\/2026\/01\/a8c31a7cfdb39011_org-aspect-ratio-1400-788.png","type":"image\/png"}],"author":"Jeremy Soland","twitter_card":"summary_large_image","twitter_misc":{"\u00c9crit par":"Jeremy Soland","Dur\u00e9e de lecture estim\u00e9e":"1 minute"},"schema":{"@context":"https:\/\/schema.org","@graph":[{"@type":"Article","@id":"https:\/\/transportjournal.com\/fr\/2026\/01\/23\/route-de-camions-electriques\/#article","isPartOf":{"@id":"https:\/\/transportjournal.com\/fr\/2026\/01\/23\/route-de-camions-electriques\/"},"author":{"name":"Jeremy Soland","@id":"https:\/\/transportjournal.com\/fr\/#\/schema\/person\/41d36b5474b623392fa613e97e2363fa"},"headline":"Route de camions \u00e9lectriques","datePublished":"2026-01-23T09:35:44+00:00","dateModified":"2026-01-23T09:56:08+00:00","mainEntityOfPage":{"@id":"https:\/\/transportjournal.com\/fr\/2026\/01\/23\/route-de-camions-electriques\/"},"wordCount":145,"commentCount":0,"publisher":{"@id":"https:\/\/transportjournal.com\/fr\/#organization"},"image":{"@id":"https:\/\/transportjournal.com\/fr\/2026\/01\/23\/route-de-camions-electriques\/#primaryimage"},"thumbnailUrl":"https:\/\/transportjournal.com\/wp-content\/uploads\/sites\/2\/2026\/01\/a8c31a7cfdb39011_org-aspect-ratio-1400-788.png","keywords":["AI-based platform","batterieelektrische Fahrzeuge","battery electric vehicles","CO\u2082-Emissionen senken","Deutsch elektrische Lkw-Route","Digitalisierung in der Logistik","digitization in logistics","E-Mobilit\u00e4t im Transport English electric truck route","e-mobilit\u00e9 dans le transport","e-mobility in transport Fran\u00e7ais route de camions \u00e9lectriques","eco-friendly freight transport","electric transport solutions","elektrische Transportl\u00f6sungen","europ\u00e4ische Logistik","European logistics","Fachkr\u00e4ftemangel in der Logistik","fournisseur logistique HAWA","HAWA logistics provider","HAWA Logistikdienstleister","industrie du transport en Europe","infrastructure for electric trucks","infrastructure pour camions \u00e9lectriques","Infrastruktur f\u00fcr E-Lkw","innovations logistiques","intelligent planning","intelligente Planung","KI-basierte Plattform","labor shortage in logistics","Langstreckentransport","logistics innovations","Logistikinnovationen","logistique durable","logistique europ\u00e9enne","long-haul transport","mod\u00e8le logistique \u00e9volutif","nachhaltige Logistik","num\u00e9risation dans la logistique","optimiser l'utilisation des ressources","optimize resource utilization","p\u00e9nurie de main-d'\u0153uvre dans la logistique","planification intelligente","plateforme bas\u00e9e sur l'IA","reduce CO\u2082 emissions","r\u00e9duire les \u00e9missions de CO\u2082","Ressourcennutzung optimieren","scalable logistics model","Scania Ventures","Skalierbares Modell Logistik","solutions de transport \u00e9lectrique","sustainable logistics","transport de marchandises \u00e9cologique","transport industry in Europe","transport longue distance","Transportwirtschaft in Europa","umweltfreundlicher G\u00fctertransport","v\u00e9hicules \u00e9lectriques \u00e0 batterie"],"articleSection":["Intermodal \/ Route","L'Europe"],"inLanguage":"fr-FR","potentialAction":[{"@type":"CommentAction","name":"Comment","target":["https:\/\/transportjournal.com\/fr\/2026\/01\/23\/route-de-camions-electriques\/#respond"]}]},{"@type":"WebPage","@id":"https:\/\/transportjournal.com\/fr\/2026\/01\/23\/route-de-camions-electriques\/","url":"https:\/\/transportjournal.com\/fr\/2026\/01\/23\/route-de-camions-electriques\/","name":"Route de camions \u00e9lectriques - ITJ | International Transport Journal.","isPartOf":{"@id":"https:\/\/transportjournal.com\/fr\/#website"},"primaryImageOfPage":{"@id":"https:\/\/transportjournal.com\/fr\/2026\/01\/23\/route-de-camions-electriques\/#primaryimage"},"image":{"@id":"https:\/\/transportjournal.com\/fr\/2026\/01\/23\/route-de-camions-electriques\/#primaryimage"},"thumbnailUrl":"https:\/\/transportjournal.com\/wp-content\/uploads\/sites\/2\/2026\/01\/a8c31a7cfdb39011_org-aspect-ratio-1400-788.png","datePublished":"2026-01-23T09:35:44+00:00","dateModified":"2026-01-23T09:56:08+00:00","breadcrumb":{"@id":"https:\/\/transportjournal.com\/fr\/2026\/01\/23\/route-de-camions-electriques\/#breadcrumb"},"inLanguage":"fr-FR","potentialAction":[{"@type":"ReadAction","target":["https:\/\/transportjournal.com\/fr\/2026\/01\/23\/route-de-camions-electriques\/"]}]},{"@type":"ImageObject","inLanguage":"fr-FR","@id":"https:\/\/transportjournal.com\/fr\/2026\/01\/23\/route-de-camions-electriques\/#primaryimage","url":"https:\/\/transportjournal.com\/wp-content\/uploads\/sites\/2\/2026\/01\/a8c31a7cfdb39011_org-aspect-ratio-1400-788.png","contentUrl":"https:\/\/transportjournal.com\/wp-content\/uploads\/sites\/2\/2026\/01\/a8c31a7cfdb39011_org-aspect-ratio-1400-788.png","width":1308,"height":736},{"@type":"BreadcrumbList","@id":"https:\/\/transportjournal.com\/fr\/2026\/01\/23\/route-de-camions-electriques\/#breadcrumb","itemListElement":[{"@type":"ListItem","position":1,"name":"Startseite","item":"https:\/\/transportjournal.com\/fr\/"},{"@type":"ListItem","position":2,"name":"Route de camions \u00e9lectriques"}]},{"@type":"WebSite","@id":"https:\/\/transportjournal.com\/fr\/#website","url":"https:\/\/transportjournal.com\/fr\/","name":"ITJ | International Transport Journal","description":"Restez inform\u00e9 des derni\u00e8res nouvelles mondiales dans les secteurs du transport, de la logistique et de la cha\u00eene d'approvisionnement. Transport Journal fournit des informations d'experts, des analyses et des mises \u00e0 jour sur le transport maritime, l'aviation, l'intermodalit\u00e9 et l'exp\u00e9dition. ","publisher":{"@id":"https:\/\/transportjournal.com\/fr\/#organization"},"potentialAction":[{"@type":"SearchAction","target":{"@type":"EntryPoint","urlTemplate":"https:\/\/transportjournal.com\/fr\/?s={search_term_string}"},"query-input":{"@type":"PropertyValueSpecification","valueRequired":true,"valueName":"search_term_string"}}],"inLanguage":"fr-FR"},{"@type":"Organization","@id":"https:\/\/transportjournal.com\/fr\/#organization","name":"Groupe Logismedia AG","alternateName":"Logismedia Group AG","url":"https:\/\/transportjournal.com\/fr\/","logo":{"@type":"ImageObject","inLanguage":"fr-FR","@id":"https:\/\/transportjournal.com\/fr\/#\/schema\/logo\/image\/","url":"https:\/\/transportjournal.com\/wp-content\/uploads\/sites\/2\/2025\/09\/Logo_ITJ.png","contentUrl":"https:\/\/transportjournal.com\/wp-content\/uploads\/sites\/2\/2025\/09\/Logo_ITJ.png","width":799,"height":326,"caption":"Groupe Logismedia AG"},"image":{"@id":"https:\/\/transportjournal.com\/fr\/#\/schema\/logo\/image\/"},"sameAs":["https:\/\/www.linkedin.com\/company\/56456496\/admin\/dashboard\/","https:\/\/www.instagram.com\/logismediagroup\/","https:\/\/www.youtube.com\/@LogiamediaGroupAG"]},{"@type":"Person","@id":"https:\/\/transportjournal.com\/fr\/#\/schema\/person\/41d36b5474b623392fa613e97e2363fa","name":"Jeremy Soland","url":"https:\/\/transportjournal.com\/fr\/author\/jeremy\/"}]}},"_links":{"self":[{"href":"https:\/\/transportjournal.com\/fr\/wp-json\/wp\/v2\/posts\/74140","targetHints":{"allow":["GET"]}}],"collection":[{"href":"https:\/\/transportjournal.com\/fr\/wp-json\/wp\/v2\/posts"}],"about":[{"href":"https:\/\/transportjournal.com\/fr\/wp-json\/wp\/v2\/types\/post"}],"author":[{"embeddable":true,"href":"https:\/\/transportjournal.com\/fr\/wp-json\/wp\/v2\/users\/10"}],"replies":[{"embeddable":true,"href":"https:\/\/transportjournal.com\/fr\/wp-json\/wp\/v2\/comments?post=74140"}],"version-history":[{"count":1,"href":"https:\/\/transportjournal.com\/fr\/wp-json\/wp\/v2\/posts\/74140\/revisions"}],"predecessor-version":[{"id":74147,"href":"https:\/\/transportjournal.com\/fr\/wp-json\/wp\/v2\/posts\/74140\/revisions\/74147"}],"wp:featuredmedia":[{"embeddable":true,"href":"https:\/\/transportjournal.com\/fr\/wp-json\/wp\/v2\/media\/74138"}],"wp:attachment":[{"href":"https:\/\/transportjournal.com\/fr\/wp-json\/wp\/v2\/media?parent=74140"}],"wp:term":[{"taxonomy":"category","embeddable":true,"href":"https:\/\/transportjournal.com\/fr\/wp-json\/wp\/v2\/categories?post=74140"},{"taxonomy":"post_tag","embeddable":true,"href":"https:\/\/transportjournal.com\/fr\/wp-json\/wp\/v2\/tags?post=74140"}],"curies":[{"name":"wp","href":"https:\/\/api.w.org\/{rel}","templated":true}]}}