{"id":74116,"date":"2026-01-23T08:52:11","date_gmt":"2026-01-23T08:52:11","guid":{"rendered":"https:\/\/transportjournal.com\/2026\/01\/23\/ann-hyllengren-devient-cfo-dember\/"},"modified":"2026-01-23T08:52:11","modified_gmt":"2026-01-23T08:52:11","slug":"ann-hyllengren-devient-cfo-dember","status":"publish","type":"post","link":"https:\/\/transportjournal.com\/fr\/2026\/01\/23\/ann-hyllengren-devient-cfo-dember\/","title":{"rendered":"Ann Hyllengren devient CFO d&rsquo;Ember"},"content":{"rendered":"<p>Ember LifeSciences a nomm\u00e9 Ann Hyllengren au poste de Chief Financial Officer. Cette d\u00e9cision fait suite \u00e0 une lev\u00e9e de fonds r\u00e9ussie, au cours de laquelle l&#8217;entreprise a collect\u00e9 16,5 millions USD lors d&#8217;un tour de financement de s\u00e9rie A en d\u00e9cembre. Hyllengren renforcera l&#8217;\u00e9quipe dirigeante de l&#8217;entreprise dans son nouveau r\u00f4le et soutiendra la prochaine phase de croissance.<\/p>\n<p>Clay Alexander, fondateur et CEO d&#8217;Ember LifeSciences, s&#8217;est exprim\u00e9 positivement sur cette nomination : \u00ab Nous sommes ravis d&#8217;accueillir Ann \u00e0 un moment crucial de notre d\u00e9veloppement. Elle apporte une vaste exp\u00e9rience en leadership financier et op\u00e9rationnel d&#8217;une des entreprises leaders dans le domaine des sciences de la vie et jouera un r\u00f4le cl\u00e9 dans le d\u00e9veloppement et l&#8217;introduction de nouvelles solutions fiables et durables pour la cha\u00eene du froid dans les sciences de la vie et au-del\u00e0. \u00bb<\/p>\n<p>Hyllengren vient d&#8217;Amgen, o\u00f9 elle a acquis pr\u00e8s de deux d\u00e9cennies d&#8217;exp\u00e9rience dans les domaines de la comptabilit\u00e9 et des finances globales, de la planification du capital et des relations avec les investisseurs. Derni\u00e8rement, elle a occup\u00e9 un poste de cadre sup\u00e9rieur au sein de l&#8217;\u00e9quipe des relations avec les investisseurs d&#8217;Amgen et a travaill\u00e9 en \u00e9troite collaboration avec la direction de l&#8217;entreprise pour g\u00e9rer la communication avec les march\u00e9s financiers et traduire des performances financi\u00e8res complexes en un r\u00e9cit clair et convaincant pour les investisseurs. Elle a \u00e9galement occup\u00e9 divers postes financiers de direction chez Amgen, y compris la direction des finances de l&#8217;unit\u00e9 commerciale milliardaire U.S. General Medicine, o\u00f9 elle a fourni des perspectives strat\u00e9giques sur la strat\u00e9gie produit, l&#8217;allocation des ressources et la rentabilit\u00e9.<\/p>\n<p>\u00ab Je suis ravie de faire partie d&#8217;une \u00e9quipe qui travaille \u00e0 r\u00e9soudre l&#8217;un des d\u00e9fis les plus co\u00fbteux du secteur de la sant\u00e9, avec un accent clair sur la durabilit\u00e9 et l&#8217;am\u00e9lioration des r\u00e9sultats pour les patients \u00bb, a d\u00e9clar\u00e9 Ann Hyllengren. \u00ab Ember a le potentiel d&#8217;exercer une influence disruptive et positive sur la cha\u00eene d&#8217;approvisionnement des sciences de la vie, et j&#8217;ai h\u00e2te de soutenir la croissance op\u00e9rationnelle et l&#8217;expansion du march\u00e9 de l&#8217;entreprise. \u00bb<\/p>\n<p>L&#8217;\u00e9cosyst\u00e8me mondial de la cha\u00eene du froid pharmaceutique fait face chaque ann\u00e9e \u00e0 des pertes financi\u00e8res de 35 milliards USD en raison de variations de temp\u00e9rature. Ember LifeSciences r\u00e9pond \u00e0 ce d\u00e9fi avec l&#8217;Ember Cube, une nouvelle bo\u00eete d&#8217;exp\u00e9dition num\u00e9rique qui offre un reporting de temp\u00e9rature bas\u00e9 sur le cloud, un suivi GPS et une technologie de retour durable.<\/p>\n<p>Avant son passage chez Amgen, Hyllengren a travaill\u00e9 dans le reporting externe chez Dole Food Company et a commenc\u00e9 sa carri\u00e8re en audit et en conseil chez PricewaterhouseCoopers LLP. De plus, elle a \u00e9t\u00e9 conf\u00e9renci\u00e8re au Moorpark College et \u00e0 l&#8217;University of La Verne. Hyllengren est une comptable agr\u00e9\u00e9e et d\u00e9tient un master en comptabilit\u00e9 de l&#8217;University of Southern California ainsi qu&#8217;un Bachelor of Arts en Business Management Economics de l&#8217;University of California, Santa Cruz.<\/p>\n<p>&nbsp;<\/p>\n<p><a href=\"https:\/\/www.emberlifesciences.com\/\" target=\"_blank\" rel=\"noopener noreferrer\">www.emberlifesciences.com<\/a><\/p>\n<p>&nbsp;<\/p>\n","protected":false},"excerpt":{"rendered":"<p>Ember LifeSciences a nomm\u00e9 Ann Hyllengren au poste de CFO pour soutenir l&rsquo;entreprise dans sa prochaine phase de croissance gr\u00e2ce \u00e0 son exp\u00e9rience approfondie.<\/p>\n","protected":false},"author":12,"featured_media":74114,"comment_status":"open","ping_status":"open","sticky":false,"template":"","format":"standard","meta":{"_acf_changed":false,"footnotes":""},"categories":[1590,1581,1579],"tags":[8596,8597,8598,8599,8600,8601,8602,8603,8604,8605,8606,8607,8608,8609,8610,8611,8612,8613,8614,8615,8616,8617,8618,8619,8620,8621,8622,8623,8624,8625,8626,8627,8628,8629,8630,8631,8632,8633,8634,8635,8636,8637,8638,8639,8640,8641,8642,8643,8644,8645,8646,8647,8648,8649,8650,8651],"class_list":["post-74116","post","type-post","status-publish","format-standard","has-post-thumbnail","hentry","category-ameriques","category-expedition-et-logistique","category-personnes-et-entreprises","tag-ann-hyllengren-cfo","tag-boite-dexpedition-numerique","tag-certified-public-accountant","tag-chaine-dapprovisionnement-sciences-de-la-vie","tag-chaine-du-froid-sante","tag-changements-de-marche-chaine-du-froid","tag-cloud-based-temperature-reporting","tag-cloudbasiertes-temperaturreporting","tag-cold-chain-healthcare","tag-comptabilite-mondiale-finances","tag-conseil-pricewaterhousecoopers","tag-consulting-pricewaterhousecoopers","tag-defis-de-la-sante","tag-deutsch-ember-lifesciences","tag-digital-shipping-box","tag-digitale-versandbox","tag-disruptive-solutions-life-sciences-francais-ember-lifesciences","tag-ecarts-de-temperature-pharmacie","tag-equipe-financiere-ember","tag-expert-comptable-certifie","tag-finance-team-ember","tag-finanzierungsrunde-lebenswissenschaften","tag-finanzteam-ember","tag-funding-round-life-sciences","tag-global-accounting-finance","tag-globale-buchhaltung-finanzen","tag-gps-tracking","tag-gps-standortverfolgung","tag-healthcare-challenges","tag-herausforderungen-gesundheitswesen","tag-investor-relations-amgen","tag-kuehlkette-gesundheitswesen","tag-leadership-operationnel-sciences-de-la-vie","tag-maitrise-en-comptabilite","tag-market-changes-cold-chain","tag-marktveraenderungen-kuehlkette-english-ember-lifesciences","tag-masters-degree-accounting","tag-masterabschluss-buchhaltung","tag-nachhaltige-loesungen-kuehlkette","tag-operational-leadership-life-sciences","tag-operative-fuehrung-lebenswissenschaften","tag-perspectives-strategiques-strategie-produit","tag-relations-investisseurs-amgen","tag-reporting-de-temperature-base-sur-le-cloud","tag-solutions-durables-chaine-du-froid","tag-strategic-insights-product-strategy","tag-strategische-einblicke-produktstrategie","tag-suivi-gps","tag-supply-chain-lebenswissenschaften","tag-supply-chain-life-sciences","tag-sustainable-cold-chain-solutions","tag-temperaturabweichungen-pharma","tag-temperature-deviations-pharmaceuticals","tag-tour-de-financement-sciences-de-la-vie","tag-unternehmensberatung-pricewaterhousecoopers","tag-zertifizierte-wirtschaftsprueferin"],"acf":[],"yoast_head":"<!-- This site is optimized with the Yoast SEO plugin v27.3 - https:\/\/yoast.com\/product\/yoast-seo-wordpress\/ -->\n<title>Ann Hyllengren devient CFO d&#039;Ember - ITJ | International Transport Journal.<\/title>\n<meta name=\"robots\" content=\"index, follow, max-snippet:-1, max-image-preview:large, max-video-preview:-1\" \/>\n<link rel=\"canonical\" href=\"https:\/\/transportjournal.com\/fr\/2026\/01\/23\/ann-hyllengren-devient-cfo-dember\/\" \/>\n<meta property=\"og:locale\" content=\"fr_FR\" \/>\n<meta property=\"og:type\" content=\"article\" \/>\n<meta property=\"og:title\" content=\"Ann Hyllengren devient CFO d&#039;Ember - ITJ | International Transport Journal.\" \/>\n<meta property=\"og:description\" content=\"Ember LifeSciences a nomm\u00e9 Ann Hyllengren au poste de CFO pour soutenir l&#039;entreprise dans sa prochaine phase de croissance gr\u00e2ce \u00e0 son exp\u00e9rience approfondie.\" \/>\n<meta property=\"og:url\" content=\"https:\/\/transportjournal.com\/fr\/2026\/01\/23\/ann-hyllengren-devient-cfo-dember\/\" \/>\n<meta property=\"og:site_name\" content=\"ITJ | International Transport Journal\" \/>\n<meta property=\"article:published_time\" content=\"2026-01-23T08:52:11+00:00\" \/>\n<meta property=\"og:image\" content=\"https:\/\/transportjournal.com\/wp-content\/uploads\/sites\/2\/2026\/01\/Ember-7a75d6_f30d565da8c14d0a8fb21a481097a1camv2-aspect-ratio-1400-788.jpg\" \/>\n\t<meta property=\"og:image:width\" content=\"562\" \/>\n\t<meta property=\"og:image:height\" content=\"316\" \/>\n\t<meta property=\"og:image:type\" content=\"image\/jpeg\" \/>\n<meta name=\"author\" content=\"Andreas Haug\" \/>\n<meta name=\"twitter:card\" content=\"summary_large_image\" \/>\n<meta name=\"twitter:label1\" content=\"\u00c9crit par\" \/>\n\t<meta name=\"twitter:data1\" content=\"Andreas Haug\" \/>\n\t<meta name=\"twitter:label2\" content=\"Dur\u00e9e de lecture estim\u00e9e\" \/>\n\t<meta name=\"twitter:data2\" content=\"3 minutes\" \/>\n<script type=\"application\/ld+json\" class=\"yoast-schema-graph\">{\"@context\":\"https:\\\/\\\/schema.org\",\"@graph\":[{\"@type\":\"Article\",\"@id\":\"https:\\\/\\\/transportjournal.com\\\/fr\\\/2026\\\/01\\\/23\\\/ann-hyllengren-devient-cfo-dember\\\/#article\",\"isPartOf\":{\"@id\":\"https:\\\/\\\/transportjournal.com\\\/fr\\\/2026\\\/01\\\/23\\\/ann-hyllengren-devient-cfo-dember\\\/\"},\"author\":{\"name\":\"Andreas Haug\",\"@id\":\"https:\\\/\\\/transportjournal.com\\\/fr\\\/#\\\/schema\\\/person\\\/cf538b3157f15afd7589245a4b3dbd25\"},\"headline\":\"Ann Hyllengren devient CFO d&rsquo;Ember\",\"datePublished\":\"2026-01-23T08:52:11+00:00\",\"mainEntityOfPage\":{\"@id\":\"https:\\\/\\\/transportjournal.com\\\/fr\\\/2026\\\/01\\\/23\\\/ann-hyllengren-devient-cfo-dember\\\/\"},\"wordCount\":553,\"commentCount\":0,\"publisher\":{\"@id\":\"https:\\\/\\\/transportjournal.com\\\/fr\\\/#organization\"},\"image\":{\"@id\":\"https:\\\/\\\/transportjournal.com\\\/fr\\\/2026\\\/01\\\/23\\\/ann-hyllengren-devient-cfo-dember\\\/#primaryimage\"},\"thumbnailUrl\":\"https:\\\/\\\/transportjournal.com\\\/wp-content\\\/uploads\\\/sites\\\/2\\\/2026\\\/01\\\/Ember-7a75d6_f30d565da8c14d0a8fb21a481097a1camv2-aspect-ratio-1400-788.jpg\",\"keywords\":[\"Ann Hyllengren CFO\",\"bo\u00eete d'exp\u00e9dition num\u00e9rique\",\"certified public accountant\",\"cha\u00eene d'approvisionnement sciences de la vie\",\"cha\u00eene du froid sant\u00e9\",\"changements de march\u00e9 cha\u00eene du froid\",\"cloud-based temperature reporting\",\"cloudbasiertes Temperaturreporting\",\"cold chain healthcare\",\"comptabilit\u00e9 mondiale finances\",\"conseil PricewaterhouseCoopers\",\"consulting PricewaterhouseCoopers\",\"d\u00e9fis de la sant\u00e9\",\"Deutsch Ember LifeSciences\",\"digital shipping box\",\"digitale Versandbox\",\"disruptive solutions life sciences Fran\u00e7ais Ember LifeSciences\",\"\u00e9carts de temp\u00e9rature pharmacie\",\"\u00e9quipe financi\u00e8re Ember\",\"expert-comptable certifi\u00e9\",\"finance team Ember\",\"Finanzierungsrunde Lebenswissenschaften\",\"Finanzteam Ember\",\"funding round life sciences\",\"global accounting finance\",\"globale Buchhaltung Finanzen\",\"GPS tracking\",\"GPS-Standortverfolgung\",\"healthcare challenges\",\"Herausforderungen Gesundheitswesen\",\"Investor Relations Amgen\",\"K\u00fchlkette Gesundheitswesen\",\"leadership op\u00e9rationnel sciences de la vie\",\"ma\u00eetrise en comptabilit\u00e9\",\"market changes cold chain\",\"Marktver\u00e4nderungen K\u00fchlkette English Ember LifeSciences\",\"master's degree accounting\",\"Masterabschluss Buchhaltung\",\"nachhaltige L\u00f6sungen K\u00fchlkette\",\"operational leadership life sciences\",\"operative F\u00fchrung Lebenswissenschaften\",\"perspectives strat\u00e9giques strat\u00e9gie produit\",\"relations investisseurs Amgen\",\"reporting de temp\u00e9rature bas\u00e9 sur le cloud\",\"solutions durables cha\u00eene du froid\",\"strategic insights product strategy\",\"strategische Einblicke Produktstrategie\",\"suivi GPS\",\"Supply Chain Lebenswissenschaften\",\"supply chain life sciences\",\"sustainable cold chain solutions\",\"Temperaturabweichungen Pharma\",\"temperature deviations pharmaceuticals\",\"tour de financement sciences de la vie\",\"Unternehmensberatung PricewaterhouseCoopers\",\"zertifizierte Wirtschaftspr\u00fcferin\"],\"articleSection\":[\"Am\u00e9riques\",\"Exp\u00e9dition de fret et logistique\",\"Personnes et entreprises\"],\"inLanguage\":\"fr-FR\",\"potentialAction\":[{\"@type\":\"CommentAction\",\"name\":\"Comment\",\"target\":[\"https:\\\/\\\/transportjournal.com\\\/fr\\\/2026\\\/01\\\/23\\\/ann-hyllengren-devient-cfo-dember\\\/#respond\"]}]},{\"@type\":\"WebPage\",\"@id\":\"https:\\\/\\\/transportjournal.com\\\/fr\\\/2026\\\/01\\\/23\\\/ann-hyllengren-devient-cfo-dember\\\/\",\"url\":\"https:\\\/\\\/transportjournal.com\\\/fr\\\/2026\\\/01\\\/23\\\/ann-hyllengren-devient-cfo-dember\\\/\",\"name\":\"Ann Hyllengren devient CFO d'Ember - ITJ | International Transport Journal.\",\"isPartOf\":{\"@id\":\"https:\\\/\\\/transportjournal.com\\\/fr\\\/#website\"},\"primaryImageOfPage\":{\"@id\":\"https:\\\/\\\/transportjournal.com\\\/fr\\\/2026\\\/01\\\/23\\\/ann-hyllengren-devient-cfo-dember\\\/#primaryimage\"},\"image\":{\"@id\":\"https:\\\/\\\/transportjournal.com\\\/fr\\\/2026\\\/01\\\/23\\\/ann-hyllengren-devient-cfo-dember\\\/#primaryimage\"},\"thumbnailUrl\":\"https:\\\/\\\/transportjournal.com\\\/wp-content\\\/uploads\\\/sites\\\/2\\\/2026\\\/01\\\/Ember-7a75d6_f30d565da8c14d0a8fb21a481097a1camv2-aspect-ratio-1400-788.jpg\",\"datePublished\":\"2026-01-23T08:52:11+00:00\",\"breadcrumb\":{\"@id\":\"https:\\\/\\\/transportjournal.com\\\/fr\\\/2026\\\/01\\\/23\\\/ann-hyllengren-devient-cfo-dember\\\/#breadcrumb\"},\"inLanguage\":\"fr-FR\",\"potentialAction\":[{\"@type\":\"ReadAction\",\"target\":[\"https:\\\/\\\/transportjournal.com\\\/fr\\\/2026\\\/01\\\/23\\\/ann-hyllengren-devient-cfo-dember\\\/\"]}]},{\"@type\":\"ImageObject\",\"inLanguage\":\"fr-FR\",\"@id\":\"https:\\\/\\\/transportjournal.com\\\/fr\\\/2026\\\/01\\\/23\\\/ann-hyllengren-devient-cfo-dember\\\/#primaryimage\",\"url\":\"https:\\\/\\\/transportjournal.com\\\/wp-content\\\/uploads\\\/sites\\\/2\\\/2026\\\/01\\\/Ember-7a75d6_f30d565da8c14d0a8fb21a481097a1camv2-aspect-ratio-1400-788.jpg\",\"contentUrl\":\"https:\\\/\\\/transportjournal.com\\\/wp-content\\\/uploads\\\/sites\\\/2\\\/2026\\\/01\\\/Ember-7a75d6_f30d565da8c14d0a8fb21a481097a1camv2-aspect-ratio-1400-788.jpg\",\"width\":562,\"height\":316},{\"@type\":\"BreadcrumbList\",\"@id\":\"https:\\\/\\\/transportjournal.com\\\/fr\\\/2026\\\/01\\\/23\\\/ann-hyllengren-devient-cfo-dember\\\/#breadcrumb\",\"itemListElement\":[{\"@type\":\"ListItem\",\"position\":1,\"name\":\"Startseite\",\"item\":\"https:\\\/\\\/transportjournal.com\\\/fr\\\/\"},{\"@type\":\"ListItem\",\"position\":2,\"name\":\"Ann Hyllengren devient CFO d&rsquo;Ember\"}]},{\"@type\":\"WebSite\",\"@id\":\"https:\\\/\\\/transportjournal.com\\\/fr\\\/#website\",\"url\":\"https:\\\/\\\/transportjournal.com\\\/fr\\\/\",\"name\":\"ITJ | International Transport Journal\",\"description\":\"Restez inform\u00e9 des derni\u00e8res nouvelles mondiales dans les secteurs du transport, de la logistique et de la cha\u00eene d'approvisionnement. Transport Journal fournit des informations d'experts, des analyses et des mises \u00e0 jour sur le transport maritime, l'aviation, l'intermodalit\u00e9 et l'exp\u00e9dition. \",\"publisher\":{\"@id\":\"https:\\\/\\\/transportjournal.com\\\/fr\\\/#organization\"},\"potentialAction\":[{\"@type\":\"SearchAction\",\"target\":{\"@type\":\"EntryPoint\",\"urlTemplate\":\"https:\\\/\\\/transportjournal.com\\\/fr\\\/?s={search_term_string}\"},\"query-input\":{\"@type\":\"PropertyValueSpecification\",\"valueRequired\":true,\"valueName\":\"search_term_string\"}}],\"inLanguage\":\"fr-FR\"},{\"@type\":\"Organization\",\"@id\":\"https:\\\/\\\/transportjournal.com\\\/fr\\\/#organization\",\"name\":\"Groupe Logismedia AG\",\"alternateName\":\"Logismedia Group AG\",\"url\":\"https:\\\/\\\/transportjournal.com\\\/fr\\\/\",\"logo\":{\"@type\":\"ImageObject\",\"inLanguage\":\"fr-FR\",\"@id\":\"https:\\\/\\\/transportjournal.com\\\/fr\\\/#\\\/schema\\\/logo\\\/image\\\/\",\"url\":\"https:\\\/\\\/transportjournal.com\\\/wp-content\\\/uploads\\\/sites\\\/2\\\/2025\\\/09\\\/Logo_ITJ.png\",\"contentUrl\":\"https:\\\/\\\/transportjournal.com\\\/wp-content\\\/uploads\\\/sites\\\/2\\\/2025\\\/09\\\/Logo_ITJ.png\",\"width\":799,\"height\":326,\"caption\":\"Groupe Logismedia AG\"},\"image\":{\"@id\":\"https:\\\/\\\/transportjournal.com\\\/fr\\\/#\\\/schema\\\/logo\\\/image\\\/\"},\"sameAs\":[\"https:\\\/\\\/www.linkedin.com\\\/company\\\/56456496\\\/admin\\\/dashboard\\\/\",\"https:\\\/\\\/www.instagram.com\\\/logismediagroup\\\/\",\"https:\\\/\\\/www.youtube.com\\\/@LogiamediaGroupAG\"]},{\"@type\":\"Person\",\"@id\":\"https:\\\/\\\/transportjournal.com\\\/fr\\\/#\\\/schema\\\/person\\\/cf538b3157f15afd7589245a4b3dbd25\",\"name\":\"Andreas Haug\",\"url\":\"https:\\\/\\\/transportjournal.com\\\/fr\\\/author\\\/andreas\\\/\"}]}<\/script>\n<!-- \/ Yoast SEO plugin. -->","yoast_head_json":{"title":"Ann Hyllengren devient CFO d'Ember - ITJ | International Transport Journal.","robots":{"index":"index","follow":"follow","max-snippet":"max-snippet:-1","max-image-preview":"max-image-preview:large","max-video-preview":"max-video-preview:-1"},"canonical":"https:\/\/transportjournal.com\/fr\/2026\/01\/23\/ann-hyllengren-devient-cfo-dember\/","og_locale":"fr_FR","og_type":"article","og_title":"Ann Hyllengren devient CFO d'Ember - ITJ | International Transport Journal.","og_description":"Ember LifeSciences a nomm\u00e9 Ann Hyllengren au poste de CFO pour soutenir l'entreprise dans sa prochaine phase de croissance gr\u00e2ce \u00e0 son exp\u00e9rience approfondie.","og_url":"https:\/\/transportjournal.com\/fr\/2026\/01\/23\/ann-hyllengren-devient-cfo-dember\/","og_site_name":"ITJ | International Transport Journal","article_published_time":"2026-01-23T08:52:11+00:00","og_image":[{"width":562,"height":316,"url":"https:\/\/transportjournal.com\/wp-content\/uploads\/sites\/2\/2026\/01\/Ember-7a75d6_f30d565da8c14d0a8fb21a481097a1camv2-aspect-ratio-1400-788.jpg","type":"image\/jpeg"}],"author":"Andreas Haug","twitter_card":"summary_large_image","twitter_misc":{"\u00c9crit par":"Andreas Haug","Dur\u00e9e de lecture estim\u00e9e":"3 minutes"},"schema":{"@context":"https:\/\/schema.org","@graph":[{"@type":"Article","@id":"https:\/\/transportjournal.com\/fr\/2026\/01\/23\/ann-hyllengren-devient-cfo-dember\/#article","isPartOf":{"@id":"https:\/\/transportjournal.com\/fr\/2026\/01\/23\/ann-hyllengren-devient-cfo-dember\/"},"author":{"name":"Andreas Haug","@id":"https:\/\/transportjournal.com\/fr\/#\/schema\/person\/cf538b3157f15afd7589245a4b3dbd25"},"headline":"Ann Hyllengren devient CFO d&rsquo;Ember","datePublished":"2026-01-23T08:52:11+00:00","mainEntityOfPage":{"@id":"https:\/\/transportjournal.com\/fr\/2026\/01\/23\/ann-hyllengren-devient-cfo-dember\/"},"wordCount":553,"commentCount":0,"publisher":{"@id":"https:\/\/transportjournal.com\/fr\/#organization"},"image":{"@id":"https:\/\/transportjournal.com\/fr\/2026\/01\/23\/ann-hyllengren-devient-cfo-dember\/#primaryimage"},"thumbnailUrl":"https:\/\/transportjournal.com\/wp-content\/uploads\/sites\/2\/2026\/01\/Ember-7a75d6_f30d565da8c14d0a8fb21a481097a1camv2-aspect-ratio-1400-788.jpg","keywords":["Ann Hyllengren CFO","bo\u00eete d'exp\u00e9dition num\u00e9rique","certified public accountant","cha\u00eene d'approvisionnement sciences de la vie","cha\u00eene du froid sant\u00e9","changements de march\u00e9 cha\u00eene du froid","cloud-based temperature reporting","cloudbasiertes Temperaturreporting","cold chain healthcare","comptabilit\u00e9 mondiale finances","conseil PricewaterhouseCoopers","consulting PricewaterhouseCoopers","d\u00e9fis de la sant\u00e9","Deutsch Ember LifeSciences","digital shipping box","digitale Versandbox","disruptive solutions life sciences Fran\u00e7ais Ember LifeSciences","\u00e9carts de temp\u00e9rature pharmacie","\u00e9quipe financi\u00e8re Ember","expert-comptable certifi\u00e9","finance team Ember","Finanzierungsrunde Lebenswissenschaften","Finanzteam Ember","funding round life sciences","global accounting finance","globale Buchhaltung Finanzen","GPS tracking","GPS-Standortverfolgung","healthcare challenges","Herausforderungen Gesundheitswesen","Investor Relations Amgen","K\u00fchlkette Gesundheitswesen","leadership op\u00e9rationnel sciences de la vie","ma\u00eetrise en comptabilit\u00e9","market changes cold chain","Marktver\u00e4nderungen K\u00fchlkette English Ember LifeSciences","master's degree accounting","Masterabschluss Buchhaltung","nachhaltige L\u00f6sungen K\u00fchlkette","operational leadership life sciences","operative F\u00fchrung Lebenswissenschaften","perspectives strat\u00e9giques strat\u00e9gie produit","relations investisseurs Amgen","reporting de temp\u00e9rature bas\u00e9 sur le cloud","solutions durables cha\u00eene du froid","strategic insights product strategy","strategische Einblicke Produktstrategie","suivi GPS","Supply Chain Lebenswissenschaften","supply chain life sciences","sustainable cold chain solutions","Temperaturabweichungen Pharma","temperature deviations pharmaceuticals","tour de financement sciences de la vie","Unternehmensberatung PricewaterhouseCoopers","zertifizierte Wirtschaftspr\u00fcferin"],"articleSection":["Am\u00e9riques","Exp\u00e9dition de fret et logistique","Personnes et entreprises"],"inLanguage":"fr-FR","potentialAction":[{"@type":"CommentAction","name":"Comment","target":["https:\/\/transportjournal.com\/fr\/2026\/01\/23\/ann-hyllengren-devient-cfo-dember\/#respond"]}]},{"@type":"WebPage","@id":"https:\/\/transportjournal.com\/fr\/2026\/01\/23\/ann-hyllengren-devient-cfo-dember\/","url":"https:\/\/transportjournal.com\/fr\/2026\/01\/23\/ann-hyllengren-devient-cfo-dember\/","name":"Ann Hyllengren devient CFO d'Ember - ITJ | International Transport Journal.","isPartOf":{"@id":"https:\/\/transportjournal.com\/fr\/#website"},"primaryImageOfPage":{"@id":"https:\/\/transportjournal.com\/fr\/2026\/01\/23\/ann-hyllengren-devient-cfo-dember\/#primaryimage"},"image":{"@id":"https:\/\/transportjournal.com\/fr\/2026\/01\/23\/ann-hyllengren-devient-cfo-dember\/#primaryimage"},"thumbnailUrl":"https:\/\/transportjournal.com\/wp-content\/uploads\/sites\/2\/2026\/01\/Ember-7a75d6_f30d565da8c14d0a8fb21a481097a1camv2-aspect-ratio-1400-788.jpg","datePublished":"2026-01-23T08:52:11+00:00","breadcrumb":{"@id":"https:\/\/transportjournal.com\/fr\/2026\/01\/23\/ann-hyllengren-devient-cfo-dember\/#breadcrumb"},"inLanguage":"fr-FR","potentialAction":[{"@type":"ReadAction","target":["https:\/\/transportjournal.com\/fr\/2026\/01\/23\/ann-hyllengren-devient-cfo-dember\/"]}]},{"@type":"ImageObject","inLanguage":"fr-FR","@id":"https:\/\/transportjournal.com\/fr\/2026\/01\/23\/ann-hyllengren-devient-cfo-dember\/#primaryimage","url":"https:\/\/transportjournal.com\/wp-content\/uploads\/sites\/2\/2026\/01\/Ember-7a75d6_f30d565da8c14d0a8fb21a481097a1camv2-aspect-ratio-1400-788.jpg","contentUrl":"https:\/\/transportjournal.com\/wp-content\/uploads\/sites\/2\/2026\/01\/Ember-7a75d6_f30d565da8c14d0a8fb21a481097a1camv2-aspect-ratio-1400-788.jpg","width":562,"height":316},{"@type":"BreadcrumbList","@id":"https:\/\/transportjournal.com\/fr\/2026\/01\/23\/ann-hyllengren-devient-cfo-dember\/#breadcrumb","itemListElement":[{"@type":"ListItem","position":1,"name":"Startseite","item":"https:\/\/transportjournal.com\/fr\/"},{"@type":"ListItem","position":2,"name":"Ann Hyllengren devient CFO d&rsquo;Ember"}]},{"@type":"WebSite","@id":"https:\/\/transportjournal.com\/fr\/#website","url":"https:\/\/transportjournal.com\/fr\/","name":"ITJ | International Transport Journal","description":"Restez inform\u00e9 des derni\u00e8res nouvelles mondiales dans les secteurs du transport, de la logistique et de la cha\u00eene d'approvisionnement. Transport Journal fournit des informations d'experts, des analyses et des mises \u00e0 jour sur le transport maritime, l'aviation, l'intermodalit\u00e9 et l'exp\u00e9dition. ","publisher":{"@id":"https:\/\/transportjournal.com\/fr\/#organization"},"potentialAction":[{"@type":"SearchAction","target":{"@type":"EntryPoint","urlTemplate":"https:\/\/transportjournal.com\/fr\/?s={search_term_string}"},"query-input":{"@type":"PropertyValueSpecification","valueRequired":true,"valueName":"search_term_string"}}],"inLanguage":"fr-FR"},{"@type":"Organization","@id":"https:\/\/transportjournal.com\/fr\/#organization","name":"Groupe Logismedia AG","alternateName":"Logismedia Group AG","url":"https:\/\/transportjournal.com\/fr\/","logo":{"@type":"ImageObject","inLanguage":"fr-FR","@id":"https:\/\/transportjournal.com\/fr\/#\/schema\/logo\/image\/","url":"https:\/\/transportjournal.com\/wp-content\/uploads\/sites\/2\/2025\/09\/Logo_ITJ.png","contentUrl":"https:\/\/transportjournal.com\/wp-content\/uploads\/sites\/2\/2025\/09\/Logo_ITJ.png","width":799,"height":326,"caption":"Groupe Logismedia AG"},"image":{"@id":"https:\/\/transportjournal.com\/fr\/#\/schema\/logo\/image\/"},"sameAs":["https:\/\/www.linkedin.com\/company\/56456496\/admin\/dashboard\/","https:\/\/www.instagram.com\/logismediagroup\/","https:\/\/www.youtube.com\/@LogiamediaGroupAG"]},{"@type":"Person","@id":"https:\/\/transportjournal.com\/fr\/#\/schema\/person\/cf538b3157f15afd7589245a4b3dbd25","name":"Andreas Haug","url":"https:\/\/transportjournal.com\/fr\/author\/andreas\/"}]}},"_links":{"self":[{"href":"https:\/\/transportjournal.com\/fr\/wp-json\/wp\/v2\/posts\/74116","targetHints":{"allow":["GET"]}}],"collection":[{"href":"https:\/\/transportjournal.com\/fr\/wp-json\/wp\/v2\/posts"}],"about":[{"href":"https:\/\/transportjournal.com\/fr\/wp-json\/wp\/v2\/types\/post"}],"author":[{"embeddable":true,"href":"https:\/\/transportjournal.com\/fr\/wp-json\/wp\/v2\/users\/12"}],"replies":[{"embeddable":true,"href":"https:\/\/transportjournal.com\/fr\/wp-json\/wp\/v2\/comments?post=74116"}],"version-history":[{"count":0,"href":"https:\/\/transportjournal.com\/fr\/wp-json\/wp\/v2\/posts\/74116\/revisions"}],"wp:featuredmedia":[{"embeddable":true,"href":"https:\/\/transportjournal.com\/fr\/wp-json\/wp\/v2\/media\/74114"}],"wp:attachment":[{"href":"https:\/\/transportjournal.com\/fr\/wp-json\/wp\/v2\/media?parent=74116"}],"wp:term":[{"taxonomy":"category","embeddable":true,"href":"https:\/\/transportjournal.com\/fr\/wp-json\/wp\/v2\/categories?post=74116"},{"taxonomy":"post_tag","embeddable":true,"href":"https:\/\/transportjournal.com\/fr\/wp-json\/wp\/v2\/tags?post=74116"}],"curies":[{"name":"wp","href":"https:\/\/api.w.org\/{rel}","templated":true}]}}