{"id":73831,"date":"2026-01-21T12:05:25","date_gmt":"2026-01-21T12:05:25","guid":{"rendered":"https:\/\/transportjournal.com\/2026\/01\/21\/laso-transportes-investit-30-millions-deuros\/"},"modified":"2026-01-21T12:05:25","modified_gmt":"2026-01-21T12:05:25","slug":"laso-transportes-investit-30-millions-deuros","status":"publish","type":"post","link":"https:\/\/transportjournal.com\/fr\/2026\/01\/21\/laso-transportes-investit-30-millions-deuros\/","title":{"rendered":"LASO Transportes investit 30 millions d&rsquo;euros"},"content":{"rendered":"<p>LASO Transportes a annonc\u00e9 un investissement de 30 millions d&#8217;euros pour moderniser sa flotte et son infrastructure. Cette mesure vise \u00e0 \u00e9largir les capacit\u00e9s techniques et op\u00e9rationnelles afin de r\u00e9pondre aux exigences de projets exigeants au Portugal et \u00e0 l&#8217;\u00e9tranger, selon l&#8217;entreprise.<\/p>\n<h3>Extension de la flotte<\/h3>\n<p>Dans le cadre du plan d&#8217;investissement, LASO Transportes pr\u00e9voit l&#8217;acquisition d&#8217;une vari\u00e9t\u00e9 de nouveaux \u00e9quipements. Cela inclut des grues mobiles, des tracteurs, des unit\u00e9s avec grues, des camions rigides avec rampes et treuils, ainsi que des \u00e9quipements modulaires. De plus, l&#8217;entreprise acquiert des Super Wing Carriers et le plus grand Blade Lifter au monde, comme elle le rapporte. En outre, LASO Transportes introduira une flotte de v\u00e9hicules l\u00e9gers 100 % \u00e9lectriques. Cette d\u00e9cision vise \u00e0 adapter l&#8217;offre aux besoins du march\u00e9.<\/p>\n<p><a href=\"https:\/\/www.laso.pt\/\" target=\"_blank\" rel=\"noopener noreferrer\">www.laso.pt<\/a><\/p>\n","protected":false},"excerpt":{"rendered":"<p>LASO Transportes investit 30 millions d&rsquo;euros dans la modernisation de sa flotte et de son infrastructure afin de mieux servir des projets au Portugal et \u00e0 l&rsquo;international<\/p>\n","protected":false},"author":10,"featured_media":73829,"comment_status":"open","ping_status":"open","sticky":false,"template":"","format":"standard","meta":{"_acf_changed":false,"footnotes":""},"categories":[1580,1587],"tags":[7701,7702,7703,7704,7705,2115,2116,7706,7707,7708,7709,7710,7711,7712,7713,7714,7715,7716,7717,7718,7719,7720,7721,7722,7723,7724,7725,6568,6569,7726,7727,7728,7729,3723,7730,7731,7732,7733,3157,7734,6575,7735,7736,7737,7738,7739,7740,4268,7741,4269,7742,7743,7744,7745,7746,7747],"class_list":["post-73831","post","type-post","status-publish","format-standard","has-post-thumbnail","hentry","category-intermodal-route","category-leurope","tag-achat-de-blade-lifter","tag-achat-de-tracteurs","tag-blade-lifter-kaufen","tag-buying-blade-lifter","tag-deutsch-laso-transportes","tag-digitalisierung-in-der-logistik","tag-digitalization-in-logistics","tag-electric-light-vehicles","tag-elektrische-leichtfahrzeuge","tag-equipement-modulaire","tag-exigences-du-marche","tag-expanding-technical-capacities","tag-expansion-des-capacites-techniques","tag-fachkraeftemangel-in-der-branche","tag-fleet-renewal","tag-flottenerneuerung","tag-fret-ferroviaire-portugal","tag-grues-mobiles","tag-industrie-du-transport-portugal","tag-infrastruktur-modernisieren","tag-innovative-transport-technologies","tag-innovative-transporttechnologien","tag-international-projects","tag-internationale-projekte","tag-investissement-30-millions-deuros","tag-investition-30-millionen-euro","tag-investment-30-million-euros","tag-logistics-service-providers-europe","tag-logistikdienstleister-europa","tag-market-demands-francais-laso-transportes","tag-marktanforderungen-english-laso-transportes","tag-mobile-cranes","tag-mobile-krane","tag-modernisation-des-infrastructures","tag-modernizing-infrastructure","tag-modular-equipment","tag-modulare-ausruestung","tag-nachhaltige-transportloesungen","tag-numerisation-dans-la-logistique","tag-penurie-de-competences-dans-le-secteur","tag-prestataires-de-services-logistiques-europe","tag-projets-internationaux","tag-purchasing-tractors","tag-rail-freight-portugal","tag-renouvellement-de-flotte","tag-schienengueterverkehr-portugal","tag-skills-shortage-in-the-industry","tag-solutions-de-transport-durables","tag-super-wing-carriers","tag-sustainable-transport-solutions","tag-technische-kapazitaeten-erweitern","tag-technologies-de-transport-innovantes","tag-traktoren-kaufen","tag-transport-industry-portugal","tag-transportwirtschaft-portugal","tag-vehicules-legers-electriques"],"acf":[],"yoast_head":"<!-- This site is optimized with the Yoast SEO plugin v27.3 - https:\/\/yoast.com\/product\/yoast-seo-wordpress\/ -->\n<title>LASO Transportes investit 30 millions d&#039;euros - ITJ | International Transport Journal.<\/title>\n<meta name=\"robots\" content=\"index, follow, max-snippet:-1, max-image-preview:large, max-video-preview:-1\" \/>\n<link rel=\"canonical\" href=\"https:\/\/transportjournal.com\/fr\/2026\/01\/21\/laso-transportes-investit-30-millions-deuros\/\" \/>\n<meta property=\"og:locale\" content=\"fr_FR\" \/>\n<meta property=\"og:type\" content=\"article\" \/>\n<meta property=\"og:title\" content=\"LASO Transportes investit 30 millions d&#039;euros - ITJ | International Transport Journal.\" \/>\n<meta property=\"og:description\" content=\"LASO Transportes investit 30 millions d&#039;euros dans la modernisation de sa flotte et de son infrastructure afin de mieux servir des projets au Portugal et \u00e0 l&#039;international\" \/>\n<meta property=\"og:url\" content=\"https:\/\/transportjournal.com\/fr\/2026\/01\/21\/laso-transportes-investit-30-millions-deuros\/\" \/>\n<meta property=\"og:site_name\" content=\"ITJ | International Transport Journal\" \/>\n<meta property=\"article:published_time\" content=\"2026-01-21T12:05:25+00:00\" \/>\n<meta property=\"og:image\" content=\"https:\/\/transportjournal.com\/wp-content\/uploads\/sites\/2\/2026\/01\/NFKh8X7KsvnS-scaled-aspect-ratio-1400-788-scaled-1.jpg\" \/>\n\t<meta property=\"og:image:width\" content=\"2560\" \/>\n\t<meta property=\"og:image:height\" content=\"1441\" \/>\n\t<meta property=\"og:image:type\" content=\"image\/jpeg\" \/>\n<meta name=\"author\" content=\"Jeremy Soland\" \/>\n<meta name=\"twitter:card\" content=\"summary_large_image\" \/>\n<meta name=\"twitter:label1\" content=\"\u00c9crit par\" \/>\n\t<meta name=\"twitter:data1\" content=\"Jeremy Soland\" \/>\n\t<meta name=\"twitter:label2\" content=\"Dur\u00e9e de lecture estim\u00e9e\" \/>\n\t<meta name=\"twitter:data2\" content=\"1 minute\" \/>\n<script type=\"application\/ld+json\" class=\"yoast-schema-graph\">{\"@context\":\"https:\\\/\\\/schema.org\",\"@graph\":[{\"@type\":\"Article\",\"@id\":\"https:\\\/\\\/transportjournal.com\\\/fr\\\/2026\\\/01\\\/21\\\/laso-transportes-investit-30-millions-deuros\\\/#article\",\"isPartOf\":{\"@id\":\"https:\\\/\\\/transportjournal.com\\\/fr\\\/2026\\\/01\\\/21\\\/laso-transportes-investit-30-millions-deuros\\\/\"},\"author\":{\"name\":\"Jeremy Soland\",\"@id\":\"https:\\\/\\\/transportjournal.com\\\/fr\\\/#\\\/schema\\\/person\\\/41d36b5474b623392fa613e97e2363fa\"},\"headline\":\"LASO Transportes investit 30 millions d&rsquo;euros\",\"datePublished\":\"2026-01-21T12:05:25+00:00\",\"mainEntityOfPage\":{\"@id\":\"https:\\\/\\\/transportjournal.com\\\/fr\\\/2026\\\/01\\\/21\\\/laso-transportes-investit-30-millions-deuros\\\/\"},\"wordCount\":147,\"commentCount\":0,\"publisher\":{\"@id\":\"https:\\\/\\\/transportjournal.com\\\/fr\\\/#organization\"},\"image\":{\"@id\":\"https:\\\/\\\/transportjournal.com\\\/fr\\\/2026\\\/01\\\/21\\\/laso-transportes-investit-30-millions-deuros\\\/#primaryimage\"},\"thumbnailUrl\":\"https:\\\/\\\/transportjournal.com\\\/wp-content\\\/uploads\\\/sites\\\/2\\\/2026\\\/01\\\/NFKh8X7KsvnS-scaled-aspect-ratio-1400-788-scaled-1.jpg\",\"keywords\":[\"achat de Blade Lifter\",\"achat de tracteurs\",\"Blade Lifter kaufen\",\"buying Blade Lifter\",\"Deutsch LASO Transportes\",\"Digitalisierung in der Logistik\",\"digitalization in logistics\",\"electric light vehicles\",\"elektrische Leichtfahrzeuge\",\"\u00e9quipement modulaire\",\"exigences du march\u00e9\",\"expanding technical capacities\",\"expansion des capacit\u00e9s techniques\",\"Fachkr\u00e4ftemangel in der Branche\",\"fleet renewal\",\"Flottenerneuerung\",\"fret ferroviaire Portugal\",\"grues mobiles\",\"industrie du transport Portugal\",\"Infrastruktur modernisieren\",\"innovative transport technologies\",\"innovative Transporttechnologien\",\"international projects\",\"internationale Projekte\",\"investissement 30 millions d'euros\",\"Investition 30 Millionen Euro\",\"investment 30 million euros\",\"logistics service providers Europe\",\"Logistikdienstleister Europa\",\"market demands Fran\u00e7ais LASO Transportes\",\"Marktanforderungen English LASO Transportes\",\"mobile cranes\",\"mobile Krane\",\"modernisation des infrastructures\",\"modernizing infrastructure\",\"modular equipment\",\"modulare Ausr\u00fcstung\",\"nachhaltige Transportl\u00f6sungen\",\"num\u00e9risation dans la logistique\",\"p\u00e9nurie de comp\u00e9tences dans le secteur\",\"prestataires de services logistiques Europe\",\"projets internationaux\",\"purchasing tractors\",\"rail freight Portugal\",\"renouvellement de flotte\",\"Schieneng\u00fcterverkehr Portugal\",\"skills shortage in the industry\",\"solutions de transport durables\",\"Super Wing Carriers\",\"sustainable transport solutions\",\"technische Kapazit\u00e4ten erweitern\",\"technologies de transport innovantes\",\"Traktoren kaufen\",\"transport industry Portugal\",\"Transportwirtschaft Portugal\",\"v\u00e9hicules l\u00e9gers \u00e9lectriques\"],\"articleSection\":[\"Intermodal \\\/ Route\",\"L'Europe\"],\"inLanguage\":\"fr-FR\",\"potentialAction\":[{\"@type\":\"CommentAction\",\"name\":\"Comment\",\"target\":[\"https:\\\/\\\/transportjournal.com\\\/fr\\\/2026\\\/01\\\/21\\\/laso-transportes-investit-30-millions-deuros\\\/#respond\"]}]},{\"@type\":\"WebPage\",\"@id\":\"https:\\\/\\\/transportjournal.com\\\/fr\\\/2026\\\/01\\\/21\\\/laso-transportes-investit-30-millions-deuros\\\/\",\"url\":\"https:\\\/\\\/transportjournal.com\\\/fr\\\/2026\\\/01\\\/21\\\/laso-transportes-investit-30-millions-deuros\\\/\",\"name\":\"LASO Transportes investit 30 millions d'euros - ITJ | International Transport Journal.\",\"isPartOf\":{\"@id\":\"https:\\\/\\\/transportjournal.com\\\/fr\\\/#website\"},\"primaryImageOfPage\":{\"@id\":\"https:\\\/\\\/transportjournal.com\\\/fr\\\/2026\\\/01\\\/21\\\/laso-transportes-investit-30-millions-deuros\\\/#primaryimage\"},\"image\":{\"@id\":\"https:\\\/\\\/transportjournal.com\\\/fr\\\/2026\\\/01\\\/21\\\/laso-transportes-investit-30-millions-deuros\\\/#primaryimage\"},\"thumbnailUrl\":\"https:\\\/\\\/transportjournal.com\\\/wp-content\\\/uploads\\\/sites\\\/2\\\/2026\\\/01\\\/NFKh8X7KsvnS-scaled-aspect-ratio-1400-788-scaled-1.jpg\",\"datePublished\":\"2026-01-21T12:05:25+00:00\",\"breadcrumb\":{\"@id\":\"https:\\\/\\\/transportjournal.com\\\/fr\\\/2026\\\/01\\\/21\\\/laso-transportes-investit-30-millions-deuros\\\/#breadcrumb\"},\"inLanguage\":\"fr-FR\",\"potentialAction\":[{\"@type\":\"ReadAction\",\"target\":[\"https:\\\/\\\/transportjournal.com\\\/fr\\\/2026\\\/01\\\/21\\\/laso-transportes-investit-30-millions-deuros\\\/\"]}]},{\"@type\":\"ImageObject\",\"inLanguage\":\"fr-FR\",\"@id\":\"https:\\\/\\\/transportjournal.com\\\/fr\\\/2026\\\/01\\\/21\\\/laso-transportes-investit-30-millions-deuros\\\/#primaryimage\",\"url\":\"https:\\\/\\\/transportjournal.com\\\/wp-content\\\/uploads\\\/sites\\\/2\\\/2026\\\/01\\\/NFKh8X7KsvnS-scaled-aspect-ratio-1400-788-scaled-1.jpg\",\"contentUrl\":\"https:\\\/\\\/transportjournal.com\\\/wp-content\\\/uploads\\\/sites\\\/2\\\/2026\\\/01\\\/NFKh8X7KsvnS-scaled-aspect-ratio-1400-788-scaled-1.jpg\",\"width\":2560,\"height\":1441},{\"@type\":\"BreadcrumbList\",\"@id\":\"https:\\\/\\\/transportjournal.com\\\/fr\\\/2026\\\/01\\\/21\\\/laso-transportes-investit-30-millions-deuros\\\/#breadcrumb\",\"itemListElement\":[{\"@type\":\"ListItem\",\"position\":1,\"name\":\"Startseite\",\"item\":\"https:\\\/\\\/transportjournal.com\\\/fr\\\/\"},{\"@type\":\"ListItem\",\"position\":2,\"name\":\"LASO Transportes investit 30 millions d&rsquo;euros\"}]},{\"@type\":\"WebSite\",\"@id\":\"https:\\\/\\\/transportjournal.com\\\/fr\\\/#website\",\"url\":\"https:\\\/\\\/transportjournal.com\\\/fr\\\/\",\"name\":\"ITJ | International Transport Journal\",\"description\":\"Restez inform\u00e9 des derni\u00e8res nouvelles mondiales dans les secteurs du transport, de la logistique et de la cha\u00eene d'approvisionnement. Transport Journal fournit des informations d'experts, des analyses et des mises \u00e0 jour sur le transport maritime, l'aviation, l'intermodalit\u00e9 et l'exp\u00e9dition. \",\"publisher\":{\"@id\":\"https:\\\/\\\/transportjournal.com\\\/fr\\\/#organization\"},\"potentialAction\":[{\"@type\":\"SearchAction\",\"target\":{\"@type\":\"EntryPoint\",\"urlTemplate\":\"https:\\\/\\\/transportjournal.com\\\/fr\\\/?s={search_term_string}\"},\"query-input\":{\"@type\":\"PropertyValueSpecification\",\"valueRequired\":true,\"valueName\":\"search_term_string\"}}],\"inLanguage\":\"fr-FR\"},{\"@type\":\"Organization\",\"@id\":\"https:\\\/\\\/transportjournal.com\\\/fr\\\/#organization\",\"name\":\"Groupe Logismedia AG\",\"alternateName\":\"Logismedia Group AG\",\"url\":\"https:\\\/\\\/transportjournal.com\\\/fr\\\/\",\"logo\":{\"@type\":\"ImageObject\",\"inLanguage\":\"fr-FR\",\"@id\":\"https:\\\/\\\/transportjournal.com\\\/fr\\\/#\\\/schema\\\/logo\\\/image\\\/\",\"url\":\"https:\\\/\\\/transportjournal.com\\\/wp-content\\\/uploads\\\/sites\\\/2\\\/2025\\\/09\\\/Logo_ITJ.png\",\"contentUrl\":\"https:\\\/\\\/transportjournal.com\\\/wp-content\\\/uploads\\\/sites\\\/2\\\/2025\\\/09\\\/Logo_ITJ.png\",\"width\":799,\"height\":326,\"caption\":\"Groupe Logismedia AG\"},\"image\":{\"@id\":\"https:\\\/\\\/transportjournal.com\\\/fr\\\/#\\\/schema\\\/logo\\\/image\\\/\"},\"sameAs\":[\"https:\\\/\\\/www.linkedin.com\\\/company\\\/56456496\\\/admin\\\/dashboard\\\/\",\"https:\\\/\\\/www.instagram.com\\\/logismediagroup\\\/\",\"https:\\\/\\\/www.youtube.com\\\/@LogiamediaGroupAG\"]},{\"@type\":\"Person\",\"@id\":\"https:\\\/\\\/transportjournal.com\\\/fr\\\/#\\\/schema\\\/person\\\/41d36b5474b623392fa613e97e2363fa\",\"name\":\"Jeremy Soland\",\"url\":\"https:\\\/\\\/transportjournal.com\\\/fr\\\/author\\\/jeremy\\\/\"}]}<\/script>\n<!-- \/ Yoast SEO plugin. -->","yoast_head_json":{"title":"LASO Transportes investit 30 millions d'euros - ITJ | International Transport Journal.","robots":{"index":"index","follow":"follow","max-snippet":"max-snippet:-1","max-image-preview":"max-image-preview:large","max-video-preview":"max-video-preview:-1"},"canonical":"https:\/\/transportjournal.com\/fr\/2026\/01\/21\/laso-transportes-investit-30-millions-deuros\/","og_locale":"fr_FR","og_type":"article","og_title":"LASO Transportes investit 30 millions d'euros - ITJ | International Transport Journal.","og_description":"LASO Transportes investit 30 millions d'euros dans la modernisation de sa flotte et de son infrastructure afin de mieux servir des projets au Portugal et \u00e0 l'international","og_url":"https:\/\/transportjournal.com\/fr\/2026\/01\/21\/laso-transportes-investit-30-millions-deuros\/","og_site_name":"ITJ | International Transport Journal","article_published_time":"2026-01-21T12:05:25+00:00","og_image":[{"width":2560,"height":1441,"url":"https:\/\/transportjournal.com\/wp-content\/uploads\/sites\/2\/2026\/01\/NFKh8X7KsvnS-scaled-aspect-ratio-1400-788-scaled-1.jpg","type":"image\/jpeg"}],"author":"Jeremy Soland","twitter_card":"summary_large_image","twitter_misc":{"\u00c9crit par":"Jeremy Soland","Dur\u00e9e de lecture estim\u00e9e":"1 minute"},"schema":{"@context":"https:\/\/schema.org","@graph":[{"@type":"Article","@id":"https:\/\/transportjournal.com\/fr\/2026\/01\/21\/laso-transportes-investit-30-millions-deuros\/#article","isPartOf":{"@id":"https:\/\/transportjournal.com\/fr\/2026\/01\/21\/laso-transportes-investit-30-millions-deuros\/"},"author":{"name":"Jeremy Soland","@id":"https:\/\/transportjournal.com\/fr\/#\/schema\/person\/41d36b5474b623392fa613e97e2363fa"},"headline":"LASO Transportes investit 30 millions d&rsquo;euros","datePublished":"2026-01-21T12:05:25+00:00","mainEntityOfPage":{"@id":"https:\/\/transportjournal.com\/fr\/2026\/01\/21\/laso-transportes-investit-30-millions-deuros\/"},"wordCount":147,"commentCount":0,"publisher":{"@id":"https:\/\/transportjournal.com\/fr\/#organization"},"image":{"@id":"https:\/\/transportjournal.com\/fr\/2026\/01\/21\/laso-transportes-investit-30-millions-deuros\/#primaryimage"},"thumbnailUrl":"https:\/\/transportjournal.com\/wp-content\/uploads\/sites\/2\/2026\/01\/NFKh8X7KsvnS-scaled-aspect-ratio-1400-788-scaled-1.jpg","keywords":["achat de Blade Lifter","achat de tracteurs","Blade Lifter kaufen","buying Blade Lifter","Deutsch LASO Transportes","Digitalisierung in der Logistik","digitalization in logistics","electric light vehicles","elektrische Leichtfahrzeuge","\u00e9quipement modulaire","exigences du march\u00e9","expanding technical capacities","expansion des capacit\u00e9s techniques","Fachkr\u00e4ftemangel in der Branche","fleet renewal","Flottenerneuerung","fret ferroviaire Portugal","grues mobiles","industrie du transport Portugal","Infrastruktur modernisieren","innovative transport technologies","innovative Transporttechnologien","international projects","internationale Projekte","investissement 30 millions d'euros","Investition 30 Millionen Euro","investment 30 million euros","logistics service providers Europe","Logistikdienstleister Europa","market demands Fran\u00e7ais LASO Transportes","Marktanforderungen English LASO Transportes","mobile cranes","mobile Krane","modernisation des infrastructures","modernizing infrastructure","modular equipment","modulare Ausr\u00fcstung","nachhaltige Transportl\u00f6sungen","num\u00e9risation dans la logistique","p\u00e9nurie de comp\u00e9tences dans le secteur","prestataires de services logistiques Europe","projets internationaux","purchasing tractors","rail freight Portugal","renouvellement de flotte","Schieneng\u00fcterverkehr Portugal","skills shortage in the industry","solutions de transport durables","Super Wing Carriers","sustainable transport solutions","technische Kapazit\u00e4ten erweitern","technologies de transport innovantes","Traktoren kaufen","transport industry Portugal","Transportwirtschaft Portugal","v\u00e9hicules l\u00e9gers \u00e9lectriques"],"articleSection":["Intermodal \/ Route","L'Europe"],"inLanguage":"fr-FR","potentialAction":[{"@type":"CommentAction","name":"Comment","target":["https:\/\/transportjournal.com\/fr\/2026\/01\/21\/laso-transportes-investit-30-millions-deuros\/#respond"]}]},{"@type":"WebPage","@id":"https:\/\/transportjournal.com\/fr\/2026\/01\/21\/laso-transportes-investit-30-millions-deuros\/","url":"https:\/\/transportjournal.com\/fr\/2026\/01\/21\/laso-transportes-investit-30-millions-deuros\/","name":"LASO Transportes investit 30 millions d'euros - ITJ | International Transport Journal.","isPartOf":{"@id":"https:\/\/transportjournal.com\/fr\/#website"},"primaryImageOfPage":{"@id":"https:\/\/transportjournal.com\/fr\/2026\/01\/21\/laso-transportes-investit-30-millions-deuros\/#primaryimage"},"image":{"@id":"https:\/\/transportjournal.com\/fr\/2026\/01\/21\/laso-transportes-investit-30-millions-deuros\/#primaryimage"},"thumbnailUrl":"https:\/\/transportjournal.com\/wp-content\/uploads\/sites\/2\/2026\/01\/NFKh8X7KsvnS-scaled-aspect-ratio-1400-788-scaled-1.jpg","datePublished":"2026-01-21T12:05:25+00:00","breadcrumb":{"@id":"https:\/\/transportjournal.com\/fr\/2026\/01\/21\/laso-transportes-investit-30-millions-deuros\/#breadcrumb"},"inLanguage":"fr-FR","potentialAction":[{"@type":"ReadAction","target":["https:\/\/transportjournal.com\/fr\/2026\/01\/21\/laso-transportes-investit-30-millions-deuros\/"]}]},{"@type":"ImageObject","inLanguage":"fr-FR","@id":"https:\/\/transportjournal.com\/fr\/2026\/01\/21\/laso-transportes-investit-30-millions-deuros\/#primaryimage","url":"https:\/\/transportjournal.com\/wp-content\/uploads\/sites\/2\/2026\/01\/NFKh8X7KsvnS-scaled-aspect-ratio-1400-788-scaled-1.jpg","contentUrl":"https:\/\/transportjournal.com\/wp-content\/uploads\/sites\/2\/2026\/01\/NFKh8X7KsvnS-scaled-aspect-ratio-1400-788-scaled-1.jpg","width":2560,"height":1441},{"@type":"BreadcrumbList","@id":"https:\/\/transportjournal.com\/fr\/2026\/01\/21\/laso-transportes-investit-30-millions-deuros\/#breadcrumb","itemListElement":[{"@type":"ListItem","position":1,"name":"Startseite","item":"https:\/\/transportjournal.com\/fr\/"},{"@type":"ListItem","position":2,"name":"LASO Transportes investit 30 millions d&rsquo;euros"}]},{"@type":"WebSite","@id":"https:\/\/transportjournal.com\/fr\/#website","url":"https:\/\/transportjournal.com\/fr\/","name":"ITJ | International Transport Journal","description":"Restez inform\u00e9 des derni\u00e8res nouvelles mondiales dans les secteurs du transport, de la logistique et de la cha\u00eene d'approvisionnement. Transport Journal fournit des informations d'experts, des analyses et des mises \u00e0 jour sur le transport maritime, l'aviation, l'intermodalit\u00e9 et l'exp\u00e9dition. ","publisher":{"@id":"https:\/\/transportjournal.com\/fr\/#organization"},"potentialAction":[{"@type":"SearchAction","target":{"@type":"EntryPoint","urlTemplate":"https:\/\/transportjournal.com\/fr\/?s={search_term_string}"},"query-input":{"@type":"PropertyValueSpecification","valueRequired":true,"valueName":"search_term_string"}}],"inLanguage":"fr-FR"},{"@type":"Organization","@id":"https:\/\/transportjournal.com\/fr\/#organization","name":"Groupe Logismedia AG","alternateName":"Logismedia Group AG","url":"https:\/\/transportjournal.com\/fr\/","logo":{"@type":"ImageObject","inLanguage":"fr-FR","@id":"https:\/\/transportjournal.com\/fr\/#\/schema\/logo\/image\/","url":"https:\/\/transportjournal.com\/wp-content\/uploads\/sites\/2\/2025\/09\/Logo_ITJ.png","contentUrl":"https:\/\/transportjournal.com\/wp-content\/uploads\/sites\/2\/2025\/09\/Logo_ITJ.png","width":799,"height":326,"caption":"Groupe Logismedia AG"},"image":{"@id":"https:\/\/transportjournal.com\/fr\/#\/schema\/logo\/image\/"},"sameAs":["https:\/\/www.linkedin.com\/company\/56456496\/admin\/dashboard\/","https:\/\/www.instagram.com\/logismediagroup\/","https:\/\/www.youtube.com\/@LogiamediaGroupAG"]},{"@type":"Person","@id":"https:\/\/transportjournal.com\/fr\/#\/schema\/person\/41d36b5474b623392fa613e97e2363fa","name":"Jeremy Soland","url":"https:\/\/transportjournal.com\/fr\/author\/jeremy\/"}]}},"_links":{"self":[{"href":"https:\/\/transportjournal.com\/fr\/wp-json\/wp\/v2\/posts\/73831","targetHints":{"allow":["GET"]}}],"collection":[{"href":"https:\/\/transportjournal.com\/fr\/wp-json\/wp\/v2\/posts"}],"about":[{"href":"https:\/\/transportjournal.com\/fr\/wp-json\/wp\/v2\/types\/post"}],"author":[{"embeddable":true,"href":"https:\/\/transportjournal.com\/fr\/wp-json\/wp\/v2\/users\/10"}],"replies":[{"embeddable":true,"href":"https:\/\/transportjournal.com\/fr\/wp-json\/wp\/v2\/comments?post=73831"}],"version-history":[{"count":0,"href":"https:\/\/transportjournal.com\/fr\/wp-json\/wp\/v2\/posts\/73831\/revisions"}],"wp:featuredmedia":[{"embeddable":true,"href":"https:\/\/transportjournal.com\/fr\/wp-json\/wp\/v2\/media\/73829"}],"wp:attachment":[{"href":"https:\/\/transportjournal.com\/fr\/wp-json\/wp\/v2\/media?parent=73831"}],"wp:term":[{"taxonomy":"category","embeddable":true,"href":"https:\/\/transportjournal.com\/fr\/wp-json\/wp\/v2\/categories?post=73831"},{"taxonomy":"post_tag","embeddable":true,"href":"https:\/\/transportjournal.com\/fr\/wp-json\/wp\/v2\/tags?post=73831"}],"curies":[{"name":"wp","href":"https:\/\/api.w.org\/{rel}","templated":true}]}}