{"id":73617,"date":"2026-01-20T14:27:48","date_gmt":"2026-01-20T14:27:48","guid":{"rendered":"https:\/\/transportjournal.com\/2026\/01\/20\/niccoli-nouveau-president-du-groupe-anfia\/"},"modified":"2026-01-20T20:41:26","modified_gmt":"2026-01-20T19:41:26","slug":"niccoli-nouveau-president-du-groupe-anfia","status":"publish","type":"post","link":"https:\/\/transportjournal.com\/fr\/2026\/01\/20\/niccoli-nouveau-president-du-groupe-anfia\/","title":{"rendered":"Niccoli nouveau pr\u00e9sident du groupe ANFIA"},"content":{"rendered":"<p>Ranieri Niccoli a \u00e9t\u00e9 nomm\u00e9 nouveau pr\u00e9sident du groupe des constructeurs automobiles au sein de l&#8217;association professionnelle italienne ANFIA. Niccoli, qui occupe le poste de Chief Manufacturing Officer chez Automobili Lamborghini, succ\u00e8de \u00e0 Umberto Tossini. Tossini est reconnu pour son engagement et le travail accompli pour repr\u00e9senter la production automobile italienne en p\u00e9riode de d\u00e9fis.<\/p>\n<p>Dans sa premi\u00e8re d\u00e9claration, Niccoli a exprim\u00e9 son honneur de prendre cette position. Il a soulign\u00e9 les d\u00e9fis actuels auxquels l&#8217;industrie automobile est confront\u00e9e et a mis en avant la n\u00e9cessit\u00e9 pour les fabricants de s&#8217;engager activement dans les innovations et les d\u00e9cisions industrielles. Ces mesures sont cruciales pour soutenir le d\u00e9veloppement technologique dans le secteur.<\/p>\n<p>Niccoli a soulign\u00e9 que l&#8217;industrie automobile joue un r\u00f4le strat\u00e9gique pour l&#8217;Italie et l&#8217;Europe. Il a insist\u00e9 sur l&#8217;importance de s&#8217;appuyer sur la solide culture industrielle du pays, qui est profond\u00e9ment enracin\u00e9e. Cette culture doit \u00eatre encourag\u00e9e et valoris\u00e9e pour permettre aux entreprises de relever avec succ\u00e8s les d\u00e9fis futurs.<\/p>\n<p>La nomination de Niccoli intervient dans un contexte o\u00f9 l&#8217;industrie automobile fait face \u00e0 de nombreux d\u00e9fis, notamment des changements technologiques et la n\u00e9cessit\u00e9 de s&#8217;adapter \u00e0 de nouvelles conditions de march\u00e9. L&#8217;ANFIA, l&#8217;association des constructeurs automobiles en Italie, joue un r\u00f4le central dans le soutien de l&#8217;industrie en ces temps.<\/p>\n<p>&nbsp;<\/p>\n<p><a href=\"https:\/\/www.anfia.it\/\" target=\"_blank\" rel=\"noopener noreferrer\">www.anfia.it<\/a><\/p>\n<p>&nbsp;<\/p>\n","protected":false},"excerpt":{"rendered":"<p>Ranieri Niccoli nomm\u00e9 pr\u00e9sident de l&rsquo;ANFIA souligne l&rsquo;importance des innovations pour l&rsquo;industrie automobile en Italie et en Europe<\/p>\n","protected":false},"author":12,"featured_media":73615,"comment_status":"open","ping_status":"open","sticky":false,"template":"","format":"standard","meta":{"_acf_changed":false,"footnotes":""},"categories":[1581,1587,1579,1585],"tags":[7328,7329,7330,7331,7332,7333,7334,7335,7336,7337,7338,7339,7340,7341,7342,7343,7344,7345,7346,7347,7348,7349,7350,7351,7352,7353,7354,7355,7356,7357,7358,7359,7360,7361,7362,7363,7364,7365,7366,7367,7368,7369,7370],"class_list":["post-73617","post","type-post","status-publish","format-standard","has-post-thumbnail","hentry","category-expedition-et-logistique","category-leurope","category-personnes-et-entreprises","category-regions","tag-anfia","tag-associations-de-fabricants-automobiles","tag-automobili-lamborghini","tag-automotive-manufacturers-associations-francais-industrie-automobile","tag-avenir-de-lindustrie-automobile","tag-challenges-in-the-automotive-sector","tag-changements-technologiques","tag-conditions-du-marche-du-secteur-automobile","tag-culture-industrielle-en-italie","tag-defis-du-secteur-automobile","tag-deutsch-automobilindustrie","tag-digitalisierung-in-der-automobilindustrie","tag-digitalization-in-the-automotive-industry","tag-europaeische-automobilproduktion","tag-european-automotive-production","tag-fabricants-automobiles-italiens","tag-fachkraeftemangel-automobilbranche","tag-future-of-the-automotive-industry","tag-herausforderungen-der-automobilbranche","tag-industrial-culture-in-italy","tag-industrial-innovations","tag-industrielle-innovationen","tag-industrielle-kultur-italien","tag-innovations-industrielles","tag-italian-car-manufacturers","tag-italienische-automobilhersteller","tag-market-conditions-automotive-sector","tag-marktbedingungen-automobilsektor","tag-nachhaltige-automobilproduktion","tag-numerisation-dans-lindustrie-automobile","tag-penurie-de-competences-dans-lindustrie-automobile","tag-production-automobile-durable","tag-production-automobile-europeenne","tag-ranieri-niccoli","tag-role-strategique-de-lindustrie-automobile","tag-skills-shortage-automotive-industry","tag-strategic-role-of-the-automotive-industry","tag-strategische-rolle-der-automobilindustrie","tag-sustainable-automotive-production","tag-technological-changes","tag-technologische-veraenderungen","tag-verbaende-der-automobilhersteller-english-automotive-industry","tag-zukunft-der-automobilindustrie"],"acf":[],"yoast_head":"<!-- This site is optimized with the Yoast SEO plugin v27.3 - https:\/\/yoast.com\/product\/yoast-seo-wordpress\/ -->\n<title>Niccoli nouveau pr\u00e9sident du groupe ANFIA - ITJ | International Transport Journal.<\/title>\n<meta name=\"robots\" content=\"index, follow, max-snippet:-1, max-image-preview:large, max-video-preview:-1\" \/>\n<link rel=\"canonical\" href=\"https:\/\/transportjournal.com\/fr\/2026\/01\/20\/niccoli-nouveau-president-du-groupe-anfia\/\" \/>\n<meta property=\"og:locale\" content=\"fr_FR\" \/>\n<meta property=\"og:type\" content=\"article\" \/>\n<meta property=\"og:title\" content=\"Niccoli nouveau pr\u00e9sident du groupe ANFIA - ITJ | International Transport Journal.\" \/>\n<meta property=\"og:description\" content=\"Ranieri Niccoli nomm\u00e9 pr\u00e9sident de l&#039;ANFIA souligne l&#039;importance des innovations pour l&#039;industrie automobile en Italie et en Europe\" \/>\n<meta property=\"og:url\" content=\"https:\/\/transportjournal.com\/fr\/2026\/01\/20\/niccoli-nouveau-president-du-groupe-anfia\/\" \/>\n<meta property=\"og:site_name\" content=\"ITJ | International Transport Journal\" \/>\n<meta property=\"article:published_time\" content=\"2026-01-20T14:27:48+00:00\" \/>\n<meta property=\"article:modified_time\" content=\"2026-01-20T19:41:26+00:00\" \/>\n<meta property=\"og:image\" content=\"https:\/\/transportjournal.com\/wp-content\/uploads\/sites\/2\/2026\/01\/Anfia-Foto_Ranieri_Niccoli_sito-aspect-ratio-1400-788.png\" \/>\n\t<meta property=\"og:image:width\" content=\"746\" \/>\n\t<meta property=\"og:image:height\" content=\"420\" \/>\n\t<meta property=\"og:image:type\" content=\"image\/png\" \/>\n<meta name=\"author\" content=\"Andreas Haug\" \/>\n<meta name=\"twitter:card\" content=\"summary_large_image\" \/>\n<meta name=\"twitter:label1\" content=\"\u00c9crit par\" \/>\n\t<meta name=\"twitter:data1\" content=\"Andreas Haug\" \/>\n\t<meta name=\"twitter:label2\" content=\"Dur\u00e9e de lecture estim\u00e9e\" \/>\n\t<meta name=\"twitter:data2\" content=\"1 minute\" \/>\n<script type=\"application\/ld+json\" class=\"yoast-schema-graph\">{\"@context\":\"https:\\\/\\\/schema.org\",\"@graph\":[{\"@type\":\"Article\",\"@id\":\"https:\\\/\\\/transportjournal.com\\\/fr\\\/2026\\\/01\\\/20\\\/niccoli-nouveau-president-du-groupe-anfia\\\/#article\",\"isPartOf\":{\"@id\":\"https:\\\/\\\/transportjournal.com\\\/fr\\\/2026\\\/01\\\/20\\\/niccoli-nouveau-president-du-groupe-anfia\\\/\"},\"author\":{\"name\":\"Andreas Haug\",\"@id\":\"https:\\\/\\\/transportjournal.com\\\/fr\\\/#\\\/schema\\\/person\\\/cf538b3157f15afd7589245a4b3dbd25\"},\"headline\":\"Niccoli nouveau pr\u00e9sident du groupe ANFIA\",\"datePublished\":\"2026-01-20T14:27:48+00:00\",\"dateModified\":\"2026-01-20T19:41:26+00:00\",\"mainEntityOfPage\":{\"@id\":\"https:\\\/\\\/transportjournal.com\\\/fr\\\/2026\\\/01\\\/20\\\/niccoli-nouveau-president-du-groupe-anfia\\\/\"},\"wordCount\":257,\"commentCount\":0,\"publisher\":{\"@id\":\"https:\\\/\\\/transportjournal.com\\\/fr\\\/#organization\"},\"image\":{\"@id\":\"https:\\\/\\\/transportjournal.com\\\/fr\\\/2026\\\/01\\\/20\\\/niccoli-nouveau-president-du-groupe-anfia\\\/#primaryimage\"},\"thumbnailUrl\":\"https:\\\/\\\/transportjournal.com\\\/wp-content\\\/uploads\\\/sites\\\/2\\\/2026\\\/01\\\/Anfia-Foto_Ranieri_Niccoli_sito-aspect-ratio-1400-788.png\",\"keywords\":[\"ANFIA\",\"associations de fabricants automobiles\",\"Automobili Lamborghini\",\"automotive manufacturers associations Fran\u00e7ais industrie automobile\",\"avenir de l'industrie automobile\",\"challenges in the automotive sector\",\"changements technologiques\",\"conditions du march\u00e9 du secteur automobile\",\"culture industrielle en Italie\",\"d\u00e9fis du secteur automobile\",\"Deutsch Automobilindustrie\",\"Digitalisierung in der Automobilindustrie\",\"digitalization in the automotive industry\",\"europ\u00e4ische Automobilproduktion\",\"European automotive production\",\"fabricants automobiles italiens\",\"Fachkr\u00e4ftemangel Automobilbranche\",\"future of the automotive industry\",\"Herausforderungen der Automobilbranche\",\"industrial culture in Italy\",\"industrial innovations\",\"industrielle Innovationen\",\"industrielle Kultur Italien\",\"innovations industrielles\",\"Italian car manufacturers\",\"italienische Automobilhersteller\",\"market conditions automotive sector\",\"Marktbedingungen Automobilsektor\",\"nachhaltige Automobilproduktion\",\"num\u00e9risation dans l'industrie automobile\",\"p\u00e9nurie de comp\u00e9tences dans l'industrie automobile\",\"production automobile durable\",\"production automobile europ\u00e9enne\",\"Ranieri Niccoli\",\"r\u00f4le strat\u00e9gique de l'industrie automobile\",\"skills shortage automotive industry\",\"strategic role of the automotive industry\",\"strategische Rolle der Automobilindustrie\",\"sustainable automotive production\",\"technological changes\",\"technologische Ver\u00e4nderungen\",\"Verb\u00e4nde der Automobilhersteller English automotive industry\",\"Zukunft der Automobilindustrie\"],\"articleSection\":[\"Exp\u00e9dition de fret et logistique\",\"L'Europe\",\"Personnes et entreprises\",\"R\u00e9gions\"],\"inLanguage\":\"fr-FR\",\"potentialAction\":[{\"@type\":\"CommentAction\",\"name\":\"Comment\",\"target\":[\"https:\\\/\\\/transportjournal.com\\\/fr\\\/2026\\\/01\\\/20\\\/niccoli-nouveau-president-du-groupe-anfia\\\/#respond\"]}]},{\"@type\":\"WebPage\",\"@id\":\"https:\\\/\\\/transportjournal.com\\\/fr\\\/2026\\\/01\\\/20\\\/niccoli-nouveau-president-du-groupe-anfia\\\/\",\"url\":\"https:\\\/\\\/transportjournal.com\\\/fr\\\/2026\\\/01\\\/20\\\/niccoli-nouveau-president-du-groupe-anfia\\\/\",\"name\":\"Niccoli nouveau pr\u00e9sident du groupe ANFIA - ITJ | International Transport Journal.\",\"isPartOf\":{\"@id\":\"https:\\\/\\\/transportjournal.com\\\/fr\\\/#website\"},\"primaryImageOfPage\":{\"@id\":\"https:\\\/\\\/transportjournal.com\\\/fr\\\/2026\\\/01\\\/20\\\/niccoli-nouveau-president-du-groupe-anfia\\\/#primaryimage\"},\"image\":{\"@id\":\"https:\\\/\\\/transportjournal.com\\\/fr\\\/2026\\\/01\\\/20\\\/niccoli-nouveau-president-du-groupe-anfia\\\/#primaryimage\"},\"thumbnailUrl\":\"https:\\\/\\\/transportjournal.com\\\/wp-content\\\/uploads\\\/sites\\\/2\\\/2026\\\/01\\\/Anfia-Foto_Ranieri_Niccoli_sito-aspect-ratio-1400-788.png\",\"datePublished\":\"2026-01-20T14:27:48+00:00\",\"dateModified\":\"2026-01-20T19:41:26+00:00\",\"breadcrumb\":{\"@id\":\"https:\\\/\\\/transportjournal.com\\\/fr\\\/2026\\\/01\\\/20\\\/niccoli-nouveau-president-du-groupe-anfia\\\/#breadcrumb\"},\"inLanguage\":\"fr-FR\",\"potentialAction\":[{\"@type\":\"ReadAction\",\"target\":[\"https:\\\/\\\/transportjournal.com\\\/fr\\\/2026\\\/01\\\/20\\\/niccoli-nouveau-president-du-groupe-anfia\\\/\"]}]},{\"@type\":\"ImageObject\",\"inLanguage\":\"fr-FR\",\"@id\":\"https:\\\/\\\/transportjournal.com\\\/fr\\\/2026\\\/01\\\/20\\\/niccoli-nouveau-president-du-groupe-anfia\\\/#primaryimage\",\"url\":\"https:\\\/\\\/transportjournal.com\\\/wp-content\\\/uploads\\\/sites\\\/2\\\/2026\\\/01\\\/Anfia-Foto_Ranieri_Niccoli_sito-aspect-ratio-1400-788.png\",\"contentUrl\":\"https:\\\/\\\/transportjournal.com\\\/wp-content\\\/uploads\\\/sites\\\/2\\\/2026\\\/01\\\/Anfia-Foto_Ranieri_Niccoli_sito-aspect-ratio-1400-788.png\",\"width\":746,\"height\":420},{\"@type\":\"BreadcrumbList\",\"@id\":\"https:\\\/\\\/transportjournal.com\\\/fr\\\/2026\\\/01\\\/20\\\/niccoli-nouveau-president-du-groupe-anfia\\\/#breadcrumb\",\"itemListElement\":[{\"@type\":\"ListItem\",\"position\":1,\"name\":\"Startseite\",\"item\":\"https:\\\/\\\/transportjournal.com\\\/fr\\\/\"},{\"@type\":\"ListItem\",\"position\":2,\"name\":\"Niccoli nouveau pr\u00e9sident du groupe ANFIA\"}]},{\"@type\":\"WebSite\",\"@id\":\"https:\\\/\\\/transportjournal.com\\\/fr\\\/#website\",\"url\":\"https:\\\/\\\/transportjournal.com\\\/fr\\\/\",\"name\":\"ITJ | International Transport Journal\",\"description\":\"Restez inform\u00e9 des derni\u00e8res nouvelles mondiales dans les secteurs du transport, de la logistique et de la cha\u00eene d'approvisionnement. Transport Journal fournit des informations d'experts, des analyses et des mises \u00e0 jour sur le transport maritime, l'aviation, l'intermodalit\u00e9 et l'exp\u00e9dition. \",\"publisher\":{\"@id\":\"https:\\\/\\\/transportjournal.com\\\/fr\\\/#organization\"},\"potentialAction\":[{\"@type\":\"SearchAction\",\"target\":{\"@type\":\"EntryPoint\",\"urlTemplate\":\"https:\\\/\\\/transportjournal.com\\\/fr\\\/?s={search_term_string}\"},\"query-input\":{\"@type\":\"PropertyValueSpecification\",\"valueRequired\":true,\"valueName\":\"search_term_string\"}}],\"inLanguage\":\"fr-FR\"},{\"@type\":\"Organization\",\"@id\":\"https:\\\/\\\/transportjournal.com\\\/fr\\\/#organization\",\"name\":\"Groupe Logismedia AG\",\"alternateName\":\"Logismedia Group AG\",\"url\":\"https:\\\/\\\/transportjournal.com\\\/fr\\\/\",\"logo\":{\"@type\":\"ImageObject\",\"inLanguage\":\"fr-FR\",\"@id\":\"https:\\\/\\\/transportjournal.com\\\/fr\\\/#\\\/schema\\\/logo\\\/image\\\/\",\"url\":\"https:\\\/\\\/transportjournal.com\\\/wp-content\\\/uploads\\\/sites\\\/2\\\/2025\\\/09\\\/Logo_ITJ.png\",\"contentUrl\":\"https:\\\/\\\/transportjournal.com\\\/wp-content\\\/uploads\\\/sites\\\/2\\\/2025\\\/09\\\/Logo_ITJ.png\",\"width\":799,\"height\":326,\"caption\":\"Groupe Logismedia AG\"},\"image\":{\"@id\":\"https:\\\/\\\/transportjournal.com\\\/fr\\\/#\\\/schema\\\/logo\\\/image\\\/\"},\"sameAs\":[\"https:\\\/\\\/www.linkedin.com\\\/company\\\/56456496\\\/admin\\\/dashboard\\\/\",\"https:\\\/\\\/www.instagram.com\\\/logismediagroup\\\/\",\"https:\\\/\\\/www.youtube.com\\\/@LogiamediaGroupAG\"]},{\"@type\":\"Person\",\"@id\":\"https:\\\/\\\/transportjournal.com\\\/fr\\\/#\\\/schema\\\/person\\\/cf538b3157f15afd7589245a4b3dbd25\",\"name\":\"Andreas Haug\",\"url\":\"https:\\\/\\\/transportjournal.com\\\/fr\\\/author\\\/andreas\\\/\"}]}<\/script>\n<!-- \/ Yoast SEO plugin. -->","yoast_head_json":{"title":"Niccoli nouveau pr\u00e9sident du groupe ANFIA - ITJ | International Transport Journal.","robots":{"index":"index","follow":"follow","max-snippet":"max-snippet:-1","max-image-preview":"max-image-preview:large","max-video-preview":"max-video-preview:-1"},"canonical":"https:\/\/transportjournal.com\/fr\/2026\/01\/20\/niccoli-nouveau-president-du-groupe-anfia\/","og_locale":"fr_FR","og_type":"article","og_title":"Niccoli nouveau pr\u00e9sident du groupe ANFIA - ITJ | International Transport Journal.","og_description":"Ranieri Niccoli nomm\u00e9 pr\u00e9sident de l'ANFIA souligne l'importance des innovations pour l'industrie automobile en Italie et en Europe","og_url":"https:\/\/transportjournal.com\/fr\/2026\/01\/20\/niccoli-nouveau-president-du-groupe-anfia\/","og_site_name":"ITJ | International Transport Journal","article_published_time":"2026-01-20T14:27:48+00:00","article_modified_time":"2026-01-20T19:41:26+00:00","og_image":[{"width":746,"height":420,"url":"https:\/\/transportjournal.com\/wp-content\/uploads\/sites\/2\/2026\/01\/Anfia-Foto_Ranieri_Niccoli_sito-aspect-ratio-1400-788.png","type":"image\/png"}],"author":"Andreas Haug","twitter_card":"summary_large_image","twitter_misc":{"\u00c9crit par":"Andreas Haug","Dur\u00e9e de lecture estim\u00e9e":"1 minute"},"schema":{"@context":"https:\/\/schema.org","@graph":[{"@type":"Article","@id":"https:\/\/transportjournal.com\/fr\/2026\/01\/20\/niccoli-nouveau-president-du-groupe-anfia\/#article","isPartOf":{"@id":"https:\/\/transportjournal.com\/fr\/2026\/01\/20\/niccoli-nouveau-president-du-groupe-anfia\/"},"author":{"name":"Andreas Haug","@id":"https:\/\/transportjournal.com\/fr\/#\/schema\/person\/cf538b3157f15afd7589245a4b3dbd25"},"headline":"Niccoli nouveau pr\u00e9sident du groupe ANFIA","datePublished":"2026-01-20T14:27:48+00:00","dateModified":"2026-01-20T19:41:26+00:00","mainEntityOfPage":{"@id":"https:\/\/transportjournal.com\/fr\/2026\/01\/20\/niccoli-nouveau-president-du-groupe-anfia\/"},"wordCount":257,"commentCount":0,"publisher":{"@id":"https:\/\/transportjournal.com\/fr\/#organization"},"image":{"@id":"https:\/\/transportjournal.com\/fr\/2026\/01\/20\/niccoli-nouveau-president-du-groupe-anfia\/#primaryimage"},"thumbnailUrl":"https:\/\/transportjournal.com\/wp-content\/uploads\/sites\/2\/2026\/01\/Anfia-Foto_Ranieri_Niccoli_sito-aspect-ratio-1400-788.png","keywords":["ANFIA","associations de fabricants automobiles","Automobili Lamborghini","automotive manufacturers associations Fran\u00e7ais industrie automobile","avenir de l'industrie automobile","challenges in the automotive sector","changements technologiques","conditions du march\u00e9 du secteur automobile","culture industrielle en Italie","d\u00e9fis du secteur automobile","Deutsch Automobilindustrie","Digitalisierung in der Automobilindustrie","digitalization in the automotive industry","europ\u00e4ische Automobilproduktion","European automotive production","fabricants automobiles italiens","Fachkr\u00e4ftemangel Automobilbranche","future of the automotive industry","Herausforderungen der Automobilbranche","industrial culture in Italy","industrial innovations","industrielle Innovationen","industrielle Kultur Italien","innovations industrielles","Italian car manufacturers","italienische Automobilhersteller","market conditions automotive sector","Marktbedingungen Automobilsektor","nachhaltige Automobilproduktion","num\u00e9risation dans l'industrie automobile","p\u00e9nurie de comp\u00e9tences dans l'industrie automobile","production automobile durable","production automobile europ\u00e9enne","Ranieri Niccoli","r\u00f4le strat\u00e9gique de l'industrie automobile","skills shortage automotive industry","strategic role of the automotive industry","strategische Rolle der Automobilindustrie","sustainable automotive production","technological changes","technologische Ver\u00e4nderungen","Verb\u00e4nde der Automobilhersteller English automotive industry","Zukunft der Automobilindustrie"],"articleSection":["Exp\u00e9dition de fret et logistique","L'Europe","Personnes et entreprises","R\u00e9gions"],"inLanguage":"fr-FR","potentialAction":[{"@type":"CommentAction","name":"Comment","target":["https:\/\/transportjournal.com\/fr\/2026\/01\/20\/niccoli-nouveau-president-du-groupe-anfia\/#respond"]}]},{"@type":"WebPage","@id":"https:\/\/transportjournal.com\/fr\/2026\/01\/20\/niccoli-nouveau-president-du-groupe-anfia\/","url":"https:\/\/transportjournal.com\/fr\/2026\/01\/20\/niccoli-nouveau-president-du-groupe-anfia\/","name":"Niccoli nouveau pr\u00e9sident du groupe ANFIA - ITJ | International Transport Journal.","isPartOf":{"@id":"https:\/\/transportjournal.com\/fr\/#website"},"primaryImageOfPage":{"@id":"https:\/\/transportjournal.com\/fr\/2026\/01\/20\/niccoli-nouveau-president-du-groupe-anfia\/#primaryimage"},"image":{"@id":"https:\/\/transportjournal.com\/fr\/2026\/01\/20\/niccoli-nouveau-president-du-groupe-anfia\/#primaryimage"},"thumbnailUrl":"https:\/\/transportjournal.com\/wp-content\/uploads\/sites\/2\/2026\/01\/Anfia-Foto_Ranieri_Niccoli_sito-aspect-ratio-1400-788.png","datePublished":"2026-01-20T14:27:48+00:00","dateModified":"2026-01-20T19:41:26+00:00","breadcrumb":{"@id":"https:\/\/transportjournal.com\/fr\/2026\/01\/20\/niccoli-nouveau-president-du-groupe-anfia\/#breadcrumb"},"inLanguage":"fr-FR","potentialAction":[{"@type":"ReadAction","target":["https:\/\/transportjournal.com\/fr\/2026\/01\/20\/niccoli-nouveau-president-du-groupe-anfia\/"]}]},{"@type":"ImageObject","inLanguage":"fr-FR","@id":"https:\/\/transportjournal.com\/fr\/2026\/01\/20\/niccoli-nouveau-president-du-groupe-anfia\/#primaryimage","url":"https:\/\/transportjournal.com\/wp-content\/uploads\/sites\/2\/2026\/01\/Anfia-Foto_Ranieri_Niccoli_sito-aspect-ratio-1400-788.png","contentUrl":"https:\/\/transportjournal.com\/wp-content\/uploads\/sites\/2\/2026\/01\/Anfia-Foto_Ranieri_Niccoli_sito-aspect-ratio-1400-788.png","width":746,"height":420},{"@type":"BreadcrumbList","@id":"https:\/\/transportjournal.com\/fr\/2026\/01\/20\/niccoli-nouveau-president-du-groupe-anfia\/#breadcrumb","itemListElement":[{"@type":"ListItem","position":1,"name":"Startseite","item":"https:\/\/transportjournal.com\/fr\/"},{"@type":"ListItem","position":2,"name":"Niccoli nouveau pr\u00e9sident du groupe ANFIA"}]},{"@type":"WebSite","@id":"https:\/\/transportjournal.com\/fr\/#website","url":"https:\/\/transportjournal.com\/fr\/","name":"ITJ | International Transport Journal","description":"Restez inform\u00e9 des derni\u00e8res nouvelles mondiales dans les secteurs du transport, de la logistique et de la cha\u00eene d'approvisionnement. Transport Journal fournit des informations d'experts, des analyses et des mises \u00e0 jour sur le transport maritime, l'aviation, l'intermodalit\u00e9 et l'exp\u00e9dition. ","publisher":{"@id":"https:\/\/transportjournal.com\/fr\/#organization"},"potentialAction":[{"@type":"SearchAction","target":{"@type":"EntryPoint","urlTemplate":"https:\/\/transportjournal.com\/fr\/?s={search_term_string}"},"query-input":{"@type":"PropertyValueSpecification","valueRequired":true,"valueName":"search_term_string"}}],"inLanguage":"fr-FR"},{"@type":"Organization","@id":"https:\/\/transportjournal.com\/fr\/#organization","name":"Groupe Logismedia AG","alternateName":"Logismedia Group AG","url":"https:\/\/transportjournal.com\/fr\/","logo":{"@type":"ImageObject","inLanguage":"fr-FR","@id":"https:\/\/transportjournal.com\/fr\/#\/schema\/logo\/image\/","url":"https:\/\/transportjournal.com\/wp-content\/uploads\/sites\/2\/2025\/09\/Logo_ITJ.png","contentUrl":"https:\/\/transportjournal.com\/wp-content\/uploads\/sites\/2\/2025\/09\/Logo_ITJ.png","width":799,"height":326,"caption":"Groupe Logismedia AG"},"image":{"@id":"https:\/\/transportjournal.com\/fr\/#\/schema\/logo\/image\/"},"sameAs":["https:\/\/www.linkedin.com\/company\/56456496\/admin\/dashboard\/","https:\/\/www.instagram.com\/logismediagroup\/","https:\/\/www.youtube.com\/@LogiamediaGroupAG"]},{"@type":"Person","@id":"https:\/\/transportjournal.com\/fr\/#\/schema\/person\/cf538b3157f15afd7589245a4b3dbd25","name":"Andreas Haug","url":"https:\/\/transportjournal.com\/fr\/author\/andreas\/"}]}},"_links":{"self":[{"href":"https:\/\/transportjournal.com\/fr\/wp-json\/wp\/v2\/posts\/73617","targetHints":{"allow":["GET"]}}],"collection":[{"href":"https:\/\/transportjournal.com\/fr\/wp-json\/wp\/v2\/posts"}],"about":[{"href":"https:\/\/transportjournal.com\/fr\/wp-json\/wp\/v2\/types\/post"}],"author":[{"embeddable":true,"href":"https:\/\/transportjournal.com\/fr\/wp-json\/wp\/v2\/users\/12"}],"replies":[{"embeddable":true,"href":"https:\/\/transportjournal.com\/fr\/wp-json\/wp\/v2\/comments?post=73617"}],"version-history":[{"count":1,"href":"https:\/\/transportjournal.com\/fr\/wp-json\/wp\/v2\/posts\/73617\/revisions"}],"predecessor-version":[{"id":73732,"href":"https:\/\/transportjournal.com\/fr\/wp-json\/wp\/v2\/posts\/73617\/revisions\/73732"}],"wp:featuredmedia":[{"embeddable":true,"href":"https:\/\/transportjournal.com\/fr\/wp-json\/wp\/v2\/media\/73615"}],"wp:attachment":[{"href":"https:\/\/transportjournal.com\/fr\/wp-json\/wp\/v2\/media?parent=73617"}],"wp:term":[{"taxonomy":"category","embeddable":true,"href":"https:\/\/transportjournal.com\/fr\/wp-json\/wp\/v2\/categories?post=73617"},{"taxonomy":"post_tag","embeddable":true,"href":"https:\/\/transportjournal.com\/fr\/wp-json\/wp\/v2\/tags?post=73617"}],"curies":[{"name":"wp","href":"https:\/\/api.w.org\/{rel}","templated":true}]}}